{"id":952,"date":"2015-07-09T10:26:39","date_gmt":"2015-07-09T09:26:39","guid":{"rendered":"http:\/\/tugesto.com\/blog\/?p=952"},"modified":"2024-05-22T09:00:22","modified_gmt":"2024-05-22T07:00:22","slug":"subsidio-desempleo-requisitos","status":"publish","type":"post","link":"https:\/\/tugesto.com\/blog\/subsidio-desempleo-requisitos\/","title":{"rendered":"Requisitos para cobrar subsidio por desempleo"},"content":{"rendered":"\t\t<div data-elementor-type=\"wp-post\" data-elementor-id=\"952\" class=\"elementor elementor-952\" data-elementor-post-type=\"post\">\n\t\t\t\t\t\t<section class=\"elementor-section elementor-top-section elementor-element elementor-element-74032600 elementor-section-boxed elementor-section-height-default elementor-section-height-default\" data-id=\"74032600\" data-element_type=\"section\" data-e-type=\"section\">\n\t\t\t\t\t\t<div class=\"elementor-container elementor-column-gap-default\">\n\t\t\t\t\t<div class=\"elementor-column elementor-col-100 elementor-top-column elementor-element elementor-element-572e50bd\" data-id=\"572e50bd\" data-element_type=\"column\" data-e-type=\"column\">\n\t\t\t<div class=\"elementor-widget-wrap elementor-element-populated\">\n\t\t\t\t\t\t<div class=\"elementor-element elementor-element-7cf5f4ac elementor-widget elementor-widget-text-editor\" data-id=\"7cf5f4ac\" data-element_type=\"widget\" data-e-type=\"widget\" data-widget_type=\"text-editor.default\">\n\t\t\t\t<div class=\"elementor-widget-container\">\n\t\t\t\t\t\t\t\t\t<p style=\"text-align: justify;\">La realidad sobre las ayudas o subsidios por desempleo es que siempre hay que cumplir una serie de requisitos en mayor o menor grado. Asimismo, no hay que confundir la ayuda o el subsidio con la prestaci\u00f3n contributiva, que es lo que conocemos como la prestaci\u00f3n por desempleo de toda la vida. <strong>En este post en concreto te contamos los requisitos para cobrar el subsidio por desempleo<\/strong>.<\/p><p style=\"text-align: justify;\">Como norma general, <strong>para conocer cu\u00e1l es la renta m\u00e1xima para cobrar ayudas por desempleo hay que guiarse por el Salario M\u00ednimo Interprofesional<\/strong>. De esa manera, no se puede superar el 75% del SIM. Si adem\u00e1s eres aut\u00f3nomo puedes solicitar otra ayuda, <a title=\"Aut\u00f3nomo, solicita la bonificaci\u00f3n para conciliar tu vida familiar y profesional\" href=\"https:\/\/tugesto.com\/blog\/autonomo-solicita-la-bonificacion-para-conciliar-tu-vida-familiar-y-profesional\/\" target=\"_blank\" rel=\"noopener\">la bonificaci\u00f3n para conciliar tu vida familiar y profesional<\/a>.<\/p><p><a href=\"http:\/\/tugesto.com\/software-portal-empleado\/\" target=\"_blank\" rel=\"noopener\"><img fetchpriority=\"high\" decoding=\"async\" class=\"aligncenter wp-image-26747 size-full\" src=\"https:\/\/tugesto.com\/blog\/wp-content\/uploads\/2023\/02\/Portal-empleado-laboral.png\" alt=\"Portal del empleado\" width=\"800\" height=\"241\" srcset=\"https:\/\/tugesto.com\/blog\/wp-content\/uploads\/2023\/02\/Portal-empleado-laboral.png 800w, https:\/\/tugesto.com\/blog\/wp-content\/uploads\/2023\/02\/Portal-empleado-laboral-300x90.png 300w, https:\/\/tugesto.com\/blog\/wp-content\/uploads\/2023\/02\/Portal-empleado-laboral-768x231.png 768w\" sizes=\"(max-width: 800px) 100vw, 800px\" \/><\/a><\/p><p style=\"text-align: justify;\">Pero, y si quiero solicitar la ayuda o el subsidio por desempleo y tengo alg\u00fan tipo de ingreso&#8230;<\/p><h2 style=\"text-align: justify;\">\u00bfQu\u00e9 ingresos no se van a considerar rentas?<\/h2><p style=\"text-align: justify;\">Te mostramos en 7 puntos las <strong>retribuciones que no cuentan como rentas y que se pueden combinar con ayudas y subsidios por desempleo<\/strong>:<\/p><ol style=\"text-align: justify;\"><li>Las <strong>asignaciones de la Seguridad Social por hijos a cargo<\/strong>.<\/li><li>El <strong>importe de las cuotas destinadas a la financiaci\u00f3n del Convenio Especial<\/strong> con la Administraci\u00f3n de la Seguridad Social.<\/li><li>Las <strong>prestaciones por desempleo del solicitante<\/strong>.<\/li><li>El <strong>importe de la indemnizaci\u00f3n legal por la extinci\u00f3n del contrato<\/strong> de trabajo.<\/li><li>Los <strong>salarios de trabajos de colaboraci\u00f3n social y de trabajos compatibles con Programas de Fomento de Empleo<\/strong>.<\/li><li>El cobro anticipado de <strong>la deducci\u00f3n fiscal a la mujer trabajadora por hijos menores de 3 a\u00f1os<\/strong>.<\/li><li>En caso de la <strong>renta agraria y del subsidio para trabajadores eventuales del <a title=\"R\u00e9gimen Especial Agrario \" href=\"http:\/\/www.seg-social.es\/Internet_1\/Trabajadores\/CotizacionRecaudaci10777\/Regimenes\/RegimenGeneraldelaS10957\/REA\/REA\/index.htm\" target=\"_blank\" rel=\"noopener noreferrer\">R\u00e9gimen Especial Agrario<\/a><\/strong>, los ingresos derivados del trabajo como empleados agrarios por cuenta ajena fijo discontinuo, inferiores a seis veces el Salario M\u00ednimo Interprofesional tampoco se contar\u00eda como renta.<\/li><\/ol><h2>Toma nota de los requisitos para cobrar el subsidio por desempleo<\/h2><p style=\"text-align: justify;\">Por otro lado, vamos a detallar lo que s\u00ed se consideran rentas con el objetivo de que puedas conocer si eres el candidato id\u00f3neo para solicitar una ayuda por desempleo.<\/p><h3>Rendimientos del trabajo<\/h3><p>Incluyen las rentas brutas del trabajo por cuenta ajena, becas u otras ayudas similares.<\/p><h3>Pensiones y prestaciones<\/h3><p>Se consideran rentas los ingresos brutos de todo tipo de prestaciones y pensiones, (pensiones de la Seguridad Social) y tambi\u00e9n las pensiones alimenticias, los salarios sociales&#8230;<\/p><p><a href=\"http:\/\/tugesto.com\/programa-contabilidad\" target=\"_blank\" rel=\"noopener\"><img decoding=\"async\" class=\"alignnone wp-image-14762 size-full\" src=\"https:\/\/tugesto.com\/blog\/wp-content\/uploads\/2020\/01\/asesoria_contable_tugesto.jpg\" alt=\"Con tugesto las facturas se contabilizan autom\u00e1ticamente\" width=\"800\" height=\"241\" srcset=\"https:\/\/tugesto.com\/blog\/wp-content\/uploads\/2020\/01\/asesoria_contable_tugesto.jpg 800w, https:\/\/tugesto.com\/blog\/wp-content\/uploads\/2020\/01\/asesoria_contable_tugesto-300x90.jpg 300w, https:\/\/tugesto.com\/blog\/wp-content\/uploads\/2020\/01\/asesoria_contable_tugesto-768x231.jpg 768w\" sizes=\"(max-width: 800px) 100vw, 800px\" \/><\/a><\/p><h3>Rentas del capital mobiliario<\/h3><p>Incluyen los rendimientos brutos de las distintas cuentas bancarias e inversiones financieras (acciones, obligaciones, etc.)<\/p><h3>Rentas del capital inmobiliario<\/h3><p>Incluyen los rendimientos brutos de los bienes inmuebles arrendados y las imputaciones de rentas de aquellos no arrendados, diferentes de la vivienda actual.<\/p><h3>Rentas de actividades econ\u00f3micas, profesionales, empresariales o agrarias<\/h3><p>Se computa como rentas el rendimiento neto reducido de los distintos tipos de actividades<\/p><h3>Las rentas de plusval\u00edas o las ganancias patrimoniales<\/h3><p>Estas rentas ser\u00edan derivadas de la venta de bienes mobiliarios, premios de loter\u00edas o las que provengan de la venta de bienes inmuebles.<\/p><h3>El rendimiento presunto de aquellos bienes del patrimonio<\/h3><p>Se computar\u00e1 el rendimiento mensual presunto que resulte de aplicar el 100% del tipo de inter\u00e9s legal del dinero vigente sobre el valor del bien.<\/p><p style=\"text-align: justify;\">Si despu\u00e9s de leer el post a\u00fan tienes dudas respecto a si tienes derecho a obtener alg\u00fan tipo de ayuda por desempleo o subsidio, no te preocupes.<\/p><p style=\"text-align: justify;\">Desde tugesto contamos con un equipo de abogados y asesores online que pone a tu disposici\u00f3n el servicio de <a title=\"Asesor\u00eda laboral online\/ Despacho de abogados \" href=\"https:\/\/tugesto.com\/asesoria-legal\/\" target=\"_blank\" rel=\"noopener noreferrer\">asesor\u00eda laboral<\/a> y estudia tu caso de forma personalizada. <strong>Pregunta sin compromiso<\/strong>.<\/p>\t\t\t\t\t\t\t\t<\/div>\n\t\t\t\t<\/div>\n\t\t\t\t\t<\/div>\n\t\t<\/div>\n\t\t\t\t\t<\/div>\n\t\t<\/section>\n\t\t\t\t<\/div>\n\t\t","protected":false},"excerpt":{"rendered":"<p>La realidad sobre las ayudas o subsidios por desempleo es que siempre hay que cumplir una serie de requisitos en mayor o menor grado. Asimismo, no hay que confundir la ayuda o el subsidio con la prestaci\u00f3n contributiva, que es lo que conocemos como la prestaci\u00f3n por desempleo de toda la vida. En este post [&hellip;]<\/p>\n","protected":false},"author":11,"featured_media":953,"comment_status":"open","ping_status":"open","sticky":false,"template":"","format":"image","meta":{"_eb_attr":"","content-type":"","footnotes":""},"categories":[45],"tags":[36,38],"ppma_author":[1497],"class_list":["post-952","post","type-post","status-publish","format-image","has-post-thumbnail","hentry","category-laboral","tag-autonomos","tag-pymes","post_format-post-format-image"],"yoast_head":"<!-- This site is optimized with the Yoast SEO plugin v27.5 - https:\/\/yoast.com\/product\/yoast-seo-wordpress\/ -->\n<title>Requisitos para cobrar subsidio por desempleo | tugesto<\/title>\n<meta name=\"description\" content=\"Toma nota de los requisitos para cobrar subsidio por desempleo, fundamental para saber si eres o no el candidato\/a perfecto\/a\" \/>\n<meta name=\"robots\" content=\"index, follow, max-snippet:-1, max-image-preview:large, max-video-preview:-1\" \/>\n<link rel=\"canonical\" href=\"https:\/\/tugesto.com\/blog\/subsidio-desempleo-requisitos\/\" \/>\n<meta property=\"og:locale\" content=\"es_ES\" \/>\n<meta property=\"og:type\" content=\"article\" \/>\n<meta property=\"og:title\" content=\"Requisitos para cobrar subsidio por desempleo | tugesto\" \/>\n<meta property=\"og:description\" content=\"Toma nota de los requisitos para cobrar subsidio por desempleo, fundamental para saber si eres o no el candidato\/a perfecto\/a\" \/>\n<meta property=\"og:url\" content=\"https:\/\/tugesto.com\/blog\/subsidio-desempleo-requisitos\/\" \/>\n<meta property=\"og:site_name\" content=\"Blog: \u00a1Aprende a emprender! | tugesto\" \/>\n<meta property=\"article:publisher\" content=\"https:\/\/www.facebook.com\/tugesto\/\" \/>\n<meta property=\"article:published_time\" content=\"2015-07-09T09:26:39+00:00\" \/>\n<meta property=\"article:modified_time\" content=\"2024-05-22T07:00:22+00:00\" \/>\n<meta property=\"og:image\" content=\"https:\/\/tugesto.com\/blog\/wp-content\/uploads\/2015\/07\/subsidio-desempleo-requisitos.jpg\" \/>\n\t<meta property=\"og:image:width\" content=\"700\" \/>\n\t<meta property=\"og:image:height\" content=\"329\" \/>\n\t<meta property=\"og:image:type\" content=\"image\/jpeg\" \/>\n<meta name=\"author\" content=\"Nerea Moreno\" \/>\n<meta name=\"twitter:card\" content=\"summary_large_image\" \/>\n<meta name=\"twitter:label1\" content=\"Escrito por\" \/>\n\t<meta name=\"twitter:data1\" content=\"Nerea Moreno\" \/>\n\t<meta name=\"twitter:label2\" content=\"Tiempo de lectura\" \/>\n\t<meta name=\"twitter:data2\" content=\"4 minutos\" \/>\n<script type=\"application\/ld+json\" class=\"yoast-schema-graph\">{\"@context\":\"https:\\\/\\\/schema.org\",\"@graph\":[{\"@type\":\"Article\",\"@id\":\"https:\\\/\\\/tugesto.com\\\/blog\\\/subsidio-desempleo-requisitos\\\/#article\",\"isPartOf\":{\"@id\":\"https:\\\/\\\/tugesto.com\\\/blog\\\/subsidio-desempleo-requisitos\\\/\"},\"author\":{\"name\":\"Nerea Moreno\",\"@id\":\"https:\\\/\\\/tugesto.com\\\/blog\\\/#\\\/schema\\\/person\\\/1d79d9711eecb4874b4576dfbf50e267\"},\"headline\":\"Requisitos para cobrar subsidio por desempleo\",\"datePublished\":\"2015-07-09T09:26:39+00:00\",\"dateModified\":\"2024-05-22T07:00:22+00:00\",\"mainEntityOfPage\":{\"@id\":\"https:\\\/\\\/tugesto.com\\\/blog\\\/subsidio-desempleo-requisitos\\\/\"},\"wordCount\":601,\"commentCount\":0,\"publisher\":{\"@id\":\"https:\\\/\\\/tugesto.com\\\/blog\\\/#organization\"},\"image\":{\"@id\":\"https:\\\/\\\/tugesto.com\\\/blog\\\/subsidio-desempleo-requisitos\\\/#primaryimage\"},\"thumbnailUrl\":\"https:\\\/\\\/tugesto.com\\\/blog\\\/wp-content\\\/uploads\\\/2015\\\/07\\\/subsidio-desempleo-requisitos.jpg\",\"keywords\":[\"aut\u00f3nomos\",\"pymes\"],\"articleSection\":[\"Laboral\"],\"inLanguage\":\"es\",\"potentialAction\":[{\"@type\":\"CommentAction\",\"name\":\"Comment\",\"target\":[\"https:\\\/\\\/tugesto.com\\\/blog\\\/subsidio-desempleo-requisitos\\\/#respond\"]}]},{\"@type\":\"WebPage\",\"@id\":\"https:\\\/\\\/tugesto.com\\\/blog\\\/subsidio-desempleo-requisitos\\\/\",\"url\":\"https:\\\/\\\/tugesto.com\\\/blog\\\/subsidio-desempleo-requisitos\\\/\",\"name\":\"Requisitos para cobrar subsidio por desempleo | tugesto\",\"isPartOf\":{\"@id\":\"https:\\\/\\\/tugesto.com\\\/blog\\\/#website\"},\"primaryImageOfPage\":{\"@id\":\"https:\\\/\\\/tugesto.com\\\/blog\\\/subsidio-desempleo-requisitos\\\/#primaryimage\"},\"image\":{\"@id\":\"https:\\\/\\\/tugesto.com\\\/blog\\\/subsidio-desempleo-requisitos\\\/#primaryimage\"},\"thumbnailUrl\":\"https:\\\/\\\/tugesto.com\\\/blog\\\/wp-content\\\/uploads\\\/2015\\\/07\\\/subsidio-desempleo-requisitos.jpg\",\"datePublished\":\"2015-07-09T09:26:39+00:00\",\"dateModified\":\"2024-05-22T07:00:22+00:00\",\"description\":\"Toma nota de los requisitos para cobrar subsidio por desempleo, fundamental para saber si eres o no el candidato\\\/a perfecto\\\/a\",\"breadcrumb\":{\"@id\":\"https:\\\/\\\/tugesto.com\\\/blog\\\/subsidio-desempleo-requisitos\\\/#breadcrumb\"},\"inLanguage\":\"es\",\"potentialAction\":[{\"@type\":\"ReadAction\",\"target\":[\"https:\\\/\\\/tugesto.com\\\/blog\\\/subsidio-desempleo-requisitos\\\/\"]}]},{\"@type\":\"ImageObject\",\"inLanguage\":\"es\",\"@id\":\"https:\\\/\\\/tugesto.com\\\/blog\\\/subsidio-desempleo-requisitos\\\/#primaryimage\",\"url\":\"https:\\\/\\\/tugesto.com\\\/blog\\\/wp-content\\\/uploads\\\/2015\\\/07\\\/subsidio-desempleo-requisitos.jpg\",\"contentUrl\":\"https:\\\/\\\/tugesto.com\\\/blog\\\/wp-content\\\/uploads\\\/2015\\\/07\\\/subsidio-desempleo-requisitos.jpg\",\"width\":700,\"height\":329,\"caption\":\"Te contamos los pasos a seguir para poder optar a esta serie de ayudas por desempleo\"},{\"@type\":\"BreadcrumbList\",\"@id\":\"https:\\\/\\\/tugesto.com\\\/blog\\\/subsidio-desempleo-requisitos\\\/#breadcrumb\",\"itemListElement\":[{\"@type\":\"ListItem\",\"position\":1,\"name\":\"Home\",\"item\":\"https:\\\/\\\/tugesto.com\\\/blog\\\/\"},{\"@type\":\"ListItem\",\"position\":2,\"name\":\"Laboral\",\"item\":\"https:\\\/\\\/tugesto.com\\\/blog\\\/category\\\/laboral\\\/\"},{\"@type\":\"ListItem\",\"position\":3,\"name\":\"Requisitos para cobrar subsidio por desempleo\"}]},{\"@type\":\"WebSite\",\"@id\":\"https:\\\/\\\/tugesto.com\\\/blog\\\/#website\",\"url\":\"https:\\\/\\\/tugesto.com\\\/blog\\\/\",\"name\":\"Blog tugesto\",\"description\":\"\ud83d\udcda Blog especializado para aut\u00f3nomos y pymes. Encuentra semanalmente nuevos posts, recursos y gu\u00edas. La ayuda que necesitas para tu negocio.\",\"publisher\":{\"@id\":\"https:\\\/\\\/tugesto.com\\\/blog\\\/#organization\"},\"potentialAction\":[{\"@type\":\"SearchAction\",\"target\":{\"@type\":\"EntryPoint\",\"urlTemplate\":\"https:\\\/\\\/tugesto.com\\\/blog\\\/?s={search_term_string}\"},\"query-input\":{\"@type\":\"PropertyValueSpecification\",\"valueRequired\":true,\"valueName\":\"search_term_string\"}}],\"inLanguage\":\"es\"},{\"@type\":\"Organization\",\"@id\":\"https:\\\/\\\/tugesto.com\\\/blog\\\/#organization\",\"name\":\"tugesto\",\"url\":\"https:\\\/\\\/tugesto.com\\\/blog\\\/\",\"logo\":{\"@type\":\"ImageObject\",\"inLanguage\":\"es\",\"@id\":\"https:\\\/\\\/tugesto.com\\\/blog\\\/#\\\/schema\\\/logo\\\/image\\\/\",\"url\":\"https:\\\/\\\/tugesto.com\\\/blog\\\/wp-content\\\/uploads\\\/2019\\\/06\\\/logo_tugesto.png\",\"contentUrl\":\"https:\\\/\\\/tugesto.com\\\/blog\\\/wp-content\\\/uploads\\\/2019\\\/06\\\/logo_tugesto.png\",\"width\":190,\"height\":63,\"caption\":\"tugesto\"},\"image\":{\"@id\":\"https:\\\/\\\/tugesto.com\\\/blog\\\/#\\\/schema\\\/logo\\\/image\\\/\"},\"sameAs\":[\"https:\\\/\\\/www.facebook.com\\\/tugesto\\\/\",\"https:\\\/\\\/www.instagram.com\\\/tugesto_online\\\/\"]},{\"@type\":\"Person\",\"@id\":\"https:\\\/\\\/tugesto.com\\\/blog\\\/#\\\/schema\\\/person\\\/1d79d9711eecb4874b4576dfbf50e267\",\"name\":\"Nerea Moreno\",\"image\":{\"@type\":\"ImageObject\",\"inLanguage\":\"es\",\"@id\":\"https:\\\/\\\/tugesto.com\\\/blog\\\/wp-content\\\/uploads\\\/2024\\\/05\\\/nerea-moreno.jpg3e1f42bcf0c0b35a1cf8beed6b2fa6fd\",\"url\":\"https:\\\/\\\/tugesto.com\\\/blog\\\/wp-content\\\/uploads\\\/2024\\\/05\\\/nerea-moreno.jpg\",\"contentUrl\":\"https:\\\/\\\/tugesto.com\\\/blog\\\/wp-content\\\/uploads\\\/2024\\\/05\\\/nerea-moreno.jpg\",\"caption\":\"Nerea Moreno\"},\"description\":\"\u00c1rea laboral, graduada en Relaciones Laborales y RRHH\"}]}<\/script>\n<!-- \/ Yoast SEO plugin. -->","yoast_head_json":{"title":"Requisitos para cobrar subsidio por desempleo | tugesto","description":"Toma nota de los requisitos para cobrar subsidio por desempleo, fundamental para saber si eres o no el candidato\/a perfecto\/a","robots":{"index":"index","follow":"follow","max-snippet":"max-snippet:-1","max-image-preview":"max-image-preview:large","max-video-preview":"max-video-preview:-1"},"canonical":"https:\/\/tugesto.com\/blog\/subsidio-desempleo-requisitos\/","og_locale":"es_ES","og_type":"article","og_title":"Requisitos para cobrar subsidio por desempleo | tugesto","og_description":"Toma nota de los requisitos para cobrar subsidio por desempleo, fundamental para saber si eres o no el candidato\/a perfecto\/a","og_url":"https:\/\/tugesto.com\/blog\/subsidio-desempleo-requisitos\/","og_site_name":"Blog: \u00a1Aprende a emprender! | tugesto","article_publisher":"https:\/\/www.facebook.com\/tugesto\/","article_published_time":"2015-07-09T09:26:39+00:00","article_modified_time":"2024-05-22T07:00:22+00:00","og_image":[{"width":700,"height":329,"url":"https:\/\/tugesto.com\/blog\/wp-content\/uploads\/2015\/07\/subsidio-desempleo-requisitos.jpg","type":"image\/jpeg"}],"author":"Nerea Moreno","twitter_card":"summary_large_image","twitter_misc":{"Escrito por":"Nerea Moreno","Tiempo de lectura":"4 minutos"},"schema":{"@context":"https:\/\/schema.org","@graph":[{"@type":"Article","@id":"https:\/\/tugesto.com\/blog\/subsidio-desempleo-requisitos\/#article","isPartOf":{"@id":"https:\/\/tugesto.com\/blog\/subsidio-desempleo-requisitos\/"},"author":{"name":"Nerea Moreno","@id":"https:\/\/tugesto.com\/blog\/#\/schema\/person\/1d79d9711eecb4874b4576dfbf50e267"},"headline":"Requisitos para cobrar subsidio por desempleo","datePublished":"2015-07-09T09:26:39+00:00","dateModified":"2024-05-22T07:00:22+00:00","mainEntityOfPage":{"@id":"https:\/\/tugesto.com\/blog\/subsidio-desempleo-requisitos\/"},"wordCount":601,"commentCount":0,"publisher":{"@id":"https:\/\/tugesto.com\/blog\/#organization"},"image":{"@id":"https:\/\/tugesto.com\/blog\/subsidio-desempleo-requisitos\/#primaryimage"},"thumbnailUrl":"https:\/\/tugesto.com\/blog\/wp-content\/uploads\/2015\/07\/subsidio-desempleo-requisitos.jpg","keywords":["aut\u00f3nomos","pymes"],"articleSection":["Laboral"],"inLanguage":"es","potentialAction":[{"@type":"CommentAction","name":"Comment","target":["https:\/\/tugesto.com\/blog\/subsidio-desempleo-requisitos\/#respond"]}]},{"@type":"WebPage","@id":"https:\/\/tugesto.com\/blog\/subsidio-desempleo-requisitos\/","url":"https:\/\/tugesto.com\/blog\/subsidio-desempleo-requisitos\/","name":"Requisitos para cobrar subsidio por desempleo | tugesto","isPartOf":{"@id":"https:\/\/tugesto.com\/blog\/#website"},"primaryImageOfPage":{"@id":"https:\/\/tugesto.com\/blog\/subsidio-desempleo-requisitos\/#primaryimage"},"image":{"@id":"https:\/\/tugesto.com\/blog\/subsidio-desempleo-requisitos\/#primaryimage"},"thumbnailUrl":"https:\/\/tugesto.com\/blog\/wp-content\/uploads\/2015\/07\/subsidio-desempleo-requisitos.jpg","datePublished":"2015-07-09T09:26:39+00:00","dateModified":"2024-05-22T07:00:22+00:00","description":"Toma nota de los requisitos para cobrar subsidio por desempleo, fundamental para saber si eres o no el candidato\/a perfecto\/a","breadcrumb":{"@id":"https:\/\/tugesto.com\/blog\/subsidio-desempleo-requisitos\/#breadcrumb"},"inLanguage":"es","potentialAction":[{"@type":"ReadAction","target":["https:\/\/tugesto.com\/blog\/subsidio-desempleo-requisitos\/"]}]},{"@type":"ImageObject","inLanguage":"es","@id":"https:\/\/tugesto.com\/blog\/subsidio-desempleo-requisitos\/#primaryimage","url":"https:\/\/tugesto.com\/blog\/wp-content\/uploads\/2015\/07\/subsidio-desempleo-requisitos.jpg","contentUrl":"https:\/\/tugesto.com\/blog\/wp-content\/uploads\/2015\/07\/subsidio-desempleo-requisitos.jpg","width":700,"height":329,"caption":"Te contamos los pasos a seguir para poder optar a esta serie de ayudas por desempleo"},{"@type":"BreadcrumbList","@id":"https:\/\/tugesto.com\/blog\/subsidio-desempleo-requisitos\/#breadcrumb","itemListElement":[{"@type":"ListItem","position":1,"name":"Home","item":"https:\/\/tugesto.com\/blog\/"},{"@type":"ListItem","position":2,"name":"Laboral","item":"https:\/\/tugesto.com\/blog\/category\/laboral\/"},{"@type":"ListItem","position":3,"name":"Requisitos para cobrar subsidio por desempleo"}]},{"@type":"WebSite","@id":"https:\/\/tugesto.com\/blog\/#website","url":"https:\/\/tugesto.com\/blog\/","name":"Blog tugesto","description":"\ud83d\udcda Blog especializado para aut\u00f3nomos y pymes. Encuentra semanalmente nuevos posts, recursos y gu\u00edas. La ayuda que necesitas para tu negocio.","publisher":{"@id":"https:\/\/tugesto.com\/blog\/#organization"},"potentialAction":[{"@type":"SearchAction","target":{"@type":"EntryPoint","urlTemplate":"https:\/\/tugesto.com\/blog\/?s={search_term_string}"},"query-input":{"@type":"PropertyValueSpecification","valueRequired":true,"valueName":"search_term_string"}}],"inLanguage":"es"},{"@type":"Organization","@id":"https:\/\/tugesto.com\/blog\/#organization","name":"tugesto","url":"https:\/\/tugesto.com\/blog\/","logo":{"@type":"ImageObject","inLanguage":"es","@id":"https:\/\/tugesto.com\/blog\/#\/schema\/logo\/image\/","url":"https:\/\/tugesto.com\/blog\/wp-content\/uploads\/2019\/06\/logo_tugesto.png","contentUrl":"https:\/\/tugesto.com\/blog\/wp-content\/uploads\/2019\/06\/logo_tugesto.png","width":190,"height":63,"caption":"tugesto"},"image":{"@id":"https:\/\/tugesto.com\/blog\/#\/schema\/logo\/image\/"},"sameAs":["https:\/\/www.facebook.com\/tugesto\/","https:\/\/www.instagram.com\/tugesto_online\/"]},{"@type":"Person","@id":"https:\/\/tugesto.com\/blog\/#\/schema\/person\/1d79d9711eecb4874b4576dfbf50e267","name":"Nerea Moreno","image":{"@type":"ImageObject","inLanguage":"es","@id":"https:\/\/tugesto.com\/blog\/wp-content\/uploads\/2024\/05\/nerea-moreno.jpg3e1f42bcf0c0b35a1cf8beed6b2fa6fd","url":"https:\/\/tugesto.com\/blog\/wp-content\/uploads\/2024\/05\/nerea-moreno.jpg","contentUrl":"https:\/\/tugesto.com\/blog\/wp-content\/uploads\/2024\/05\/nerea-moreno.jpg","caption":"Nerea Moreno"},"description":"\u00c1rea laboral, graduada en Relaciones Laborales y RRHH"}]}},"authors":[{"term_id":1497,"user_id":11,"is_guest":0,"slug":"nerea-moreno","display_name":"Nerea Moreno","avatar_url":{"url":"https:\/\/tugesto.com\/blog\/wp-content\/uploads\/2024\/05\/nerea-moreno.jpg","url2x":"https:\/\/tugesto.com\/blog\/wp-content\/uploads\/2024\/05\/nerea-moreno.jpg"},"0":null,"1":"","2":"","3":"","4":"","5":"","6":"","7":"","8":""}],"_links":{"self":[{"href":"https:\/\/tugesto.com\/blog\/wp-json\/wp\/v2\/posts\/952","targetHints":{"allow":["GET"]}}],"collection":[{"href":"https:\/\/tugesto.com\/blog\/wp-json\/wp\/v2\/posts"}],"about":[{"href":"https:\/\/tugesto.com\/blog\/wp-json\/wp\/v2\/types\/post"}],"author":[{"embeddable":true,"href":"https:\/\/tugesto.com\/blog\/wp-json\/wp\/v2\/users\/11"}],"replies":[{"embeddable":true,"href":"https:\/\/tugesto.com\/blog\/wp-json\/wp\/v2\/comments?post=952"}],"version-history":[{"count":11,"href":"https:\/\/tugesto.com\/blog\/wp-json\/wp\/v2\/posts\/952\/revisions"}],"predecessor-version":[{"id":35916,"href":"https:\/\/tugesto.com\/blog\/wp-json\/wp\/v2\/posts\/952\/revisions\/35916"}],"wp:featuredmedia":[{"embeddable":true,"href":"https:\/\/tugesto.com\/blog\/wp-json\/wp\/v2\/media\/953"}],"wp:attachment":[{"href":"https:\/\/tugesto.com\/blog\/wp-json\/wp\/v2\/media?parent=952"}],"wp:term":[{"taxonomy":"category","embeddable":true,"href":"https:\/\/tugesto.com\/blog\/wp-json\/wp\/v2\/categories?post=952"},{"taxonomy":"post_tag","embeddable":true,"href":"https:\/\/tugesto.com\/blog\/wp-json\/wp\/v2\/tags?post=952"},{"taxonomy":"author","embeddable":true,"href":"https:\/\/tugesto.com\/blog\/wp-json\/wp\/v2\/ppma_author?post=952"}],"curies":[{"name":"wp","href":"https:\/\/api.w.org\/{rel}","templated":true}]}}