{"id":9131,"date":"2019-01-09T09:00:00","date_gmt":"2019-01-09T08:00:00","guid":{"rendered":"https:\/\/tugesto.com\/blog\/?p=9131"},"modified":"2024-05-17T13:05:01","modified_gmt":"2024-05-17T11:05:01","slug":"declaraciones-trimestrales-de-autonomos","status":"publish","type":"post","link":"https:\/\/tugesto.com\/blog\/declaraciones-trimestrales-de-autonomos\/","title":{"rendered":"C\u00f3mo es la declaraci\u00f3n trimestral de aut\u00f3nomos"},"content":{"rendered":"\t\t<div data-elementor-type=\"wp-post\" data-elementor-id=\"9131\" class=\"elementor elementor-9131\" data-elementor-post-type=\"post\">\n\t\t\t\t\t\t<section class=\"elementor-section elementor-top-section elementor-element elementor-element-8cb3285 elementor-section-boxed elementor-section-height-default elementor-section-height-default\" data-id=\"8cb3285\" data-element_type=\"section\">\n\t\t\t\t\t\t<div class=\"elementor-container elementor-column-gap-default\">\n\t\t\t\t\t<div class=\"elementor-column elementor-col-100 elementor-top-column elementor-element elementor-element-6363001f\" data-id=\"6363001f\" data-element_type=\"column\">\n\t\t\t<div class=\"elementor-widget-wrap elementor-element-populated\">\n\t\t\t\t\t\t<div class=\"elementor-element elementor-element-6635d45a elementor-widget elementor-widget-text-editor\" data-id=\"6635d45a\" data-element_type=\"widget\" data-widget_type=\"text-editor.default\">\n\t\t\t\t<div class=\"elementor-widget-container\">\n\t\t\t\t\t\t\t\t\t<p><span style=\"color: #4c4f54;\">Las declaraciones trimestrales de aut\u00f3nomos pueden ser un poco liosas si no tienes del todo claro los modelos y los plazos. Pero no te preocupes, en este post vamos a tratar esta cuesti\u00f3n.<\/span><\/p>\n<p><span style=\"color: #4c4f54;\">Empecemos por situarnos. \u00bfPor qu\u00e9 hay que declarar trimestralmente? Se debe hacer porque los <\/span><strong><span style=\"color: #4c4f54;\">aut\u00f3nomos tienen la obligaci\u00f3n de realizar declaraciones trimestrales a<\/span> <a href=\"https:\/\/sede.agenciatributaria.gob.es\/\" target=\"_blank\" rel=\"noopener\">Hacienda<\/a>.<\/strong><\/p>\n<p><a href=\"http:\/\/tugesto.com\/software-fiscal\" target=\"_blank\" rel=\"noopener\"><img fetchpriority=\"high\" decoding=\"async\" class=\"alignnone wp-image-14766 size-full\" src=\"https:\/\/tugesto.com\/blog\/wp-content\/uploads\/2020\/01\/gestionar_fiscalidad_online.jpg\" alt=\"Gestiona tu fiscalidad online con respaldo de asesores expertos\" width=\"798\" height=\"241\" srcset=\"https:\/\/tugesto.com\/blog\/wp-content\/uploads\/2020\/01\/gestionar_fiscalidad_online.jpg 798w, https:\/\/tugesto.com\/blog\/wp-content\/uploads\/2020\/01\/gestionar_fiscalidad_online-300x91.jpg 300w, https:\/\/tugesto.com\/blog\/wp-content\/uploads\/2020\/01\/gestionar_fiscalidad_online-768x232.jpg 768w\" sizes=\"(max-width: 798px) 100vw, 798px\" \/><\/a><\/p>\n<p><span style=\"color: #4c4f54;\">En esas declaraciones se incluye una <strong>cuenta de gastos y ganancias para calcular el IVA<\/strong> que has recaudado haciendo de intermediario de Hacienda. Es decir, el IVA que has soportado con la compra de productos o servicios ligados a tu actividad econ\u00f3mica.<\/span><\/p>\n<p><span style=\"color: #4c4f54;\">Pongamos el caso de que como aut\u00f3nomo o trabajador por cuenta propia has facturado 10.000 euros y has cobrado un 21% de IVA. Eso significa que has recaudado 2.100 euros en IVA a las empresas (21% de 10.000).<\/span><\/p>\n<p><span style=\"color: #4c4f54;\">Por otra parte, si has comprado productos por valor de 100 euros y esos productos ven\u00edan gravados con un 21% de IVA, quiere decir que has pagado (21% de 100) 21 euros de IVA. Entonces, al hacer y presentar la declaraci\u00f3n trimestral, deber\u00edas pagar 2.079 de IVA a Hacienda (2.100 \u2013 21 euros). Esta es la forma de calcular el resultado total a peque\u00f1a escala y como ejemplo.<\/span><\/p>\n<h2><span style=\"color: #4c4f54;\">Declaraci\u00f3n trimestral de aut\u00f3nomos: en qu\u00e9 consisten<\/span><\/h2>\n<div style=\"width: 100%;\">\n<div style=\"position: relative; padding-bottom: 56.25%; padding-top: 0; height: 0;\"><iframe style=\"position: absolute; top: 0; left: 0; width: 100%; height: 100%;\" src=\"https:\/\/view.genial.ly\/5c2f5f4ca4eaa03097d0a18e\" width=\"1200px\" height=\"675px\" frameborder=\"0\" scrolling=\"yes\" allowfullscreen=\"allowfullscreen\"><\/iframe><\/div>\n<\/div>\n<h3><span style=\"color: #4c4f54;\">Declaraci\u00f3n trimestral del IVA<\/span><\/h3>\n<p><span style=\"color: #4c4f54;\"><strong>Deber\u00e1s presentar el modelo 303 hasta el d\u00eda 20 de los meses de abril, julio y octubre y hasta el 30 de enero. <\/strong><\/span><\/p>\n<p><span style=\"color: #4c4f54;\">Si cotizas en m\u00f3dulos y est\u00e1s acogido al r\u00e9gimen simplificado de IVA, el impreso a presentar es el <strong>modelo 310 los tres primeros trimestres<\/strong>, y el <strong>modelo 311 el cuarto<\/strong>.<\/span><\/p>\n<h3><span style=\"color: #4c4f54;\">Declaraci\u00f3n trimestral del IRPF<\/span><\/h3>\n<p><span style=\"color: #4c4f54;\">Deber\u00e1s presentar <strong>el modelo 130 si tributas por estimaci\u00f3n directa <\/strong>o el <strong>modelo 131 si tributas por m\u00f3dulos<\/strong>, hasta el d\u00eda 20 en los meses de abril, julio y octubre y hasta el 30 de enero.<\/span><\/p>\n<h3><span style=\"color: #4c4f54;\">Declaraci\u00f3n trimestral de retenciones e ingresos a cuenta<\/span><\/h3>\n<p><span style=\"color: #4c4f54;\">En caso de haberlas efectuado, las m\u00e1s habituales son las retenciones por el IRPF que se efect\u00faan en las n\u00f3minas de los trabajadores, las de las facturas de los profesionales independientes o sobre las rentas pagadas por alquileres.<\/span><\/p>\n<p><span style=\"color: #4c4f54;\">Para las <strong>retenciones a trabajadores y profesionales independientes<\/strong> tendr\u00e1s que declarar el <strong>modelo 111<\/strong> y sobre las <strong>rentas pagadas por alquileres el modelo 115.<\/strong><\/span><\/p>\n<p><span style=\"color: #4c4f54;\">El plazo para presentarlas es hasta el d\u00eda 20 de los meses de enero, abril, julio y octubre.<\/span><\/p>\n<p><span style=\"color: #4c4f54;\">Recuerda que en<\/span> <a href=\"https:\/\/tugesto.com\/\" target=\"_blank\" rel=\"noopener\"><strong>tugesto.com<\/strong><\/a> <span style=\"color: #4c4f54;\">nuestra plataforma presenta las declaraciones trimestrales de aut\u00f3nomos por ti. Si quieres despreocuparte de los plazos de los modelos fiscales, ponte en contacto con nosotros. Porque nos encargamos de facilitarle la vida a los <strong>aut\u00f3nomos. <\/strong>Recuerda, como consejo, para todas estas cuestiones contar con el certificado electr\u00f3nico para agilizar los procesos.<\/span><\/p>\n\n<figure class=\"wp-block-video\"><a href=\"https:\/\/tugesto.com\/alta-autonomo\/\" target=\"_blank\" rel=\"noopener\"><video src=\"https:\/\/tugesto.com\/blog\/wp-content\/uploads\/2020\/01\/BANNER-autonomo_enero_2020.mp4\" autoplay=\"autoplay\" loop=\"loop\" muted=\"\" width=\"390\" height=\"390\"><\/video><\/a><\/figure>\n\t\t\t\t\t\t\t\t<\/div>\n\t\t\t\t<\/div>\n\t\t\t\t\t<\/div>\n\t\t<\/div>\n\t\t\t\t\t<\/div>\n\t\t<\/section>\n\t\t\t\t<\/div>\n\t\t","protected":false},"excerpt":{"rendered":"<p>Las declaraciones trimestrales de aut\u00f3nomos pueden ser un poco liosas si no tienes del todo claro los modelos y los plazos. Pero no te preocupes, en este post vamos a tratar esta cuesti\u00f3n. Empecemos por situarnos. \u00bfPor qu\u00e9 hay que declarar trimestralmente? Se debe hacer porque los aut\u00f3nomos tienen la obligaci\u00f3n de realizar declaraciones trimestrales [&hellip;]<\/p>\n","protected":false},"author":11,"featured_media":9133,"comment_status":"open","ping_status":"open","sticky":false,"template":"","format":"standard","meta":{"_eb_attr":"","content-type":"","footnotes":""},"categories":[14],"tags":[36,38],"ppma_author":[1497],"class_list":["post-9131","post","type-post","status-publish","format-standard","has-post-thumbnail","hentry","category-contabilidad-y-fiscal","tag-autonomos","tag-pymes"],"yoast_head":"<!-- This site is optimized with the Yoast SEO plugin v26.8 - https:\/\/yoast.com\/product\/yoast-seo-wordpress\/ -->\n<title>C\u00f3mo es la declaraci\u00f3n trimestral de un aut\u00f3nomo | tugesto<\/title>\n<meta name=\"description\" content=\"IRPF, IVA... Para evitar confusiones, te contamos c\u00f3mo es la declaraci\u00f3n trimestral de un aut\u00f3nomo y sus fechas\" \/>\n<meta name=\"robots\" content=\"index, follow, max-snippet:-1, max-image-preview:large, max-video-preview:-1\" \/>\n<link rel=\"canonical\" href=\"https:\/\/tugesto.com\/blog\/declaraciones-trimestrales-de-autonomos\/\" \/>\n<meta property=\"og:locale\" content=\"es_ES\" \/>\n<meta property=\"og:type\" content=\"article\" \/>\n<meta property=\"og:title\" content=\"C\u00f3mo es la declaraci\u00f3n trimestral de un aut\u00f3nomo | tugesto\" \/>\n<meta property=\"og:description\" content=\"IRPF, IVA... Para evitar confusiones, te contamos c\u00f3mo es la declaraci\u00f3n trimestral de un aut\u00f3nomo y sus fechas\" \/>\n<meta property=\"og:url\" content=\"https:\/\/tugesto.com\/blog\/declaraciones-trimestrales-de-autonomos\/\" \/>\n<meta property=\"og:site_name\" content=\"Blog: \u00a1Aprende a emprender! | tugesto\" \/>\n<meta property=\"article:publisher\" content=\"https:\/\/www.facebook.com\/tugesto\/\" \/>\n<meta property=\"article:published_time\" content=\"2019-01-09T08:00:00+00:00\" \/>\n<meta property=\"article:modified_time\" content=\"2024-05-17T11:05:01+00:00\" \/>\n<meta property=\"og:image\" content=\"https:\/\/tugesto.com\/blog\/wp-content\/uploads\/2019\/01\/declaracionestrimestrales_autonomos_abogados.jpg\" \/>\n\t<meta property=\"og:image:width\" content=\"750\" \/>\n\t<meta property=\"og:image:height\" content=\"429\" \/>\n\t<meta property=\"og:image:type\" content=\"image\/jpeg\" \/>\n<meta name=\"author\" content=\"Nerea Moreno\" \/>\n<meta name=\"twitter:card\" content=\"summary_large_image\" \/>\n<meta name=\"twitter:label1\" content=\"Escrito por\" \/>\n\t<meta name=\"twitter:data1\" content=\"Nerea Moreno\" \/>\n\t<meta name=\"twitter:label2\" content=\"Tiempo de lectura\" \/>\n\t<meta name=\"twitter:data2\" content=\"3 minutos\" \/>\n<script type=\"application\/ld+json\" class=\"yoast-schema-graph\">{\"@context\":\"https:\/\/schema.org\",\"@graph\":[{\"@type\":\"Article\",\"@id\":\"https:\/\/tugesto.com\/blog\/declaraciones-trimestrales-de-autonomos\/#article\",\"isPartOf\":{\"@id\":\"https:\/\/tugesto.com\/blog\/declaraciones-trimestrales-de-autonomos\/\"},\"author\":{\"name\":\"Nerea Moreno\",\"@id\":\"https:\/\/tugesto.com\/blog\/#\/schema\/person\/1d79d9711eecb4874b4576dfbf50e267\"},\"headline\":\"C\u00f3mo es la declaraci\u00f3n trimestral de aut\u00f3nomos\",\"datePublished\":\"2019-01-09T08:00:00+00:00\",\"dateModified\":\"2024-05-17T11:05:01+00:00\",\"mainEntityOfPage\":{\"@id\":\"https:\/\/tugesto.com\/blog\/declaraciones-trimestrales-de-autonomos\/\"},\"wordCount\":469,\"commentCount\":0,\"publisher\":{\"@id\":\"https:\/\/tugesto.com\/blog\/#organization\"},\"image\":{\"@id\":\"https:\/\/tugesto.com\/blog\/declaraciones-trimestrales-de-autonomos\/#primaryimage\"},\"thumbnailUrl\":\"https:\/\/tugesto.com\/blog\/wp-content\/uploads\/2019\/01\/declaracionestrimestrales_autonomos_abogados.jpg\",\"keywords\":[\"aut\u00f3nomos\",\"pymes\"],\"articleSection\":[\"Contabilidad y Fiscal\"],\"inLanguage\":\"es\",\"potentialAction\":[{\"@type\":\"CommentAction\",\"name\":\"Comment\",\"target\":[\"https:\/\/tugesto.com\/blog\/declaraciones-trimestrales-de-autonomos\/#respond\"]}]},{\"@type\":\"WebPage\",\"@id\":\"https:\/\/tugesto.com\/blog\/declaraciones-trimestrales-de-autonomos\/\",\"url\":\"https:\/\/tugesto.com\/blog\/declaraciones-trimestrales-de-autonomos\/\",\"name\":\"C\u00f3mo es la declaraci\u00f3n trimestral de un aut\u00f3nomo | tugesto\",\"isPartOf\":{\"@id\":\"https:\/\/tugesto.com\/blog\/#website\"},\"primaryImageOfPage\":{\"@id\":\"https:\/\/tugesto.com\/blog\/declaraciones-trimestrales-de-autonomos\/#primaryimage\"},\"image\":{\"@id\":\"https:\/\/tugesto.com\/blog\/declaraciones-trimestrales-de-autonomos\/#primaryimage\"},\"thumbnailUrl\":\"https:\/\/tugesto.com\/blog\/wp-content\/uploads\/2019\/01\/declaracionestrimestrales_autonomos_abogados.jpg\",\"datePublished\":\"2019-01-09T08:00:00+00:00\",\"dateModified\":\"2024-05-17T11:05:01+00:00\",\"description\":\"IRPF, IVA... Para evitar confusiones, te contamos c\u00f3mo es la declaraci\u00f3n trimestral de un aut\u00f3nomo y sus fechas\",\"breadcrumb\":{\"@id\":\"https:\/\/tugesto.com\/blog\/declaraciones-trimestrales-de-autonomos\/#breadcrumb\"},\"inLanguage\":\"es\",\"potentialAction\":[{\"@type\":\"ReadAction\",\"target\":[\"https:\/\/tugesto.com\/blog\/declaraciones-trimestrales-de-autonomos\/\"]}]},{\"@type\":\"ImageObject\",\"inLanguage\":\"es\",\"@id\":\"https:\/\/tugesto.com\/blog\/declaraciones-trimestrales-de-autonomos\/#primaryimage\",\"url\":\"https:\/\/tugesto.com\/blog\/wp-content\/uploads\/2019\/01\/declaracionestrimestrales_autonomos_abogados.jpg\",\"contentUrl\":\"https:\/\/tugesto.com\/blog\/wp-content\/uploads\/2019\/01\/declaracionestrimestrales_autonomos_abogados.jpg\",\"width\":750,\"height\":429,\"caption\":\"Te contamos la declaracion trimestal autonomo para que no se te pase ninguna fecha\"},{\"@type\":\"BreadcrumbList\",\"@id\":\"https:\/\/tugesto.com\/blog\/declaraciones-trimestrales-de-autonomos\/#breadcrumb\",\"itemListElement\":[{\"@type\":\"ListItem\",\"position\":1,\"name\":\"Home\",\"item\":\"https:\/\/tugesto.com\/blog\/\"},{\"@type\":\"ListItem\",\"position\":2,\"name\":\"Contabilidad y Fiscal\",\"item\":\"https:\/\/tugesto.com\/blog\/category\/contabilidad-y-fiscal\/\"},{\"@type\":\"ListItem\",\"position\":3,\"name\":\"C\u00f3mo es la declaraci\u00f3n trimestral de aut\u00f3nomos\"}]},{\"@type\":\"WebSite\",\"@id\":\"https:\/\/tugesto.com\/blog\/#website\",\"url\":\"https:\/\/tugesto.com\/blog\/\",\"name\":\"Blog tugesto\",\"description\":\"\ud83d\udcda Blog especializado para aut\u00f3nomos y pymes. Encuentra semanalmente nuevos posts, recursos y gu\u00edas. La ayuda que necesitas para tu negocio.\",\"publisher\":{\"@id\":\"https:\/\/tugesto.com\/blog\/#organization\"},\"potentialAction\":[{\"@type\":\"SearchAction\",\"target\":{\"@type\":\"EntryPoint\",\"urlTemplate\":\"https:\/\/tugesto.com\/blog\/?s={search_term_string}\"},\"query-input\":{\"@type\":\"PropertyValueSpecification\",\"valueRequired\":true,\"valueName\":\"search_term_string\"}}],\"inLanguage\":\"es\"},{\"@type\":\"Organization\",\"@id\":\"https:\/\/tugesto.com\/blog\/#organization\",\"name\":\"tugesto\",\"url\":\"https:\/\/tugesto.com\/blog\/\",\"logo\":{\"@type\":\"ImageObject\",\"inLanguage\":\"es\",\"@id\":\"https:\/\/tugesto.com\/blog\/#\/schema\/logo\/image\/\",\"url\":\"https:\/\/tugesto.com\/blog\/wp-content\/uploads\/2019\/06\/logo_tugesto.png\",\"contentUrl\":\"https:\/\/tugesto.com\/blog\/wp-content\/uploads\/2019\/06\/logo_tugesto.png\",\"width\":190,\"height\":63,\"caption\":\"tugesto\"},\"image\":{\"@id\":\"https:\/\/tugesto.com\/blog\/#\/schema\/logo\/image\/\"},\"sameAs\":[\"https:\/\/www.facebook.com\/tugesto\/\",\"https:\/\/www.instagram.com\/tugesto_online\/\"]},{\"@type\":\"Person\",\"@id\":\"https:\/\/tugesto.com\/blog\/#\/schema\/person\/1d79d9711eecb4874b4576dfbf50e267\",\"name\":\"Nerea Moreno\",\"image\":{\"@type\":\"ImageObject\",\"inLanguage\":\"es\",\"@id\":\"https:\/\/tugesto.com\/blog\/#\/schema\/person\/image\/3e1f42bcf0c0b35a1cf8beed6b2fa6fd\",\"url\":\"https:\/\/tugesto.com\/blog\/wp-content\/uploads\/2024\/05\/nerea-moreno.jpg\",\"contentUrl\":\"https:\/\/tugesto.com\/blog\/wp-content\/uploads\/2024\/05\/nerea-moreno.jpg\",\"caption\":\"Nerea Moreno\"},\"description\":\"\u00c1rea laboral, graduada en Relaciones Laborales y RRHH\"}]}<\/script>\n<!-- \/ Yoast SEO plugin. -->","yoast_head_json":{"title":"C\u00f3mo es la declaraci\u00f3n trimestral de un aut\u00f3nomo | tugesto","description":"IRPF, IVA... Para evitar confusiones, te contamos c\u00f3mo es la declaraci\u00f3n trimestral de un aut\u00f3nomo y sus fechas","robots":{"index":"index","follow":"follow","max-snippet":"max-snippet:-1","max-image-preview":"max-image-preview:large","max-video-preview":"max-video-preview:-1"},"canonical":"https:\/\/tugesto.com\/blog\/declaraciones-trimestrales-de-autonomos\/","og_locale":"es_ES","og_type":"article","og_title":"C\u00f3mo es la declaraci\u00f3n trimestral de un aut\u00f3nomo | tugesto","og_description":"IRPF, IVA... Para evitar confusiones, te contamos c\u00f3mo es la declaraci\u00f3n trimestral de un aut\u00f3nomo y sus fechas","og_url":"https:\/\/tugesto.com\/blog\/declaraciones-trimestrales-de-autonomos\/","og_site_name":"Blog: \u00a1Aprende a emprender! | tugesto","article_publisher":"https:\/\/www.facebook.com\/tugesto\/","article_published_time":"2019-01-09T08:00:00+00:00","article_modified_time":"2024-05-17T11:05:01+00:00","og_image":[{"width":750,"height":429,"url":"https:\/\/tugesto.com\/blog\/wp-content\/uploads\/2019\/01\/declaracionestrimestrales_autonomos_abogados.jpg","type":"image\/jpeg"}],"author":"Nerea Moreno","twitter_card":"summary_large_image","twitter_misc":{"Escrito por":"Nerea Moreno","Tiempo de lectura":"3 minutos"},"schema":{"@context":"https:\/\/schema.org","@graph":[{"@type":"Article","@id":"https:\/\/tugesto.com\/blog\/declaraciones-trimestrales-de-autonomos\/#article","isPartOf":{"@id":"https:\/\/tugesto.com\/blog\/declaraciones-trimestrales-de-autonomos\/"},"author":{"name":"Nerea Moreno","@id":"https:\/\/tugesto.com\/blog\/#\/schema\/person\/1d79d9711eecb4874b4576dfbf50e267"},"headline":"C\u00f3mo es la declaraci\u00f3n trimestral de aut\u00f3nomos","datePublished":"2019-01-09T08:00:00+00:00","dateModified":"2024-05-17T11:05:01+00:00","mainEntityOfPage":{"@id":"https:\/\/tugesto.com\/blog\/declaraciones-trimestrales-de-autonomos\/"},"wordCount":469,"commentCount":0,"publisher":{"@id":"https:\/\/tugesto.com\/blog\/#organization"},"image":{"@id":"https:\/\/tugesto.com\/blog\/declaraciones-trimestrales-de-autonomos\/#primaryimage"},"thumbnailUrl":"https:\/\/tugesto.com\/blog\/wp-content\/uploads\/2019\/01\/declaracionestrimestrales_autonomos_abogados.jpg","keywords":["aut\u00f3nomos","pymes"],"articleSection":["Contabilidad y Fiscal"],"inLanguage":"es","potentialAction":[{"@type":"CommentAction","name":"Comment","target":["https:\/\/tugesto.com\/blog\/declaraciones-trimestrales-de-autonomos\/#respond"]}]},{"@type":"WebPage","@id":"https:\/\/tugesto.com\/blog\/declaraciones-trimestrales-de-autonomos\/","url":"https:\/\/tugesto.com\/blog\/declaraciones-trimestrales-de-autonomos\/","name":"C\u00f3mo es la declaraci\u00f3n trimestral de un aut\u00f3nomo | tugesto","isPartOf":{"@id":"https:\/\/tugesto.com\/blog\/#website"},"primaryImageOfPage":{"@id":"https:\/\/tugesto.com\/blog\/declaraciones-trimestrales-de-autonomos\/#primaryimage"},"image":{"@id":"https:\/\/tugesto.com\/blog\/declaraciones-trimestrales-de-autonomos\/#primaryimage"},"thumbnailUrl":"https:\/\/tugesto.com\/blog\/wp-content\/uploads\/2019\/01\/declaracionestrimestrales_autonomos_abogados.jpg","datePublished":"2019-01-09T08:00:00+00:00","dateModified":"2024-05-17T11:05:01+00:00","description":"IRPF, IVA... Para evitar confusiones, te contamos c\u00f3mo es la declaraci\u00f3n trimestral de un aut\u00f3nomo y sus fechas","breadcrumb":{"@id":"https:\/\/tugesto.com\/blog\/declaraciones-trimestrales-de-autonomos\/#breadcrumb"},"inLanguage":"es","potentialAction":[{"@type":"ReadAction","target":["https:\/\/tugesto.com\/blog\/declaraciones-trimestrales-de-autonomos\/"]}]},{"@type":"ImageObject","inLanguage":"es","@id":"https:\/\/tugesto.com\/blog\/declaraciones-trimestrales-de-autonomos\/#primaryimage","url":"https:\/\/tugesto.com\/blog\/wp-content\/uploads\/2019\/01\/declaracionestrimestrales_autonomos_abogados.jpg","contentUrl":"https:\/\/tugesto.com\/blog\/wp-content\/uploads\/2019\/01\/declaracionestrimestrales_autonomos_abogados.jpg","width":750,"height":429,"caption":"Te contamos la declaracion trimestal autonomo para que no se te pase ninguna fecha"},{"@type":"BreadcrumbList","@id":"https:\/\/tugesto.com\/blog\/declaraciones-trimestrales-de-autonomos\/#breadcrumb","itemListElement":[{"@type":"ListItem","position":1,"name":"Home","item":"https:\/\/tugesto.com\/blog\/"},{"@type":"ListItem","position":2,"name":"Contabilidad y Fiscal","item":"https:\/\/tugesto.com\/blog\/category\/contabilidad-y-fiscal\/"},{"@type":"ListItem","position":3,"name":"C\u00f3mo es la declaraci\u00f3n trimestral de aut\u00f3nomos"}]},{"@type":"WebSite","@id":"https:\/\/tugesto.com\/blog\/#website","url":"https:\/\/tugesto.com\/blog\/","name":"Blog tugesto","description":"\ud83d\udcda Blog especializado para aut\u00f3nomos y pymes. Encuentra semanalmente nuevos posts, recursos y gu\u00edas. La ayuda que necesitas para tu negocio.","publisher":{"@id":"https:\/\/tugesto.com\/blog\/#organization"},"potentialAction":[{"@type":"SearchAction","target":{"@type":"EntryPoint","urlTemplate":"https:\/\/tugesto.com\/blog\/?s={search_term_string}"},"query-input":{"@type":"PropertyValueSpecification","valueRequired":true,"valueName":"search_term_string"}}],"inLanguage":"es"},{"@type":"Organization","@id":"https:\/\/tugesto.com\/blog\/#organization","name":"tugesto","url":"https:\/\/tugesto.com\/blog\/","logo":{"@type":"ImageObject","inLanguage":"es","@id":"https:\/\/tugesto.com\/blog\/#\/schema\/logo\/image\/","url":"https:\/\/tugesto.com\/blog\/wp-content\/uploads\/2019\/06\/logo_tugesto.png","contentUrl":"https:\/\/tugesto.com\/blog\/wp-content\/uploads\/2019\/06\/logo_tugesto.png","width":190,"height":63,"caption":"tugesto"},"image":{"@id":"https:\/\/tugesto.com\/blog\/#\/schema\/logo\/image\/"},"sameAs":["https:\/\/www.facebook.com\/tugesto\/","https:\/\/www.instagram.com\/tugesto_online\/"]},{"@type":"Person","@id":"https:\/\/tugesto.com\/blog\/#\/schema\/person\/1d79d9711eecb4874b4576dfbf50e267","name":"Nerea Moreno","image":{"@type":"ImageObject","inLanguage":"es","@id":"https:\/\/tugesto.com\/blog\/#\/schema\/person\/image\/3e1f42bcf0c0b35a1cf8beed6b2fa6fd","url":"https:\/\/tugesto.com\/blog\/wp-content\/uploads\/2024\/05\/nerea-moreno.jpg","contentUrl":"https:\/\/tugesto.com\/blog\/wp-content\/uploads\/2024\/05\/nerea-moreno.jpg","caption":"Nerea Moreno"},"description":"\u00c1rea laboral, graduada en Relaciones Laborales y RRHH"}]}},"authors":[{"term_id":1497,"user_id":11,"is_guest":0,"slug":"nerea-moreno","display_name":"Nerea Moreno","avatar_url":{"url":"https:\/\/tugesto.com\/blog\/wp-content\/uploads\/2024\/05\/nerea-moreno.jpg","url2x":"https:\/\/tugesto.com\/blog\/wp-content\/uploads\/2024\/05\/nerea-moreno.jpg"},"0":null,"1":"","2":"","3":"","4":"","5":"","6":"","7":"","8":""}],"_links":{"self":[{"href":"https:\/\/tugesto.com\/blog\/wp-json\/wp\/v2\/posts\/9131","targetHints":{"allow":["GET"]}}],"collection":[{"href":"https:\/\/tugesto.com\/blog\/wp-json\/wp\/v2\/posts"}],"about":[{"href":"https:\/\/tugesto.com\/blog\/wp-json\/wp\/v2\/types\/post"}],"author":[{"embeddable":true,"href":"https:\/\/tugesto.com\/blog\/wp-json\/wp\/v2\/users\/11"}],"replies":[{"embeddable":true,"href":"https:\/\/tugesto.com\/blog\/wp-json\/wp\/v2\/comments?post=9131"}],"version-history":[{"count":11,"href":"https:\/\/tugesto.com\/blog\/wp-json\/wp\/v2\/posts\/9131\/revisions"}],"predecessor-version":[{"id":35501,"href":"https:\/\/tugesto.com\/blog\/wp-json\/wp\/v2\/posts\/9131\/revisions\/35501"}],"wp:featuredmedia":[{"embeddable":true,"href":"https:\/\/tugesto.com\/blog\/wp-json\/wp\/v2\/media\/9133"}],"wp:attachment":[{"href":"https:\/\/tugesto.com\/blog\/wp-json\/wp\/v2\/media?parent=9131"}],"wp:term":[{"taxonomy":"category","embeddable":true,"href":"https:\/\/tugesto.com\/blog\/wp-json\/wp\/v2\/categories?post=9131"},{"taxonomy":"post_tag","embeddable":true,"href":"https:\/\/tugesto.com\/blog\/wp-json\/wp\/v2\/tags?post=9131"},{"taxonomy":"author","embeddable":true,"href":"https:\/\/tugesto.com\/blog\/wp-json\/wp\/v2\/ppma_author?post=9131"}],"curies":[{"name":"wp","href":"https:\/\/api.w.org\/{rel}","templated":true}]}}