{"id":9072,"date":"2018-12-21T08:00:00","date_gmt":"2018-12-21T07:00:00","guid":{"rendered":"https:\/\/tugesto.com\/blog\/?p=9072"},"modified":"2024-05-17T13:06:48","modified_gmt":"2024-05-17T11:06:48","slug":"que-es-la-base-imponible-y-como-se-calcula","status":"publish","type":"post","link":"https:\/\/tugesto.com\/blog\/que-es-la-base-imponible-y-como-se-calcula\/","title":{"rendered":"\u00bfQu\u00e9 es y c\u00f3mo se calcula la base imponible?"},"content":{"rendered":"\t\t<div data-elementor-type=\"wp-post\" data-elementor-id=\"9072\" class=\"elementor elementor-9072\" data-elementor-post-type=\"post\">\n\t\t\t\t\t\t<section class=\"elementor-section elementor-top-section elementor-element elementor-element-625282d1 elementor-section-boxed elementor-section-height-default elementor-section-height-default\" data-id=\"625282d1\" data-element_type=\"section\" data-e-type=\"section\">\n\t\t\t\t\t\t<div class=\"elementor-container elementor-column-gap-default\">\n\t\t\t\t\t<div class=\"elementor-column elementor-col-100 elementor-top-column elementor-element elementor-element-2203c664\" data-id=\"2203c664\" data-element_type=\"column\" data-e-type=\"column\">\n\t\t\t<div class=\"elementor-widget-wrap elementor-element-populated\">\n\t\t\t\t\t\t<div class=\"elementor-element elementor-element-3ea7bff1 elementor-widget elementor-widget-text-editor\" data-id=\"3ea7bff1\" data-element_type=\"widget\" data-e-type=\"widget\" data-widget_type=\"text-editor.default\">\n\t\t\t\t<div class=\"elementor-widget-container\">\n\t\t\t\t\t\t\t\t\t<p>Cuando un aut\u00f3nomo se gestiona su propia contabilidad, es importante que conozca con detalle qu\u00e9 es y c\u00f3mo se calcula la base imponible.<\/p><p>La base imponible <strong>es un concepto que no siempre est\u00e1 del todo claro<\/strong>, por eso hoy te explicamos todo lo necesario para que puedas <strong>contabilizar tus facturas en un abrir y cerrar de ojos<\/strong>.<\/p><p><a href=\"http:\/\/tugesto.com\/alta-autonomo\/\" target=\"_blank\" rel=\"noopener\"><img fetchpriority=\"high\" decoding=\"async\" class=\"alignnone wp-image-28301 size-full\" src=\"https:\/\/tugesto.com\/blog\/wp-content\/uploads\/2023\/03\/alta_autonomo_gratis.png\" alt=\"Requisitos para ser asesor inmobiliario\" width=\"1234\" height=\"376\" srcset=\"https:\/\/tugesto.com\/blog\/wp-content\/uploads\/2023\/03\/alta_autonomo_gratis.png 1234w, https:\/\/tugesto.com\/blog\/wp-content\/uploads\/2023\/03\/alta_autonomo_gratis-300x91.png 300w, https:\/\/tugesto.com\/blog\/wp-content\/uploads\/2023\/03\/alta_autonomo_gratis-1024x312.png 1024w, https:\/\/tugesto.com\/blog\/wp-content\/uploads\/2023\/03\/alta_autonomo_gratis-768x234.png 768w\" sizes=\"(max-width: 1234px) 100vw, 1234px\" \/><\/a><\/p><h2>Qu\u00e9 es la base imponible<\/h2><p>La base imponible es <strong>la suma de todos los importes que figuran en la factura.<\/strong> Es decir, los precios de los productos o servicios sin tener en cuenta impuestos. O lo que es lo mismo, es <strong>la cantidad que nosotros vamos a ganar realmente<\/strong> (sin tener en cuenta impuestos indirectos), ya que los impuestos aplicables (IVA, Retenciones, etc.) ser\u00e1n fianzas entregadas a nuestra cuenta para que posteriormente se las entregaremos a <a href=\"https:\/\/sede.agenciatributaria.gob.es\/\" target=\"_blank\" rel=\"noopener\">Hacienda<\/a>.<\/p><p>A esta base imponible debes aplicarle el tipo de IVA correspondiente a la operaci\u00f3n y la retenci\u00f3n (en el caso de que est\u00e9s obligado a ello). <strong>Para obtener el total<\/strong> de la factura, has de <strong>sumar la base imponible con el IVA y restarle el importe de la retenci\u00f3n<\/strong>.<\/p><p>Con esto obtendremos el total que nos tendr\u00e1n que pagar (este no ser\u00e1 el total que ganaremos, como hemos mencionado anteriormente, sino el total cobrado)<br \/>Si quieres refrescar alg\u00fan concepto del IVA consulta <a href=\"https:\/\/tugesto.com\/blog\/autoliquidacion-de-iva\/\" target=\"_blank\" rel=\"noopener\"><em>Parte II: \u00bfEn qu\u00e9 consiste la autoliquidaci\u00f3n de IVA? <\/em><\/a><\/p><h2>C\u00f3mo se calcula la base imponible: ejemplo pr\u00e1ctico<\/h2><p>Vamos a ponernos en situaci\u00f3n.<\/p><p>Soy un aut\u00f3nomo que trabaja por cuenta propia y emito una factura a mi cliente. Figuremos que el servicio ha sido por valor de 1.000\u20ac. El tipo de retenci\u00f3n que vamos a aplicar por nuestros servicios es del 7%, por lo que la base imponible ser\u00e1 de 1.000\u20ac (utilizamos datos ficticios para evitar los datos personales).<\/p><p>Sobre esta base calcularemos el IVA del 21%, por lo que la cuota ser\u00e1 de 210\u20ac (esta cantidad es el resultado de multiplicar la base imponible por el tipo de IVA).<\/p><p>Por lo tanto, el importe de la retenci\u00f3n ser\u00e1 de 70 \u20ac (cantidad resultante de multiplicar la base imponible por el porcentaje de retenci\u00f3n).<\/p><p><strong>Como resultado, el total de la factura ser\u00e1 1.140\u20ac (1.000+210-70). \u00bfF\u00e1cil verdad?<\/strong><\/p><h2>La base imponible en una plantilla de factura<\/h2><p>La base imponible <strong>aparece siempre en la factura desglosada por tipos impositivos<\/strong>, tal y como indica la normativa de facturaci\u00f3n. A partir de esta plantilla se puede calcular la cuota tributaria correspondiente y el importe final de los productos o servicios.<\/p><p>Si adem\u00e1s tambi\u00e9n dudas para calcular el IVA y el IRPF en tus facturas tal vez <a href=\"https:\/\/tugesto.com\/blog\/calcular-iva-irpf-factura-autonomo\/\" target=\"_blank\" rel=\"noopener\"><em>este post pueda ayudarte<\/em><\/a> as\u00ed como conocer la Ley General Tributaria vigente.<\/p><h2>Comienza a facturar con tugesto<\/h2><p>Nuestro <a href=\"https:\/\/tugesto.com\/programa-facturacion\/\" target=\"_blank\" rel=\"noopener\">programa de facturaci\u00f3n<\/a> se encargar\u00e1 de automatizar todo eso. \u00a1Ah, y tambi\u00e9n env\u00eda facturas electr\u00f3nicas! Para utilizarlo solo tienes que registrarte, elegir tu plan y empezar a facturar de la manera m\u00e1s profesional y sencilla.<\/p><p><strong>\u00a1Prueba nuestro programa de contabilidad y qu\u00e9date con la boca abierta!<\/strong><\/p><p><a href=\"https:\/\/tugesto.com\/alta-autonomo\/?utm_source=blog&amp;utm_medium=entrada&amp;utm_campaign=ingresos-minimos\" target=\"_blank\" rel=\"noopener\"><img decoding=\"async\" class=\"alignnone\" src=\"https:\/\/tugesto.com\/blog\/wp-content\/uploads\/2018\/10\/contabilidad_fiscal-tarifas_tugesto.gif\" alt=\"Tarifa plana de contabilidad y fiscal\" width=\"1000\" height=\"600\" \/><\/a><\/p>\t\t\t\t\t\t\t\t<\/div>\n\t\t\t\t<\/div>\n\t\t\t\t\t<\/div>\n\t\t<\/div>\n\t\t\t\t\t<\/div>\n\t\t<\/section>\n\t\t\t\t<\/div>\n\t\t","protected":false},"excerpt":{"rendered":"<p>Cuando un aut\u00f3nomo se gestiona su propia contabilidad, es importante que conozca con detalle qu\u00e9 es y c\u00f3mo se calcula la base imponible. La base imponible es un concepto que no siempre est\u00e1 del todo claro, por eso hoy te explicamos todo lo necesario para que puedas contabilizar tus facturas en un abrir y cerrar [&hellip;]<\/p>\n","protected":false},"author":12,"featured_media":9075,"comment_status":"open","ping_status":"open","sticky":false,"template":"","format":"standard","meta":{"_eb_attr":"","content-type":"","footnotes":""},"categories":[14],"tags":[36,38],"ppma_author":[1498],"class_list":["post-9072","post","type-post","status-publish","format-standard","has-post-thumbnail","hentry","category-contabilidad-y-fiscal","tag-autonomos","tag-pymes"],"yoast_head":"<!-- This site is optimized with the Yoast SEO plugin v27.5 - https:\/\/yoast.com\/product\/yoast-seo-wordpress\/ -->\n<title>\u00bfQu\u00e9 es y c\u00f3mo se calcula la base imponible? | tugesto<\/title>\n<meta name=\"description\" content=\"Si la base imponible de una factura se te atraganta, te explicamos con un ejemplo pr\u00e1ctico qu\u00e9 es y c\u00f3mo se calcula la base imponible\" \/>\n<meta name=\"robots\" content=\"index, follow, max-snippet:-1, max-image-preview:large, max-video-preview:-1\" \/>\n<link rel=\"canonical\" href=\"https:\/\/tugesto.com\/blog\/que-es-la-base-imponible-y-como-se-calcula\/\" \/>\n<meta property=\"og:locale\" content=\"es_ES\" \/>\n<meta property=\"og:type\" content=\"article\" \/>\n<meta property=\"og:title\" content=\"\u00bfQu\u00e9 es y c\u00f3mo se calcula la base imponible? | tugesto\" \/>\n<meta property=\"og:description\" content=\"Si la base imponible de una factura se te atraganta, te explicamos con un ejemplo pr\u00e1ctico qu\u00e9 es y c\u00f3mo se calcula la base imponible\" \/>\n<meta property=\"og:url\" content=\"https:\/\/tugesto.com\/blog\/que-es-la-base-imponible-y-como-se-calcula\/\" \/>\n<meta property=\"og:site_name\" content=\"Blog: \u00a1Aprende a emprender! | tugesto\" \/>\n<meta property=\"article:publisher\" content=\"https:\/\/www.facebook.com\/tugesto\/\" \/>\n<meta property=\"article:published_time\" content=\"2018-12-21T07:00:00+00:00\" \/>\n<meta property=\"article:modified_time\" content=\"2024-05-17T11:06:48+00:00\" \/>\n<meta property=\"og:image\" content=\"https:\/\/tugesto.com\/blog\/wp-content\/uploads\/2018\/12\/calcular_baseimponible_asesores.jpeg\" \/>\n\t<meta property=\"og:image:width\" content=\"750\" \/>\n\t<meta property=\"og:image:height\" content=\"429\" \/>\n\t<meta property=\"og:image:type\" content=\"image\/jpeg\" \/>\n<meta name=\"author\" content=\"David Fern\u00e1ndez\" \/>\n<meta name=\"twitter:card\" content=\"summary_large_image\" \/>\n<meta name=\"twitter:label1\" content=\"Escrito por\" \/>\n\t<meta name=\"twitter:data1\" content=\"David Fern\u00e1ndez\" \/>\n\t<meta name=\"twitter:label2\" content=\"Tiempo de lectura\" \/>\n\t<meta name=\"twitter:data2\" content=\"3 minutos\" \/>\n<script type=\"application\/ld+json\" class=\"yoast-schema-graph\">{\"@context\":\"https:\\\/\\\/schema.org\",\"@graph\":[{\"@type\":\"Article\",\"@id\":\"https:\\\/\\\/tugesto.com\\\/blog\\\/que-es-la-base-imponible-y-como-se-calcula\\\/#article\",\"isPartOf\":{\"@id\":\"https:\\\/\\\/tugesto.com\\\/blog\\\/que-es-la-base-imponible-y-como-se-calcula\\\/\"},\"author\":{\"name\":\"David Fern\u00e1ndez\",\"@id\":\"https:\\\/\\\/tugesto.com\\\/blog\\\/#\\\/schema\\\/person\\\/737f4a72f2e3855c9e8df888851bfef9\"},\"headline\":\"\u00bfQu\u00e9 es y c\u00f3mo se calcula la base imponible?\",\"datePublished\":\"2018-12-21T07:00:00+00:00\",\"dateModified\":\"2024-05-17T11:06:48+00:00\",\"mainEntityOfPage\":{\"@id\":\"https:\\\/\\\/tugesto.com\\\/blog\\\/que-es-la-base-imponible-y-como-se-calcula\\\/\"},\"wordCount\":519,\"commentCount\":2,\"publisher\":{\"@id\":\"https:\\\/\\\/tugesto.com\\\/blog\\\/#organization\"},\"image\":{\"@id\":\"https:\\\/\\\/tugesto.com\\\/blog\\\/que-es-la-base-imponible-y-como-se-calcula\\\/#primaryimage\"},\"thumbnailUrl\":\"https:\\\/\\\/tugesto.com\\\/blog\\\/wp-content\\\/uploads\\\/2018\\\/12\\\/calcular_baseimponible_asesores.jpeg\",\"keywords\":[\"aut\u00f3nomos\",\"pymes\"],\"articleSection\":[\"Contabilidad y Fiscal\"],\"inLanguage\":\"es\",\"potentialAction\":[{\"@type\":\"CommentAction\",\"name\":\"Comment\",\"target\":[\"https:\\\/\\\/tugesto.com\\\/blog\\\/que-es-la-base-imponible-y-como-se-calcula\\\/#respond\"]}]},{\"@type\":\"WebPage\",\"@id\":\"https:\\\/\\\/tugesto.com\\\/blog\\\/que-es-la-base-imponible-y-como-se-calcula\\\/\",\"url\":\"https:\\\/\\\/tugesto.com\\\/blog\\\/que-es-la-base-imponible-y-como-se-calcula\\\/\",\"name\":\"\u00bfQu\u00e9 es y c\u00f3mo se calcula la base imponible? | tugesto\",\"isPartOf\":{\"@id\":\"https:\\\/\\\/tugesto.com\\\/blog\\\/#website\"},\"primaryImageOfPage\":{\"@id\":\"https:\\\/\\\/tugesto.com\\\/blog\\\/que-es-la-base-imponible-y-como-se-calcula\\\/#primaryimage\"},\"image\":{\"@id\":\"https:\\\/\\\/tugesto.com\\\/blog\\\/que-es-la-base-imponible-y-como-se-calcula\\\/#primaryimage\"},\"thumbnailUrl\":\"https:\\\/\\\/tugesto.com\\\/blog\\\/wp-content\\\/uploads\\\/2018\\\/12\\\/calcular_baseimponible_asesores.jpeg\",\"datePublished\":\"2018-12-21T07:00:00+00:00\",\"dateModified\":\"2024-05-17T11:06:48+00:00\",\"description\":\"Si la base imponible de una factura se te atraganta, te explicamos con un ejemplo pr\u00e1ctico qu\u00e9 es y c\u00f3mo se calcula la base imponible\",\"breadcrumb\":{\"@id\":\"https:\\\/\\\/tugesto.com\\\/blog\\\/que-es-la-base-imponible-y-como-se-calcula\\\/#breadcrumb\"},\"inLanguage\":\"es\",\"potentialAction\":[{\"@type\":\"ReadAction\",\"target\":[\"https:\\\/\\\/tugesto.com\\\/blog\\\/que-es-la-base-imponible-y-como-se-calcula\\\/\"]}]},{\"@type\":\"ImageObject\",\"inLanguage\":\"es\",\"@id\":\"https:\\\/\\\/tugesto.com\\\/blog\\\/que-es-la-base-imponible-y-como-se-calcula\\\/#primaryimage\",\"url\":\"https:\\\/\\\/tugesto.com\\\/blog\\\/wp-content\\\/uploads\\\/2018\\\/12\\\/calcular_baseimponible_asesores.jpeg\",\"contentUrl\":\"https:\\\/\\\/tugesto.com\\\/blog\\\/wp-content\\\/uploads\\\/2018\\\/12\\\/calcular_baseimponible_asesores.jpeg\",\"width\":750,\"height\":429,\"caption\":\"Toma nota si no sabes que es o como se calcula la base imponible en una factura. \u00a1Te interesar\u00e1!\"},{\"@type\":\"BreadcrumbList\",\"@id\":\"https:\\\/\\\/tugesto.com\\\/blog\\\/que-es-la-base-imponible-y-como-se-calcula\\\/#breadcrumb\",\"itemListElement\":[{\"@type\":\"ListItem\",\"position\":1,\"name\":\"Home\",\"item\":\"https:\\\/\\\/tugesto.com\\\/blog\\\/\"},{\"@type\":\"ListItem\",\"position\":2,\"name\":\"Contabilidad y Fiscal\",\"item\":\"https:\\\/\\\/tugesto.com\\\/blog\\\/category\\\/contabilidad-y-fiscal\\\/\"},{\"@type\":\"ListItem\",\"position\":3,\"name\":\"\u00bfQu\u00e9 es y c\u00f3mo se calcula la base imponible?\"}]},{\"@type\":\"WebSite\",\"@id\":\"https:\\\/\\\/tugesto.com\\\/blog\\\/#website\",\"url\":\"https:\\\/\\\/tugesto.com\\\/blog\\\/\",\"name\":\"Blog tugesto\",\"description\":\"\ud83d\udcda Blog especializado para aut\u00f3nomos y pymes. Encuentra semanalmente nuevos posts, recursos y gu\u00edas. La ayuda que necesitas para tu negocio.\",\"publisher\":{\"@id\":\"https:\\\/\\\/tugesto.com\\\/blog\\\/#organization\"},\"potentialAction\":[{\"@type\":\"SearchAction\",\"target\":{\"@type\":\"EntryPoint\",\"urlTemplate\":\"https:\\\/\\\/tugesto.com\\\/blog\\\/?s={search_term_string}\"},\"query-input\":{\"@type\":\"PropertyValueSpecification\",\"valueRequired\":true,\"valueName\":\"search_term_string\"}}],\"inLanguage\":\"es\"},{\"@type\":\"Organization\",\"@id\":\"https:\\\/\\\/tugesto.com\\\/blog\\\/#organization\",\"name\":\"tugesto\",\"url\":\"https:\\\/\\\/tugesto.com\\\/blog\\\/\",\"logo\":{\"@type\":\"ImageObject\",\"inLanguage\":\"es\",\"@id\":\"https:\\\/\\\/tugesto.com\\\/blog\\\/#\\\/schema\\\/logo\\\/image\\\/\",\"url\":\"https:\\\/\\\/tugesto.com\\\/blog\\\/wp-content\\\/uploads\\\/2019\\\/06\\\/logo_tugesto.png\",\"contentUrl\":\"https:\\\/\\\/tugesto.com\\\/blog\\\/wp-content\\\/uploads\\\/2019\\\/06\\\/logo_tugesto.png\",\"width\":190,\"height\":63,\"caption\":\"tugesto\"},\"image\":{\"@id\":\"https:\\\/\\\/tugesto.com\\\/blog\\\/#\\\/schema\\\/logo\\\/image\\\/\"},\"sameAs\":[\"https:\\\/\\\/www.facebook.com\\\/tugesto\\\/\",\"https:\\\/\\\/www.instagram.com\\\/tugesto_online\\\/\"]},{\"@type\":\"Person\",\"@id\":\"https:\\\/\\\/tugesto.com\\\/blog\\\/#\\\/schema\\\/person\\\/737f4a72f2e3855c9e8df888851bfef9\",\"name\":\"David Fern\u00e1ndez\",\"image\":{\"@type\":\"ImageObject\",\"inLanguage\":\"es\",\"@id\":\"https:\\\/\\\/tugesto.com\\\/blog\\\/wp-content\\\/uploads\\\/2024\\\/05\\\/david-fernandez.png2882f1d57e6812c9fc588cf346c4e7d0\",\"url\":\"https:\\\/\\\/tugesto.com\\\/blog\\\/wp-content\\\/uploads\\\/2024\\\/05\\\/david-fernandez.png\",\"contentUrl\":\"https:\\\/\\\/tugesto.com\\\/blog\\\/wp-content\\\/uploads\\\/2024\\\/05\\\/david-fernandez.png\",\"caption\":\"David Fern\u00e1ndez\"},\"description\":\"Asesor contable y fiscal\"}]}<\/script>\n<!-- \/ Yoast SEO plugin. -->","yoast_head_json":{"title":"\u00bfQu\u00e9 es y c\u00f3mo se calcula la base imponible? | tugesto","description":"Si la base imponible de una factura se te atraganta, te explicamos con un ejemplo pr\u00e1ctico qu\u00e9 es y c\u00f3mo se calcula la base imponible","robots":{"index":"index","follow":"follow","max-snippet":"max-snippet:-1","max-image-preview":"max-image-preview:large","max-video-preview":"max-video-preview:-1"},"canonical":"https:\/\/tugesto.com\/blog\/que-es-la-base-imponible-y-como-se-calcula\/","og_locale":"es_ES","og_type":"article","og_title":"\u00bfQu\u00e9 es y c\u00f3mo se calcula la base imponible? | tugesto","og_description":"Si la base imponible de una factura se te atraganta, te explicamos con un ejemplo pr\u00e1ctico qu\u00e9 es y c\u00f3mo se calcula la base imponible","og_url":"https:\/\/tugesto.com\/blog\/que-es-la-base-imponible-y-como-se-calcula\/","og_site_name":"Blog: \u00a1Aprende a emprender! | tugesto","article_publisher":"https:\/\/www.facebook.com\/tugesto\/","article_published_time":"2018-12-21T07:00:00+00:00","article_modified_time":"2024-05-17T11:06:48+00:00","og_image":[{"width":750,"height":429,"url":"https:\/\/tugesto.com\/blog\/wp-content\/uploads\/2018\/12\/calcular_baseimponible_asesores.jpeg","type":"image\/jpeg"}],"author":"David Fern\u00e1ndez","twitter_card":"summary_large_image","twitter_misc":{"Escrito por":"David Fern\u00e1ndez","Tiempo de lectura":"3 minutos"},"schema":{"@context":"https:\/\/schema.org","@graph":[{"@type":"Article","@id":"https:\/\/tugesto.com\/blog\/que-es-la-base-imponible-y-como-se-calcula\/#article","isPartOf":{"@id":"https:\/\/tugesto.com\/blog\/que-es-la-base-imponible-y-como-se-calcula\/"},"author":{"name":"David Fern\u00e1ndez","@id":"https:\/\/tugesto.com\/blog\/#\/schema\/person\/737f4a72f2e3855c9e8df888851bfef9"},"headline":"\u00bfQu\u00e9 es y c\u00f3mo se calcula la base imponible?","datePublished":"2018-12-21T07:00:00+00:00","dateModified":"2024-05-17T11:06:48+00:00","mainEntityOfPage":{"@id":"https:\/\/tugesto.com\/blog\/que-es-la-base-imponible-y-como-se-calcula\/"},"wordCount":519,"commentCount":2,"publisher":{"@id":"https:\/\/tugesto.com\/blog\/#organization"},"image":{"@id":"https:\/\/tugesto.com\/blog\/que-es-la-base-imponible-y-como-se-calcula\/#primaryimage"},"thumbnailUrl":"https:\/\/tugesto.com\/blog\/wp-content\/uploads\/2018\/12\/calcular_baseimponible_asesores.jpeg","keywords":["aut\u00f3nomos","pymes"],"articleSection":["Contabilidad y Fiscal"],"inLanguage":"es","potentialAction":[{"@type":"CommentAction","name":"Comment","target":["https:\/\/tugesto.com\/blog\/que-es-la-base-imponible-y-como-se-calcula\/#respond"]}]},{"@type":"WebPage","@id":"https:\/\/tugesto.com\/blog\/que-es-la-base-imponible-y-como-se-calcula\/","url":"https:\/\/tugesto.com\/blog\/que-es-la-base-imponible-y-como-se-calcula\/","name":"\u00bfQu\u00e9 es y c\u00f3mo se calcula la base imponible? | tugesto","isPartOf":{"@id":"https:\/\/tugesto.com\/blog\/#website"},"primaryImageOfPage":{"@id":"https:\/\/tugesto.com\/blog\/que-es-la-base-imponible-y-como-se-calcula\/#primaryimage"},"image":{"@id":"https:\/\/tugesto.com\/blog\/que-es-la-base-imponible-y-como-se-calcula\/#primaryimage"},"thumbnailUrl":"https:\/\/tugesto.com\/blog\/wp-content\/uploads\/2018\/12\/calcular_baseimponible_asesores.jpeg","datePublished":"2018-12-21T07:00:00+00:00","dateModified":"2024-05-17T11:06:48+00:00","description":"Si la base imponible de una factura se te atraganta, te explicamos con un ejemplo pr\u00e1ctico qu\u00e9 es y c\u00f3mo se calcula la base imponible","breadcrumb":{"@id":"https:\/\/tugesto.com\/blog\/que-es-la-base-imponible-y-como-se-calcula\/#breadcrumb"},"inLanguage":"es","potentialAction":[{"@type":"ReadAction","target":["https:\/\/tugesto.com\/blog\/que-es-la-base-imponible-y-como-se-calcula\/"]}]},{"@type":"ImageObject","inLanguage":"es","@id":"https:\/\/tugesto.com\/blog\/que-es-la-base-imponible-y-como-se-calcula\/#primaryimage","url":"https:\/\/tugesto.com\/blog\/wp-content\/uploads\/2018\/12\/calcular_baseimponible_asesores.jpeg","contentUrl":"https:\/\/tugesto.com\/blog\/wp-content\/uploads\/2018\/12\/calcular_baseimponible_asesores.jpeg","width":750,"height":429,"caption":"Toma nota si no sabes que es o como se calcula la base imponible en una factura. \u00a1Te interesar\u00e1!"},{"@type":"BreadcrumbList","@id":"https:\/\/tugesto.com\/blog\/que-es-la-base-imponible-y-como-se-calcula\/#breadcrumb","itemListElement":[{"@type":"ListItem","position":1,"name":"Home","item":"https:\/\/tugesto.com\/blog\/"},{"@type":"ListItem","position":2,"name":"Contabilidad y Fiscal","item":"https:\/\/tugesto.com\/blog\/category\/contabilidad-y-fiscal\/"},{"@type":"ListItem","position":3,"name":"\u00bfQu\u00e9 es y c\u00f3mo se calcula la base imponible?"}]},{"@type":"WebSite","@id":"https:\/\/tugesto.com\/blog\/#website","url":"https:\/\/tugesto.com\/blog\/","name":"Blog tugesto","description":"\ud83d\udcda Blog especializado para aut\u00f3nomos y pymes. Encuentra semanalmente nuevos posts, recursos y gu\u00edas. La ayuda que necesitas para tu negocio.","publisher":{"@id":"https:\/\/tugesto.com\/blog\/#organization"},"potentialAction":[{"@type":"SearchAction","target":{"@type":"EntryPoint","urlTemplate":"https:\/\/tugesto.com\/blog\/?s={search_term_string}"},"query-input":{"@type":"PropertyValueSpecification","valueRequired":true,"valueName":"search_term_string"}}],"inLanguage":"es"},{"@type":"Organization","@id":"https:\/\/tugesto.com\/blog\/#organization","name":"tugesto","url":"https:\/\/tugesto.com\/blog\/","logo":{"@type":"ImageObject","inLanguage":"es","@id":"https:\/\/tugesto.com\/blog\/#\/schema\/logo\/image\/","url":"https:\/\/tugesto.com\/blog\/wp-content\/uploads\/2019\/06\/logo_tugesto.png","contentUrl":"https:\/\/tugesto.com\/blog\/wp-content\/uploads\/2019\/06\/logo_tugesto.png","width":190,"height":63,"caption":"tugesto"},"image":{"@id":"https:\/\/tugesto.com\/blog\/#\/schema\/logo\/image\/"},"sameAs":["https:\/\/www.facebook.com\/tugesto\/","https:\/\/www.instagram.com\/tugesto_online\/"]},{"@type":"Person","@id":"https:\/\/tugesto.com\/blog\/#\/schema\/person\/737f4a72f2e3855c9e8df888851bfef9","name":"David Fern\u00e1ndez","image":{"@type":"ImageObject","inLanguage":"es","@id":"https:\/\/tugesto.com\/blog\/wp-content\/uploads\/2024\/05\/david-fernandez.png2882f1d57e6812c9fc588cf346c4e7d0","url":"https:\/\/tugesto.com\/blog\/wp-content\/uploads\/2024\/05\/david-fernandez.png","contentUrl":"https:\/\/tugesto.com\/blog\/wp-content\/uploads\/2024\/05\/david-fernandez.png","caption":"David Fern\u00e1ndez"},"description":"Asesor contable y fiscal"}]}},"authors":[{"term_id":1498,"user_id":12,"is_guest":0,"slug":"david-fernandez","display_name":"David Fern\u00e1ndez","avatar_url":{"url":"https:\/\/tugesto.com\/blog\/wp-content\/uploads\/2024\/05\/david-fernandez.png","url2x":"https:\/\/tugesto.com\/blog\/wp-content\/uploads\/2024\/05\/david-fernandez.png"},"0":null,"1":"","2":"","3":"","4":"","5":"","6":"","7":"","8":""}],"_links":{"self":[{"href":"https:\/\/tugesto.com\/blog\/wp-json\/wp\/v2\/posts\/9072","targetHints":{"allow":["GET"]}}],"collection":[{"href":"https:\/\/tugesto.com\/blog\/wp-json\/wp\/v2\/posts"}],"about":[{"href":"https:\/\/tugesto.com\/blog\/wp-json\/wp\/v2\/types\/post"}],"author":[{"embeddable":true,"href":"https:\/\/tugesto.com\/blog\/wp-json\/wp\/v2\/users\/12"}],"replies":[{"embeddable":true,"href":"https:\/\/tugesto.com\/blog\/wp-json\/wp\/v2\/comments?post=9072"}],"version-history":[{"count":9,"href":"https:\/\/tugesto.com\/blog\/wp-json\/wp\/v2\/posts\/9072\/revisions"}],"predecessor-version":[{"id":35498,"href":"https:\/\/tugesto.com\/blog\/wp-json\/wp\/v2\/posts\/9072\/revisions\/35498"}],"wp:featuredmedia":[{"embeddable":true,"href":"https:\/\/tugesto.com\/blog\/wp-json\/wp\/v2\/media\/9075"}],"wp:attachment":[{"href":"https:\/\/tugesto.com\/blog\/wp-json\/wp\/v2\/media?parent=9072"}],"wp:term":[{"taxonomy":"category","embeddable":true,"href":"https:\/\/tugesto.com\/blog\/wp-json\/wp\/v2\/categories?post=9072"},{"taxonomy":"post_tag","embeddable":true,"href":"https:\/\/tugesto.com\/blog\/wp-json\/wp\/v2\/tags?post=9072"},{"taxonomy":"author","embeddable":true,"href":"https:\/\/tugesto.com\/blog\/wp-json\/wp\/v2\/ppma_author?post=9072"}],"curies":[{"name":"wp","href":"https:\/\/api.w.org\/{rel}","templated":true}]}}