{"id":88,"date":"2015-01-13T10:19:00","date_gmt":"2015-01-13T09:19:00","guid":{"rendered":"http:\/\/tugesto.com\/blog\/?p=88"},"modified":"2024-05-22T09:42:36","modified_gmt":"2024-05-22T07:42:36","slug":"ayudas-para-autonomos-y-empresas-subvenciones-para-2015-parte-1","status":"publish","type":"post","link":"https:\/\/tugesto.com\/blog\/ayudas-para-autonomos-y-empresas-subvenciones-para-2015-parte-1\/","title":{"rendered":"Ayudas para aut\u00f3nomos y empresas: subvenciones para 2015 (parte 1)"},"content":{"rendered":"\t\t<div data-elementor-type=\"wp-post\" data-elementor-id=\"88\" class=\"elementor elementor-88\" data-elementor-post-type=\"post\">\n\t\t\t\t\t\t<section class=\"elementor-section elementor-top-section elementor-element elementor-element-5f95422c elementor-section-boxed elementor-section-height-default elementor-section-height-default\" data-id=\"5f95422c\" data-element_type=\"section\" data-e-type=\"section\">\n\t\t\t\t\t\t<div class=\"elementor-container elementor-column-gap-default\">\n\t\t\t\t\t<div class=\"elementor-column elementor-col-100 elementor-top-column elementor-element elementor-element-5a48962c\" data-id=\"5a48962c\" data-element_type=\"column\" data-e-type=\"column\">\n\t\t\t<div class=\"elementor-widget-wrap elementor-element-populated\">\n\t\t\t\t\t\t<div class=\"elementor-element elementor-element-7a695628 elementor-widget elementor-widget-text-editor\" data-id=\"7a695628\" data-element_type=\"widget\" data-e-type=\"widget\" data-widget_type=\"text-editor.default\">\n\t\t\t\t<div class=\"elementor-widget-container\">\n\t\t\t\t\t\t\t\t\t<p>En la publicaci\u00f3n de ayer conocimos la <a title=\"Ley de Segunda Oportunidad\" href=\"https:\/\/tugesto.com\/ley-segunda-oportunidad-requisitos\" target=\"_blank\" rel=\"noopener noreferrer\"><strong>Ley de Segunda Oportunidad<\/strong><\/a> y hoy, vamos a ver las diferentes <strong>subvenciones<\/strong> a las que pueden optar los<strong> aut\u00f3nomos y empresas<\/strong> durante los pr\u00f3ximos seis meses.<\/p><p><a href=\"https:\/\/tugesto.com\/ley-segunda-oportunidad-requisitos\" target=\"_blank\" rel=\"noopener\"><img fetchpriority=\"high\" decoding=\"async\" class=\"alignnone wp-image-16433 size-full\" src=\"https:\/\/tugesto.com\/blog\/wp-content\/uploads\/2020\/05\/ley-de-segunda-oportunidad-solicita-info-tugesto.com_.jpg\" alt=\"Ley de segunda oportunidad\" width=\"1217\" height=\"368\" srcset=\"https:\/\/tugesto.com\/blog\/wp-content\/uploads\/2020\/05\/ley-de-segunda-oportunidad-solicita-info-tugesto.com_.jpg 1217w, https:\/\/tugesto.com\/blog\/wp-content\/uploads\/2020\/05\/ley-de-segunda-oportunidad-solicita-info-tugesto.com_-300x91.jpg 300w, https:\/\/tugesto.com\/blog\/wp-content\/uploads\/2020\/05\/ley-de-segunda-oportunidad-solicita-info-tugesto.com_-1024x310.jpg 1024w, https:\/\/tugesto.com\/blog\/wp-content\/uploads\/2020\/05\/ley-de-segunda-oportunidad-solicita-info-tugesto.com_-768x232.jpg 768w\" sizes=\"(max-width: 1217px) 100vw, 1217px\" \/><\/a><\/p><p>En l\u00edneas generales, estas ayudas se dirigen a <strong>aut\u00f3nomos y pymes<\/strong> que ejercen su actividad en los sectores del turismo y del comercio, as\u00ed como aquellos que participen en proyectos internacionales y de innovaci\u00f3n tecnol\u00f3gica o que tengan una idea de negocio. Adem\u00e1s, tambi\u00e9n las hay para la renovaci\u00f3n de veh\u00edculos de aut\u00f3nomos, microempresas y pymes.<br \/>\u00a1Comenzamos!<\/p><h2>Programa Emprendetur J\u00f3venes Emprendedores<\/h2><p>Hasta el <strong>2 de febrero<\/strong>. Estas subvenciones est\u00e1n destinadas, principalmente, a pymes constituidas en Espa\u00f1a y que se dediquen al sector del turismo que necesiten <strong>mejorar<\/strong> sus <strong>infraestructuras<\/strong>. Estas ayudas se encuentran dentro del Plan Nacional e Integral del Turismo.<\/p><h2>Programa Emprendetur I+D+i<\/h2><p>Hasta el <strong>2 de febrero<\/strong>. Estas ayudas est\u00e1n destinadas a aut\u00f3nomos residentes en Espa\u00f1a, as\u00ed como a empresas legalmente constituidas en el pa\u00eds que apuestan por<strong> apoyar la investigaci\u00f3n y desarrollo aplicado a productos del sector tur\u00edstico<\/strong>, el fortalecimiento de los procesos de I+D+i en el mismo sector e impulsar el desarrollo de productos tur\u00edsticos innovadores que mejoren la competitividad y rentabilidad del sector tur\u00edstico espa\u00f1ol.<\/p><p><a href=\"https:\/\/meetings-eu1.hubspot.com\/reuniones\/blog\" target=\"_blank\" rel=\"noopener\"><img decoding=\"async\" class=\"alignnone wp-image-36784 size-full\" src=\"https:\/\/tugesto.com\/blog\/wp-content\/uploads\/2024\/04\/conoce-plataforma-15-minutos.png\" alt=\"\" width=\"800\" height=\"241\" srcset=\"https:\/\/tugesto.com\/blog\/wp-content\/uploads\/2024\/04\/conoce-plataforma-15-minutos.png 800w, https:\/\/tugesto.com\/blog\/wp-content\/uploads\/2024\/04\/conoce-plataforma-15-minutos-300x90.png 300w, https:\/\/tugesto.com\/blog\/wp-content\/uploads\/2024\/04\/conoce-plataforma-15-minutos-768x231.png 768w\" sizes=\"(max-width: 800px) 100vw, 800px\" \/><\/a><\/p><h2>Programa Lanzadera<\/h2><p>Hasta el <strong>28 de febrero de 2015<\/strong>. Esta ayuda va dirigida a <strong>emprendedores que tengan una idea de negocio<\/strong>. A trav\u00e9s de un proceso de selecci\u00f3n, los 20 finalistas seleccionados entrar\u00e1n a formar parte del Programa Lanzadera, donde podr\u00e1n <strong>desarrollar su proyecto de negocio y su potencial de liderazgo<\/strong>. Lanzadera pone a su disposici\u00f3n: la creaci\u00f3n de una entidad jur\u00eddica, la financiaci\u00f3n del proyecto, formaci\u00f3n personalizada, asesoramiento y mentoring constante, gestor\u00eda de apoyo, el Centro del Emprendedor, inversi\u00f3n y networking.<\/p><h2>Programa Emprendetur Internacionalizaci\u00f3n<\/h2><p>Esta subvenci\u00f3n est\u00e1 destinada a empresas constituidas en Espa\u00f1a, conectadas con el sector del turismo, que quieran <strong>emprender su internacionalizaci\u00f3n<\/strong> y cuya exportaci\u00f3n no supere el 40% de su facturaci\u00f3n. Hay <strong>dos plazos<\/strong> para solicitar esta ayuda: el <strong>primero<\/strong>, entre el <strong>9 de enero y el 9 de marzo de 2015<\/strong> y, el <strong>segundo<\/strong> comprende desde el <strong>11 de marzo al 11 de mayo de 2015<\/strong>.<\/p><h2>Programa de Incentivos al Veh\u00edculo Eficiente<\/h2><p>Esta ayuda se centra en la <strong>renovaci\u00f3n de veh\u00edculos<\/strong> de aut\u00f3nomos, microempresas y pymes. Pueden solicitarse hasta el <strong>26 de junio de 2015<\/strong> o hasta que se agoten los fondos destinados a esta subvenci\u00f3n.<\/p><p>Esperamos que esta primera parte de ayudas y subvenciones os hayan resultado \u00fatiles e interesantes. No os perd\u00e1is la segunda en unos d\u00edas.<\/p>\t\t\t\t\t\t\t\t<\/div>\n\t\t\t\t<\/div>\n\t\t\t\t\t<\/div>\n\t\t<\/div>\n\t\t\t\t\t<\/div>\n\t\t<\/section>\n\t\t\t\t<\/div>\n\t\t","protected":false},"excerpt":{"rendered":"<p>En la publicaci\u00f3n de ayer conocimos la Ley de Segunda Oportunidad y hoy, vamos a ver las diferentes subvenciones a las que pueden optar los aut\u00f3nomos y empresas durante los pr\u00f3ximos seis meses. En l\u00edneas generales, estas ayudas se dirigen a aut\u00f3nomos y pymes que ejercen su actividad en los sectores del turismo y del [&hellip;]<\/p>\n","protected":false},"author":12,"featured_media":4793,"comment_status":"open","ping_status":"open","sticky":false,"template":"","format":"image","meta":{"_eb_attr":"","content-type":"","footnotes":""},"categories":[45],"tags":[36,38],"ppma_author":[1498],"class_list":["post-88","post","type-post","status-publish","format-image","has-post-thumbnail","hentry","category-laboral","tag-autonomos","tag-pymes","post_format-post-format-image"],"yoast_head":"<!-- This site is optimized with the Yoast SEO plugin v27.5 - https:\/\/yoast.com\/product\/yoast-seo-wordpress\/ -->\n<title>Subvenciones para aut\u00f3nomos y empresas (parte 1) | tugesto<\/title>\n<meta name=\"description\" content=\"Ayudas y subvenciones para aut\u00f3nomos y empresas en 2015, \u00e9chales un vistazo que seguro encontrar\u00e1s alguna que puede interesarte\" \/>\n<meta name=\"robots\" content=\"index, follow, max-snippet:-1, max-image-preview:large, max-video-preview:-1\" \/>\n<link rel=\"canonical\" href=\"https:\/\/tugesto.com\/blog\/ayudas-para-autonomos-y-empresas-subvenciones-para-2015-parte-1\/\" \/>\n<meta property=\"og:locale\" content=\"es_ES\" \/>\n<meta property=\"og:type\" content=\"article\" \/>\n<meta property=\"og:title\" content=\"Subvenciones para aut\u00f3nomos y empresas (parte 1) | tugesto\" \/>\n<meta property=\"og:description\" content=\"Ayudas y subvenciones para aut\u00f3nomos y empresas en 2015, \u00e9chales un vistazo que seguro encontrar\u00e1s alguna que puede interesarte\" \/>\n<meta property=\"og:url\" content=\"https:\/\/tugesto.com\/blog\/ayudas-para-autonomos-y-empresas-subvenciones-para-2015-parte-1\/\" \/>\n<meta property=\"og:site_name\" content=\"Blog: \u00a1Aprende a emprender! | tugesto\" \/>\n<meta property=\"article:publisher\" content=\"https:\/\/www.facebook.com\/tugesto\/\" \/>\n<meta property=\"article:published_time\" content=\"2015-01-13T09:19:00+00:00\" \/>\n<meta property=\"article:modified_time\" content=\"2024-05-22T07:42:36+00:00\" \/>\n<meta property=\"og:image\" content=\"https:\/\/tugesto.com\/blog\/wp-content\/uploads\/2014\/12\/subvenciones-y-ayudas-autonomos-y-pymes-2015.jpg\" \/>\n\t<meta property=\"og:image:width\" content=\"600\" \/>\n\t<meta property=\"og:image:height\" content=\"349\" \/>\n\t<meta property=\"og:image:type\" content=\"image\/jpeg\" \/>\n<meta name=\"author\" content=\"David Fern\u00e1ndez\" \/>\n<meta name=\"twitter:card\" content=\"summary_large_image\" \/>\n<meta name=\"twitter:label1\" content=\"Escrito por\" \/>\n\t<meta name=\"twitter:data1\" content=\"David Fern\u00e1ndez\" \/>\n\t<meta name=\"twitter:label2\" content=\"Tiempo de lectura\" \/>\n\t<meta name=\"twitter:data2\" content=\"3 minutos\" \/>\n<script type=\"application\/ld+json\" class=\"yoast-schema-graph\">{\"@context\":\"https:\\\/\\\/schema.org\",\"@graph\":[{\"@type\":\"Article\",\"@id\":\"https:\\\/\\\/tugesto.com\\\/blog\\\/ayudas-para-autonomos-y-empresas-subvenciones-para-2015-parte-1\\\/#article\",\"isPartOf\":{\"@id\":\"https:\\\/\\\/tugesto.com\\\/blog\\\/ayudas-para-autonomos-y-empresas-subvenciones-para-2015-parte-1\\\/\"},\"author\":{\"name\":\"David Fern\u00e1ndez\",\"@id\":\"https:\\\/\\\/tugesto.com\\\/blog\\\/#\\\/schema\\\/person\\\/737f4a72f2e3855c9e8df888851bfef9\"},\"headline\":\"Ayudas para aut\u00f3nomos y empresas: subvenciones para 2015 (parte 1)\",\"datePublished\":\"2015-01-13T09:19:00+00:00\",\"dateModified\":\"2024-05-22T07:42:36+00:00\",\"mainEntityOfPage\":{\"@id\":\"https:\\\/\\\/tugesto.com\\\/blog\\\/ayudas-para-autonomos-y-empresas-subvenciones-para-2015-parte-1\\\/\"},\"wordCount\":464,\"commentCount\":0,\"publisher\":{\"@id\":\"https:\\\/\\\/tugesto.com\\\/blog\\\/#organization\"},\"image\":{\"@id\":\"https:\\\/\\\/tugesto.com\\\/blog\\\/ayudas-para-autonomos-y-empresas-subvenciones-para-2015-parte-1\\\/#primaryimage\"},\"thumbnailUrl\":\"https:\\\/\\\/tugesto.com\\\/blog\\\/wp-content\\\/uploads\\\/2014\\\/12\\\/subvenciones-y-ayudas-autonomos-y-pymes-2015.jpg\",\"keywords\":[\"aut\u00f3nomos\",\"pymes\"],\"articleSection\":[\"Laboral\"],\"inLanguage\":\"es\",\"potentialAction\":[{\"@type\":\"CommentAction\",\"name\":\"Comment\",\"target\":[\"https:\\\/\\\/tugesto.com\\\/blog\\\/ayudas-para-autonomos-y-empresas-subvenciones-para-2015-parte-1\\\/#respond\"]}]},{\"@type\":\"WebPage\",\"@id\":\"https:\\\/\\\/tugesto.com\\\/blog\\\/ayudas-para-autonomos-y-empresas-subvenciones-para-2015-parte-1\\\/\",\"url\":\"https:\\\/\\\/tugesto.com\\\/blog\\\/ayudas-para-autonomos-y-empresas-subvenciones-para-2015-parte-1\\\/\",\"name\":\"Subvenciones para aut\u00f3nomos y empresas (parte 1) | tugesto\",\"isPartOf\":{\"@id\":\"https:\\\/\\\/tugesto.com\\\/blog\\\/#website\"},\"primaryImageOfPage\":{\"@id\":\"https:\\\/\\\/tugesto.com\\\/blog\\\/ayudas-para-autonomos-y-empresas-subvenciones-para-2015-parte-1\\\/#primaryimage\"},\"image\":{\"@id\":\"https:\\\/\\\/tugesto.com\\\/blog\\\/ayudas-para-autonomos-y-empresas-subvenciones-para-2015-parte-1\\\/#primaryimage\"},\"thumbnailUrl\":\"https:\\\/\\\/tugesto.com\\\/blog\\\/wp-content\\\/uploads\\\/2014\\\/12\\\/subvenciones-y-ayudas-autonomos-y-pymes-2015.jpg\",\"datePublished\":\"2015-01-13T09:19:00+00:00\",\"dateModified\":\"2024-05-22T07:42:36+00:00\",\"description\":\"Ayudas y subvenciones para aut\u00f3nomos y empresas en 2015, \u00e9chales un vistazo que seguro encontrar\u00e1s alguna que puede interesarte\",\"breadcrumb\":{\"@id\":\"https:\\\/\\\/tugesto.com\\\/blog\\\/ayudas-para-autonomos-y-empresas-subvenciones-para-2015-parte-1\\\/#breadcrumb\"},\"inLanguage\":\"es\",\"potentialAction\":[{\"@type\":\"ReadAction\",\"target\":[\"https:\\\/\\\/tugesto.com\\\/blog\\\/ayudas-para-autonomos-y-empresas-subvenciones-para-2015-parte-1\\\/\"]}]},{\"@type\":\"ImageObject\",\"inLanguage\":\"es\",\"@id\":\"https:\\\/\\\/tugesto.com\\\/blog\\\/ayudas-para-autonomos-y-empresas-subvenciones-para-2015-parte-1\\\/#primaryimage\",\"url\":\"https:\\\/\\\/tugesto.com\\\/blog\\\/wp-content\\\/uploads\\\/2014\\\/12\\\/subvenciones-y-ayudas-autonomos-y-pymes-2015.jpg\",\"contentUrl\":\"https:\\\/\\\/tugesto.com\\\/blog\\\/wp-content\\\/uploads\\\/2014\\\/12\\\/subvenciones-y-ayudas-autonomos-y-pymes-2015.jpg\",\"width\":600,\"height\":349,\"caption\":\"Anota todas las subvenciones y ayudas aut\u00f3nomos y pymes 2015\"},{\"@type\":\"BreadcrumbList\",\"@id\":\"https:\\\/\\\/tugesto.com\\\/blog\\\/ayudas-para-autonomos-y-empresas-subvenciones-para-2015-parte-1\\\/#breadcrumb\",\"itemListElement\":[{\"@type\":\"ListItem\",\"position\":1,\"name\":\"Home\",\"item\":\"https:\\\/\\\/tugesto.com\\\/blog\\\/\"},{\"@type\":\"ListItem\",\"position\":2,\"name\":\"Laboral\",\"item\":\"https:\\\/\\\/tugesto.com\\\/blog\\\/category\\\/laboral\\\/\"},{\"@type\":\"ListItem\",\"position\":3,\"name\":\"Ayudas para aut\u00f3nomos y empresas: subvenciones para 2015 (parte 1)\"}]},{\"@type\":\"WebSite\",\"@id\":\"https:\\\/\\\/tugesto.com\\\/blog\\\/#website\",\"url\":\"https:\\\/\\\/tugesto.com\\\/blog\\\/\",\"name\":\"Blog tugesto\",\"description\":\"\ud83d\udcda Blog especializado para aut\u00f3nomos y pymes. Encuentra semanalmente nuevos posts, recursos y gu\u00edas. La ayuda que necesitas para tu negocio.\",\"publisher\":{\"@id\":\"https:\\\/\\\/tugesto.com\\\/blog\\\/#organization\"},\"potentialAction\":[{\"@type\":\"SearchAction\",\"target\":{\"@type\":\"EntryPoint\",\"urlTemplate\":\"https:\\\/\\\/tugesto.com\\\/blog\\\/?s={search_term_string}\"},\"query-input\":{\"@type\":\"PropertyValueSpecification\",\"valueRequired\":true,\"valueName\":\"search_term_string\"}}],\"inLanguage\":\"es\"},{\"@type\":\"Organization\",\"@id\":\"https:\\\/\\\/tugesto.com\\\/blog\\\/#organization\",\"name\":\"tugesto\",\"url\":\"https:\\\/\\\/tugesto.com\\\/blog\\\/\",\"logo\":{\"@type\":\"ImageObject\",\"inLanguage\":\"es\",\"@id\":\"https:\\\/\\\/tugesto.com\\\/blog\\\/#\\\/schema\\\/logo\\\/image\\\/\",\"url\":\"https:\\\/\\\/tugesto.com\\\/blog\\\/wp-content\\\/uploads\\\/2019\\\/06\\\/logo_tugesto.png\",\"contentUrl\":\"https:\\\/\\\/tugesto.com\\\/blog\\\/wp-content\\\/uploads\\\/2019\\\/06\\\/logo_tugesto.png\",\"width\":190,\"height\":63,\"caption\":\"tugesto\"},\"image\":{\"@id\":\"https:\\\/\\\/tugesto.com\\\/blog\\\/#\\\/schema\\\/logo\\\/image\\\/\"},\"sameAs\":[\"https:\\\/\\\/www.facebook.com\\\/tugesto\\\/\",\"https:\\\/\\\/www.instagram.com\\\/tugesto_online\\\/\"]},{\"@type\":\"Person\",\"@id\":\"https:\\\/\\\/tugesto.com\\\/blog\\\/#\\\/schema\\\/person\\\/737f4a72f2e3855c9e8df888851bfef9\",\"name\":\"David Fern\u00e1ndez\",\"image\":{\"@type\":\"ImageObject\",\"inLanguage\":\"es\",\"@id\":\"https:\\\/\\\/tugesto.com\\\/blog\\\/wp-content\\\/uploads\\\/2024\\\/05\\\/david-fernandez.png2882f1d57e6812c9fc588cf346c4e7d0\",\"url\":\"https:\\\/\\\/tugesto.com\\\/blog\\\/wp-content\\\/uploads\\\/2024\\\/05\\\/david-fernandez.png\",\"contentUrl\":\"https:\\\/\\\/tugesto.com\\\/blog\\\/wp-content\\\/uploads\\\/2024\\\/05\\\/david-fernandez.png\",\"caption\":\"David Fern\u00e1ndez\"},\"description\":\"Asesor contable y fiscal\"}]}<\/script>\n<!-- \/ Yoast SEO plugin. -->","yoast_head_json":{"title":"Subvenciones para aut\u00f3nomos y empresas (parte 1) | tugesto","description":"Ayudas y subvenciones para aut\u00f3nomos y empresas en 2015, \u00e9chales un vistazo que seguro encontrar\u00e1s alguna que puede interesarte","robots":{"index":"index","follow":"follow","max-snippet":"max-snippet:-1","max-image-preview":"max-image-preview:large","max-video-preview":"max-video-preview:-1"},"canonical":"https:\/\/tugesto.com\/blog\/ayudas-para-autonomos-y-empresas-subvenciones-para-2015-parte-1\/","og_locale":"es_ES","og_type":"article","og_title":"Subvenciones para aut\u00f3nomos y empresas (parte 1) | tugesto","og_description":"Ayudas y subvenciones para aut\u00f3nomos y empresas en 2015, \u00e9chales un vistazo que seguro encontrar\u00e1s alguna que puede interesarte","og_url":"https:\/\/tugesto.com\/blog\/ayudas-para-autonomos-y-empresas-subvenciones-para-2015-parte-1\/","og_site_name":"Blog: \u00a1Aprende a emprender! | tugesto","article_publisher":"https:\/\/www.facebook.com\/tugesto\/","article_published_time":"2015-01-13T09:19:00+00:00","article_modified_time":"2024-05-22T07:42:36+00:00","og_image":[{"width":600,"height":349,"url":"https:\/\/tugesto.com\/blog\/wp-content\/uploads\/2014\/12\/subvenciones-y-ayudas-autonomos-y-pymes-2015.jpg","type":"image\/jpeg"}],"author":"David Fern\u00e1ndez","twitter_card":"summary_large_image","twitter_misc":{"Escrito por":"David Fern\u00e1ndez","Tiempo de lectura":"3 minutos"},"schema":{"@context":"https:\/\/schema.org","@graph":[{"@type":"Article","@id":"https:\/\/tugesto.com\/blog\/ayudas-para-autonomos-y-empresas-subvenciones-para-2015-parte-1\/#article","isPartOf":{"@id":"https:\/\/tugesto.com\/blog\/ayudas-para-autonomos-y-empresas-subvenciones-para-2015-parte-1\/"},"author":{"name":"David Fern\u00e1ndez","@id":"https:\/\/tugesto.com\/blog\/#\/schema\/person\/737f4a72f2e3855c9e8df888851bfef9"},"headline":"Ayudas para aut\u00f3nomos y empresas: subvenciones para 2015 (parte 1)","datePublished":"2015-01-13T09:19:00+00:00","dateModified":"2024-05-22T07:42:36+00:00","mainEntityOfPage":{"@id":"https:\/\/tugesto.com\/blog\/ayudas-para-autonomos-y-empresas-subvenciones-para-2015-parte-1\/"},"wordCount":464,"commentCount":0,"publisher":{"@id":"https:\/\/tugesto.com\/blog\/#organization"},"image":{"@id":"https:\/\/tugesto.com\/blog\/ayudas-para-autonomos-y-empresas-subvenciones-para-2015-parte-1\/#primaryimage"},"thumbnailUrl":"https:\/\/tugesto.com\/blog\/wp-content\/uploads\/2014\/12\/subvenciones-y-ayudas-autonomos-y-pymes-2015.jpg","keywords":["aut\u00f3nomos","pymes"],"articleSection":["Laboral"],"inLanguage":"es","potentialAction":[{"@type":"CommentAction","name":"Comment","target":["https:\/\/tugesto.com\/blog\/ayudas-para-autonomos-y-empresas-subvenciones-para-2015-parte-1\/#respond"]}]},{"@type":"WebPage","@id":"https:\/\/tugesto.com\/blog\/ayudas-para-autonomos-y-empresas-subvenciones-para-2015-parte-1\/","url":"https:\/\/tugesto.com\/blog\/ayudas-para-autonomos-y-empresas-subvenciones-para-2015-parte-1\/","name":"Subvenciones para aut\u00f3nomos y empresas (parte 1) | tugesto","isPartOf":{"@id":"https:\/\/tugesto.com\/blog\/#website"},"primaryImageOfPage":{"@id":"https:\/\/tugesto.com\/blog\/ayudas-para-autonomos-y-empresas-subvenciones-para-2015-parte-1\/#primaryimage"},"image":{"@id":"https:\/\/tugesto.com\/blog\/ayudas-para-autonomos-y-empresas-subvenciones-para-2015-parte-1\/#primaryimage"},"thumbnailUrl":"https:\/\/tugesto.com\/blog\/wp-content\/uploads\/2014\/12\/subvenciones-y-ayudas-autonomos-y-pymes-2015.jpg","datePublished":"2015-01-13T09:19:00+00:00","dateModified":"2024-05-22T07:42:36+00:00","description":"Ayudas y subvenciones para aut\u00f3nomos y empresas en 2015, \u00e9chales un vistazo que seguro encontrar\u00e1s alguna que puede interesarte","breadcrumb":{"@id":"https:\/\/tugesto.com\/blog\/ayudas-para-autonomos-y-empresas-subvenciones-para-2015-parte-1\/#breadcrumb"},"inLanguage":"es","potentialAction":[{"@type":"ReadAction","target":["https:\/\/tugesto.com\/blog\/ayudas-para-autonomos-y-empresas-subvenciones-para-2015-parte-1\/"]}]},{"@type":"ImageObject","inLanguage":"es","@id":"https:\/\/tugesto.com\/blog\/ayudas-para-autonomos-y-empresas-subvenciones-para-2015-parte-1\/#primaryimage","url":"https:\/\/tugesto.com\/blog\/wp-content\/uploads\/2014\/12\/subvenciones-y-ayudas-autonomos-y-pymes-2015.jpg","contentUrl":"https:\/\/tugesto.com\/blog\/wp-content\/uploads\/2014\/12\/subvenciones-y-ayudas-autonomos-y-pymes-2015.jpg","width":600,"height":349,"caption":"Anota todas las subvenciones y ayudas aut\u00f3nomos y pymes 2015"},{"@type":"BreadcrumbList","@id":"https:\/\/tugesto.com\/blog\/ayudas-para-autonomos-y-empresas-subvenciones-para-2015-parte-1\/#breadcrumb","itemListElement":[{"@type":"ListItem","position":1,"name":"Home","item":"https:\/\/tugesto.com\/blog\/"},{"@type":"ListItem","position":2,"name":"Laboral","item":"https:\/\/tugesto.com\/blog\/category\/laboral\/"},{"@type":"ListItem","position":3,"name":"Ayudas para aut\u00f3nomos y empresas: subvenciones para 2015 (parte 1)"}]},{"@type":"WebSite","@id":"https:\/\/tugesto.com\/blog\/#website","url":"https:\/\/tugesto.com\/blog\/","name":"Blog tugesto","description":"\ud83d\udcda Blog especializado para aut\u00f3nomos y pymes. Encuentra semanalmente nuevos posts, recursos y gu\u00edas. La ayuda que necesitas para tu negocio.","publisher":{"@id":"https:\/\/tugesto.com\/blog\/#organization"},"potentialAction":[{"@type":"SearchAction","target":{"@type":"EntryPoint","urlTemplate":"https:\/\/tugesto.com\/blog\/?s={search_term_string}"},"query-input":{"@type":"PropertyValueSpecification","valueRequired":true,"valueName":"search_term_string"}}],"inLanguage":"es"},{"@type":"Organization","@id":"https:\/\/tugesto.com\/blog\/#organization","name":"tugesto","url":"https:\/\/tugesto.com\/blog\/","logo":{"@type":"ImageObject","inLanguage":"es","@id":"https:\/\/tugesto.com\/blog\/#\/schema\/logo\/image\/","url":"https:\/\/tugesto.com\/blog\/wp-content\/uploads\/2019\/06\/logo_tugesto.png","contentUrl":"https:\/\/tugesto.com\/blog\/wp-content\/uploads\/2019\/06\/logo_tugesto.png","width":190,"height":63,"caption":"tugesto"},"image":{"@id":"https:\/\/tugesto.com\/blog\/#\/schema\/logo\/image\/"},"sameAs":["https:\/\/www.facebook.com\/tugesto\/","https:\/\/www.instagram.com\/tugesto_online\/"]},{"@type":"Person","@id":"https:\/\/tugesto.com\/blog\/#\/schema\/person\/737f4a72f2e3855c9e8df888851bfef9","name":"David Fern\u00e1ndez","image":{"@type":"ImageObject","inLanguage":"es","@id":"https:\/\/tugesto.com\/blog\/wp-content\/uploads\/2024\/05\/david-fernandez.png2882f1d57e6812c9fc588cf346c4e7d0","url":"https:\/\/tugesto.com\/blog\/wp-content\/uploads\/2024\/05\/david-fernandez.png","contentUrl":"https:\/\/tugesto.com\/blog\/wp-content\/uploads\/2024\/05\/david-fernandez.png","caption":"David Fern\u00e1ndez"},"description":"Asesor contable y fiscal"}]}},"authors":[{"term_id":1498,"user_id":12,"is_guest":0,"slug":"david-fernandez","display_name":"David Fern\u00e1ndez","avatar_url":{"url":"https:\/\/tugesto.com\/blog\/wp-content\/uploads\/2024\/05\/david-fernandez.png","url2x":"https:\/\/tugesto.com\/blog\/wp-content\/uploads\/2024\/05\/david-fernandez.png"},"0":null,"1":"","2":"","3":"","4":"","5":"","6":"","7":"","8":""}],"_links":{"self":[{"href":"https:\/\/tugesto.com\/blog\/wp-json\/wp\/v2\/posts\/88","targetHints":{"allow":["GET"]}}],"collection":[{"href":"https:\/\/tugesto.com\/blog\/wp-json\/wp\/v2\/posts"}],"about":[{"href":"https:\/\/tugesto.com\/blog\/wp-json\/wp\/v2\/types\/post"}],"author":[{"embeddable":true,"href":"https:\/\/tugesto.com\/blog\/wp-json\/wp\/v2\/users\/12"}],"replies":[{"embeddable":true,"href":"https:\/\/tugesto.com\/blog\/wp-json\/wp\/v2\/comments?post=88"}],"version-history":[{"count":8,"href":"https:\/\/tugesto.com\/blog\/wp-json\/wp\/v2\/posts\/88\/revisions"}],"predecessor-version":[{"id":36831,"href":"https:\/\/tugesto.com\/blog\/wp-json\/wp\/v2\/posts\/88\/revisions\/36831"}],"wp:featuredmedia":[{"embeddable":true,"href":"https:\/\/tugesto.com\/blog\/wp-json\/wp\/v2\/media\/4793"}],"wp:attachment":[{"href":"https:\/\/tugesto.com\/blog\/wp-json\/wp\/v2\/media?parent=88"}],"wp:term":[{"taxonomy":"category","embeddable":true,"href":"https:\/\/tugesto.com\/blog\/wp-json\/wp\/v2\/categories?post=88"},{"taxonomy":"post_tag","embeddable":true,"href":"https:\/\/tugesto.com\/blog\/wp-json\/wp\/v2\/tags?post=88"},{"taxonomy":"author","embeddable":true,"href":"https:\/\/tugesto.com\/blog\/wp-json\/wp\/v2\/ppma_author?post=88"}],"curies":[{"name":"wp","href":"https:\/\/api.w.org\/{rel}","templated":true}]}}