{"id":8480,"date":"2018-09-14T09:00:31","date_gmt":"2018-09-14T08:00:31","guid":{"rendered":"https:\/\/tugesto.com\/blog\/?p=8480"},"modified":"2024-05-20T08:26:42","modified_gmt":"2024-05-20T06:26:42","slug":"mejora-tu-empleabilidad-con-los-cursos-del-servef","status":"publish","type":"post","link":"https:\/\/tugesto.com\/blog\/mejora-tu-empleabilidad-con-los-cursos-del-servef\/","title":{"rendered":"Mejora tu empleabilidad con los cursos del SERVEF"},"content":{"rendered":"\t\t<div data-elementor-type=\"wp-post\" data-elementor-id=\"8480\" class=\"elementor elementor-8480\" data-elementor-post-type=\"post\">\n\t\t\t\t\t\t<section class=\"elementor-section elementor-top-section elementor-element elementor-element-702eb758 elementor-section-boxed elementor-section-height-default elementor-section-height-default\" data-id=\"702eb758\" data-element_type=\"section\" data-e-type=\"section\">\n\t\t\t\t\t\t<div class=\"elementor-container elementor-column-gap-default\">\n\t\t\t\t\t<div class=\"elementor-column elementor-col-100 elementor-top-column elementor-element elementor-element-34b0a5f9\" data-id=\"34b0a5f9\" data-element_type=\"column\" data-e-type=\"column\">\n\t\t\t<div class=\"elementor-widget-wrap elementor-element-populated\">\n\t\t\t\t\t\t<div class=\"elementor-element elementor-element-10b1350e elementor-widget elementor-widget-text-editor\" data-id=\"10b1350e\" data-element_type=\"widget\" data-e-type=\"widget\" data-widget_type=\"text-editor.default\">\n\t\t\t\t<div class=\"elementor-widget-container\">\n\t\t\t\t\t\t\t\t\t<p><span style=\"color: #4c4f54;\">\u00bfTe encuentras en situaci\u00f3n de desempleo? Si sientes que te has quedado estancado, existen <strong>m\u00faltiples opciones de transformar tu tiempo muerto en productividad<\/strong>. Una opci\u00f3n son los <strong>cursos del SERVEF<\/strong>.<\/span><br \/><span style=\"color: #4c4f54;\">Cada Comunidad Aut\u00f3noma tiene su propio servicio de empleo. En el caso de la Comunidad Valenciana el organismo pertinente es el<\/span> <a href=\"http:\/\/www.servef.gva.es\" target=\"_blank\" rel=\"noopener\">Servici Valenci\u00e0 d\u2019Ocupaci\u00f3 i Formaci\u00f3 (SERVEF)<\/a>.<\/p><p><span style=\"color: #4c4f54;\">El servicio estatal de empleo ofrece formaci\u00f3n gratuita para desempleados que est\u00e9n suscritos como demandantes de empleo activos en el SERVEF. Estos cursos tienen <strong>amplias tem\u00e1ticas y se ofrecen a lo largo de todo el territorio valenciano<\/strong>.<\/span><\/p><p><span style=\"color: #4c4f54;\">Los cursos de formaci\u00f3n son una buena oportunidad para mejorar tu empleabilidad. En ellos, podr\u00e1s adquirir <strong>nuevas competencias para el alcance del \u00e9xito laboral<\/strong>.<\/span><\/p><p><a href=\"http:\/\/tugesto.com\" target=\"_blank\" rel=\"noopener\"><img fetchpriority=\"high\" decoding=\"async\" class=\"alignnone wp-image-14765 size-full\" src=\"https:\/\/tugesto.com\/blog\/wp-content\/uploads\/2020\/01\/asesoria_online_tugesto.jpg\" alt=\"Ahorra tiempo y dinero con nuestra gesti\u00f3n online\" width=\"800\" height=\"241\" srcset=\"https:\/\/tugesto.com\/blog\/wp-content\/uploads\/2020\/01\/asesoria_online_tugesto.jpg 800w, https:\/\/tugesto.com\/blog\/wp-content\/uploads\/2020\/01\/asesoria_online_tugesto-300x90.jpg 300w, https:\/\/tugesto.com\/blog\/wp-content\/uploads\/2020\/01\/asesoria_online_tugesto-768x231.jpg 768w\" sizes=\"(max-width: 800px) 100vw, 800px\" \/><\/a><\/p><h2><span style=\"color: #4c4f54;\">\u00bfA qui\u00e9n va dirigido?<\/span><\/h2><p><span style=\"color: #4c4f54;\">Los cursos del SERVEF se dirigen a <strong>personas en situaci\u00f3n de desempleo que figuren inscritas en el servicio p\u00fablico de empleo<\/strong>. A estos tambi\u00e9n pueden inscribirse personas empleadas. Sin embargo, el requisito es la representaci\u00f3n de al menos un 80% de personas desempleadas.<\/span><\/p><h2><span style=\"color: #4c4f54;\">\u00bfC\u00f3mo accedo a los cursos?<\/span><\/h2><p><span style=\"color: #4c4f54;\">El primer paso para inscribirse a los cursos del SERVEF es <strong>darse de alta como demandante de empleo.<\/strong><\/span><br \/><span style=\"color: #4c4f54;\">Una vez est\u00e1s dado de alta, deber\u00e1s dirigirte al <strong>apartado de cursos de formaci\u00f3n<\/strong> que aparece habilitado en tu perfil personal del SERVEF. Es importante que conozcas que como persona demandante de empleo tienes derecho a formarte a trav\u00e9s de estos cursos formativos.<\/span><\/p><p><span style=\"color: #4c4f54;\">En el apartado de formaci\u00f3n, la plataforma te da opci\u00f3n a filtrar tu b\u00fasqueda por <strong>regi\u00f3n<\/strong>, <strong>c\u00f3digo<\/strong> o <strong>t\u00edtulo<\/strong>. Es decir, si deseas buscar cursos de ingl\u00e9s en Valencia, ser\u00e1n los par\u00e1metros que deber\u00e1s introducir en el buscador. De ese modo, podr\u00e1s comprobar los cursos que quedan disponibles.<\/span><br \/><span style=\"color: #4c4f54;\">Toda la informaci\u00f3n relativa a estos cursos la puedes encontrar en la p\u00e1gina web del<\/span> <a href=\"https:\/\/labora.gva.es\/va\/ciutadania\" target=\"_blank\" rel=\"noopener\">SERVEF<\/a>: <span style=\"color: #4c4f54;\">Servicios al ciudadano &gt; Formaci\u00f3n&gt; Programaci\u00f3n de cursos.<\/span><\/p><h2><span style=\"color: #4c4f54;\">\u00bfC\u00f3mo son?<\/span><\/h2><p><span style=\"color: #4c4f54;\">A lo largo del a\u00f1o, los servicios de empleo publican la lista de oferta formativa. La lista contiene m\u00e1s de un centenar de cursos, por lo que es muy <strong>amplia<\/strong> y de <strong>gran variedad<\/strong> de sector laboral. En ella, puedes consultar la<strong> fecha de inicio<\/strong> y de <strong>finalizaci\u00f3n del curso<\/strong>, <strong>ep\u00edgrafes explicativos<\/strong> con el contenido del curso y los <strong>t\u00edtulos<\/strong> que se pueden obtener con el curso. Las horas realizadas est\u00e1n comprendidas entre <strong>cuatro y seis diarias de lunes a viernes.<\/strong><\/span><\/p><p><span style=\"color: #4c4f54;\">Una vez finalizado el curso o m\u00f3dulo, y solo si se ha completado con \u00e9xito, el alumno obtendr\u00e1 un <strong>certificado individualizado<\/strong> que indique la finalizaci\u00f3n correcta de la formaci\u00f3n. En el caso de los m\u00f3dulos, se indican el n\u00famero de m\u00f3dulos formativos superados y la duraci\u00f3n de cada uno de ellos. Cada curso se compone de distintos m\u00f3dulos y en ocasiones puedes cursar los m\u00f3dulos que componen un curso de forma individual. En ese caso, el certificado har\u00e1 referencia al m\u00f3dulo concreto.<\/span><\/p><h2><span style=\"color: #4c4f54;\">Becas<\/span><\/h2><p><span style=\"color: #4c4f54;\">La persona que haya superado con \u00e9xito el curso puede solicitar una <strong>ayuda<\/strong> en concepto de <strong>transporte, manutenci\u00f3n, alojamiento y manutenci\u00f3n y discapacidad.<\/strong><\/span><br \/><span style=\"color: #4c4f54;\">La cuant\u00eda de la ayuda se determinar\u00e1 en funci\u00f3n de los d\u00edas asistidos. Para el control de asistencia la entidad responsable de la formaci\u00f3n del curso ser\u00e1 la encargada de hacer circular una hoja de listas entre el alumnado.<\/span><\/p><p><span style=\"color: #4c4f54;\">El importe de la ayuda se establece en base a la distancia de la residencia del alumno al centro de formaci\u00f3n de empleo que imparta el curso.\u00a0El importe se hace efectivo a partir de una ratio de al menos 6 kil\u00f3metros. Por cada kil\u00f3metro, la ayuda ascender\u00e1 a <strong>0,19 euros.\u00a0<\/strong><\/span><br \/><span style=\"color: #4c4f54;\">La distancia se determinar\u00e1 mediante la plataforma<\/span> <a href=\"http:\/\/www.cartociudad.es\/visor\/\" target=\"_blank\" rel=\"noopener\">\u00abCartoCiudad\u00bb<\/a> <span style=\"color: #4c4f54;\">del Ministerio de Fomento. La p\u00e1gina web es de acceso libre, abierto y gratuito.<\/span><\/p><p><span style=\"color: #4c4f54;\">La ayuda asciende a <strong>9,70 euros<\/strong> si la asistencia al curso requiere de un desplazamiento de al menos 50 kil\u00f3metros. Si el desplazamiento es superior a 100 km, la ayuda ascender\u00e1 a <strong>66,90 euros<\/strong>.<\/span><br \/><span style=\"color: #4c4f54;\">El alumnado con una discapacidad igual o superior al 33 % podr\u00e1 recibir una ayuda\u00a0de <strong>6,40 euros\u00a0<\/strong>por d\u00eda.<\/span><\/p><h2><span style=\"color: #4c4f54;\">Programaci\u00f3n<\/span><\/h2><p><span style=\"color: #4c4f54;\">En Valencia los cursos se extienden a diferentes municipios. Estos municipios son Aldaia, Alzira, Catarroja, Cheste, Gand\u00eda, Mislata, Ontinyent, Paterna, Pica\u00f1a, Quart de Poblet, Valencia y X\u00e0tiva. En la programaci\u00f3n podr\u00e1s consultar el centro donde se imparte el <strong>curso<\/strong>, el <strong>c\u00f3digo<\/strong>, la <strong>especialidad<\/strong>, las <strong>horas lectivas<\/strong> y el <strong>nivel de conocimientos<\/strong> para acceder al curso.<\/span><\/p><p><span style=\"color: #4c4f54;\">Las tem\u00e1ticas de los cursos son muy variadas. Servicios est\u00e9ticos y de peluquer\u00eda, atenci\u00f3n socio-sanitaria idiomas a fontaner\u00eda y eclecticismo, son entre otros, los que te puedes encontrar.<\/span><\/p><p><span style=\"color: #4c4f54;\">Para realizar una consulta legal entra en<\/span> <a href=\"https:\/\/tugesto.com\" target=\"_blank\" rel=\"noopener\">tugesto.com<\/a>, <span style=\"color: #4c4f54;\">haz clic en prueba gratis y reg\u00edstrate en el escritorio. Una vez te hayas registrado, accede al escritorio y entra en el modulo de consultas legales, que se sit\u00faan dentro del apartado de servicios jur\u00eddicos.<\/span><\/p><p><a href=\"https:\/\/tugesto.com\/?utm_source=blog&amp;utm_medium=entrada&amp;utm_campaign=cursos-servef\" target=\"_blank\" rel=\"noopener\"><img decoding=\"async\" class=\"aligncenter wp-image-7629 size-full\" src=\"https:\/\/tugesto.com\/blog\/wp-content\/uploads\/2017\/11\/consultar-ahora-1.gif\" alt=\"CONSULTAS LEGALES\" width=\"1000\" height=\"600\" \/><\/a><\/p>\t\t\t\t\t\t\t\t<\/div>\n\t\t\t\t<\/div>\n\t\t\t\t\t<\/div>\n\t\t<\/div>\n\t\t\t\t\t<\/div>\n\t\t<\/section>\n\t\t\t\t<\/div>\n\t\t","protected":false},"excerpt":{"rendered":"<p>\u00bfTe encuentras en situaci\u00f3n de desempleo? Si sientes que te has quedado estancado, existen m\u00faltiples opciones de transformar tu tiempo muerto en productividad. Una opci\u00f3n son los cursos del SERVEF. Cada Comunidad Aut\u00f3noma tiene su propio servicio de empleo. En el caso de la Comunidad Valenciana el organismo pertinente es el Servici Valenci\u00e0 d\u2019Ocupaci\u00f3 i [&hellip;]<\/p>\n","protected":false},"author":7,"featured_media":8487,"comment_status":"open","ping_status":"open","sticky":false,"template":"","format":"standard","meta":{"_eb_attr":"","content-type":"","footnotes":""},"categories":[45],"tags":[36,38],"ppma_author":[1493],"class_list":["post-8480","post","type-post","status-publish","format-standard","has-post-thumbnail","hentry","category-laboral","tag-autonomos","tag-pymes"],"yoast_head":"<!-- This site is optimized with the Yoast SEO plugin v27.5 - https:\/\/yoast.com\/product\/yoast-seo-wordpress\/ -->\n<title>Mejora tu empleabilidad con los cursos del SERVEF | tugesto<\/title>\n<meta name=\"description\" content=\"Mejora tu empleabilidad con los cursos del SERVEF. Estos cursos de formaci\u00f3n te permitir\u00e1n mejorar tus competencias profesionales\" \/>\n<meta name=\"robots\" content=\"index, follow, max-snippet:-1, max-image-preview:large, max-video-preview:-1\" \/>\n<link rel=\"canonical\" href=\"https:\/\/tugesto.com\/blog\/mejora-tu-empleabilidad-con-los-cursos-del-servef\/\" \/>\n<meta property=\"og:locale\" content=\"es_ES\" \/>\n<meta property=\"og:type\" content=\"article\" \/>\n<meta property=\"og:title\" content=\"Mejora tu empleabilidad con los cursos del SERVEF | tugesto\" \/>\n<meta property=\"og:description\" content=\"Mejora tu empleabilidad con los cursos del SERVEF. Estos cursos de formaci\u00f3n te permitir\u00e1n mejorar tus competencias profesionales\" \/>\n<meta property=\"og:url\" content=\"https:\/\/tugesto.com\/blog\/mejora-tu-empleabilidad-con-los-cursos-del-servef\/\" \/>\n<meta property=\"og:site_name\" content=\"Blog: \u00a1Aprende a emprender! | tugesto\" \/>\n<meta property=\"article:publisher\" content=\"https:\/\/www.facebook.com\/tugesto\/\" \/>\n<meta property=\"article:published_time\" content=\"2018-09-14T08:00:31+00:00\" \/>\n<meta property=\"article:modified_time\" content=\"2024-05-20T06:26:42+00:00\" \/>\n<meta property=\"og:image\" content=\"https:\/\/tugesto.com\/blog\/wp-content\/uploads\/2018\/09\/post.servef_Mesa-de-trabajo-1-1.jpg\" \/>\n\t<meta property=\"og:image:width\" content=\"750\" \/>\n\t<meta property=\"og:image:height\" content=\"429\" \/>\n\t<meta property=\"og:image:type\" content=\"image\/jpeg\" \/>\n<meta name=\"author\" content=\"\u00c1lvaro Benedito\" \/>\n<meta name=\"twitter:card\" content=\"summary_large_image\" \/>\n<meta name=\"twitter:label1\" content=\"Escrito por\" \/>\n\t<meta name=\"twitter:data1\" content=\"\u00c1lvaro Benedito\" \/>\n\t<meta name=\"twitter:label2\" content=\"Tiempo de lectura\" \/>\n\t<meta name=\"twitter:data2\" content=\"5 minutos\" \/>\n<script type=\"application\/ld+json\" class=\"yoast-schema-graph\">{\"@context\":\"https:\\\/\\\/schema.org\",\"@graph\":[{\"@type\":\"Article\",\"@id\":\"https:\\\/\\\/tugesto.com\\\/blog\\\/mejora-tu-empleabilidad-con-los-cursos-del-servef\\\/#article\",\"isPartOf\":{\"@id\":\"https:\\\/\\\/tugesto.com\\\/blog\\\/mejora-tu-empleabilidad-con-los-cursos-del-servef\\\/\"},\"author\":{\"name\":\"\u00c1lvaro Benedito\",\"@id\":\"https:\\\/\\\/tugesto.com\\\/blog\\\/#\\\/schema\\\/person\\\/2bee1753fa08e2406a0f35883a959ebf\"},\"headline\":\"Mejora tu empleabilidad con los cursos del SERVEF\",\"datePublished\":\"2018-09-14T08:00:31+00:00\",\"dateModified\":\"2024-05-20T06:26:42+00:00\",\"mainEntityOfPage\":{\"@id\":\"https:\\\/\\\/tugesto.com\\\/blog\\\/mejora-tu-empleabilidad-con-los-cursos-del-servef\\\/\"},\"wordCount\":864,\"commentCount\":0,\"publisher\":{\"@id\":\"https:\\\/\\\/tugesto.com\\\/blog\\\/#organization\"},\"image\":{\"@id\":\"https:\\\/\\\/tugesto.com\\\/blog\\\/mejora-tu-empleabilidad-con-los-cursos-del-servef\\\/#primaryimage\"},\"thumbnailUrl\":\"https:\\\/\\\/tugesto.com\\\/blog\\\/wp-content\\\/uploads\\\/2018\\\/09\\\/post.servef_Mesa-de-trabajo-1-1.jpg\",\"keywords\":[\"aut\u00f3nomos\",\"pymes\"],\"articleSection\":[\"Laboral\"],\"inLanguage\":\"es\",\"potentialAction\":[{\"@type\":\"CommentAction\",\"name\":\"Comment\",\"target\":[\"https:\\\/\\\/tugesto.com\\\/blog\\\/mejora-tu-empleabilidad-con-los-cursos-del-servef\\\/#respond\"]}]},{\"@type\":\"WebPage\",\"@id\":\"https:\\\/\\\/tugesto.com\\\/blog\\\/mejora-tu-empleabilidad-con-los-cursos-del-servef\\\/\",\"url\":\"https:\\\/\\\/tugesto.com\\\/blog\\\/mejora-tu-empleabilidad-con-los-cursos-del-servef\\\/\",\"name\":\"Mejora tu empleabilidad con los cursos del SERVEF | tugesto\",\"isPartOf\":{\"@id\":\"https:\\\/\\\/tugesto.com\\\/blog\\\/#website\"},\"primaryImageOfPage\":{\"@id\":\"https:\\\/\\\/tugesto.com\\\/blog\\\/mejora-tu-empleabilidad-con-los-cursos-del-servef\\\/#primaryimage\"},\"image\":{\"@id\":\"https:\\\/\\\/tugesto.com\\\/blog\\\/mejora-tu-empleabilidad-con-los-cursos-del-servef\\\/#primaryimage\"},\"thumbnailUrl\":\"https:\\\/\\\/tugesto.com\\\/blog\\\/wp-content\\\/uploads\\\/2018\\\/09\\\/post.servef_Mesa-de-trabajo-1-1.jpg\",\"datePublished\":\"2018-09-14T08:00:31+00:00\",\"dateModified\":\"2024-05-20T06:26:42+00:00\",\"description\":\"Mejora tu empleabilidad con los cursos del SERVEF. Estos cursos de formaci\u00f3n te permitir\u00e1n mejorar tus competencias profesionales\",\"breadcrumb\":{\"@id\":\"https:\\\/\\\/tugesto.com\\\/blog\\\/mejora-tu-empleabilidad-con-los-cursos-del-servef\\\/#breadcrumb\"},\"inLanguage\":\"es\",\"potentialAction\":[{\"@type\":\"ReadAction\",\"target\":[\"https:\\\/\\\/tugesto.com\\\/blog\\\/mejora-tu-empleabilidad-con-los-cursos-del-servef\\\/\"]}]},{\"@type\":\"ImageObject\",\"inLanguage\":\"es\",\"@id\":\"https:\\\/\\\/tugesto.com\\\/blog\\\/mejora-tu-empleabilidad-con-los-cursos-del-servef\\\/#primaryimage\",\"url\":\"https:\\\/\\\/tugesto.com\\\/blog\\\/wp-content\\\/uploads\\\/2018\\\/09\\\/post.servef_Mesa-de-trabajo-1-1.jpg\",\"contentUrl\":\"https:\\\/\\\/tugesto.com\\\/blog\\\/wp-content\\\/uploads\\\/2018\\\/09\\\/post.servef_Mesa-de-trabajo-1-1.jpg\",\"width\":750,\"height\":429,\"caption\":\"Si te encuentras en situaci\u00f3n de paro los cursos del SERVEF son una buena oportunidad para mejorar tu empleabilidad.\"},{\"@type\":\"BreadcrumbList\",\"@id\":\"https:\\\/\\\/tugesto.com\\\/blog\\\/mejora-tu-empleabilidad-con-los-cursos-del-servef\\\/#breadcrumb\",\"itemListElement\":[{\"@type\":\"ListItem\",\"position\":1,\"name\":\"Home\",\"item\":\"https:\\\/\\\/tugesto.com\\\/blog\\\/\"},{\"@type\":\"ListItem\",\"position\":2,\"name\":\"Laboral\",\"item\":\"https:\\\/\\\/tugesto.com\\\/blog\\\/category\\\/laboral\\\/\"},{\"@type\":\"ListItem\",\"position\":3,\"name\":\"Mejora tu empleabilidad con los cursos del SERVEF\"}]},{\"@type\":\"WebSite\",\"@id\":\"https:\\\/\\\/tugesto.com\\\/blog\\\/#website\",\"url\":\"https:\\\/\\\/tugesto.com\\\/blog\\\/\",\"name\":\"Blog tugesto\",\"description\":\"\ud83d\udcda Blog especializado para aut\u00f3nomos y pymes. Encuentra semanalmente nuevos posts, recursos y gu\u00edas. La ayuda que necesitas para tu negocio.\",\"publisher\":{\"@id\":\"https:\\\/\\\/tugesto.com\\\/blog\\\/#organization\"},\"potentialAction\":[{\"@type\":\"SearchAction\",\"target\":{\"@type\":\"EntryPoint\",\"urlTemplate\":\"https:\\\/\\\/tugesto.com\\\/blog\\\/?s={search_term_string}\"},\"query-input\":{\"@type\":\"PropertyValueSpecification\",\"valueRequired\":true,\"valueName\":\"search_term_string\"}}],\"inLanguage\":\"es\"},{\"@type\":\"Organization\",\"@id\":\"https:\\\/\\\/tugesto.com\\\/blog\\\/#organization\",\"name\":\"tugesto\",\"url\":\"https:\\\/\\\/tugesto.com\\\/blog\\\/\",\"logo\":{\"@type\":\"ImageObject\",\"inLanguage\":\"es\",\"@id\":\"https:\\\/\\\/tugesto.com\\\/blog\\\/#\\\/schema\\\/logo\\\/image\\\/\",\"url\":\"https:\\\/\\\/tugesto.com\\\/blog\\\/wp-content\\\/uploads\\\/2019\\\/06\\\/logo_tugesto.png\",\"contentUrl\":\"https:\\\/\\\/tugesto.com\\\/blog\\\/wp-content\\\/uploads\\\/2019\\\/06\\\/logo_tugesto.png\",\"width\":190,\"height\":63,\"caption\":\"tugesto\"},\"image\":{\"@id\":\"https:\\\/\\\/tugesto.com\\\/blog\\\/#\\\/schema\\\/logo\\\/image\\\/\"},\"sameAs\":[\"https:\\\/\\\/www.facebook.com\\\/tugesto\\\/\",\"https:\\\/\\\/www.instagram.com\\\/tugesto_online\\\/\"]},{\"@type\":\"Person\",\"@id\":\"https:\\\/\\\/tugesto.com\\\/blog\\\/#\\\/schema\\\/person\\\/2bee1753fa08e2406a0f35883a959ebf\",\"name\":\"\u00c1lvaro Benedito\",\"image\":{\"@type\":\"ImageObject\",\"inLanguage\":\"es\",\"@id\":\"https:\\\/\\\/tugesto.com\\\/blog\\\/wp-content\\\/uploads\\\/2024\\\/05\\\/alvaro-benedito.jpg30bcd1f50f6dfb47ccea137cd569bbbe\",\"url\":\"https:\\\/\\\/tugesto.com\\\/blog\\\/wp-content\\\/uploads\\\/2024\\\/05\\\/alvaro-benedito.jpg\",\"contentUrl\":\"https:\\\/\\\/tugesto.com\\\/blog\\\/wp-content\\\/uploads\\\/2024\\\/05\\\/alvaro-benedito.jpg\",\"caption\":\"\u00c1lvaro Benedito\"},\"description\":\"Responsable de redacci\u00f3n y Social Media\",\"sameAs\":[\"https:\\\/\\\/www.linkedin.com\\\/in\\\/%C3%A1lvaro-benedito-mart%C3%ADnez-b377119b\\\/\"]}]}<\/script>\n<!-- \/ Yoast SEO plugin. -->","yoast_head_json":{"title":"Mejora tu empleabilidad con los cursos del SERVEF | tugesto","description":"Mejora tu empleabilidad con los cursos del SERVEF. Estos cursos de formaci\u00f3n te permitir\u00e1n mejorar tus competencias profesionales","robots":{"index":"index","follow":"follow","max-snippet":"max-snippet:-1","max-image-preview":"max-image-preview:large","max-video-preview":"max-video-preview:-1"},"canonical":"https:\/\/tugesto.com\/blog\/mejora-tu-empleabilidad-con-los-cursos-del-servef\/","og_locale":"es_ES","og_type":"article","og_title":"Mejora tu empleabilidad con los cursos del SERVEF | tugesto","og_description":"Mejora tu empleabilidad con los cursos del SERVEF. Estos cursos de formaci\u00f3n te permitir\u00e1n mejorar tus competencias profesionales","og_url":"https:\/\/tugesto.com\/blog\/mejora-tu-empleabilidad-con-los-cursos-del-servef\/","og_site_name":"Blog: \u00a1Aprende a emprender! | tugesto","article_publisher":"https:\/\/www.facebook.com\/tugesto\/","article_published_time":"2018-09-14T08:00:31+00:00","article_modified_time":"2024-05-20T06:26:42+00:00","og_image":[{"width":750,"height":429,"url":"https:\/\/tugesto.com\/blog\/wp-content\/uploads\/2018\/09\/post.servef_Mesa-de-trabajo-1-1.jpg","type":"image\/jpeg"}],"author":"\u00c1lvaro Benedito","twitter_card":"summary_large_image","twitter_misc":{"Escrito por":"\u00c1lvaro Benedito","Tiempo de lectura":"5 minutos"},"schema":{"@context":"https:\/\/schema.org","@graph":[{"@type":"Article","@id":"https:\/\/tugesto.com\/blog\/mejora-tu-empleabilidad-con-los-cursos-del-servef\/#article","isPartOf":{"@id":"https:\/\/tugesto.com\/blog\/mejora-tu-empleabilidad-con-los-cursos-del-servef\/"},"author":{"name":"\u00c1lvaro Benedito","@id":"https:\/\/tugesto.com\/blog\/#\/schema\/person\/2bee1753fa08e2406a0f35883a959ebf"},"headline":"Mejora tu empleabilidad con los cursos del SERVEF","datePublished":"2018-09-14T08:00:31+00:00","dateModified":"2024-05-20T06:26:42+00:00","mainEntityOfPage":{"@id":"https:\/\/tugesto.com\/blog\/mejora-tu-empleabilidad-con-los-cursos-del-servef\/"},"wordCount":864,"commentCount":0,"publisher":{"@id":"https:\/\/tugesto.com\/blog\/#organization"},"image":{"@id":"https:\/\/tugesto.com\/blog\/mejora-tu-empleabilidad-con-los-cursos-del-servef\/#primaryimage"},"thumbnailUrl":"https:\/\/tugesto.com\/blog\/wp-content\/uploads\/2018\/09\/post.servef_Mesa-de-trabajo-1-1.jpg","keywords":["aut\u00f3nomos","pymes"],"articleSection":["Laboral"],"inLanguage":"es","potentialAction":[{"@type":"CommentAction","name":"Comment","target":["https:\/\/tugesto.com\/blog\/mejora-tu-empleabilidad-con-los-cursos-del-servef\/#respond"]}]},{"@type":"WebPage","@id":"https:\/\/tugesto.com\/blog\/mejora-tu-empleabilidad-con-los-cursos-del-servef\/","url":"https:\/\/tugesto.com\/blog\/mejora-tu-empleabilidad-con-los-cursos-del-servef\/","name":"Mejora tu empleabilidad con los cursos del SERVEF | tugesto","isPartOf":{"@id":"https:\/\/tugesto.com\/blog\/#website"},"primaryImageOfPage":{"@id":"https:\/\/tugesto.com\/blog\/mejora-tu-empleabilidad-con-los-cursos-del-servef\/#primaryimage"},"image":{"@id":"https:\/\/tugesto.com\/blog\/mejora-tu-empleabilidad-con-los-cursos-del-servef\/#primaryimage"},"thumbnailUrl":"https:\/\/tugesto.com\/blog\/wp-content\/uploads\/2018\/09\/post.servef_Mesa-de-trabajo-1-1.jpg","datePublished":"2018-09-14T08:00:31+00:00","dateModified":"2024-05-20T06:26:42+00:00","description":"Mejora tu empleabilidad con los cursos del SERVEF. Estos cursos de formaci\u00f3n te permitir\u00e1n mejorar tus competencias profesionales","breadcrumb":{"@id":"https:\/\/tugesto.com\/blog\/mejora-tu-empleabilidad-con-los-cursos-del-servef\/#breadcrumb"},"inLanguage":"es","potentialAction":[{"@type":"ReadAction","target":["https:\/\/tugesto.com\/blog\/mejora-tu-empleabilidad-con-los-cursos-del-servef\/"]}]},{"@type":"ImageObject","inLanguage":"es","@id":"https:\/\/tugesto.com\/blog\/mejora-tu-empleabilidad-con-los-cursos-del-servef\/#primaryimage","url":"https:\/\/tugesto.com\/blog\/wp-content\/uploads\/2018\/09\/post.servef_Mesa-de-trabajo-1-1.jpg","contentUrl":"https:\/\/tugesto.com\/blog\/wp-content\/uploads\/2018\/09\/post.servef_Mesa-de-trabajo-1-1.jpg","width":750,"height":429,"caption":"Si te encuentras en situaci\u00f3n de paro los cursos del SERVEF son una buena oportunidad para mejorar tu empleabilidad."},{"@type":"BreadcrumbList","@id":"https:\/\/tugesto.com\/blog\/mejora-tu-empleabilidad-con-los-cursos-del-servef\/#breadcrumb","itemListElement":[{"@type":"ListItem","position":1,"name":"Home","item":"https:\/\/tugesto.com\/blog\/"},{"@type":"ListItem","position":2,"name":"Laboral","item":"https:\/\/tugesto.com\/blog\/category\/laboral\/"},{"@type":"ListItem","position":3,"name":"Mejora tu empleabilidad con los cursos del SERVEF"}]},{"@type":"WebSite","@id":"https:\/\/tugesto.com\/blog\/#website","url":"https:\/\/tugesto.com\/blog\/","name":"Blog tugesto","description":"\ud83d\udcda Blog especializado para aut\u00f3nomos y pymes. Encuentra semanalmente nuevos posts, recursos y gu\u00edas. La ayuda que necesitas para tu negocio.","publisher":{"@id":"https:\/\/tugesto.com\/blog\/#organization"},"potentialAction":[{"@type":"SearchAction","target":{"@type":"EntryPoint","urlTemplate":"https:\/\/tugesto.com\/blog\/?s={search_term_string}"},"query-input":{"@type":"PropertyValueSpecification","valueRequired":true,"valueName":"search_term_string"}}],"inLanguage":"es"},{"@type":"Organization","@id":"https:\/\/tugesto.com\/blog\/#organization","name":"tugesto","url":"https:\/\/tugesto.com\/blog\/","logo":{"@type":"ImageObject","inLanguage":"es","@id":"https:\/\/tugesto.com\/blog\/#\/schema\/logo\/image\/","url":"https:\/\/tugesto.com\/blog\/wp-content\/uploads\/2019\/06\/logo_tugesto.png","contentUrl":"https:\/\/tugesto.com\/blog\/wp-content\/uploads\/2019\/06\/logo_tugesto.png","width":190,"height":63,"caption":"tugesto"},"image":{"@id":"https:\/\/tugesto.com\/blog\/#\/schema\/logo\/image\/"},"sameAs":["https:\/\/www.facebook.com\/tugesto\/","https:\/\/www.instagram.com\/tugesto_online\/"]},{"@type":"Person","@id":"https:\/\/tugesto.com\/blog\/#\/schema\/person\/2bee1753fa08e2406a0f35883a959ebf","name":"\u00c1lvaro Benedito","image":{"@type":"ImageObject","inLanguage":"es","@id":"https:\/\/tugesto.com\/blog\/wp-content\/uploads\/2024\/05\/alvaro-benedito.jpg30bcd1f50f6dfb47ccea137cd569bbbe","url":"https:\/\/tugesto.com\/blog\/wp-content\/uploads\/2024\/05\/alvaro-benedito.jpg","contentUrl":"https:\/\/tugesto.com\/blog\/wp-content\/uploads\/2024\/05\/alvaro-benedito.jpg","caption":"\u00c1lvaro Benedito"},"description":"Responsable de redacci\u00f3n y Social Media","sameAs":["https:\/\/www.linkedin.com\/in\/%C3%A1lvaro-benedito-mart%C3%ADnez-b377119b\/"]}]}},"authors":[{"term_id":1493,"user_id":7,"is_guest":0,"slug":"alvaro-benedito","display_name":"\u00c1lvaro Benedito","avatar_url":{"url":"https:\/\/tugesto.com\/blog\/wp-content\/uploads\/2024\/05\/alvaro-benedito.jpg","url2x":"https:\/\/tugesto.com\/blog\/wp-content\/uploads\/2024\/05\/alvaro-benedito.jpg"},"0":null,"1":"","2":"","3":"","4":"","5":"","6":"","7":"","8":""}],"_links":{"self":[{"href":"https:\/\/tugesto.com\/blog\/wp-json\/wp\/v2\/posts\/8480","targetHints":{"allow":["GET"]}}],"collection":[{"href":"https:\/\/tugesto.com\/blog\/wp-json\/wp\/v2\/posts"}],"about":[{"href":"https:\/\/tugesto.com\/blog\/wp-json\/wp\/v2\/types\/post"}],"author":[{"embeddable":true,"href":"https:\/\/tugesto.com\/blog\/wp-json\/wp\/v2\/users\/7"}],"replies":[{"embeddable":true,"href":"https:\/\/tugesto.com\/blog\/wp-json\/wp\/v2\/comments?post=8480"}],"version-history":[{"count":11,"href":"https:\/\/tugesto.com\/blog\/wp-json\/wp\/v2\/posts\/8480\/revisions"}],"predecessor-version":[{"id":35533,"href":"https:\/\/tugesto.com\/blog\/wp-json\/wp\/v2\/posts\/8480\/revisions\/35533"}],"wp:featuredmedia":[{"embeddable":true,"href":"https:\/\/tugesto.com\/blog\/wp-json\/wp\/v2\/media\/8487"}],"wp:attachment":[{"href":"https:\/\/tugesto.com\/blog\/wp-json\/wp\/v2\/media?parent=8480"}],"wp:term":[{"taxonomy":"category","embeddable":true,"href":"https:\/\/tugesto.com\/blog\/wp-json\/wp\/v2\/categories?post=8480"},{"taxonomy":"post_tag","embeddable":true,"href":"https:\/\/tugesto.com\/blog\/wp-json\/wp\/v2\/tags?post=8480"},{"taxonomy":"author","embeddable":true,"href":"https:\/\/tugesto.com\/blog\/wp-json\/wp\/v2\/ppma_author?post=8480"}],"curies":[{"name":"wp","href":"https:\/\/api.w.org\/{rel}","templated":true}]}}