{"id":8456,"date":"2018-09-10T07:00:19","date_gmt":"2018-09-10T06:00:19","guid":{"rendered":"https:\/\/tugesto.com\/blog\/?p=8456"},"modified":"2024-05-20T08:27:02","modified_gmt":"2024-05-20T06:27:02","slug":"la-tramitacion-electronica-sera-obligatoria-para-los-autonomos-a-partir-del-1-de-octubre","status":"publish","type":"post","link":"https:\/\/tugesto.com\/blog\/la-tramitacion-electronica-sera-obligatoria-para-los-autonomos-a-partir-del-1-de-octubre\/","title":{"rendered":"La tramitaci\u00f3n electr\u00f3nica ser\u00e1 obligatoria para aut\u00f3nomos a partir del 1 de octubre 2018"},"content":{"rendered":"\t\t<div data-elementor-type=\"wp-post\" data-elementor-id=\"8456\" class=\"elementor elementor-8456\" data-elementor-post-type=\"post\">\n\t\t\t\t\t\t<section class=\"elementor-section elementor-top-section elementor-element elementor-element-765e5ad9 elementor-section-boxed elementor-section-height-default elementor-section-height-default\" data-id=\"765e5ad9\" data-element_type=\"section\">\n\t\t\t\t\t\t<div class=\"elementor-container elementor-column-gap-default\">\n\t\t\t\t\t<div class=\"elementor-column elementor-col-100 elementor-top-column elementor-element elementor-element-76ff9c1c\" data-id=\"76ff9c1c\" data-element_type=\"column\">\n\t\t\t<div class=\"elementor-widget-wrap elementor-element-populated\">\n\t\t\t\t\t\t<div class=\"elementor-element elementor-element-546d2b34 elementor-widget elementor-widget-text-editor\" data-id=\"546d2b34\" data-element_type=\"widget\" data-widget_type=\"text-editor.default\">\n\t\t\t\t<div class=\"elementor-widget-container\">\n\t\t\t\t\t\t\t\t\t<p><span style=\"color: #4c4f54;\">Es oficial: la Seguridad Social ha confirmado que desde principios de octubre de 2018 los<strong> trabajadores aut\u00f3nomos\u00a0<\/strong>o por cuenta propia <strong>deber\u00e1n emplear de manera obligatoria\u00a0la tramitaci\u00f3n electr\u00f3nica<\/strong>.<\/span><\/p><p><span style=\"color: #4c4f54;\">Los trabajadores tendr\u00e1n que gestionar sus tr\u00e1mites a trav\u00e9s del<\/span> <a href=\"http:\/\/www.seg-social.es\/wps\/portal\/wss\/internet\/InformacionUtil\/5300\/1490\" target=\"_blank\" rel=\"noopener\"><strong>sistema RED<\/strong><\/a><strong>\u00a0<\/strong><span style=\"color: #4c4f54;\">mediante un autorizado red en representaci\u00f3n del trabajador aut\u00f3nomo, o directamente hacerlo ellos mismos a trav\u00e9s de la<\/span> <strong><a href=\"https:\/\/sede.seg-social.gob.es\/wps\/portal\/sede\/sede\/Inicio\/!ut\/p\/z1\/hY4xD4IwFIR_iwMr7zVVIm4djFFxMIaIbzFASsEUSkqFvy9RFxPF2-7yXe6AIAFq0r5SqatMk-rRXyi4chbMWYgs2uB2jSI-7OOQHzmGDM5PAH9IINC_Pk0j-AYmJnZASpvsdVc0GV8qICsLaaX173aMS-fabuWhh8Mw-MoYpaWfm9rDb5XSdA6STxJOsoO2TvC20H1UiNkDPeAReQ!!\/dz\/d5\/L2dBISEvZ0FBIS9nQSEh\/\" target=\"_blank\" rel=\"noopener\">SEDESS<\/a>,\u00a0<\/strong><span style=\"color: #4c4f54;\">los servicios telem\u00e1ticos de la Sede Electr\u00f3nica de la Seguridad Social.<\/span><\/p><p><span style=\"color: #4c4f54;\">As\u00ed lo marca la Orden ESS\/484\/2013 modificada por la<\/span> <a href=\"http:\/\/www.boe.es\/boe\/dias\/2018\/03\/06\/pdfs\/BOE-A-2018-3080.pdf\" target=\"_blank\" rel=\"noopener\">Orden Ministerial ESS\/214\/2018<\/a> <span style=\"color: #4c4f54;\">del 1 de marzo.<\/span><br \/><span style=\"color: #4c4f54;\">Es por eso que a continuaci\u00f3n te aclararemos cuestiones fundamentales para acogerte con \u00e9xito a la nueva normativa.<\/span><\/p><p><a href=\"http:\/\/tugesto.com\" target=\"_blank\" rel=\"noopener\"><img fetchpriority=\"high\" decoding=\"async\" class=\"alignnone wp-image-14765 size-full\" src=\"https:\/\/tugesto.com\/blog\/wp-content\/uploads\/2020\/01\/asesoria_online_tugesto.jpg\" alt=\"Ahorra tiempo y dinero con nuestra gesti\u00f3n online\" width=\"800\" height=\"241\" srcset=\"https:\/\/tugesto.com\/blog\/wp-content\/uploads\/2020\/01\/asesoria_online_tugesto.jpg 800w, https:\/\/tugesto.com\/blog\/wp-content\/uploads\/2020\/01\/asesoria_online_tugesto-300x90.jpg 300w, https:\/\/tugesto.com\/blog\/wp-content\/uploads\/2020\/01\/asesoria_online_tugesto-768x231.jpg 768w\" sizes=\"(max-width: 800px) 100vw, 800px\" \/><\/a><\/p><h2><span style=\"color: #4c4f54;\">\u00bfA qui\u00e9nes afecta?<\/span><\/h2><p><span style=\"color: #4c4f54;\">Los trabajadores que tendr\u00e1n que acogerse son los <strong>trabajadores aut\u00f3nomos<\/strong>, los <strong>trabajadores del Sistema Especial de Trabajadores Agrarios (SETA)<\/strong> y los del <strong>grupo I del R\u00e9gimen Especial de Trabajadores del Mar.<\/strong><\/span><\/p><h2><span style=\"color: #4c4f54;\">\u00bfD\u00f3nde se gestiona?<\/span><\/h2><p><span style=\"color: #4c4f54;\">La Seguridad Social ha indicado en su p\u00e1gina web que el aut\u00f3nomo podr\u00e1 realizar sus gestiones mediante <strong>el Sistema RED\u00a0<\/strong>(Remisi\u00f3n Electr\u00f3nica de Datos) o mediante la Sede Electr\u00f3nica de la Seguridad Social <strong>(SEDESS).<\/strong><\/span><\/p><p><span style=\"color: #4c4f54;\">Si no sabes entrar al Sistema RED o tienes dudas, en<\/span> <a href=\"https:\/\/tugesto.com\/blog\/sistema-red-de-la-seguridad-social\/\" target=\"_blank\" rel=\"noopener\">Sistema RED de la Seguridad Social<\/a> <span style=\"color: #4c4f54;\">ya te contamos qu\u00e9 es el sistema RED y c\u00f3mo darse de alta.<\/span><\/p><p><span style=\"color: #4c4f54;\">Si queremos\u00a0<strong>acceder a los servicios de la SEDESS, <\/strong>dispones de\u00a0varias opciones. Puedes hacerlo a trav\u00e9s del <strong>certificado electr\u00f3nico\u00a0<\/strong>de la Seguridad Social, del <strong>DNI electr\u00f3nico <\/strong>o del <strong>Sistema Cl@ve.<\/strong><\/span><\/p><h2 style=\"text-align: left;\"><span style=\"color: #4c4f54;\">\u00bfQu\u00e9 tipo de tr\u00e1mites puedo realizar electr\u00f3nicamente?<\/span><\/h2><p><span style=\"color: #4c4f54;\">La novedad de esta modificaci\u00f3n es que la obligatoriedad se extiende a la <strong>recepci\u00f3n<\/strong> y la <strong>firma de notificaciones<\/strong>. Esta se realizar\u00e1 mediante la SEDESS.<\/span><\/p><p><span style=\"color: #4c4f54;\">Los principales tr\u00e1mites que podemos realizar son la <strong>afiliaci\u00f3n<\/strong>, la <strong>cotizaci\u00f3n<\/strong>, la <strong>recaudaci\u00f3n\u00a0<\/strong>y las\u00a0<strong>prestaciones<\/strong>. Sin embargo, no son las \u00fanicas. \u00a0La <strong>recaudaci\u00f3n\u00a0<\/strong>y las <strong>pensiones\u00a0<\/strong>tambi\u00e9n se \u00a0gestionan electr\u00f3nicamente.<\/span><\/p><p><span style=\"color: #4c4f54;\">En la afiliaci\u00f3n podremos gestionar los convenios especiales, las altas, bajas y variaciones de datos de los trabajos y la obtenci\u00f3n del N\u00famero de la Seguridad Social.<\/span><\/p><h2><span style=\"color: #4c4f54;\">\u00bfC\u00f3mo hacerlo?<\/span><\/h2><p><span style=\"color: #4c4f54;\">El n\u00famero de la Seguridad Social se tramita mediante el Modelo TA1. Con \u00e9l, se adjuntar\u00e1 el DNI y el Pasaporte o la Tarjeta de Extranjer\u00eda.<\/span><br \/><span style=\"color: #4c4f54;\">Si queremos dar de baja\/alta o modificar datos de un trabajador, has de hacerlo mediante el modelo TA2\/S o TA2\/S-Simplificado.<\/span><\/p><p><span style=\"color: #4c4f54;\">Para tramitar los convenios especiales ordinarios debemos presentar el modelo TA-0040 y acreditar 1080 d\u00edas cotizados en los 12 a\u00f1os anteriores a tu situaci\u00f3n actual.<\/span><br \/><span style=\"color: #4c4f54;\">Por otro lado, los <strong>aplazamientos de deudas\u00a0<\/strong>y la <strong>recaudaci\u00f3n por v\u00eda ejecutiva\u00a0<\/strong>son las <strong>cotizaciones\u00a0<\/strong>que podemos realizar.<\/span><\/p><p><span style=\"color: #4c4f54;\">Para los aplazamientos de deudas , los modelos que debemos presentar son el\u00a0<strong>TC 17\/10 Solicitud de aplazamiento para el pago de deudas con la Seguridad Social,\u00a0TC 17\/11 Reconocimiento de deudas con la Seguridad Social,\u00a0TC de Liquidaci\u00f3n inaplazable<\/strong> y\u00a0<strong>TC-2 Relaci\u00f3n nominal de los trabajadores.<\/strong><\/span><br \/><span style=\"color: #4c4f54;\">Si queremos tramitar la <strong>recaudaci\u00f3n,\u00a0<\/strong>se puede realizar el <strong>pago de la deuda\u00a0<\/strong>o interponer un <strong>Recurso de Alzada<\/strong>. Para realizar el pago de la deuda existe el documento de pago, que va incluido en la Providencia de Apremio. Sin embargo, no existe modelo oficial para el Recurso de Alzada.<\/span><\/p><p><span style=\"color: #4c4f54;\">Para gestionar las <strong>prestaciones<\/strong>, tambi\u00e9n podemos tramitar online los partes de baja o alta m\u00e9dica.<\/span><br \/><span style=\"color: #4c4f54;\">Adem\u00e1s, se incluye en estas diligencias las <strong>prestaciones de maternidad y paternidad<\/strong>. Para la prestaci\u00f3n de maternidad, el facultativo del Servicio P\u00fablico de Salud expedir\u00e1 el informe correspondiente. Tambi\u00e9n se deber\u00e1 presentar la solicitud en los modelos normalizados y la documentaci\u00f3n personal y espec\u00edfica de acuerdo con cada caso, como ocurre con la prestaci\u00f3n por paternidad.<\/span><\/p><h2><span style=\"color: #4c4f54;\">Sobre tugesto<\/span><\/h2><p><span style=\"color: #4c4f54;\">A trav\u00e9s de nuestra plataforma<\/span> (<a href=\"http:\/\/www.tugesto.com\" target=\"_blank\" rel=\"noopener\">tugesto.com<\/a>) <span style=\"color: #4c4f54;\"><strong>podr\u00e1s gestionar todos los tr\u00e1mites vinculados a tu negocio<\/strong>. Contacta con nuestro equipo de abogados y asesores que te ayudar\u00e1n con la gesti\u00f3n jur\u00eddica, laboral, contable y fiscal de tu empresa.<\/span><\/p><p><span style=\"color: #4c4f54;\">Para contratar la gesti\u00f3n de la contabilidad y fiscalidad, selecciona tu forma jur\u00eddica, personaliza tu plan y elige los servicios que deseas contratar.<\/span><\/p><p><br \/><a href=\"https:\/\/tugesto.com\/?utm_source=blog&amp;utm_medium=entrada&amp;utm_campaign=tramit-elect-auton\" target=\"_blank\" rel=\"noopener\"><img decoding=\"async\" class=\"aligncenter wp-image-7629 size-full\" src=\"https:\/\/tugesto.com\/blog\/wp-content\/uploads\/2017\/11\/consultar-ahora-1.gif\" alt=\"CONSULTAS LEGALES\" width=\"1000\" height=\"600\" \/><\/a><\/p>\t\t\t\t\t\t\t\t<\/div>\n\t\t\t\t<\/div>\n\t\t\t\t\t<\/div>\n\t\t<\/div>\n\t\t\t\t\t<\/div>\n\t\t<\/section>\n\t\t\t\t<\/div>\n\t\t","protected":false},"excerpt":{"rendered":"<p>Es oficial: la Seguridad Social ha confirmado que desde principios de octubre de 2018 los trabajadores aut\u00f3nomos\u00a0o por cuenta propia deber\u00e1n emplear de manera obligatoria\u00a0la tramitaci\u00f3n electr\u00f3nica. Los trabajadores tendr\u00e1n que gestionar sus tr\u00e1mites a trav\u00e9s del sistema RED\u00a0mediante un autorizado red en representaci\u00f3n del trabajador aut\u00f3nomo, o directamente hacerlo ellos mismos a trav\u00e9s de [&hellip;]<\/p>\n","protected":false},"author":8,"featured_media":8463,"comment_status":"open","ping_status":"open","sticky":false,"template":"","format":"standard","meta":{"_eb_attr":"","content-type":"","footnotes":""},"categories":[14],"tags":[36,38],"ppma_author":[1494],"class_list":["post-8456","post","type-post","status-publish","format-standard","has-post-thumbnail","hentry","category-contabilidad-y-fiscal","tag-autonomos","tag-pymes"],"yoast_head":"<!-- This site is optimized with the Yoast SEO plugin v26.8 - https:\/\/yoast.com\/product\/yoast-seo-wordpress\/ -->\n<title>Tramitaci\u00f3n electr\u00f3nica obligatoria para aut\u00f3nomos | tugesto<\/title>\n<meta name=\"description\" content=\"Los aut\u00f3nomos deber\u00e1n usar la tramitaci\u00f3n electr\u00f3nica de forma obligatoria a trav\u00e9s del sistema RED\/Sede Electr\u00f3nica de la SS\" \/>\n<meta name=\"robots\" content=\"index, follow, max-snippet:-1, max-image-preview:large, max-video-preview:-1\" \/>\n<link rel=\"canonical\" href=\"https:\/\/tugesto.com\/blog\/la-tramitacion-electronica-sera-obligatoria-para-los-autonomos-a-partir-del-1-de-octubre\/\" \/>\n<meta property=\"og:locale\" content=\"es_ES\" \/>\n<meta property=\"og:type\" content=\"article\" \/>\n<meta property=\"og:title\" content=\"Tramitaci\u00f3n electr\u00f3nica obligatoria para aut\u00f3nomos | tugesto\" \/>\n<meta property=\"og:description\" content=\"Los aut\u00f3nomos deber\u00e1n usar la tramitaci\u00f3n electr\u00f3nica de forma obligatoria a trav\u00e9s del sistema RED\/Sede Electr\u00f3nica de la SS\" \/>\n<meta property=\"og:url\" content=\"https:\/\/tugesto.com\/blog\/la-tramitacion-electronica-sera-obligatoria-para-los-autonomos-a-partir-del-1-de-octubre\/\" \/>\n<meta property=\"og:site_name\" content=\"Blog: \u00a1Aprende a emprender! | tugesto\" \/>\n<meta property=\"article:publisher\" content=\"https:\/\/www.facebook.com\/tugesto\/\" \/>\n<meta property=\"article:published_time\" content=\"2018-09-10T06:00:19+00:00\" \/>\n<meta property=\"article:modified_time\" content=\"2024-05-20T06:27:02+00:00\" \/>\n<meta property=\"og:image\" content=\"https:\/\/tugesto.com\/blog\/wp-content\/uploads\/2018\/09\/blog-seguridadsocial.jpg\" \/>\n\t<meta property=\"og:image:width\" content=\"750\" \/>\n\t<meta property=\"og:image:height\" content=\"429\" \/>\n\t<meta property=\"og:image:type\" content=\"image\/jpeg\" \/>\n<meta name=\"author\" content=\"Esteban Escribano\" \/>\n<meta name=\"twitter:card\" content=\"summary_large_image\" \/>\n<meta name=\"twitter:label1\" content=\"Escrito por\" \/>\n\t<meta name=\"twitter:data1\" content=\"Esteban Escribano\" \/>\n\t<meta name=\"twitter:label2\" content=\"Tiempo de lectura\" \/>\n\t<meta name=\"twitter:data2\" content=\"4 minutos\" \/>\n<script type=\"application\/ld+json\" class=\"yoast-schema-graph\">{\"@context\":\"https:\/\/schema.org\",\"@graph\":[{\"@type\":\"Article\",\"@id\":\"https:\/\/tugesto.com\/blog\/la-tramitacion-electronica-sera-obligatoria-para-los-autonomos-a-partir-del-1-de-octubre\/#article\",\"isPartOf\":{\"@id\":\"https:\/\/tugesto.com\/blog\/la-tramitacion-electronica-sera-obligatoria-para-los-autonomos-a-partir-del-1-de-octubre\/\"},\"author\":{\"name\":\"Esteban Escribano\",\"@id\":\"https:\/\/tugesto.com\/blog\/#\/schema\/person\/f210b25a9ff7b95404fdcd6d6e7d21e6\"},\"headline\":\"La tramitaci\u00f3n electr\u00f3nica ser\u00e1 obligatoria para aut\u00f3nomos a partir del 1 de octubre 2018\",\"datePublished\":\"2018-09-10T06:00:19+00:00\",\"dateModified\":\"2024-05-20T06:27:02+00:00\",\"mainEntityOfPage\":{\"@id\":\"https:\/\/tugesto.com\/blog\/la-tramitacion-electronica-sera-obligatoria-para-los-autonomos-a-partir-del-1-de-octubre\/\"},\"wordCount\":731,\"commentCount\":0,\"publisher\":{\"@id\":\"https:\/\/tugesto.com\/blog\/#organization\"},\"image\":{\"@id\":\"https:\/\/tugesto.com\/blog\/la-tramitacion-electronica-sera-obligatoria-para-los-autonomos-a-partir-del-1-de-octubre\/#primaryimage\"},\"thumbnailUrl\":\"https:\/\/tugesto.com\/blog\/wp-content\/uploads\/2018\/09\/blog-seguridadsocial.jpg\",\"keywords\":[\"aut\u00f3nomos\",\"pymes\"],\"articleSection\":[\"Contabilidad y Fiscal\"],\"inLanguage\":\"es\",\"potentialAction\":[{\"@type\":\"CommentAction\",\"name\":\"Comment\",\"target\":[\"https:\/\/tugesto.com\/blog\/la-tramitacion-electronica-sera-obligatoria-para-los-autonomos-a-partir-del-1-de-octubre\/#respond\"]}]},{\"@type\":\"WebPage\",\"@id\":\"https:\/\/tugesto.com\/blog\/la-tramitacion-electronica-sera-obligatoria-para-los-autonomos-a-partir-del-1-de-octubre\/\",\"url\":\"https:\/\/tugesto.com\/blog\/la-tramitacion-electronica-sera-obligatoria-para-los-autonomos-a-partir-del-1-de-octubre\/\",\"name\":\"Tramitaci\u00f3n electr\u00f3nica obligatoria para aut\u00f3nomos | tugesto\",\"isPartOf\":{\"@id\":\"https:\/\/tugesto.com\/blog\/#website\"},\"primaryImageOfPage\":{\"@id\":\"https:\/\/tugesto.com\/blog\/la-tramitacion-electronica-sera-obligatoria-para-los-autonomos-a-partir-del-1-de-octubre\/#primaryimage\"},\"image\":{\"@id\":\"https:\/\/tugesto.com\/blog\/la-tramitacion-electronica-sera-obligatoria-para-los-autonomos-a-partir-del-1-de-octubre\/#primaryimage\"},\"thumbnailUrl\":\"https:\/\/tugesto.com\/blog\/wp-content\/uploads\/2018\/09\/blog-seguridadsocial.jpg\",\"datePublished\":\"2018-09-10T06:00:19+00:00\",\"dateModified\":\"2024-05-20T06:27:02+00:00\",\"description\":\"Los aut\u00f3nomos deber\u00e1n usar la tramitaci\u00f3n electr\u00f3nica de forma obligatoria a trav\u00e9s del sistema RED\/Sede Electr\u00f3nica de la SS\",\"breadcrumb\":{\"@id\":\"https:\/\/tugesto.com\/blog\/la-tramitacion-electronica-sera-obligatoria-para-los-autonomos-a-partir-del-1-de-octubre\/#breadcrumb\"},\"inLanguage\":\"es\",\"potentialAction\":[{\"@type\":\"ReadAction\",\"target\":[\"https:\/\/tugesto.com\/blog\/la-tramitacion-electronica-sera-obligatoria-para-los-autonomos-a-partir-del-1-de-octubre\/\"]}]},{\"@type\":\"ImageObject\",\"inLanguage\":\"es\",\"@id\":\"https:\/\/tugesto.com\/blog\/la-tramitacion-electronica-sera-obligatoria-para-los-autonomos-a-partir-del-1-de-octubre\/#primaryimage\",\"url\":\"https:\/\/tugesto.com\/blog\/wp-content\/uploads\/2018\/09\/blog-seguridadsocial.jpg\",\"contentUrl\":\"https:\/\/tugesto.com\/blog\/wp-content\/uploads\/2018\/09\/blog-seguridadsocial.jpg\",\"width\":750,\"height\":429,\"caption\":\"A partir de octubre los aut\u00f3nomos de este pa\u00eds tendr\u00e1n que realizar todos sus tr\u00e1mites de la Seguridad Social de manera electr\u00f3nica\"},{\"@type\":\"BreadcrumbList\",\"@id\":\"https:\/\/tugesto.com\/blog\/la-tramitacion-electronica-sera-obligatoria-para-los-autonomos-a-partir-del-1-de-octubre\/#breadcrumb\",\"itemListElement\":[{\"@type\":\"ListItem\",\"position\":1,\"name\":\"Home\",\"item\":\"https:\/\/tugesto.com\/blog\/\"},{\"@type\":\"ListItem\",\"position\":2,\"name\":\"Contabilidad y Fiscal\",\"item\":\"https:\/\/tugesto.com\/blog\/category\/contabilidad-y-fiscal\/\"},{\"@type\":\"ListItem\",\"position\":3,\"name\":\"La tramitaci\u00f3n electr\u00f3nica ser\u00e1 obligatoria para aut\u00f3nomos a partir del 1 de octubre 2018\"}]},{\"@type\":\"WebSite\",\"@id\":\"https:\/\/tugesto.com\/blog\/#website\",\"url\":\"https:\/\/tugesto.com\/blog\/\",\"name\":\"Blog tugesto\",\"description\":\"\ud83d\udcda Blog especializado para aut\u00f3nomos y pymes. Encuentra semanalmente nuevos posts, recursos y gu\u00edas. La ayuda que necesitas para tu negocio.\",\"publisher\":{\"@id\":\"https:\/\/tugesto.com\/blog\/#organization\"},\"potentialAction\":[{\"@type\":\"SearchAction\",\"target\":{\"@type\":\"EntryPoint\",\"urlTemplate\":\"https:\/\/tugesto.com\/blog\/?s={search_term_string}\"},\"query-input\":{\"@type\":\"PropertyValueSpecification\",\"valueRequired\":true,\"valueName\":\"search_term_string\"}}],\"inLanguage\":\"es\"},{\"@type\":\"Organization\",\"@id\":\"https:\/\/tugesto.com\/blog\/#organization\",\"name\":\"tugesto\",\"url\":\"https:\/\/tugesto.com\/blog\/\",\"logo\":{\"@type\":\"ImageObject\",\"inLanguage\":\"es\",\"@id\":\"https:\/\/tugesto.com\/blog\/#\/schema\/logo\/image\/\",\"url\":\"https:\/\/tugesto.com\/blog\/wp-content\/uploads\/2019\/06\/logo_tugesto.png\",\"contentUrl\":\"https:\/\/tugesto.com\/blog\/wp-content\/uploads\/2019\/06\/logo_tugesto.png\",\"width\":190,\"height\":63,\"caption\":\"tugesto\"},\"image\":{\"@id\":\"https:\/\/tugesto.com\/blog\/#\/schema\/logo\/image\/\"},\"sameAs\":[\"https:\/\/www.facebook.com\/tugesto\/\",\"https:\/\/www.instagram.com\/tugesto_online\/\"]},{\"@type\":\"Person\",\"@id\":\"https:\/\/tugesto.com\/blog\/#\/schema\/person\/f210b25a9ff7b95404fdcd6d6e7d21e6\",\"name\":\"Esteban Escribano\",\"image\":{\"@type\":\"ImageObject\",\"inLanguage\":\"es\",\"@id\":\"https:\/\/tugesto.com\/blog\/#\/schema\/person\/image\/85c872baa50e8ebdd3625a327ee22292\",\"url\":\"https:\/\/tugesto.com\/blog\/wp-content\/uploads\/2024\/05\/esteban-escribano.png\",\"contentUrl\":\"https:\/\/tugesto.com\/blog\/wp-content\/uploads\/2024\/05\/esteban-escribano.png\",\"caption\":\"Esteban Escribano\"},\"description\":\"Responsable del departamento laboral\"}]}<\/script>\n<!-- \/ Yoast SEO plugin. -->","yoast_head_json":{"title":"Tramitaci\u00f3n electr\u00f3nica obligatoria para aut\u00f3nomos | tugesto","description":"Los aut\u00f3nomos deber\u00e1n usar la tramitaci\u00f3n electr\u00f3nica de forma obligatoria a trav\u00e9s del sistema RED\/Sede Electr\u00f3nica de la SS","robots":{"index":"index","follow":"follow","max-snippet":"max-snippet:-1","max-image-preview":"max-image-preview:large","max-video-preview":"max-video-preview:-1"},"canonical":"https:\/\/tugesto.com\/blog\/la-tramitacion-electronica-sera-obligatoria-para-los-autonomos-a-partir-del-1-de-octubre\/","og_locale":"es_ES","og_type":"article","og_title":"Tramitaci\u00f3n electr\u00f3nica obligatoria para aut\u00f3nomos | tugesto","og_description":"Los aut\u00f3nomos deber\u00e1n usar la tramitaci\u00f3n electr\u00f3nica de forma obligatoria a trav\u00e9s del sistema RED\/Sede Electr\u00f3nica de la SS","og_url":"https:\/\/tugesto.com\/blog\/la-tramitacion-electronica-sera-obligatoria-para-los-autonomos-a-partir-del-1-de-octubre\/","og_site_name":"Blog: \u00a1Aprende a emprender! | tugesto","article_publisher":"https:\/\/www.facebook.com\/tugesto\/","article_published_time":"2018-09-10T06:00:19+00:00","article_modified_time":"2024-05-20T06:27:02+00:00","og_image":[{"width":750,"height":429,"url":"https:\/\/tugesto.com\/blog\/wp-content\/uploads\/2018\/09\/blog-seguridadsocial.jpg","type":"image\/jpeg"}],"author":"Esteban Escribano","twitter_card":"summary_large_image","twitter_misc":{"Escrito por":"Esteban Escribano","Tiempo de lectura":"4 minutos"},"schema":{"@context":"https:\/\/schema.org","@graph":[{"@type":"Article","@id":"https:\/\/tugesto.com\/blog\/la-tramitacion-electronica-sera-obligatoria-para-los-autonomos-a-partir-del-1-de-octubre\/#article","isPartOf":{"@id":"https:\/\/tugesto.com\/blog\/la-tramitacion-electronica-sera-obligatoria-para-los-autonomos-a-partir-del-1-de-octubre\/"},"author":{"name":"Esteban Escribano","@id":"https:\/\/tugesto.com\/blog\/#\/schema\/person\/f210b25a9ff7b95404fdcd6d6e7d21e6"},"headline":"La tramitaci\u00f3n electr\u00f3nica ser\u00e1 obligatoria para aut\u00f3nomos a partir del 1 de octubre 2018","datePublished":"2018-09-10T06:00:19+00:00","dateModified":"2024-05-20T06:27:02+00:00","mainEntityOfPage":{"@id":"https:\/\/tugesto.com\/blog\/la-tramitacion-electronica-sera-obligatoria-para-los-autonomos-a-partir-del-1-de-octubre\/"},"wordCount":731,"commentCount":0,"publisher":{"@id":"https:\/\/tugesto.com\/blog\/#organization"},"image":{"@id":"https:\/\/tugesto.com\/blog\/la-tramitacion-electronica-sera-obligatoria-para-los-autonomos-a-partir-del-1-de-octubre\/#primaryimage"},"thumbnailUrl":"https:\/\/tugesto.com\/blog\/wp-content\/uploads\/2018\/09\/blog-seguridadsocial.jpg","keywords":["aut\u00f3nomos","pymes"],"articleSection":["Contabilidad y Fiscal"],"inLanguage":"es","potentialAction":[{"@type":"CommentAction","name":"Comment","target":["https:\/\/tugesto.com\/blog\/la-tramitacion-electronica-sera-obligatoria-para-los-autonomos-a-partir-del-1-de-octubre\/#respond"]}]},{"@type":"WebPage","@id":"https:\/\/tugesto.com\/blog\/la-tramitacion-electronica-sera-obligatoria-para-los-autonomos-a-partir-del-1-de-octubre\/","url":"https:\/\/tugesto.com\/blog\/la-tramitacion-electronica-sera-obligatoria-para-los-autonomos-a-partir-del-1-de-octubre\/","name":"Tramitaci\u00f3n electr\u00f3nica obligatoria para aut\u00f3nomos | tugesto","isPartOf":{"@id":"https:\/\/tugesto.com\/blog\/#website"},"primaryImageOfPage":{"@id":"https:\/\/tugesto.com\/blog\/la-tramitacion-electronica-sera-obligatoria-para-los-autonomos-a-partir-del-1-de-octubre\/#primaryimage"},"image":{"@id":"https:\/\/tugesto.com\/blog\/la-tramitacion-electronica-sera-obligatoria-para-los-autonomos-a-partir-del-1-de-octubre\/#primaryimage"},"thumbnailUrl":"https:\/\/tugesto.com\/blog\/wp-content\/uploads\/2018\/09\/blog-seguridadsocial.jpg","datePublished":"2018-09-10T06:00:19+00:00","dateModified":"2024-05-20T06:27:02+00:00","description":"Los aut\u00f3nomos deber\u00e1n usar la tramitaci\u00f3n electr\u00f3nica de forma obligatoria a trav\u00e9s del sistema RED\/Sede Electr\u00f3nica de la SS","breadcrumb":{"@id":"https:\/\/tugesto.com\/blog\/la-tramitacion-electronica-sera-obligatoria-para-los-autonomos-a-partir-del-1-de-octubre\/#breadcrumb"},"inLanguage":"es","potentialAction":[{"@type":"ReadAction","target":["https:\/\/tugesto.com\/blog\/la-tramitacion-electronica-sera-obligatoria-para-los-autonomos-a-partir-del-1-de-octubre\/"]}]},{"@type":"ImageObject","inLanguage":"es","@id":"https:\/\/tugesto.com\/blog\/la-tramitacion-electronica-sera-obligatoria-para-los-autonomos-a-partir-del-1-de-octubre\/#primaryimage","url":"https:\/\/tugesto.com\/blog\/wp-content\/uploads\/2018\/09\/blog-seguridadsocial.jpg","contentUrl":"https:\/\/tugesto.com\/blog\/wp-content\/uploads\/2018\/09\/blog-seguridadsocial.jpg","width":750,"height":429,"caption":"A partir de octubre los aut\u00f3nomos de este pa\u00eds tendr\u00e1n que realizar todos sus tr\u00e1mites de la Seguridad Social de manera electr\u00f3nica"},{"@type":"BreadcrumbList","@id":"https:\/\/tugesto.com\/blog\/la-tramitacion-electronica-sera-obligatoria-para-los-autonomos-a-partir-del-1-de-octubre\/#breadcrumb","itemListElement":[{"@type":"ListItem","position":1,"name":"Home","item":"https:\/\/tugesto.com\/blog\/"},{"@type":"ListItem","position":2,"name":"Contabilidad y Fiscal","item":"https:\/\/tugesto.com\/blog\/category\/contabilidad-y-fiscal\/"},{"@type":"ListItem","position":3,"name":"La tramitaci\u00f3n electr\u00f3nica ser\u00e1 obligatoria para aut\u00f3nomos a partir del 1 de octubre 2018"}]},{"@type":"WebSite","@id":"https:\/\/tugesto.com\/blog\/#website","url":"https:\/\/tugesto.com\/blog\/","name":"Blog tugesto","description":"\ud83d\udcda Blog especializado para aut\u00f3nomos y pymes. Encuentra semanalmente nuevos posts, recursos y gu\u00edas. La ayuda que necesitas para tu negocio.","publisher":{"@id":"https:\/\/tugesto.com\/blog\/#organization"},"potentialAction":[{"@type":"SearchAction","target":{"@type":"EntryPoint","urlTemplate":"https:\/\/tugesto.com\/blog\/?s={search_term_string}"},"query-input":{"@type":"PropertyValueSpecification","valueRequired":true,"valueName":"search_term_string"}}],"inLanguage":"es"},{"@type":"Organization","@id":"https:\/\/tugesto.com\/blog\/#organization","name":"tugesto","url":"https:\/\/tugesto.com\/blog\/","logo":{"@type":"ImageObject","inLanguage":"es","@id":"https:\/\/tugesto.com\/blog\/#\/schema\/logo\/image\/","url":"https:\/\/tugesto.com\/blog\/wp-content\/uploads\/2019\/06\/logo_tugesto.png","contentUrl":"https:\/\/tugesto.com\/blog\/wp-content\/uploads\/2019\/06\/logo_tugesto.png","width":190,"height":63,"caption":"tugesto"},"image":{"@id":"https:\/\/tugesto.com\/blog\/#\/schema\/logo\/image\/"},"sameAs":["https:\/\/www.facebook.com\/tugesto\/","https:\/\/www.instagram.com\/tugesto_online\/"]},{"@type":"Person","@id":"https:\/\/tugesto.com\/blog\/#\/schema\/person\/f210b25a9ff7b95404fdcd6d6e7d21e6","name":"Esteban Escribano","image":{"@type":"ImageObject","inLanguage":"es","@id":"https:\/\/tugesto.com\/blog\/#\/schema\/person\/image\/85c872baa50e8ebdd3625a327ee22292","url":"https:\/\/tugesto.com\/blog\/wp-content\/uploads\/2024\/05\/esteban-escribano.png","contentUrl":"https:\/\/tugesto.com\/blog\/wp-content\/uploads\/2024\/05\/esteban-escribano.png","caption":"Esteban Escribano"},"description":"Responsable del departamento laboral"}]}},"authors":[{"term_id":1494,"user_id":8,"is_guest":0,"slug":"esteban-escribano","display_name":"Esteban Escribano","avatar_url":{"url":"https:\/\/tugesto.com\/blog\/wp-content\/uploads\/2024\/05\/esteban-escribano.png","url2x":"https:\/\/tugesto.com\/blog\/wp-content\/uploads\/2024\/05\/esteban-escribano.png"},"0":null,"1":"","2":"","3":"","4":"","5":"","6":"","7":"","8":""}],"_links":{"self":[{"href":"https:\/\/tugesto.com\/blog\/wp-json\/wp\/v2\/posts\/8456","targetHints":{"allow":["GET"]}}],"collection":[{"href":"https:\/\/tugesto.com\/blog\/wp-json\/wp\/v2\/posts"}],"about":[{"href":"https:\/\/tugesto.com\/blog\/wp-json\/wp\/v2\/types\/post"}],"author":[{"embeddable":true,"href":"https:\/\/tugesto.com\/blog\/wp-json\/wp\/v2\/users\/8"}],"replies":[{"embeddable":true,"href":"https:\/\/tugesto.com\/blog\/wp-json\/wp\/v2\/comments?post=8456"}],"version-history":[{"count":10,"href":"https:\/\/tugesto.com\/blog\/wp-json\/wp\/v2\/posts\/8456\/revisions"}],"predecessor-version":[{"id":35535,"href":"https:\/\/tugesto.com\/blog\/wp-json\/wp\/v2\/posts\/8456\/revisions\/35535"}],"wp:featuredmedia":[{"embeddable":true,"href":"https:\/\/tugesto.com\/blog\/wp-json\/wp\/v2\/media\/8463"}],"wp:attachment":[{"href":"https:\/\/tugesto.com\/blog\/wp-json\/wp\/v2\/media?parent=8456"}],"wp:term":[{"taxonomy":"category","embeddable":true,"href":"https:\/\/tugesto.com\/blog\/wp-json\/wp\/v2\/categories?post=8456"},{"taxonomy":"post_tag","embeddable":true,"href":"https:\/\/tugesto.com\/blog\/wp-json\/wp\/v2\/tags?post=8456"},{"taxonomy":"author","embeddable":true,"href":"https:\/\/tugesto.com\/blog\/wp-json\/wp\/v2\/ppma_author?post=8456"}],"curies":[{"name":"wp","href":"https:\/\/api.w.org\/{rel}","templated":true}]}}