{"id":8179,"date":"2018-05-14T00:00:03","date_gmt":"2018-05-13T23:00:03","guid":{"rendered":"https:\/\/tugesto.com\/blog\/?p=8179"},"modified":"2024-05-20T08:34:21","modified_gmt":"2024-05-20T06:34:21","slug":"aprovecha-la-formacion-la-fundae-tus-empleados","status":"publish","type":"post","link":"https:\/\/tugesto.com\/blog\/aprovecha-la-formacion-la-fundae-tus-empleados\/","title":{"rendered":"Aprovecha la formaci\u00f3n de la Fundae: cursos para trabajadores"},"content":{"rendered":"\t\t<div data-elementor-type=\"wp-post\" data-elementor-id=\"8179\" class=\"elementor elementor-8179\" data-elementor-post-type=\"post\">\n\t\t\t\t\t\t<section class=\"elementor-section elementor-top-section elementor-element elementor-element-78a0b3d9 elementor-section-boxed elementor-section-height-default elementor-section-height-default\" data-id=\"78a0b3d9\" data-element_type=\"section\" data-e-type=\"section\">\n\t\t\t\t\t\t<div class=\"elementor-container elementor-column-gap-default\">\n\t\t\t\t\t<div class=\"elementor-column elementor-col-100 elementor-top-column elementor-element elementor-element-1c285a71\" data-id=\"1c285a71\" data-element_type=\"column\" data-e-type=\"column\">\n\t\t\t<div class=\"elementor-widget-wrap elementor-element-populated\">\n\t\t\t\t\t\t<div class=\"elementor-element elementor-element-77cbedea elementor-widget elementor-widget-text-editor\" data-id=\"77cbedea\" data-element_type=\"widget\" data-e-type=\"widget\" data-widget_type=\"text-editor.default\">\n\t\t\t\t<div class=\"elementor-widget-container\">\n\t\t\t\t\t\t\t\t\t<p>Nadie que tenga un negocio o una empresa puede negar <strong>lo importante que es la formaci\u00f3n, tanto propia como de los empleados<\/strong>, para el devenir de la entidad. No obstante, la formaci\u00f3n, en muchos casos, no est\u00e1 econ\u00f3micamente al alcance de todos. No te preocupes porque <strong>en tugesto te traemos una soluci\u00f3n: la formaci\u00f3n de Fundae en cursos para trabajadores<\/strong>.<\/p><p>La Fundaci\u00f3n Estatal para la Formaci\u00f3n en el Empleo (Fundae, en adelante) pertenece al Sector P\u00fablico Estatal y tambi\u00e9n se le conoce como <strong>Fundaci\u00f3n Tripartita<\/strong>. La sociedad en la que vivimos, el mercado laboral y la rapidez e inmediatez en la que nos movemos nos exige a todos la constante actualizaci\u00f3n de conocimientos y habilidades, aprendizaje de conceptos y nuevas herramientas. Te explicamos en este post con m\u00e1s detalle las funciones de la Fundae y c\u00f3mo aprovechar sus servicios.<\/p><p><a href=\"http:\/\/tugesto.com\/software-portal-empleado\" target=\"_blank\" rel=\"noopener\"><img fetchpriority=\"high\" decoding=\"async\" class=\"alignnone wp-image-26747 size-full\" src=\"https:\/\/tugesto.com\/blog\/wp-content\/uploads\/2023\/02\/Portal-empleado-laboral.png\" alt=\"Portal del empleado\" width=\"800\" height=\"241\" srcset=\"https:\/\/tugesto.com\/blog\/wp-content\/uploads\/2023\/02\/Portal-empleado-laboral.png 800w, https:\/\/tugesto.com\/blog\/wp-content\/uploads\/2023\/02\/Portal-empleado-laboral-300x90.png 300w, https:\/\/tugesto.com\/blog\/wp-content\/uploads\/2023\/02\/Portal-empleado-laboral-768x231.png 768w\" sizes=\"(max-width: 800px) 100vw, 800px\" \/><\/a><\/p><h2>C\u00f3mo funciona la Fundae<\/h2><p>Como hemos dicho, la Fundae es un <strong>organismo tripartito<\/strong>. \u00bfQu\u00e9 quiere decir esto? Pues viene a ser que est\u00e1 constituida por tres partes:<\/p><ol><li>La Administraci\u00f3n P\u00fablica del Estado (concretamente, el Sepe)<\/li><li>El Servicio de Empleo Estatal<\/li><li>Organizaciones empresariales y sindicales con m\u00e1s representaci\u00f3n<\/li><\/ol><p><span style=\"color: #4a4f54;\"><span style=\"background-color: transparent; font-family: var( --e-global-typography-text-font-family ), Sans-serif; font-weight: var( --e-global-typography-text-font-weight );\">As\u00ed, la Fundae no imparte directamente cursos, sino que ofrece una serie de programas de formaci\u00f3n que se imparten por terceros. En <\/span><a style=\"font-size: 1rem; font-family: var( --e-global-typography-text-font-family ), Sans-serif; font-weight: var( --e-global-typography-text-font-weight ); background-color: #ffffff; color: #4a4f54;\" href=\"http:\/\/www.fundae.es\/\" target=\"_blank\" rel=\"noopener\">la web de la Fundae<\/a><span style=\"background-color: transparent; font-size: 1rem; font-family: var( --e-global-typography-text-font-family ), Sans-serif; font-weight: var( --e-global-typography-text-font-weight );\">\u00a0puedes encontrar la <\/span><strong style=\"background-color: transparent; font-size: 1rem; font-family: var( --e-global-typography-text-font-family ), Sans-serif;\">oferta formativa gratuita de la fundaci\u00f3n<\/strong><span style=\"background-color: transparent; font-size: 1rem; font-family: var( --e-global-typography-text-font-family ), Sans-serif; font-weight: var( --e-global-typography-text-font-weight );\">, y buscar los que m\u00e1s te convengan filtrando por modalidades, colectivos, provincia, etc.<\/span><\/span><\/p><p><span style=\"color: #4a4f54;\">Pero este portal es m\u00e1s bien para trabajadores y aut\u00f3nomos y lo explicaremos m\u00e1s adelante. Sigue leyendo y accede a los diferentes recursos para formarte y crecer en tu desarrollo profesional.<\/span><br \/><img decoding=\"async\" class=\"aligncenter size-full wp-image-8180\" src=\"https:\/\/tugesto.com\/blog\/wp-content\/uploads\/2018\/05\/fundae.png\" alt=\"fundas\" width=\"1015\" height=\"741\" srcset=\"https:\/\/tugesto.com\/blog\/wp-content\/uploads\/2018\/05\/fundae.png 1015w, https:\/\/tugesto.com\/blog\/wp-content\/uploads\/2018\/05\/fundae-300x219.png 300w, https:\/\/tugesto.com\/blog\/wp-content\/uploads\/2018\/05\/fundae-768x561.png 768w\" sizes=\"(max-width: 1015px) 100vw, 1015px\" \/><br \/>Primero<strong>, si eres empresa<\/strong>, debes saber c\u00f3mo funciona la gesti\u00f3n de cursos bonificados.<\/p><h2>Empresas y Fundae: cursos bonificados para trabajadores<\/h2><p>La Fundaci\u00f3n Tripartita cuenta con <strong>tres modalidades de cursos bonificados<\/strong>. Estas modalidades incluyen cursos de formaci\u00f3n bonificada para empleados, aut\u00f3nomos y desempleados.<\/p><p>Las modalidades son: presencial, mixta o a distancia. Para <strong>acceder como empresa\u00a0<\/strong>a la gesti\u00f3n de cursos, debes acceder <a href=\"https:\/\/empresas.fundae.es\/Lanzadera\" target=\"_blank\" rel=\"noopener\">a esta web<\/a>:<br \/><img decoding=\"async\" class=\"aligncenter size-large wp-image-8181\" src=\"https:\/\/tugesto.com\/blog\/wp-content\/uploads\/2018\/05\/acceso-empresas-1024x453.png\" alt=\"fundas\" width=\"750\" height=\"332\" srcset=\"https:\/\/tugesto.com\/blog\/wp-content\/uploads\/2018\/05\/acceso-empresas-1024x453.png 1024w, https:\/\/tugesto.com\/blog\/wp-content\/uploads\/2018\/05\/acceso-empresas-300x133.png 300w, https:\/\/tugesto.com\/blog\/wp-content\/uploads\/2018\/05\/acceso-empresas-768x340.png 768w, https:\/\/tugesto.com\/blog\/wp-content\/uploads\/2018\/05\/acceso-empresas-1536x679.png 1536w, https:\/\/tugesto.com\/blog\/wp-content\/uploads\/2018\/05\/acceso-empresas.png 1881w\" sizes=\"(max-width: 750px) 100vw, 750px\" \/><br \/>La Fundae ofrece cursos bonificados a empresas<strong> seg\u00fan el cr\u00e9dito que le conceda<\/strong>. Si quieres saber cu\u00e1l es el cr\u00e9dito del que dispone tu empresa, puedes calcularlo a partir de dos datos: lo cotizado por la empresa en concepto de Formaci\u00f3n Profesional en el a\u00f1o anterior, y el tama\u00f1o de la plantilla.<\/p><p>Pero para ir a lo seguro, lo mejor es que vayas al <strong>Simulador de Cr\u00e9dito<\/strong> que hay en la web y sigas estos pasos:<\/p><ul><li>Indica si eres empresa de nueva creaci\u00f3n o no.<\/li><li>Indica si eres un nuevo centro de trabajo o no.<\/li><li>Rellena el campo de \u201cCuota de formaci\u00f3n profesional\u201d (la encontrar\u00e1s en el Recibo de Liquidaci\u00f3n) y la cantidad de trabajadores que tienes en n\u00f3mina.<\/li><li>Si haces clic en \u201cCalcular\u201d podr\u00e1s ver el importe de tu cr\u00e9dito<\/li><\/ul><p>Este cr\u00e9dito <strong>no es acumulable<\/strong>. Si no lo gastas durante un ejercicio no se te guardar\u00e1 para el siguiente. Lo mejor es aprovechar al m\u00e1ximo cada a\u00f1o las acciones formativas planteadas y aprovechar el cr\u00e9dito al completo.<br \/><img loading=\"lazy\" decoding=\"async\" class=\"aligncenter size-large wp-image-8182\" src=\"https:\/\/tugesto.com\/blog\/wp-content\/uploads\/2018\/05\/calcula-tu-credito-bonificaciones-1024x499.png\" alt=\"credito bonificaciones\" width=\"750\" height=\"365\" srcset=\"https:\/\/tugesto.com\/blog\/wp-content\/uploads\/2018\/05\/calcula-tu-credito-bonificaciones-1024x499.png 1024w, https:\/\/tugesto.com\/blog\/wp-content\/uploads\/2018\/05\/calcula-tu-credito-bonificaciones-300x146.png 300w, https:\/\/tugesto.com\/blog\/wp-content\/uploads\/2018\/05\/calcula-tu-credito-bonificaciones-768x374.png 768w, https:\/\/tugesto.com\/blog\/wp-content\/uploads\/2018\/05\/calcula-tu-credito-bonificaciones-1536x748.png 1536w, https:\/\/tugesto.com\/blog\/wp-content\/uploads\/2018\/05\/calcula-tu-credito-bonificaciones.png 1839w\" sizes=\"(max-width: 750px) 100vw, 750px\" \/><br \/>Tambi\u00e9n has de saber que antes de comenzar un curso <strong>la empresa debe abonar su importe<\/strong>. S\u00f3lo en el momento en el que los empleados han finalizado la formaci\u00f3n se devuelve \u00edntegramente el importe.<\/p><p>Para ello la empresa debe solicitarlo en el TC1 que env\u00eda cada mes a la Seguridad Social, junto a la factura y el documento que el centro formativo entrega al final del curso.<\/p><h3>Inscribir trabajadores<\/h3><p>Tanto si es por propia voluntad del empleado como propuesta de la empresa, se ha de seguir los siguientes pasos.<\/p><p>El primero, hay que ponerse en contacto con la empresa que ofrece la formaci\u00f3n. Para iniciar los tr\u00e1mites, <strong>debes aportar<\/strong>: fotocopia del DNI del empleado; nombre de la empresa, CIF y domicilio fiscal; fotocopia del representante legal de la empresa; cabecera de la n\u00f3mina del empleado; contacto del responsable con los tr\u00e1mites con la Seguridad Social de la empresa.<\/p><p><strong>Con un software de gesti\u00f3n inteligente como <a href=\"https:\/\/tugesto.com\/\" target=\"_blank\" rel=\"noopener\">tugesto<\/a> podr\u00e1s disponer r\u00e1pida y f\u00e1cilmente de todos estos datos y gestionar la formaci\u00f3n bonificada de tus empleados<\/strong>.<\/p><h2>Aut\u00f3nomos y Fundae: cursos bonificados para trabajadores<\/h2><p><span style=\"color: #4a4f54;\">Como coment\u00e1bamos m\u00e1s arriba, no s\u00f3lo las empresas pueden aprovecharse de los cursos bonificados. Tambi\u00e9n<strong> los aut\u00f3nomos<\/strong> pueden acceder a ellos y reciclarse, mejorando as\u00ed la vida profesional enormemente.<\/span><\/p><p><span style=\"color: #4a4f54;\">Es m\u00e1s, los aut\u00f3nomos pueden obtener a trav\u00e9s de la Fundaci\u00f3n Tripartita un certificado de profesionalidad. Esto es una acreditaci\u00f3n de que la persona posee la cualificaci\u00f3n necesaria para desarrollar la actividad laboral que realiza. Estos certificados los emite el SEPE y tienen validez nacional.<\/span><\/p><p><span style=\"color: #4a4f54;\"><span style=\"font-family: var( --e-global-typography-text-font-family ), Sans-serif; font-weight: var( --e-global-typography-text-font-weight ); font-size: 1rem;\">Para ver la<\/span><strong style=\"font-family: var( --e-global-typography-text-font-family ), Sans-serif; font-size: 1rem;\"> oferta formativa para aut\u00f3nomos<\/strong><span style=\"font-family: var( --e-global-typography-text-font-family ), Sans-serif; font-weight: var( --e-global-typography-text-font-weight ); font-size: 1rem;\"> hay que ir al <\/span><a style=\"font-family: var( --e-global-typography-text-font-family ), Sans-serif; font-weight: var( --e-global-typography-text-font-weight ); font-size: 1rem; background-color: #ffffff; color: #4a4f54;\" href=\"https:\/\/www.fundae.es\/trabajadores\/buscador-de-cursos\" target=\"_blank\" rel=\"noopener\">buscador de cursos<\/a><span style=\"font-family: var( --e-global-typography-text-font-family ), Sans-serif; font-weight: var( --e-global-typography-text-font-weight ); font-size: 1rem;\"> y seleccionar \u201cAut\u00f3nomos\u201d en el men\u00fa desplegable de \u201cColectivo\u201d.<\/span><\/span><\/p><p><img loading=\"lazy\" decoding=\"async\" class=\"aligncenter size-full wp-image-8183\" src=\"https:\/\/tugesto.com\/blog\/wp-content\/uploads\/2018\/05\/autonomos-fundae.png\" alt=\"cursos bonificados aut\u00f3nomos\" width=\"750\" height=\"656\" srcset=\"https:\/\/tugesto.com\/blog\/wp-content\/uploads\/2018\/05\/autonomos-fundae.png 750w, https:\/\/tugesto.com\/blog\/wp-content\/uploads\/2018\/05\/autonomos-fundae-300x262.png 300w\" sizes=\"(max-width: 750px) 100vw, 750px\" \/><br \/>Si quieres que una gestor\u00eda te informe sobre Fundae y cursos para trabajadores contacta con nosotros en el correo <a href=\"mailto:info@tugesto.com\" target=\"_blank\" rel=\"noopener\">info@tugesto.com<\/a>.<\/p><p><strong>\u00a1No pierdas la ocasi\u00f3n de mejorar!<\/strong><\/p>\t\t\t\t\t\t\t\t<\/div>\n\t\t\t\t<\/div>\n\t\t\t\t\t<\/div>\n\t\t<\/div>\n\t\t\t\t\t<\/div>\n\t\t<\/section>\n\t\t\t\t<\/div>\n\t\t","protected":false},"excerpt":{"rendered":"<p>Nadie que tenga un negocio o una empresa puede negar lo importante que es la formaci\u00f3n, tanto propia como de los empleados, para el devenir de la entidad. No obstante, la formaci\u00f3n, en muchos casos, no est\u00e1 econ\u00f3micamente al alcance de todos. No te preocupes porque en tugesto te traemos una soluci\u00f3n: la formaci\u00f3n de [&hellip;]<\/p>\n","protected":false},"author":6,"featured_media":8221,"comment_status":"open","ping_status":"open","sticky":false,"template":"","format":"standard","meta":{"_eb_attr":"","content-type":"","footnotes":""},"categories":[45],"tags":[36,38],"ppma_author":[1492],"class_list":["post-8179","post","type-post","status-publish","format-standard","has-post-thumbnail","hentry","category-laboral","tag-autonomos","tag-pymes"],"yoast_head":"<!-- This site is optimized with the Yoast SEO plugin v27.5 - https:\/\/yoast.com\/product\/yoast-seo-wordpress\/ -->\n<title>Formaci\u00f3n Fundae: cursos para trabajadores | tugesto<\/title>\n<meta name=\"description\" content=\"Empresas, empleados y aut\u00f3nomos pueden beneficiarse de la formaci\u00f3n Fundae con cursos para trabajadores, te contamos c\u00f3mo\" \/>\n<meta name=\"robots\" content=\"index, follow, max-snippet:-1, max-image-preview:large, max-video-preview:-1\" \/>\n<link rel=\"canonical\" href=\"https:\/\/tugesto.com\/blog\/aprovecha-la-formacion-la-fundae-tus-empleados\/\" \/>\n<meta property=\"og:locale\" content=\"es_ES\" \/>\n<meta property=\"og:type\" content=\"article\" \/>\n<meta property=\"og:title\" content=\"Formaci\u00f3n Fundae: cursos para trabajadores | tugesto\" \/>\n<meta property=\"og:description\" content=\"Empresas, empleados y aut\u00f3nomos pueden beneficiarse de la formaci\u00f3n Fundae con cursos para trabajadores, te contamos c\u00f3mo\" \/>\n<meta property=\"og:url\" content=\"https:\/\/tugesto.com\/blog\/aprovecha-la-formacion-la-fundae-tus-empleados\/\" \/>\n<meta property=\"og:site_name\" content=\"Blog: \u00a1Aprende a emprender! | tugesto\" \/>\n<meta property=\"article:publisher\" content=\"https:\/\/www.facebook.com\/tugesto\/\" \/>\n<meta property=\"article:published_time\" content=\"2018-05-13T23:00:03+00:00\" \/>\n<meta property=\"article:modified_time\" content=\"2024-05-20T06:34:21+00:00\" \/>\n<meta property=\"og:image\" content=\"https:\/\/tugesto.com\/blog\/wp-content\/uploads\/2018\/05\/fundae-portada-1.png\" \/>\n\t<meta property=\"og:image:width\" content=\"1200\" \/>\n\t<meta property=\"og:image:height\" content=\"700\" \/>\n\t<meta property=\"og:image:type\" content=\"image\/png\" \/>\n<meta name=\"author\" content=\"Pilar Ma\u00f1es\" \/>\n<meta name=\"twitter:card\" content=\"summary_large_image\" \/>\n<meta name=\"twitter:label1\" content=\"Escrito por\" \/>\n\t<meta name=\"twitter:data1\" content=\"Pilar Ma\u00f1es\" \/>\n\t<meta name=\"twitter:label2\" content=\"Tiempo de lectura\" \/>\n\t<meta name=\"twitter:data2\" content=\"5 minutos\" \/>\n<script type=\"application\/ld+json\" class=\"yoast-schema-graph\">{\"@context\":\"https:\\\/\\\/schema.org\",\"@graph\":[{\"@type\":\"Article\",\"@id\":\"https:\\\/\\\/tugesto.com\\\/blog\\\/aprovecha-la-formacion-la-fundae-tus-empleados\\\/#article\",\"isPartOf\":{\"@id\":\"https:\\\/\\\/tugesto.com\\\/blog\\\/aprovecha-la-formacion-la-fundae-tus-empleados\\\/\"},\"author\":{\"name\":\"Pilar Ma\u00f1es\",\"@id\":\"https:\\\/\\\/tugesto.com\\\/blog\\\/#\\\/schema\\\/person\\\/2fa8e07511841ac8faf1e197d136c5cc\"},\"headline\":\"Aprovecha la formaci\u00f3n de la Fundae: cursos para trabajadores\",\"datePublished\":\"2018-05-13T23:00:03+00:00\",\"dateModified\":\"2024-05-20T06:34:21+00:00\",\"mainEntityOfPage\":{\"@id\":\"https:\\\/\\\/tugesto.com\\\/blog\\\/aprovecha-la-formacion-la-fundae-tus-empleados\\\/\"},\"wordCount\":891,\"commentCount\":0,\"publisher\":{\"@id\":\"https:\\\/\\\/tugesto.com\\\/blog\\\/#organization\"},\"image\":{\"@id\":\"https:\\\/\\\/tugesto.com\\\/blog\\\/aprovecha-la-formacion-la-fundae-tus-empleados\\\/#primaryimage\"},\"thumbnailUrl\":\"https:\\\/\\\/tugesto.com\\\/blog\\\/wp-content\\\/uploads\\\/2018\\\/05\\\/fundae-portada-1.png\",\"keywords\":[\"aut\u00f3nomos\",\"pymes\"],\"articleSection\":[\"Laboral\"],\"inLanguage\":\"es\",\"potentialAction\":[{\"@type\":\"CommentAction\",\"name\":\"Comment\",\"target\":[\"https:\\\/\\\/tugesto.com\\\/blog\\\/aprovecha-la-formacion-la-fundae-tus-empleados\\\/#respond\"]}]},{\"@type\":\"WebPage\",\"@id\":\"https:\\\/\\\/tugesto.com\\\/blog\\\/aprovecha-la-formacion-la-fundae-tus-empleados\\\/\",\"url\":\"https:\\\/\\\/tugesto.com\\\/blog\\\/aprovecha-la-formacion-la-fundae-tus-empleados\\\/\",\"name\":\"Formaci\u00f3n Fundae: cursos para trabajadores | tugesto\",\"isPartOf\":{\"@id\":\"https:\\\/\\\/tugesto.com\\\/blog\\\/#website\"},\"primaryImageOfPage\":{\"@id\":\"https:\\\/\\\/tugesto.com\\\/blog\\\/aprovecha-la-formacion-la-fundae-tus-empleados\\\/#primaryimage\"},\"image\":{\"@id\":\"https:\\\/\\\/tugesto.com\\\/blog\\\/aprovecha-la-formacion-la-fundae-tus-empleados\\\/#primaryimage\"},\"thumbnailUrl\":\"https:\\\/\\\/tugesto.com\\\/blog\\\/wp-content\\\/uploads\\\/2018\\\/05\\\/fundae-portada-1.png\",\"datePublished\":\"2018-05-13T23:00:03+00:00\",\"dateModified\":\"2024-05-20T06:34:21+00:00\",\"description\":\"Empresas, empleados y aut\u00f3nomos pueden beneficiarse de la formaci\u00f3n Fundae con cursos para trabajadores, te contamos c\u00f3mo\",\"breadcrumb\":{\"@id\":\"https:\\\/\\\/tugesto.com\\\/blog\\\/aprovecha-la-formacion-la-fundae-tus-empleados\\\/#breadcrumb\"},\"inLanguage\":\"es\",\"potentialAction\":[{\"@type\":\"ReadAction\",\"target\":[\"https:\\\/\\\/tugesto.com\\\/blog\\\/aprovecha-la-formacion-la-fundae-tus-empleados\\\/\"]}]},{\"@type\":\"ImageObject\",\"inLanguage\":\"es\",\"@id\":\"https:\\\/\\\/tugesto.com\\\/blog\\\/aprovecha-la-formacion-la-fundae-tus-empleados\\\/#primaryimage\",\"url\":\"https:\\\/\\\/tugesto.com\\\/blog\\\/wp-content\\\/uploads\\\/2018\\\/05\\\/fundae-portada-1.png\",\"contentUrl\":\"https:\\\/\\\/tugesto.com\\\/blog\\\/wp-content\\\/uploads\\\/2018\\\/05\\\/fundae-portada-1.png\",\"width\":1200,\"height\":700,\"caption\":\"Si no conoces Fundae y todo lo que te puede aportar para tu empresa y trabajadores, sigue leyendo este post\"},{\"@type\":\"BreadcrumbList\",\"@id\":\"https:\\\/\\\/tugesto.com\\\/blog\\\/aprovecha-la-formacion-la-fundae-tus-empleados\\\/#breadcrumb\",\"itemListElement\":[{\"@type\":\"ListItem\",\"position\":1,\"name\":\"Home\",\"item\":\"https:\\\/\\\/tugesto.com\\\/blog\\\/\"},{\"@type\":\"ListItem\",\"position\":2,\"name\":\"Laboral\",\"item\":\"https:\\\/\\\/tugesto.com\\\/blog\\\/category\\\/laboral\\\/\"},{\"@type\":\"ListItem\",\"position\":3,\"name\":\"Aprovecha la formaci\u00f3n de la Fundae: cursos para trabajadores\"}]},{\"@type\":\"WebSite\",\"@id\":\"https:\\\/\\\/tugesto.com\\\/blog\\\/#website\",\"url\":\"https:\\\/\\\/tugesto.com\\\/blog\\\/\",\"name\":\"Blog tugesto\",\"description\":\"\ud83d\udcda Blog especializado para aut\u00f3nomos y pymes. Encuentra semanalmente nuevos posts, recursos y gu\u00edas. La ayuda que necesitas para tu negocio.\",\"publisher\":{\"@id\":\"https:\\\/\\\/tugesto.com\\\/blog\\\/#organization\"},\"potentialAction\":[{\"@type\":\"SearchAction\",\"target\":{\"@type\":\"EntryPoint\",\"urlTemplate\":\"https:\\\/\\\/tugesto.com\\\/blog\\\/?s={search_term_string}\"},\"query-input\":{\"@type\":\"PropertyValueSpecification\",\"valueRequired\":true,\"valueName\":\"search_term_string\"}}],\"inLanguage\":\"es\"},{\"@type\":\"Organization\",\"@id\":\"https:\\\/\\\/tugesto.com\\\/blog\\\/#organization\",\"name\":\"tugesto\",\"url\":\"https:\\\/\\\/tugesto.com\\\/blog\\\/\",\"logo\":{\"@type\":\"ImageObject\",\"inLanguage\":\"es\",\"@id\":\"https:\\\/\\\/tugesto.com\\\/blog\\\/#\\\/schema\\\/logo\\\/image\\\/\",\"url\":\"https:\\\/\\\/tugesto.com\\\/blog\\\/wp-content\\\/uploads\\\/2019\\\/06\\\/logo_tugesto.png\",\"contentUrl\":\"https:\\\/\\\/tugesto.com\\\/blog\\\/wp-content\\\/uploads\\\/2019\\\/06\\\/logo_tugesto.png\",\"width\":190,\"height\":63,\"caption\":\"tugesto\"},\"image\":{\"@id\":\"https:\\\/\\\/tugesto.com\\\/blog\\\/#\\\/schema\\\/logo\\\/image\\\/\"},\"sameAs\":[\"https:\\\/\\\/www.facebook.com\\\/tugesto\\\/\",\"https:\\\/\\\/www.instagram.com\\\/tugesto_online\\\/\"]},{\"@type\":\"Person\",\"@id\":\"https:\\\/\\\/tugesto.com\\\/blog\\\/#\\\/schema\\\/person\\\/2fa8e07511841ac8faf1e197d136c5cc\",\"name\":\"Pilar Ma\u00f1es\",\"image\":{\"@type\":\"ImageObject\",\"inLanguage\":\"es\",\"@id\":\"https:\\\/\\\/tugesto.com\\\/blog\\\/wp-content\\\/uploads\\\/2024\\\/05\\\/pilar-manes.jpg18b40a4d2cebdace06b7959c1bad725b\",\"url\":\"https:\\\/\\\/tugesto.com\\\/blog\\\/wp-content\\\/uploads\\\/2024\\\/05\\\/pilar-manes.jpg\",\"contentUrl\":\"https:\\\/\\\/tugesto.com\\\/blog\\\/wp-content\\\/uploads\\\/2024\\\/05\\\/pilar-manes.jpg\",\"caption\":\"Pilar Ma\u00f1es\"},\"description\":\"Responsable dpto. Comunicaci\u00f3n y Marketing\",\"sameAs\":[\"https:\\\/\\\/www.linkedin.com\\\/in\\\/pilar-ma%C3%B1es\\\/\"]}]}<\/script>\n<!-- \/ Yoast SEO plugin. -->","yoast_head_json":{"title":"Formaci\u00f3n Fundae: cursos para trabajadores | tugesto","description":"Empresas, empleados y aut\u00f3nomos pueden beneficiarse de la formaci\u00f3n Fundae con cursos para trabajadores, te contamos c\u00f3mo","robots":{"index":"index","follow":"follow","max-snippet":"max-snippet:-1","max-image-preview":"max-image-preview:large","max-video-preview":"max-video-preview:-1"},"canonical":"https:\/\/tugesto.com\/blog\/aprovecha-la-formacion-la-fundae-tus-empleados\/","og_locale":"es_ES","og_type":"article","og_title":"Formaci\u00f3n Fundae: cursos para trabajadores | tugesto","og_description":"Empresas, empleados y aut\u00f3nomos pueden beneficiarse de la formaci\u00f3n Fundae con cursos para trabajadores, te contamos c\u00f3mo","og_url":"https:\/\/tugesto.com\/blog\/aprovecha-la-formacion-la-fundae-tus-empleados\/","og_site_name":"Blog: \u00a1Aprende a emprender! | tugesto","article_publisher":"https:\/\/www.facebook.com\/tugesto\/","article_published_time":"2018-05-13T23:00:03+00:00","article_modified_time":"2024-05-20T06:34:21+00:00","og_image":[{"width":1200,"height":700,"url":"https:\/\/tugesto.com\/blog\/wp-content\/uploads\/2018\/05\/fundae-portada-1.png","type":"image\/png"}],"author":"Pilar Ma\u00f1es","twitter_card":"summary_large_image","twitter_misc":{"Escrito por":"Pilar Ma\u00f1es","Tiempo de lectura":"5 minutos"},"schema":{"@context":"https:\/\/schema.org","@graph":[{"@type":"Article","@id":"https:\/\/tugesto.com\/blog\/aprovecha-la-formacion-la-fundae-tus-empleados\/#article","isPartOf":{"@id":"https:\/\/tugesto.com\/blog\/aprovecha-la-formacion-la-fundae-tus-empleados\/"},"author":{"name":"Pilar Ma\u00f1es","@id":"https:\/\/tugesto.com\/blog\/#\/schema\/person\/2fa8e07511841ac8faf1e197d136c5cc"},"headline":"Aprovecha la formaci\u00f3n de la Fundae: cursos para trabajadores","datePublished":"2018-05-13T23:00:03+00:00","dateModified":"2024-05-20T06:34:21+00:00","mainEntityOfPage":{"@id":"https:\/\/tugesto.com\/blog\/aprovecha-la-formacion-la-fundae-tus-empleados\/"},"wordCount":891,"commentCount":0,"publisher":{"@id":"https:\/\/tugesto.com\/blog\/#organization"},"image":{"@id":"https:\/\/tugesto.com\/blog\/aprovecha-la-formacion-la-fundae-tus-empleados\/#primaryimage"},"thumbnailUrl":"https:\/\/tugesto.com\/blog\/wp-content\/uploads\/2018\/05\/fundae-portada-1.png","keywords":["aut\u00f3nomos","pymes"],"articleSection":["Laboral"],"inLanguage":"es","potentialAction":[{"@type":"CommentAction","name":"Comment","target":["https:\/\/tugesto.com\/blog\/aprovecha-la-formacion-la-fundae-tus-empleados\/#respond"]}]},{"@type":"WebPage","@id":"https:\/\/tugesto.com\/blog\/aprovecha-la-formacion-la-fundae-tus-empleados\/","url":"https:\/\/tugesto.com\/blog\/aprovecha-la-formacion-la-fundae-tus-empleados\/","name":"Formaci\u00f3n Fundae: cursos para trabajadores | tugesto","isPartOf":{"@id":"https:\/\/tugesto.com\/blog\/#website"},"primaryImageOfPage":{"@id":"https:\/\/tugesto.com\/blog\/aprovecha-la-formacion-la-fundae-tus-empleados\/#primaryimage"},"image":{"@id":"https:\/\/tugesto.com\/blog\/aprovecha-la-formacion-la-fundae-tus-empleados\/#primaryimage"},"thumbnailUrl":"https:\/\/tugesto.com\/blog\/wp-content\/uploads\/2018\/05\/fundae-portada-1.png","datePublished":"2018-05-13T23:00:03+00:00","dateModified":"2024-05-20T06:34:21+00:00","description":"Empresas, empleados y aut\u00f3nomos pueden beneficiarse de la formaci\u00f3n Fundae con cursos para trabajadores, te contamos c\u00f3mo","breadcrumb":{"@id":"https:\/\/tugesto.com\/blog\/aprovecha-la-formacion-la-fundae-tus-empleados\/#breadcrumb"},"inLanguage":"es","potentialAction":[{"@type":"ReadAction","target":["https:\/\/tugesto.com\/blog\/aprovecha-la-formacion-la-fundae-tus-empleados\/"]}]},{"@type":"ImageObject","inLanguage":"es","@id":"https:\/\/tugesto.com\/blog\/aprovecha-la-formacion-la-fundae-tus-empleados\/#primaryimage","url":"https:\/\/tugesto.com\/blog\/wp-content\/uploads\/2018\/05\/fundae-portada-1.png","contentUrl":"https:\/\/tugesto.com\/blog\/wp-content\/uploads\/2018\/05\/fundae-portada-1.png","width":1200,"height":700,"caption":"Si no conoces Fundae y todo lo que te puede aportar para tu empresa y trabajadores, sigue leyendo este post"},{"@type":"BreadcrumbList","@id":"https:\/\/tugesto.com\/blog\/aprovecha-la-formacion-la-fundae-tus-empleados\/#breadcrumb","itemListElement":[{"@type":"ListItem","position":1,"name":"Home","item":"https:\/\/tugesto.com\/blog\/"},{"@type":"ListItem","position":2,"name":"Laboral","item":"https:\/\/tugesto.com\/blog\/category\/laboral\/"},{"@type":"ListItem","position":3,"name":"Aprovecha la formaci\u00f3n de la Fundae: cursos para trabajadores"}]},{"@type":"WebSite","@id":"https:\/\/tugesto.com\/blog\/#website","url":"https:\/\/tugesto.com\/blog\/","name":"Blog tugesto","description":"\ud83d\udcda Blog especializado para aut\u00f3nomos y pymes. Encuentra semanalmente nuevos posts, recursos y gu\u00edas. La ayuda que necesitas para tu negocio.","publisher":{"@id":"https:\/\/tugesto.com\/blog\/#organization"},"potentialAction":[{"@type":"SearchAction","target":{"@type":"EntryPoint","urlTemplate":"https:\/\/tugesto.com\/blog\/?s={search_term_string}"},"query-input":{"@type":"PropertyValueSpecification","valueRequired":true,"valueName":"search_term_string"}}],"inLanguage":"es"},{"@type":"Organization","@id":"https:\/\/tugesto.com\/blog\/#organization","name":"tugesto","url":"https:\/\/tugesto.com\/blog\/","logo":{"@type":"ImageObject","inLanguage":"es","@id":"https:\/\/tugesto.com\/blog\/#\/schema\/logo\/image\/","url":"https:\/\/tugesto.com\/blog\/wp-content\/uploads\/2019\/06\/logo_tugesto.png","contentUrl":"https:\/\/tugesto.com\/blog\/wp-content\/uploads\/2019\/06\/logo_tugesto.png","width":190,"height":63,"caption":"tugesto"},"image":{"@id":"https:\/\/tugesto.com\/blog\/#\/schema\/logo\/image\/"},"sameAs":["https:\/\/www.facebook.com\/tugesto\/","https:\/\/www.instagram.com\/tugesto_online\/"]},{"@type":"Person","@id":"https:\/\/tugesto.com\/blog\/#\/schema\/person\/2fa8e07511841ac8faf1e197d136c5cc","name":"Pilar Ma\u00f1es","image":{"@type":"ImageObject","inLanguage":"es","@id":"https:\/\/tugesto.com\/blog\/wp-content\/uploads\/2024\/05\/pilar-manes.jpg18b40a4d2cebdace06b7959c1bad725b","url":"https:\/\/tugesto.com\/blog\/wp-content\/uploads\/2024\/05\/pilar-manes.jpg","contentUrl":"https:\/\/tugesto.com\/blog\/wp-content\/uploads\/2024\/05\/pilar-manes.jpg","caption":"Pilar Ma\u00f1es"},"description":"Responsable dpto. Comunicaci\u00f3n y Marketing","sameAs":["https:\/\/www.linkedin.com\/in\/pilar-ma%C3%B1es\/"]}]}},"authors":[{"term_id":1492,"user_id":6,"is_guest":0,"slug":"pilar-manes","display_name":"Pilar Ma\u00f1es","avatar_url":{"url":"https:\/\/tugesto.com\/blog\/wp-content\/uploads\/2024\/05\/pilar-manes.jpg","url2x":"https:\/\/tugesto.com\/blog\/wp-content\/uploads\/2024\/05\/pilar-manes.jpg"},"0":null,"1":"","2":"","3":"","4":"","5":"","6":"","7":"","8":""}],"_links":{"self":[{"href":"https:\/\/tugesto.com\/blog\/wp-json\/wp\/v2\/posts\/8179","targetHints":{"allow":["GET"]}}],"collection":[{"href":"https:\/\/tugesto.com\/blog\/wp-json\/wp\/v2\/posts"}],"about":[{"href":"https:\/\/tugesto.com\/blog\/wp-json\/wp\/v2\/types\/post"}],"author":[{"embeddable":true,"href":"https:\/\/tugesto.com\/blog\/wp-json\/wp\/v2\/users\/6"}],"replies":[{"embeddable":true,"href":"https:\/\/tugesto.com\/blog\/wp-json\/wp\/v2\/comments?post=8179"}],"version-history":[{"count":12,"href":"https:\/\/tugesto.com\/blog\/wp-json\/wp\/v2\/posts\/8179\/revisions"}],"predecessor-version":[{"id":35561,"href":"https:\/\/tugesto.com\/blog\/wp-json\/wp\/v2\/posts\/8179\/revisions\/35561"}],"wp:featuredmedia":[{"embeddable":true,"href":"https:\/\/tugesto.com\/blog\/wp-json\/wp\/v2\/media\/8221"}],"wp:attachment":[{"href":"https:\/\/tugesto.com\/blog\/wp-json\/wp\/v2\/media?parent=8179"}],"wp:term":[{"taxonomy":"category","embeddable":true,"href":"https:\/\/tugesto.com\/blog\/wp-json\/wp\/v2\/categories?post=8179"},{"taxonomy":"post_tag","embeddable":true,"href":"https:\/\/tugesto.com\/blog\/wp-json\/wp\/v2\/tags?post=8179"},{"taxonomy":"author","embeddable":true,"href":"https:\/\/tugesto.com\/blog\/wp-json\/wp\/v2\/ppma_author?post=8179"}],"curies":[{"name":"wp","href":"https:\/\/api.w.org\/{rel}","templated":true}]}}