{"id":8150,"date":"2018-05-09T00:00:41","date_gmt":"2018-05-08T23:00:41","guid":{"rendered":"https:\/\/tugesto.com\/blog\/?p=8150"},"modified":"2024-05-20T08:34:41","modified_gmt":"2024-05-20T06:34:41","slug":"modelo-347","status":"publish","type":"post","link":"https:\/\/tugesto.com\/blog\/modelo-347\/","title":{"rendered":"C\u00f3mo rellenar el Modelo 347 paso a paso"},"content":{"rendered":"\t\t<div data-elementor-type=\"wp-post\" data-elementor-id=\"8150\" class=\"elementor elementor-8150\" data-elementor-post-type=\"post\">\n\t\t\t\t\t\t<section class=\"elementor-section elementor-top-section elementor-element elementor-element-34cbea9c elementor-section-boxed elementor-section-height-default elementor-section-height-default\" data-id=\"34cbea9c\" data-element_type=\"section\" data-e-type=\"section\">\n\t\t\t\t\t\t<div class=\"elementor-container elementor-column-gap-default\">\n\t\t\t\t\t<div class=\"elementor-column elementor-col-100 elementor-top-column elementor-element elementor-element-1e7e4455\" data-id=\"1e7e4455\" data-element_type=\"column\" data-e-type=\"column\">\n\t\t\t<div class=\"elementor-widget-wrap elementor-element-populated\">\n\t\t\t\t\t\t<div class=\"elementor-element elementor-element-5da0f8f3 elementor-widget elementor-widget-text-editor\" data-id=\"5da0f8f3\" data-element_type=\"widget\" data-e-type=\"widget\" data-widget_type=\"text-editor.default\">\n\t\t\t\t<div class=\"elementor-widget-container\">\n\t\t\t\t\t\t\t\t\t<p><\/p>\n<p>El modelo 347 es una de las tantas<strong> obligaciones fiscales que empresas, sociedades y aut\u00f3nomos tienen con la Agencia Tributaria<\/strong>. \u00a0Si bien con <a href=\"https:\/\/tugesto.com\" target=\"_blank\" rel=\"noreferrer noopener\">tugesto<\/a> no tendr\u00e1s que preocuparte de nada porque los modelos fiscales se generan y presentan autom\u00e1ticamente en Hacienda, aqu\u00ed <strong>te explicamos qu\u00e9 es, c\u00f3mo rellenar el Modelo 347 paso a paso y c\u00f3mo presentarlo<\/strong>, con la informaci\u00f3n actualizada para poder presentarlo en Hacienda.<\/p>\n<p><a href=\"https:\/\/tugesto.com\/software-fiscal\/?utm_source=blog&amp;utm_medium=banner&amp;utm_campaign=modelo_347\" target=\"_blank\" rel=\"noopener\"><img fetchpriority=\"high\" decoding=\"async\" class=\"alignnone wp-image-14761 size-full\" src=\"https:\/\/tugesto.com\/blog\/wp-content\/uploads\/2020\/01\/asesores_fiscales_tugesto.jpg\" alt=\"Te respalda el equipo de asesores fiscales de tugesto\" width=\"800\" height=\"241\" srcset=\"https:\/\/tugesto.com\/blog\/wp-content\/uploads\/2020\/01\/asesores_fiscales_tugesto.jpg 800w, https:\/\/tugesto.com\/blog\/wp-content\/uploads\/2020\/01\/asesores_fiscales_tugesto-300x90.jpg 300w, https:\/\/tugesto.com\/blog\/wp-content\/uploads\/2020\/01\/asesores_fiscales_tugesto-768x231.jpg 768w\" sizes=\"(max-width: 800px) 100vw, 800px\" \/><\/a><\/p>\n<p><\/p>\n<h2 class=\"wp-block-heading\">Qu\u00e9 es el modelo 347 de Hacienda<\/h2>\n<p><\/p>\n<p>El modelo 347 es una <strong>declaraci\u00f3n informativa anual\u00a0sobre las operaciones con terceros<\/strong>. Esta es la definici\u00f3n est\u00e1ndar, la que usar\u00eda cualquier asesor o gestor. As\u00ed que seguramente la definici\u00f3n que estabas buscando es esta:<\/p>\n<p><\/p>\n<blockquote class=\"wp-block-quote is-layout-flow wp-block-quote-is-layout-flow\">\n<p><\/p>\n<p><em>El modelo 347 sirve para informar a la Agencia Tributaria, de las transacciones que has realizado con proveedores y clientes. Y como s\u00f3lo sirve para informar, no, no hay que pagar nada.<\/em><\/p>\n<p><\/p>\n<\/blockquote>\n<p><\/p>\n<p>En definitiva, esta es la forma que tiene Hacienda de <strong>saber con qui\u00e9n haces negocios <\/strong>y una forma correcta de conocer todos tus gastos en relaci\u00f3n a cobros por cuenta de terceros. Como se trata de una declaraci\u00f3n anual este modelo hay que rellenarlo y presentarlo una vez al a\u00f1o (<strong>a partir del 01\/01\/2019 el modelo pasa a presentarse en enero<\/strong>), recogiendo los movimientos del a\u00f1o natural (enero-diciembre) anterior.<\/p>\n<p><\/p>\n<h3 class=\"wp-block-heading\">C\u00f3mo accedo a la AEAT para presentar el modelo 347<\/h3>\n<p><\/p>\n<p>Dependiendo de tu perfil (sociedad, empresa, aut\u00f3nomo), podr\u00e1s acceder a la Agencia Tributaria para rellenar y presentar este modelo mediante distintas v\u00edas. Pero todos los caminos te llevan a la <strong>presentaci\u00f3n electr\u00f3nica.\u00a0<\/strong><\/p>\n<p><\/p>\n<p>As\u00ed, vamos diferenciar entre varias formas de acceso a Hacienda:<\/p>\n<p><\/p>\n<ul class=\"wp-block-list\">\n<li style=\"list-style-type: none;\">\n<ul><\/ul>\n<\/li>\n<\/ul>\n<ul>\n<li style=\"list-style-type: none;\">\n<ul>\n<li>Los <strong>aut\u00f3nomos<\/strong> y <strong>personas f\u00edsicas <\/strong>necesitan una firma electr\u00f3nica avanzada (certificado electr\u00f3nico o DNI-e). O bien pueden acceder mediante el sistema de <a href=\"https:\/\/www.agenciatributaria.gob.es\/AEAT.sede\/procedimientoini\/GC27.shtml\" target=\"_blank\" rel=\"noreferrer noopener\">Cl@ve PIN<\/a>.<\/li>\n<\/ul>\n<\/li>\n<\/ul>\n<p><\/p>\n<ul>\n<li style=\"list-style-type: none;\">\n<ul>\n<li>Las <strong>sociedades<\/strong>, <strong>empresas<\/strong> y <strong>entidades<\/strong> sin personalidad jur\u00eddica (esto incluye Administraciones P\u00fablicas y grandes empresas), pueden entrar mediante firma electr\u00f3nica avanzada (certificado digital), pero no con Cl@ve PIN.<\/li>\n<\/ul>\n<\/li>\n<\/ul>\n<p><\/p>\n<ul>\n<li style=\"list-style-type: none;\">\n<ul>\n<li>Por su parte, las <strong>comunidades de propietarios<\/strong> pueden usar la firma electr\u00f3nica avanzada. Adem\u00e1s, si no superan los 15 registros declarados pueden presentar el modelo 347 en el <strong>servicio de impresi\u00f3n de la Sede Electr\u00f3nica de Hacienda <\/strong>y enviarlo mediante un SMS.<\/li>\n<\/ul>\n<\/li>\n<\/ul>\n<p><\/p>\n<ul>\n<li style=\"list-style-type: none;\">\n<ul>\n<li>Y sea cual sea tu perfil, <strong>si tu declaraci\u00f3n supera los 10.000.000 de registros<\/strong> a declarar, puedes optar por realizar la presentaci\u00f3n mediante un certificado electr\u00f3nico.<\/li>\n<\/ul>\n<\/li>\n<\/ul>\n<p><\/p>\n<p><\/p>\n<p>En la web donde podr\u00e1s, mediante tu correspondiente acceso, rellenar y presentar el modelo 347. Una vez est\u00e9s dentro haz clic en \u201cPresentaci\u00f3n ejercicio XXXX y siguientes\u201d. Pasamos ahora a <strong>rellenar el formulario<\/strong>. Te lo explicamos paso a paso.<\/p>\n<p><\/p>\n<figure class=\"wp-block-image aligncenter\"><img decoding=\"async\" width=\"1024\" height=\"539\" class=\"wp-image-8154\" src=\"https:\/\/tugesto.com\/blog\/wp-content\/uploads\/2018\/05\/modelo-347-presentar-hacienda-1024x539.jpg\" alt=\"acceso hacienda\" srcset=\"https:\/\/tugesto.com\/blog\/wp-content\/uploads\/2018\/05\/modelo-347-presentar-hacienda-1024x539.jpg 1024w, https:\/\/tugesto.com\/blog\/wp-content\/uploads\/2018\/05\/modelo-347-presentar-hacienda-300x158.jpg 300w, https:\/\/tugesto.com\/blog\/wp-content\/uploads\/2018\/05\/modelo-347-presentar-hacienda-768x404.jpg 768w, https:\/\/tugesto.com\/blog\/wp-content\/uploads\/2018\/05\/modelo-347-presentar-hacienda-1536x809.jpg 1536w, https:\/\/tugesto.com\/blog\/wp-content\/uploads\/2018\/05\/modelo-347-presentar-hacienda.jpg 1561w\" sizes=\"(max-width: 1024px) 100vw, 1024px\" \/><\/figure>\n<p><\/p>\n<h3 class=\"wp-block-heading\">Informaci\u00f3n para saber c\u00f3mo rellenar el modelo 347 paso a paso<\/h3>\n<p><\/p>\n<p>A la hora de declarar una operaci\u00f3n vamos a necesitar <strong>una serie de datos\u00a0<\/strong>que m\u00e1s tarde nos solicitar\u00e1 el modelo 347. Esta informaci\u00f3n es:<\/p>\n<p><\/p>\n<ul class=\"wp-block-list\">\n<li style=\"list-style-type: none;\">\n<ul><\/ul>\n<\/li>\n<\/ul>\n<ul>\n<li style=\"list-style-type: none;\">\n<ul>\n<li>Los <strong>datos identificativos<\/strong> del cliente o proveedor<\/li>\n<\/ul>\n<\/li>\n<\/ul>\n<p><\/p>\n<ul>\n<li style=\"list-style-type: none;\">\n<ul>\n<li>El <strong>importe total <\/strong>de las ventas o la cuant\u00eda total de las compras (incluimos el IVA)<\/li>\n<\/ul>\n<\/li>\n<\/ul>\n<p><\/p>\n<ul>\n<li style=\"list-style-type: none;\">\n<ul>\n<li>Distribuci\u00f3n por <strong>trimestres\u00a0<\/strong>del importe de las transacciones<\/li>\n<\/ul>\n<\/li>\n<\/ul>\n<p><\/p>\n<p><\/p>\n<p>Recuerda que debes <strong>dejar al margen facturas con retenci\u00f3n <\/strong>(estas se declaran en otros modelos). As\u00ed como las que correspondan a <strong>operaciones intracomunitarias <\/strong>u operaciones <strong>internacionales<\/strong>.<\/p>\n<p><\/p>\n<h2 class=\"wp-block-heading\">C\u00f3mo rellenar el modelo 347: paso a paso<\/h2>\n<p><\/p>\n<h3 class=\"wp-block-heading\">Primera pantalla<\/h3>\n<p><\/p>\n<p>La primera pantalla es la que ves a continuaci\u00f3n, la de\u00a0\u00abDeclarante y resumen de la declaraci\u00f3n\u00bb, se trata de un\u00a0<strong>resumen de los datos<\/strong>. En ella encontrar\u00e1s varios apartados. Los campos marcados con un asterisco rojo son obligatorios. Los rellenos de color amarillo son sumatorios autom\u00e1ticos.<\/p>\n<p><\/p>\n<figure class=\"wp-block-image aligncenter\"><img decoding=\"async\" width=\"1024\" height=\"590\" class=\"wp-image-8160\" src=\"https:\/\/tugesto.com\/blog\/wp-content\/uploads\/2018\/05\/segunda-pantalla-modelo-34-1024x590.png\" alt=\"segunda pantalla modelo 347\" srcset=\"https:\/\/tugesto.com\/blog\/wp-content\/uploads\/2018\/05\/segunda-pantalla-modelo-34-1024x590.png 1024w, https:\/\/tugesto.com\/blog\/wp-content\/uploads\/2018\/05\/segunda-pantalla-modelo-34-300x173.png 300w, https:\/\/tugesto.com\/blog\/wp-content\/uploads\/2018\/05\/segunda-pantalla-modelo-34-768x442.png 768w, https:\/\/tugesto.com\/blog\/wp-content\/uploads\/2018\/05\/segunda-pantalla-modelo-34.png 1082w\" sizes=\"(max-width: 1024px) 100vw, 1024px\" \/><\/figure>\n<p><\/p>\n<p><strong>Datos del declarante<\/strong>. Es decir, nuestros datos. Rellena los campos de NIF, apellidos y nombre si eres aut\u00f3nomo u otro tipo de persona f\u00edsica, o raz\u00f3n social; tel\u00e9fono de contacto y NIF del representante si no eres persona f\u00edsica.<\/p>\n<p><\/p>\n<p><strong>Personas con qui\u00e9n relacionarse<\/strong>. Aqu\u00ed debemos introducir nuestro n\u00famero de tel\u00e9fono y nuestros nombre y apellido.<\/p>\n<p><\/p>\n<p>Apartado de <strong>declaraci\u00f3n complementaria o sustitutiva<\/strong>. No es obligatorio. Estas casillas se marcar\u00e1n si estamos realizando una declaraci\u00f3n que complementa a otra que ya hemos presentado anteriormente en el mismo ejercicio. O bien si se trata de una declaraci\u00f3n que va a sustituir a otra del mismo a\u00f1o. Si este \u00faltimo es nuestro caso, el n\u00famero identificativo de la declaraci\u00f3n anterior se introducir\u00e1 autom\u00e1ticamente.<\/p>\n<p><\/p>\n<p><strong>Resumen de la declaraci\u00f3n<\/strong>. Este apartado es un resumen (sumatorio) de las operaciones que se detallar\u00e1n m\u00e1s tarde y se rellenan de forma autom\u00e1tica. No hay que hacer nada.<\/p>\n<p><\/p>\n<p><strong>N\u00famero total de personas y entidades relacionadas<\/strong>. Es decir, la suma de clientes y proveedores que vamos a registrar.<\/p>\n<p><\/p>\n<p><strong>Importe anual total de las operaciones relacionadas<\/strong>. Aqu\u00ed se suma el importe total, IVA incluido, de las operaciones declaradas.<\/p>\n<p><\/p>\n<p><strong>N\u00famero total de inmuebles relacionados<\/strong>. Es decir, el n\u00famero de inmuebles donde pagas alquiler.<\/p>\n<p><\/p>\n<p><strong>Importe total de operaciones de arrendamiento<\/strong>. El sumatorio de los registros de alquiler.<\/p>\n<p><\/p>\n<p>Una vez rellenados los datos obligatorios de los dos primeros apartados, pasamos a la segunda pantalla.<\/p>\n<p><\/p>\n<h3 class=\"wp-block-heading\">Segunda pantalla<\/h3>\n<p><\/p>\n<p>Aqu\u00ed veremos el registro de todos los datos que vamos a introducir. Para empezar, deber\u00e1s hacer clic en el bot\u00f3n de \u00ab<strong>Agregar registro<\/strong>\u00ab. Es el que aparece entre el contador de registros (\u00ab0 Registros\u00bb) y el icono de la Papelera (que sirve para eliminar registros si lo deseamos).<\/p>\n<p>Dale clic, por lo tanto, al icono en el que aparece una<strong> hoja en blanco con el s\u00edmbolo de SUMA en verde<\/strong>.<\/p>\n<p><\/p>\n<figure class=\"wp-block-image aligncenter\"><img loading=\"lazy\" decoding=\"async\" width=\"1024\" height=\"461\" class=\"wp-image-8159\" src=\"https:\/\/tugesto.com\/blog\/wp-content\/uploads\/2018\/05\/primera-pantalla-modelo-347-1024x461.png\" alt=\"pantalla-modelo-347\" srcset=\"https:\/\/tugesto.com\/blog\/wp-content\/uploads\/2018\/05\/primera-pantalla-modelo-347-1024x461.png 1024w, https:\/\/tugesto.com\/blog\/wp-content\/uploads\/2018\/05\/primera-pantalla-modelo-347-300x135.png 300w, https:\/\/tugesto.com\/blog\/wp-content\/uploads\/2018\/05\/primera-pantalla-modelo-347-768x345.png 768w, https:\/\/tugesto.com\/blog\/wp-content\/uploads\/2018\/05\/primera-pantalla-modelo-347.png 1076w\" sizes=\"(max-width: 1024px) 100vw, 1024px\" \/><\/figure>\n<p><\/p>\n<p>Si hacemos clic, se abrir\u00e1 la siguiente ventana:<\/p>\n<p><\/p>\n<figure class=\"wp-block-image aligncenter\"><img loading=\"lazy\" decoding=\"async\" width=\"1024\" height=\"762\" class=\"wp-image-8162\" src=\"https:\/\/tugesto.com\/blog\/wp-content\/uploads\/2018\/05\/tercera-pantalla-modelo-347-1024x762.png\" alt=\"pantalla modelo 347\" srcset=\"https:\/\/tugesto.com\/blog\/wp-content\/uploads\/2018\/05\/tercera-pantalla-modelo-347-1024x762.png 1024w, https:\/\/tugesto.com\/blog\/wp-content\/uploads\/2018\/05\/tercera-pantalla-modelo-347-300x223.png 300w, https:\/\/tugesto.com\/blog\/wp-content\/uploads\/2018\/05\/tercera-pantalla-modelo-347-768x572.png 768w, https:\/\/tugesto.com\/blog\/wp-content\/uploads\/2018\/05\/tercera-pantalla-modelo-347.png 1076w\" sizes=\"(max-width: 1024px) 100vw, 1024px\" \/><\/figure>\n<p><\/p>\n<p>Los datos a rellenar que ves son:<\/p>\n<p><\/p>\n<p><strong>Datos del declarado<\/strong>. Aqu\u00ed hay que introducir los datos de nuestros clientes o proveedores. En concreto son: el NIF del declarado, su nombre y apellidos o raz\u00f3n social (en caso de ser una persona f\u00edsica o una empresa o entidad). Entre los campos NO obligatorios tambi\u00e9n hay que seleccionar la provincia donde opera, el c\u00f3digo del pa\u00eds siempre que no sea Espa\u00f1a.<\/p>\n<p>La <strong>clave de la operaci\u00f3n<\/strong>, por su parte, s\u00ed es obligatoria.\u00a0Hay distintas claves dependiendo de la operaci\u00f3n que hayas realizado con el cliente o proveedor. As\u00ed, la CLAVE A son compras, mientas que la CLAVE B son ventas. La CLAVE C ser\u00e1n cobros por cuenta de terceros superiores a 300,51\u20ac (tambi\u00e9n conocidos como suplidos). La D adquisiciones al margen de la actividad empresarial por entidades p\u00fablicas. La CLAVE E subvenciones o ayudas. La F para ventas de agencias de viajes. La CLAVE G compras de agencias de viajes.<\/p>\n<p><\/p>\n<p>Ahora nos encontramos con cinco casillas a marcar o no. Estas se corresponden a:<\/p>\n<p><\/p>\n<ul class=\"wp-block-list\">\n<li style=\"list-style-type: none;\">\n<ul><\/ul>\n<\/li>\n<\/ul>\n<ul>\n<li style=\"list-style-type: none;\">\n<ul>\n<li><strong>Operaci\u00f3n de seguro<\/strong>. Este apartado es s\u00f3lo para empresas aseguradoras.<\/li>\n<\/ul>\n<\/li>\n<\/ul>\n<p><\/p>\n<ul>\n<li style=\"list-style-type: none;\">\n<ul>\n<li><strong>Arrendamiento Local Negocio<\/strong>. Hay que marcar esta casilla si es nuestro caso. Aunque \u00a1ojo! De normal van al modelo 180 porque llevan retenci\u00f3n, sino llevara retenci\u00f3n se tendr\u00eda que informar en este apartado. Si hacemos clic sobre esta casilla nos aparecer\u00e1<strong> otra ventana<\/strong> espec\u00edfica que te explicamos m\u00e1s adelante.<\/li>\n<\/ul>\n<\/li>\n<\/ul>\n<p><\/p>\n<ul>\n<li style=\"list-style-type: none;\">\n<ul>\n<li><strong>Operaci\u00f3n IVA de caja. <\/strong>Solo para quienes operen en este r\u00e9gimen.<\/li>\n<\/ul>\n<\/li>\n<\/ul>\n<p><\/p>\n<ul>\n<li style=\"list-style-type: none;\">\n<ul>\n<li><strong>Operaci\u00f3n con inversi\u00f3n del sujeto pasivo. <\/strong><\/li>\n<\/ul>\n<\/li>\n<\/ul>\n<p><\/p>\n<ul>\n<li style=\"list-style-type: none;\">\n<ul>\n<li><strong>Operaci\u00f3n con bienes vinculados o destinados a vincularse al r\u00e9gimen de deposito distinto aduanero<\/strong><\/li>\n<\/ul>\n<\/li>\n<\/ul>\n<p><\/p>\n<p><\/p>\n<h4 class=\"wp-block-heading\">Desglose por trimestres<\/h4>\n<p><\/p>\n<p>Pasamos ahora al desglose de transacciones por trimestre:<\/p>\n<p><\/p>\n<figure class=\"wp-block-image aligncenter\"><img loading=\"lazy\" decoding=\"async\" width=\"1024\" height=\"327\" class=\"wp-image-8164\" src=\"https:\/\/tugesto.com\/blog\/wp-content\/uploads\/2018\/05\/detalle-tercera-pantalla-modelo-347-1024x327.png\" alt=\"pantalla modelo 347\" srcset=\"https:\/\/tugesto.com\/blog\/wp-content\/uploads\/2018\/05\/detalle-tercera-pantalla-modelo-347-1024x327.png 1024w, https:\/\/tugesto.com\/blog\/wp-content\/uploads\/2018\/05\/detalle-tercera-pantalla-modelo-347-300x96.png 300w, https:\/\/tugesto.com\/blog\/wp-content\/uploads\/2018\/05\/detalle-tercera-pantalla-modelo-347-768x246.png 768w, https:\/\/tugesto.com\/blog\/wp-content\/uploads\/2018\/05\/detalle-tercera-pantalla-modelo-347.png 1076w\" sizes=\"(max-width: 1024px) 100vw, 1024px\" \/><\/figure>\n<p><\/p>\n<p>Donde pone \u00bb <strong>Importe trimestral de las operaciones<\/strong>\u00bb tendremos que introducir los importes totales del proveedor\/cliente en correspondientes a cada trimestre.<\/p>\n<p><\/p>\n<p>Por otro lado, en \u00ab<strong>Importe trimestral percibido por transmisiones de inmuebles sujetas a IVA\u00bb<\/strong>\u00a0haremos los mismo.<\/p>\n<p><\/p>\n<p>Las casillas con relleno amarillo se rellenar\u00e1n autom\u00e1ticamente con el sumatorio de cada columna, al igual que el ejercicio (a\u00f1o).<\/p>\n<p><\/p>\n<p>Lo \u00fanico que nos queda por indicar es el \u00abImporte percibido en met\u00e1lico\u00bb.\u00a0Recuerda que hay que indicar dicho importe con IVA incluido y s\u00f3lo las transacciones que superen los 6.000\u20ac.<\/p>\n<p><\/p>\n<h3 class=\"wp-block-heading\">Pantalla inmuebles<\/h3>\n<p><\/p>\n<p>Esta pantalla aparece si marcamos la casilla \u00ab<strong>Arrendamiento Local Negocio<\/strong>\u00bb de la segunda pantalla. Te recordamos de nuevo\u00a0que de normal estas transacciones no se declaran en el modelo 347 sino en el 180 porque llevan retenci\u00f3n, sino llevara retenci\u00f3n s\u00ed se tendr\u00eda que informar en este apartado.<\/p>\n<p><\/p>\n<figure class=\"wp-block-image aligncenter\"><img loading=\"lazy\" decoding=\"async\" width=\"1024\" height=\"548\" class=\"wp-image-8165\" src=\"https:\/\/tugesto.com\/blog\/wp-content\/uploads\/2018\/05\/pantall-datos-inmueble-1024x548.png\" alt=\"datos inmueble modelo 347\" srcset=\"https:\/\/tugesto.com\/blog\/wp-content\/uploads\/2018\/05\/pantall-datos-inmueble-1024x548.png 1024w, https:\/\/tugesto.com\/blog\/wp-content\/uploads\/2018\/05\/pantall-datos-inmueble-300x160.png 300w, https:\/\/tugesto.com\/blog\/wp-content\/uploads\/2018\/05\/pantall-datos-inmueble-768x411.png 768w, https:\/\/tugesto.com\/blog\/wp-content\/uploads\/2018\/05\/pantall-datos-inmueble.png 1077w\" sizes=\"(max-width: 1024px) 100vw, 1024px\" \/><\/figure>\n<p><\/p>\n<p>Como en la pantalla anterior, hay campos obligatorios y campos que se rellenan autom\u00e1ticamente. Vamos a verlos uno a uno.\u00a0Lo primero es rellenar los <strong>campos obligatorios<\/strong>. Estos son:<\/p>\n<p><\/p>\n<ul class=\"wp-block-list\">\n<li style=\"list-style-type: none;\">\n<ul><\/ul>\n<\/li>\n<\/ul>\n<ul>\n<li style=\"list-style-type: none;\">\n<ul>\n<li><strong>Importe de la Operaci\u00f3n<\/strong>.\u00a0La suma anual (incluidos impuestos)<\/li>\n<\/ul>\n<\/li>\n<\/ul>\n<p><\/p>\n<ul>\n<li style=\"list-style-type: none;\">\n<ul>\n<li><strong>Situaci\u00f3n del Inmueble.\u00a0<\/strong>Aqu\u00ed deber\u00e1s indicar \u201c1\u201d si es un local ubicado en Espa\u00f1a (a excepci\u00f3n del Pa\u00eds Vasco y Navarra). Selecciona \u201c2\u201d para Navarra y Pa\u00eds Vasco, \u201c3\u201d si no tienes la referencia y \u201c4\u201d si est\u00e1 en el extranjero<\/li>\n<\/ul>\n<\/li>\n<\/ul>\n<p><\/p>\n<ul>\n<li style=\"list-style-type: none;\">\n<ul>\n<li>El<strong> tipo de v\u00eda<\/strong>, as\u00ed como el nombre de la v\u00eda p\u00fablica.<\/li>\n<\/ul>\n<\/li>\n<\/ul>\n<p><\/p>\n<p><\/p>\n<p>Estos son los datos obligatorios, aunque puedes completar tambi\u00e9n los NO obligatorios, que engloban la <strong>direcci\u00f3n total del inmueble<\/strong>. Una vez rellenado todo, veremos aparecer los datos en las casillas amarillas de introducci\u00f3n autom\u00e1tica.<\/p>\n<p><\/p>\n<h2 class=\"wp-block-heading\">Qui\u00e9n debe presentar el modelo 347 en Hacienda<\/h2>\n<p><\/p>\n<p>Est\u00e1n obligados a presentar el modelo:<\/p>\n<p><\/p>\n<ul class=\"wp-block-list\">\n<li style=\"list-style-type: none;\">\n<ul><\/ul>\n<\/li>\n<\/ul>\n<ul>\n<li style=\"list-style-type: none;\">\n<ul>\n<li><strong>Empresas<\/strong> (pymes o cualquier tipo de sociedad)<\/li>\n<\/ul>\n<\/li>\n<\/ul>\n<p><\/p>\n<ul>\n<li style=\"list-style-type: none;\">\n<ul>\n<li><strong>Aut\u00f3nomos<\/strong><\/li>\n<\/ul>\n<\/li>\n<\/ul>\n<p><\/p>\n<ul>\n<li style=\"list-style-type: none;\">\n<ul>\n<li>Entidades de car\u00e1cter <strong>social<\/strong><\/li>\n<\/ul>\n<\/li>\n<\/ul>\n<p><\/p>\n<ul>\n<li style=\"list-style-type: none;\">\n<ul>\n<li>Asociaciones <strong>sin \u00e1nimo de lucro<\/strong><\/li>\n<\/ul>\n<\/li>\n<\/ul>\n<p><\/p>\n<ul>\n<li style=\"list-style-type: none;\">\n<ul>\n<li>Comunidades de <strong>bienes<\/strong><\/li>\n<\/ul>\n<\/li>\n<\/ul>\n<p><\/p>\n<ul>\n<li style=\"list-style-type: none;\">\n<ul>\n<li><strong>Comunidades de propietarios<\/strong><\/li>\n<\/ul>\n<\/li>\n<\/ul>\n<p><\/p>\n<ul>\n<li style=\"list-style-type: none;\">\n<ul>\n<li>Las entidades referidas en el <strong>art\u00edculo 35.4<\/strong> de la <a href=\"https:\/\/www.boe.es\/buscar\/pdf\/2003\/BOE-A-2003-23186-consolidado.pdf\" target=\"_blank\" rel=\"noreferrer noopener\">Ley General Tributaria<\/a> que lleven a cabo actividades de naturaleza empresarial o profesional.<\/li>\n<\/ul>\n<\/li>\n<\/ul>\n<p><\/p>\n<ul>\n<li style=\"list-style-type: none;\">\n<ul>\n<li>Entidades sociales incluidas en el <strong>art\u00edculo 20.3<\/strong> de la <a href=\"https:\/\/www.boe.es\/buscar\/pdf\/1992\/BOE-A-1992-28740-consolidado.pdf\" target=\"_blank\" rel=\"noreferrer noopener\">Ley del IVA<\/a><\/li>\n<\/ul>\n<\/li>\n<\/ul>\n<p><\/p>\n<p><\/p>\n<p>Siempre que\u2026<\/p>\n<p><\/p>\n<blockquote class=\"wp-block-quote is-layout-flow wp-block-quote-is-layout-flow\">\n<p><\/p>\n<p><em>el importe total (anual) de alg\u00fan cliente o proveedor supere los 3.005,06 euros (IVA incluido);\u00a0o 6.000 euros en el caso de pagos en met\u00e1lico<\/em><\/p>\n<p><\/p>\n<\/blockquote>\n<p><\/p>\n<h2 class=\"wp-block-heading\">\u00bfY qui\u00e9n no debe presentarlo?<\/h2>\n<p><\/p>\n<p>Por el contrario, no hace falta que presenten el modelo 347 ante la Agencia Tributaria:<\/p>\n<p><\/p>\n<ul class=\"wp-block-list\">\n<li style=\"list-style-type: none;\">\n<ul><\/ul>\n<\/li>\n<\/ul>\n<ul>\n<li style=\"list-style-type: none;\">\n<ul>\n<li>Aquellos inscritos en el <a href=\"https:\/\/tugesto.com\/blog\/redeme-regimen-devolucion-mensual\/\" target=\"_blank\" rel=\"noreferrer noopener\">REDEME<\/a>\u00a0(<strong>R\u00e9gimen de Devoluci\u00f3n Mensual del IVA<\/strong>) y que por lo tanto est\u00e1n incluidos mensualmente en el <a href=\"https:\/\/tugesto.com\/blog\/sii-gestion-del-iva\/\" target=\"_blank\" rel=\"noreferrer noopener\">Suministro Inmediato de Informaci\u00f3n<\/a> de la Agencia Tributaria<\/li>\n<\/ul>\n<\/li>\n<\/ul>\n<p><\/p>\n<ul>\n<li style=\"list-style-type: none;\">\n<ul>\n<li>Para todas las personas cuya sede de su actividad o <a href=\"https:\/\/tugesto.com\/blog\/cambio-de-domicilio-fiscal\/\" target=\"_blank\" rel=\"noreferrer noopener\">domicilio fiscal<\/a>\u00a0se encuentre <strong>fuera de Espa\u00f1a<\/strong>. Aunque la actividad econ\u00f3mica se realice en nuestro pa\u00eds. Estas personas se rigen por el r\u00e9gimen de tributaci\u00f3n del pa\u00eds donde se sit\u00fae la sede, establecimiento permanente o el domicilio fiscal.<\/li>\n<\/ul>\n<\/li>\n<\/ul>\n<p><\/p>\n<ul>\n<li style=\"list-style-type: none;\">\n<ul>\n<li>Las <strong>personas f\u00edsicas que tributen en el IRPF por m\u00f3dulos<\/strong>y en alguno de los reg\u00edmenes especiales del IVA. Al r\u00e9gimen de estimaci\u00f3n objetiva (por m\u00f3dulos) pueden adherirse aut\u00f3nomos, como que <a href=\"https:\/\/www.boe.es\/boe\/dias\/2014\/11\/29\/pdfs\/BOE-A-2014-12409.pdf\" target=\"_blank\" rel=\"noreferrer noopener\">sus actividades se incluya en la Orden del Ministro de Econ\u00f3mica y Hacienda<\/a>. Encontrar\u00edamos aqu\u00ed a personas dedicadas a la agricultura y ganader\u00eda, a la actividad forestal y pesca, a la producci\u00f3n del mejill\u00f3n de batea y al comercio al pormenor, por ejemplo, de frutas, verduras, hortalizas y tub\u00e9rculos; o de muebles de oficina; entre muchos otros.<\/li>\n<\/ul>\n<\/li>\n<\/ul>\n<p><\/p>\n<ul>\n<li style=\"list-style-type: none;\">\n<ul>\n<li>Tambi\u00e9n se libran de rellenar y presentar el modelo 347 quienes <strong>no superen los 3.005,6\u20ac durante todo el a\u00f1o anterior natural en el conjunto de operaciones<\/strong>. O de 300,51 \u20ac cuando se trate de cobros por cuenta de terceros de honorarios profesionales o derechos derivados de propiedad intelectual.<\/li>\n<\/ul>\n<\/li>\n<\/ul>\n<p><\/p>\n<p><\/p>\n<figure class=\"wp-block-image aligncenter\"><img loading=\"lazy\" decoding=\"async\" width=\"1024\" height=\"641\" class=\"wp-image-8158\" src=\"https:\/\/tugesto.com\/blog\/wp-content\/uploads\/2018\/05\/que-es-el-modelo-347-agencia-tributaria-1024x641.png\" alt=\"modelo 347 hacienda\" srcset=\"https:\/\/tugesto.com\/blog\/wp-content\/uploads\/2018\/05\/que-es-el-modelo-347-agencia-tributaria-1024x641.png 1024w, https:\/\/tugesto.com\/blog\/wp-content\/uploads\/2018\/05\/que-es-el-modelo-347-agencia-tributaria-300x188.png 300w, https:\/\/tugesto.com\/blog\/wp-content\/uploads\/2018\/05\/que-es-el-modelo-347-agencia-tributaria-768x481.png 768w, https:\/\/tugesto.com\/blog\/wp-content\/uploads\/2018\/05\/que-es-el-modelo-347-agencia-tributaria.png 1500w\" sizes=\"(max-width: 1024px) 100vw, 1024px\" \/><\/figure>\n<p><\/p>\n<h2 class=\"wp-block-heading\">Modelo 347: operaciones obligatorias<\/h2>\n<p><\/p>\n<p>Lo que ya tenemos claro es que deberemos\u00a0<strong>informar de clientes y proveedores cuya cantidad haya superado los 3.005,6\u20ac durante el a\u00f1o anterior<\/strong>. La informaci\u00f3n habr\u00e1 que desglosarla por trimestres y atribuirle su correspondiente concepto.<\/p>\n<p><\/p>\n<p>Hay que tener en cuenta tambi\u00e9n que deberemos incluir TODAS las operaciones que cumplan el anterior requisito. Es decir, no s\u00f3lo informaremos de las operaciones habituales. <strong>Incluiremos todas las operaciones<\/strong>:<\/p>\n<p><\/p>\n<ul class=\"wp-block-list\">\n<li style=\"list-style-type: none;\">\n<ul><\/ul>\n<\/li>\n<\/ul>\n<ul>\n<li style=\"list-style-type: none;\">\n<ul>\n<li>Operaciones sujetas y no exentas del IVA<\/li>\n<\/ul>\n<\/li>\n<\/ul>\n<p><\/p>\n<ul>\n<li style=\"list-style-type: none;\">\n<ul>\n<li>No sujetas y exentas del IVA<\/li>\n<\/ul>\n<\/li>\n<\/ul>\n<p><\/p>\n<ul>\n<li style=\"list-style-type: none;\">\n<ul>\n<li>Operaciones inmobiliarias<\/li>\n<\/ul>\n<\/li>\n<\/ul>\n<p><\/p>\n<ul>\n<li style=\"list-style-type: none;\">\n<ul>\n<li>Subvenciones, ayudas o auxilios no reintegrables (tanto donadas como recibidas).<\/li>\n<\/ul>\n<\/li>\n<\/ul>\n<p><\/p>\n<p><\/p>\n<p>Entre las otras <strong>operaciones menos comunes\u00a0<\/strong>que se declaran en el modelo 347 encontramos:<\/p>\n<p><\/p>\n<ul class=\"wp-block-list\">\n<li style=\"list-style-type: none;\">\n<ul><\/ul>\n<\/li>\n<\/ul>\n<ul>\n<li style=\"list-style-type: none;\">\n<ul>\n<li><strong>Leasings y pr\u00e9stamos<\/strong>. En las cuotas de leasing y pr\u00e9stamos encontramos varios conceptos, y no todos hay que declararlos en el modelo 347. En el caso del leasing hay que incluir la cuota de arrendamiento y la carga financiera. En el caso de pr\u00e9stamos s\u00f3lo los intereses.<\/li>\n<\/ul>\n<\/li>\n<\/ul>\n<p><\/p>\n<p><\/p>\n<p>Sin embargo, no hay que presentar la relaci\u00f3n de los pr\u00e9stamos entre el socio y la sociedad (una pr\u00e1ctica habitual en las empresas mercantiles). \u00bfPor qu\u00e9? Porque las retenciones de dichos pr\u00e9stamos se liquidan con Hacienda trimestralmente, a trav\u00e9s del modelo 123. La Agencia Tributaria, por lo tanto, conoce de esta operaci\u00f3n a trav\u00e9s del resumen anual, el modelo 193.<\/p>\n<p><\/p>\n<h3 class=\"wp-block-heading\">Operaciones exentas de declarar en el modelo 347<\/h3>\n<p><\/p>\n<p>En el lado opuesto, est\u00e1n <strong>exentas de declararse en el modelo 347 <\/strong>las siguientes operaciones:<\/p>\n<p><\/p>\n<ul class=\"wp-block-list\">\n<li style=\"list-style-type: none;\">\n<ul><\/ul>\n<\/li>\n<\/ul>\n<ul>\n<li style=\"list-style-type: none;\">\n<ul>\n<li>Las operaciones relacionadas con entrega de bienes o servicios en las que <strong>no exista obligaci\u00f3n de facturar<\/strong>. O aquellas incluidas en los <strong>reg\u00edmenes especiales <\/strong>de agricultura, ganader\u00eda y pesca.<\/li>\n<\/ul>\n<\/li>\n<\/ul>\n<p><\/p>\n<ul>\n<li style=\"list-style-type: none;\">\n<ul>\n<li>Las operaciones que se <strong>encuentren al margen de la actividad <\/strong>empresarial y profesional del contribuyente.<\/li>\n<\/ul>\n<\/li>\n<\/ul>\n<p><\/p>\n<ul>\n<li style=\"list-style-type: none;\">\n<ul>\n<li>Aquellas <strong>operaciones realizadas a t\u00edtulo gratuito <\/strong>y no sujetas a IVA<\/li>\n<\/ul>\n<\/li>\n<\/ul>\n<p><\/p>\n<ul>\n<li style=\"list-style-type: none;\">\n<ul>\n<li><strong>Alquileres exentos de IVA <\/strong>fuera de la actividad empresarial<\/li>\n<\/ul>\n<\/li>\n<\/ul>\n<p><\/p>\n<ul>\n<li style=\"list-style-type: none;\">\n<ul>\n<li>Compras de <strong>timbres o sellos postales <\/strong>(excepto si forman parte de alguna colecci\u00f3n)<\/li>\n<\/ul>\n<\/li>\n<\/ul>\n<p><\/p>\n<ul>\n<li style=\"list-style-type: none;\">\n<ul>\n<li>Operaciones <strong>exentas de IVA <\/strong>por parte de alguna entidad social<\/li>\n<\/ul>\n<\/li>\n<\/ul>\n<p><\/p>\n<ul>\n<li style=\"list-style-type: none;\">\n<ul>\n<li>Exportaciones e importaciones <strong>fuera de Espa\u00f1a, Canarias, Ceuta y Melilla <\/strong>(salvo que las dos partes tengan su sede en Espa\u00f1a)<\/li>\n<\/ul>\n<\/li>\n<\/ul>\n<p><\/p>\n<ul>\n<li style=\"list-style-type: none;\">\n<ul>\n<li>Si ya hay otro canal por el que se est\u00e1 informando a la Agencia Tributaria de una operaci\u00f3n facturas con retenci\u00f3n que se declaren en el modelo 190, alquileres con retenci\u00f3n que se declaren en el modelo 180<\/li>\n<\/ul>\n<\/li>\n<\/ul>\n<p><\/p>\n<p><\/p>\n<p>Por su parte, si hablamos de <strong>comunidades de propiedad horizontal<\/strong>(de propietarios) o <strong>establecimientos de naturaleza social<\/strong>, no tienen que declarar:<\/p>\n<p><\/p>\n<ul class=\"wp-block-list\">\n<li style=\"list-style-type: none;\">\n<ul><\/ul>\n<\/li>\n<\/ul>\n<ul>\n<li style=\"list-style-type: none;\">\n<ul>\n<li>Suministros de combustible y luz para el consumo<\/li>\n<\/ul>\n<\/li>\n<\/ul>\n<p><\/p>\n<ul>\n<li style=\"list-style-type: none;\">\n<ul>\n<li>Consumo comunitario de agua<\/li>\n<\/ul>\n<\/li>\n<\/ul>\n<p><\/p>\n<ul>\n<li style=\"list-style-type: none;\">\n<ul>\n<li>Primas de seguros<\/li>\n<\/ul>\n<\/li>\n<\/ul>\n<p><\/p>\n<p><\/p>\n<p>Teniendo claro si tengo que presentar el modelo 347 o no, y conociendo ya qu\u00e9 operaciones voy a registrar y cu\u00e1les no, nos falta saber: \u00bfqu\u00e9 informaci\u00f3n debo aportar?<\/p>\n<p><\/p>\n<h2 class=\"wp-block-heading\">Rellena y presenta el modelo 347 r\u00e1pidamente con tugesto<\/h2>\n<p><\/p>\n<p>Con <a href=\"https:\/\/tugesto.com\/\" target=\"_blank\" rel=\"noreferrer noopener\">tugesto<\/a>\u00a0el modelo 347 se <strong>rellena autom\u00e1ticamente<\/strong>, extrayendo los datos de las facturas que emites y recibes y de los libros de contabilidad que tambi\u00e9n se generan autom\u00e1ticamente en la plataforma.<\/p>\n<p><\/p>\n<p>Lo \u00fanico que tendr\u00e1s que hacer es indicar que los datos que se generan del modelo son correctos y se puede proceder a su envi\u00f3 a Hacienda, a trav\u00e9s del <strong>bot\u00f3n Presentaci\u00f3n<\/strong> que te facilitamos. Ni siquiera tendr\u00e1s que estar atento a las fechas, porque en tugesto te avisamos de los modelos fiscales que debes enviar en cada \u00e9poca del a\u00f1o. Adem\u00e1s, te evitar\u00e1s cometer errores como los que te indicamos a continuaci\u00f3n.<\/p>\n<p><\/p>\n<figure class=\"wp-block-video\"><a href=\"https:\/\/tugesto.com\/programa-contabilidad\/?utm_source=blog&amp;utm_medium=banner&amp;utm_campaign=modelo_347\" target=\"_blank\" rel=\"noopener\"><video style=\"aspect-ratio: 1440 \/ 1080;\" src=\"https:\/\/tugesto.com\/blog\/wp-content\/uploads\/2020\/01\/BANNER-autonomo_enero_2020.mp4\" autoplay=\"autoplay\" loop=\"loop\" muted=\"\" width=\"1440\" height=\"1080\"><\/video><\/a><\/figure>\n<p><\/p>\t\t\t\t\t\t\t\t<\/div>\n\t\t\t\t<\/div>\n\t\t\t\t\t<\/div>\n\t\t<\/div>\n\t\t\t\t\t<\/div>\n\t\t<\/section>\n\t\t\t\t<\/div>\n\t\t","protected":false},"excerpt":{"rendered":"<p>El modelo 347 es una de las tantas obligaciones fiscales que empresas, sociedades y aut\u00f3nomos tienen con la Agencia Tributaria. \u00a0Si bien con tugesto no tendr\u00e1s que preocuparte de nada porque los modelos fiscales se generan y presentan autom\u00e1ticamente en Hacienda, aqu\u00ed te explicamos qu\u00e9 es, c\u00f3mo rellenar el Modelo 347 paso a paso y [&hellip;]<\/p>\n","protected":false},"author":9,"featured_media":8217,"comment_status":"open","ping_status":"open","sticky":false,"template":"","format":"standard","meta":{"_eb_attr":"","content-type":"","footnotes":""},"categories":[14],"tags":[36,38],"ppma_author":[1495],"class_list":["post-8150","post","type-post","status-publish","format-standard","has-post-thumbnail","hentry","category-contabilidad-y-fiscal","tag-autonomos","tag-pymes"],"yoast_head":"<!-- This site is optimized with the Yoast SEO plugin v27.5 - https:\/\/yoast.com\/product\/yoast-seo-wordpress\/ -->\n<title>C\u00f3mo rellenar el Modelo 347 paso a paso | tugesto<\/title>\n<meta name=\"description\" content=\"Te explicamos c\u00f3mo rellenar el Modelo 347 paso a paso si ning\u00fan fallo para presentarlo ante la Agencia Tributaria\" \/>\n<meta name=\"robots\" content=\"index, follow, max-snippet:-1, max-image-preview:large, max-video-preview:-1\" \/>\n<link rel=\"canonical\" href=\"https:\/\/tugesto.com\/blog\/modelo-347\/\" \/>\n<meta property=\"og:locale\" content=\"es_ES\" \/>\n<meta property=\"og:type\" content=\"article\" \/>\n<meta property=\"og:title\" content=\"C\u00f3mo rellenar el Modelo 347 paso a paso | tugesto\" \/>\n<meta property=\"og:description\" content=\"Te explicamos c\u00f3mo rellenar el Modelo 347 paso a paso si ning\u00fan fallo para presentarlo ante la Agencia Tributaria\" \/>\n<meta property=\"og:url\" content=\"https:\/\/tugesto.com\/blog\/modelo-347\/\" \/>\n<meta property=\"og:site_name\" content=\"Blog: \u00a1Aprende a emprender! | tugesto\" \/>\n<meta property=\"article:publisher\" content=\"https:\/\/www.facebook.com\/tugesto\/\" \/>\n<meta property=\"article:published_time\" content=\"2018-05-08T23:00:41+00:00\" \/>\n<meta property=\"article:modified_time\" content=\"2024-05-20T06:34:41+00:00\" \/>\n<meta property=\"og:image\" content=\"https:\/\/tugesto.com\/blog\/wp-content\/uploads\/2018\/05\/modelo-347-agencia-tributaria-2.png\" \/>\n\t<meta property=\"og:image:width\" content=\"1200\" \/>\n\t<meta property=\"og:image:height\" content=\"700\" \/>\n\t<meta property=\"og:image:type\" content=\"image\/png\" \/>\n<meta name=\"author\" content=\"Amparo Carratala\" \/>\n<meta name=\"twitter:card\" content=\"summary_large_image\" \/>\n<meta name=\"twitter:label1\" content=\"Escrito por\" \/>\n\t<meta name=\"twitter:data1\" content=\"Amparo Carratala\" \/>\n\t<meta name=\"twitter:label2\" content=\"Tiempo de lectura\" \/>\n\t<meta name=\"twitter:data2\" content=\"13 minutos\" \/>\n<script type=\"application\/ld+json\" class=\"yoast-schema-graph\">{\"@context\":\"https:\\\/\\\/schema.org\",\"@graph\":[{\"@type\":\"Article\",\"@id\":\"https:\\\/\\\/tugesto.com\\\/blog\\\/modelo-347\\\/#article\",\"isPartOf\":{\"@id\":\"https:\\\/\\\/tugesto.com\\\/blog\\\/modelo-347\\\/\"},\"author\":{\"name\":\"Amparo Carratala\",\"@id\":\"https:\\\/\\\/tugesto.com\\\/blog\\\/#\\\/schema\\\/person\\\/2c70b34a36244511f4e51800f6121f80\"},\"headline\":\"C\u00f3mo rellenar el Modelo 347 paso a paso\",\"datePublished\":\"2018-05-08T23:00:41+00:00\",\"dateModified\":\"2024-05-20T06:34:41+00:00\",\"mainEntityOfPage\":{\"@id\":\"https:\\\/\\\/tugesto.com\\\/blog\\\/modelo-347\\\/\"},\"wordCount\":2473,\"commentCount\":2,\"publisher\":{\"@id\":\"https:\\\/\\\/tugesto.com\\\/blog\\\/#organization\"},\"image\":{\"@id\":\"https:\\\/\\\/tugesto.com\\\/blog\\\/modelo-347\\\/#primaryimage\"},\"thumbnailUrl\":\"https:\\\/\\\/tugesto.com\\\/blog\\\/wp-content\\\/uploads\\\/2018\\\/05\\\/modelo-347-agencia-tributaria-2.png\",\"keywords\":[\"aut\u00f3nomos\",\"pymes\"],\"articleSection\":[\"Contabilidad y Fiscal\"],\"inLanguage\":\"es\",\"potentialAction\":[{\"@type\":\"CommentAction\",\"name\":\"Comment\",\"target\":[\"https:\\\/\\\/tugesto.com\\\/blog\\\/modelo-347\\\/#respond\"]}]},{\"@type\":\"WebPage\",\"@id\":\"https:\\\/\\\/tugesto.com\\\/blog\\\/modelo-347\\\/\",\"url\":\"https:\\\/\\\/tugesto.com\\\/blog\\\/modelo-347\\\/\",\"name\":\"C\u00f3mo rellenar el Modelo 347 paso a paso | tugesto\",\"isPartOf\":{\"@id\":\"https:\\\/\\\/tugesto.com\\\/blog\\\/#website\"},\"primaryImageOfPage\":{\"@id\":\"https:\\\/\\\/tugesto.com\\\/blog\\\/modelo-347\\\/#primaryimage\"},\"image\":{\"@id\":\"https:\\\/\\\/tugesto.com\\\/blog\\\/modelo-347\\\/#primaryimage\"},\"thumbnailUrl\":\"https:\\\/\\\/tugesto.com\\\/blog\\\/wp-content\\\/uploads\\\/2018\\\/05\\\/modelo-347-agencia-tributaria-2.png\",\"datePublished\":\"2018-05-08T23:00:41+00:00\",\"dateModified\":\"2024-05-20T06:34:41+00:00\",\"description\":\"Te explicamos c\u00f3mo rellenar el Modelo 347 paso a paso si ning\u00fan fallo para presentarlo ante la Agencia Tributaria\",\"breadcrumb\":{\"@id\":\"https:\\\/\\\/tugesto.com\\\/blog\\\/modelo-347\\\/#breadcrumb\"},\"inLanguage\":\"es\",\"potentialAction\":[{\"@type\":\"ReadAction\",\"target\":[\"https:\\\/\\\/tugesto.com\\\/blog\\\/modelo-347\\\/\"]}]},{\"@type\":\"ImageObject\",\"inLanguage\":\"es\",\"@id\":\"https:\\\/\\\/tugesto.com\\\/blog\\\/modelo-347\\\/#primaryimage\",\"url\":\"https:\\\/\\\/tugesto.com\\\/blog\\\/wp-content\\\/uploads\\\/2018\\\/05\\\/modelo-347-agencia-tributaria-2.png\",\"contentUrl\":\"https:\\\/\\\/tugesto.com\\\/blog\\\/wp-content\\\/uploads\\\/2018\\\/05\\\/modelo-347-agencia-tributaria-2.png\",\"width\":1200,\"height\":700,\"caption\":\"Estos son los pasos que debes seguir para rellenar correctamente el modelo 347 de Hacienda\"},{\"@type\":\"BreadcrumbList\",\"@id\":\"https:\\\/\\\/tugesto.com\\\/blog\\\/modelo-347\\\/#breadcrumb\",\"itemListElement\":[{\"@type\":\"ListItem\",\"position\":1,\"name\":\"Home\",\"item\":\"https:\\\/\\\/tugesto.com\\\/blog\\\/\"},{\"@type\":\"ListItem\",\"position\":2,\"name\":\"Contabilidad y Fiscal\",\"item\":\"https:\\\/\\\/tugesto.com\\\/blog\\\/category\\\/contabilidad-y-fiscal\\\/\"},{\"@type\":\"ListItem\",\"position\":3,\"name\":\"C\u00f3mo rellenar el Modelo 347 paso a paso\"}]},{\"@type\":\"WebSite\",\"@id\":\"https:\\\/\\\/tugesto.com\\\/blog\\\/#website\",\"url\":\"https:\\\/\\\/tugesto.com\\\/blog\\\/\",\"name\":\"Blog tugesto\",\"description\":\"\ud83d\udcda Blog especializado para aut\u00f3nomos y pymes. Encuentra semanalmente nuevos posts, recursos y gu\u00edas. La ayuda que necesitas para tu negocio.\",\"publisher\":{\"@id\":\"https:\\\/\\\/tugesto.com\\\/blog\\\/#organization\"},\"potentialAction\":[{\"@type\":\"SearchAction\",\"target\":{\"@type\":\"EntryPoint\",\"urlTemplate\":\"https:\\\/\\\/tugesto.com\\\/blog\\\/?s={search_term_string}\"},\"query-input\":{\"@type\":\"PropertyValueSpecification\",\"valueRequired\":true,\"valueName\":\"search_term_string\"}}],\"inLanguage\":\"es\"},{\"@type\":\"Organization\",\"@id\":\"https:\\\/\\\/tugesto.com\\\/blog\\\/#organization\",\"name\":\"tugesto\",\"url\":\"https:\\\/\\\/tugesto.com\\\/blog\\\/\",\"logo\":{\"@type\":\"ImageObject\",\"inLanguage\":\"es\",\"@id\":\"https:\\\/\\\/tugesto.com\\\/blog\\\/#\\\/schema\\\/logo\\\/image\\\/\",\"url\":\"https:\\\/\\\/tugesto.com\\\/blog\\\/wp-content\\\/uploads\\\/2019\\\/06\\\/logo_tugesto.png\",\"contentUrl\":\"https:\\\/\\\/tugesto.com\\\/blog\\\/wp-content\\\/uploads\\\/2019\\\/06\\\/logo_tugesto.png\",\"width\":190,\"height\":63,\"caption\":\"tugesto\"},\"image\":{\"@id\":\"https:\\\/\\\/tugesto.com\\\/blog\\\/#\\\/schema\\\/logo\\\/image\\\/\"},\"sameAs\":[\"https:\\\/\\\/www.facebook.com\\\/tugesto\\\/\",\"https:\\\/\\\/www.instagram.com\\\/tugesto_online\\\/\"]},{\"@type\":\"Person\",\"@id\":\"https:\\\/\\\/tugesto.com\\\/blog\\\/#\\\/schema\\\/person\\\/2c70b34a36244511f4e51800f6121f80\",\"name\":\"Amparo Carratala\",\"image\":{\"@type\":\"ImageObject\",\"inLanguage\":\"es\",\"@id\":\"https:\\\/\\\/tugesto.com\\\/blog\\\/wp-content\\\/uploads\\\/2024\\\/05\\\/amparo-carratala.pngb285d77d385f0087818132665d0ade46\",\"url\":\"https:\\\/\\\/tugesto.com\\\/blog\\\/wp-content\\\/uploads\\\/2024\\\/05\\\/amparo-carratala.png\",\"contentUrl\":\"https:\\\/\\\/tugesto.com\\\/blog\\\/wp-content\\\/uploads\\\/2024\\\/05\\\/amparo-carratala.png\",\"caption\":\"Amparo Carratala\"},\"description\":\"Gestora laboral, experta en n\u00f3minas\"}]}<\/script>\n<!-- \/ Yoast SEO plugin. -->","yoast_head_json":{"title":"C\u00f3mo rellenar el Modelo 347 paso a paso | tugesto","description":"Te explicamos c\u00f3mo rellenar el Modelo 347 paso a paso si ning\u00fan fallo para presentarlo ante la Agencia Tributaria","robots":{"index":"index","follow":"follow","max-snippet":"max-snippet:-1","max-image-preview":"max-image-preview:large","max-video-preview":"max-video-preview:-1"},"canonical":"https:\/\/tugesto.com\/blog\/modelo-347\/","og_locale":"es_ES","og_type":"article","og_title":"C\u00f3mo rellenar el Modelo 347 paso a paso | tugesto","og_description":"Te explicamos c\u00f3mo rellenar el Modelo 347 paso a paso si ning\u00fan fallo para presentarlo ante la Agencia Tributaria","og_url":"https:\/\/tugesto.com\/blog\/modelo-347\/","og_site_name":"Blog: \u00a1Aprende a emprender! | tugesto","article_publisher":"https:\/\/www.facebook.com\/tugesto\/","article_published_time":"2018-05-08T23:00:41+00:00","article_modified_time":"2024-05-20T06:34:41+00:00","og_image":[{"width":1200,"height":700,"url":"https:\/\/tugesto.com\/blog\/wp-content\/uploads\/2018\/05\/modelo-347-agencia-tributaria-2.png","type":"image\/png"}],"author":"Amparo Carratala","twitter_card":"summary_large_image","twitter_misc":{"Escrito por":"Amparo Carratala","Tiempo de lectura":"13 minutos"},"schema":{"@context":"https:\/\/schema.org","@graph":[{"@type":"Article","@id":"https:\/\/tugesto.com\/blog\/modelo-347\/#article","isPartOf":{"@id":"https:\/\/tugesto.com\/blog\/modelo-347\/"},"author":{"name":"Amparo Carratala","@id":"https:\/\/tugesto.com\/blog\/#\/schema\/person\/2c70b34a36244511f4e51800f6121f80"},"headline":"C\u00f3mo rellenar el Modelo 347 paso a paso","datePublished":"2018-05-08T23:00:41+00:00","dateModified":"2024-05-20T06:34:41+00:00","mainEntityOfPage":{"@id":"https:\/\/tugesto.com\/blog\/modelo-347\/"},"wordCount":2473,"commentCount":2,"publisher":{"@id":"https:\/\/tugesto.com\/blog\/#organization"},"image":{"@id":"https:\/\/tugesto.com\/blog\/modelo-347\/#primaryimage"},"thumbnailUrl":"https:\/\/tugesto.com\/blog\/wp-content\/uploads\/2018\/05\/modelo-347-agencia-tributaria-2.png","keywords":["aut\u00f3nomos","pymes"],"articleSection":["Contabilidad y Fiscal"],"inLanguage":"es","potentialAction":[{"@type":"CommentAction","name":"Comment","target":["https:\/\/tugesto.com\/blog\/modelo-347\/#respond"]}]},{"@type":"WebPage","@id":"https:\/\/tugesto.com\/blog\/modelo-347\/","url":"https:\/\/tugesto.com\/blog\/modelo-347\/","name":"C\u00f3mo rellenar el Modelo 347 paso a paso | tugesto","isPartOf":{"@id":"https:\/\/tugesto.com\/blog\/#website"},"primaryImageOfPage":{"@id":"https:\/\/tugesto.com\/blog\/modelo-347\/#primaryimage"},"image":{"@id":"https:\/\/tugesto.com\/blog\/modelo-347\/#primaryimage"},"thumbnailUrl":"https:\/\/tugesto.com\/blog\/wp-content\/uploads\/2018\/05\/modelo-347-agencia-tributaria-2.png","datePublished":"2018-05-08T23:00:41+00:00","dateModified":"2024-05-20T06:34:41+00:00","description":"Te explicamos c\u00f3mo rellenar el Modelo 347 paso a paso si ning\u00fan fallo para presentarlo ante la Agencia Tributaria","breadcrumb":{"@id":"https:\/\/tugesto.com\/blog\/modelo-347\/#breadcrumb"},"inLanguage":"es","potentialAction":[{"@type":"ReadAction","target":["https:\/\/tugesto.com\/blog\/modelo-347\/"]}]},{"@type":"ImageObject","inLanguage":"es","@id":"https:\/\/tugesto.com\/blog\/modelo-347\/#primaryimage","url":"https:\/\/tugesto.com\/blog\/wp-content\/uploads\/2018\/05\/modelo-347-agencia-tributaria-2.png","contentUrl":"https:\/\/tugesto.com\/blog\/wp-content\/uploads\/2018\/05\/modelo-347-agencia-tributaria-2.png","width":1200,"height":700,"caption":"Estos son los pasos que debes seguir para rellenar correctamente el modelo 347 de Hacienda"},{"@type":"BreadcrumbList","@id":"https:\/\/tugesto.com\/blog\/modelo-347\/#breadcrumb","itemListElement":[{"@type":"ListItem","position":1,"name":"Home","item":"https:\/\/tugesto.com\/blog\/"},{"@type":"ListItem","position":2,"name":"Contabilidad y Fiscal","item":"https:\/\/tugesto.com\/blog\/category\/contabilidad-y-fiscal\/"},{"@type":"ListItem","position":3,"name":"C\u00f3mo rellenar el Modelo 347 paso a paso"}]},{"@type":"WebSite","@id":"https:\/\/tugesto.com\/blog\/#website","url":"https:\/\/tugesto.com\/blog\/","name":"Blog tugesto","description":"\ud83d\udcda Blog especializado para aut\u00f3nomos y pymes. Encuentra semanalmente nuevos posts, recursos y gu\u00edas. La ayuda que necesitas para tu negocio.","publisher":{"@id":"https:\/\/tugesto.com\/blog\/#organization"},"potentialAction":[{"@type":"SearchAction","target":{"@type":"EntryPoint","urlTemplate":"https:\/\/tugesto.com\/blog\/?s={search_term_string}"},"query-input":{"@type":"PropertyValueSpecification","valueRequired":true,"valueName":"search_term_string"}}],"inLanguage":"es"},{"@type":"Organization","@id":"https:\/\/tugesto.com\/blog\/#organization","name":"tugesto","url":"https:\/\/tugesto.com\/blog\/","logo":{"@type":"ImageObject","inLanguage":"es","@id":"https:\/\/tugesto.com\/blog\/#\/schema\/logo\/image\/","url":"https:\/\/tugesto.com\/blog\/wp-content\/uploads\/2019\/06\/logo_tugesto.png","contentUrl":"https:\/\/tugesto.com\/blog\/wp-content\/uploads\/2019\/06\/logo_tugesto.png","width":190,"height":63,"caption":"tugesto"},"image":{"@id":"https:\/\/tugesto.com\/blog\/#\/schema\/logo\/image\/"},"sameAs":["https:\/\/www.facebook.com\/tugesto\/","https:\/\/www.instagram.com\/tugesto_online\/"]},{"@type":"Person","@id":"https:\/\/tugesto.com\/blog\/#\/schema\/person\/2c70b34a36244511f4e51800f6121f80","name":"Amparo Carratala","image":{"@type":"ImageObject","inLanguage":"es","@id":"https:\/\/tugesto.com\/blog\/wp-content\/uploads\/2024\/05\/amparo-carratala.pngb285d77d385f0087818132665d0ade46","url":"https:\/\/tugesto.com\/blog\/wp-content\/uploads\/2024\/05\/amparo-carratala.png","contentUrl":"https:\/\/tugesto.com\/blog\/wp-content\/uploads\/2024\/05\/amparo-carratala.png","caption":"Amparo Carratala"},"description":"Gestora laboral, experta en n\u00f3minas"}]}},"authors":[{"term_id":1495,"user_id":9,"is_guest":0,"slug":"amparo-carratala","display_name":"Amparo Carratala","avatar_url":{"url":"https:\/\/tugesto.com\/blog\/wp-content\/uploads\/2024\/05\/amparo-carratala.png","url2x":"https:\/\/tugesto.com\/blog\/wp-content\/uploads\/2024\/05\/amparo-carratala.png"},"0":null,"1":"","2":"","3":"","4":"","5":"","6":"","7":"","8":""}],"_links":{"self":[{"href":"https:\/\/tugesto.com\/blog\/wp-json\/wp\/v2\/posts\/8150","targetHints":{"allow":["GET"]}}],"collection":[{"href":"https:\/\/tugesto.com\/blog\/wp-json\/wp\/v2\/posts"}],"about":[{"href":"https:\/\/tugesto.com\/blog\/wp-json\/wp\/v2\/types\/post"}],"author":[{"embeddable":true,"href":"https:\/\/tugesto.com\/blog\/wp-json\/wp\/v2\/users\/9"}],"replies":[{"embeddable":true,"href":"https:\/\/tugesto.com\/blog\/wp-json\/wp\/v2\/comments?post=8150"}],"version-history":[{"count":13,"href":"https:\/\/tugesto.com\/blog\/wp-json\/wp\/v2\/posts\/8150\/revisions"}],"predecessor-version":[{"id":35563,"href":"https:\/\/tugesto.com\/blog\/wp-json\/wp\/v2\/posts\/8150\/revisions\/35563"}],"wp:featuredmedia":[{"embeddable":true,"href":"https:\/\/tugesto.com\/blog\/wp-json\/wp\/v2\/media\/8217"}],"wp:attachment":[{"href":"https:\/\/tugesto.com\/blog\/wp-json\/wp\/v2\/media?parent=8150"}],"wp:term":[{"taxonomy":"category","embeddable":true,"href":"https:\/\/tugesto.com\/blog\/wp-json\/wp\/v2\/categories?post=8150"},{"taxonomy":"post_tag","embeddable":true,"href":"https:\/\/tugesto.com\/blog\/wp-json\/wp\/v2\/tags?post=8150"},{"taxonomy":"author","embeddable":true,"href":"https:\/\/tugesto.com\/blog\/wp-json\/wp\/v2\/ppma_author?post=8150"}],"curies":[{"name":"wp","href":"https:\/\/api.w.org\/{rel}","templated":true}]}}