{"id":8115,"date":"2018-03-12T00:00:25","date_gmt":"2018-03-11T23:00:25","guid":{"rendered":"https:\/\/tugesto.com\/blog\/?p=8115"},"modified":"2024-05-20T08:35:25","modified_gmt":"2024-05-20T06:35:25","slug":"donde-abrir-una-empresa","status":"publish","type":"post","link":"https:\/\/tugesto.com\/blog\/donde-abrir-una-empresa\/","title":{"rendered":"\u00bfD\u00f3nde emprender en Espa\u00f1a?"},"content":{"rendered":"\t\t<div data-elementor-type=\"wp-post\" data-elementor-id=\"8115\" class=\"elementor elementor-8115\" data-elementor-post-type=\"post\">\n\t\t\t\t\t\t<section class=\"elementor-section elementor-top-section elementor-element elementor-element-207e9a75 elementor-section-boxed elementor-section-height-default elementor-section-height-default\" data-id=\"207e9a75\" data-element_type=\"section\" data-e-type=\"section\">\n\t\t\t\t\t\t<div class=\"elementor-container elementor-column-gap-default\">\n\t\t\t\t\t<div class=\"elementor-column elementor-col-100 elementor-top-column elementor-element elementor-element-1fb136e8\" data-id=\"1fb136e8\" data-element_type=\"column\" data-e-type=\"column\">\n\t\t\t<div class=\"elementor-widget-wrap elementor-element-populated\">\n\t\t\t\t\t\t<div class=\"elementor-element elementor-element-46f3c340 elementor-widget elementor-widget-text-editor\" data-id=\"46f3c340\" data-element_type=\"widget\" data-e-type=\"widget\" data-widget_type=\"text-editor.default\">\n\t\t\t\t<div class=\"elementor-widget-container\">\n\t\t\t\t\t\t\t\t\t<p><span style=\"color: #4c4f54;\">En la \u00faltima d\u00e9cada, desde el inicio de la crisis, \u00e9l n\u00famero de empresas activas ha descendido un 1,62%. La actividad sigui\u00f3 aumentando de 2007 a 2010, disminuy\u00f3 a partir de 2011 y no volvi\u00f3 a crecer hasta 2014. Tal inestabilidad del mercado ha llevado a muchos emprendedores a preguntarse si estamos en una \u00e9poca \u00f3ptima para abrir una empresa.<\/span><\/p><p><span style=\"color: #4c4f54;\">Por eso te mostramos en datos del Instituto Nacional de Estad\u00edstica (<\/span><a href=\"https:\/\/www.ine.es\/\" target=\"_blank\" rel=\"noopener\">INE<\/a><span style=\"color: #4c4f54;\">) cu\u00e1les son las <strong>comunidades aut\u00f3nomas que mejor han resistido los embistes de la crisis y cu\u00e1les han visto tambalear m\u00e1s su estructura empresarial<\/strong>.<\/span><\/p><p><a href=\"http:\/\/tugesto.com\/alta-empresa\/\" target=\"_blank\" rel=\"noopener\"><img fetchpriority=\"high\" decoding=\"async\" class=\"alignnone wp-image-14490 size-full\" src=\"https:\/\/tugesto.com\/blog\/wp-content\/uploads\/2019\/12\/crea-empresa-asesores-expertos.png\" alt=\"Crea tu empresa gratis en tugesto con asesores expertos\" width=\"1234\" height=\"376\" srcset=\"https:\/\/tugesto.com\/blog\/wp-content\/uploads\/2019\/12\/crea-empresa-asesores-expertos.png 1234w, https:\/\/tugesto.com\/blog\/wp-content\/uploads\/2019\/12\/crea-empresa-asesores-expertos-300x91.png 300w, https:\/\/tugesto.com\/blog\/wp-content\/uploads\/2019\/12\/crea-empresa-asesores-expertos-1024x312.png 1024w, https:\/\/tugesto.com\/blog\/wp-content\/uploads\/2019\/12\/crea-empresa-asesores-expertos-768x234.png 768w\" sizes=\"(max-width: 1234px) 100vw, 1234px\" \/><\/a><\/p><p><span style=\"color: #4c4f54;\">En<\/span> <a href=\"https:\/\/tugesto.com\/\" target=\"_blank\" rel=\"noopener\">tugesto<\/a> <span style=\"color: #4c4f54;\">trabajamos desde hace a\u00f1os mano a mano con cientos de empresas a trav\u00e9s de nuestro software,\u00a0que te permite gestionar tu negocio desde la nube de un modo r\u00e1pido, econ\u00f3mico y seguro. Con la tranquilidad de contar con un equipo de abogados y asesores para respaldarte.<\/span><\/p><h2><span style=\"color: #4c4f54;\">Los datos de las sociedades mercantiles: \u00bfd\u00f3nde emprender en Espa\u00f1a?<\/span><\/h2><p><span style=\"color: #4c4f54;\">Para determinar <strong>cu\u00e1l es el mejor lugar de Espa\u00f1a para abrir una empresa (sociedad mercantil)<\/strong>, hay que responder muchas preguntas. \u00bfCu\u00e1l es la comunidad aut\u00f3noma con m\u00e1s empresas en relaci\u00f3n a su poblaci\u00f3n? \u00bfD\u00f3nde se crean m\u00e1s sociedades? \u00bfEn qu\u00e9 lugar est\u00e1n creciendo y en qu\u00e9 lugar pierden capital? \u00bfCu\u00e1ntas est\u00e1n siendo disueltas y d\u00f3nde? \u00bfD\u00f3nde se encuentra la actividad empresarial? Por tanto, \u00bfcu\u00e1les ser\u00edan las mejores ciudades espa\u00f1olas para emprender?<\/span><\/p><p><span style=\"color: #4c4f54;\">Existen muchas otras cuestiones que a\u00f1adir si queremos hacer una radiograf\u00eda del panorama mercantil. Sin embargo, algunas de estas respuestas nos ofrecer\u00e1n unas pinceladas de realidad suficientes para construir una idea general y descubrir as\u00ed d\u00f3nde emprender en Espa\u00f1a.<\/span><\/p><p><span style=\"color: #4c4f54;\">No debemos obviar otra serie de circunstancias que hacen que los inversores, empresarios o emprendedores se decanten por una ciudad u otra. Estamos hablando, ni m\u00e1s ni menos, que de los lugares con mejor <b>calidad de vida, infraestructuras, universidades, pib per capita, coste de vida, acceso a clientes potenciales, buen acceso a fondos<\/b>&#8230; Ser\u00e1n tambi\u00e9n decisiones a considerar sin duda alguna.<\/span><\/p><h3><span style=\"color: #4c4f54;\">N\u00famero de sociedades<\/span><\/h3><p><span style=\"color: #4c4f54;\"><strong>La <\/strong>mayor parte del negocio se encuentra en<strong> Madrid, Catalu\u00f1a y Andaluc\u00eda<\/strong> al ser las comunidades aut\u00f3nomas con <strong>mayor aglomeraci\u00f3n de empresas<\/strong> en la \u00faltima d\u00e9cada. Es de esperar si tenemos en cuenta que son las comunidades con m\u00e1s poblaci\u00f3n.\u00a0Juntas suman el 48,19% de la poblaci\u00f3n total, y el 56,01% de todas las sociedades mercantiles.<\/span><\/p><p><span style=\"color: #4c4f54;\">En la siguiente gr\u00e1fica se puede ver <strong>la evoluci\u00f3n entre las tres principales comunidades empresariales<\/strong> en los siguientes a\u00f1os a la salida de la crisis de 2007.\u00a0<\/span><\/p><p><img decoding=\"async\" class=\"aligncenter size-full wp-image-8116\" src=\"https:\/\/tugesto.com\/blog\/wp-content\/uploads\/2018\/03\/GRAFICO-NUMERO-SOCIEDADES.png\" alt=\"\" width=\"800\" height=\"500\" srcset=\"https:\/\/tugesto.com\/blog\/wp-content\/uploads\/2018\/03\/GRAFICO-NUMERO-SOCIEDADES.png 800w, https:\/\/tugesto.com\/blog\/wp-content\/uploads\/2018\/03\/GRAFICO-NUMERO-SOCIEDADES-300x188.png 300w, https:\/\/tugesto.com\/blog\/wp-content\/uploads\/2018\/03\/GRAFICO-NUMERO-SOCIEDADES-768x480.png 768w\" sizes=\"(max-width: 800px) 100vw, 800px\" \/><br \/><span style=\"color: #4c4f54;\">Estas tres podr\u00edan ser las mejores ciudades para emprender un negocio en Espa\u00f1a. No obstante, son muchos otros factores los que se han de tener en cuenta que te resumimos a continuaci\u00f3n,\u00a0<span style=\"font-family: var( --e-global-typography-text-font-family ), Sans-serif; font-weight: var( --e-global-typography-text-font-weight ); font-size: 1rem;\">como en qu\u00e9 comunidades aut\u00f3nomas hay m\u00e1s empresas por personas.<\/span><\/span><\/p><p><span style=\"color: #4c4f54;\">Si bien Madrid sigue siendo quien encabeza el ranking (una empresa por cada 4.600 personas), hay que destacar la <strong>aglomeraci\u00f3n de negocios en la zona del Mediterr\u00e1neo<\/strong>.<\/span><\/p><p><span style=\"color: #4c4f54;\">En las Islas Baleares, por ejemplo, hab\u00eda una sociedad por cada 5.000 habitantes en 2017. No muy lejos de una por cada 6.000 en Catalu\u00f1a y una por cada 6.100 en la Comunidad Valenciana.<\/span><\/p><p><span style=\"color: #4c4f54;\">Estas cifras se han mantenido m\u00e1s o menos estables durante los \u00faltimos a\u00f1os. En 2016 las Islas Baleares ocupaban el primer p\u00f3dium, seguida de cerca por Madrid, Catalu\u00f1a y Comunidad Valenciana. En 2015 en Madrid hab\u00eda una empresa por cada 3.800 habitantes, frente a los 4.100 en 2014.<\/span><\/p><p><span style=\"color: #4c4f54;\">Y en el lado opuesto de las tablas, Ceuta, Melilla y La Rioja son las zonas con menor n\u00famero de sociedades en 2017 (6, 9 y 34 respectivamente). Si tenemos en cuenta que el mismo a\u00f1o, 4 de las 9 sociedades que hab\u00eda en Melilla, y 2 de las 6 de Ceuta se disolvieron, los datos no arrojan positivismo.<\/span><\/p><p><span style=\"color: #4c4f54;\">De hecho, Ceuta es la zona con menor n\u00famero de sociedades por habitante (una por cada 14.100 en 2017, llegando a 1\/28.300 en 2013). Estos datos solo fueron superados por Melilla en 2011 (1\/39.200).<\/span><\/p><p><span style=\"color: #4c4f54;\">Todos estos datos, \u00bfte ayudan a decidir qu\u00e9 ciudad puede tener un mayor potencial? Continuamos.<\/span><\/p><h3><span style=\"color: #4c4f54;\">D\u00f3nde se disuelven menos sociedades<\/span><\/h3><p><span style=\"color: #4c4f54;\">Pero con conocer d\u00f3nde existen m\u00e1s sociedades no es suficiente. Hay que saber tambi\u00e9n<strong> qu\u00e9 zonas sufren un mayor n\u00famero de disoluci\u00f3n<\/strong> de las mismas.<\/span><\/p><p><span style=\"color: #4c4f54;\">2017 fue un buen a\u00f1o para Murcia (10% de sociedades disueltas). Pero tambi\u00e9n para Navarra (11,29%) y Catalu\u00f1a (15,73%).<\/span><\/p><p><span style=\"color: #4c4f54;\">Menos buenos fueron los resultados en Castilla y Le\u00f3n (82,44%), que ha encabezando el ranking tambi\u00e9n en 2016, 2011 (96,95%) o el Pa\u00eds Vasco ( 72,8%), que llegaba al 93,51% en 2012. Mientras que Arag\u00f3n alcanz\u00f3 en 2015 el 73,42%, un 91,3% en 2013 y un 82% en 2009. Galicia era tambi\u00e9n donde m\u00e1s sociedades desaparec\u00edan en 2014 con un 71,64%.<\/span><\/p><p><a href=\"http:\/\/tugesto.com\/alta-autonomo\/\" target=\"_blank\" rel=\"noopener\"><img decoding=\"async\" class=\"alignnone wp-image-32879 size-full\" src=\"https:\/\/tugesto.com\/blog\/wp-content\/uploads\/2023\/08\/alta_autonomo.png\" alt=\"\" width=\"1234\" height=\"376\" srcset=\"https:\/\/tugesto.com\/blog\/wp-content\/uploads\/2023\/08\/alta_autonomo.png 1234w, https:\/\/tugesto.com\/blog\/wp-content\/uploads\/2023\/08\/alta_autonomo-300x91.png 300w, https:\/\/tugesto.com\/blog\/wp-content\/uploads\/2023\/08\/alta_autonomo-1024x312.png 1024w, https:\/\/tugesto.com\/blog\/wp-content\/uploads\/2023\/08\/alta_autonomo-768x234.png 768w\" sizes=\"(max-width: 1234px) 100vw, 1234px\" \/><\/a><\/p><h3><span style=\"color: #4c4f54;\">Sociedades que aumentan y sociedades que reducen capital<\/span><\/h3><p><span style=\"color: #4c4f54;\">Otro dato a tener en cuenta es el porcentaje de <strong>sociedades que aumentan su capital durante los \u00faltimos a\u00f1os<\/strong>, y el porcentaje de las que lo reducen.<\/span><\/p><p><span style=\"color: #4c4f54;\">En el primer caso, las comunidades de Extremadura, Murcia y Arag\u00f3n coparon el p\u00f3dium (58,82%, 52,50% y 45,45% respectivamente) en 2017. Vemos pues c\u00f3mo en lugares como Arag\u00f3n o Extremadura, con altos \u00edndices de disoluci\u00f3n, los negocios que se mantienen lo hacen con \u00e9xito. En 2016 el ranking lo encabezaron Navarra (55,74%), Pa\u00eds Vasco (51,84%) y de nuevo Extremadura (50,94%).<\/span><\/p><p><span style=\"color: #4c4f54;\">Por otra parte, las comunidades donde m\u00e1s sociedades vieron en 2017 <strong>reducir su capital <\/strong>fueron tambi\u00e9n Navarra y Pa\u00eds Vasco (16,13 y 10,40%). Ambas comunidades repitieron cabecera, en orden invertido, en 2016.<\/span><\/p><h3><span style=\"color: #4c4f54;\">Entonces&#8230; \u00bfD\u00f3nde emprender en Espa\u00f1a? Estos son los mejores lugares para abrir una empresa<\/span><\/h3><p><span style=\"color: #4c4f54;\">No existe la respuesta del mill\u00f3n. El mejor lugar donde emprender en Espa\u00f1a y crear as\u00ed tu negocio depende de demasiados factores.<\/span><\/p><p><span style=\"color: #4c4f54;\">Si atendemos a los datos, nos encontramos con contradicciones como que las mismas zonas donde m\u00e1s empresas se disuelven son tambi\u00e9n las zonas donde m\u00e1s sociedades ven aumentar su capital. Otra pregunta que nos puede asaltar es si es mejor abrir una sociedad en una comunidad que ya cuente con muchas empresas (mercado m\u00e1s o menos estable), o crearla en un lugar donde haya pocas sociedades en relaci\u00f3n a la poblaci\u00f3n (\u00bfmayor oportunidad de negocio?).<\/span><\/p><p><span style=\"color: #4c4f54;\">Estos datos habr\u00e1 que analizarlos junto a un estudio de mercado de cada tipo de sociedad concreta que se pretenda crear.<\/span><\/p><p><span style=\"color: #4c4f54;\">Si quieres emprender, <strong>en tugesto somos punto PAE<\/strong>. Te asesoraremos en los pasos previos de creaci\u00f3n de empresa y puesta en marcha de tu negocio gestionando todos los tr\u00e1mites por ti. Inf\u00f3rmate mejor en nuestra web, env\u00edanos un correo (info@tugesto.com) o ll\u00e1manos al 902 105 962 \u00f3 963 111 919.<\/span><\/p><p><a href=\"http:\/\/tugesto.com\/alta-empresa\/\" target=\"_blank\" rel=\"noopener\"><img loading=\"lazy\" decoding=\"async\" class=\"alignnone wp-image-14181 size-full\" src=\"https:\/\/tugesto.com\/blog\/wp-content\/uploads\/2019\/11\/emprender_negocio_autonomos.jpg\" alt=\"Te damos de alta de aut\u00f3nomo en menos de 48 horas\" width=\"1234\" height=\"376\" srcset=\"https:\/\/tugesto.com\/blog\/wp-content\/uploads\/2019\/11\/emprender_negocio_autonomos.jpg 1234w, https:\/\/tugesto.com\/blog\/wp-content\/uploads\/2019\/11\/emprender_negocio_autonomos-300x91.jpg 300w, https:\/\/tugesto.com\/blog\/wp-content\/uploads\/2019\/11\/emprender_negocio_autonomos-1024x312.jpg 1024w, https:\/\/tugesto.com\/blog\/wp-content\/uploads\/2019\/11\/emprender_negocio_autonomos-768x234.jpg 768w\" sizes=\"(max-width: 1234px) 100vw, 1234px\" \/><\/a><\/p>\t\t\t\t\t\t\t\t<\/div>\n\t\t\t\t<\/div>\n\t\t\t\t\t<\/div>\n\t\t<\/div>\n\t\t\t\t\t<\/div>\n\t\t<\/section>\n\t\t\t\t<\/div>\n\t\t","protected":false},"excerpt":{"rendered":"<p>En la \u00faltima d\u00e9cada, desde el inicio de la crisis, \u00e9l n\u00famero de empresas activas ha descendido un 1,62%. La actividad sigui\u00f3 aumentando de 2007 a 2010, disminuy\u00f3 a partir de 2011 y no volvi\u00f3 a crecer hasta 2014. Tal inestabilidad del mercado ha llevado a muchos emprendedores a preguntarse si estamos en una \u00e9poca [&hellip;]<\/p>\n","protected":false},"author":7,"featured_media":8120,"comment_status":"open","ping_status":"open","sticky":false,"template":"","format":"standard","meta":{"_eb_attr":"","content-type":"","footnotes":""},"categories":[144],"tags":[36,1306,38],"ppma_author":[1493],"class_list":["post-8115","post","type-post","status-publish","format-standard","has-post-thumbnail","hentry","category-idi","tag-autonomos","tag-legal","tag-pymes"],"yoast_head":"<!-- This site is optimized with the Yoast SEO plugin v27.5 - https:\/\/yoast.com\/product\/yoast-seo-wordpress\/ -->\n<title>\u00bfD\u00f3nde emprender en Espa\u00f1a? Toma nota | tugesto<\/title>\n<meta name=\"description\" content=\"Muchas son las caracter\u00edsticas que puedan hacer que emprendas en un lugar o en otro no. \u00a1Toma nota de d\u00f3nde emprender en Espa\u00f1a!\" \/>\n<meta name=\"robots\" content=\"index, follow, max-snippet:-1, max-image-preview:large, max-video-preview:-1\" \/>\n<link rel=\"canonical\" href=\"https:\/\/tugesto.com\/blog\/donde-abrir-una-empresa\/\" \/>\n<meta property=\"og:locale\" content=\"es_ES\" \/>\n<meta property=\"og:type\" content=\"article\" \/>\n<meta property=\"og:title\" content=\"\u00bfD\u00f3nde emprender en Espa\u00f1a? Toma nota | tugesto\" \/>\n<meta property=\"og:description\" content=\"Muchas son las caracter\u00edsticas que puedan hacer que emprendas en un lugar o en otro no. \u00a1Toma nota de d\u00f3nde emprender en Espa\u00f1a!\" \/>\n<meta property=\"og:url\" content=\"https:\/\/tugesto.com\/blog\/donde-abrir-una-empresa\/\" \/>\n<meta property=\"og:site_name\" content=\"Blog: \u00a1Aprende a emprender! | tugesto\" \/>\n<meta property=\"article:publisher\" content=\"https:\/\/www.facebook.com\/tugesto\/\" \/>\n<meta property=\"article:published_time\" content=\"2018-03-11T23:00:25+00:00\" \/>\n<meta property=\"article:modified_time\" content=\"2024-05-20T06:35:25+00:00\" \/>\n<meta property=\"og:image\" content=\"https:\/\/tugesto.com\/blog\/wp-content\/uploads\/2018\/03\/abrir-una-empresa.png\" \/>\n\t<meta property=\"og:image:width\" content=\"1200\" \/>\n\t<meta property=\"og:image:height\" content=\"700\" \/>\n\t<meta property=\"og:image:type\" content=\"image\/png\" \/>\n<meta name=\"author\" content=\"\u00c1lvaro Benedito\" \/>\n<meta name=\"twitter:card\" content=\"summary_large_image\" \/>\n<meta name=\"twitter:label1\" content=\"Escrito por\" \/>\n\t<meta name=\"twitter:data1\" content=\"\u00c1lvaro Benedito\" \/>\n\t<meta name=\"twitter:label2\" content=\"Tiempo de lectura\" \/>\n\t<meta name=\"twitter:data2\" content=\"6 minutos\" \/>\n<script type=\"application\/ld+json\" class=\"yoast-schema-graph\">{\"@context\":\"https:\\\/\\\/schema.org\",\"@graph\":[{\"@type\":\"Article\",\"@id\":\"https:\\\/\\\/tugesto.com\\\/blog\\\/donde-abrir-una-empresa\\\/#article\",\"isPartOf\":{\"@id\":\"https:\\\/\\\/tugesto.com\\\/blog\\\/donde-abrir-una-empresa\\\/\"},\"author\":{\"name\":\"\u00c1lvaro Benedito\",\"@id\":\"https:\\\/\\\/tugesto.com\\\/blog\\\/#\\\/schema\\\/person\\\/2bee1753fa08e2406a0f35883a959ebf\"},\"headline\":\"\u00bfD\u00f3nde emprender en Espa\u00f1a?\",\"datePublished\":\"2018-03-11T23:00:25+00:00\",\"dateModified\":\"2024-05-20T06:35:25+00:00\",\"mainEntityOfPage\":{\"@id\":\"https:\\\/\\\/tugesto.com\\\/blog\\\/donde-abrir-una-empresa\\\/\"},\"wordCount\":1134,\"commentCount\":0,\"publisher\":{\"@id\":\"https:\\\/\\\/tugesto.com\\\/blog\\\/#organization\"},\"image\":{\"@id\":\"https:\\\/\\\/tugesto.com\\\/blog\\\/donde-abrir-una-empresa\\\/#primaryimage\"},\"thumbnailUrl\":\"https:\\\/\\\/tugesto.com\\\/blog\\\/wp-content\\\/uploads\\\/2018\\\/03\\\/abrir-una-empresa.png\",\"keywords\":[\"aut\u00f3nomos\",\"legal\",\"pymes\"],\"articleSection\":[\"I+D+i\"],\"inLanguage\":\"es\",\"potentialAction\":[{\"@type\":\"CommentAction\",\"name\":\"Comment\",\"target\":[\"https:\\\/\\\/tugesto.com\\\/blog\\\/donde-abrir-una-empresa\\\/#respond\"]}]},{\"@type\":\"WebPage\",\"@id\":\"https:\\\/\\\/tugesto.com\\\/blog\\\/donde-abrir-una-empresa\\\/\",\"url\":\"https:\\\/\\\/tugesto.com\\\/blog\\\/donde-abrir-una-empresa\\\/\",\"name\":\"\u00bfD\u00f3nde emprender en Espa\u00f1a? Toma nota | tugesto\",\"isPartOf\":{\"@id\":\"https:\\\/\\\/tugesto.com\\\/blog\\\/#website\"},\"primaryImageOfPage\":{\"@id\":\"https:\\\/\\\/tugesto.com\\\/blog\\\/donde-abrir-una-empresa\\\/#primaryimage\"},\"image\":{\"@id\":\"https:\\\/\\\/tugesto.com\\\/blog\\\/donde-abrir-una-empresa\\\/#primaryimage\"},\"thumbnailUrl\":\"https:\\\/\\\/tugesto.com\\\/blog\\\/wp-content\\\/uploads\\\/2018\\\/03\\\/abrir-una-empresa.png\",\"datePublished\":\"2018-03-11T23:00:25+00:00\",\"dateModified\":\"2024-05-20T06:35:25+00:00\",\"description\":\"Muchas son las caracter\u00edsticas que puedan hacer que emprendas en un lugar o en otro no. \u00a1Toma nota de d\u00f3nde emprender en Espa\u00f1a!\",\"breadcrumb\":{\"@id\":\"https:\\\/\\\/tugesto.com\\\/blog\\\/donde-abrir-una-empresa\\\/#breadcrumb\"},\"inLanguage\":\"es\",\"potentialAction\":[{\"@type\":\"ReadAction\",\"target\":[\"https:\\\/\\\/tugesto.com\\\/blog\\\/donde-abrir-una-empresa\\\/\"]}]},{\"@type\":\"ImageObject\",\"inLanguage\":\"es\",\"@id\":\"https:\\\/\\\/tugesto.com\\\/blog\\\/donde-abrir-una-empresa\\\/#primaryimage\",\"url\":\"https:\\\/\\\/tugesto.com\\\/blog\\\/wp-content\\\/uploads\\\/2018\\\/03\\\/abrir-una-empresa.png\",\"contentUrl\":\"https:\\\/\\\/tugesto.com\\\/blog\\\/wp-content\\\/uploads\\\/2018\\\/03\\\/abrir-una-empresa.png\",\"width\":1200,\"height\":700,\"caption\":\"Estos datos te ayudar\u00e1n a conocer mejor d\u00f3nde emprender en Espa\u00f1a\"},{\"@type\":\"BreadcrumbList\",\"@id\":\"https:\\\/\\\/tugesto.com\\\/blog\\\/donde-abrir-una-empresa\\\/#breadcrumb\",\"itemListElement\":[{\"@type\":\"ListItem\",\"position\":1,\"name\":\"Home\",\"item\":\"https:\\\/\\\/tugesto.com\\\/blog\\\/\"},{\"@type\":\"ListItem\",\"position\":2,\"name\":\"I+D+i\",\"item\":\"https:\\\/\\\/tugesto.com\\\/blog\\\/category\\\/idi\\\/\"},{\"@type\":\"ListItem\",\"position\":3,\"name\":\"\u00bfD\u00f3nde emprender en Espa\u00f1a?\"}]},{\"@type\":\"WebSite\",\"@id\":\"https:\\\/\\\/tugesto.com\\\/blog\\\/#website\",\"url\":\"https:\\\/\\\/tugesto.com\\\/blog\\\/\",\"name\":\"Blog tugesto\",\"description\":\"\ud83d\udcda Blog especializado para aut\u00f3nomos y pymes. Encuentra semanalmente nuevos posts, recursos y gu\u00edas. La ayuda que necesitas para tu negocio.\",\"publisher\":{\"@id\":\"https:\\\/\\\/tugesto.com\\\/blog\\\/#organization\"},\"potentialAction\":[{\"@type\":\"SearchAction\",\"target\":{\"@type\":\"EntryPoint\",\"urlTemplate\":\"https:\\\/\\\/tugesto.com\\\/blog\\\/?s={search_term_string}\"},\"query-input\":{\"@type\":\"PropertyValueSpecification\",\"valueRequired\":true,\"valueName\":\"search_term_string\"}}],\"inLanguage\":\"es\"},{\"@type\":\"Organization\",\"@id\":\"https:\\\/\\\/tugesto.com\\\/blog\\\/#organization\",\"name\":\"tugesto\",\"url\":\"https:\\\/\\\/tugesto.com\\\/blog\\\/\",\"logo\":{\"@type\":\"ImageObject\",\"inLanguage\":\"es\",\"@id\":\"https:\\\/\\\/tugesto.com\\\/blog\\\/#\\\/schema\\\/logo\\\/image\\\/\",\"url\":\"https:\\\/\\\/tugesto.com\\\/blog\\\/wp-content\\\/uploads\\\/2019\\\/06\\\/logo_tugesto.png\",\"contentUrl\":\"https:\\\/\\\/tugesto.com\\\/blog\\\/wp-content\\\/uploads\\\/2019\\\/06\\\/logo_tugesto.png\",\"width\":190,\"height\":63,\"caption\":\"tugesto\"},\"image\":{\"@id\":\"https:\\\/\\\/tugesto.com\\\/blog\\\/#\\\/schema\\\/logo\\\/image\\\/\"},\"sameAs\":[\"https:\\\/\\\/www.facebook.com\\\/tugesto\\\/\",\"https:\\\/\\\/www.instagram.com\\\/tugesto_online\\\/\"]},{\"@type\":\"Person\",\"@id\":\"https:\\\/\\\/tugesto.com\\\/blog\\\/#\\\/schema\\\/person\\\/2bee1753fa08e2406a0f35883a959ebf\",\"name\":\"\u00c1lvaro Benedito\",\"image\":{\"@type\":\"ImageObject\",\"inLanguage\":\"es\",\"@id\":\"https:\\\/\\\/tugesto.com\\\/blog\\\/wp-content\\\/uploads\\\/2024\\\/05\\\/alvaro-benedito.jpg30bcd1f50f6dfb47ccea137cd569bbbe\",\"url\":\"https:\\\/\\\/tugesto.com\\\/blog\\\/wp-content\\\/uploads\\\/2024\\\/05\\\/alvaro-benedito.jpg\",\"contentUrl\":\"https:\\\/\\\/tugesto.com\\\/blog\\\/wp-content\\\/uploads\\\/2024\\\/05\\\/alvaro-benedito.jpg\",\"caption\":\"\u00c1lvaro Benedito\"},\"description\":\"Responsable de redacci\u00f3n y Social Media\",\"sameAs\":[\"https:\\\/\\\/www.linkedin.com\\\/in\\\/%C3%A1lvaro-benedito-mart%C3%ADnez-b377119b\\\/\"]}]}<\/script>\n<!-- \/ Yoast SEO plugin. -->","yoast_head_json":{"title":"\u00bfD\u00f3nde emprender en Espa\u00f1a? Toma nota | tugesto","description":"Muchas son las caracter\u00edsticas que puedan hacer que emprendas en un lugar o en otro no. \u00a1Toma nota de d\u00f3nde emprender en Espa\u00f1a!","robots":{"index":"index","follow":"follow","max-snippet":"max-snippet:-1","max-image-preview":"max-image-preview:large","max-video-preview":"max-video-preview:-1"},"canonical":"https:\/\/tugesto.com\/blog\/donde-abrir-una-empresa\/","og_locale":"es_ES","og_type":"article","og_title":"\u00bfD\u00f3nde emprender en Espa\u00f1a? Toma nota | tugesto","og_description":"Muchas son las caracter\u00edsticas que puedan hacer que emprendas en un lugar o en otro no. \u00a1Toma nota de d\u00f3nde emprender en Espa\u00f1a!","og_url":"https:\/\/tugesto.com\/blog\/donde-abrir-una-empresa\/","og_site_name":"Blog: \u00a1Aprende a emprender! | tugesto","article_publisher":"https:\/\/www.facebook.com\/tugesto\/","article_published_time":"2018-03-11T23:00:25+00:00","article_modified_time":"2024-05-20T06:35:25+00:00","og_image":[{"width":1200,"height":700,"url":"https:\/\/tugesto.com\/blog\/wp-content\/uploads\/2018\/03\/abrir-una-empresa.png","type":"image\/png"}],"author":"\u00c1lvaro Benedito","twitter_card":"summary_large_image","twitter_misc":{"Escrito por":"\u00c1lvaro Benedito","Tiempo de lectura":"6 minutos"},"schema":{"@context":"https:\/\/schema.org","@graph":[{"@type":"Article","@id":"https:\/\/tugesto.com\/blog\/donde-abrir-una-empresa\/#article","isPartOf":{"@id":"https:\/\/tugesto.com\/blog\/donde-abrir-una-empresa\/"},"author":{"name":"\u00c1lvaro Benedito","@id":"https:\/\/tugesto.com\/blog\/#\/schema\/person\/2bee1753fa08e2406a0f35883a959ebf"},"headline":"\u00bfD\u00f3nde emprender en Espa\u00f1a?","datePublished":"2018-03-11T23:00:25+00:00","dateModified":"2024-05-20T06:35:25+00:00","mainEntityOfPage":{"@id":"https:\/\/tugesto.com\/blog\/donde-abrir-una-empresa\/"},"wordCount":1134,"commentCount":0,"publisher":{"@id":"https:\/\/tugesto.com\/blog\/#organization"},"image":{"@id":"https:\/\/tugesto.com\/blog\/donde-abrir-una-empresa\/#primaryimage"},"thumbnailUrl":"https:\/\/tugesto.com\/blog\/wp-content\/uploads\/2018\/03\/abrir-una-empresa.png","keywords":["aut\u00f3nomos","legal","pymes"],"articleSection":["I+D+i"],"inLanguage":"es","potentialAction":[{"@type":"CommentAction","name":"Comment","target":["https:\/\/tugesto.com\/blog\/donde-abrir-una-empresa\/#respond"]}]},{"@type":"WebPage","@id":"https:\/\/tugesto.com\/blog\/donde-abrir-una-empresa\/","url":"https:\/\/tugesto.com\/blog\/donde-abrir-una-empresa\/","name":"\u00bfD\u00f3nde emprender en Espa\u00f1a? Toma nota | tugesto","isPartOf":{"@id":"https:\/\/tugesto.com\/blog\/#website"},"primaryImageOfPage":{"@id":"https:\/\/tugesto.com\/blog\/donde-abrir-una-empresa\/#primaryimage"},"image":{"@id":"https:\/\/tugesto.com\/blog\/donde-abrir-una-empresa\/#primaryimage"},"thumbnailUrl":"https:\/\/tugesto.com\/blog\/wp-content\/uploads\/2018\/03\/abrir-una-empresa.png","datePublished":"2018-03-11T23:00:25+00:00","dateModified":"2024-05-20T06:35:25+00:00","description":"Muchas son las caracter\u00edsticas que puedan hacer que emprendas en un lugar o en otro no. \u00a1Toma nota de d\u00f3nde emprender en Espa\u00f1a!","breadcrumb":{"@id":"https:\/\/tugesto.com\/blog\/donde-abrir-una-empresa\/#breadcrumb"},"inLanguage":"es","potentialAction":[{"@type":"ReadAction","target":["https:\/\/tugesto.com\/blog\/donde-abrir-una-empresa\/"]}]},{"@type":"ImageObject","inLanguage":"es","@id":"https:\/\/tugesto.com\/blog\/donde-abrir-una-empresa\/#primaryimage","url":"https:\/\/tugesto.com\/blog\/wp-content\/uploads\/2018\/03\/abrir-una-empresa.png","contentUrl":"https:\/\/tugesto.com\/blog\/wp-content\/uploads\/2018\/03\/abrir-una-empresa.png","width":1200,"height":700,"caption":"Estos datos te ayudar\u00e1n a conocer mejor d\u00f3nde emprender en Espa\u00f1a"},{"@type":"BreadcrumbList","@id":"https:\/\/tugesto.com\/blog\/donde-abrir-una-empresa\/#breadcrumb","itemListElement":[{"@type":"ListItem","position":1,"name":"Home","item":"https:\/\/tugesto.com\/blog\/"},{"@type":"ListItem","position":2,"name":"I+D+i","item":"https:\/\/tugesto.com\/blog\/category\/idi\/"},{"@type":"ListItem","position":3,"name":"\u00bfD\u00f3nde emprender en Espa\u00f1a?"}]},{"@type":"WebSite","@id":"https:\/\/tugesto.com\/blog\/#website","url":"https:\/\/tugesto.com\/blog\/","name":"Blog tugesto","description":"\ud83d\udcda Blog especializado para aut\u00f3nomos y pymes. Encuentra semanalmente nuevos posts, recursos y gu\u00edas. La ayuda que necesitas para tu negocio.","publisher":{"@id":"https:\/\/tugesto.com\/blog\/#organization"},"potentialAction":[{"@type":"SearchAction","target":{"@type":"EntryPoint","urlTemplate":"https:\/\/tugesto.com\/blog\/?s={search_term_string}"},"query-input":{"@type":"PropertyValueSpecification","valueRequired":true,"valueName":"search_term_string"}}],"inLanguage":"es"},{"@type":"Organization","@id":"https:\/\/tugesto.com\/blog\/#organization","name":"tugesto","url":"https:\/\/tugesto.com\/blog\/","logo":{"@type":"ImageObject","inLanguage":"es","@id":"https:\/\/tugesto.com\/blog\/#\/schema\/logo\/image\/","url":"https:\/\/tugesto.com\/blog\/wp-content\/uploads\/2019\/06\/logo_tugesto.png","contentUrl":"https:\/\/tugesto.com\/blog\/wp-content\/uploads\/2019\/06\/logo_tugesto.png","width":190,"height":63,"caption":"tugesto"},"image":{"@id":"https:\/\/tugesto.com\/blog\/#\/schema\/logo\/image\/"},"sameAs":["https:\/\/www.facebook.com\/tugesto\/","https:\/\/www.instagram.com\/tugesto_online\/"]},{"@type":"Person","@id":"https:\/\/tugesto.com\/blog\/#\/schema\/person\/2bee1753fa08e2406a0f35883a959ebf","name":"\u00c1lvaro Benedito","image":{"@type":"ImageObject","inLanguage":"es","@id":"https:\/\/tugesto.com\/blog\/wp-content\/uploads\/2024\/05\/alvaro-benedito.jpg30bcd1f50f6dfb47ccea137cd569bbbe","url":"https:\/\/tugesto.com\/blog\/wp-content\/uploads\/2024\/05\/alvaro-benedito.jpg","contentUrl":"https:\/\/tugesto.com\/blog\/wp-content\/uploads\/2024\/05\/alvaro-benedito.jpg","caption":"\u00c1lvaro Benedito"},"description":"Responsable de redacci\u00f3n y Social Media","sameAs":["https:\/\/www.linkedin.com\/in\/%C3%A1lvaro-benedito-mart%C3%ADnez-b377119b\/"]}]}},"authors":[{"term_id":1493,"user_id":7,"is_guest":0,"slug":"alvaro-benedito","display_name":"\u00c1lvaro Benedito","avatar_url":{"url":"https:\/\/tugesto.com\/blog\/wp-content\/uploads\/2024\/05\/alvaro-benedito.jpg","url2x":"https:\/\/tugesto.com\/blog\/wp-content\/uploads\/2024\/05\/alvaro-benedito.jpg"},"0":null,"1":"","2":"","3":"","4":"","5":"","6":"","7":"","8":""}],"_links":{"self":[{"href":"https:\/\/tugesto.com\/blog\/wp-json\/wp\/v2\/posts\/8115","targetHints":{"allow":["GET"]}}],"collection":[{"href":"https:\/\/tugesto.com\/blog\/wp-json\/wp\/v2\/posts"}],"about":[{"href":"https:\/\/tugesto.com\/blog\/wp-json\/wp\/v2\/types\/post"}],"author":[{"embeddable":true,"href":"https:\/\/tugesto.com\/blog\/wp-json\/wp\/v2\/users\/7"}],"replies":[{"embeddable":true,"href":"https:\/\/tugesto.com\/blog\/wp-json\/wp\/v2\/comments?post=8115"}],"version-history":[{"count":11,"href":"https:\/\/tugesto.com\/blog\/wp-json\/wp\/v2\/posts\/8115\/revisions"}],"predecessor-version":[{"id":35567,"href":"https:\/\/tugesto.com\/blog\/wp-json\/wp\/v2\/posts\/8115\/revisions\/35567"}],"wp:featuredmedia":[{"embeddable":true,"href":"https:\/\/tugesto.com\/blog\/wp-json\/wp\/v2\/media\/8120"}],"wp:attachment":[{"href":"https:\/\/tugesto.com\/blog\/wp-json\/wp\/v2\/media?parent=8115"}],"wp:term":[{"taxonomy":"category","embeddable":true,"href":"https:\/\/tugesto.com\/blog\/wp-json\/wp\/v2\/categories?post=8115"},{"taxonomy":"post_tag","embeddable":true,"href":"https:\/\/tugesto.com\/blog\/wp-json\/wp\/v2\/tags?post=8115"},{"taxonomy":"author","embeddable":true,"href":"https:\/\/tugesto.com\/blog\/wp-json\/wp\/v2\/ppma_author?post=8115"}],"curies":[{"name":"wp","href":"https:\/\/api.w.org\/{rel}","templated":true}]}}