{"id":7439,"date":"2017-10-31T00:00:00","date_gmt":"2017-10-30T23:00:00","guid":{"rendered":"https:\/\/tugesto.com\/blog\/?p=7439"},"modified":"2024-05-20T09:25:43","modified_gmt":"2024-05-20T07:25:43","slug":"los-autonomos-quienes-son-exactamente","status":"publish","type":"post","link":"https:\/\/tugesto.com\/blog\/los-autonomos-quienes-son-exactamente\/","title":{"rendered":"Todo sobre los aut\u00f3nomos en Espa\u00f1a"},"content":{"rendered":"\t\t<div data-elementor-type=\"wp-post\" data-elementor-id=\"7439\" class=\"elementor elementor-7439\" data-elementor-post-type=\"post\">\n\t\t\t\t\t\t<section class=\"elementor-section elementor-top-section elementor-element elementor-element-3dd41150 elementor-section-boxed elementor-section-height-default elementor-section-height-default\" data-id=\"3dd41150\" data-element_type=\"section\" data-e-type=\"section\">\n\t\t\t\t\t\t<div class=\"elementor-container elementor-column-gap-default\">\n\t\t\t\t\t<div class=\"elementor-column elementor-col-100 elementor-top-column elementor-element elementor-element-656ab253\" data-id=\"656ab253\" data-element_type=\"column\" data-e-type=\"column\">\n\t\t\t<div class=\"elementor-widget-wrap elementor-element-populated\">\n\t\t\t\t\t\t<div class=\"elementor-element elementor-element-1b3cad2b elementor-widget elementor-widget-text-editor\" data-id=\"1b3cad2b\" data-element_type=\"widget\" data-e-type=\"widget\" data-widget_type=\"text-editor.default\">\n\t\t\t\t<div class=\"elementor-widget-container\">\n\t\t\t\t\t\t\t\t\t<p><span style=\"color: #4c4f54;\">Una especie aparte. As\u00ed es como se sienten muchos aut\u00f3nomos y aut\u00f3nomas del mundo. Para algunos son valientes, innovadores, intr\u00e9pidos aventureros. Otros los consideran locos, arriesgados, rom\u00e1nticos e ingenuos.<\/span><\/p><p><span style=\"color: #4c4f54;\">Sea como fuere, los aut\u00f3nomos est\u00e1n entre nosotros. Forman su propio grupo social. Desde<\/span> <a href=\"https:\/\/tugesto.com\" target=\"_blank\" rel=\"noopener\">tugesto<\/a> <span style=\"color: #4c4f54;\">trabajamos mano a mano con ellos cada d\u00eda. As\u00ed que nos hemos propuesto conocerlos a fondo, \u00bfpor qu\u00e9 no?<\/span><\/p><p><span style=\"color: #4c4f54;\">Hemos echado mano de los \u00faltimos datos del Ministerio de Trabajo (diciembre 2022), para intentar<strong> dibujar un perfil sobre los llamados integrantes del RETA<\/strong> (R\u00e9gimen Especial de Trabajadores Aut\u00f3nomos). Y esto es lo que hemos averiguado.<\/span><\/p><p><a href=\"http:\/\/tugesto.com\/alta-autonomo\" target=\"_blank\" rel=\"noopener\"><img fetchpriority=\"high\" decoding=\"async\" class=\"alignnone wp-image-32879 size-full\" src=\"https:\/\/tugesto.com\/blog\/wp-content\/uploads\/2023\/08\/alta_autonomo.png\" alt=\"\" width=\"1234\" height=\"376\" srcset=\"https:\/\/tugesto.com\/blog\/wp-content\/uploads\/2023\/08\/alta_autonomo.png 1234w, https:\/\/tugesto.com\/blog\/wp-content\/uploads\/2023\/08\/alta_autonomo-300x91.png 300w, https:\/\/tugesto.com\/blog\/wp-content\/uploads\/2023\/08\/alta_autonomo-1024x312.png 1024w, https:\/\/tugesto.com\/blog\/wp-content\/uploads\/2023\/08\/alta_autonomo-768x234.png 768w\" sizes=\"(max-width: 1234px) 100vw, 1234px\" \/><\/a><\/p><h2><span style=\"color: #4c4f54;\">\u00bfCu\u00e1ntos aut\u00f3nomos nos rodean?<\/span><\/h2><p><span style=\"color: #4c4f54;\">En Espa\u00f1a, hay un total de<strong> 3.324.048 personas inscritas como aut\u00f3nomos en el RETA<\/strong>. En total, suponen en<strong> cerca del 7% de la poblaci\u00f3n<\/strong> total de Espa\u00f1a.<\/span><\/p><p><span style=\"color: #ec6735;\"><strong>Hay tantos aut\u00f3nomos en Espa\u00f1a como para llenar m\u00e1s de 30 estadios de f\u00fatbol como el del Santiago Bernab\u00e9u.<\/strong> <\/span><\/p><p><span style=\"color: #4c4f54;\">Est\u00e1 claro que son muchos. Por lo que ahora surgen <strong>otras dudas<\/strong>. \u00bfCu\u00e1ntos son hombres? \u00bfCu\u00e1ntas mujeres? \u00bfQu\u00e9 edad tienen? \u00bfA qu\u00e9 sectores se dedican? \u00bfDesde cu\u00e1ndo son aut\u00f3nomos? \u00bfCu\u00e1l es su base de cotizaci\u00f3n?<\/span><\/p><h3>Ellas, las aut\u00f3nomas espa\u00f1olas<\/h3><p><span style=\"color: #4c4f54;\">Aunque cada vez hay m\u00e1s aut\u00f3nomas entre nosotros, la realidad es que <strong>siguen estando en minor\u00eda<\/strong>. Y es que del total de casi tres millones y medio de aut\u00f3nomos, <strong>solo el 36,46% son mujeres<\/strong> (1.213.570), frente al 63,36% de los hombres (2.048.176). Ellas representan la mitad de la poblaci\u00f3n en Espa\u00f1a y en el mundo,\u00a0podr\u00edan poblar al completo las siguientes ciudades del mundo:<\/span><\/p><p><img decoding=\"async\" class=\"aligncenter size-large wp-image-7440\" src=\"https:\/\/tugesto.com\/blog\/wp-content\/uploads\/2017\/10\/ciudades-autonomas-1024x512.jpg\" alt=\"autonomas en espa\u00f1a numero total\" width=\"750\" height=\"375\" srcset=\"https:\/\/tugesto.com\/blog\/wp-content\/uploads\/2017\/10\/ciudades-autonomas-1024x512.jpg 1024w, https:\/\/tugesto.com\/blog\/wp-content\/uploads\/2017\/10\/ciudades-autonomas-300x150.jpg 300w, https:\/\/tugesto.com\/blog\/wp-content\/uploads\/2017\/10\/ciudades-autonomas-768x384.jpg 768w, https:\/\/tugesto.com\/blog\/wp-content\/uploads\/2017\/10\/ciudades-autonomas-1536x768.jpg 1536w, https:\/\/tugesto.com\/blog\/wp-content\/uploads\/2017\/10\/ciudades-autonomas.jpg 1600w\" sizes=\"(max-width: 750px) 100vw, 750px\" \/><br \/><span style=\"color: #4c4f54;\">Pero en tugesto hemos querido ir un paso m\u00e1s all\u00e1 y definir mejor a estas mujeres que podr\u00edan conquistar las grandes capitales mundiales. \u00bfQu\u00e9 edad tienen? Seg\u00fan los datos del Ministerio, <strong>la gran mayor\u00eda de ellas tienen entre 45 y 54 a\u00f1os.<\/strong> Por detr\u00e1s, las m\u00e1s j\u00f3venes (entre 25 y 39 a\u00f1os).<\/span><\/p><p><strong><span style=\"color: #ec6735;\">Las mujeres aut\u00f3nomas en Espa\u00f1a de entre 25 y 54 a\u00f1os podr\u00edan ponerse en fila y cubrir una distancia mayor que la que separa a las ciudades de Valencia a Alicante (226 km).<\/span><\/strong><\/p><h3><span style=\"color: #4c4f54;\">Ellos, los aut\u00f3nomos espa\u00f1oles<\/span><\/h3><p><span style=\"color: #4c4f54;\">Mayor\u00eda en n\u00famero. Como se\u00f1al\u00e1bamos anteriormente, el n\u00famero de aut\u00f3nomos inscritos en el RETA en Espa\u00f1a alcanza un total <strong>2.048.176\u00a0<\/strong>(datos diciembre 2022),<strong> y representan casi el 67% del total de aut\u00f3nomos<\/strong>.<\/span><\/p><p><span style=\"color: #4c4f54;\">Ellos tambi\u00e9n suponen m\u00e1s o menos la mitad de la poblaci\u00f3n espa\u00f1ola, y superan poblaciones europeas como Praga (capital de la Rep\u00fablica Checa) o Birmingham (Inglaterra).<\/span><\/p><p><img decoding=\"async\" class=\"aligncenter size-large wp-image-7441\" src=\"https:\/\/tugesto.com\/blog\/wp-content\/uploads\/2017\/10\/ciudades-autonomos-1024x512.jpg\" alt=\"autonomos hombres en espa\u00f1a numero total\" width=\"750\" height=\"375\" srcset=\"https:\/\/tugesto.com\/blog\/wp-content\/uploads\/2017\/10\/ciudades-autonomos-1024x512.jpg 1024w, https:\/\/tugesto.com\/blog\/wp-content\/uploads\/2017\/10\/ciudades-autonomos-300x150.jpg 300w, https:\/\/tugesto.com\/blog\/wp-content\/uploads\/2017\/10\/ciudades-autonomos-768x384.jpg 768w, https:\/\/tugesto.com\/blog\/wp-content\/uploads\/2017\/10\/ciudades-autonomos-1536x768.jpg 1536w, https:\/\/tugesto.com\/blog\/wp-content\/uploads\/2017\/10\/ciudades-autonomos.jpg 1600w\" sizes=\"(max-width: 750px) 100vw, 750px\" \/><br \/><span style=\"color: #4c4f54;\">Por edades, la mayor\u00eda se concentran <strong>entre los 40 y los 54 a\u00f1os<\/strong>. Le seguir\u00edan los m\u00e1s mayores (55 a\u00f1os en adelante).<\/span><\/p><p><span style=\"color: #ec6735;\"><strong>Los hombres aut\u00f3nomos en Espa\u00f1a de cuarenta a\u00f1os en adelante llegar\u00edan a cubrir m\u00e1s distancia de la que hay entre La Coru\u00f1a y Santander (453km) si se pusieran en fila.<\/strong> <\/span><\/p><p><span style=\"color: #4c4f54;\">Dato: hay m\u00e1s aut\u00f3nomos varones de 55 a\u00f1os o m\u00e1s que mujeres aut\u00f3nomas de entre 40 y 54 a\u00f1os.<\/span><\/p><h3><span style=\"color: #4c4f54;\">\u00bfQu\u00e9 pasa con los m\u00e1s j\u00f3venes?<\/span><\/h3><p><span style=\"color: #4c4f54;\">Son <strong>un porcentaje cada vez mayor<\/strong>. Los aut\u00f3nomos menores de 30 a\u00f1os suman <b>954.991<\/b>, casi un tercio del total con fecha diciembre 2022.<\/span><\/p><h2><span style=\"color: #4c4f54;\">\u00bfD\u00f3nde los encontramos?<\/span><\/h2><p><span style=\"color: #4c4f54;\">Sabemos cu\u00e1ntos hombres y mujeres son y qu\u00e9 edades tienen. Pero, \u00bfd\u00f3nde encontramos a los aut\u00f3nomos?<\/span><\/p><p><span style=\"color: #4c4f54;\">El mayor porcentaje de aut\u00f3nomos lo encontramos en el <strong>sector servicios<\/strong> (73%). Seguidos de los aut\u00f3nomos dedicados al sector de la agricultura (11,7%), la construcci\u00f3n (10,8%) y la industria (4,4%).<\/span><\/p><p><span style=\"color: #4c4f54;\">Por <strong>comunidades aut\u00f3nomas<\/strong>, encontramos que la mayor\u00eda de aut\u00f3nomos del sector<strong> servicios<\/strong> se encuentran (por orden de m\u00e1s a menos) en las CCAA de Andaluc\u00eda, Catalu\u00f1a y Madrid (49,3% del total de aut\u00f3nomos del sector servicios).<\/span><\/p><p><span style=\"color: #4c4f54;\">En <strong>agricultura<\/strong>, la mayor\u00eda se ubican en las CCAA de Andaluc\u00eda, Galicia y Catalu\u00f1a (40%).<\/span><br \/><span style=\"color: #4c4f54;\">Las comunidades con mayor n\u00famero en el sector de la <strong>construcci\u00f3n<\/strong> tambi\u00e9n son Catalu\u00f1a, Andaluc\u00eda y Madrid (41,6%).<\/span><\/p><p><span style=\"color: #4c4f54;\">Por \u00faltimo, encontramos que la mayor\u00eda de aut\u00f3nomos dedicados a la <strong>industria<\/strong> se encuentran en Catalu\u00f1a, Andaluc\u00eda y la C. Valenciana (46,8%).<\/span><\/p><p><strong><span style=\"color: #ec6735;\">El sector de la construcci\u00f3n es el m\u00e1s desequilibrado en cuanto a sexo. En \u00e9l, solo el 2,9% de los aut\u00f3nomos son mujeres.<\/span><\/strong><\/p><p><img loading=\"lazy\" decoding=\"async\" class=\"aligncenter size-full wp-image-7482\" src=\"https:\/\/tugesto.com\/blog\/wp-content\/uploads\/2017\/10\/perfilAutonomoSegunSectoryComunidad-02.jpg\" alt=\"perfil autonomo espa\u00f1a\" width=\"800\" height=\"800\" srcset=\"https:\/\/tugesto.com\/blog\/wp-content\/uploads\/2017\/10\/perfilAutonomoSegunSectoryComunidad-02.jpg 800w, https:\/\/tugesto.com\/blog\/wp-content\/uploads\/2017\/10\/perfilAutonomoSegunSectoryComunidad-02-300x300.jpg 300w, https:\/\/tugesto.com\/blog\/wp-content\/uploads\/2017\/10\/perfilAutonomoSegunSectoryComunidad-02-150x150.jpg 150w, https:\/\/tugesto.com\/blog\/wp-content\/uploads\/2017\/10\/perfilAutonomoSegunSectoryComunidad-02-768x768.jpg 768w\" sizes=\"(max-width: 800px) 100vw, 800px\" \/><\/p><h2><span style=\"color: #4c4f54;\">\u00bfEn qu\u00e9 situaci\u00f3n profesional se encuentran?<\/span><\/h2><p><span style=\"color: #4c4f54;\">No todos los aut\u00f3nomos se encuentran en la misma situaci\u00f3n profesional. Esta se puede intuir de acuerdo a ciertos datos, como el <strong>n\u00famero de asalariados<\/strong> que tiene un aut\u00f3nomo, la <strong>base de cotizaci\u00f3n<\/strong> a la que se adhiere o su <strong>antig\u00fcedad en el negocio<\/strong>.<\/span><\/p><p><span style=\"color: #4c4f54;\">As\u00ed, en Espa\u00f1a, m\u00e1s del<strong> 70% de los aut\u00f3nomos no cuenta con ning\u00fan asalariado<\/strong>.<\/span><\/p><p><span style=\"color: #4c4f54;\">Si nos atenemos a la base de cotizaci\u00f3n, la gran mayor\u00eda de aut\u00f3nomos est\u00e1n adheridos a la<strong> base m\u00ednima<\/strong> (960,60\u20ac mensuales).<\/span><\/p><p><span style=\"color: #4c4f54;\">La base de cotizaci\u00f3n marca la jubilaci\u00f3n, la baja por enfermedad, etc. por lo que la cifra<strong> depender\u00e1 de lo que gane<\/strong>. En otro post te mostr\u00e1bamos<\/span> <a href=\"https:\/\/tugesto.com\/blog\/pension-de-jubilacion-del-autonomo\/\" target=\"_blank\" rel=\"noopener\">la realidad de la pensi\u00f3n de jubilaci\u00f3n del aut\u00f3nomo<\/a>.<\/p><p><span style=\"color: #4c4f54;\">Por a\u00f1os de antig\u00fcedad, los datos resultan m\u00e1s positivos. Y es que el mayor porcentaje de aut\u00f3nomos espa\u00f1oles tiene una <strong>antig\u00fcedad mayor de 5 a\u00f1os como aut\u00f3nomo<\/strong> (54,48%), mientras que los m\u00e1s raros de encontrar son aquellos con una antig\u00fcedad de entre 6 y 11 meses (6,8%).<\/span><\/p><p><a href=\"http:\/\/tugesto.com\/alta-autonomo\" target=\"_blank\" rel=\"noopener\"><img loading=\"lazy\" decoding=\"async\" class=\"alignnone wp-image-15077 size-full\" src=\"https:\/\/tugesto.com\/blog\/wp-content\/uploads\/2019\/02\/alta-autonomo-gratuita-tugesto.jpg\" alt=\"Estudiamos tus bonificaciones de forma gratuita\" width=\"1234\" height=\"376\" srcset=\"https:\/\/tugesto.com\/blog\/wp-content\/uploads\/2019\/02\/alta-autonomo-gratuita-tugesto.jpg 1234w, https:\/\/tugesto.com\/blog\/wp-content\/uploads\/2019\/02\/alta-autonomo-gratuita-tugesto-300x91.jpg 300w, https:\/\/tugesto.com\/blog\/wp-content\/uploads\/2019\/02\/alta-autonomo-gratuita-tugesto-1024x312.jpg 1024w, https:\/\/tugesto.com\/blog\/wp-content\/uploads\/2019\/02\/alta-autonomo-gratuita-tugesto-768x234.jpg 768w\" sizes=\"(max-width: 1234px) 100vw, 1234px\" \/><\/a><\/p>\t\t\t\t\t\t\t\t<\/div>\n\t\t\t\t<\/div>\n\t\t\t\t\t<\/div>\n\t\t<\/div>\n\t\t\t\t\t<\/div>\n\t\t<\/section>\n\t\t\t\t<\/div>\n\t\t","protected":false},"excerpt":{"rendered":"<p>Una especie aparte. As\u00ed es como se sienten muchos aut\u00f3nomos y aut\u00f3nomas del mundo. Para algunos son valientes, innovadores, intr\u00e9pidos aventureros. Otros los consideran locos, arriesgados, rom\u00e1nticos e ingenuos. Sea como fuere, los aut\u00f3nomos est\u00e1n entre nosotros. Forman su propio grupo social. Desde tugesto trabajamos mano a mano con ellos cada d\u00eda. As\u00ed que nos [&hellip;]<\/p>\n","protected":false},"author":9,"featured_media":7448,"comment_status":"open","ping_status":"open","sticky":false,"template":"","format":"standard","meta":{"_eb_attr":"","content-type":"","footnotes":""},"categories":[144],"tags":[36,38],"ppma_author":[1495],"class_list":["post-7439","post","type-post","status-publish","format-standard","has-post-thumbnail","hentry","category-idi","tag-autonomos","tag-pymes"],"yoast_head":"<!-- This site is optimized with the Yoast SEO plugin v27.5 - https:\/\/yoast.com\/product\/yoast-seo-wordpress\/ -->\n<title>Todo sobre los aut\u00f3nomos en Espa\u00f1a | tugesto<\/title>\n<meta name=\"description\" content=\"Los aut\u00f3nomos nos rodean. En tugesto trabajamos mano a mano con ellos y hemos creado el perfil del aut\u00f3nomo, echa un vistazo\" \/>\n<meta name=\"robots\" content=\"index, follow, max-snippet:-1, max-image-preview:large, max-video-preview:-1\" \/>\n<link rel=\"canonical\" href=\"https:\/\/tugesto.com\/blog\/los-autonomos-quienes-son-exactamente\/\" \/>\n<meta property=\"og:locale\" content=\"es_ES\" \/>\n<meta property=\"og:type\" content=\"article\" \/>\n<meta property=\"og:title\" content=\"Todo sobre los aut\u00f3nomos en Espa\u00f1a | tugesto\" \/>\n<meta property=\"og:description\" content=\"Los aut\u00f3nomos nos rodean. En tugesto trabajamos mano a mano con ellos y hemos creado el perfil del aut\u00f3nomo, echa un vistazo\" \/>\n<meta property=\"og:url\" content=\"https:\/\/tugesto.com\/blog\/los-autonomos-quienes-son-exactamente\/\" \/>\n<meta property=\"og:site_name\" content=\"Blog: \u00a1Aprende a emprender! | tugesto\" \/>\n<meta property=\"article:publisher\" content=\"https:\/\/www.facebook.com\/tugesto\/\" \/>\n<meta property=\"article:published_time\" content=\"2017-10-30T23:00:00+00:00\" \/>\n<meta property=\"article:modified_time\" content=\"2024-05-20T07:25:43+00:00\" \/>\n<meta property=\"og:image\" content=\"https:\/\/tugesto.com\/blog\/wp-content\/uploads\/2017\/10\/autonomas-autonomos.jpg\" \/>\n\t<meta property=\"og:image:width\" content=\"1600\" \/>\n\t<meta property=\"og:image:height\" content=\"800\" \/>\n\t<meta property=\"og:image:type\" content=\"image\/jpeg\" \/>\n<meta name=\"author\" content=\"Amparo Carratala\" \/>\n<meta name=\"twitter:card\" content=\"summary_large_image\" \/>\n<meta name=\"twitter:label1\" content=\"Escrito por\" \/>\n\t<meta name=\"twitter:data1\" content=\"Amparo Carratala\" \/>\n\t<meta name=\"twitter:label2\" content=\"Tiempo de lectura\" \/>\n\t<meta name=\"twitter:data2\" content=\"6 minutos\" \/>\n<script type=\"application\/ld+json\" class=\"yoast-schema-graph\">{\"@context\":\"https:\\\/\\\/schema.org\",\"@graph\":[{\"@type\":\"Article\",\"@id\":\"https:\\\/\\\/tugesto.com\\\/blog\\\/los-autonomos-quienes-son-exactamente\\\/#article\",\"isPartOf\":{\"@id\":\"https:\\\/\\\/tugesto.com\\\/blog\\\/los-autonomos-quienes-son-exactamente\\\/\"},\"author\":{\"name\":\"Amparo Carratala\",\"@id\":\"https:\\\/\\\/tugesto.com\\\/blog\\\/#\\\/schema\\\/person\\\/2c70b34a36244511f4e51800f6121f80\"},\"headline\":\"Todo sobre los aut\u00f3nomos en Espa\u00f1a\",\"datePublished\":\"2017-10-30T23:00:00+00:00\",\"dateModified\":\"2024-05-20T07:25:43+00:00\",\"mainEntityOfPage\":{\"@id\":\"https:\\\/\\\/tugesto.com\\\/blog\\\/los-autonomos-quienes-son-exactamente\\\/\"},\"wordCount\":940,\"commentCount\":0,\"publisher\":{\"@id\":\"https:\\\/\\\/tugesto.com\\\/blog\\\/#organization\"},\"image\":{\"@id\":\"https:\\\/\\\/tugesto.com\\\/blog\\\/los-autonomos-quienes-son-exactamente\\\/#primaryimage\"},\"thumbnailUrl\":\"https:\\\/\\\/tugesto.com\\\/blog\\\/wp-content\\\/uploads\\\/2017\\\/10\\\/autonomas-autonomos.jpg\",\"keywords\":[\"aut\u00f3nomos\",\"pymes\"],\"articleSection\":[\"I+D+i\"],\"inLanguage\":\"es\",\"potentialAction\":[{\"@type\":\"CommentAction\",\"name\":\"Comment\",\"target\":[\"https:\\\/\\\/tugesto.com\\\/blog\\\/los-autonomos-quienes-son-exactamente\\\/#respond\"]}]},{\"@type\":\"WebPage\",\"@id\":\"https:\\\/\\\/tugesto.com\\\/blog\\\/los-autonomos-quienes-son-exactamente\\\/\",\"url\":\"https:\\\/\\\/tugesto.com\\\/blog\\\/los-autonomos-quienes-son-exactamente\\\/\",\"name\":\"Todo sobre los aut\u00f3nomos en Espa\u00f1a | tugesto\",\"isPartOf\":{\"@id\":\"https:\\\/\\\/tugesto.com\\\/blog\\\/#website\"},\"primaryImageOfPage\":{\"@id\":\"https:\\\/\\\/tugesto.com\\\/blog\\\/los-autonomos-quienes-son-exactamente\\\/#primaryimage\"},\"image\":{\"@id\":\"https:\\\/\\\/tugesto.com\\\/blog\\\/los-autonomos-quienes-son-exactamente\\\/#primaryimage\"},\"thumbnailUrl\":\"https:\\\/\\\/tugesto.com\\\/blog\\\/wp-content\\\/uploads\\\/2017\\\/10\\\/autonomas-autonomos.jpg\",\"datePublished\":\"2017-10-30T23:00:00+00:00\",\"dateModified\":\"2024-05-20T07:25:43+00:00\",\"description\":\"Los aut\u00f3nomos nos rodean. En tugesto trabajamos mano a mano con ellos y hemos creado el perfil del aut\u00f3nomo, echa un vistazo\",\"breadcrumb\":{\"@id\":\"https:\\\/\\\/tugesto.com\\\/blog\\\/los-autonomos-quienes-son-exactamente\\\/#breadcrumb\"},\"inLanguage\":\"es\",\"potentialAction\":[{\"@type\":\"ReadAction\",\"target\":[\"https:\\\/\\\/tugesto.com\\\/blog\\\/los-autonomos-quienes-son-exactamente\\\/\"]}]},{\"@type\":\"ImageObject\",\"inLanguage\":\"es\",\"@id\":\"https:\\\/\\\/tugesto.com\\\/blog\\\/los-autonomos-quienes-son-exactamente\\\/#primaryimage\",\"url\":\"https:\\\/\\\/tugesto.com\\\/blog\\\/wp-content\\\/uploads\\\/2017\\\/10\\\/autonomas-autonomos.jpg\",\"contentUrl\":\"https:\\\/\\\/tugesto.com\\\/blog\\\/wp-content\\\/uploads\\\/2017\\\/10\\\/autonomas-autonomos.jpg\",\"width\":1600,\"height\":800,\"caption\":\"Te contamos todo sobre el aut\u00f3nomo y aut\u00f3noma en Espa\u00f1a, todos los datos relevantes\"},{\"@type\":\"BreadcrumbList\",\"@id\":\"https:\\\/\\\/tugesto.com\\\/blog\\\/los-autonomos-quienes-son-exactamente\\\/#breadcrumb\",\"itemListElement\":[{\"@type\":\"ListItem\",\"position\":1,\"name\":\"Home\",\"item\":\"https:\\\/\\\/tugesto.com\\\/blog\\\/\"},{\"@type\":\"ListItem\",\"position\":2,\"name\":\"I+D+i\",\"item\":\"https:\\\/\\\/tugesto.com\\\/blog\\\/category\\\/idi\\\/\"},{\"@type\":\"ListItem\",\"position\":3,\"name\":\"Todo sobre los aut\u00f3nomos en Espa\u00f1a\"}]},{\"@type\":\"WebSite\",\"@id\":\"https:\\\/\\\/tugesto.com\\\/blog\\\/#website\",\"url\":\"https:\\\/\\\/tugesto.com\\\/blog\\\/\",\"name\":\"Blog tugesto\",\"description\":\"\ud83d\udcda Blog especializado para aut\u00f3nomos y pymes. Encuentra semanalmente nuevos posts, recursos y gu\u00edas. La ayuda que necesitas para tu negocio.\",\"publisher\":{\"@id\":\"https:\\\/\\\/tugesto.com\\\/blog\\\/#organization\"},\"potentialAction\":[{\"@type\":\"SearchAction\",\"target\":{\"@type\":\"EntryPoint\",\"urlTemplate\":\"https:\\\/\\\/tugesto.com\\\/blog\\\/?s={search_term_string}\"},\"query-input\":{\"@type\":\"PropertyValueSpecification\",\"valueRequired\":true,\"valueName\":\"search_term_string\"}}],\"inLanguage\":\"es\"},{\"@type\":\"Organization\",\"@id\":\"https:\\\/\\\/tugesto.com\\\/blog\\\/#organization\",\"name\":\"tugesto\",\"url\":\"https:\\\/\\\/tugesto.com\\\/blog\\\/\",\"logo\":{\"@type\":\"ImageObject\",\"inLanguage\":\"es\",\"@id\":\"https:\\\/\\\/tugesto.com\\\/blog\\\/#\\\/schema\\\/logo\\\/image\\\/\",\"url\":\"https:\\\/\\\/tugesto.com\\\/blog\\\/wp-content\\\/uploads\\\/2019\\\/06\\\/logo_tugesto.png\",\"contentUrl\":\"https:\\\/\\\/tugesto.com\\\/blog\\\/wp-content\\\/uploads\\\/2019\\\/06\\\/logo_tugesto.png\",\"width\":190,\"height\":63,\"caption\":\"tugesto\"},\"image\":{\"@id\":\"https:\\\/\\\/tugesto.com\\\/blog\\\/#\\\/schema\\\/logo\\\/image\\\/\"},\"sameAs\":[\"https:\\\/\\\/www.facebook.com\\\/tugesto\\\/\",\"https:\\\/\\\/www.instagram.com\\\/tugesto_online\\\/\"]},{\"@type\":\"Person\",\"@id\":\"https:\\\/\\\/tugesto.com\\\/blog\\\/#\\\/schema\\\/person\\\/2c70b34a36244511f4e51800f6121f80\",\"name\":\"Amparo Carratala\",\"image\":{\"@type\":\"ImageObject\",\"inLanguage\":\"es\",\"@id\":\"https:\\\/\\\/tugesto.com\\\/blog\\\/wp-content\\\/uploads\\\/2024\\\/05\\\/amparo-carratala.pngb285d77d385f0087818132665d0ade46\",\"url\":\"https:\\\/\\\/tugesto.com\\\/blog\\\/wp-content\\\/uploads\\\/2024\\\/05\\\/amparo-carratala.png\",\"contentUrl\":\"https:\\\/\\\/tugesto.com\\\/blog\\\/wp-content\\\/uploads\\\/2024\\\/05\\\/amparo-carratala.png\",\"caption\":\"Amparo Carratala\"},\"description\":\"Gestora laboral, experta en n\u00f3minas\"}]}<\/script>\n<!-- \/ Yoast SEO plugin. -->","yoast_head_json":{"title":"Todo sobre los aut\u00f3nomos en Espa\u00f1a | tugesto","description":"Los aut\u00f3nomos nos rodean. En tugesto trabajamos mano a mano con ellos y hemos creado el perfil del aut\u00f3nomo, echa un vistazo","robots":{"index":"index","follow":"follow","max-snippet":"max-snippet:-1","max-image-preview":"max-image-preview:large","max-video-preview":"max-video-preview:-1"},"canonical":"https:\/\/tugesto.com\/blog\/los-autonomos-quienes-son-exactamente\/","og_locale":"es_ES","og_type":"article","og_title":"Todo sobre los aut\u00f3nomos en Espa\u00f1a | tugesto","og_description":"Los aut\u00f3nomos nos rodean. En tugesto trabajamos mano a mano con ellos y hemos creado el perfil del aut\u00f3nomo, echa un vistazo","og_url":"https:\/\/tugesto.com\/blog\/los-autonomos-quienes-son-exactamente\/","og_site_name":"Blog: \u00a1Aprende a emprender! | tugesto","article_publisher":"https:\/\/www.facebook.com\/tugesto\/","article_published_time":"2017-10-30T23:00:00+00:00","article_modified_time":"2024-05-20T07:25:43+00:00","og_image":[{"width":1600,"height":800,"url":"https:\/\/tugesto.com\/blog\/wp-content\/uploads\/2017\/10\/autonomas-autonomos.jpg","type":"image\/jpeg"}],"author":"Amparo Carratala","twitter_card":"summary_large_image","twitter_misc":{"Escrito por":"Amparo Carratala","Tiempo de lectura":"6 minutos"},"schema":{"@context":"https:\/\/schema.org","@graph":[{"@type":"Article","@id":"https:\/\/tugesto.com\/blog\/los-autonomos-quienes-son-exactamente\/#article","isPartOf":{"@id":"https:\/\/tugesto.com\/blog\/los-autonomos-quienes-son-exactamente\/"},"author":{"name":"Amparo Carratala","@id":"https:\/\/tugesto.com\/blog\/#\/schema\/person\/2c70b34a36244511f4e51800f6121f80"},"headline":"Todo sobre los aut\u00f3nomos en Espa\u00f1a","datePublished":"2017-10-30T23:00:00+00:00","dateModified":"2024-05-20T07:25:43+00:00","mainEntityOfPage":{"@id":"https:\/\/tugesto.com\/blog\/los-autonomos-quienes-son-exactamente\/"},"wordCount":940,"commentCount":0,"publisher":{"@id":"https:\/\/tugesto.com\/blog\/#organization"},"image":{"@id":"https:\/\/tugesto.com\/blog\/los-autonomos-quienes-son-exactamente\/#primaryimage"},"thumbnailUrl":"https:\/\/tugesto.com\/blog\/wp-content\/uploads\/2017\/10\/autonomas-autonomos.jpg","keywords":["aut\u00f3nomos","pymes"],"articleSection":["I+D+i"],"inLanguage":"es","potentialAction":[{"@type":"CommentAction","name":"Comment","target":["https:\/\/tugesto.com\/blog\/los-autonomos-quienes-son-exactamente\/#respond"]}]},{"@type":"WebPage","@id":"https:\/\/tugesto.com\/blog\/los-autonomos-quienes-son-exactamente\/","url":"https:\/\/tugesto.com\/blog\/los-autonomos-quienes-son-exactamente\/","name":"Todo sobre los aut\u00f3nomos en Espa\u00f1a | tugesto","isPartOf":{"@id":"https:\/\/tugesto.com\/blog\/#website"},"primaryImageOfPage":{"@id":"https:\/\/tugesto.com\/blog\/los-autonomos-quienes-son-exactamente\/#primaryimage"},"image":{"@id":"https:\/\/tugesto.com\/blog\/los-autonomos-quienes-son-exactamente\/#primaryimage"},"thumbnailUrl":"https:\/\/tugesto.com\/blog\/wp-content\/uploads\/2017\/10\/autonomas-autonomos.jpg","datePublished":"2017-10-30T23:00:00+00:00","dateModified":"2024-05-20T07:25:43+00:00","description":"Los aut\u00f3nomos nos rodean. En tugesto trabajamos mano a mano con ellos y hemos creado el perfil del aut\u00f3nomo, echa un vistazo","breadcrumb":{"@id":"https:\/\/tugesto.com\/blog\/los-autonomos-quienes-son-exactamente\/#breadcrumb"},"inLanguage":"es","potentialAction":[{"@type":"ReadAction","target":["https:\/\/tugesto.com\/blog\/los-autonomos-quienes-son-exactamente\/"]}]},{"@type":"ImageObject","inLanguage":"es","@id":"https:\/\/tugesto.com\/blog\/los-autonomos-quienes-son-exactamente\/#primaryimage","url":"https:\/\/tugesto.com\/blog\/wp-content\/uploads\/2017\/10\/autonomas-autonomos.jpg","contentUrl":"https:\/\/tugesto.com\/blog\/wp-content\/uploads\/2017\/10\/autonomas-autonomos.jpg","width":1600,"height":800,"caption":"Te contamos todo sobre el aut\u00f3nomo y aut\u00f3noma en Espa\u00f1a, todos los datos relevantes"},{"@type":"BreadcrumbList","@id":"https:\/\/tugesto.com\/blog\/los-autonomos-quienes-son-exactamente\/#breadcrumb","itemListElement":[{"@type":"ListItem","position":1,"name":"Home","item":"https:\/\/tugesto.com\/blog\/"},{"@type":"ListItem","position":2,"name":"I+D+i","item":"https:\/\/tugesto.com\/blog\/category\/idi\/"},{"@type":"ListItem","position":3,"name":"Todo sobre los aut\u00f3nomos en Espa\u00f1a"}]},{"@type":"WebSite","@id":"https:\/\/tugesto.com\/blog\/#website","url":"https:\/\/tugesto.com\/blog\/","name":"Blog tugesto","description":"\ud83d\udcda Blog especializado para aut\u00f3nomos y pymes. Encuentra semanalmente nuevos posts, recursos y gu\u00edas. La ayuda que necesitas para tu negocio.","publisher":{"@id":"https:\/\/tugesto.com\/blog\/#organization"},"potentialAction":[{"@type":"SearchAction","target":{"@type":"EntryPoint","urlTemplate":"https:\/\/tugesto.com\/blog\/?s={search_term_string}"},"query-input":{"@type":"PropertyValueSpecification","valueRequired":true,"valueName":"search_term_string"}}],"inLanguage":"es"},{"@type":"Organization","@id":"https:\/\/tugesto.com\/blog\/#organization","name":"tugesto","url":"https:\/\/tugesto.com\/blog\/","logo":{"@type":"ImageObject","inLanguage":"es","@id":"https:\/\/tugesto.com\/blog\/#\/schema\/logo\/image\/","url":"https:\/\/tugesto.com\/blog\/wp-content\/uploads\/2019\/06\/logo_tugesto.png","contentUrl":"https:\/\/tugesto.com\/blog\/wp-content\/uploads\/2019\/06\/logo_tugesto.png","width":190,"height":63,"caption":"tugesto"},"image":{"@id":"https:\/\/tugesto.com\/blog\/#\/schema\/logo\/image\/"},"sameAs":["https:\/\/www.facebook.com\/tugesto\/","https:\/\/www.instagram.com\/tugesto_online\/"]},{"@type":"Person","@id":"https:\/\/tugesto.com\/blog\/#\/schema\/person\/2c70b34a36244511f4e51800f6121f80","name":"Amparo Carratala","image":{"@type":"ImageObject","inLanguage":"es","@id":"https:\/\/tugesto.com\/blog\/wp-content\/uploads\/2024\/05\/amparo-carratala.pngb285d77d385f0087818132665d0ade46","url":"https:\/\/tugesto.com\/blog\/wp-content\/uploads\/2024\/05\/amparo-carratala.png","contentUrl":"https:\/\/tugesto.com\/blog\/wp-content\/uploads\/2024\/05\/amparo-carratala.png","caption":"Amparo Carratala"},"description":"Gestora laboral, experta en n\u00f3minas"}]}},"authors":[{"term_id":1495,"user_id":9,"is_guest":0,"slug":"amparo-carratala","display_name":"Amparo Carratala","avatar_url":{"url":"https:\/\/tugesto.com\/blog\/wp-content\/uploads\/2024\/05\/amparo-carratala.png","url2x":"https:\/\/tugesto.com\/blog\/wp-content\/uploads\/2024\/05\/amparo-carratala.png"},"0":null,"1":"","2":"","3":"","4":"","5":"","6":"","7":"","8":""}],"_links":{"self":[{"href":"https:\/\/tugesto.com\/blog\/wp-json\/wp\/v2\/posts\/7439","targetHints":{"allow":["GET"]}}],"collection":[{"href":"https:\/\/tugesto.com\/blog\/wp-json\/wp\/v2\/posts"}],"about":[{"href":"https:\/\/tugesto.com\/blog\/wp-json\/wp\/v2\/types\/post"}],"author":[{"embeddable":true,"href":"https:\/\/tugesto.com\/blog\/wp-json\/wp\/v2\/users\/9"}],"replies":[{"embeddable":true,"href":"https:\/\/tugesto.com\/blog\/wp-json\/wp\/v2\/comments?post=7439"}],"version-history":[{"count":12,"href":"https:\/\/tugesto.com\/blog\/wp-json\/wp\/v2\/posts\/7439\/revisions"}],"predecessor-version":[{"id":35616,"href":"https:\/\/tugesto.com\/blog\/wp-json\/wp\/v2\/posts\/7439\/revisions\/35616"}],"wp:featuredmedia":[{"embeddable":true,"href":"https:\/\/tugesto.com\/blog\/wp-json\/wp\/v2\/media\/7448"}],"wp:attachment":[{"href":"https:\/\/tugesto.com\/blog\/wp-json\/wp\/v2\/media?parent=7439"}],"wp:term":[{"taxonomy":"category","embeddable":true,"href":"https:\/\/tugesto.com\/blog\/wp-json\/wp\/v2\/categories?post=7439"},{"taxonomy":"post_tag","embeddable":true,"href":"https:\/\/tugesto.com\/blog\/wp-json\/wp\/v2\/tags?post=7439"},{"taxonomy":"author","embeddable":true,"href":"https:\/\/tugesto.com\/blog\/wp-json\/wp\/v2\/ppma_author?post=7439"}],"curies":[{"name":"wp","href":"https:\/\/api.w.org\/{rel}","templated":true}]}}