{"id":734,"date":"2015-06-02T15:29:43","date_gmt":"2015-06-02T14:29:43","guid":{"rendered":"http:\/\/tugesto.com\/blog\/?p=734"},"modified":"2024-05-22T09:08:56","modified_gmt":"2024-05-22T07:08:56","slug":"soy-freelance-puedo-facturar-sin-ser-autonomo","status":"publish","type":"post","link":"https:\/\/tugesto.com\/blog\/soy-freelance-puedo-facturar-sin-ser-autonomo\/","title":{"rendered":"C\u00f3mo facturar como freelance sin ser aut\u00f3nomo"},"content":{"rendered":"\t\t<div data-elementor-type=\"wp-post\" data-elementor-id=\"734\" class=\"elementor elementor-734\" data-elementor-post-type=\"post\">\n\t\t\t\t\t\t<section class=\"elementor-section elementor-top-section elementor-element elementor-element-62f30639 elementor-section-boxed elementor-section-height-default elementor-section-height-default\" data-id=\"62f30639\" data-element_type=\"section\" data-e-type=\"section\">\n\t\t\t\t\t\t<div class=\"elementor-container elementor-column-gap-default\">\n\t\t\t\t\t<div class=\"elementor-column elementor-col-100 elementor-top-column elementor-element elementor-element-3605aa51\" data-id=\"3605aa51\" data-element_type=\"column\" data-e-type=\"column\">\n\t\t\t<div class=\"elementor-widget-wrap elementor-element-populated\">\n\t\t\t\t\t\t<div class=\"elementor-element elementor-element-152d28f7 elementor-widget elementor-widget-text-editor\" data-id=\"152d28f7\" data-element_type=\"widget\" data-e-type=\"widget\" data-widget_type=\"text-editor.default\">\n\t\t\t\t<div class=\"elementor-widget-container\">\n\t\t\t\t\t\t\t\t\t<p style=\"text-align: justify;\">Lo primero que te planteas cuando inicias alg\u00fan tipo de actividad por cuenta propia es, <strong>\u00bftengo que darme de alta en Hacienda como aut\u00f3nomo si cobro poco dinero, tengo pocos ingresos o acabo de empezar mi actividad? Y si lo hago, \u00bftengo que declarar el IVA? \u00bfPuedo entonces facturar como freelance sin ser aut\u00f3nomo?<\/strong><\/p><p style=\"text-align: justify;\">Hay un mundo de rumorolog\u00eda asociado a esta realidad social cada vez m\u00e1s extendida. Las primeras dudas que nos planteamos siempre suelen traernos muchos dolores de cabeza, y al final, acabamos dej\u00e1ndonos llevar por los consejos de alg\u00fan amigo, que muchas veces, no conoce exactamente la realidad de la legislaci\u00f3n fiscal.<\/p><p style=\"text-align: justify;\">Lo cierto es que <strong>hay multitud de combinaciones y en funci\u00f3n de las circunstancias hay que cumplir unas exigencias u otras con el fisco<\/strong>. Es posible emitir una sola factura sin ser aut\u00f3nomo, s\u00ed. Te lo contamos a continuaci\u00f3n.<\/p><p><a href=\"http:\/\/tugesto.com\/alta-autonomo\/\" target=\"_blank\" rel=\"noopener\"><img fetchpriority=\"high\" decoding=\"async\" class=\"aligncenter wp-image-17929 size-full\" src=\"https:\/\/tugesto.com\/blog\/wp-content\/uploads\/2019\/11\/emprender_negocio_autonomos-1.jpg\" alt=\"Te damos de alta de aut\u00f3nomo en menos de 48 horas\" width=\"1234\" height=\"376\" srcset=\"https:\/\/tugesto.com\/blog\/wp-content\/uploads\/2019\/11\/emprender_negocio_autonomos-1.jpg 1234w, https:\/\/tugesto.com\/blog\/wp-content\/uploads\/2019\/11\/emprender_negocio_autonomos-1-300x91.jpg 300w, https:\/\/tugesto.com\/blog\/wp-content\/uploads\/2019\/11\/emprender_negocio_autonomos-1-1024x312.jpg 1024w, https:\/\/tugesto.com\/blog\/wp-content\/uploads\/2019\/11\/emprender_negocio_autonomos-1-768x234.jpg 768w\" sizes=\"(max-width: 1234px) 100vw, 1234px\" \/><\/a><\/p><p style=\"text-align: justify;\">Para empezar a despejar tus dudas hay que matizar que cada situaci\u00f3n laboral es distinta. Por un lado, <strong>hay ocasiones en las que es obligado darse de alta en <a href=\"https:\/\/tugesto.com\/blog\/reta\/\" target=\"_blank\" rel=\"noopener\">RETA <\/a><\/strong>(R\u00e9gimen Especial de Trabajadores Aut\u00f3nomos),<strong> bien porque es necesario, bien porque el que contrata tus servicios te obliga a ello<\/strong>, aunque pueda incurrir en un fraude de ley, este punto lo trataremos pr\u00f3ximamente en un nuevo post sobre falsos aut\u00f3nomos, y\u00a0<strong>otras veces no es necesario<\/strong>.<\/p><p style=\"text-align: justify;\">De esa manera, vamos a abordar un tema que abarca dos cuestiones distintas pero muy ligadas entre s\u00ed.<\/p><h2 style=\"text-align: justify;\">No tengo que darme de alta en RETA si&#8230;<\/h2><ol style=\"text-align: justify;\"><li><strong>Declaro los ingresos y el IVA, en los casos que proceda, ante la AEAT<\/strong> (Agencia espa\u00f1ola de Administraci\u00f3n Tributaria), ya que lo que supone infracci\u00f3n es el hecho de ocultar rentas a la Agencia Tributaria.<\/li><\/ol><h2 style=\"text-align: justify;\">Procede pagar en el IVA en los siguientes casos<\/h2><ol><li style=\"text-align: justify;\">Cuando se den <strong>colaboraciones en radio y televisi\u00f3n<\/strong> (tambi\u00e9n en sus vertientes digitales, aunque la colaboraci\u00f3n consista en la redacci\u00f3n de textos).<\/li><li style=\"text-align: justify;\">Cuando, por ejemplo, un aut\u00f3nomo que ejerza como <strong>Community Manager o dise\u00f1ador<\/strong>, trabaje para una empresa cobrando un m\u00ednimo, por bajo que sea, habr\u00eda que declarar el IVA, ya que el contratante nos paga el impuesto y luego se lo deduce.<\/li><li style=\"text-align: justify;\">Tambi\u00e9n cuando <strong>un editor trabaje para s\u00ed mismo en su propio blog<\/strong> deber\u00e1 pagar el gravamen ya que est\u00e1 llevando a cabo una venta de publicidad o explotaci\u00f3n electr\u00f3nica que repercute en terceros.<\/li><li style=\"text-align: justify;\"><strong>Emito las facturas de mis colaboraciones profesionales<\/strong> puntuales o peri\u00f3dicas y que generan escasos beneficios econ\u00f3micos (menos de 7.400 euros) . En esta circunstancia no incumplir\u00eda la normativa de seguridad social.<\/li><\/ol><p style=\"text-align: justify;\">\u00a0<\/p><p style=\"text-align: justify;\">El sector de la comunicaci\u00f3n y la imagen abarca a la mayor\u00eda de aut\u00f3nomos que tienen m\u00e1s incertidumbres ante la perspectiva de cumplir o no con las obligaciones fiscales.<\/p><p style=\"text-align: justify;\">Los nuevos bloggers, fot\u00f3grafos, dise\u00f1adores o periodistas necesitan despejar sus dudas ante una actividad que les impone muchas veces el no saber si van a cobrar a fin de mes.<\/p><p style=\"text-align: justify;\">Aunque no hay una normativa espec\u00edfica, <strong>es ampliamente aceptado el no darse de alta hasta que la actividad no se convierta en un medio de vida<\/strong>. Seg\u00fan el <a href=\"http:\/\/www.iprem.com.es\/\" target=\"_blank\" rel=\"noopener\">IPREM (indicador p\u00fablico de renta de efectos m\u00faltiples)<\/a> se establece que <strong>no hay que darse de alta hasta alcanzar una cuant\u00eda anual de 7.455, 14 euros.<\/strong><\/p><p><a href=\"http:\/\/tugesto.com\/alta-empresa\/\" target=\"_blank\" rel=\"noopener\"><img decoding=\"async\" class=\"aligncenter wp-image-14490 size-full\" src=\"https:\/\/tugesto.com\/blog\/wp-content\/uploads\/2019\/12\/crea-empresa-asesores-expertos.png\" alt=\"Crea tu empresa gratis en tugesto con asesores expertos\" width=\"1234\" height=\"376\" srcset=\"https:\/\/tugesto.com\/blog\/wp-content\/uploads\/2019\/12\/crea-empresa-asesores-expertos.png 1234w, https:\/\/tugesto.com\/blog\/wp-content\/uploads\/2019\/12\/crea-empresa-asesores-expertos-300x91.png 300w, https:\/\/tugesto.com\/blog\/wp-content\/uploads\/2019\/12\/crea-empresa-asesores-expertos-1024x312.png 1024w, https:\/\/tugesto.com\/blog\/wp-content\/uploads\/2019\/12\/crea-empresa-asesores-expertos-768x234.png 768w\" sizes=\"(max-width: 1234px) 100vw, 1234px\" \/><\/a><\/p><h2 style=\"text-align: justify;\">\u00bfQui\u00e9n est\u00e1 exento de pagar el IVA?<\/h2><p style=\"text-align: justify;\">Seg\u00fan la resoluci\u00f3n de la<a href=\"https:\/\/www.boe.es\/buscar\/act.php?id=BOE-A-1992-28740\" target=\"_blank\" rel=\"noopener\"> Ley de IVA<\/a> est\u00e1 exento de pagar el IVA :<\/p><ol style=\"text-align: justify;\"><li>El <strong>periodista que realiza servicios de redacci\u00f3n para publicaciones en peri\u00f3dicos y revistas<\/strong>, tanto en papel como en digital.<\/li><li><strong>Un blogger que trabaje para un tercero<\/strong>.<\/li><li>Otros casos exentos del IVA son: participar de <strong>ponente<\/strong> en una conferencia, actuar de <strong>intermediario<\/strong> (espor\u00e1dicamente) en una operaci\u00f3n en la cual se genera una comisi\u00f3n, <strong>derechos de autor<\/strong>&#8230;<\/li><\/ol><div>\u00a0<\/div><div><i>Importante<\/i>: Otra de las cuestiones a tener en cuenta es que a trav\u00e9s de los modelos 036 y 037 se puede facturar sin ser aut\u00f3nomo una cantidad menor al SMI (Salario M\u00ednimo Interprofesional).<\/div><div>\u00a0<\/div><p style=\"text-align: justify;\">Si tu caso es especial y tienes dudas respecto al desarrollo de la gesti\u00f3n de tu negocio o el sector donde te mueves y no sabes cu\u00e1les son tus obligaciones fiscales <a href=\"https:\/\/tugesto.com\/contacto\/\" target=\"_blank\" rel=\"noopener\">contacta<\/a> con nuestros abogados y asesores online. Deja que te asesoremos si eres un trabajador\/a freelance y evita as\u00ed multas y sanciones.<\/p><p style=\"text-align: justify;\"><strong>\u00a1Podemos ayudarte en cualquier gesti\u00f3n que te preocupe!<\/strong><\/p>\t\t\t\t\t\t\t\t<\/div>\n\t\t\t\t<\/div>\n\t\t\t\t\t<\/div>\n\t\t<\/div>\n\t\t\t\t\t<\/div>\n\t\t<\/section>\n\t\t\t\t<\/div>\n\t\t","protected":false},"excerpt":{"rendered":"<p>Lo primero que te planteas cuando inicias alg\u00fan tipo de actividad por cuenta propia es, \u00bftengo que darme de alta en Hacienda como aut\u00f3nomo si cobro poco dinero, tengo pocos ingresos o acabo de empezar mi actividad? Y si lo hago, \u00bftengo que declarar el IVA? \u00bfPuedo entonces facturar como freelance sin ser aut\u00f3nomo? Hay [&hellip;]<\/p>\n","protected":false},"author":11,"featured_media":735,"comment_status":"open","ping_status":"open","sticky":false,"template":"","format":"image","meta":{"_eb_attr":"","content-type":"","footnotes":""},"categories":[14],"tags":[36,38],"ppma_author":[1497],"class_list":["post-734","post","type-post","status-publish","format-image","has-post-thumbnail","hentry","category-contabilidad-y-fiscal","tag-autonomos","tag-pymes","post_format-post-format-image"],"yoast_head":"<!-- This site is optimized with the Yoast SEO plugin v27.5 - https:\/\/yoast.com\/product\/yoast-seo-wordpress\/ -->\n<title>C\u00f3mo facturar como freelance sin ser aut\u00f3nomo | tugesto<\/title>\n<meta name=\"description\" content=\"Resolvemos la duda eterna de: \u00bfPuedo facturar como freelance sin ser aut\u00f3nomo? \u00bfC\u00f3mo me afecta el IVA en estos casos?\" \/>\n<meta name=\"robots\" content=\"index, follow, max-snippet:-1, max-image-preview:large, max-video-preview:-1\" \/>\n<link rel=\"canonical\" href=\"https:\/\/tugesto.com\/blog\/soy-freelance-puedo-facturar-sin-ser-autonomo\/\" \/>\n<meta property=\"og:locale\" content=\"es_ES\" \/>\n<meta property=\"og:type\" content=\"article\" \/>\n<meta property=\"og:title\" content=\"C\u00f3mo facturar como freelance sin ser aut\u00f3nomo | tugesto\" \/>\n<meta property=\"og:description\" content=\"Resolvemos la duda eterna de: \u00bfPuedo facturar como freelance sin ser aut\u00f3nomo? \u00bfC\u00f3mo me afecta el IVA en estos casos?\" \/>\n<meta property=\"og:url\" content=\"https:\/\/tugesto.com\/blog\/soy-freelance-puedo-facturar-sin-ser-autonomo\/\" \/>\n<meta property=\"og:site_name\" content=\"Blog: \u00a1Aprende a emprender! | tugesto\" \/>\n<meta property=\"article:publisher\" content=\"https:\/\/www.facebook.com\/tugesto\/\" \/>\n<meta property=\"article:published_time\" content=\"2015-06-02T14:29:43+00:00\" \/>\n<meta property=\"article:modified_time\" content=\"2024-05-22T07:08:56+00:00\" \/>\n<meta property=\"og:image\" content=\"https:\/\/tugesto.com\/blog\/wp-content\/uploads\/2015\/06\/facturar-sinalta-autonomo.jpg\" \/>\n\t<meta property=\"og:image:width\" content=\"700\" \/>\n\t<meta property=\"og:image:height\" content=\"329\" \/>\n\t<meta property=\"og:image:type\" content=\"image\/jpeg\" \/>\n<meta name=\"author\" content=\"Nerea Moreno\" \/>\n<meta name=\"twitter:card\" content=\"summary_large_image\" \/>\n<meta name=\"twitter:label1\" content=\"Escrito por\" \/>\n\t<meta name=\"twitter:data1\" content=\"Nerea Moreno\" \/>\n\t<meta name=\"twitter:label2\" content=\"Tiempo de lectura\" \/>\n\t<meta name=\"twitter:data2\" content=\"4 minutos\" \/>\n<script type=\"application\/ld+json\" class=\"yoast-schema-graph\">{\"@context\":\"https:\\\/\\\/schema.org\",\"@graph\":[{\"@type\":\"Article\",\"@id\":\"https:\\\/\\\/tugesto.com\\\/blog\\\/soy-freelance-puedo-facturar-sin-ser-autonomo\\\/#article\",\"isPartOf\":{\"@id\":\"https:\\\/\\\/tugesto.com\\\/blog\\\/soy-freelance-puedo-facturar-sin-ser-autonomo\\\/\"},\"author\":{\"name\":\"Nerea Moreno\",\"@id\":\"https:\\\/\\\/tugesto.com\\\/blog\\\/#\\\/schema\\\/person\\\/1d79d9711eecb4874b4576dfbf50e267\"},\"headline\":\"C\u00f3mo facturar como freelance sin ser aut\u00f3nomo\",\"datePublished\":\"2015-06-02T14:29:43+00:00\",\"dateModified\":\"2024-05-22T07:08:56+00:00\",\"mainEntityOfPage\":{\"@id\":\"https:\\\/\\\/tugesto.com\\\/blog\\\/soy-freelance-puedo-facturar-sin-ser-autonomo\\\/\"},\"wordCount\":763,\"commentCount\":4,\"publisher\":{\"@id\":\"https:\\\/\\\/tugesto.com\\\/blog\\\/#organization\"},\"image\":{\"@id\":\"https:\\\/\\\/tugesto.com\\\/blog\\\/soy-freelance-puedo-facturar-sin-ser-autonomo\\\/#primaryimage\"},\"thumbnailUrl\":\"https:\\\/\\\/tugesto.com\\\/blog\\\/wp-content\\\/uploads\\\/2015\\\/06\\\/facturar-sinalta-autonomo.jpg\",\"keywords\":[\"aut\u00f3nomos\",\"pymes\"],\"articleSection\":[\"Contabilidad y Fiscal\"],\"inLanguage\":\"es\",\"potentialAction\":[{\"@type\":\"CommentAction\",\"name\":\"Comment\",\"target\":[\"https:\\\/\\\/tugesto.com\\\/blog\\\/soy-freelance-puedo-facturar-sin-ser-autonomo\\\/#respond\"]}]},{\"@type\":\"WebPage\",\"@id\":\"https:\\\/\\\/tugesto.com\\\/blog\\\/soy-freelance-puedo-facturar-sin-ser-autonomo\\\/\",\"url\":\"https:\\\/\\\/tugesto.com\\\/blog\\\/soy-freelance-puedo-facturar-sin-ser-autonomo\\\/\",\"name\":\"C\u00f3mo facturar como freelance sin ser aut\u00f3nomo | tugesto\",\"isPartOf\":{\"@id\":\"https:\\\/\\\/tugesto.com\\\/blog\\\/#website\"},\"primaryImageOfPage\":{\"@id\":\"https:\\\/\\\/tugesto.com\\\/blog\\\/soy-freelance-puedo-facturar-sin-ser-autonomo\\\/#primaryimage\"},\"image\":{\"@id\":\"https:\\\/\\\/tugesto.com\\\/blog\\\/soy-freelance-puedo-facturar-sin-ser-autonomo\\\/#primaryimage\"},\"thumbnailUrl\":\"https:\\\/\\\/tugesto.com\\\/blog\\\/wp-content\\\/uploads\\\/2015\\\/06\\\/facturar-sinalta-autonomo.jpg\",\"datePublished\":\"2015-06-02T14:29:43+00:00\",\"dateModified\":\"2024-05-22T07:08:56+00:00\",\"description\":\"Resolvemos la duda eterna de: \u00bfPuedo facturar como freelance sin ser aut\u00f3nomo? \u00bfC\u00f3mo me afecta el IVA en estos casos?\",\"breadcrumb\":{\"@id\":\"https:\\\/\\\/tugesto.com\\\/blog\\\/soy-freelance-puedo-facturar-sin-ser-autonomo\\\/#breadcrumb\"},\"inLanguage\":\"es\",\"potentialAction\":[{\"@type\":\"ReadAction\",\"target\":[\"https:\\\/\\\/tugesto.com\\\/blog\\\/soy-freelance-puedo-facturar-sin-ser-autonomo\\\/\"]}]},{\"@type\":\"ImageObject\",\"inLanguage\":\"es\",\"@id\":\"https:\\\/\\\/tugesto.com\\\/blog\\\/soy-freelance-puedo-facturar-sin-ser-autonomo\\\/#primaryimage\",\"url\":\"https:\\\/\\\/tugesto.com\\\/blog\\\/wp-content\\\/uploads\\\/2015\\\/06\\\/facturar-sinalta-autonomo.jpg\",\"contentUrl\":\"https:\\\/\\\/tugesto.com\\\/blog\\\/wp-content\\\/uploads\\\/2015\\\/06\\\/facturar-sinalta-autonomo.jpg\",\"width\":700,\"height\":329,\"caption\":\"Si te preguntas si es posible facturar como freelance sin necesidad de ser aut\u00f3nomo, te contamos en este post c\u00f3mo hacerlo y sus peculiaridades\"},{\"@type\":\"BreadcrumbList\",\"@id\":\"https:\\\/\\\/tugesto.com\\\/blog\\\/soy-freelance-puedo-facturar-sin-ser-autonomo\\\/#breadcrumb\",\"itemListElement\":[{\"@type\":\"ListItem\",\"position\":1,\"name\":\"Home\",\"item\":\"https:\\\/\\\/tugesto.com\\\/blog\\\/\"},{\"@type\":\"ListItem\",\"position\":2,\"name\":\"Contabilidad y Fiscal\",\"item\":\"https:\\\/\\\/tugesto.com\\\/blog\\\/category\\\/contabilidad-y-fiscal\\\/\"},{\"@type\":\"ListItem\",\"position\":3,\"name\":\"C\u00f3mo facturar como freelance sin ser aut\u00f3nomo\"}]},{\"@type\":\"WebSite\",\"@id\":\"https:\\\/\\\/tugesto.com\\\/blog\\\/#website\",\"url\":\"https:\\\/\\\/tugesto.com\\\/blog\\\/\",\"name\":\"Blog tugesto\",\"description\":\"\ud83d\udcda Blog especializado para aut\u00f3nomos y pymes. Encuentra semanalmente nuevos posts, recursos y gu\u00edas. La ayuda que necesitas para tu negocio.\",\"publisher\":{\"@id\":\"https:\\\/\\\/tugesto.com\\\/blog\\\/#organization\"},\"potentialAction\":[{\"@type\":\"SearchAction\",\"target\":{\"@type\":\"EntryPoint\",\"urlTemplate\":\"https:\\\/\\\/tugesto.com\\\/blog\\\/?s={search_term_string}\"},\"query-input\":{\"@type\":\"PropertyValueSpecification\",\"valueRequired\":true,\"valueName\":\"search_term_string\"}}],\"inLanguage\":\"es\"},{\"@type\":\"Organization\",\"@id\":\"https:\\\/\\\/tugesto.com\\\/blog\\\/#organization\",\"name\":\"tugesto\",\"url\":\"https:\\\/\\\/tugesto.com\\\/blog\\\/\",\"logo\":{\"@type\":\"ImageObject\",\"inLanguage\":\"es\",\"@id\":\"https:\\\/\\\/tugesto.com\\\/blog\\\/#\\\/schema\\\/logo\\\/image\\\/\",\"url\":\"https:\\\/\\\/tugesto.com\\\/blog\\\/wp-content\\\/uploads\\\/2019\\\/06\\\/logo_tugesto.png\",\"contentUrl\":\"https:\\\/\\\/tugesto.com\\\/blog\\\/wp-content\\\/uploads\\\/2019\\\/06\\\/logo_tugesto.png\",\"width\":190,\"height\":63,\"caption\":\"tugesto\"},\"image\":{\"@id\":\"https:\\\/\\\/tugesto.com\\\/blog\\\/#\\\/schema\\\/logo\\\/image\\\/\"},\"sameAs\":[\"https:\\\/\\\/www.facebook.com\\\/tugesto\\\/\",\"https:\\\/\\\/www.instagram.com\\\/tugesto_online\\\/\"]},{\"@type\":\"Person\",\"@id\":\"https:\\\/\\\/tugesto.com\\\/blog\\\/#\\\/schema\\\/person\\\/1d79d9711eecb4874b4576dfbf50e267\",\"name\":\"Nerea Moreno\",\"image\":{\"@type\":\"ImageObject\",\"inLanguage\":\"es\",\"@id\":\"https:\\\/\\\/tugesto.com\\\/blog\\\/wp-content\\\/uploads\\\/2024\\\/05\\\/nerea-moreno.jpg3e1f42bcf0c0b35a1cf8beed6b2fa6fd\",\"url\":\"https:\\\/\\\/tugesto.com\\\/blog\\\/wp-content\\\/uploads\\\/2024\\\/05\\\/nerea-moreno.jpg\",\"contentUrl\":\"https:\\\/\\\/tugesto.com\\\/blog\\\/wp-content\\\/uploads\\\/2024\\\/05\\\/nerea-moreno.jpg\",\"caption\":\"Nerea Moreno\"},\"description\":\"\u00c1rea laboral, graduada en Relaciones Laborales y RRHH\"}]}<\/script>\n<!-- \/ Yoast SEO plugin. -->","yoast_head_json":{"title":"C\u00f3mo facturar como freelance sin ser aut\u00f3nomo | tugesto","description":"Resolvemos la duda eterna de: \u00bfPuedo facturar como freelance sin ser aut\u00f3nomo? \u00bfC\u00f3mo me afecta el IVA en estos casos?","robots":{"index":"index","follow":"follow","max-snippet":"max-snippet:-1","max-image-preview":"max-image-preview:large","max-video-preview":"max-video-preview:-1"},"canonical":"https:\/\/tugesto.com\/blog\/soy-freelance-puedo-facturar-sin-ser-autonomo\/","og_locale":"es_ES","og_type":"article","og_title":"C\u00f3mo facturar como freelance sin ser aut\u00f3nomo | tugesto","og_description":"Resolvemos la duda eterna de: \u00bfPuedo facturar como freelance sin ser aut\u00f3nomo? \u00bfC\u00f3mo me afecta el IVA en estos casos?","og_url":"https:\/\/tugesto.com\/blog\/soy-freelance-puedo-facturar-sin-ser-autonomo\/","og_site_name":"Blog: \u00a1Aprende a emprender! | tugesto","article_publisher":"https:\/\/www.facebook.com\/tugesto\/","article_published_time":"2015-06-02T14:29:43+00:00","article_modified_time":"2024-05-22T07:08:56+00:00","og_image":[{"width":700,"height":329,"url":"https:\/\/tugesto.com\/blog\/wp-content\/uploads\/2015\/06\/facturar-sinalta-autonomo.jpg","type":"image\/jpeg"}],"author":"Nerea Moreno","twitter_card":"summary_large_image","twitter_misc":{"Escrito por":"Nerea Moreno","Tiempo de lectura":"4 minutos"},"schema":{"@context":"https:\/\/schema.org","@graph":[{"@type":"Article","@id":"https:\/\/tugesto.com\/blog\/soy-freelance-puedo-facturar-sin-ser-autonomo\/#article","isPartOf":{"@id":"https:\/\/tugesto.com\/blog\/soy-freelance-puedo-facturar-sin-ser-autonomo\/"},"author":{"name":"Nerea Moreno","@id":"https:\/\/tugesto.com\/blog\/#\/schema\/person\/1d79d9711eecb4874b4576dfbf50e267"},"headline":"C\u00f3mo facturar como freelance sin ser aut\u00f3nomo","datePublished":"2015-06-02T14:29:43+00:00","dateModified":"2024-05-22T07:08:56+00:00","mainEntityOfPage":{"@id":"https:\/\/tugesto.com\/blog\/soy-freelance-puedo-facturar-sin-ser-autonomo\/"},"wordCount":763,"commentCount":4,"publisher":{"@id":"https:\/\/tugesto.com\/blog\/#organization"},"image":{"@id":"https:\/\/tugesto.com\/blog\/soy-freelance-puedo-facturar-sin-ser-autonomo\/#primaryimage"},"thumbnailUrl":"https:\/\/tugesto.com\/blog\/wp-content\/uploads\/2015\/06\/facturar-sinalta-autonomo.jpg","keywords":["aut\u00f3nomos","pymes"],"articleSection":["Contabilidad y Fiscal"],"inLanguage":"es","potentialAction":[{"@type":"CommentAction","name":"Comment","target":["https:\/\/tugesto.com\/blog\/soy-freelance-puedo-facturar-sin-ser-autonomo\/#respond"]}]},{"@type":"WebPage","@id":"https:\/\/tugesto.com\/blog\/soy-freelance-puedo-facturar-sin-ser-autonomo\/","url":"https:\/\/tugesto.com\/blog\/soy-freelance-puedo-facturar-sin-ser-autonomo\/","name":"C\u00f3mo facturar como freelance sin ser aut\u00f3nomo | tugesto","isPartOf":{"@id":"https:\/\/tugesto.com\/blog\/#website"},"primaryImageOfPage":{"@id":"https:\/\/tugesto.com\/blog\/soy-freelance-puedo-facturar-sin-ser-autonomo\/#primaryimage"},"image":{"@id":"https:\/\/tugesto.com\/blog\/soy-freelance-puedo-facturar-sin-ser-autonomo\/#primaryimage"},"thumbnailUrl":"https:\/\/tugesto.com\/blog\/wp-content\/uploads\/2015\/06\/facturar-sinalta-autonomo.jpg","datePublished":"2015-06-02T14:29:43+00:00","dateModified":"2024-05-22T07:08:56+00:00","description":"Resolvemos la duda eterna de: \u00bfPuedo facturar como freelance sin ser aut\u00f3nomo? \u00bfC\u00f3mo me afecta el IVA en estos casos?","breadcrumb":{"@id":"https:\/\/tugesto.com\/blog\/soy-freelance-puedo-facturar-sin-ser-autonomo\/#breadcrumb"},"inLanguage":"es","potentialAction":[{"@type":"ReadAction","target":["https:\/\/tugesto.com\/blog\/soy-freelance-puedo-facturar-sin-ser-autonomo\/"]}]},{"@type":"ImageObject","inLanguage":"es","@id":"https:\/\/tugesto.com\/blog\/soy-freelance-puedo-facturar-sin-ser-autonomo\/#primaryimage","url":"https:\/\/tugesto.com\/blog\/wp-content\/uploads\/2015\/06\/facturar-sinalta-autonomo.jpg","contentUrl":"https:\/\/tugesto.com\/blog\/wp-content\/uploads\/2015\/06\/facturar-sinalta-autonomo.jpg","width":700,"height":329,"caption":"Si te preguntas si es posible facturar como freelance sin necesidad de ser aut\u00f3nomo, te contamos en este post c\u00f3mo hacerlo y sus peculiaridades"},{"@type":"BreadcrumbList","@id":"https:\/\/tugesto.com\/blog\/soy-freelance-puedo-facturar-sin-ser-autonomo\/#breadcrumb","itemListElement":[{"@type":"ListItem","position":1,"name":"Home","item":"https:\/\/tugesto.com\/blog\/"},{"@type":"ListItem","position":2,"name":"Contabilidad y Fiscal","item":"https:\/\/tugesto.com\/blog\/category\/contabilidad-y-fiscal\/"},{"@type":"ListItem","position":3,"name":"C\u00f3mo facturar como freelance sin ser aut\u00f3nomo"}]},{"@type":"WebSite","@id":"https:\/\/tugesto.com\/blog\/#website","url":"https:\/\/tugesto.com\/blog\/","name":"Blog tugesto","description":"\ud83d\udcda Blog especializado para aut\u00f3nomos y pymes. Encuentra semanalmente nuevos posts, recursos y gu\u00edas. La ayuda que necesitas para tu negocio.","publisher":{"@id":"https:\/\/tugesto.com\/blog\/#organization"},"potentialAction":[{"@type":"SearchAction","target":{"@type":"EntryPoint","urlTemplate":"https:\/\/tugesto.com\/blog\/?s={search_term_string}"},"query-input":{"@type":"PropertyValueSpecification","valueRequired":true,"valueName":"search_term_string"}}],"inLanguage":"es"},{"@type":"Organization","@id":"https:\/\/tugesto.com\/blog\/#organization","name":"tugesto","url":"https:\/\/tugesto.com\/blog\/","logo":{"@type":"ImageObject","inLanguage":"es","@id":"https:\/\/tugesto.com\/blog\/#\/schema\/logo\/image\/","url":"https:\/\/tugesto.com\/blog\/wp-content\/uploads\/2019\/06\/logo_tugesto.png","contentUrl":"https:\/\/tugesto.com\/blog\/wp-content\/uploads\/2019\/06\/logo_tugesto.png","width":190,"height":63,"caption":"tugesto"},"image":{"@id":"https:\/\/tugesto.com\/blog\/#\/schema\/logo\/image\/"},"sameAs":["https:\/\/www.facebook.com\/tugesto\/","https:\/\/www.instagram.com\/tugesto_online\/"]},{"@type":"Person","@id":"https:\/\/tugesto.com\/blog\/#\/schema\/person\/1d79d9711eecb4874b4576dfbf50e267","name":"Nerea Moreno","image":{"@type":"ImageObject","inLanguage":"es","@id":"https:\/\/tugesto.com\/blog\/wp-content\/uploads\/2024\/05\/nerea-moreno.jpg3e1f42bcf0c0b35a1cf8beed6b2fa6fd","url":"https:\/\/tugesto.com\/blog\/wp-content\/uploads\/2024\/05\/nerea-moreno.jpg","contentUrl":"https:\/\/tugesto.com\/blog\/wp-content\/uploads\/2024\/05\/nerea-moreno.jpg","caption":"Nerea Moreno"},"description":"\u00c1rea laboral, graduada en Relaciones Laborales y RRHH"}]}},"authors":[{"term_id":1497,"user_id":11,"is_guest":0,"slug":"nerea-moreno","display_name":"Nerea Moreno","avatar_url":{"url":"https:\/\/tugesto.com\/blog\/wp-content\/uploads\/2024\/05\/nerea-moreno.jpg","url2x":"https:\/\/tugesto.com\/blog\/wp-content\/uploads\/2024\/05\/nerea-moreno.jpg"},"0":null,"1":"","2":"","3":"","4":"","5":"","6":"","7":"","8":""}],"_links":{"self":[{"href":"https:\/\/tugesto.com\/blog\/wp-json\/wp\/v2\/posts\/734","targetHints":{"allow":["GET"]}}],"collection":[{"href":"https:\/\/tugesto.com\/blog\/wp-json\/wp\/v2\/posts"}],"about":[{"href":"https:\/\/tugesto.com\/blog\/wp-json\/wp\/v2\/types\/post"}],"author":[{"embeddable":true,"href":"https:\/\/tugesto.com\/blog\/wp-json\/wp\/v2\/users\/11"}],"replies":[{"embeddable":true,"href":"https:\/\/tugesto.com\/blog\/wp-json\/wp\/v2\/comments?post=734"}],"version-history":[{"count":11,"href":"https:\/\/tugesto.com\/blog\/wp-json\/wp\/v2\/posts\/734\/revisions"}],"predecessor-version":[{"id":35941,"href":"https:\/\/tugesto.com\/blog\/wp-json\/wp\/v2\/posts\/734\/revisions\/35941"}],"wp:featuredmedia":[{"embeddable":true,"href":"https:\/\/tugesto.com\/blog\/wp-json\/wp\/v2\/media\/735"}],"wp:attachment":[{"href":"https:\/\/tugesto.com\/blog\/wp-json\/wp\/v2\/media?parent=734"}],"wp:term":[{"taxonomy":"category","embeddable":true,"href":"https:\/\/tugesto.com\/blog\/wp-json\/wp\/v2\/categories?post=734"},{"taxonomy":"post_tag","embeddable":true,"href":"https:\/\/tugesto.com\/blog\/wp-json\/wp\/v2\/tags?post=734"},{"taxonomy":"author","embeddable":true,"href":"https:\/\/tugesto.com\/blog\/wp-json\/wp\/v2\/ppma_author?post=734"}],"curies":[{"name":"wp","href":"https:\/\/api.w.org\/{rel}","templated":true}]}}