{"id":6740,"date":"2021-01-14T10:00:00","date_gmt":"2021-01-14T09:00:00","guid":{"rendered":"https:\/\/tugesto.com\/blog\/?p=6740"},"modified":"2024-05-17T09:32:45","modified_gmt":"2024-05-17T07:32:45","slug":"sii-gestion-del-iva","status":"publish","type":"post","link":"https:\/\/tugesto.com\/blog\/sii-gestion-del-iva\/","title":{"rendered":"Suministro Inmediato de Informaci\u00f3n de IVA (SII): todo lo que debes saber"},"content":{"rendered":"\t\t<div data-elementor-type=\"wp-post\" data-elementor-id=\"6740\" class=\"elementor elementor-6740\" data-elementor-post-type=\"post\">\n\t\t\t\t\t\t<section class=\"elementor-section elementor-top-section elementor-element elementor-element-1dd7d401 elementor-section-boxed elementor-section-height-default elementor-section-height-default\" data-id=\"1dd7d401\" data-element_type=\"section\" data-e-type=\"section\">\n\t\t\t\t\t\t<div class=\"elementor-container elementor-column-gap-default\">\n\t\t\t\t\t<div class=\"elementor-column elementor-col-100 elementor-top-column elementor-element elementor-element-77d2f061\" data-id=\"77d2f061\" data-element_type=\"column\" data-e-type=\"column\">\n\t\t\t<div class=\"elementor-widget-wrap elementor-element-populated\">\n\t\t\t\t\t\t<div class=\"elementor-element elementor-element-64605ff9 elementor-widget elementor-widget-text-editor\" data-id=\"64605ff9\" data-element_type=\"widget\" data-e-type=\"widget\" data-widget_type=\"text-editor.default\">\n\t\t\t\t<div class=\"elementor-widget-container\">\n\t\t\t\t\t\t\t\t\t\n<p><span style=\"color: #4c4f54;\">\u00bfHas o\u00eddo hablar del <strong>sistema de Suministro Inmediato de Informaci\u00f3n de IVA<\/strong>? \u00bfSabes si est\u00e1s obligado a utilizar el SII y qu\u00e9 datos debes incluir? En este <em>post <\/em>te contamos <strong>todo lo que debes saber sobre este m\u00e9todo.<\/strong><\/span><\/p>\n<p><span style=\"color: #4c4f54;\"><\/span><\/p>\n<h2 class=\"wp-block-heading\"><span style=\"color: #4c4f54;\">\u00bfQu\u00e9 es el SII o Suministro Inmediato de Informaci\u00f3n de IVA?<\/span><\/h2>\n<p><span style=\"color: #4c4f54;\"><\/span><\/p>\n<p><span style=\"color: #4c4f54;\">El SII o Suministro Inmediato de Informaci\u00f3n de IVA es un nuevo <strong>sistema de gesti\u00f3n del Impuesto sobre el valor a\u00f1adido (IVA) <\/strong>para las empresas. Este m\u00e9todo entr\u00f3 en vigor el 1 de julio de 2017 y permite tramitar la contabilidad de las organizaciones a trav\u00e9s de los Libros Registro del impuesto IVA mediante la sede electr\u00f3nica de la <a style=\"color: #4c4f54;\" href=\"https:\/\/sede.agenciatributaria.gob.es\/Sede\/inicio.html\" target=\"_blank\" rel=\"noopener\">Agencia Tributaria<\/a>.<\/span><\/p>\n<p><span style=\"color: #4c4f54;\"><\/span><\/p>\n<p><span style=\"color: #4c4f54;\">El objetivo principal del SII es <strong>luchar contra el fraude fiscal<\/strong> y proporcionar una nueva herramienta de ayuda al contribuyente, para mejorar la transparencia y la comunicaci\u00f3n instant\u00e1nea de las empresas.<\/span><\/p>\n<p><span style=\"color: #4c4f54;\"><\/span><\/p>\n<p><span style=\"color: #4c4f54;\">Tanto los que est\u00e1n obligados a acogerse al SII como los que lo hacen voluntariamente deben enviar, detalladamente, los registros de facturaci\u00f3n en un <strong>plazo de 4 d\u00edas<\/strong><strong> desde que se emite la factura<\/strong>, por v\u00eda electr\u00f3nica, excluyendo los s\u00e1bados, domingos y festivos nacionales.<\/span><\/p>\n<p><span style=\"color: #4c4f54;\"><\/span><\/p>\n<p><span style=\"color: #4c4f54;\">Estos son los <strong>libros registro <\/strong><strong>que se deben presentar<\/strong> en este nuevo sistema de Suministro Inmediato de Informaci\u00f3n de IVA:<\/span><\/p>\n<p><span style=\"color: #4c4f54;\"><\/span><\/p>\n<ul class=\"wp-block-list\">\n<li><span style=\"color: #4c4f54;\">Libro registro de <strong>facturas emitidas<\/strong>.<\/span><\/li>\n\n<li><span style=\"color: #4c4f54;\">Libro registro de <strong>facturas recibidas<\/strong>.<\/span><\/li>\n\n<li><span style=\"color: #4c4f54;\">Libro registro de <strong>bienes de inversi\u00f3n<\/strong>.<\/span><\/li>\n\n<li><span style=\"color: #4c4f54;\">Libro registro de <strong>otras operaciones intracomunitarias<\/strong>.<\/span><\/li>\n<\/ul>\n<p><span style=\"color: #4c4f54;\"><\/span><\/p>\n<p><span style=\"color: #4c4f54;\">Por ello, para <strong>evitar errores y agilizar los tr\u00e1mites y la entrega del registro contable de documentos<\/strong>, lo m\u00e1s recomendable es que debes este proceso en manos de profesionales, como<\/span> <a href=\"https:\/\/tugesto.com\/\" target=\"_blank\" rel=\"noopener\">tugesto<\/a>.<\/p>\n\n<figure class=\"wp-block-image size-large\"><a href=\"https:\/\/tugesto.com\/contacto\/?utm_source=blog&amp;utm_medium=post&amp;utm_campaign=SII\" target=\"_blank\" rel=\"noopener\"><img fetchpriority=\"high\" decoding=\"async\" width=\"1024\" height=\"741\" class=\"wp-image-17537\" title=\"Configuraci\u00f3n SII tugesto\" src=\"https:\/\/tugesto.com\/blog\/wp-content\/uploads\/2021\/01\/suministro-inmediato-informacion-tugesto-1024x741.jpg\" alt=\"Suministro Inmediato de Informaci\u00f3n del IVA\" srcset=\"https:\/\/tugesto.com\/blog\/wp-content\/uploads\/2021\/01\/suministro-inmediato-informacion-tugesto-1024x741.jpg 1024w, https:\/\/tugesto.com\/blog\/wp-content\/uploads\/2021\/01\/suministro-inmediato-informacion-tugesto-300x217.jpg 300w, https:\/\/tugesto.com\/blog\/wp-content\/uploads\/2021\/01\/suministro-inmediato-informacion-tugesto-768x556.jpg 768w, https:\/\/tugesto.com\/blog\/wp-content\/uploads\/2021\/01\/suministro-inmediato-informacion-tugesto.jpg 1080w\" sizes=\"(max-width: 1024px) 100vw, 1024px\" \/><\/a><\/figure>\n\n<h3 class=\"wp-block-heading\"><span style=\"color: #4c4f54;\">Funcionamiento del SII<\/span><\/h3>\n<p><span style=\"color: #4c4f54;\"><\/span><\/p>\n<p><span style=\"color: #4c4f54;\">Las empresas env\u00edan la <strong>informaci\u00f3n a trav\u00e9s de la sede electr\u00f3nica<\/strong> de la Agencia Tributaria, mediante un env\u00edo de archivos XML; en este caso, hay que remitir los campos registros de facturaci\u00f3n y enviarlos en el plazo reglamentario.<\/span><\/p>\n<p><span style=\"color: #4c4f54;\"><\/span><\/p>\n<p><span style=\"color: #4c4f54;\">Es importante se\u00f1alar que lo que se env\u00edan son los <strong>datos que forman una factura<\/strong>, no es necesario enviar la factura completa o los libros registro.<\/span><\/p>\n<p><span style=\"color: #4c4f54;\"><\/span><\/p>\n<h3 class=\"wp-block-heading\"><span style=\"color: #4c4f54;\">Ventajas<\/span><\/h3>\n<p><span style=\"color: #4c4f54;\"><\/span><\/p>\n<p><span style=\"color: #4c4f54;\">A continuaci\u00f3n <strong>te mostramos las principales ventajas para el usuario<\/strong> de utilizar el Suministro Inmediato de Informaci\u00f3n del IVA:<\/span><\/p>\n\n<div style=\"width: 100%;\">\n<div style=\"position: relative; padding-bottom: 56.25%; padding-top: 0; height: 0;\"><iframe style=\"position: absolute; top: 0; left: 0; width: 100%; height: 100%;\" src=\"https:\/\/view.genial.ly\/5fe1bd2ca666f40d7dc66ddf\" width=\"1200\" height=\"675\" frameborder=\"0\" scrolling=\"yes\" allowfullscreen=\"allowfullscreen\"><\/iframe><\/div>\n<\/div>\n\n<p>\u00a0<\/p>\n\n<ul class=\"wp-block-list\">\n<li><span style=\"color: #4c4f54;\"><strong>Menos obligaciones formales<\/strong>: no es necesario elaborar los libros registro de IVA ni presentar los modelos 340, 347 y 390.<\/span><\/li>\n\n<li><span style=\"color: #4c4f54;\"><strong>Reducci\u00f3n de errores y mayor seguridad<\/strong>: los datos contrastados se agrupan para la asistencia de declaraciones.<\/span><\/li>\n\n<li><span style=\"color: #4c4f54;\"><strong>M\u00e1s tiempo para las autoliquidaciones peri\u00f3dicas<\/strong>: se ampl\u00eda 10 d\u00edas el plazo de presentaci\u00f3n.<\/span><\/li>\n\n<li><span style=\"color: #4c4f54;\"><strong>Disminuci\u00f3n de los plazos de comprobaci\u00f3n<\/strong>: al tener los datos de forma instant\u00e1nea, el tiempo de comprobaci\u00f3n, y devoluci\u00f3n si se diera el caso, es menor.<\/span><\/li>\n\n<li><span style=\"color: #4c4f54;\"><strong>Menos solicitud de informaci\u00f3n relacionada con la facturaci\u00f3n<\/strong>.<\/span><\/li>\n<\/ul>\n<p><span style=\"color: #4c4f54;\"><\/span><\/p>\n<h2 class=\"wp-block-heading\"><span style=\"color: #4c4f54;\">\u00bfQui\u00e9nes est\u00e1n obligados a acogerse al SII?<\/span><\/h2>\n<p><span style=\"color: #4c4f54;\"><\/span><\/p>\n<p><span style=\"color: #4c4f54;\">Estos son los <strong>contribuyentes que est\u00e1n obligados<\/strong> a acogerse al SII:<\/span><\/p>\n<p><span style=\"color: #4c4f54;\"><\/span><\/p>\n<ul class=\"wp-block-list\">\n<li><span style=\"color: #4c4f54;\"><strong>Grandes empresas:<\/strong> cuyo nivel de facturaci\u00f3n del a\u00f1o anterior sea superior a 6 millones de euros.<\/span><\/li>\n\n<li><span style=\"color: #4c4f54;\"><strong>Grupos de IVA<\/strong>: sujetos acogidos al r\u00e9gimen especial del grupo de entidades.<\/span><\/li>\n\n<li><span style=\"color: #4c4f54;\"><strong>Sujetos inscritos en el REDEME<\/strong>: trabajadores por cuenta propia o empresas inscritas en el Registro de Devoluci\u00f3n Mensual de IVA.<\/span><\/li>\n<\/ul>\n<p><span style=\"color: #4c4f54;\"><\/span><\/p>\n<p><span style=\"color: #4c4f54;\">Por su parte, <strong>de forma <\/strong><strong>voluntaria<\/strong> pueden acogerse al Suministro Inmediato de Informaci\u00f3n de IVA empresarios o aut\u00f3nomos, sujetos pasivos, que lo deseen; para ello, antes deben acogerse al m\u00e9todo de autoliquidaci\u00f3n mensual, inscribi\u00e9ndose en el<\/span> <a href=\"https:\/\/sede.agenciatributaria.gob.es\/Sede\/inicio.html\" target=\"_blank\" rel=\"noopener\">REDEME<\/a>, <span style=\"color: #4c4f54;\">y deben especificar su intenci\u00f3n cuando presenten su declaraci\u00f3n censal.<\/span><\/p>\n<p><span style=\"color: #4c4f54;\"><\/span><\/p>\n<p><span style=\"color: #4c4f54;\">Adem\u00e1s, deben <strong>comunicarlo durante el mes de noviembre<\/strong> anterior al a\u00f1o en el que quieren iniciar la tributaci\u00f3n mediante el SII. Una vez asumido este r\u00e9gimen de tributaci\u00f3n, deben mantenerlo durante los 2 a\u00f1os siguientes, salvo que comuniquen su intenci\u00f3n de darse de baja del mismo.<\/span><\/p>\n<p><span style=\"color: #4c4f54;\"><\/span><\/p>\n<h2 class=\"wp-block-heading\"><span style=\"color: #4c4f54;\">\u00bfQu\u00e9 informaci\u00f3n incluir en el SII?<\/span><\/h2>\n<p><span style=\"color: #4c4f54;\"><\/span><\/p>\n<p><span style=\"color: #4c4f54;\">La informaci\u00f3n que debes incluir en el SII debe enviarse v\u00eda electr\u00f3nica, a trav\u00e9s de la p\u00e1gina web de la Agencia Tributaria; la<strong> estructura del env\u00edo <\/strong>debe tener una cabecera com\u00fan, con los datos de identificaci\u00f3n del titular de cada libro de registro y la informaci\u00f3n de cada ejercicio y periodo de registro de las operaciones. A continuaci\u00f3n te mostramos <strong>qu\u00e9 informaci\u00f3n incluir en el SII:<\/strong><\/span><\/p>\n\n<div style=\"width: 100%;\">\n<div style=\"position: relative; padding-bottom: 200.00%; padding-top: 0; height: 0;\"><iframe style=\"position: absolute; top: 0; left: 0; width: 100%; height: 100%;\" src=\"https:\/\/view.genial.ly\/5fe1a535a666f40d7dc66a5f\" width=\"800\" height=\"1600\" frameborder=\"0\" scrolling=\"yes\" allowfullscreen=\"allowfullscreen\"><\/iframe><\/div>\n<\/div>\n\n<p>\u00a0<\/p>\n\n<h3 class=\"wp-block-heading\"><span style=\"color: #4c4f54;\">Libros registro de facturas emitidas<\/span><\/h3>\n<p><span style=\"color: #4c4f54;\"><\/span><\/p>\n<p><span style=\"color: #4c4f54;\">Esta es la informaci\u00f3n que debes incluir en el SII relativa a los libros registro de facturas emitidas:<\/span><\/p>\n<p><span style=\"color: #4c4f54;\"><\/span><\/p>\n<ul class=\"wp-block-list\">\n<li><span style=\"color: #4c4f54;\"><strong>Tipo de factura<\/strong>: debes indicar si se trata de una factura completa o simplificada, facturas expedidas por terceros, as\u00ed como recibos especiales de agricultura, ganader\u00eda y pesca, entre otros. El env\u00edo es en un plazo de cuatro d\u00edas naturales desde que la factura se expide.<\/span><\/li>\n\n<li><span style=\"color: #4c4f54;\"><strong>Identificar si se trata de una rectificaci\u00f3n registral<\/strong>: de ser as\u00ed, debes indicar e incluir la referencia a dicha facturas y las especificaciones modificadas.<\/span><\/li>\n\n<li><span style=\"color: #4c4f54;\"><strong>Descripci\u00f3n de las operaciones<\/strong>.<\/span><\/li>\n\n<li><span style=\"color: #4c4f54;\"><strong>Factura sustitutiva<\/strong>: en este caso, debes incluir la referencia a la factura que se sustituye o las especificaciones que se cambian.<\/span><\/li>\n\n<li><span style=\"color: #4c4f54;\"><strong>Facturaci\u00f3n por destinatario<\/strong>.<\/span><\/li>\n\n<li><span style=\"color: #4c4f54;\"><strong>Inversi\u00f3n del sujeto pasivo<\/strong>.<\/span><\/li>\n\n<li><span style=\"color: #4c4f54;\"><strong>Reg\u00edmenes especiales<\/strong>: pueden ser de equivalencia, agencias de viajes, R\u00e9gimen Especial de Bienes Usados (REBU) o R\u00e9gimen Especial de Criterio de Caja (RECC).<\/span><\/li>\n\n<li><span style=\"color: #4c4f54;\"><strong>Per\u00edodo de liquidaci\u00f3n de las operaciones<\/strong>.<\/span><\/li>\n\n<li><span style=\"color: #4c4f54;\"><strong>Si son operaciones no sujetas o exentas de IVA<\/strong>.<\/span><\/li>\n\n<li><span style=\"color: #4c4f54;\"><strong>Acuerdo AEAT de facturaci\u00f3n<\/strong>.<\/span><\/li>\n\n<li><span style=\"color: #4c4f54;\"><strong>Otra informaci\u00f3n con transcendencia tributaria<\/strong>.<\/span><\/li>\n<\/ul>\n<p><span style=\"color: #4c4f54;\"><\/span><\/p>\n<h3 class=\"wp-block-heading\"><span style=\"color: #4c4f54;\"><strong>Libros registro de facturas recibidas<\/strong><\/span><\/h3>\n<p><span style=\"color: #4c4f54;\"><\/span><\/p>\n<p><span style=\"color: #4c4f54;\">Por su parte, esta es la <strong>informaci\u00f3n que debes incluir<\/strong> relativa a las facturas recibidas y de los documentos de aduanas.<\/span><\/p>\n<p><span style=\"color: #4c4f54;\"><\/span><\/p>\n<ul class=\"wp-block-list\">\n<li><span style=\"color: #4c4f54;\"><strong>N\u00famero de recepci\u00f3n<\/strong>: se sustituye por el n\u00famero y serie de la factura.<\/span><\/li>\n\n<li><span style=\"color: #4c4f54;\"><strong>Identificaci\u00f3n de rectificaci\u00f3n registral<\/strong>.<\/span><\/li>\n\n<li><span style=\"color: #4c4f54;\"><strong>Descripci\u00f3n de la operaci\u00f3n<\/strong>.<\/span><\/li>\n\n<li><span style=\"color: #4c4f54;\"><strong>Reg\u00edmenes especiales<\/strong>: incluidos las agencias de viajes, REBU, RECC y grupos de entidades.<\/span><\/li>\n\n<li><span style=\"color: #4c4f54;\"><strong>Per\u00edodo de liquidaci\u00f3n de las operaciones<\/strong>.<\/span><\/li>\n\n<li><span style=\"color: #4c4f54;\"><strong>Facturaci\u00f3n por el destinatario<\/strong>.<\/span><\/li>\n\n<li><span style=\"color: #4c4f54;\"><strong>Inversi\u00f3n del sujeto pasivo<\/strong>.<\/span><\/li>\n\n<li><span style=\"color: #4c4f54;\"><strong>Adquisici\u00f3n intracomunitaria de bienes<\/strong>.<\/span><\/li>\n\n<li><span style=\"color: #4c4f54;\"><strong>Cuota tributaria deducible del per\u00edodo de liquidaci\u00f3n<\/strong>.<\/span><\/li>\n\n<li><span style=\"color: #4c4f54;\"><strong>Operaciones de importaci\u00f3n<\/strong>: fecha contable y n\u00famero de documento aduanero (DUA).<\/span><\/li>\n<\/ul>\n<p><span style=\"color: #4c4f54;\"><\/span><\/p>\n<p><span style=\"color: #4c4f54;\">Ahora que ya sabes todo acerca del <strong>sistema de Suministro Inmediato de Informaci\u00f3n de IVA o SII <\/strong>si tienes alguna duda te recomendamos que te pongas en manos de profesionales, como los que trabajan en<\/span> <a href=\"https:\/\/tugesto.com\/\" target=\"_blank\" rel=\"noopener\">tugesto<\/a>; <span style=\"color: #4c4f54;\">nosotros<strong> nos encargaremos de simplificar los tr\u00e1mites y ayudarte<\/strong> con la documentaci\u00f3n que debes presentar.<\/span><\/p>\n\n<figure class=\"wp-block-video\"><a href=\"https:\/\/tugesto.com\/alta-empresa\/\" target=\"_blank\" rel=\"noopener\"><video style=\"aspect-ratio: 1440 \/ 1080;\" src=\"https:\/\/tugesto.com\/blog\/wp-content\/uploads\/2020\/01\/BANNER-EMPRESA-enero-2020.mp4\" autoplay=\"autoplay\" loop=\"loop\" muted=\"\" width=\"1440\" height=\"1080\"><\/video><\/a><\/figure>\n\t\t\t\t\t\t\t\t<\/div>\n\t\t\t\t<\/div>\n\t\t\t\t\t<\/div>\n\t\t<\/div>\n\t\t\t\t\t<\/div>\n\t\t<\/section>\n\t\t\t\t<\/div>\n\t\t","protected":false},"excerpt":{"rendered":"<p>\u00bfHas o\u00eddo hablar del sistema de Suministro Inmediato de Informaci\u00f3n de IVA? \u00bfSabes si est\u00e1s obligado a utilizar el SII y qu\u00e9 datos debes incluir? En este post te contamos todo lo que debes saber sobre este m\u00e9todo. \u00bfQu\u00e9 es el SII o Suministro Inmediato de Informaci\u00f3n de IVA? El SII o Suministro Inmediato de [&hellip;]<\/p>\n","protected":false},"author":9,"featured_media":17517,"comment_status":"open","ping_status":"open","sticky":false,"template":"","format":"standard","meta":{"_eb_attr":"","content-type":"","footnotes":""},"categories":[14],"tags":[36,38],"ppma_author":[1495],"class_list":["post-6740","post","type-post","status-publish","format-standard","has-post-thumbnail","hentry","category-contabilidad-y-fiscal","tag-autonomos","tag-pymes"],"yoast_head":"<!-- This site is optimized with the Yoast SEO plugin v27.5 - https:\/\/yoast.com\/product\/yoast-seo-wordpress\/ -->\n<title>Suministro Inmediato de Informaci\u00f3n del IVA | tugesto<\/title>\n<meta name=\"description\" content=\"El 1 de julio de 2017 entr\u00f3 en vigor el sistema de Suministro Inmediato de Informaci\u00f3n de IVA (SII). Te contamos todo lo que debes saber\" \/>\n<meta name=\"robots\" content=\"index, follow, max-snippet:-1, max-image-preview:large, max-video-preview:-1\" \/>\n<link rel=\"canonical\" href=\"https:\/\/tugesto.com\/blog\/sii-gestion-del-iva\/\" \/>\n<meta property=\"og:locale\" content=\"es_ES\" \/>\n<meta property=\"og:type\" content=\"article\" \/>\n<meta property=\"og:title\" content=\"Suministro Inmediato de Informaci\u00f3n del IVA | tugesto\" \/>\n<meta property=\"og:description\" content=\"El 1 de julio de 2017 entr\u00f3 en vigor el sistema de Suministro Inmediato de Informaci\u00f3n de IVA (SII). Te contamos todo lo que debes saber\" \/>\n<meta property=\"og:url\" content=\"https:\/\/tugesto.com\/blog\/sii-gestion-del-iva\/\" \/>\n<meta property=\"og:site_name\" content=\"Blog: \u00a1Aprende a emprender! | tugesto\" \/>\n<meta property=\"article:publisher\" content=\"https:\/\/www.facebook.com\/tugesto\/\" \/>\n<meta property=\"article:published_time\" content=\"2021-01-14T09:00:00+00:00\" \/>\n<meta property=\"article:modified_time\" content=\"2024-05-17T07:32:45+00:00\" \/>\n<meta property=\"og:image\" content=\"https:\/\/tugesto.com\/blog\/wp-content\/uploads\/2021\/01\/calculando-sii.jpg\" \/>\n\t<meta property=\"og:image:width\" content=\"750\" \/>\n\t<meta property=\"og:image:height\" content=\"429\" \/>\n\t<meta property=\"og:image:type\" content=\"image\/jpeg\" \/>\n<meta name=\"author\" content=\"Amparo Carratala\" \/>\n<meta name=\"twitter:card\" content=\"summary_large_image\" \/>\n<meta name=\"twitter:label1\" content=\"Escrito por\" \/>\n\t<meta name=\"twitter:data1\" content=\"Amparo Carratala\" \/>\n\t<meta name=\"twitter:label2\" content=\"Tiempo de lectura\" \/>\n\t<meta name=\"twitter:data2\" content=\"5 minutos\" \/>\n<script type=\"application\/ld+json\" class=\"yoast-schema-graph\">{\"@context\":\"https:\\\/\\\/schema.org\",\"@graph\":[{\"@type\":[\"Article\",\"BlogPosting\"],\"@id\":\"https:\\\/\\\/tugesto.com\\\/blog\\\/sii-gestion-del-iva\\\/#article\",\"isPartOf\":{\"@id\":\"https:\\\/\\\/tugesto.com\\\/blog\\\/sii-gestion-del-iva\\\/\"},\"author\":{\"name\":\"Amparo Carratala\",\"@id\":\"https:\\\/\\\/tugesto.com\\\/blog\\\/#\\\/schema\\\/person\\\/2c70b34a36244511f4e51800f6121f80\"},\"headline\":\"Suministro Inmediato de Informaci\u00f3n de IVA (SII): todo lo que debes saber\",\"datePublished\":\"2021-01-14T09:00:00+00:00\",\"dateModified\":\"2024-05-17T07:32:45+00:00\",\"mainEntityOfPage\":{\"@id\":\"https:\\\/\\\/tugesto.com\\\/blog\\\/sii-gestion-del-iva\\\/\"},\"wordCount\":1097,\"commentCount\":1,\"publisher\":{\"@id\":\"https:\\\/\\\/tugesto.com\\\/blog\\\/#organization\"},\"image\":{\"@id\":\"https:\\\/\\\/tugesto.com\\\/blog\\\/sii-gestion-del-iva\\\/#primaryimage\"},\"thumbnailUrl\":\"https:\\\/\\\/tugesto.com\\\/blog\\\/wp-content\\\/uploads\\\/2021\\\/01\\\/calculando-sii.jpg\",\"keywords\":[\"aut\u00f3nomos\",\"pymes\"],\"articleSection\":[\"Contabilidad y Fiscal\"],\"inLanguage\":\"es\",\"potentialAction\":[{\"@type\":\"CommentAction\",\"name\":\"Comment\",\"target\":[\"https:\\\/\\\/tugesto.com\\\/blog\\\/sii-gestion-del-iva\\\/#respond\"]}]},{\"@type\":[\"WebPage\",\"ItemPage\"],\"@id\":\"https:\\\/\\\/tugesto.com\\\/blog\\\/sii-gestion-del-iva\\\/\",\"url\":\"https:\\\/\\\/tugesto.com\\\/blog\\\/sii-gestion-del-iva\\\/\",\"name\":\"Suministro Inmediato de Informaci\u00f3n del IVA | tugesto\",\"isPartOf\":{\"@id\":\"https:\\\/\\\/tugesto.com\\\/blog\\\/#website\"},\"primaryImageOfPage\":{\"@id\":\"https:\\\/\\\/tugesto.com\\\/blog\\\/sii-gestion-del-iva\\\/#primaryimage\"},\"image\":{\"@id\":\"https:\\\/\\\/tugesto.com\\\/blog\\\/sii-gestion-del-iva\\\/#primaryimage\"},\"thumbnailUrl\":\"https:\\\/\\\/tugesto.com\\\/blog\\\/wp-content\\\/uploads\\\/2021\\\/01\\\/calculando-sii.jpg\",\"datePublished\":\"2021-01-14T09:00:00+00:00\",\"dateModified\":\"2024-05-17T07:32:45+00:00\",\"description\":\"El 1 de julio de 2017 entr\u00f3 en vigor el sistema de Suministro Inmediato de Informaci\u00f3n de IVA (SII). Te contamos todo lo que debes saber\",\"breadcrumb\":{\"@id\":\"https:\\\/\\\/tugesto.com\\\/blog\\\/sii-gestion-del-iva\\\/#breadcrumb\"},\"inLanguage\":\"es\",\"potentialAction\":[{\"@type\":\"ReadAction\",\"target\":[\"https:\\\/\\\/tugesto.com\\\/blog\\\/sii-gestion-del-iva\\\/\"]}]},{\"@type\":\"ImageObject\",\"inLanguage\":\"es\",\"@id\":\"https:\\\/\\\/tugesto.com\\\/blog\\\/sii-gestion-del-iva\\\/#primaryimage\",\"url\":\"https:\\\/\\\/tugesto.com\\\/blog\\\/wp-content\\\/uploads\\\/2021\\\/01\\\/calculando-sii.jpg\",\"contentUrl\":\"https:\\\/\\\/tugesto.com\\\/blog\\\/wp-content\\\/uploads\\\/2021\\\/01\\\/calculando-sii.jpg\",\"width\":750,\"height\":429,\"caption\":\"SII: el Suministro inmediato de informaci\u00f3n del IVA. Te contamos todo en nuestro post.\"},{\"@type\":\"BreadcrumbList\",\"@id\":\"https:\\\/\\\/tugesto.com\\\/blog\\\/sii-gestion-del-iva\\\/#breadcrumb\",\"itemListElement\":[{\"@type\":\"ListItem\",\"position\":1,\"name\":\"Home\",\"item\":\"https:\\\/\\\/tugesto.com\\\/blog\\\/\"},{\"@type\":\"ListItem\",\"position\":2,\"name\":\"Contabilidad y Fiscal\",\"item\":\"https:\\\/\\\/tugesto.com\\\/blog\\\/category\\\/contabilidad-y-fiscal\\\/\"},{\"@type\":\"ListItem\",\"position\":3,\"name\":\"Suministro Inmediato de Informaci\u00f3n de IVA (SII): todo lo que debes saber\"}]},{\"@type\":\"WebSite\",\"@id\":\"https:\\\/\\\/tugesto.com\\\/blog\\\/#website\",\"url\":\"https:\\\/\\\/tugesto.com\\\/blog\\\/\",\"name\":\"Blog tugesto\",\"description\":\"\ud83d\udcda Blog especializado para aut\u00f3nomos y pymes. Encuentra semanalmente nuevos posts, recursos y gu\u00edas. La ayuda que necesitas para tu negocio.\",\"publisher\":{\"@id\":\"https:\\\/\\\/tugesto.com\\\/blog\\\/#organization\"},\"potentialAction\":[{\"@type\":\"SearchAction\",\"target\":{\"@type\":\"EntryPoint\",\"urlTemplate\":\"https:\\\/\\\/tugesto.com\\\/blog\\\/?s={search_term_string}\"},\"query-input\":{\"@type\":\"PropertyValueSpecification\",\"valueRequired\":true,\"valueName\":\"search_term_string\"}}],\"inLanguage\":\"es\"},{\"@type\":\"Organization\",\"@id\":\"https:\\\/\\\/tugesto.com\\\/blog\\\/#organization\",\"name\":\"tugesto\",\"url\":\"https:\\\/\\\/tugesto.com\\\/blog\\\/\",\"logo\":{\"@type\":\"ImageObject\",\"inLanguage\":\"es\",\"@id\":\"https:\\\/\\\/tugesto.com\\\/blog\\\/#\\\/schema\\\/logo\\\/image\\\/\",\"url\":\"https:\\\/\\\/tugesto.com\\\/blog\\\/wp-content\\\/uploads\\\/2019\\\/06\\\/logo_tugesto.png\",\"contentUrl\":\"https:\\\/\\\/tugesto.com\\\/blog\\\/wp-content\\\/uploads\\\/2019\\\/06\\\/logo_tugesto.png\",\"width\":190,\"height\":63,\"caption\":\"tugesto\"},\"image\":{\"@id\":\"https:\\\/\\\/tugesto.com\\\/blog\\\/#\\\/schema\\\/logo\\\/image\\\/\"},\"sameAs\":[\"https:\\\/\\\/www.facebook.com\\\/tugesto\\\/\",\"https:\\\/\\\/www.instagram.com\\\/tugesto_online\\\/\"]},{\"@type\":\"Person\",\"@id\":\"https:\\\/\\\/tugesto.com\\\/blog\\\/#\\\/schema\\\/person\\\/2c70b34a36244511f4e51800f6121f80\",\"name\":\"Amparo Carratala\",\"image\":{\"@type\":\"ImageObject\",\"inLanguage\":\"es\",\"@id\":\"https:\\\/\\\/tugesto.com\\\/blog\\\/wp-content\\\/uploads\\\/2024\\\/05\\\/amparo-carratala.pngb285d77d385f0087818132665d0ade46\",\"url\":\"https:\\\/\\\/tugesto.com\\\/blog\\\/wp-content\\\/uploads\\\/2024\\\/05\\\/amparo-carratala.png\",\"contentUrl\":\"https:\\\/\\\/tugesto.com\\\/blog\\\/wp-content\\\/uploads\\\/2024\\\/05\\\/amparo-carratala.png\",\"caption\":\"Amparo Carratala\"},\"description\":\"Gestora laboral, experta en n\u00f3minas\"}]}<\/script>\n<!-- \/ Yoast SEO plugin. -->","yoast_head_json":{"title":"Suministro Inmediato de Informaci\u00f3n del IVA | tugesto","description":"El 1 de julio de 2017 entr\u00f3 en vigor el sistema de Suministro Inmediato de Informaci\u00f3n de IVA (SII). Te contamos todo lo que debes saber","robots":{"index":"index","follow":"follow","max-snippet":"max-snippet:-1","max-image-preview":"max-image-preview:large","max-video-preview":"max-video-preview:-1"},"canonical":"https:\/\/tugesto.com\/blog\/sii-gestion-del-iva\/","og_locale":"es_ES","og_type":"article","og_title":"Suministro Inmediato de Informaci\u00f3n del IVA | tugesto","og_description":"El 1 de julio de 2017 entr\u00f3 en vigor el sistema de Suministro Inmediato de Informaci\u00f3n de IVA (SII). Te contamos todo lo que debes saber","og_url":"https:\/\/tugesto.com\/blog\/sii-gestion-del-iva\/","og_site_name":"Blog: \u00a1Aprende a emprender! | tugesto","article_publisher":"https:\/\/www.facebook.com\/tugesto\/","article_published_time":"2021-01-14T09:00:00+00:00","article_modified_time":"2024-05-17T07:32:45+00:00","og_image":[{"width":750,"height":429,"url":"https:\/\/tugesto.com\/blog\/wp-content\/uploads\/2021\/01\/calculando-sii.jpg","type":"image\/jpeg"}],"author":"Amparo Carratala","twitter_card":"summary_large_image","twitter_misc":{"Escrito por":"Amparo Carratala","Tiempo de lectura":"5 minutos"},"schema":{"@context":"https:\/\/schema.org","@graph":[{"@type":["Article","BlogPosting"],"@id":"https:\/\/tugesto.com\/blog\/sii-gestion-del-iva\/#article","isPartOf":{"@id":"https:\/\/tugesto.com\/blog\/sii-gestion-del-iva\/"},"author":{"name":"Amparo Carratala","@id":"https:\/\/tugesto.com\/blog\/#\/schema\/person\/2c70b34a36244511f4e51800f6121f80"},"headline":"Suministro Inmediato de Informaci\u00f3n de IVA (SII): todo lo que debes saber","datePublished":"2021-01-14T09:00:00+00:00","dateModified":"2024-05-17T07:32:45+00:00","mainEntityOfPage":{"@id":"https:\/\/tugesto.com\/blog\/sii-gestion-del-iva\/"},"wordCount":1097,"commentCount":1,"publisher":{"@id":"https:\/\/tugesto.com\/blog\/#organization"},"image":{"@id":"https:\/\/tugesto.com\/blog\/sii-gestion-del-iva\/#primaryimage"},"thumbnailUrl":"https:\/\/tugesto.com\/blog\/wp-content\/uploads\/2021\/01\/calculando-sii.jpg","keywords":["aut\u00f3nomos","pymes"],"articleSection":["Contabilidad y Fiscal"],"inLanguage":"es","potentialAction":[{"@type":"CommentAction","name":"Comment","target":["https:\/\/tugesto.com\/blog\/sii-gestion-del-iva\/#respond"]}]},{"@type":["WebPage","ItemPage"],"@id":"https:\/\/tugesto.com\/blog\/sii-gestion-del-iva\/","url":"https:\/\/tugesto.com\/blog\/sii-gestion-del-iva\/","name":"Suministro Inmediato de Informaci\u00f3n del IVA | tugesto","isPartOf":{"@id":"https:\/\/tugesto.com\/blog\/#website"},"primaryImageOfPage":{"@id":"https:\/\/tugesto.com\/blog\/sii-gestion-del-iva\/#primaryimage"},"image":{"@id":"https:\/\/tugesto.com\/blog\/sii-gestion-del-iva\/#primaryimage"},"thumbnailUrl":"https:\/\/tugesto.com\/blog\/wp-content\/uploads\/2021\/01\/calculando-sii.jpg","datePublished":"2021-01-14T09:00:00+00:00","dateModified":"2024-05-17T07:32:45+00:00","description":"El 1 de julio de 2017 entr\u00f3 en vigor el sistema de Suministro Inmediato de Informaci\u00f3n de IVA (SII). Te contamos todo lo que debes saber","breadcrumb":{"@id":"https:\/\/tugesto.com\/blog\/sii-gestion-del-iva\/#breadcrumb"},"inLanguage":"es","potentialAction":[{"@type":"ReadAction","target":["https:\/\/tugesto.com\/blog\/sii-gestion-del-iva\/"]}]},{"@type":"ImageObject","inLanguage":"es","@id":"https:\/\/tugesto.com\/blog\/sii-gestion-del-iva\/#primaryimage","url":"https:\/\/tugesto.com\/blog\/wp-content\/uploads\/2021\/01\/calculando-sii.jpg","contentUrl":"https:\/\/tugesto.com\/blog\/wp-content\/uploads\/2021\/01\/calculando-sii.jpg","width":750,"height":429,"caption":"SII: el Suministro inmediato de informaci\u00f3n del IVA. Te contamos todo en nuestro post."},{"@type":"BreadcrumbList","@id":"https:\/\/tugesto.com\/blog\/sii-gestion-del-iva\/#breadcrumb","itemListElement":[{"@type":"ListItem","position":1,"name":"Home","item":"https:\/\/tugesto.com\/blog\/"},{"@type":"ListItem","position":2,"name":"Contabilidad y Fiscal","item":"https:\/\/tugesto.com\/blog\/category\/contabilidad-y-fiscal\/"},{"@type":"ListItem","position":3,"name":"Suministro Inmediato de Informaci\u00f3n de IVA (SII): todo lo que debes saber"}]},{"@type":"WebSite","@id":"https:\/\/tugesto.com\/blog\/#website","url":"https:\/\/tugesto.com\/blog\/","name":"Blog tugesto","description":"\ud83d\udcda Blog especializado para aut\u00f3nomos y pymes. Encuentra semanalmente nuevos posts, recursos y gu\u00edas. La ayuda que necesitas para tu negocio.","publisher":{"@id":"https:\/\/tugesto.com\/blog\/#organization"},"potentialAction":[{"@type":"SearchAction","target":{"@type":"EntryPoint","urlTemplate":"https:\/\/tugesto.com\/blog\/?s={search_term_string}"},"query-input":{"@type":"PropertyValueSpecification","valueRequired":true,"valueName":"search_term_string"}}],"inLanguage":"es"},{"@type":"Organization","@id":"https:\/\/tugesto.com\/blog\/#organization","name":"tugesto","url":"https:\/\/tugesto.com\/blog\/","logo":{"@type":"ImageObject","inLanguage":"es","@id":"https:\/\/tugesto.com\/blog\/#\/schema\/logo\/image\/","url":"https:\/\/tugesto.com\/blog\/wp-content\/uploads\/2019\/06\/logo_tugesto.png","contentUrl":"https:\/\/tugesto.com\/blog\/wp-content\/uploads\/2019\/06\/logo_tugesto.png","width":190,"height":63,"caption":"tugesto"},"image":{"@id":"https:\/\/tugesto.com\/blog\/#\/schema\/logo\/image\/"},"sameAs":["https:\/\/www.facebook.com\/tugesto\/","https:\/\/www.instagram.com\/tugesto_online\/"]},{"@type":"Person","@id":"https:\/\/tugesto.com\/blog\/#\/schema\/person\/2c70b34a36244511f4e51800f6121f80","name":"Amparo Carratala","image":{"@type":"ImageObject","inLanguage":"es","@id":"https:\/\/tugesto.com\/blog\/wp-content\/uploads\/2024\/05\/amparo-carratala.pngb285d77d385f0087818132665d0ade46","url":"https:\/\/tugesto.com\/blog\/wp-content\/uploads\/2024\/05\/amparo-carratala.png","contentUrl":"https:\/\/tugesto.com\/blog\/wp-content\/uploads\/2024\/05\/amparo-carratala.png","caption":"Amparo Carratala"},"description":"Gestora laboral, experta en n\u00f3minas"}]}},"authors":[{"term_id":1495,"user_id":9,"is_guest":0,"slug":"amparo-carratala","display_name":"Amparo Carratala","avatar_url":{"url":"https:\/\/tugesto.com\/blog\/wp-content\/uploads\/2024\/05\/amparo-carratala.png","url2x":"https:\/\/tugesto.com\/blog\/wp-content\/uploads\/2024\/05\/amparo-carratala.png"},"0":null,"1":"","2":"","3":"","4":"","5":"","6":"","7":"","8":""}],"_links":{"self":[{"href":"https:\/\/tugesto.com\/blog\/wp-json\/wp\/v2\/posts\/6740","targetHints":{"allow":["GET"]}}],"collection":[{"href":"https:\/\/tugesto.com\/blog\/wp-json\/wp\/v2\/posts"}],"about":[{"href":"https:\/\/tugesto.com\/blog\/wp-json\/wp\/v2\/types\/post"}],"author":[{"embeddable":true,"href":"https:\/\/tugesto.com\/blog\/wp-json\/wp\/v2\/users\/9"}],"replies":[{"embeddable":true,"href":"https:\/\/tugesto.com\/blog\/wp-json\/wp\/v2\/comments?post=6740"}],"version-history":[{"count":7,"href":"https:\/\/tugesto.com\/blog\/wp-json\/wp\/v2\/posts\/6740\/revisions"}],"predecessor-version":[{"id":35374,"href":"https:\/\/tugesto.com\/blog\/wp-json\/wp\/v2\/posts\/6740\/revisions\/35374"}],"wp:featuredmedia":[{"embeddable":true,"href":"https:\/\/tugesto.com\/blog\/wp-json\/wp\/v2\/media\/17517"}],"wp:attachment":[{"href":"https:\/\/tugesto.com\/blog\/wp-json\/wp\/v2\/media?parent=6740"}],"wp:term":[{"taxonomy":"category","embeddable":true,"href":"https:\/\/tugesto.com\/blog\/wp-json\/wp\/v2\/categories?post=6740"},{"taxonomy":"post_tag","embeddable":true,"href":"https:\/\/tugesto.com\/blog\/wp-json\/wp\/v2\/tags?post=6740"},{"taxonomy":"author","embeddable":true,"href":"https:\/\/tugesto.com\/blog\/wp-json\/wp\/v2\/ppma_author?post=6740"}],"curies":[{"name":"wp","href":"https:\/\/api.w.org\/{rel}","templated":true}]}}