{"id":6419,"date":"2017-05-09T08:47:14","date_gmt":"2017-05-09T07:47:14","guid":{"rendered":"https:\/\/tugesto.com\/blog\/?p=6419"},"modified":"2024-05-20T09:50:24","modified_gmt":"2024-05-20T07:50:24","slug":"modelos-de-tributacion-para-autonomos","status":"publish","type":"post","link":"https:\/\/tugesto.com\/blog\/modelos-de-tributacion-para-autonomos\/","title":{"rendered":"Te presentamos todos los modelos fiscales para aut\u00f3nomos"},"content":{"rendered":"\t\t<div data-elementor-type=\"wp-post\" data-elementor-id=\"6419\" class=\"elementor elementor-6419\" data-elementor-post-type=\"post\">\n\t\t\t\t\t\t<section class=\"elementor-section elementor-top-section elementor-element elementor-element-2a35ef84 elementor-section-boxed elementor-section-height-default elementor-section-height-default\" data-id=\"2a35ef84\" data-element_type=\"section\">\n\t\t\t\t\t\t<div class=\"elementor-container elementor-column-gap-default\">\n\t\t\t\t\t<div class=\"elementor-column elementor-col-100 elementor-top-column elementor-element elementor-element-8ba1f55\" data-id=\"8ba1f55\" data-element_type=\"column\">\n\t\t\t<div class=\"elementor-widget-wrap elementor-element-populated\">\n\t\t\t\t\t\t<div class=\"elementor-element elementor-element-43a12ed3 elementor-widget elementor-widget-text-editor\" data-id=\"43a12ed3\" data-element_type=\"widget\" data-widget_type=\"text-editor.default\">\n\t\t\t\t<div class=\"elementor-widget-container\">\n\t\t\t\t\t\t\t\t\t<p>Para que un aut\u00f3nomo pueda ejercer su actividad empresarial, el primer paso que tiene que dar es <a href=\"https:\/\/tugesto.com\/alta-autonomo\/\" target=\"_blank\" rel=\"noopener\">darse de alta<\/a> en Hacienda. Las personas f\u00edsicas que trabajan por cuenta propia tendr\u00e1n que <strong>facilitar sus datos personales, la actividad que desempe\u00f1an, ubicaci\u00f3n, contacto, etc<\/strong>. Esta informaci\u00f3n es lo que denominamos <span style=\"color: #ff6600;\"><a style=\"color: #ff6600;\" href=\"https:\/\/www.agenciatributaria.gob.es\/AEAT.sede\/procedimientoini\/G322.shtml\" target=\"_blank\" rel=\"noopener noreferrer\">declaraci\u00f3n censal<\/a><\/span>, qu\u00e9 es nuestro negocio y a qu\u00e9 nos dedicamos. De esta depende los impuestos y modelos fiscales que tenemos que declarar y presentar. Todo ello, adem\u00e1s, se encuentra recogido en la <em>Ley General Tributaria<\/em>.<\/p><p><a href=\"http:\/\/tugesto.com\/alta-autonomo\/\" target=\"_blank\" rel=\"noopener\"><img fetchpriority=\"high\" decoding=\"async\" class=\"alignnone wp-image-15545 size-full\" src=\"https:\/\/tugesto.com\/blog\/wp-content\/uploads\/2020\/02\/te_damos_De_alta_de_autonomo.png\" alt=\"Estudiamos tu derecho a la tarifa plana\" width=\"1234\" height=\"376\" srcset=\"https:\/\/tugesto.com\/blog\/wp-content\/uploads\/2020\/02\/te_damos_De_alta_de_autonomo.png 1234w, https:\/\/tugesto.com\/blog\/wp-content\/uploads\/2020\/02\/te_damos_De_alta_de_autonomo-300x91.png 300w, https:\/\/tugesto.com\/blog\/wp-content\/uploads\/2020\/02\/te_damos_De_alta_de_autonomo-1024x312.png 1024w, https:\/\/tugesto.com\/blog\/wp-content\/uploads\/2020\/02\/te_damos_De_alta_de_autonomo-768x234.png 768w\" sizes=\"(max-width: 1234px) 100vw, 1234px\" \/><\/a><\/p><h2 style=\"text-align: left;\">\u00bfQu\u00e9 modelos fiscales afectan a todos los aut\u00f3nomos en Espa\u00f1a?<\/h2><p>Seg\u00fan tu actividad empresarial y profesional tendr\u00e1s que marcar alguno de los ep\u00edgrafes en el <strong>Impuesto de Actividades Econ\u00f3micas<\/strong> (<a href=\"https:\/\/sede.agenciatributaria.gob.es\/Sede\/declaraciones-informativas-otros-impuestos-tasas\/impuesto-sobre-actividades-economicas.html\" target=\"_blank\" rel=\"noopener noreferrer\"><span style=\"color: #ff6600;\">IAE<\/span><\/a>).<\/p><p>Normalmente, los aut\u00f3nomos est\u00e1n libres del pago del IAE, tal y como se refleja en la declaraci\u00f3n censal. En caso contrario, hay que presentar el <span style=\"color: #ff6600;\">modelo 840\/848.2<\/span>.<br \/><img decoding=\"async\" class=\"wp-image-6462 size-large\" src=\"https:\/\/tugesto.com\/blog\/wp-content\/uploads\/2017\/05\/infografia-modelos-fiscales-autonomo-horizontal-1024x512.jpg\" alt=\"\" width=\"750\" height=\"375\" srcset=\"https:\/\/tugesto.com\/blog\/wp-content\/uploads\/2017\/05\/infografia-modelos-fiscales-autonomo-horizontal-1024x512.jpg 1024w, https:\/\/tugesto.com\/blog\/wp-content\/uploads\/2017\/05\/infografia-modelos-fiscales-autonomo-horizontal-300x150.jpg 300w, https:\/\/tugesto.com\/blog\/wp-content\/uploads\/2017\/05\/infografia-modelos-fiscales-autonomo-horizontal-768x384.jpg 768w, https:\/\/tugesto.com\/blog\/wp-content\/uploads\/2017\/05\/infografia-modelos-fiscales-autonomo-horizontal.jpg 1200w\" sizes=\"(max-width: 750px) 100vw, 750px\" \/><\/p><p><strong>Toma nota de los modelos fiscales para aut\u00f3nomos.<\/strong><\/p><p>A continuaci\u00f3n, detallaremos los impuestos y modelos fiscales a los que se enfrentan los aut\u00f3nomos y que tienes que tener en cuenta. Importante: para los aut\u00f3nomos, los meses de <strong>enero, abril, julio y octubre son clave<\/strong> para la presentaci\u00f3n de modelos fiscales, separados en cuatro pagos fraccionados.<\/p><p><strong>De esta forma podr\u00e1s encontrar todos los modelos <\/strong>en la misma p\u00e1gina, a modo de calendario fiscal para tu d\u00eda a d\u00eda:<\/p><h3><a href=\"https:\/\/www.agenciatributaria.gob.es\/AEAT.sede\/procedimientos\/GH01.shtml\" target=\"_blank\" rel=\"noopener\"><strong>Modelo 111<\/strong><\/a><\/h3><p>Este modelo se utiliza para la declaraci\u00f3n trimestral de retenciones e ingresos a cuenta. Si tienes trabajadores contratados, subcontratas a otros profesionales aut\u00f3nomos que te emiten facturas con retenciones del IRPF.<\/p><h3><a href=\"https:\/\/www.agenciatributaria.gob.es\/AEAT.sede\/tramitacion\/GH02.shtml\" target=\"_blank\" rel=\"noopener noreferrer\"><strong>Modelo 115<\/strong><\/a><\/h3><p>Si tienes alquilado un local u oficina cuya factura incluya retenci\u00f3n.<\/p><h3><strong><a href=\"https:\/\/www.agenciatributaria.gob.es\/AEAT.sede\/tramitacion\/G601.shtml\" target=\"_blank\" rel=\"noopener noreferrer\">Modelo 130<\/a><\/strong><\/h3><p>Pertenece a la declaraci\u00f3n trimestral del IRPF. Tendr\u00e1s que presentar este modelo si tributas por estimaci\u00f3n directa o el <span style=\"color: #ff6600;\">131 <\/span>si lo haces por m\u00f3dulos.<\/p><h3><strong><a href=\"https:\/\/www.agenciatributaria.gob.es\/AEAT.sede\/tramitacion\/G414.shtml\" target=\"_blank\" rel=\"noopener noreferrer\">Modelo 303<\/a><\/strong><\/h3><p>Para la declaraci\u00f3n trimestral del IVA. Si como aut\u00f3nomo cotizas por m\u00f3dulos tendr\u00e1s que presentar la parte relativa al r\u00e9gimen simplificado de IVA, repercutiendo un IVA a clientes que luego deber\u00e1s devolver a Hacienda.<\/p><h3><strong><a href=\"https:\/\/www.agenciatributaria.gob.es\/AEAT.sede\/tramitacion\/GI00.shtml\" target=\"_blank\" rel=\"noopener noreferrer\">Modelos 180, 190 y 390<\/a><\/strong><\/h3><p>Concierne a las declaraciones resumen anual, de car\u00e1cter informativo y recapitulativo. Se tienen que presentar en el mes de enero.<\/p><h3><strong><a href=\"https:\/\/sede.agenciatributaria.gob.es\/Sede\/procedimientoini\/GI27.shtml\" target=\"_blank\" rel=\"noopener noreferrer\">Modelo 347<\/a><\/strong><\/h3><p>Corresponde a la declaraci\u00f3n anual de operaciones con terceros. Tendr\u00e1s que indicar las personas, entidades, clientes o proveedores con los que hayas efectuado operaciones que hayan superado los 3.006 euros.<\/p><h3><strong><a href=\"http:\/\/www.agenciatributaria.es\/static_files\/AEAT_Colaboradores\/EEDD_ECR\/Renta\/2010\/reunion_rep\/Mod_D-100_2010.pdf\" target=\"_blank\" rel=\"noopener noreferrer\">Modelo D-100<\/a><\/strong><\/h3><p>Para la declaraci\u00f3n anual del IRPF.<\/p><p><a href=\"http:\/\/tugesto.com\/alta-autonomo\/\" target=\"_blank\" rel=\"noopener\"><img decoding=\"async\" class=\"alignnone wp-image-15077 size-full\" src=\"https:\/\/tugesto.com\/blog\/wp-content\/uploads\/2019\/02\/alta-autonomo-gratuita-tugesto.jpg\" alt=\"Estudiamos tus bonificaciones de forma gratuita\" width=\"1234\" height=\"376\" srcset=\"https:\/\/tugesto.com\/blog\/wp-content\/uploads\/2019\/02\/alta-autonomo-gratuita-tugesto.jpg 1234w, https:\/\/tugesto.com\/blog\/wp-content\/uploads\/2019\/02\/alta-autonomo-gratuita-tugesto-300x91.jpg 300w, https:\/\/tugesto.com\/blog\/wp-content\/uploads\/2019\/02\/alta-autonomo-gratuita-tugesto-1024x312.jpg 1024w, https:\/\/tugesto.com\/blog\/wp-content\/uploads\/2019\/02\/alta-autonomo-gratuita-tugesto-768x234.jpg 768w\" sizes=\"(max-width: 1234px) 100vw, 1234px\" \/><\/a><\/p><h2 style=\"text-align: justify;\">En tugesto te ayudamos a presentar los modelos fiscales de tu empresa<\/h2><p>En <a href=\"https:\/\/tugesto.com\/\" target=\"_blank\" rel=\"noopener noreferrer\"><span style=\"color: #ff6600;\"><strong>tugesto<\/strong><\/span><\/a> trabajamos d\u00eda a d\u00eda para ofrecer las mejores soluciones para la gesti\u00f3n online de aut\u00f3nomos, empresas y pymes. <strong>Nuestro software te avisa autom\u00e1ticamente cuando tienes que presentar tus modelos fiscales cada trimestre<\/strong>.<\/p><p>\u00a1Empieza a simplificar tus trimestres contables y fiscales! Realiza la autoliquidaci\u00f3n trimestral del IVA, por ejemplo, de forma sencilla. Reg\u00edstrate gratis en nuestra <span style=\"color: #ff6600;\"><a style=\"color: #ff6600;\" href=\"https:\/\/escritorio.tugesto.com\/registrate\" target=\"_blank\" rel=\"noopener noreferrer\">plataforma online<\/a> <\/span>y disfruta de una gesti\u00f3n f\u00e1cil y eficaz.<\/p>\t\t\t\t\t\t\t\t<\/div>\n\t\t\t\t<\/div>\n\t\t\t\t\t<\/div>\n\t\t<\/div>\n\t\t\t\t\t<\/div>\n\t\t<\/section>\n\t\t\t\t<\/div>\n\t\t","protected":false},"excerpt":{"rendered":"<p>Para que un aut\u00f3nomo pueda ejercer su actividad empresarial, el primer paso que tiene que dar es darse de alta en Hacienda. Las personas f\u00edsicas que trabajan por cuenta propia tendr\u00e1n que facilitar sus datos personales, la actividad que desempe\u00f1an, ubicaci\u00f3n, contacto, etc. Esta informaci\u00f3n es lo que denominamos declaraci\u00f3n censal, qu\u00e9 es nuestro negocio [&hellip;]<\/p>\n","protected":false},"author":12,"featured_media":6439,"comment_status":"open","ping_status":"open","sticky":false,"template":"","format":"image","meta":{"_eb_attr":"","content-type":"","footnotes":""},"categories":[14],"tags":[36,38],"ppma_author":[1498],"class_list":["post-6419","post","type-post","status-publish","format-image","has-post-thumbnail","hentry","category-contabilidad-y-fiscal","tag-autonomos","tag-pymes","post_format-post-format-image"],"yoast_head":"<!-- This site is optimized with the Yoast SEO plugin v26.8 - https:\/\/yoast.com\/product\/yoast-seo-wordpress\/ -->\n<title>Todos los modelos fiscales para aut\u00f3nomos | tugesto<\/title>\n<meta name=\"description\" content=\"Te indicamos cu\u00e1les son los modelos fiscales e impuestos que tienen que presentar los aut\u00f3nomos para poder ejercer su actividad\" \/>\n<meta name=\"robots\" content=\"index, follow, max-snippet:-1, max-image-preview:large, max-video-preview:-1\" \/>\n<link rel=\"canonical\" href=\"https:\/\/tugesto.com\/blog\/modelos-de-tributacion-para-autonomos\/\" \/>\n<meta property=\"og:locale\" content=\"es_ES\" \/>\n<meta property=\"og:type\" content=\"article\" \/>\n<meta property=\"og:title\" content=\"Todos los modelos fiscales para aut\u00f3nomos | tugesto\" \/>\n<meta property=\"og:description\" content=\"Te indicamos cu\u00e1les son los modelos fiscales e impuestos que tienen que presentar los aut\u00f3nomos para poder ejercer su actividad\" \/>\n<meta property=\"og:url\" content=\"https:\/\/tugesto.com\/blog\/modelos-de-tributacion-para-autonomos\/\" \/>\n<meta property=\"og:site_name\" content=\"Blog: \u00a1Aprende a emprender! | tugesto\" \/>\n<meta property=\"article:publisher\" content=\"https:\/\/www.facebook.com\/tugesto\/\" \/>\n<meta property=\"article:published_time\" content=\"2017-05-09T07:47:14+00:00\" \/>\n<meta property=\"article:modified_time\" content=\"2024-05-20T07:50:24+00:00\" \/>\n<meta property=\"og:image\" content=\"https:\/\/tugesto.com\/blog\/wp-content\/uploads\/2014\/12\/modelos-fiscales.jpg\" \/>\n\t<meta property=\"og:image:width\" content=\"700\" \/>\n\t<meta property=\"og:image:height\" content=\"329\" \/>\n\t<meta property=\"og:image:type\" content=\"image\/jpeg\" \/>\n<meta name=\"author\" content=\"David Fern\u00e1ndez\" \/>\n<meta name=\"twitter:card\" content=\"summary_large_image\" \/>\n<meta name=\"twitter:label1\" content=\"Escrito por\" \/>\n\t<meta name=\"twitter:data1\" content=\"David Fern\u00e1ndez\" \/>\n\t<meta name=\"twitter:label2\" content=\"Tiempo de lectura\" \/>\n\t<meta name=\"twitter:data2\" content=\"3 minutos\" \/>\n<script type=\"application\/ld+json\" class=\"yoast-schema-graph\">{\"@context\":\"https:\/\/schema.org\",\"@graph\":[{\"@type\":\"Article\",\"@id\":\"https:\/\/tugesto.com\/blog\/modelos-de-tributacion-para-autonomos\/#article\",\"isPartOf\":{\"@id\":\"https:\/\/tugesto.com\/blog\/modelos-de-tributacion-para-autonomos\/\"},\"author\":{\"name\":\"David Fern\u00e1ndez\",\"@id\":\"https:\/\/tugesto.com\/blog\/#\/schema\/person\/737f4a72f2e3855c9e8df888851bfef9\"},\"headline\":\"Te presentamos todos los modelos fiscales para aut\u00f3nomos\",\"datePublished\":\"2017-05-09T07:47:14+00:00\",\"dateModified\":\"2024-05-20T07:50:24+00:00\",\"mainEntityOfPage\":{\"@id\":\"https:\/\/tugesto.com\/blog\/modelos-de-tributacion-para-autonomos\/\"},\"wordCount\":522,\"commentCount\":0,\"publisher\":{\"@id\":\"https:\/\/tugesto.com\/blog\/#organization\"},\"image\":{\"@id\":\"https:\/\/tugesto.com\/blog\/modelos-de-tributacion-para-autonomos\/#primaryimage\"},\"thumbnailUrl\":\"https:\/\/tugesto.com\/blog\/wp-content\/uploads\/2014\/12\/modelos-fiscales.jpg\",\"keywords\":[\"aut\u00f3nomos\",\"pymes\"],\"articleSection\":[\"Contabilidad y Fiscal\"],\"inLanguage\":\"es\",\"potentialAction\":[{\"@type\":\"CommentAction\",\"name\":\"Comment\",\"target\":[\"https:\/\/tugesto.com\/blog\/modelos-de-tributacion-para-autonomos\/#respond\"]}]},{\"@type\":\"WebPage\",\"@id\":\"https:\/\/tugesto.com\/blog\/modelos-de-tributacion-para-autonomos\/\",\"url\":\"https:\/\/tugesto.com\/blog\/modelos-de-tributacion-para-autonomos\/\",\"name\":\"Todos los modelos fiscales para aut\u00f3nomos | tugesto\",\"isPartOf\":{\"@id\":\"https:\/\/tugesto.com\/blog\/#website\"},\"primaryImageOfPage\":{\"@id\":\"https:\/\/tugesto.com\/blog\/modelos-de-tributacion-para-autonomos\/#primaryimage\"},\"image\":{\"@id\":\"https:\/\/tugesto.com\/blog\/modelos-de-tributacion-para-autonomos\/#primaryimage\"},\"thumbnailUrl\":\"https:\/\/tugesto.com\/blog\/wp-content\/uploads\/2014\/12\/modelos-fiscales.jpg\",\"datePublished\":\"2017-05-09T07:47:14+00:00\",\"dateModified\":\"2024-05-20T07:50:24+00:00\",\"description\":\"Te indicamos cu\u00e1les son los modelos fiscales e impuestos que tienen que presentar los aut\u00f3nomos para poder ejercer su actividad\",\"breadcrumb\":{\"@id\":\"https:\/\/tugesto.com\/blog\/modelos-de-tributacion-para-autonomos\/#breadcrumb\"},\"inLanguage\":\"es\",\"potentialAction\":[{\"@type\":\"ReadAction\",\"target\":[\"https:\/\/tugesto.com\/blog\/modelos-de-tributacion-para-autonomos\/\"]}]},{\"@type\":\"ImageObject\",\"inLanguage\":\"es\",\"@id\":\"https:\/\/tugesto.com\/blog\/modelos-de-tributacion-para-autonomos\/#primaryimage\",\"url\":\"https:\/\/tugesto.com\/blog\/wp-content\/uploads\/2014\/12\/modelos-fiscales.jpg\",\"contentUrl\":\"https:\/\/tugesto.com\/blog\/wp-content\/uploads\/2014\/12\/modelos-fiscales.jpg\",\"width\":700,\"height\":329,\"caption\":\"Estos son todos los modelos fiscales que, como aut\u00f3nomo\/a, debes presentar cada a\u00f1o\"},{\"@type\":\"BreadcrumbList\",\"@id\":\"https:\/\/tugesto.com\/blog\/modelos-de-tributacion-para-autonomos\/#breadcrumb\",\"itemListElement\":[{\"@type\":\"ListItem\",\"position\":1,\"name\":\"Home\",\"item\":\"https:\/\/tugesto.com\/blog\/\"},{\"@type\":\"ListItem\",\"position\":2,\"name\":\"Contabilidad y Fiscal\",\"item\":\"https:\/\/tugesto.com\/blog\/category\/contabilidad-y-fiscal\/\"},{\"@type\":\"ListItem\",\"position\":3,\"name\":\"Te presentamos todos los modelos fiscales para aut\u00f3nomos\"}]},{\"@type\":\"WebSite\",\"@id\":\"https:\/\/tugesto.com\/blog\/#website\",\"url\":\"https:\/\/tugesto.com\/blog\/\",\"name\":\"Blog tugesto\",\"description\":\"\ud83d\udcda Blog especializado para aut\u00f3nomos y pymes. Encuentra semanalmente nuevos posts, recursos y gu\u00edas. La ayuda que necesitas para tu negocio.\",\"publisher\":{\"@id\":\"https:\/\/tugesto.com\/blog\/#organization\"},\"potentialAction\":[{\"@type\":\"SearchAction\",\"target\":{\"@type\":\"EntryPoint\",\"urlTemplate\":\"https:\/\/tugesto.com\/blog\/?s={search_term_string}\"},\"query-input\":{\"@type\":\"PropertyValueSpecification\",\"valueRequired\":true,\"valueName\":\"search_term_string\"}}],\"inLanguage\":\"es\"},{\"@type\":\"Organization\",\"@id\":\"https:\/\/tugesto.com\/blog\/#organization\",\"name\":\"tugesto\",\"url\":\"https:\/\/tugesto.com\/blog\/\",\"logo\":{\"@type\":\"ImageObject\",\"inLanguage\":\"es\",\"@id\":\"https:\/\/tugesto.com\/blog\/#\/schema\/logo\/image\/\",\"url\":\"https:\/\/tugesto.com\/blog\/wp-content\/uploads\/2019\/06\/logo_tugesto.png\",\"contentUrl\":\"https:\/\/tugesto.com\/blog\/wp-content\/uploads\/2019\/06\/logo_tugesto.png\",\"width\":190,\"height\":63,\"caption\":\"tugesto\"},\"image\":{\"@id\":\"https:\/\/tugesto.com\/blog\/#\/schema\/logo\/image\/\"},\"sameAs\":[\"https:\/\/www.facebook.com\/tugesto\/\",\"https:\/\/www.instagram.com\/tugesto_online\/\"]},{\"@type\":\"Person\",\"@id\":\"https:\/\/tugesto.com\/blog\/#\/schema\/person\/737f4a72f2e3855c9e8df888851bfef9\",\"name\":\"David Fern\u00e1ndez\",\"image\":{\"@type\":\"ImageObject\",\"inLanguage\":\"es\",\"@id\":\"https:\/\/tugesto.com\/blog\/#\/schema\/person\/image\/2882f1d57e6812c9fc588cf346c4e7d0\",\"url\":\"https:\/\/tugesto.com\/blog\/wp-content\/uploads\/2024\/05\/david-fernandez.png\",\"contentUrl\":\"https:\/\/tugesto.com\/blog\/wp-content\/uploads\/2024\/05\/david-fernandez.png\",\"caption\":\"David Fern\u00e1ndez\"},\"description\":\"Asesor contable y fiscal\"}]}<\/script>\n<!-- \/ Yoast SEO plugin. -->","yoast_head_json":{"title":"Todos los modelos fiscales para aut\u00f3nomos | tugesto","description":"Te indicamos cu\u00e1les son los modelos fiscales e impuestos que tienen que presentar los aut\u00f3nomos para poder ejercer su actividad","robots":{"index":"index","follow":"follow","max-snippet":"max-snippet:-1","max-image-preview":"max-image-preview:large","max-video-preview":"max-video-preview:-1"},"canonical":"https:\/\/tugesto.com\/blog\/modelos-de-tributacion-para-autonomos\/","og_locale":"es_ES","og_type":"article","og_title":"Todos los modelos fiscales para aut\u00f3nomos | tugesto","og_description":"Te indicamos cu\u00e1les son los modelos fiscales e impuestos que tienen que presentar los aut\u00f3nomos para poder ejercer su actividad","og_url":"https:\/\/tugesto.com\/blog\/modelos-de-tributacion-para-autonomos\/","og_site_name":"Blog: \u00a1Aprende a emprender! | tugesto","article_publisher":"https:\/\/www.facebook.com\/tugesto\/","article_published_time":"2017-05-09T07:47:14+00:00","article_modified_time":"2024-05-20T07:50:24+00:00","og_image":[{"width":700,"height":329,"url":"https:\/\/tugesto.com\/blog\/wp-content\/uploads\/2014\/12\/modelos-fiscales.jpg","type":"image\/jpeg"}],"author":"David Fern\u00e1ndez","twitter_card":"summary_large_image","twitter_misc":{"Escrito por":"David Fern\u00e1ndez","Tiempo de lectura":"3 minutos"},"schema":{"@context":"https:\/\/schema.org","@graph":[{"@type":"Article","@id":"https:\/\/tugesto.com\/blog\/modelos-de-tributacion-para-autonomos\/#article","isPartOf":{"@id":"https:\/\/tugesto.com\/blog\/modelos-de-tributacion-para-autonomos\/"},"author":{"name":"David Fern\u00e1ndez","@id":"https:\/\/tugesto.com\/blog\/#\/schema\/person\/737f4a72f2e3855c9e8df888851bfef9"},"headline":"Te presentamos todos los modelos fiscales para aut\u00f3nomos","datePublished":"2017-05-09T07:47:14+00:00","dateModified":"2024-05-20T07:50:24+00:00","mainEntityOfPage":{"@id":"https:\/\/tugesto.com\/blog\/modelos-de-tributacion-para-autonomos\/"},"wordCount":522,"commentCount":0,"publisher":{"@id":"https:\/\/tugesto.com\/blog\/#organization"},"image":{"@id":"https:\/\/tugesto.com\/blog\/modelos-de-tributacion-para-autonomos\/#primaryimage"},"thumbnailUrl":"https:\/\/tugesto.com\/blog\/wp-content\/uploads\/2014\/12\/modelos-fiscales.jpg","keywords":["aut\u00f3nomos","pymes"],"articleSection":["Contabilidad y Fiscal"],"inLanguage":"es","potentialAction":[{"@type":"CommentAction","name":"Comment","target":["https:\/\/tugesto.com\/blog\/modelos-de-tributacion-para-autonomos\/#respond"]}]},{"@type":"WebPage","@id":"https:\/\/tugesto.com\/blog\/modelos-de-tributacion-para-autonomos\/","url":"https:\/\/tugesto.com\/blog\/modelos-de-tributacion-para-autonomos\/","name":"Todos los modelos fiscales para aut\u00f3nomos | tugesto","isPartOf":{"@id":"https:\/\/tugesto.com\/blog\/#website"},"primaryImageOfPage":{"@id":"https:\/\/tugesto.com\/blog\/modelos-de-tributacion-para-autonomos\/#primaryimage"},"image":{"@id":"https:\/\/tugesto.com\/blog\/modelos-de-tributacion-para-autonomos\/#primaryimage"},"thumbnailUrl":"https:\/\/tugesto.com\/blog\/wp-content\/uploads\/2014\/12\/modelos-fiscales.jpg","datePublished":"2017-05-09T07:47:14+00:00","dateModified":"2024-05-20T07:50:24+00:00","description":"Te indicamos cu\u00e1les son los modelos fiscales e impuestos que tienen que presentar los aut\u00f3nomos para poder ejercer su actividad","breadcrumb":{"@id":"https:\/\/tugesto.com\/blog\/modelos-de-tributacion-para-autonomos\/#breadcrumb"},"inLanguage":"es","potentialAction":[{"@type":"ReadAction","target":["https:\/\/tugesto.com\/blog\/modelos-de-tributacion-para-autonomos\/"]}]},{"@type":"ImageObject","inLanguage":"es","@id":"https:\/\/tugesto.com\/blog\/modelos-de-tributacion-para-autonomos\/#primaryimage","url":"https:\/\/tugesto.com\/blog\/wp-content\/uploads\/2014\/12\/modelos-fiscales.jpg","contentUrl":"https:\/\/tugesto.com\/blog\/wp-content\/uploads\/2014\/12\/modelos-fiscales.jpg","width":700,"height":329,"caption":"Estos son todos los modelos fiscales que, como aut\u00f3nomo\/a, debes presentar cada a\u00f1o"},{"@type":"BreadcrumbList","@id":"https:\/\/tugesto.com\/blog\/modelos-de-tributacion-para-autonomos\/#breadcrumb","itemListElement":[{"@type":"ListItem","position":1,"name":"Home","item":"https:\/\/tugesto.com\/blog\/"},{"@type":"ListItem","position":2,"name":"Contabilidad y Fiscal","item":"https:\/\/tugesto.com\/blog\/category\/contabilidad-y-fiscal\/"},{"@type":"ListItem","position":3,"name":"Te presentamos todos los modelos fiscales para aut\u00f3nomos"}]},{"@type":"WebSite","@id":"https:\/\/tugesto.com\/blog\/#website","url":"https:\/\/tugesto.com\/blog\/","name":"Blog tugesto","description":"\ud83d\udcda Blog especializado para aut\u00f3nomos y pymes. Encuentra semanalmente nuevos posts, recursos y gu\u00edas. La ayuda que necesitas para tu negocio.","publisher":{"@id":"https:\/\/tugesto.com\/blog\/#organization"},"potentialAction":[{"@type":"SearchAction","target":{"@type":"EntryPoint","urlTemplate":"https:\/\/tugesto.com\/blog\/?s={search_term_string}"},"query-input":{"@type":"PropertyValueSpecification","valueRequired":true,"valueName":"search_term_string"}}],"inLanguage":"es"},{"@type":"Organization","@id":"https:\/\/tugesto.com\/blog\/#organization","name":"tugesto","url":"https:\/\/tugesto.com\/blog\/","logo":{"@type":"ImageObject","inLanguage":"es","@id":"https:\/\/tugesto.com\/blog\/#\/schema\/logo\/image\/","url":"https:\/\/tugesto.com\/blog\/wp-content\/uploads\/2019\/06\/logo_tugesto.png","contentUrl":"https:\/\/tugesto.com\/blog\/wp-content\/uploads\/2019\/06\/logo_tugesto.png","width":190,"height":63,"caption":"tugesto"},"image":{"@id":"https:\/\/tugesto.com\/blog\/#\/schema\/logo\/image\/"},"sameAs":["https:\/\/www.facebook.com\/tugesto\/","https:\/\/www.instagram.com\/tugesto_online\/"]},{"@type":"Person","@id":"https:\/\/tugesto.com\/blog\/#\/schema\/person\/737f4a72f2e3855c9e8df888851bfef9","name":"David Fern\u00e1ndez","image":{"@type":"ImageObject","inLanguage":"es","@id":"https:\/\/tugesto.com\/blog\/#\/schema\/person\/image\/2882f1d57e6812c9fc588cf346c4e7d0","url":"https:\/\/tugesto.com\/blog\/wp-content\/uploads\/2024\/05\/david-fernandez.png","contentUrl":"https:\/\/tugesto.com\/blog\/wp-content\/uploads\/2024\/05\/david-fernandez.png","caption":"David Fern\u00e1ndez"},"description":"Asesor contable y fiscal"}]}},"authors":[{"term_id":1498,"user_id":12,"is_guest":0,"slug":"david-fernandez","display_name":"David Fern\u00e1ndez","avatar_url":{"url":"https:\/\/tugesto.com\/blog\/wp-content\/uploads\/2024\/05\/david-fernandez.png","url2x":"https:\/\/tugesto.com\/blog\/wp-content\/uploads\/2024\/05\/david-fernandez.png"},"0":null,"1":"","2":"","3":"","4":"","5":"","6":"","7":"","8":""}],"_links":{"self":[{"href":"https:\/\/tugesto.com\/blog\/wp-json\/wp\/v2\/posts\/6419","targetHints":{"allow":["GET"]}}],"collection":[{"href":"https:\/\/tugesto.com\/blog\/wp-json\/wp\/v2\/posts"}],"about":[{"href":"https:\/\/tugesto.com\/blog\/wp-json\/wp\/v2\/types\/post"}],"author":[{"embeddable":true,"href":"https:\/\/tugesto.com\/blog\/wp-json\/wp\/v2\/users\/12"}],"replies":[{"embeddable":true,"href":"https:\/\/tugesto.com\/blog\/wp-json\/wp\/v2\/comments?post=6419"}],"version-history":[{"count":11,"href":"https:\/\/tugesto.com\/blog\/wp-json\/wp\/v2\/posts\/6419\/revisions"}],"predecessor-version":[{"id":35658,"href":"https:\/\/tugesto.com\/blog\/wp-json\/wp\/v2\/posts\/6419\/revisions\/35658"}],"wp:featuredmedia":[{"embeddable":true,"href":"https:\/\/tugesto.com\/blog\/wp-json\/wp\/v2\/media\/6439"}],"wp:attachment":[{"href":"https:\/\/tugesto.com\/blog\/wp-json\/wp\/v2\/media?parent=6419"}],"wp:term":[{"taxonomy":"category","embeddable":true,"href":"https:\/\/tugesto.com\/blog\/wp-json\/wp\/v2\/categories?post=6419"},{"taxonomy":"post_tag","embeddable":true,"href":"https:\/\/tugesto.com\/blog\/wp-json\/wp\/v2\/tags?post=6419"},{"taxonomy":"author","embeddable":true,"href":"https:\/\/tugesto.com\/blog\/wp-json\/wp\/v2\/ppma_author?post=6419"}],"curies":[{"name":"wp","href":"https:\/\/api.w.org\/{rel}","templated":true}]}}