{"id":6172,"date":"2017-03-30T11:01:24","date_gmt":"2017-03-30T10:01:24","guid":{"rendered":"https:\/\/tugesto.com\/blog\/?p=6172"},"modified":"2024-05-20T09:51:46","modified_gmt":"2024-05-20T07:51:46","slug":"autonomo-renta","status":"publish","type":"post","link":"https:\/\/tugesto.com\/blog\/autonomo-renta\/","title":{"rendered":"Declaraci\u00f3n de la Renta Aut\u00f3nomos para 2016"},"content":{"rendered":"\t\t<div data-elementor-type=\"wp-post\" data-elementor-id=\"6172\" class=\"elementor elementor-6172\" data-elementor-post-type=\"post\">\n\t\t\t\t\t\t<section class=\"elementor-section elementor-top-section elementor-element elementor-element-71631e2e elementor-section-boxed elementor-section-height-default elementor-section-height-default\" data-id=\"71631e2e\" data-element_type=\"section\" data-e-type=\"section\">\n\t\t\t\t\t\t<div class=\"elementor-container elementor-column-gap-default\">\n\t\t\t\t\t<div class=\"elementor-column elementor-col-100 elementor-top-column elementor-element elementor-element-650a00d5\" data-id=\"650a00d5\" data-element_type=\"column\" data-e-type=\"column\">\n\t\t\t<div class=\"elementor-widget-wrap elementor-element-populated\">\n\t\t\t\t\t\t<div class=\"elementor-element elementor-element-a4222b8 elementor-widget elementor-widget-text-editor\" data-id=\"a4222b8\" data-element_type=\"widget\" data-e-type=\"widget\" data-widget_type=\"text-editor.default\">\n\t\t\t\t<div class=\"elementor-widget-container\">\n\t\t\t\t\t\t\t\t\t<div align=\"justify\"><p><span style=\"color: #4c4f54;\">Si eres aut\u00f3nomo tienes que saber que la documentaci\u00f3n para la Renta de aut\u00f3nomos 2016 <strong>var\u00eda dependiendo de si la persona que va a declarar es un aut\u00f3nomo o una persona particular<\/strong> (no empresaria).<\/span><\/p><p><span style=\"color: #4c4f54;\"><strong>Todos los aut\u00f3nomos,<\/strong> en su categor\u00eda de contribuyentes, que hayan obtenido rentas sujetas al Impuesto sobre la Renta de Personas F\u00edsicas (IRPF), est\u00e1n <strong>obligados a presentar la declaraci\u00f3n de la renta o declaraci\u00f3n anual del IRPF<\/strong>.<\/span><\/p><p><span style=\"color: #4c4f54;\">A <strong>excepci\u00f3n<\/strong> de aquellos trabajadores por cuenta ajena que a lo largo del a\u00f1o hayan tenido <strong>rentas inferiores a 1.000 euros<\/strong> (sumando rendimientos \u00edntegros del trabajo, del capital o de actividades econ\u00f3micas, as\u00ed como ganancias patrimoniales) <strong>y p\u00e9rdidas patrimoniales inferiores a 500\u20ac<\/strong>, en tributaci\u00f3n individual o conjunta.<\/span><\/p><p><a href=\"http:\/\/tugesto.com\/software-fiscal\" target=\"_blank\" rel=\"noopener\"><img fetchpriority=\"high\" decoding=\"async\" class=\"alignnone wp-image-14766 size-full\" src=\"https:\/\/tugesto.com\/blog\/wp-content\/uploads\/2020\/01\/gestionar_fiscalidad_online.jpg\" alt=\"Gestiona tu fiscalidad online con respaldo de asesores expertos\" width=\"798\" height=\"241\" srcset=\"https:\/\/tugesto.com\/blog\/wp-content\/uploads\/2020\/01\/gestionar_fiscalidad_online.jpg 798w, https:\/\/tugesto.com\/blog\/wp-content\/uploads\/2020\/01\/gestionar_fiscalidad_online-300x91.jpg 300w, https:\/\/tugesto.com\/blog\/wp-content\/uploads\/2020\/01\/gestionar_fiscalidad_online-768x232.jpg 768w\" sizes=\"(max-width: 798px) 100vw, 798px\" \/><\/a><\/p><h2><span style=\"color: #4c4f54;\">Todo lo que debes aportar a la Declaraci\u00f3n de la Renta Aut\u00f3nomos 2016<\/span><\/h2><blockquote><p><span style=\"color: #4c4f54;\">1. Documento Nacional de Identidad (DNI)<\/span><br \/><span style=\"color: #4c4f54;\">2. Recibos de la contribuci\u00f3n o contrato de arrendamiento<\/span><br \/><span style=\"color: #4c4f54;\">3. Certificados de arrendamiento<\/span><br \/><span style=\"color: #4c4f54;\">4. Certificados bancarios<\/span><br \/><span style=\"color: #4c4f54;\">5. Plan de pensiones en el caso de poseer<\/span><br \/><span style=\"color: #4c4f54;\">6. Declaraciones trimestrales del IVA<\/span><br \/><span style=\"color: #4c4f54;\">7. Documento(s) por donaciones<\/span><br \/><span style=\"color: #4c4f54;\">8. Escrituras de compraventa<\/span><\/p><\/blockquote><p><a href=\"http:\/\/tugesto.com\/alta-autonomo\" target=\"_blank\" rel=\"noopener\"><img decoding=\"async\" class=\"alignnone wp-image-15077 size-full\" src=\"https:\/\/tugesto.com\/blog\/wp-content\/uploads\/2019\/02\/alta-autonomo-gratuita-tugesto.jpg\" alt=\"Estudiamos tus bonificaciones de forma gratuita\" width=\"1234\" height=\"376\" srcset=\"https:\/\/tugesto.com\/blog\/wp-content\/uploads\/2019\/02\/alta-autonomo-gratuita-tugesto.jpg 1234w, https:\/\/tugesto.com\/blog\/wp-content\/uploads\/2019\/02\/alta-autonomo-gratuita-tugesto-300x91.jpg 300w, https:\/\/tugesto.com\/blog\/wp-content\/uploads\/2019\/02\/alta-autonomo-gratuita-tugesto-1024x312.jpg 1024w, https:\/\/tugesto.com\/blog\/wp-content\/uploads\/2019\/02\/alta-autonomo-gratuita-tugesto-768x234.jpg 768w\" sizes=\"(max-width: 1234px) 100vw, 1234px\" \/><\/a><\/p><ul><li><span style=\"color: #4c4f54;\"><strong>Documento Nacional de Identidad (DNI).<\/strong> En el caso que la persona est\u00e9 casado\/a debe llevar tambi\u00e9n el DNI de su c\u00f3nyuge y, en el caso de que tenga hijos, el DNI de los mismos o el libro de familia.<\/span><\/li><\/ul><ul><li><span style=\"color: #4c4f54;\">Aquellos aut\u00f3nomos que sean propietarios de una vivienda deben aportar los <strong>recibos de la contribuci\u00f3n<\/strong>. En el mismo sentido los que vivan de alquiler deben aportar el <strong>contrato de arrendamiento.<\/strong><\/span><\/li><\/ul><ul><li><span style=\"color: #4c4f54;\">Si el aut\u00f3nomo paga un arrendamiento por un local en alquiler para su trabajo debe presentar, el <strong>certificado de arrendamiento.<\/strong><\/span><\/li><\/ul><ul><li><span style=\"color: #4c4f54;\"><strong>Certificados fiscales<\/strong> de las diversas entidades bancarias. Estos documentos son necesarios para ver las retenciones.<\/span><\/li><\/ul><ul><li><span style=\"color: #4c4f54;\">Si cuentan con un <strong>plan de pensiones<\/strong> se debe presentar un documento que justifique lo que se ha ingresado este a\u00f1o en concepto del mismo.<\/span><\/li><\/ul><ul><li><span style=\"color: #4c4f54;\">Las <strong>declaraciones trimestrales del IVA<\/strong>.<\/span><\/li><\/ul><ul><li><span style=\"color: #4c4f54;\">Si se han efectuado <strong>donaciones a organizaciones<\/strong> sin \u00e1nimo de lucro, es necesario llevar el certificado que justifique el dinero aportado durante el a\u00f1o a dichas entidades.<\/span><\/li><\/ul><ul><li><span style=\"color: #4c4f54;\">Las <strong>escrituras de compraventa<\/strong>. Solo en el caso de que el trabajador aut\u00f3nomo haya comprado o vendido uno o varios inmuebles durante el a\u00f1o 2016.<\/span><\/li><\/ul><p>\u00a0<\/p><p><a href=\"http:\/\/tugesto.com\/alta-empresa\/\" target=\"_blank\" rel=\"noopener\"><img decoding=\"async\" class=\"alignnone wp-image-14490 size-full\" src=\"https:\/\/tugesto.com\/blog\/wp-content\/uploads\/2019\/12\/crea-empresa-asesores-expertos.png\" alt=\"Crea tu empresa gratis en tugesto con asesores expertos\" width=\"1234\" height=\"376\" srcset=\"https:\/\/tugesto.com\/blog\/wp-content\/uploads\/2019\/12\/crea-empresa-asesores-expertos.png 1234w, https:\/\/tugesto.com\/blog\/wp-content\/uploads\/2019\/12\/crea-empresa-asesores-expertos-300x91.png 300w, https:\/\/tugesto.com\/blog\/wp-content\/uploads\/2019\/12\/crea-empresa-asesores-expertos-1024x312.png 1024w, https:\/\/tugesto.com\/blog\/wp-content\/uploads\/2019\/12\/crea-empresa-asesores-expertos-768x234.png 768w\" sizes=\"(max-width: 1234px) 100vw, 1234px\" \/><\/a><\/p><p><span style=\"color: #4c4f54;\">Si el <strong>aut\u00f3nomo<\/strong> se encuentra inscrito por <strong>m\u00f3dulos<\/strong>\u00a0(en el r\u00e9gimen de estimaci\u00f3n objetiva), deber\u00e1 adjuntar \u00a0la informaci\u00f3n sobre la actividad econ\u00f3mica desempe\u00f1ada durante el a\u00f1o. <\/span><\/p><p><span style=\"color: #4c4f54;\">Es decir, documentos\u00a0sobre: el personal empleado, el consumo de energ\u00eda el\u00e9ctrica, la superficie del local, la potencia fiscal del veh\u00edculo, los ingresos, libros de bienes de inversi\u00f3n, etc.<\/span><\/p><p><span style=\"color: #4c4f54;\">En<\/span> <a href=\"http:\/\/www.tugesto.com\" target=\"_blank\" rel=\"noopener\">tugesto<\/a> <span style=\"color: #4c4f54;\">te ayudamos a preparar tu Declaraci\u00f3n de la Renta de aut\u00f3nomos para 2016 y para cualquier otro a\u00f1o\u00a0tanto para la presentaci\u00f3n telem\u00e1tica como para la presencial.<\/span><\/p><\/div><div align=\"justify\"><span style=\"color: #4c4f54;\">Para cualquier duda nuestro equipo de expertos y<\/span> <a href=\"https:\/\/tugesto.com\/asesoria-autonomos\/\" target=\"_blank\" rel=\"noopener\">asesor\u00eda de aut\u00f3nomos<\/a> <span style=\"color: #4c4f54;\">queda a tu disposici\u00f3n.<\/span><\/div>\t\t\t\t\t\t\t\t<\/div>\n\t\t\t\t<\/div>\n\t\t\t\t\t<\/div>\n\t\t<\/div>\n\t\t\t\t\t<\/div>\n\t\t<\/section>\n\t\t\t\t<\/div>\n\t\t","protected":false},"excerpt":{"rendered":"<p>Si eres aut\u00f3nomo tienes que saber que la documentaci\u00f3n para la Renta de aut\u00f3nomos 2016 var\u00eda dependiendo de si la persona que va a declarar es un aut\u00f3nomo o una persona particular (no empresaria). Todos los aut\u00f3nomos, en su categor\u00eda de contribuyentes, que hayan obtenido rentas sujetas al Impuesto sobre la Renta de Personas F\u00edsicas [&hellip;]<\/p>\n","protected":false},"author":12,"featured_media":6199,"comment_status":"open","ping_status":"open","sticky":false,"template":"","format":"image","meta":{"_eb_attr":"","content-type":"","footnotes":""},"categories":[14],"tags":[36,38],"ppma_author":[1498],"class_list":["post-6172","post","type-post","status-publish","format-image","has-post-thumbnail","hentry","category-contabilidad-y-fiscal","tag-autonomos","tag-pymes","post_format-post-format-image"],"yoast_head":"<!-- This site is optimized with the Yoast SEO plugin v27.5 - https:\/\/yoast.com\/product\/yoast-seo-wordpress\/ -->\n<title>Declaraci\u00f3n de la Renta Aut\u00f3nomos 2016 | tugesto<\/title>\n<meta name=\"description\" content=\"Si eres aut\u00f3nomo necesitas conocer qu\u00e9 documentaci\u00f3n aportar para la Declaraci\u00f3n de la Renta de aut\u00f3nomos 2016\" \/>\n<meta name=\"robots\" content=\"index, follow, max-snippet:-1, max-image-preview:large, max-video-preview:-1\" \/>\n<link rel=\"canonical\" href=\"https:\/\/tugesto.com\/blog\/autonomo-renta\/\" \/>\n<meta property=\"og:locale\" content=\"es_ES\" \/>\n<meta property=\"og:type\" content=\"article\" \/>\n<meta property=\"og:title\" content=\"Declaraci\u00f3n de la Renta Aut\u00f3nomos 2016 | tugesto\" \/>\n<meta property=\"og:description\" content=\"Si eres aut\u00f3nomo necesitas conocer qu\u00e9 documentaci\u00f3n aportar para la Declaraci\u00f3n de la Renta de aut\u00f3nomos 2016\" \/>\n<meta property=\"og:url\" content=\"https:\/\/tugesto.com\/blog\/autonomo-renta\/\" \/>\n<meta property=\"og:site_name\" content=\"Blog: \u00a1Aprende a emprender! | tugesto\" \/>\n<meta property=\"article:publisher\" content=\"https:\/\/www.facebook.com\/tugesto\/\" \/>\n<meta property=\"article:published_time\" content=\"2017-03-30T10:01:24+00:00\" \/>\n<meta property=\"article:modified_time\" content=\"2024-05-20T07:51:46+00:00\" \/>\n<meta property=\"og:image\" content=\"https:\/\/tugesto.com\/blog\/wp-content\/uploads\/2014\/12\/autonomo-renta.jpg\" \/>\n\t<meta property=\"og:image:width\" content=\"700\" \/>\n\t<meta property=\"og:image:height\" content=\"329\" \/>\n\t<meta property=\"og:image:type\" content=\"image\/jpeg\" \/>\n<meta name=\"author\" content=\"David Fern\u00e1ndez\" \/>\n<meta name=\"twitter:card\" content=\"summary_large_image\" \/>\n<meta name=\"twitter:label1\" content=\"Escrito por\" \/>\n\t<meta name=\"twitter:data1\" content=\"David Fern\u00e1ndez\" \/>\n\t<meta name=\"twitter:label2\" content=\"Tiempo de lectura\" \/>\n\t<meta name=\"twitter:data2\" content=\"3 minutos\" \/>\n<script type=\"application\/ld+json\" class=\"yoast-schema-graph\">{\"@context\":\"https:\\\/\\\/schema.org\",\"@graph\":[{\"@type\":\"Article\",\"@id\":\"https:\\\/\\\/tugesto.com\\\/blog\\\/autonomo-renta\\\/#article\",\"isPartOf\":{\"@id\":\"https:\\\/\\\/tugesto.com\\\/blog\\\/autonomo-renta\\\/\"},\"author\":{\"name\":\"David Fern\u00e1ndez\",\"@id\":\"https:\\\/\\\/tugesto.com\\\/blog\\\/#\\\/schema\\\/person\\\/737f4a72f2e3855c9e8df888851bfef9\"},\"headline\":\"Declaraci\u00f3n de la Renta Aut\u00f3nomos para 2016\",\"datePublished\":\"2017-03-30T10:01:24+00:00\",\"dateModified\":\"2024-05-20T07:51:46+00:00\",\"mainEntityOfPage\":{\"@id\":\"https:\\\/\\\/tugesto.com\\\/blog\\\/autonomo-renta\\\/\"},\"wordCount\":503,\"commentCount\":0,\"publisher\":{\"@id\":\"https:\\\/\\\/tugesto.com\\\/blog\\\/#organization\"},\"image\":{\"@id\":\"https:\\\/\\\/tugesto.com\\\/blog\\\/autonomo-renta\\\/#primaryimage\"},\"thumbnailUrl\":\"https:\\\/\\\/tugesto.com\\\/blog\\\/wp-content\\\/uploads\\\/2014\\\/12\\\/autonomo-renta.jpg\",\"keywords\":[\"aut\u00f3nomos\",\"pymes\"],\"articleSection\":[\"Contabilidad y Fiscal\"],\"inLanguage\":\"es\",\"potentialAction\":[{\"@type\":\"CommentAction\",\"name\":\"Comment\",\"target\":[\"https:\\\/\\\/tugesto.com\\\/blog\\\/autonomo-renta\\\/#respond\"]}]},{\"@type\":\"WebPage\",\"@id\":\"https:\\\/\\\/tugesto.com\\\/blog\\\/autonomo-renta\\\/\",\"url\":\"https:\\\/\\\/tugesto.com\\\/blog\\\/autonomo-renta\\\/\",\"name\":\"Declaraci\u00f3n de la Renta Aut\u00f3nomos 2016 | tugesto\",\"isPartOf\":{\"@id\":\"https:\\\/\\\/tugesto.com\\\/blog\\\/#website\"},\"primaryImageOfPage\":{\"@id\":\"https:\\\/\\\/tugesto.com\\\/blog\\\/autonomo-renta\\\/#primaryimage\"},\"image\":{\"@id\":\"https:\\\/\\\/tugesto.com\\\/blog\\\/autonomo-renta\\\/#primaryimage\"},\"thumbnailUrl\":\"https:\\\/\\\/tugesto.com\\\/blog\\\/wp-content\\\/uploads\\\/2014\\\/12\\\/autonomo-renta.jpg\",\"datePublished\":\"2017-03-30T10:01:24+00:00\",\"dateModified\":\"2024-05-20T07:51:46+00:00\",\"description\":\"Si eres aut\u00f3nomo necesitas conocer qu\u00e9 documentaci\u00f3n aportar para la Declaraci\u00f3n de la Renta de aut\u00f3nomos 2016\",\"breadcrumb\":{\"@id\":\"https:\\\/\\\/tugesto.com\\\/blog\\\/autonomo-renta\\\/#breadcrumb\"},\"inLanguage\":\"es\",\"potentialAction\":[{\"@type\":\"ReadAction\",\"target\":[\"https:\\\/\\\/tugesto.com\\\/blog\\\/autonomo-renta\\\/\"]}]},{\"@type\":\"ImageObject\",\"inLanguage\":\"es\",\"@id\":\"https:\\\/\\\/tugesto.com\\\/blog\\\/autonomo-renta\\\/#primaryimage\",\"url\":\"https:\\\/\\\/tugesto.com\\\/blog\\\/wp-content\\\/uploads\\\/2014\\\/12\\\/autonomo-renta.jpg\",\"contentUrl\":\"https:\\\/\\\/tugesto.com\\\/blog\\\/wp-content\\\/uploads\\\/2014\\\/12\\\/autonomo-renta.jpg\",\"width\":700,\"height\":329,\"caption\":\"Conoce qu\u00e9 documentos necesitas para presentar la declaraci\u00f3n de la renta de 2016 si eres aut\u00f3nomo\"},{\"@type\":\"BreadcrumbList\",\"@id\":\"https:\\\/\\\/tugesto.com\\\/blog\\\/autonomo-renta\\\/#breadcrumb\",\"itemListElement\":[{\"@type\":\"ListItem\",\"position\":1,\"name\":\"Home\",\"item\":\"https:\\\/\\\/tugesto.com\\\/blog\\\/\"},{\"@type\":\"ListItem\",\"position\":2,\"name\":\"Contabilidad y Fiscal\",\"item\":\"https:\\\/\\\/tugesto.com\\\/blog\\\/category\\\/contabilidad-y-fiscal\\\/\"},{\"@type\":\"ListItem\",\"position\":3,\"name\":\"Declaraci\u00f3n de la Renta Aut\u00f3nomos para 2016\"}]},{\"@type\":\"WebSite\",\"@id\":\"https:\\\/\\\/tugesto.com\\\/blog\\\/#website\",\"url\":\"https:\\\/\\\/tugesto.com\\\/blog\\\/\",\"name\":\"Blog tugesto\",\"description\":\"\ud83d\udcda Blog especializado para aut\u00f3nomos y pymes. Encuentra semanalmente nuevos posts, recursos y gu\u00edas. La ayuda que necesitas para tu negocio.\",\"publisher\":{\"@id\":\"https:\\\/\\\/tugesto.com\\\/blog\\\/#organization\"},\"potentialAction\":[{\"@type\":\"SearchAction\",\"target\":{\"@type\":\"EntryPoint\",\"urlTemplate\":\"https:\\\/\\\/tugesto.com\\\/blog\\\/?s={search_term_string}\"},\"query-input\":{\"@type\":\"PropertyValueSpecification\",\"valueRequired\":true,\"valueName\":\"search_term_string\"}}],\"inLanguage\":\"es\"},{\"@type\":\"Organization\",\"@id\":\"https:\\\/\\\/tugesto.com\\\/blog\\\/#organization\",\"name\":\"tugesto\",\"url\":\"https:\\\/\\\/tugesto.com\\\/blog\\\/\",\"logo\":{\"@type\":\"ImageObject\",\"inLanguage\":\"es\",\"@id\":\"https:\\\/\\\/tugesto.com\\\/blog\\\/#\\\/schema\\\/logo\\\/image\\\/\",\"url\":\"https:\\\/\\\/tugesto.com\\\/blog\\\/wp-content\\\/uploads\\\/2019\\\/06\\\/logo_tugesto.png\",\"contentUrl\":\"https:\\\/\\\/tugesto.com\\\/blog\\\/wp-content\\\/uploads\\\/2019\\\/06\\\/logo_tugesto.png\",\"width\":190,\"height\":63,\"caption\":\"tugesto\"},\"image\":{\"@id\":\"https:\\\/\\\/tugesto.com\\\/blog\\\/#\\\/schema\\\/logo\\\/image\\\/\"},\"sameAs\":[\"https:\\\/\\\/www.facebook.com\\\/tugesto\\\/\",\"https:\\\/\\\/www.instagram.com\\\/tugesto_online\\\/\"]},{\"@type\":\"Person\",\"@id\":\"https:\\\/\\\/tugesto.com\\\/blog\\\/#\\\/schema\\\/person\\\/737f4a72f2e3855c9e8df888851bfef9\",\"name\":\"David Fern\u00e1ndez\",\"image\":{\"@type\":\"ImageObject\",\"inLanguage\":\"es\",\"@id\":\"https:\\\/\\\/tugesto.com\\\/blog\\\/wp-content\\\/uploads\\\/2024\\\/05\\\/david-fernandez.png2882f1d57e6812c9fc588cf346c4e7d0\",\"url\":\"https:\\\/\\\/tugesto.com\\\/blog\\\/wp-content\\\/uploads\\\/2024\\\/05\\\/david-fernandez.png\",\"contentUrl\":\"https:\\\/\\\/tugesto.com\\\/blog\\\/wp-content\\\/uploads\\\/2024\\\/05\\\/david-fernandez.png\",\"caption\":\"David Fern\u00e1ndez\"},\"description\":\"Asesor contable y fiscal\"}]}<\/script>\n<!-- \/ Yoast SEO plugin. -->","yoast_head_json":{"title":"Declaraci\u00f3n de la Renta Aut\u00f3nomos 2016 | tugesto","description":"Si eres aut\u00f3nomo necesitas conocer qu\u00e9 documentaci\u00f3n aportar para la Declaraci\u00f3n de la Renta de aut\u00f3nomos 2016","robots":{"index":"index","follow":"follow","max-snippet":"max-snippet:-1","max-image-preview":"max-image-preview:large","max-video-preview":"max-video-preview:-1"},"canonical":"https:\/\/tugesto.com\/blog\/autonomo-renta\/","og_locale":"es_ES","og_type":"article","og_title":"Declaraci\u00f3n de la Renta Aut\u00f3nomos 2016 | tugesto","og_description":"Si eres aut\u00f3nomo necesitas conocer qu\u00e9 documentaci\u00f3n aportar para la Declaraci\u00f3n de la Renta de aut\u00f3nomos 2016","og_url":"https:\/\/tugesto.com\/blog\/autonomo-renta\/","og_site_name":"Blog: \u00a1Aprende a emprender! | tugesto","article_publisher":"https:\/\/www.facebook.com\/tugesto\/","article_published_time":"2017-03-30T10:01:24+00:00","article_modified_time":"2024-05-20T07:51:46+00:00","og_image":[{"width":700,"height":329,"url":"https:\/\/tugesto.com\/blog\/wp-content\/uploads\/2014\/12\/autonomo-renta.jpg","type":"image\/jpeg"}],"author":"David Fern\u00e1ndez","twitter_card":"summary_large_image","twitter_misc":{"Escrito por":"David Fern\u00e1ndez","Tiempo de lectura":"3 minutos"},"schema":{"@context":"https:\/\/schema.org","@graph":[{"@type":"Article","@id":"https:\/\/tugesto.com\/blog\/autonomo-renta\/#article","isPartOf":{"@id":"https:\/\/tugesto.com\/blog\/autonomo-renta\/"},"author":{"name":"David Fern\u00e1ndez","@id":"https:\/\/tugesto.com\/blog\/#\/schema\/person\/737f4a72f2e3855c9e8df888851bfef9"},"headline":"Declaraci\u00f3n de la Renta Aut\u00f3nomos para 2016","datePublished":"2017-03-30T10:01:24+00:00","dateModified":"2024-05-20T07:51:46+00:00","mainEntityOfPage":{"@id":"https:\/\/tugesto.com\/blog\/autonomo-renta\/"},"wordCount":503,"commentCount":0,"publisher":{"@id":"https:\/\/tugesto.com\/blog\/#organization"},"image":{"@id":"https:\/\/tugesto.com\/blog\/autonomo-renta\/#primaryimage"},"thumbnailUrl":"https:\/\/tugesto.com\/blog\/wp-content\/uploads\/2014\/12\/autonomo-renta.jpg","keywords":["aut\u00f3nomos","pymes"],"articleSection":["Contabilidad y Fiscal"],"inLanguage":"es","potentialAction":[{"@type":"CommentAction","name":"Comment","target":["https:\/\/tugesto.com\/blog\/autonomo-renta\/#respond"]}]},{"@type":"WebPage","@id":"https:\/\/tugesto.com\/blog\/autonomo-renta\/","url":"https:\/\/tugesto.com\/blog\/autonomo-renta\/","name":"Declaraci\u00f3n de la Renta Aut\u00f3nomos 2016 | tugesto","isPartOf":{"@id":"https:\/\/tugesto.com\/blog\/#website"},"primaryImageOfPage":{"@id":"https:\/\/tugesto.com\/blog\/autonomo-renta\/#primaryimage"},"image":{"@id":"https:\/\/tugesto.com\/blog\/autonomo-renta\/#primaryimage"},"thumbnailUrl":"https:\/\/tugesto.com\/blog\/wp-content\/uploads\/2014\/12\/autonomo-renta.jpg","datePublished":"2017-03-30T10:01:24+00:00","dateModified":"2024-05-20T07:51:46+00:00","description":"Si eres aut\u00f3nomo necesitas conocer qu\u00e9 documentaci\u00f3n aportar para la Declaraci\u00f3n de la Renta de aut\u00f3nomos 2016","breadcrumb":{"@id":"https:\/\/tugesto.com\/blog\/autonomo-renta\/#breadcrumb"},"inLanguage":"es","potentialAction":[{"@type":"ReadAction","target":["https:\/\/tugesto.com\/blog\/autonomo-renta\/"]}]},{"@type":"ImageObject","inLanguage":"es","@id":"https:\/\/tugesto.com\/blog\/autonomo-renta\/#primaryimage","url":"https:\/\/tugesto.com\/blog\/wp-content\/uploads\/2014\/12\/autonomo-renta.jpg","contentUrl":"https:\/\/tugesto.com\/blog\/wp-content\/uploads\/2014\/12\/autonomo-renta.jpg","width":700,"height":329,"caption":"Conoce qu\u00e9 documentos necesitas para presentar la declaraci\u00f3n de la renta de 2016 si eres aut\u00f3nomo"},{"@type":"BreadcrumbList","@id":"https:\/\/tugesto.com\/blog\/autonomo-renta\/#breadcrumb","itemListElement":[{"@type":"ListItem","position":1,"name":"Home","item":"https:\/\/tugesto.com\/blog\/"},{"@type":"ListItem","position":2,"name":"Contabilidad y Fiscal","item":"https:\/\/tugesto.com\/blog\/category\/contabilidad-y-fiscal\/"},{"@type":"ListItem","position":3,"name":"Declaraci\u00f3n de la Renta Aut\u00f3nomos para 2016"}]},{"@type":"WebSite","@id":"https:\/\/tugesto.com\/blog\/#website","url":"https:\/\/tugesto.com\/blog\/","name":"Blog tugesto","description":"\ud83d\udcda Blog especializado para aut\u00f3nomos y pymes. Encuentra semanalmente nuevos posts, recursos y gu\u00edas. La ayuda que necesitas para tu negocio.","publisher":{"@id":"https:\/\/tugesto.com\/blog\/#organization"},"potentialAction":[{"@type":"SearchAction","target":{"@type":"EntryPoint","urlTemplate":"https:\/\/tugesto.com\/blog\/?s={search_term_string}"},"query-input":{"@type":"PropertyValueSpecification","valueRequired":true,"valueName":"search_term_string"}}],"inLanguage":"es"},{"@type":"Organization","@id":"https:\/\/tugesto.com\/blog\/#organization","name":"tugesto","url":"https:\/\/tugesto.com\/blog\/","logo":{"@type":"ImageObject","inLanguage":"es","@id":"https:\/\/tugesto.com\/blog\/#\/schema\/logo\/image\/","url":"https:\/\/tugesto.com\/blog\/wp-content\/uploads\/2019\/06\/logo_tugesto.png","contentUrl":"https:\/\/tugesto.com\/blog\/wp-content\/uploads\/2019\/06\/logo_tugesto.png","width":190,"height":63,"caption":"tugesto"},"image":{"@id":"https:\/\/tugesto.com\/blog\/#\/schema\/logo\/image\/"},"sameAs":["https:\/\/www.facebook.com\/tugesto\/","https:\/\/www.instagram.com\/tugesto_online\/"]},{"@type":"Person","@id":"https:\/\/tugesto.com\/blog\/#\/schema\/person\/737f4a72f2e3855c9e8df888851bfef9","name":"David Fern\u00e1ndez","image":{"@type":"ImageObject","inLanguage":"es","@id":"https:\/\/tugesto.com\/blog\/wp-content\/uploads\/2024\/05\/david-fernandez.png2882f1d57e6812c9fc588cf346c4e7d0","url":"https:\/\/tugesto.com\/blog\/wp-content\/uploads\/2024\/05\/david-fernandez.png","contentUrl":"https:\/\/tugesto.com\/blog\/wp-content\/uploads\/2024\/05\/david-fernandez.png","caption":"David Fern\u00e1ndez"},"description":"Asesor contable y fiscal"}]}},"authors":[{"term_id":1498,"user_id":12,"is_guest":0,"slug":"david-fernandez","display_name":"David Fern\u00e1ndez","avatar_url":{"url":"https:\/\/tugesto.com\/blog\/wp-content\/uploads\/2024\/05\/david-fernandez.png","url2x":"https:\/\/tugesto.com\/blog\/wp-content\/uploads\/2024\/05\/david-fernandez.png"},"0":null,"1":"","2":"","3":"","4":"","5":"","6":"","7":"","8":""}],"_links":{"self":[{"href":"https:\/\/tugesto.com\/blog\/wp-json\/wp\/v2\/posts\/6172","targetHints":{"allow":["GET"]}}],"collection":[{"href":"https:\/\/tugesto.com\/blog\/wp-json\/wp\/v2\/posts"}],"about":[{"href":"https:\/\/tugesto.com\/blog\/wp-json\/wp\/v2\/types\/post"}],"author":[{"embeddable":true,"href":"https:\/\/tugesto.com\/blog\/wp-json\/wp\/v2\/users\/12"}],"replies":[{"embeddable":true,"href":"https:\/\/tugesto.com\/blog\/wp-json\/wp\/v2\/comments?post=6172"}],"version-history":[{"count":9,"href":"https:\/\/tugesto.com\/blog\/wp-json\/wp\/v2\/posts\/6172\/revisions"}],"predecessor-version":[{"id":35666,"href":"https:\/\/tugesto.com\/blog\/wp-json\/wp\/v2\/posts\/6172\/revisions\/35666"}],"wp:featuredmedia":[{"embeddable":true,"href":"https:\/\/tugesto.com\/blog\/wp-json\/wp\/v2\/media\/6199"}],"wp:attachment":[{"href":"https:\/\/tugesto.com\/blog\/wp-json\/wp\/v2\/media?parent=6172"}],"wp:term":[{"taxonomy":"category","embeddable":true,"href":"https:\/\/tugesto.com\/blog\/wp-json\/wp\/v2\/categories?post=6172"},{"taxonomy":"post_tag","embeddable":true,"href":"https:\/\/tugesto.com\/blog\/wp-json\/wp\/v2\/tags?post=6172"},{"taxonomy":"author","embeddable":true,"href":"https:\/\/tugesto.com\/blog\/wp-json\/wp\/v2\/ppma_author?post=6172"}],"curies":[{"name":"wp","href":"https:\/\/api.w.org\/{rel}","templated":true}]}}