{"id":612,"date":"2015-05-07T10:23:53","date_gmt":"2015-05-07T09:23:53","guid":{"rendered":"http:\/\/tugesto.com\/blog\/?p=612"},"modified":"2024-05-22T09:12:53","modified_gmt":"2024-05-22T07:12:53","slug":"estoy-jubilado-tengo-que-hacer-la-declaracion-de-la-renta","status":"publish","type":"post","link":"https:\/\/tugesto.com\/blog\/estoy-jubilado-tengo-que-hacer-la-declaracion-de-la-renta\/","title":{"rendered":"Declaraci\u00f3n de la Renta de un jubilado: todo lo importante"},"content":{"rendered":"\t\t<div data-elementor-type=\"wp-post\" data-elementor-id=\"612\" class=\"elementor elementor-612\" data-elementor-post-type=\"post\">\n\t\t\t\t\t\t<section class=\"elementor-section elementor-top-section elementor-element elementor-element-4eb5726a elementor-section-boxed elementor-section-height-default elementor-section-height-default\" data-id=\"4eb5726a\" data-element_type=\"section\">\n\t\t\t\t\t\t<div class=\"elementor-container elementor-column-gap-default\">\n\t\t\t\t\t<div class=\"elementor-column elementor-col-100 elementor-top-column elementor-element elementor-element-55baa6d2\" data-id=\"55baa6d2\" data-element_type=\"column\">\n\t\t\t<div class=\"elementor-widget-wrap elementor-element-populated\">\n\t\t\t\t\t\t<div class=\"elementor-element elementor-element-4564ad05 elementor-widget elementor-widget-text-editor\" data-id=\"4564ad05\" data-element_type=\"widget\" data-widget_type=\"text-editor.default\">\n\t\t\t\t<div class=\"elementor-widget-container\">\n\t\t\t\t\t\t\t\t\t<p style=\"text-align: justify;\">Cuando llega la <strong>campa\u00f1a de la<\/strong> <strong>declaraci\u00f3n de la renta<\/strong> hay algunos temas que preocupan a nuestros clientes y que, desde tugesto, queremos resolver a trav\u00e9s de art\u00edculos como este en nuestro blog. <strong>Una de las cuestiones m\u00e1s realizadas es la Declaraci\u00f3n de la renta de un jubilado<\/strong>. \u00bfObligatorio? \u00bfExento?\u00a0<\/p>\n<p style=\"text-align: justify;\"><a href=\"http:\/\/tugesto.com\" target=\"_blank\" rel=\"noopener\"><img fetchpriority=\"high\" decoding=\"async\" class=\"alignnone wp-image-14765 size-full\" src=\"https:\/\/tugesto.com\/blog\/wp-content\/uploads\/2020\/01\/asesoria_online_tugesto.jpg\" alt=\"Ahorra tiempo y dinero con nuestra gesti\u00f3n online\" width=\"800\" height=\"241\" srcset=\"https:\/\/tugesto.com\/blog\/wp-content\/uploads\/2020\/01\/asesoria_online_tugesto.jpg 800w, https:\/\/tugesto.com\/blog\/wp-content\/uploads\/2020\/01\/asesoria_online_tugesto-300x90.jpg 300w, https:\/\/tugesto.com\/blog\/wp-content\/uploads\/2020\/01\/asesoria_online_tugesto-768x231.jpg 768w\" sizes=\"(max-width: 800px) 100vw, 800px\" \/><\/a><\/p>\n<h2>Cu\u00e1ndo es obligatoria la Declaraci\u00f3n de la Renta de un jubilado<\/h2>\n<p style=\"text-align: justify;\">En esta ocasi\u00f3n, vuestras preguntas coinciden en resolver la cuesti\u00f3n acerca de <strong>si los pensionistas tienen que hacer la declaraci\u00f3n<\/strong>.<\/p>\n<p style=\"text-align: justify;\">Pues bien, al igual que sucede durante la vida laboral, <strong>la pensi\u00f3n de jubilaci\u00f3n se considera un rendimiento del trabajo, por lo que no est\u00e1 exenta\u00a0de impuesto<\/strong>.<\/p>\n<p style=\"text-align: justify;\">Asimismo, seg\u00fan el <a href=\"http:\/\/www.agenciatributaria.es\/static_files\/AEAT\/Contenidos_Comunes\/La_Agencia_Tributaria\/Informacion_institucional\/Campanias\/Renta\/2015\/Manual_Renta_2015_es_es.pdf\" target=\"_blank\" rel=\"nofollow noopener noreferrer\">manual pr\u00e1ctico RENTA<\/a>, <strong>los jubilados tienen las mismas obligaciones<\/strong> <strong>que cualquier persona que percibe rentas sujetas al IRPF<\/strong>, por lo que tienen que presentar la declaraci\u00f3n si los ingresos superan las cantidades m\u00ednimas establecidas en la normativa fiscal.<\/p>\n<p><span style=\"color: #4c4f54;\">Por ejemplo, si un jubilado recibe rendimiento del capital inmobiliario por encima de los 1.600\u20ac, tendr\u00e1 la obligaci\u00f3n de presentar la declaraci\u00f3n de la renta. o tambi\u00e9n cuando se haya cobrado una pensi\u00f3n, como la de viudedad, y los ingresos anuales hayan superado los 22.000\u20ac.<\/span><\/p>\n<h3 style=\"text-align: justify;\">\u00bfEn qu\u00e9 casos el\u00a0jubilado\u00a0no est\u00e1 obligado a presentar la declaraci\u00f3n por el IRPF?<\/h3>\n<p>Existen algunos casos en los que el jubilado est\u00e1 exento de hacer la declaraci\u00f3n de la renta y constan en la Agencia Tributaria:<\/p>\n<ul>\n<li>Si no se superan los <strong>22.000\u20ac brutos anuales<\/strong>.<\/li>\n<\/ul>\n<ul>\n<li>No obstante, el l\u00edmite ser\u00e1 s\u00f3lo de <strong>10.000\u20ac<\/strong> en los casos siguientes:\n<ul>\n<li>Cuando los rendimientos del trabajo se perciben de m\u00e1s de un pagador y la suma de las cantidades percibidas del <strong>segundo y siguientes pagadores<\/strong> ascienda a m\u00e1s de 1.500\u20ac.<\/li>\n<li>Cuando se perciban <strong>pensiones compensatorias<\/strong> del c\u00f3nyuge o anualidades por alimentos, por decisi\u00f3n judicial.<\/li>\n<li>Si las <strong>ganancias patrimoniales sometidas a retenci\u00f3n no superan 1.600\u20ac brutos<\/strong>.<\/li>\n<\/ul>\n<\/li>\n<\/ul>\n<ul>\n<li>Las <strong>rentas inmobiliarias<\/strong> imputadas, rendimientos de Letras del Tesoro y subvenciones para adquisici\u00f3n de viviendas de protecci\u00f3n oficial o de precio tasado, con el limite conjunto de 1.000\u20ac anuales y p\u00e9rdidas patrimoniales de menos de 500\u20ac.<\/li>\n<\/ul>\n<ul>\n<li>Tampoco tiene obligaci\u00f3n de declarar los que obtengan s\u00f3lo las siguientes rentas: del trabajo, del capital, de actividades profesionales y ganancias patrimoniales con el l\u00edmite conjunto de <strong>1.000 \u20ac brutos anuales<\/strong>.<\/li>\n<li>Si recibes <strong>pensiones procedentes del extranjero<\/strong>, no estar\u00e1s obligado\/a a declararlas si no superan los 1.500\u20ac.<\/li>\n<li>En caso de<strong> incapacidad permanente o gran incapacidad<\/strong>, estar\u00e1n tambi\u00e9n exentas.<\/li>\n<\/ul>\n<p>En el caso de que tengas que hacer la declaraci\u00f3n de la renta, no est\u00e1 dem\u00e1s que conozcas las ventajas de contar con un gestor para hacer tu declaraci\u00f3n.<\/p>\n<p><a href=\"http:\/\/tugesto.com\/software-fiscal\" target=\"_blank\" rel=\"noopener\"><img decoding=\"async\" class=\"alignnone wp-image-14766 size-full\" src=\"https:\/\/tugesto.com\/blog\/wp-content\/uploads\/2020\/01\/gestionar_fiscalidad_online.jpg\" alt=\"Gestiona tu fiscalidad online con respaldo de asesores expertos\" width=\"798\" height=\"241\" srcset=\"https:\/\/tugesto.com\/blog\/wp-content\/uploads\/2020\/01\/gestionar_fiscalidad_online.jpg 798w, https:\/\/tugesto.com\/blog\/wp-content\/uploads\/2020\/01\/gestionar_fiscalidad_online-300x91.jpg 300w, https:\/\/tugesto.com\/blog\/wp-content\/uploads\/2020\/01\/gestionar_fiscalidad_online-768x232.jpg 768w\" sizes=\"(max-width: 798px) 100vw, 798px\" \/><\/a><\/p>\n<h2>La Declaraci\u00f3n de la renta de un jubilado con tugesto<\/h2>\n<p style=\"text-align: justify;\">Tal y como acabamos de ver, l<strong>os jubilados tienen que cumplir una serie de requisitos para quedar exentos de hacer la declaraci\u00f3n de la renta<\/strong>. Como te puedes imaginar, no es una tarea f\u00e1cil por lo que desde tugesto, abogados y asesores online, queremos ayudarte en estos tr\u00e1mites y gestiones que pueden resultar mucho m\u00e1s tediosos de lo que realmente parecen a primera vista.<\/p>\n<p>Informarte que si te dedicas al sector de la salud puedes acogerte a la jubilaci\u00f3n activa mejorada: permitiendo que puedas seguir trabajando a partir de los 65 y hasta los 70 \u00abque compatibiliza la mitad del salario con el 75 por ciento de la pensi\u00f3n, en condiciones concretas y durante una duraci\u00f3n determinada\u00bb.<\/p>\n<p style=\"text-align: justify;\">Si necesitas m\u00e1s informaci\u00f3n para <strong>hacer tu Declaraci\u00f3n de la Renta<\/strong> como jubilado, contacta con nosotros y no te compliques:<\/p>\n\n<p>*Esta campa\u00f1a ya no est\u00e1 disponible. A partir de abril ya puedes solicitar tu declaraci\u00f3n de este a\u00f1o.<\/p>\n\n<p>O si lo prefieres env\u00eda un correo a\u00a0<a href=\"mailto:info@tugesto.com\">info@tugesto.com<\/a>\u00a0o llama al\u00a0 902 105 962 \u2013 963 111 919, \u00a1te esperamos!<\/p>\n\t\t\t\t\t\t\t\t<\/div>\n\t\t\t\t<\/div>\n\t\t\t\t\t<\/div>\n\t\t<\/div>\n\t\t\t\t\t<\/div>\n\t\t<\/section>\n\t\t\t\t<\/div>\n\t\t","protected":false},"excerpt":{"rendered":"<p>Cuando llega la campa\u00f1a de la declaraci\u00f3n de la renta hay algunos temas que preocupan a nuestros clientes y que, desde tugesto, queremos resolver a trav\u00e9s de art\u00edculos como este en nuestro blog. Una de las cuestiones m\u00e1s realizadas es la Declaraci\u00f3n de la renta de un jubilado. \u00bfObligatorio? \u00bfExento?\u00a0 Cu\u00e1ndo es obligatoria la Declaraci\u00f3n [&hellip;]<\/p>\n","protected":false},"author":11,"featured_media":4881,"comment_status":"open","ping_status":"open","sticky":false,"template":"","format":"image","meta":{"_eb_attr":"","content-type":"","footnotes":""},"categories":[23],"tags":[36,38],"ppma_author":[1497],"class_list":["post-612","post","type-post","status-publish","format-image","has-post-thumbnail","hentry","category-consultas-legales","tag-autonomos","tag-pymes","post_format-post-format-image"],"yoast_head":"<!-- This site is optimized with the Yoast SEO plugin v26.8 - https:\/\/yoast.com\/product\/yoast-seo-wordpress\/ -->\n<title>Todo sobre Declaraci\u00f3n de la Renta de un jubilado | tugesto<\/title>\n<meta name=\"description\" content=\"Con este post averiguar\u00e1s todo lo relativo a la Declaraci\u00f3n de la Renta de un jubilado, si est\u00e1 obligado, exento o cu\u00e1l es su situaci\u00f3n\" \/>\n<meta name=\"robots\" content=\"index, follow, max-snippet:-1, max-image-preview:large, max-video-preview:-1\" \/>\n<link rel=\"canonical\" href=\"https:\/\/tugesto.com\/blog\/estoy-jubilado-tengo-que-hacer-la-declaracion-de-la-renta\/\" \/>\n<meta property=\"og:locale\" content=\"es_ES\" \/>\n<meta property=\"og:type\" content=\"article\" \/>\n<meta property=\"og:title\" content=\"Todo sobre Declaraci\u00f3n de la Renta de un jubilado | tugesto\" \/>\n<meta property=\"og:description\" content=\"Con este post averiguar\u00e1s todo lo relativo a la Declaraci\u00f3n de la Renta de un jubilado, si est\u00e1 obligado, exento o cu\u00e1l es su situaci\u00f3n\" \/>\n<meta property=\"og:url\" content=\"https:\/\/tugesto.com\/blog\/estoy-jubilado-tengo-que-hacer-la-declaracion-de-la-renta\/\" \/>\n<meta property=\"og:site_name\" content=\"Blog: \u00a1Aprende a emprender! | tugesto\" \/>\n<meta property=\"article:publisher\" content=\"https:\/\/www.facebook.com\/tugesto\/\" \/>\n<meta property=\"article:published_time\" content=\"2015-05-07T09:23:53+00:00\" \/>\n<meta property=\"article:modified_time\" content=\"2024-05-22T07:12:53+00:00\" \/>\n<meta property=\"og:image\" content=\"https:\/\/tugesto.com\/blog\/wp-content\/uploads\/2014\/12\/declaracion-renta-jubilacion.jpg\" \/>\n\t<meta property=\"og:image:width\" content=\"680\" \/>\n\t<meta property=\"og:image:height\" content=\"320\" \/>\n\t<meta property=\"og:image:type\" content=\"image\/jpeg\" \/>\n<meta name=\"author\" content=\"Nerea Moreno\" \/>\n<meta name=\"twitter:card\" content=\"summary_large_image\" \/>\n<meta name=\"twitter:label1\" content=\"Escrito por\" \/>\n\t<meta name=\"twitter:data1\" content=\"Nerea Moreno\" \/>\n\t<meta name=\"twitter:label2\" content=\"Tiempo de lectura\" \/>\n\t<meta name=\"twitter:data2\" content=\"4 minutos\" \/>\n<script type=\"application\/ld+json\" class=\"yoast-schema-graph\">{\"@context\":\"https:\/\/schema.org\",\"@graph\":[{\"@type\":\"Article\",\"@id\":\"https:\/\/tugesto.com\/blog\/estoy-jubilado-tengo-que-hacer-la-declaracion-de-la-renta\/#article\",\"isPartOf\":{\"@id\":\"https:\/\/tugesto.com\/blog\/estoy-jubilado-tengo-que-hacer-la-declaracion-de-la-renta\/\"},\"author\":{\"name\":\"Nerea Moreno\",\"@id\":\"https:\/\/tugesto.com\/blog\/#\/schema\/person\/1d79d9711eecb4874b4576dfbf50e267\"},\"headline\":\"Declaraci\u00f3n de la Renta de un jubilado: todo lo importante\",\"datePublished\":\"2015-05-07T09:23:53+00:00\",\"dateModified\":\"2024-05-22T07:12:53+00:00\",\"mainEntityOfPage\":{\"@id\":\"https:\/\/tugesto.com\/blog\/estoy-jubilado-tengo-que-hacer-la-declaracion-de-la-renta\/\"},\"wordCount\":666,\"commentCount\":0,\"publisher\":{\"@id\":\"https:\/\/tugesto.com\/blog\/#organization\"},\"image\":{\"@id\":\"https:\/\/tugesto.com\/blog\/estoy-jubilado-tengo-que-hacer-la-declaracion-de-la-renta\/#primaryimage\"},\"thumbnailUrl\":\"https:\/\/tugesto.com\/blog\/wp-content\/uploads\/2014\/12\/declaracion-renta-jubilacion.jpg\",\"keywords\":[\"aut\u00f3nomos\",\"pymes\"],\"articleSection\":[\"Consultas legales\"],\"inLanguage\":\"es\",\"potentialAction\":[{\"@type\":\"CommentAction\",\"name\":\"Comment\",\"target\":[\"https:\/\/tugesto.com\/blog\/estoy-jubilado-tengo-que-hacer-la-declaracion-de-la-renta\/#respond\"]}]},{\"@type\":\"WebPage\",\"@id\":\"https:\/\/tugesto.com\/blog\/estoy-jubilado-tengo-que-hacer-la-declaracion-de-la-renta\/\",\"url\":\"https:\/\/tugesto.com\/blog\/estoy-jubilado-tengo-que-hacer-la-declaracion-de-la-renta\/\",\"name\":\"Todo sobre Declaraci\u00f3n de la Renta de un jubilado | tugesto\",\"isPartOf\":{\"@id\":\"https:\/\/tugesto.com\/blog\/#website\"},\"primaryImageOfPage\":{\"@id\":\"https:\/\/tugesto.com\/blog\/estoy-jubilado-tengo-que-hacer-la-declaracion-de-la-renta\/#primaryimage\"},\"image\":{\"@id\":\"https:\/\/tugesto.com\/blog\/estoy-jubilado-tengo-que-hacer-la-declaracion-de-la-renta\/#primaryimage\"},\"thumbnailUrl\":\"https:\/\/tugesto.com\/blog\/wp-content\/uploads\/2014\/12\/declaracion-renta-jubilacion.jpg\",\"datePublished\":\"2015-05-07T09:23:53+00:00\",\"dateModified\":\"2024-05-22T07:12:53+00:00\",\"description\":\"Con este post averiguar\u00e1s todo lo relativo a la Declaraci\u00f3n de la Renta de un jubilado, si est\u00e1 obligado, exento o cu\u00e1l es su situaci\u00f3n\",\"breadcrumb\":{\"@id\":\"https:\/\/tugesto.com\/blog\/estoy-jubilado-tengo-que-hacer-la-declaracion-de-la-renta\/#breadcrumb\"},\"inLanguage\":\"es\",\"potentialAction\":[{\"@type\":\"ReadAction\",\"target\":[\"https:\/\/tugesto.com\/blog\/estoy-jubilado-tengo-que-hacer-la-declaracion-de-la-renta\/\"]}]},{\"@type\":\"ImageObject\",\"inLanguage\":\"es\",\"@id\":\"https:\/\/tugesto.com\/blog\/estoy-jubilado-tengo-que-hacer-la-declaracion-de-la-renta\/#primaryimage\",\"url\":\"https:\/\/tugesto.com\/blog\/wp-content\/uploads\/2014\/12\/declaracion-renta-jubilacion.jpg\",\"contentUrl\":\"https:\/\/tugesto.com\/blog\/wp-content\/uploads\/2014\/12\/declaracion-renta-jubilacion.jpg\",\"width\":680,\"height\":320,\"caption\":\"Conoce si tienes que hacer la declaraci\u00f3n de la renta si est\u00e1s jubilado\"},{\"@type\":\"BreadcrumbList\",\"@id\":\"https:\/\/tugesto.com\/blog\/estoy-jubilado-tengo-que-hacer-la-declaracion-de-la-renta\/#breadcrumb\",\"itemListElement\":[{\"@type\":\"ListItem\",\"position\":1,\"name\":\"Home\",\"item\":\"https:\/\/tugesto.com\/blog\/\"},{\"@type\":\"ListItem\",\"position\":2,\"name\":\"Consultas legales\",\"item\":\"https:\/\/tugesto.com\/blog\/category\/consultas-legales\/\"},{\"@type\":\"ListItem\",\"position\":3,\"name\":\"Declaraci\u00f3n de la Renta de un jubilado: todo lo importante\"}]},{\"@type\":\"WebSite\",\"@id\":\"https:\/\/tugesto.com\/blog\/#website\",\"url\":\"https:\/\/tugesto.com\/blog\/\",\"name\":\"Blog tugesto\",\"description\":\"\ud83d\udcda Blog especializado para aut\u00f3nomos y pymes. Encuentra semanalmente nuevos posts, recursos y gu\u00edas. La ayuda que necesitas para tu negocio.\",\"publisher\":{\"@id\":\"https:\/\/tugesto.com\/blog\/#organization\"},\"potentialAction\":[{\"@type\":\"SearchAction\",\"target\":{\"@type\":\"EntryPoint\",\"urlTemplate\":\"https:\/\/tugesto.com\/blog\/?s={search_term_string}\"},\"query-input\":{\"@type\":\"PropertyValueSpecification\",\"valueRequired\":true,\"valueName\":\"search_term_string\"}}],\"inLanguage\":\"es\"},{\"@type\":\"Organization\",\"@id\":\"https:\/\/tugesto.com\/blog\/#organization\",\"name\":\"tugesto\",\"url\":\"https:\/\/tugesto.com\/blog\/\",\"logo\":{\"@type\":\"ImageObject\",\"inLanguage\":\"es\",\"@id\":\"https:\/\/tugesto.com\/blog\/#\/schema\/logo\/image\/\",\"url\":\"https:\/\/tugesto.com\/blog\/wp-content\/uploads\/2019\/06\/logo_tugesto.png\",\"contentUrl\":\"https:\/\/tugesto.com\/blog\/wp-content\/uploads\/2019\/06\/logo_tugesto.png\",\"width\":190,\"height\":63,\"caption\":\"tugesto\"},\"image\":{\"@id\":\"https:\/\/tugesto.com\/blog\/#\/schema\/logo\/image\/\"},\"sameAs\":[\"https:\/\/www.facebook.com\/tugesto\/\",\"https:\/\/www.instagram.com\/tugesto_online\/\"]},{\"@type\":\"Person\",\"@id\":\"https:\/\/tugesto.com\/blog\/#\/schema\/person\/1d79d9711eecb4874b4576dfbf50e267\",\"name\":\"Nerea Moreno\",\"image\":{\"@type\":\"ImageObject\",\"inLanguage\":\"es\",\"@id\":\"https:\/\/tugesto.com\/blog\/#\/schema\/person\/image\/3e1f42bcf0c0b35a1cf8beed6b2fa6fd\",\"url\":\"https:\/\/tugesto.com\/blog\/wp-content\/uploads\/2024\/05\/nerea-moreno.jpg\",\"contentUrl\":\"https:\/\/tugesto.com\/blog\/wp-content\/uploads\/2024\/05\/nerea-moreno.jpg\",\"caption\":\"Nerea Moreno\"},\"description\":\"\u00c1rea laboral, graduada en Relaciones Laborales y RRHH\"}]}<\/script>\n<!-- \/ Yoast SEO plugin. -->","yoast_head_json":{"title":"Todo sobre Declaraci\u00f3n de la Renta de un jubilado | tugesto","description":"Con este post averiguar\u00e1s todo lo relativo a la Declaraci\u00f3n de la Renta de un jubilado, si est\u00e1 obligado, exento o cu\u00e1l es su situaci\u00f3n","robots":{"index":"index","follow":"follow","max-snippet":"max-snippet:-1","max-image-preview":"max-image-preview:large","max-video-preview":"max-video-preview:-1"},"canonical":"https:\/\/tugesto.com\/blog\/estoy-jubilado-tengo-que-hacer-la-declaracion-de-la-renta\/","og_locale":"es_ES","og_type":"article","og_title":"Todo sobre Declaraci\u00f3n de la Renta de un jubilado | tugesto","og_description":"Con este post averiguar\u00e1s todo lo relativo a la Declaraci\u00f3n de la Renta de un jubilado, si est\u00e1 obligado, exento o cu\u00e1l es su situaci\u00f3n","og_url":"https:\/\/tugesto.com\/blog\/estoy-jubilado-tengo-que-hacer-la-declaracion-de-la-renta\/","og_site_name":"Blog: \u00a1Aprende a emprender! | tugesto","article_publisher":"https:\/\/www.facebook.com\/tugesto\/","article_published_time":"2015-05-07T09:23:53+00:00","article_modified_time":"2024-05-22T07:12:53+00:00","og_image":[{"width":680,"height":320,"url":"https:\/\/tugesto.com\/blog\/wp-content\/uploads\/2014\/12\/declaracion-renta-jubilacion.jpg","type":"image\/jpeg"}],"author":"Nerea Moreno","twitter_card":"summary_large_image","twitter_misc":{"Escrito por":"Nerea Moreno","Tiempo de lectura":"4 minutos"},"schema":{"@context":"https:\/\/schema.org","@graph":[{"@type":"Article","@id":"https:\/\/tugesto.com\/blog\/estoy-jubilado-tengo-que-hacer-la-declaracion-de-la-renta\/#article","isPartOf":{"@id":"https:\/\/tugesto.com\/blog\/estoy-jubilado-tengo-que-hacer-la-declaracion-de-la-renta\/"},"author":{"name":"Nerea Moreno","@id":"https:\/\/tugesto.com\/blog\/#\/schema\/person\/1d79d9711eecb4874b4576dfbf50e267"},"headline":"Declaraci\u00f3n de la Renta de un jubilado: todo lo importante","datePublished":"2015-05-07T09:23:53+00:00","dateModified":"2024-05-22T07:12:53+00:00","mainEntityOfPage":{"@id":"https:\/\/tugesto.com\/blog\/estoy-jubilado-tengo-que-hacer-la-declaracion-de-la-renta\/"},"wordCount":666,"commentCount":0,"publisher":{"@id":"https:\/\/tugesto.com\/blog\/#organization"},"image":{"@id":"https:\/\/tugesto.com\/blog\/estoy-jubilado-tengo-que-hacer-la-declaracion-de-la-renta\/#primaryimage"},"thumbnailUrl":"https:\/\/tugesto.com\/blog\/wp-content\/uploads\/2014\/12\/declaracion-renta-jubilacion.jpg","keywords":["aut\u00f3nomos","pymes"],"articleSection":["Consultas legales"],"inLanguage":"es","potentialAction":[{"@type":"CommentAction","name":"Comment","target":["https:\/\/tugesto.com\/blog\/estoy-jubilado-tengo-que-hacer-la-declaracion-de-la-renta\/#respond"]}]},{"@type":"WebPage","@id":"https:\/\/tugesto.com\/blog\/estoy-jubilado-tengo-que-hacer-la-declaracion-de-la-renta\/","url":"https:\/\/tugesto.com\/blog\/estoy-jubilado-tengo-que-hacer-la-declaracion-de-la-renta\/","name":"Todo sobre Declaraci\u00f3n de la Renta de un jubilado | tugesto","isPartOf":{"@id":"https:\/\/tugesto.com\/blog\/#website"},"primaryImageOfPage":{"@id":"https:\/\/tugesto.com\/blog\/estoy-jubilado-tengo-que-hacer-la-declaracion-de-la-renta\/#primaryimage"},"image":{"@id":"https:\/\/tugesto.com\/blog\/estoy-jubilado-tengo-que-hacer-la-declaracion-de-la-renta\/#primaryimage"},"thumbnailUrl":"https:\/\/tugesto.com\/blog\/wp-content\/uploads\/2014\/12\/declaracion-renta-jubilacion.jpg","datePublished":"2015-05-07T09:23:53+00:00","dateModified":"2024-05-22T07:12:53+00:00","description":"Con este post averiguar\u00e1s todo lo relativo a la Declaraci\u00f3n de la Renta de un jubilado, si est\u00e1 obligado, exento o cu\u00e1l es su situaci\u00f3n","breadcrumb":{"@id":"https:\/\/tugesto.com\/blog\/estoy-jubilado-tengo-que-hacer-la-declaracion-de-la-renta\/#breadcrumb"},"inLanguage":"es","potentialAction":[{"@type":"ReadAction","target":["https:\/\/tugesto.com\/blog\/estoy-jubilado-tengo-que-hacer-la-declaracion-de-la-renta\/"]}]},{"@type":"ImageObject","inLanguage":"es","@id":"https:\/\/tugesto.com\/blog\/estoy-jubilado-tengo-que-hacer-la-declaracion-de-la-renta\/#primaryimage","url":"https:\/\/tugesto.com\/blog\/wp-content\/uploads\/2014\/12\/declaracion-renta-jubilacion.jpg","contentUrl":"https:\/\/tugesto.com\/blog\/wp-content\/uploads\/2014\/12\/declaracion-renta-jubilacion.jpg","width":680,"height":320,"caption":"Conoce si tienes que hacer la declaraci\u00f3n de la renta si est\u00e1s jubilado"},{"@type":"BreadcrumbList","@id":"https:\/\/tugesto.com\/blog\/estoy-jubilado-tengo-que-hacer-la-declaracion-de-la-renta\/#breadcrumb","itemListElement":[{"@type":"ListItem","position":1,"name":"Home","item":"https:\/\/tugesto.com\/blog\/"},{"@type":"ListItem","position":2,"name":"Consultas legales","item":"https:\/\/tugesto.com\/blog\/category\/consultas-legales\/"},{"@type":"ListItem","position":3,"name":"Declaraci\u00f3n de la Renta de un jubilado: todo lo importante"}]},{"@type":"WebSite","@id":"https:\/\/tugesto.com\/blog\/#website","url":"https:\/\/tugesto.com\/blog\/","name":"Blog tugesto","description":"\ud83d\udcda Blog especializado para aut\u00f3nomos y pymes. Encuentra semanalmente nuevos posts, recursos y gu\u00edas. La ayuda que necesitas para tu negocio.","publisher":{"@id":"https:\/\/tugesto.com\/blog\/#organization"},"potentialAction":[{"@type":"SearchAction","target":{"@type":"EntryPoint","urlTemplate":"https:\/\/tugesto.com\/blog\/?s={search_term_string}"},"query-input":{"@type":"PropertyValueSpecification","valueRequired":true,"valueName":"search_term_string"}}],"inLanguage":"es"},{"@type":"Organization","@id":"https:\/\/tugesto.com\/blog\/#organization","name":"tugesto","url":"https:\/\/tugesto.com\/blog\/","logo":{"@type":"ImageObject","inLanguage":"es","@id":"https:\/\/tugesto.com\/blog\/#\/schema\/logo\/image\/","url":"https:\/\/tugesto.com\/blog\/wp-content\/uploads\/2019\/06\/logo_tugesto.png","contentUrl":"https:\/\/tugesto.com\/blog\/wp-content\/uploads\/2019\/06\/logo_tugesto.png","width":190,"height":63,"caption":"tugesto"},"image":{"@id":"https:\/\/tugesto.com\/blog\/#\/schema\/logo\/image\/"},"sameAs":["https:\/\/www.facebook.com\/tugesto\/","https:\/\/www.instagram.com\/tugesto_online\/"]},{"@type":"Person","@id":"https:\/\/tugesto.com\/blog\/#\/schema\/person\/1d79d9711eecb4874b4576dfbf50e267","name":"Nerea Moreno","image":{"@type":"ImageObject","inLanguage":"es","@id":"https:\/\/tugesto.com\/blog\/#\/schema\/person\/image\/3e1f42bcf0c0b35a1cf8beed6b2fa6fd","url":"https:\/\/tugesto.com\/blog\/wp-content\/uploads\/2024\/05\/nerea-moreno.jpg","contentUrl":"https:\/\/tugesto.com\/blog\/wp-content\/uploads\/2024\/05\/nerea-moreno.jpg","caption":"Nerea Moreno"},"description":"\u00c1rea laboral, graduada en Relaciones Laborales y RRHH"}]}},"authors":[{"term_id":1497,"user_id":11,"is_guest":0,"slug":"nerea-moreno","display_name":"Nerea Moreno","avatar_url":{"url":"https:\/\/tugesto.com\/blog\/wp-content\/uploads\/2024\/05\/nerea-moreno.jpg","url2x":"https:\/\/tugesto.com\/blog\/wp-content\/uploads\/2024\/05\/nerea-moreno.jpg"},"0":null,"1":"","2":"","3":"","4":"","5":"","6":"","7":"","8":""}],"_links":{"self":[{"href":"https:\/\/tugesto.com\/blog\/wp-json\/wp\/v2\/posts\/612","targetHints":{"allow":["GET"]}}],"collection":[{"href":"https:\/\/tugesto.com\/blog\/wp-json\/wp\/v2\/posts"}],"about":[{"href":"https:\/\/tugesto.com\/blog\/wp-json\/wp\/v2\/types\/post"}],"author":[{"embeddable":true,"href":"https:\/\/tugesto.com\/blog\/wp-json\/wp\/v2\/users\/11"}],"replies":[{"embeddable":true,"href":"https:\/\/tugesto.com\/blog\/wp-json\/wp\/v2\/comments?post=612"}],"version-history":[{"count":11,"href":"https:\/\/tugesto.com\/blog\/wp-json\/wp\/v2\/posts\/612\/revisions"}],"predecessor-version":[{"id":37046,"href":"https:\/\/tugesto.com\/blog\/wp-json\/wp\/v2\/posts\/612\/revisions\/37046"}],"wp:featuredmedia":[{"embeddable":true,"href":"https:\/\/tugesto.com\/blog\/wp-json\/wp\/v2\/media\/4881"}],"wp:attachment":[{"href":"https:\/\/tugesto.com\/blog\/wp-json\/wp\/v2\/media?parent=612"}],"wp:term":[{"taxonomy":"category","embeddable":true,"href":"https:\/\/tugesto.com\/blog\/wp-json\/wp\/v2\/categories?post=612"},{"taxonomy":"post_tag","embeddable":true,"href":"https:\/\/tugesto.com\/blog\/wp-json\/wp\/v2\/tags?post=612"},{"taxonomy":"author","embeddable":true,"href":"https:\/\/tugesto.com\/blog\/wp-json\/wp\/v2\/ppma_author?post=612"}],"curies":[{"name":"wp","href":"https:\/\/api.w.org\/{rel}","templated":true}]}}