{"id":608,"date":"2015-05-05T10:55:22","date_gmt":"2015-05-05T09:55:22","guid":{"rendered":"http:\/\/tugesto.com\/blog\/?p=608"},"modified":"2025-01-09T14:07:43","modified_gmt":"2025-01-09T13:07:43","slug":"autonomo-no-te-lies-con-el-irpf","status":"publish","type":"post","link":"https:\/\/tugesto.com\/blog\/autonomo-no-te-lies-con-el-irpf\/","title":{"rendered":"Aut\u00f3nomo, no te l\u00edes con el IRPF"},"content":{"rendered":"\t\t<div data-elementor-type=\"wp-post\" data-elementor-id=\"608\" class=\"elementor elementor-608\" data-elementor-post-type=\"post\">\n\t\t\t\t\t\t<section class=\"elementor-section elementor-top-section elementor-element elementor-element-5d6bb2c7 elementor-section-boxed elementor-section-height-default elementor-section-height-default\" data-id=\"5d6bb2c7\" data-element_type=\"section\" data-e-type=\"section\">\n\t\t\t\t\t\t<div class=\"elementor-container elementor-column-gap-default\">\n\t\t\t\t\t<div class=\"elementor-column elementor-col-100 elementor-top-column elementor-element elementor-element-22638ed6\" data-id=\"22638ed6\" data-element_type=\"column\" data-e-type=\"column\">\n\t\t\t<div class=\"elementor-widget-wrap elementor-element-populated\">\n\t\t\t\t\t\t<div class=\"elementor-element elementor-element-1206d1d5 elementor-widget elementor-widget-text-editor\" data-id=\"1206d1d5\" data-element_type=\"widget\" data-e-type=\"widget\" data-widget_type=\"text-editor.default\">\n\t\t\t\t<div class=\"elementor-widget-container\">\n\t\t\t\t\t\t\t\t\t<p style=\"text-align: justify;\">Tanto si el 2014 fue el primer a\u00f1o en el que te estrenaste como aut\u00f3nomo como si eres trabajador por cuenta propia de solera pero continuas sin aclararte con la <strong><a title=\"Haz la Declaraci\u00f3n de la Renta por 32\u20ac + IVA\" href=\"https:\/\/tugesto.com\/blog\/haz-la-declaracion-de-la-renta-por-32e-iva\/\" target=\"_blank\" rel=\"noopener noreferrer\">declaraci\u00f3n de la renta<\/a><\/strong>, hoy <strong>vamos a ayudarte a gestionar el IRPF correctamente para salir airoso de este asunto<\/strong>.<\/p><p><a href=\"http:\/\/www.tugesto.com\/software-fiscal\/\" target=\"_blank\" rel=\"noopener\"><img fetchpriority=\"high\" decoding=\"async\" class=\"aligncenter wp-image-14766 size-full\" src=\"https:\/\/tugesto.com\/blog\/wp-content\/uploads\/2020\/01\/gestionar_fiscalidad_online.jpg\" alt=\"Gestiona tu fiscalidad online con respaldo de asesores expertos\" width=\"798\" height=\"241\" srcset=\"https:\/\/tugesto.com\/blog\/wp-content\/uploads\/2020\/01\/gestionar_fiscalidad_online.jpg 798w, https:\/\/tugesto.com\/blog\/wp-content\/uploads\/2020\/01\/gestionar_fiscalidad_online-300x91.jpg 300w, https:\/\/tugesto.com\/blog\/wp-content\/uploads\/2020\/01\/gestionar_fiscalidad_online-768x232.jpg 768w\" sizes=\"(max-width: 798px) 100vw, 798px\" \/><\/a><\/p><h2 style=\"text-align: justify;\">Primer paso: desp\u00eddete del borrador<\/h2><p style=\"text-align: justify;\">As\u00ed es. Aunque puedes pedir el borrador de la renta, Hacienda te lo har\u00e1 llegar vac\u00edo ya que ahora tus ingresos no son rentas del trabajo sino de actividades econ\u00f3micas y, por tanto, <strong>al desconocer cu\u00e1les han sido los tipos de gastos que has tenido, no puede confeccionarlo<\/strong>.<\/p><h2 style=\"text-align: justify;\">La Declaraci\u00f3n de la Renta es una obligaci\u00f3n, \u00a1no te escaquees!<\/h2><p style=\"text-align: justify;\">Como aut\u00f3nomo, si has ingresado <strong>m\u00e1s de 1.600\u20ac<\/strong> por tus actividades econ\u00f3micas est\u00e1s <strong>obligado<\/strong> a presentar el IRPF.<\/p><h2 style=\"text-align: justify;\">Manos a la obra con la renta<\/h2><p style=\"text-align: justify;\">Tu declaraci\u00f3n de la renta es diferente. <strong>Los ingresos seguir\u00e1n computando en la base general del IRPF, pero no como rentas del trabajo, sino como actividades econ\u00f3micas<\/strong>.<\/p><p style=\"text-align: justify;\">A efectos pr\u00e1cticos esto quiere decir que <strong>deber\u00e1s rellenar unas casillas diferentes a las de los asalariados<\/strong> y que tus ingresos no aparecer\u00e1n inmediatamente detr\u00e1s de tus datos personales. Ahora estar\u00e1n en el apartado\u00a0E1 de \u201cRendimientos de Actividades Econ\u00f3micas\u201d en las p\u00e1ginas 5 y 6\u00a0y las casillas de la 86\u00a0a la 150 (excluidas las actividades agr\u00edcolas y ganaderas que se incluir\u00e1n en la p\u00e1gina 7).<\/p><p style=\"text-align: justify;\"><strong>El r\u00e9gimen en el que est\u00e9s dado de alta tambi\u00e9n incidir\u00e1<\/strong>. Para los aut\u00f3nomos en estimaci\u00f3n directa se encuentra en la secci\u00f3n E1\u00a0en la p\u00e1gina 5 para los de estimaci\u00f3n directa y en la p\u00e1gina 6 para los de Estimaci\u00f3n objetiva o m\u00f3dulos.<\/p><h2 style=\"text-align: justify;\">Los mismos plazos y tipos de IRPF<\/h2><p style=\"text-align: justify;\"><strong>Lo que no cambia para en la declaraci\u00f3n de la renta 2014 para los aut\u00f3nomos son los plazos del IRPF<\/strong>. Desde el 7 de abril se podr\u00e1 solicitar, modificar y confirmar el borrador de la renta, as\u00ed como hacer la declaraci\u00f3n a trav\u00e9s del Programa Padre.<\/p><p style=\"text-align: justify;\">Tampoco var\u00edan los tramos de IRPF, que ser\u00e1n los mismos que los de cualquier contribuyente as\u00ed como los tipos del ahorro, el porcentaje de tus inversiones que pagar\u00e1s a Hacienda y el m\u00ednimo familiar y personal.<\/p><p><a href=\"https:\/\/share-eu1.hsforms.com\/1FQ99pYYnTwWYIowPho9ndgfru4t\" target=\"_blank\" rel=\"noopener\"><img decoding=\"async\" class=\"alignnone wp-image-38238 size-full\" src=\"https:\/\/tugesto.com\/blog\/wp-content\/uploads\/2025\/01\/Calendario-Fiscal.2025-azul.jpg\" alt=\"\" width=\"1200\" height=\"200\" srcset=\"https:\/\/tugesto.com\/blog\/wp-content\/uploads\/2025\/01\/Calendario-Fiscal.2025-azul.jpg 1200w, https:\/\/tugesto.com\/blog\/wp-content\/uploads\/2025\/01\/Calendario-Fiscal.2025-azul-300x50.jpg 300w, https:\/\/tugesto.com\/blog\/wp-content\/uploads\/2025\/01\/Calendario-Fiscal.2025-azul-1024x171.jpg 1024w, https:\/\/tugesto.com\/blog\/wp-content\/uploads\/2025\/01\/Calendario-Fiscal.2025-azul-768x128.jpg 768w\" sizes=\"(max-width: 1200px) 100vw, 1200px\" \/><\/a><\/p><h3 style=\"text-align: justify;\">No te pierdas ni una fecha<\/h3><ul style=\"text-align: justify;\"><li><strong>7\u00a0de abril<\/strong>: Se abre el plazo para solicitar, modificar y confirmar el borrador de la renta 2014, tambi\u00e9n mediante el programa Padre (novedad 2014).<\/li><li><strong>11\u00a0de mayo<\/strong>: Se abre el plazo para presentar la declaraci\u00f3n por otros medios m\u00e1s all\u00e1 de Internet y comienza el plazo para solicitar cita previa con Hacienda para confeccionar la declaraci\u00f3n de IRPF.<\/li><li><strong>25 de junio<\/strong>: Fecha l\u00edmite para la presentaci\u00f3n de IRPF en caso de domiciliaci\u00f3n bancaria.<\/li><li><strong>30 de junio<\/strong>: Fin de la campa\u00f1a de la renta 2014 y del plazo para presentar la declaraci\u00f3n de la renta.<\/li><\/ul><p style=\"text-align: justify;\">Aut\u00f3nomo, esperamos haberte facilitado esta casi misi\u00f3n imposible un poco m\u00e1s. En <a href=\"http:\/\/www.tugesto.com\" target=\"_blank\" rel=\"noopener\">tugesto<\/a>, como asesor\u00eda contable, fiscal y laboral online estamos a tu disposici\u00f3n para ayudarte en cualquier tr\u00e1mite que te inquiete.<\/p><p style=\"text-align: justify;\"><a href=\"https:\/\/tugesto.com\/contacto\" target=\"_blank\" rel=\"noopener\">Solicita m\u00e1s informaci\u00f3n<\/a> o env\u00eda un correo a\u00a0<span style=\"text-decoration: underline;\"><a title=\"Mail\" href=\"mailto:info@tugesto.com\" target=\"_blank\" rel=\"noopener noreferrer\">info@tugesto.com<\/a><\/span>. Si lo prefieres,\u00a0 ll\u00e1manos al\u00a0 902 105 962 \u2013 963 111 919, \u00a1te esperamos!<\/p>\t\t\t\t\t\t\t\t<\/div>\n\t\t\t\t<\/div>\n\t\t\t\t\t<\/div>\n\t\t<\/div>\n\t\t\t\t\t<\/div>\n\t\t<\/section>\n\t\t\t\t<\/div>\n\t\t","protected":false},"excerpt":{"rendered":"<p>Tanto si el 2014 fue el primer a\u00f1o en el que te estrenaste como aut\u00f3nomo como si eres trabajador por cuenta propia de solera pero continuas sin aclararte con la declaraci\u00f3n de la renta, hoy vamos a ayudarte a gestionar el IRPF correctamente para salir airoso de este asunto. Primer paso: desp\u00eddete del borrador As\u00ed [&hellip;]<\/p>\n","protected":false},"author":10,"featured_media":609,"comment_status":"open","ping_status":"open","sticky":false,"template":"","format":"image","meta":{"_eb_attr":"","content-type":"","footnotes":""},"categories":[14],"tags":[36,38],"ppma_author":[1496],"class_list":["post-608","post","type-post","status-publish","format-image","has-post-thumbnail","hentry","category-contabilidad-y-fiscal","tag-autonomos","tag-pymes","post_format-post-format-image"],"yoast_head":"<!-- This site is optimized with the Yoast SEO plugin v27.5 - https:\/\/yoast.com\/product\/yoast-seo-wordpress\/ -->\n<title>Aut\u00f3nomo, no te l\u00edes con el IRPF | tugesto<\/title>\n<meta name=\"description\" content=\"Te explicamos de forma sencilla c\u00f3mo un aut\u00f3nomo tiene que hacer frente a la gesti\u00f3n del IRPF en su d\u00eda a d\u00eda y negocio\" \/>\n<meta name=\"robots\" content=\"index, follow, max-snippet:-1, max-image-preview:large, max-video-preview:-1\" \/>\n<link rel=\"canonical\" href=\"https:\/\/tugesto.com\/blog\/autonomo-no-te-lies-con-el-irpf\/\" \/>\n<meta property=\"og:locale\" content=\"es_ES\" \/>\n<meta property=\"og:type\" content=\"article\" \/>\n<meta property=\"og:title\" content=\"Aut\u00f3nomo, no te l\u00edes con el IRPF | tugesto\" \/>\n<meta property=\"og:description\" content=\"Te explicamos de forma sencilla c\u00f3mo un aut\u00f3nomo tiene que hacer frente a la gesti\u00f3n del IRPF en su d\u00eda a d\u00eda y negocio\" \/>\n<meta property=\"og:url\" content=\"https:\/\/tugesto.com\/blog\/autonomo-no-te-lies-con-el-irpf\/\" \/>\n<meta property=\"og:site_name\" content=\"Blog: \u00a1Aprende a emprender! | tugesto\" \/>\n<meta property=\"article:publisher\" content=\"https:\/\/www.facebook.com\/tugesto\/\" \/>\n<meta property=\"article:published_time\" content=\"2015-05-05T09:55:22+00:00\" \/>\n<meta property=\"article:modified_time\" content=\"2025-01-09T13:07:43+00:00\" \/>\n<meta property=\"og:image\" content=\"https:\/\/tugesto.com\/blog\/wp-content\/uploads\/2015\/05\/irpf-autonomo.jpg\" \/>\n\t<meta property=\"og:image:width\" content=\"680\" \/>\n\t<meta property=\"og:image:height\" content=\"320\" \/>\n\t<meta property=\"og:image:type\" content=\"image\/jpeg\" \/>\n<meta name=\"author\" content=\"Sandra Mill\u00e1n\" \/>\n<meta name=\"twitter:card\" content=\"summary_large_image\" \/>\n<meta name=\"twitter:label1\" content=\"Escrito por\" \/>\n\t<meta name=\"twitter:data1\" content=\"Sandra Mill\u00e1n\" \/>\n\t<meta name=\"twitter:label2\" content=\"Tiempo de lectura\" \/>\n\t<meta name=\"twitter:data2\" content=\"3 minutos\" \/>\n<script type=\"application\/ld+json\" class=\"yoast-schema-graph\">{\"@context\":\"https:\\\/\\\/schema.org\",\"@graph\":[{\"@type\":\"Article\",\"@id\":\"https:\\\/\\\/tugesto.com\\\/blog\\\/autonomo-no-te-lies-con-el-irpf\\\/#article\",\"isPartOf\":{\"@id\":\"https:\\\/\\\/tugesto.com\\\/blog\\\/autonomo-no-te-lies-con-el-irpf\\\/\"},\"author\":{\"name\":\"Sandra Mill\u00e1n\",\"@id\":\"https:\\\/\\\/tugesto.com\\\/blog\\\/#\\\/schema\\\/person\\\/87834957d1c8d5a90180c8ce6b0e5e46\"},\"headline\":\"Aut\u00f3nomo, no te l\u00edes con el IRPF\",\"datePublished\":\"2015-05-05T09:55:22+00:00\",\"dateModified\":\"2025-01-09T13:07:43+00:00\",\"mainEntityOfPage\":{\"@id\":\"https:\\\/\\\/tugesto.com\\\/blog\\\/autonomo-no-te-lies-con-el-irpf\\\/\"},\"wordCount\":572,\"commentCount\":0,\"publisher\":{\"@id\":\"https:\\\/\\\/tugesto.com\\\/blog\\\/#organization\"},\"image\":{\"@id\":\"https:\\\/\\\/tugesto.com\\\/blog\\\/autonomo-no-te-lies-con-el-irpf\\\/#primaryimage\"},\"thumbnailUrl\":\"https:\\\/\\\/tugesto.com\\\/blog\\\/wp-content\\\/uploads\\\/2015\\\/05\\\/irpf-autonomo.jpg\",\"keywords\":[\"aut\u00f3nomos\",\"pymes\"],\"articleSection\":[\"Contabilidad y Fiscal\"],\"inLanguage\":\"es\",\"potentialAction\":[{\"@type\":\"CommentAction\",\"name\":\"Comment\",\"target\":[\"https:\\\/\\\/tugesto.com\\\/blog\\\/autonomo-no-te-lies-con-el-irpf\\\/#respond\"]}]},{\"@type\":\"WebPage\",\"@id\":\"https:\\\/\\\/tugesto.com\\\/blog\\\/autonomo-no-te-lies-con-el-irpf\\\/\",\"url\":\"https:\\\/\\\/tugesto.com\\\/blog\\\/autonomo-no-te-lies-con-el-irpf\\\/\",\"name\":\"Aut\u00f3nomo, no te l\u00edes con el IRPF | tugesto\",\"isPartOf\":{\"@id\":\"https:\\\/\\\/tugesto.com\\\/blog\\\/#website\"},\"primaryImageOfPage\":{\"@id\":\"https:\\\/\\\/tugesto.com\\\/blog\\\/autonomo-no-te-lies-con-el-irpf\\\/#primaryimage\"},\"image\":{\"@id\":\"https:\\\/\\\/tugesto.com\\\/blog\\\/autonomo-no-te-lies-con-el-irpf\\\/#primaryimage\"},\"thumbnailUrl\":\"https:\\\/\\\/tugesto.com\\\/blog\\\/wp-content\\\/uploads\\\/2015\\\/05\\\/irpf-autonomo.jpg\",\"datePublished\":\"2015-05-05T09:55:22+00:00\",\"dateModified\":\"2025-01-09T13:07:43+00:00\",\"description\":\"Te explicamos de forma sencilla c\u00f3mo un aut\u00f3nomo tiene que hacer frente a la gesti\u00f3n del IRPF en su d\u00eda a d\u00eda y negocio\",\"breadcrumb\":{\"@id\":\"https:\\\/\\\/tugesto.com\\\/blog\\\/autonomo-no-te-lies-con-el-irpf\\\/#breadcrumb\"},\"inLanguage\":\"es\",\"potentialAction\":[{\"@type\":\"ReadAction\",\"target\":[\"https:\\\/\\\/tugesto.com\\\/blog\\\/autonomo-no-te-lies-con-el-irpf\\\/\"]}]},{\"@type\":\"ImageObject\",\"inLanguage\":\"es\",\"@id\":\"https:\\\/\\\/tugesto.com\\\/blog\\\/autonomo-no-te-lies-con-el-irpf\\\/#primaryimage\",\"url\":\"https:\\\/\\\/tugesto.com\\\/blog\\\/wp-content\\\/uploads\\\/2015\\\/05\\\/irpf-autonomo.jpg\",\"contentUrl\":\"https:\\\/\\\/tugesto.com\\\/blog\\\/wp-content\\\/uploads\\\/2015\\\/05\\\/irpf-autonomo.jpg\",\"width\":680,\"height\":320,\"caption\":\"No te sientas perdido con el IRPF. No te l\u00edes, nosotros te lo explicamos.\"},{\"@type\":\"BreadcrumbList\",\"@id\":\"https:\\\/\\\/tugesto.com\\\/blog\\\/autonomo-no-te-lies-con-el-irpf\\\/#breadcrumb\",\"itemListElement\":[{\"@type\":\"ListItem\",\"position\":1,\"name\":\"Home\",\"item\":\"https:\\\/\\\/tugesto.com\\\/blog\\\/\"},{\"@type\":\"ListItem\",\"position\":2,\"name\":\"Contabilidad y Fiscal\",\"item\":\"https:\\\/\\\/tugesto.com\\\/blog\\\/category\\\/contabilidad-y-fiscal\\\/\"},{\"@type\":\"ListItem\",\"position\":3,\"name\":\"Aut\u00f3nomo, no te l\u00edes con el IRPF\"}]},{\"@type\":\"WebSite\",\"@id\":\"https:\\\/\\\/tugesto.com\\\/blog\\\/#website\",\"url\":\"https:\\\/\\\/tugesto.com\\\/blog\\\/\",\"name\":\"Blog tugesto\",\"description\":\"\ud83d\udcda Blog especializado para aut\u00f3nomos y pymes. Encuentra semanalmente nuevos posts, recursos y gu\u00edas. La ayuda que necesitas para tu negocio.\",\"publisher\":{\"@id\":\"https:\\\/\\\/tugesto.com\\\/blog\\\/#organization\"},\"potentialAction\":[{\"@type\":\"SearchAction\",\"target\":{\"@type\":\"EntryPoint\",\"urlTemplate\":\"https:\\\/\\\/tugesto.com\\\/blog\\\/?s={search_term_string}\"},\"query-input\":{\"@type\":\"PropertyValueSpecification\",\"valueRequired\":true,\"valueName\":\"search_term_string\"}}],\"inLanguage\":\"es\"},{\"@type\":\"Organization\",\"@id\":\"https:\\\/\\\/tugesto.com\\\/blog\\\/#organization\",\"name\":\"tugesto\",\"url\":\"https:\\\/\\\/tugesto.com\\\/blog\\\/\",\"logo\":{\"@type\":\"ImageObject\",\"inLanguage\":\"es\",\"@id\":\"https:\\\/\\\/tugesto.com\\\/blog\\\/#\\\/schema\\\/logo\\\/image\\\/\",\"url\":\"https:\\\/\\\/tugesto.com\\\/blog\\\/wp-content\\\/uploads\\\/2019\\\/06\\\/logo_tugesto.png\",\"contentUrl\":\"https:\\\/\\\/tugesto.com\\\/blog\\\/wp-content\\\/uploads\\\/2019\\\/06\\\/logo_tugesto.png\",\"width\":190,\"height\":63,\"caption\":\"tugesto\"},\"image\":{\"@id\":\"https:\\\/\\\/tugesto.com\\\/blog\\\/#\\\/schema\\\/logo\\\/image\\\/\"},\"sameAs\":[\"https:\\\/\\\/www.facebook.com\\\/tugesto\\\/\",\"https:\\\/\\\/www.instagram.com\\\/tugesto_online\\\/\"]},{\"@type\":\"Person\",\"@id\":\"https:\\\/\\\/tugesto.com\\\/blog\\\/#\\\/schema\\\/person\\\/87834957d1c8d5a90180c8ce6b0e5e46\",\"name\":\"Sandra Mill\u00e1n\",\"image\":{\"@type\":\"ImageObject\",\"inLanguage\":\"es\",\"@id\":\"https:\\\/\\\/tugesto.com\\\/blog\\\/wp-content\\\/uploads\\\/2024\\\/05\\\/sandra-millan.pngf6fce71eda6c49ed111103acfed3c857\",\"url\":\"https:\\\/\\\/tugesto.com\\\/blog\\\/wp-content\\\/uploads\\\/2024\\\/05\\\/sandra-millan.png\",\"contentUrl\":\"https:\\\/\\\/tugesto.com\\\/blog\\\/wp-content\\\/uploads\\\/2024\\\/05\\\/sandra-millan.png\",\"caption\":\"Sandra Mill\u00e1n\"},\"description\":\"Gestora laboral, graduada en Relaciones Laborales y RRHH\"}]}<\/script>\n<!-- \/ Yoast SEO plugin. -->","yoast_head_json":{"title":"Aut\u00f3nomo, no te l\u00edes con el IRPF | tugesto","description":"Te explicamos de forma sencilla c\u00f3mo un aut\u00f3nomo tiene que hacer frente a la gesti\u00f3n del IRPF en su d\u00eda a d\u00eda y negocio","robots":{"index":"index","follow":"follow","max-snippet":"max-snippet:-1","max-image-preview":"max-image-preview:large","max-video-preview":"max-video-preview:-1"},"canonical":"https:\/\/tugesto.com\/blog\/autonomo-no-te-lies-con-el-irpf\/","og_locale":"es_ES","og_type":"article","og_title":"Aut\u00f3nomo, no te l\u00edes con el IRPF | tugesto","og_description":"Te explicamos de forma sencilla c\u00f3mo un aut\u00f3nomo tiene que hacer frente a la gesti\u00f3n del IRPF en su d\u00eda a d\u00eda y negocio","og_url":"https:\/\/tugesto.com\/blog\/autonomo-no-te-lies-con-el-irpf\/","og_site_name":"Blog: \u00a1Aprende a emprender! | tugesto","article_publisher":"https:\/\/www.facebook.com\/tugesto\/","article_published_time":"2015-05-05T09:55:22+00:00","article_modified_time":"2025-01-09T13:07:43+00:00","og_image":[{"width":680,"height":320,"url":"https:\/\/tugesto.com\/blog\/wp-content\/uploads\/2015\/05\/irpf-autonomo.jpg","type":"image\/jpeg"}],"author":"Sandra Mill\u00e1n","twitter_card":"summary_large_image","twitter_misc":{"Escrito por":"Sandra Mill\u00e1n","Tiempo de lectura":"3 minutos"},"schema":{"@context":"https:\/\/schema.org","@graph":[{"@type":"Article","@id":"https:\/\/tugesto.com\/blog\/autonomo-no-te-lies-con-el-irpf\/#article","isPartOf":{"@id":"https:\/\/tugesto.com\/blog\/autonomo-no-te-lies-con-el-irpf\/"},"author":{"name":"Sandra Mill\u00e1n","@id":"https:\/\/tugesto.com\/blog\/#\/schema\/person\/87834957d1c8d5a90180c8ce6b0e5e46"},"headline":"Aut\u00f3nomo, no te l\u00edes con el IRPF","datePublished":"2015-05-05T09:55:22+00:00","dateModified":"2025-01-09T13:07:43+00:00","mainEntityOfPage":{"@id":"https:\/\/tugesto.com\/blog\/autonomo-no-te-lies-con-el-irpf\/"},"wordCount":572,"commentCount":0,"publisher":{"@id":"https:\/\/tugesto.com\/blog\/#organization"},"image":{"@id":"https:\/\/tugesto.com\/blog\/autonomo-no-te-lies-con-el-irpf\/#primaryimage"},"thumbnailUrl":"https:\/\/tugesto.com\/blog\/wp-content\/uploads\/2015\/05\/irpf-autonomo.jpg","keywords":["aut\u00f3nomos","pymes"],"articleSection":["Contabilidad y Fiscal"],"inLanguage":"es","potentialAction":[{"@type":"CommentAction","name":"Comment","target":["https:\/\/tugesto.com\/blog\/autonomo-no-te-lies-con-el-irpf\/#respond"]}]},{"@type":"WebPage","@id":"https:\/\/tugesto.com\/blog\/autonomo-no-te-lies-con-el-irpf\/","url":"https:\/\/tugesto.com\/blog\/autonomo-no-te-lies-con-el-irpf\/","name":"Aut\u00f3nomo, no te l\u00edes con el IRPF | tugesto","isPartOf":{"@id":"https:\/\/tugesto.com\/blog\/#website"},"primaryImageOfPage":{"@id":"https:\/\/tugesto.com\/blog\/autonomo-no-te-lies-con-el-irpf\/#primaryimage"},"image":{"@id":"https:\/\/tugesto.com\/blog\/autonomo-no-te-lies-con-el-irpf\/#primaryimage"},"thumbnailUrl":"https:\/\/tugesto.com\/blog\/wp-content\/uploads\/2015\/05\/irpf-autonomo.jpg","datePublished":"2015-05-05T09:55:22+00:00","dateModified":"2025-01-09T13:07:43+00:00","description":"Te explicamos de forma sencilla c\u00f3mo un aut\u00f3nomo tiene que hacer frente a la gesti\u00f3n del IRPF en su d\u00eda a d\u00eda y negocio","breadcrumb":{"@id":"https:\/\/tugesto.com\/blog\/autonomo-no-te-lies-con-el-irpf\/#breadcrumb"},"inLanguage":"es","potentialAction":[{"@type":"ReadAction","target":["https:\/\/tugesto.com\/blog\/autonomo-no-te-lies-con-el-irpf\/"]}]},{"@type":"ImageObject","inLanguage":"es","@id":"https:\/\/tugesto.com\/blog\/autonomo-no-te-lies-con-el-irpf\/#primaryimage","url":"https:\/\/tugesto.com\/blog\/wp-content\/uploads\/2015\/05\/irpf-autonomo.jpg","contentUrl":"https:\/\/tugesto.com\/blog\/wp-content\/uploads\/2015\/05\/irpf-autonomo.jpg","width":680,"height":320,"caption":"No te sientas perdido con el IRPF. No te l\u00edes, nosotros te lo explicamos."},{"@type":"BreadcrumbList","@id":"https:\/\/tugesto.com\/blog\/autonomo-no-te-lies-con-el-irpf\/#breadcrumb","itemListElement":[{"@type":"ListItem","position":1,"name":"Home","item":"https:\/\/tugesto.com\/blog\/"},{"@type":"ListItem","position":2,"name":"Contabilidad y Fiscal","item":"https:\/\/tugesto.com\/blog\/category\/contabilidad-y-fiscal\/"},{"@type":"ListItem","position":3,"name":"Aut\u00f3nomo, no te l\u00edes con el IRPF"}]},{"@type":"WebSite","@id":"https:\/\/tugesto.com\/blog\/#website","url":"https:\/\/tugesto.com\/blog\/","name":"Blog tugesto","description":"\ud83d\udcda Blog especializado para aut\u00f3nomos y pymes. Encuentra semanalmente nuevos posts, recursos y gu\u00edas. La ayuda que necesitas para tu negocio.","publisher":{"@id":"https:\/\/tugesto.com\/blog\/#organization"},"potentialAction":[{"@type":"SearchAction","target":{"@type":"EntryPoint","urlTemplate":"https:\/\/tugesto.com\/blog\/?s={search_term_string}"},"query-input":{"@type":"PropertyValueSpecification","valueRequired":true,"valueName":"search_term_string"}}],"inLanguage":"es"},{"@type":"Organization","@id":"https:\/\/tugesto.com\/blog\/#organization","name":"tugesto","url":"https:\/\/tugesto.com\/blog\/","logo":{"@type":"ImageObject","inLanguage":"es","@id":"https:\/\/tugesto.com\/blog\/#\/schema\/logo\/image\/","url":"https:\/\/tugesto.com\/blog\/wp-content\/uploads\/2019\/06\/logo_tugesto.png","contentUrl":"https:\/\/tugesto.com\/blog\/wp-content\/uploads\/2019\/06\/logo_tugesto.png","width":190,"height":63,"caption":"tugesto"},"image":{"@id":"https:\/\/tugesto.com\/blog\/#\/schema\/logo\/image\/"},"sameAs":["https:\/\/www.facebook.com\/tugesto\/","https:\/\/www.instagram.com\/tugesto_online\/"]},{"@type":"Person","@id":"https:\/\/tugesto.com\/blog\/#\/schema\/person\/87834957d1c8d5a90180c8ce6b0e5e46","name":"Sandra Mill\u00e1n","image":{"@type":"ImageObject","inLanguage":"es","@id":"https:\/\/tugesto.com\/blog\/wp-content\/uploads\/2024\/05\/sandra-millan.pngf6fce71eda6c49ed111103acfed3c857","url":"https:\/\/tugesto.com\/blog\/wp-content\/uploads\/2024\/05\/sandra-millan.png","contentUrl":"https:\/\/tugesto.com\/blog\/wp-content\/uploads\/2024\/05\/sandra-millan.png","caption":"Sandra Mill\u00e1n"},"description":"Gestora laboral, graduada en Relaciones Laborales y RRHH"}]}},"authors":[{"term_id":1496,"user_id":10,"is_guest":0,"slug":"sandra-millan","display_name":"Sandra Mill\u00e1n","avatar_url":{"url":"https:\/\/tugesto.com\/blog\/wp-content\/uploads\/2024\/05\/sandra-millan.png","url2x":"https:\/\/tugesto.com\/blog\/wp-content\/uploads\/2024\/05\/sandra-millan.png"},"0":null,"1":"","2":"","3":"","4":"","5":"","6":"","7":"","8":""}],"_links":{"self":[{"href":"https:\/\/tugesto.com\/blog\/wp-json\/wp\/v2\/posts\/608","targetHints":{"allow":["GET"]}}],"collection":[{"href":"https:\/\/tugesto.com\/blog\/wp-json\/wp\/v2\/posts"}],"about":[{"href":"https:\/\/tugesto.com\/blog\/wp-json\/wp\/v2\/types\/post"}],"author":[{"embeddable":true,"href":"https:\/\/tugesto.com\/blog\/wp-json\/wp\/v2\/users\/10"}],"replies":[{"embeddable":true,"href":"https:\/\/tugesto.com\/blog\/wp-json\/wp\/v2\/comments?post=608"}],"version-history":[{"count":11,"href":"https:\/\/tugesto.com\/blog\/wp-json\/wp\/v2\/posts\/608\/revisions"}],"predecessor-version":[{"id":38286,"href":"https:\/\/tugesto.com\/blog\/wp-json\/wp\/v2\/posts\/608\/revisions\/38286"}],"wp:featuredmedia":[{"embeddable":true,"href":"https:\/\/tugesto.com\/blog\/wp-json\/wp\/v2\/media\/609"}],"wp:attachment":[{"href":"https:\/\/tugesto.com\/blog\/wp-json\/wp\/v2\/media?parent=608"}],"wp:term":[{"taxonomy":"category","embeddable":true,"href":"https:\/\/tugesto.com\/blog\/wp-json\/wp\/v2\/categories?post=608"},{"taxonomy":"post_tag","embeddable":true,"href":"https:\/\/tugesto.com\/blog\/wp-json\/wp\/v2\/tags?post=608"},{"taxonomy":"author","embeddable":true,"href":"https:\/\/tugesto.com\/blog\/wp-json\/wp\/v2\/ppma_author?post=608"}],"curies":[{"name":"wp","href":"https:\/\/api.w.org\/{rel}","templated":true}]}}