{"id":5376,"date":"2016-11-25T13:37:36","date_gmt":"2016-11-25T12:37:36","guid":{"rendered":"https:\/\/tugesto.com\/blog\/?p=5376"},"modified":"2024-05-20T13:13:46","modified_gmt":"2024-05-20T11:13:46","slug":"marta-gonzalez-sigma-biotech","status":"publish","type":"post","link":"https:\/\/tugesto.com\/blog\/marta-gonzalez-sigma-biotech\/","title":{"rendered":"Hoy hablamos con&#8230; Marta Gonz\u00e1lez de Sigma Biotech"},"content":{"rendered":"\t\t<div data-elementor-type=\"wp-post\" data-elementor-id=\"5376\" class=\"elementor elementor-5376\" data-elementor-post-type=\"post\">\n\t\t\t\t\t\t<section class=\"elementor-section elementor-top-section elementor-element elementor-element-74470919 elementor-section-boxed elementor-section-height-default elementor-section-height-default\" data-id=\"74470919\" data-element_type=\"section\" data-e-type=\"section\">\n\t\t\t\t\t\t<div class=\"elementor-container elementor-column-gap-default\">\n\t\t\t\t\t<div class=\"elementor-column elementor-col-100 elementor-top-column elementor-element elementor-element-564eadd1\" data-id=\"564eadd1\" data-element_type=\"column\" data-e-type=\"column\">\n\t\t\t<div class=\"elementor-widget-wrap elementor-element-populated\">\n\t\t\t\t\t\t<div class=\"elementor-element elementor-element-f4b2adf elementor-widget elementor-widget-text-editor\" data-id=\"f4b2adf\" data-element_type=\"widget\" data-e-type=\"widget\" data-widget_type=\"text-editor.default\">\n\t\t\t\t<div class=\"elementor-widget-container\">\n\t\t\t\t\t\t\t\t\t<p style=\"text-align: justify;\">\u00a1Hola, #gestioner!<\/p><p style=\"text-align: justify;\">Hoy te ofrecemos una nueva entrega de nuestra secci\u00f3n \u00abHoy hablamos con&#8230;\u00bb, en la que te presentamos a Marta Gonz\u00e1lez, <strong>CEO y fundadora de Sigma Biotech<\/strong>.<\/p><h2>\u00bfQu\u00e9 es Sigma Biotech?<\/h2><p style=\"text-align: justify;\">Es un grupo de investigaci\u00f3n privado que se ocupa de <strong>optimizar los recursos de las empresas encuadradas en las industrias agroalimentaria y cosm\u00e9tica<\/strong>, para guiarles en el desarrollo de nuevos productos gracias a sus servicios de I+D+i.<\/p><p style=\"text-align: justify;\">No es la primera vez que hablamos de Marta en el blog de tugesto. En uno de nuestros post anteriores, <a href=\"https:\/\/tugesto.com\/blog\/mujeres-emprendedoras-exito\/\" target=\"_blank\" rel=\"noopener\">Mujeres Emprendedoras de \u00c9xito<\/a>, ya te contamos su experiencia como ejemplo de <strong>mujer emprendedora<\/strong> <strong>que ha logrado alcanzar sus objetivos profesionales con \u00e9xito<\/strong>.<\/p><p style=\"text-align: justify;\">En la entrevista de hoy Marta nos cuenta su\u00a0experiencia como joven emprendedora, sus comienzos como empresaria y\u00a0c\u00f3mo ve la situaci\u00f3n de la sociedad actual para quienes quieren lanzarse a emprender.<\/p><p style=\"text-align: justify;\">\u00a1No puedes perd\u00e9rtela! Comenzamos.<\/p><blockquote><p style=\"text-align: justify;\"><em>\u00abGracias a nuestros servicios las empresas pueden desarrollar nuevos productos y mejorar aquellos que ya existen\u00bb &#8211; Marta Gonz\u00e1lez<\/em><\/p><\/blockquote><h3 style=\"text-align: justify;\">H\u00e1blanos de Sigma Biotech. \u00bfC\u00f3mo se os ocurri\u00f3 la idea de crear un grupo de investigaci\u00f3n de I+D+i para empresas del sector agroalimentario?<\/h3><p style=\"text-align: justify;\"><em>Antes de comenzar, ya hab\u00edamos trabajado en empresas similares del sector. En ellas vimos la verdadera <strong>necesidad que tienen las empresas de innovar<\/strong>, sin embargo cre\u00edamos que se pod\u00eda hacer mejor y adaptarse m\u00e1s a las necesidades de cada cliente.<\/em><\/p><p style=\"text-align: justify;\"><em>Por ello dimos el paso y hemos desarrollado nuestra amplia gama de servicios enfocados al dise\u00f1o y desarrollo de productos agroalimentarios y cosm\u00e9ticos innovadores.<\/em><\/p><p style=\"text-align: justify;\"><em>Algunos de ellos son nuevos lanzamientos, investigaci\u00f3n de procesos y b\u00fasqueda de tecnolog\u00edas innovadoras que puedan incrementar la calidad productiva de nuestros clientes, as\u00ed como mejorar la competitividad y seguridad alimentaria mediante soluciones espec\u00edficas, tanto en el campo de la agroalimentaci\u00f3n como en cosm\u00e9tica.<\/em><\/p><p style=\"text-align: justify;\"><em>Desde el 2013 hasta hoy hemos formado un equipo multidisciplinar<strong>,<\/strong> con m\u00e1s de 30 a\u00f1os de experiencia dedicados al sector, lo que nos permite <strong>satisfacer las demandas de I+D+i solicitadas<\/strong> por las empresas que requieren nuestros servicios, para quienes analizamos sus potencialidades con el fin de desarrollar y ejecutar un plan estrat\u00e9gico adecuado a sus necesidades.<\/em><\/p><p style=\"text-align: justify;\"><em>Nos encargamos de dise\u00f1ar y reformular el producto a escala laboratorio, utilizando las m\u00e1s avanzadas tecnolog\u00edas hasta conseguir las caracter\u00edsticas deseadas, contando en todo momento con la opini\u00f3n y deseos de nuestros clientes y trabajando con ellos mano a mano durante el trascurso del proyecto en cuesti\u00f3n, todo ello bajo un estricto protocolo de confidencialidad.<\/em><\/p><p style=\"text-align: justify;\"><em>En definitiva, podemos decir que actuamos como un departamento de I+D+i para nuestros clientes, siendo especialistas en mejorar aquello que ya existe y obteniendo productos diferentes para nuevos nichos de mercado, de una manera cient\u00edfica, innovadora y rentable. Todo ello, bajo un estricto protocolo de confidencialidad para garantizar la inversi\u00f3n de nuestro cliente.<\/em><\/p><p style=\"text-align: justify;\"><a href=\"https:\/\/tugesto.com\/blog\/mujeres-emprendedoras-exito\/\" target=\"_blank\" rel=\"noopener noreferrer\"><img fetchpriority=\"high\" decoding=\"async\" class=\"aligncenter wp-image-4693 size-full\" title=\"Mujeres emprendedoras de \u00e9xito\" src=\"https:\/\/tugesto.com\/blog\/wp-content\/uploads\/2014\/12\/mujeres-emprendedoras.jpg\" alt=\"Im\u00e1gen destacada mujeres emprendedoras de \u00e9xito\" width=\"700\" height=\"329\" srcset=\"https:\/\/tugesto.com\/blog\/wp-content\/uploads\/2014\/12\/mujeres-emprendedoras.jpg 700w, https:\/\/tugesto.com\/blog\/wp-content\/uploads\/2014\/12\/mujeres-emprendedoras-300x141.jpg 300w\" sizes=\"(max-width: 700px) 100vw, 700px\" \/><\/a><\/p><h3 style=\"text-align: justify;\">\u00bfC\u00f3mo puede ayudar Sigma Biotech a las empresas de dicho sector?<\/h3><p style=\"text-align: justify;\"><em>Actualmente, el binomio alimentaci\u00f3n-innovaci\u00f3n es esencial para <strong>optimizar la eficiencia de las empresas<\/strong>, por lo que para diferenciarse, las empresas deben apostar por lanzar productos que aporten valor a\u00f1adido al consumidor, permiti\u00e9ndoles as\u00ed posicionarse de manera estrat\u00e9gica, adelant\u00e1ndose a las demandas del mercado y favoreciendo el dise\u00f1o de soluciones diferenciales y rentables.<\/em><\/p><p style=\"text-align: justify;\"><em>Es aqu\u00ed cuando se hacen necesarios los servicios que ofrecemos desde SIGMA BIOTECH, ya que gracias a ellos las empresas<strong> pueden desarrollar nuevos productos<\/strong>, mejorar aquellos que ya existen, aprovechamiento de subproductos\u2026, incrementando as\u00ed su nicho de mercado, y por tanto su actividad econ\u00f3mica.<\/em><\/p><p style=\"text-align: justify;\"><em>Un ejemplo de ello, son \u2018CALENTITAS\u2019, producto que desarrollamos para la empresa Tostaderos Sol de Alba. Se trata de pipas para microondas.<\/em><\/p><p style=\"text-align: justify;\"><em>Gracias a este desarrollo, la empresa no s\u00f3lo pudo aumentar la vida \u00fatil de su producto, llegando de este modo a nuevos nichos de mercado (exportaci\u00f3n), sino que benefici\u00f3 al consumidor final, pues de este modo se puede evitar el enranciamiento de \u00e9stas, adem\u00e1s de poder consumir el producto reci\u00e9n hechas, aumentando con ello sus caracter\u00edsticas organol\u00e9pticas.<\/em><\/p><p style=\"text-align: justify;\"><em>Otro desarrollo que tambi\u00e9n llevamos a cabo junto a ESPADAFOR, empresa productora del famoso vino sin alcohol \u2018Castillo de Salobre\u00f1a\u2019, fue una bebida trif\u00e1sica.<\/em><\/p><p style=\"text-align: justify;\"><em>Se trataba de una bebida divida en tres capas de diferentes colores y sabores, que al agitarla se convierte en un c\u00f3ctel. Se trata de la primera bebida trif\u00e1sica desarrollada a nivel mundial, y en este caso la empresa utiliz\u00f3 los colores de las banderas de diferentes pa\u00edses, entre ellas, la bandera espa\u00f1ola.<\/em><\/p><h3 style=\"text-align: justify;\">\u00bfQu\u00e9 fue lo que te motiv\u00f3 a la hora de fundar Sigma Biotech?<\/h3><p style=\"text-align: justify;\"><em>Antes de convertirme en emprendedora, estuve trabajando como Directora de Proyectos de I+D para diferentes empresas privadas, con caracter\u00edsticas similares a SIGMA BIOTECH.<\/em><\/p><p style=\"text-align: justify;\"><em>Fue entonces cuando, pude darme cuenta que la innovaci\u00f3n se impon\u00eda cada vez m\u00e1s a las exigencias del mercado para empresas del sector agroalimentario, siendo \u00e9sta la llave para el crecimiento econ\u00f3mico e intelectual de nuestras empresas, pues les otorga un alto valor a\u00f1adido a sus productos.<\/em><\/p><p style=\"text-align: justify;\"><em>Por ello, en 2013 decid\u00ed lanzarme al mundo empresarial, pues <strong>exist\u00eda un importante nicho de mercado en este sector<\/strong>, pero que en ese momento no se encontraba satisfecho totalmente, fue entonces cuando naci\u00f3 SIGMA BIOTECH.<\/em><\/p><h3 style=\"text-align: justify;\">Para ti, \u00bfqu\u00e9 caracter\u00edsticas crees que debe cumplir un emprendedor? \u00bfC\u00f3mo es un emprendedor 10?<\/h3><p style=\"text-align: justify;\"><em>No creo que exista un emprendedor 10, pues siempre comentemos errores, pero es importante que se corrijan y se aprendan de ellos.<\/em><\/p><p style=\"text-align: justify;\"><em>No obstante, en mi opini\u00f3n, la principal \u2018habilidad\u2019 de la que se debe disponer para emprender, no es otra que la de <strong>apostar por lo que uno cree<\/strong>, luchando en todo momento por conseguir los objetivos marcados, manteniendo en todo momento las siguientes premisas:<\/em><\/p><ul style=\"text-align: justify;\"><li><em>Ser constante en alcanzar los objetivos marcados.<\/em><\/li><\/ul><ul style=\"text-align: justify;\"><li><em>Tener la capacidad de redirigir el proyecto si es preciso.<\/em><\/li><\/ul><ul style=\"text-align: justify;\"><li><em>Ser paciente y realista.<\/em><\/li><\/ul><h3 style=\"text-align: justify;\">\u00bfQu\u00e9 crees que es lo m\u00e1s importante a tener en cuenta un emprendedor a la hora de gestionar su negocio? (cumplir con la legalidad en protecci\u00f3n de datos, llevar todo el papeleo fiscal al d\u00eda, tener la contabilidad hecha, tener sus cuentas limpias de morosos&#8230;) \u00bfY por qu\u00e9?<\/h3><p style=\"text-align: justify;\"><em>En mi opini\u00f3n, adem\u00e1s de tener en cuenta, y como no, de cumplir cualquier aspecto burocr\u00e1tico exigidos, la \u2018habilidad\u2019 de la que se debe disponer para emprender, no es otra que la de apostar por lo que uno cree, luchando en todo momento por conseguir los objetivos marcados, as\u00ed como la de<strong> ser pacientes<\/strong>, especialmente en los primeros meses de vida.<\/em><\/p><p style=\"text-align: justify;\"><em>A pesar de los momentos de tensi\u00f3n, incertidumbre\u2026, es en este momento cuando se debe aumentar la habilidad de la paciencia, pues es aqu\u00ed cuando surgir\u00e1n numerosas dificultades, m\u00e1s a\u00fan si no se posee ning\u00fan tipo de conocimiento previo, tal y como ocurri\u00f3 en mi caso.<\/em><\/p><p style=\"text-align: justify;\"><em>Adem\u00e1s, ser\u00eda importante que se rodearan de un <strong>equipo de trabajo competente<\/strong>, as\u00ed como de asesores de confianza que realmente crean en el proyecto de empresa, apostando en todo momento por el crecimiento de \u00e9sta.<\/em><\/p><p style=\"text-align: justify;\"><img decoding=\"async\" class=\"aligncenter wp-image-5411 size-full\" title=\"Hoy hablamos con... Marta Gonz\u00e1lez de Sigma Biotech\" src=\"https:\/\/tugesto.com\/blog\/wp-content\/uploads\/2014\/12\/equipo-sigma-biotech-1.jpg\" alt=\"Equipo de sigma Biotech\" width=\"700\" height=\"329\" \/><\/p><h3 style=\"text-align: justify;\">C\u00f3mo emprendedora, \u00bfcu\u00e1l ha sido el mayor desaf\u00edo al que te has enfrentado hasta ahora?<\/h3><p style=\"text-align: justify;\"><em>Durante mi trayectoria empresarial, la mayor dificultad, y por tanto el mayor desaf\u00edo con el que me he topado, ha sido la <strong>escasa cultura innovadora que existe<\/strong> en nuestro pa\u00eds, lo que supone un h\u00e1ndicap para una empresa como SIGMA BIOTECH.<\/em><\/p><p style=\"text-align: justify;\"><em>A pesar de ello, existen empresas espa\u00f1olas conscientes de la importancia y beneficios que supone invertir en innovaci\u00f3n, generando as\u00ed un esp\u00edritu innovador, lo que les permite ser m\u00e1s competitivos en el mercado, abriendo incluso nuevos nichos.<\/em><\/p><p style=\"text-align: justify;\"><em>Desde SIGMA BIOTECH, creemos que ser\u00eda fundamental concienciar a los empresarios, de las ventajas que genera la innovaci\u00f3n, haci\u00e9ndoles ver que la I+D no supone un gasto, sino m\u00e1s bien una inversi\u00f3n 100% segura.<\/em><\/p><h3 style=\"text-align: justify;\">A pesar de la situaci\u00f3n socio-pol\u00edtica que estamos viviendo en la actualidad en nuestro pa\u00eds, \u00bfcrees que es buena idea montar un negocio propio aqu\u00ed en Espa\u00f1a? \u00bfPor qu\u00e9?<\/h3><p style=\"text-align: justify;\"><em>Me gustar\u00eda que la respuesta fuera otra, pero la realidad es que no es nada f\u00e1cil emprender en nuestro pa\u00eds.<\/em><\/p><p style=\"text-align: justify;\"><em>Empezando por las dificultades burocr\u00e1ticas para la constituci\u00f3n y arranque de la sociedad, as\u00ed como la falta de informaci\u00f3n y asesoramiento, adem\u00e1s de los gastos e impuestos derivados que no ayudan al inicio ni crecimiento de las empresas (cuota de aut\u00f3nomos superior a los 300\u20ac mensuales, impuesto de sociedades desde el momento en el que tu compa\u00f1\u00eda obtiene beneficios\u2026), ahogan, y mucho la predisposici\u00f3n que pueda disponer cualquier emprendedor.<\/em><\/p><p style=\"text-align: justify;\"><em>Por otra parte, tampoco existen inversiones que realmente ayuden a que las compa\u00f1\u00edas con potencial inicien su andadura.<\/em><\/p><p style=\"text-align: justify;\"><em>En mi caso, SIGMA BIOTECH comenz\u00f3 su andadura sin ning\u00fan tipo de inversi\u00f3n p\u00fablica ni privada, pues fue gracias a nuestro trabajo con el que nuestra empresa pudo comenzar a funcionar, acompa\u00f1ada en todo momento con la confianza depositada por algunos de nuestros clientes.<\/em><\/p><p><iframe src=\"https:\/\/www.youtube.com\/embed\/50RnRvrrRuc\" width=\"600\" height=\"315\" frameborder=\"0\" allowfullscreen=\"allowfullscreen\"><\/iframe><\/p><p style=\"text-align: justify;\"><em>No obstante, conocemos casos reales en los que conseguir financiaci\u00f3n privada ha supuesto una odisea, pues han encontrado numerosos impedimentos durante su tramitaci\u00f3n, pues les exig\u00edan requisitos dif\u00edciles de conseguir, especialmente durante los comienzos de cualquier mercantil.<\/em><\/p><p style=\"text-align: justify;\"><em>En cuanto la financiaci\u00f3n o subvenciones procedentes de organismos p\u00fablicos, no son menos complejos, pues al igual que las anteriores, son numerosas los requerimientos exigidos por \u00e9stas.<\/em><\/p><p style=\"text-align: justify;\"><em>Parad\u00f3jicamente, tras finalizar los tr\u00e1mites demandados, y por ende aceptada la petici\u00f3n, el emprendedor no han obtenido dicha subvenci\u00f3n o financiaci\u00f3n solicitada, hasta dos a\u00f1os despu\u00e9s de la vida de la mercantil.<\/em><\/p><p style=\"text-align: justify;\"><em>No puedo afirmar que las dificultades para emprender sean como consecuencia de la situaci\u00f3n pol\u00edtica actual, pues SIGMA BIOTECH se cre\u00f3 en el a\u00f1o 2013, momento en el cual la situaci\u00f3n pol\u00edtica era estable.<\/em><\/p><p style=\"text-align: justify;\"><em>En mi opini\u00f3n, <strong>se deber\u00edan facilitar los tr\u00e1mites burocr\u00e1ticos<\/strong>, as\u00ed como las ayudas y financiaciones p\u00fablicas y privadas, adem\u00e1s de fomentar la cultura empresarial en nuestras escuelas, ense\u00f1\u00e1ndole a los m\u00e1s peque\u00f1os que existen alternativas laborales, m\u00e1s all\u00e1 del trabajo por cuenta ajena, pues no hay que olvidar que los ni\u00f1os de hoy, son los empresarios del ma\u00f1ana.<\/em><\/p><h3 style=\"text-align: justify;\">\u00bfCu\u00e1l crees que es la clave para conseguir el \u00e9xito en un negocio?<\/h3><p style=\"text-align: justify;\"><em>No creo que exista ninguna f\u00f3rmula o clave que pueda ayudar a crear un negocio con un \u00e9xito asegurado, ya que cualquier proyecto, hasta el m\u00e1s exitoso, tienen dificultades, especialmente, durante los primeros a\u00f1os de vida.<\/em><\/p><p style=\"text-align: justify;\"><em>Sin embargo, considero que lo importante para logar que un proyecto alcance el \u00e9xito, no es otra que la de creer en \u00e9l, as\u00ed como el de <strong>ser constantes y trabajar duro hasta alcanzar la meta propuesta<\/strong>, puesto que si el propio emprendedor no cree fielmente en su proyecto,, dif\u00edcilmente convencer\u00e1 del \u00e9xito de \u00e9ste.<\/em><\/p><p style=\"text-align: justify;\"><strong>\u00a1Muchas gracias Marta!<\/strong><\/p><p style=\"text-align: justify;\">\u00bfTe ha gustado la entrevista? Si quieres ser el pr\u00f3ximo invitado de nuestra secci\u00f3n \u00abHablamos con&#8230;\u00bb no dudes en contactar con nosotros a trav\u00e9s del correo <a href=\"mailto:comunicacion@tugesto.com\">comunicacion@tugesto.com<\/a><\/p><p style=\"text-align: justify;\"><a href=\"https:\/\/tugesto.com\/?utm_source=blog&amp;utm_medium=entrada&amp;utm_campaign=sigma-biotech\" target=\"_blank\" rel=\"noopener noreferrer\"><img decoding=\"async\" class=\"aligncenter wp-image-2688 size-full\" title=\"Abogados online\" src=\"https:\/\/tugesto.com\/blog\/wp-content\/uploads\/2014\/12\/CTA-tugesto.jpg\" alt=\"Visita la web de tugesto\" width=\"680\" height=\"270\" srcset=\"https:\/\/tugesto.com\/blog\/wp-content\/uploads\/2014\/12\/CTA-tugesto.jpg 680w, https:\/\/tugesto.com\/blog\/wp-content\/uploads\/2014\/12\/CTA-tugesto-300x119.jpg 300w\" sizes=\"(max-width: 680px) 100vw, 680px\" \/><\/a><\/p>\t\t\t\t\t\t\t\t<\/div>\n\t\t\t\t<\/div>\n\t\t\t\t\t<\/div>\n\t\t<\/div>\n\t\t\t\t\t<\/div>\n\t\t<\/section>\n\t\t\t\t<\/div>\n\t\t","protected":false},"excerpt":{"rendered":"<p>\u00a1Hola, #gestioner! Hoy te ofrecemos una nueva entrega de nuestra secci\u00f3n \u00abHoy hablamos con&#8230;\u00bb, en la que te presentamos a Marta Gonz\u00e1lez, CEO y fundadora de Sigma Biotech. \u00bfQu\u00e9 es Sigma Biotech? Es un grupo de investigaci\u00f3n privado que se ocupa de optimizar los recursos de las empresas encuadradas en las industrias agroalimentaria y cosm\u00e9tica, [&hellip;]<\/p>\n","protected":false},"author":6,"featured_media":5423,"comment_status":"open","ping_status":"open","sticky":false,"template":"","format":"image","meta":{"_eb_attr":"","content-type":"","footnotes":""},"categories":[45],"tags":[36,38],"ppma_author":[1492],"class_list":["post-5376","post","type-post","status-publish","format-image","has-post-thumbnail","hentry","category-laboral","tag-autonomos","tag-pymes","post_format-post-format-image"],"yoast_head":"<!-- This site is optimized with the Yoast SEO plugin v27.5 - https:\/\/yoast.com\/product\/yoast-seo-wordpress\/ -->\n<title>Marta Gonz\u00e1lez, CEO de Sigma Biotech | tugesto<\/title>\n<meta name=\"description\" content=\"Entrevista a Marta Gonz\u00e1lez, CEO y fundadora de Sigma Biotech. Nos cuenta su experiencia como empresaria y emprendedora\" \/>\n<meta name=\"robots\" content=\"index, follow, max-snippet:-1, max-image-preview:large, max-video-preview:-1\" \/>\n<link rel=\"canonical\" href=\"https:\/\/tugesto.com\/blog\/marta-gonzalez-sigma-biotech\/\" \/>\n<meta property=\"og:locale\" content=\"es_ES\" \/>\n<meta property=\"og:type\" content=\"article\" \/>\n<meta property=\"og:title\" content=\"Marta Gonz\u00e1lez, CEO de Sigma Biotech | tugesto\" \/>\n<meta property=\"og:description\" content=\"Entrevista a Marta Gonz\u00e1lez, CEO y fundadora de Sigma Biotech. Nos cuenta su experiencia como empresaria y emprendedora\" \/>\n<meta property=\"og:url\" content=\"https:\/\/tugesto.com\/blog\/marta-gonzalez-sigma-biotech\/\" \/>\n<meta property=\"og:site_name\" content=\"Blog: \u00a1Aprende a emprender! | tugesto\" \/>\n<meta property=\"article:publisher\" content=\"https:\/\/www.facebook.com\/tugesto\/\" \/>\n<meta property=\"article:published_time\" content=\"2016-11-25T12:37:36+00:00\" \/>\n<meta property=\"article:modified_time\" content=\"2024-05-20T11:13:46+00:00\" \/>\n<meta property=\"og:image\" content=\"https:\/\/tugesto.com\/blog\/wp-content\/uploads\/2014\/12\/marta-sigma-biotech.jpg\" \/>\n\t<meta property=\"og:image:width\" content=\"700\" \/>\n\t<meta property=\"og:image:height\" content=\"329\" \/>\n\t<meta property=\"og:image:type\" content=\"image\/jpeg\" \/>\n<meta name=\"author\" content=\"Pilar Ma\u00f1es\" \/>\n<meta name=\"twitter:card\" content=\"summary_large_image\" \/>\n<meta name=\"twitter:label1\" content=\"Escrito por\" \/>\n\t<meta name=\"twitter:data1\" content=\"Pilar Ma\u00f1es\" \/>\n\t<meta name=\"twitter:label2\" content=\"Tiempo de lectura\" \/>\n\t<meta name=\"twitter:data2\" content=\"9 minutos\" \/>\n<script type=\"application\/ld+json\" class=\"yoast-schema-graph\">{\"@context\":\"https:\\\/\\\/schema.org\",\"@graph\":[{\"@type\":\"Article\",\"@id\":\"https:\\\/\\\/tugesto.com\\\/blog\\\/marta-gonzalez-sigma-biotech\\\/#article\",\"isPartOf\":{\"@id\":\"https:\\\/\\\/tugesto.com\\\/blog\\\/marta-gonzalez-sigma-biotech\\\/\"},\"author\":{\"name\":\"Pilar Ma\u00f1es\",\"@id\":\"https:\\\/\\\/tugesto.com\\\/blog\\\/#\\\/schema\\\/person\\\/2fa8e07511841ac8faf1e197d136c5cc\"},\"headline\":\"Hoy hablamos con&#8230; Marta Gonz\u00e1lez de Sigma Biotech\",\"datePublished\":\"2016-11-25T12:37:36+00:00\",\"dateModified\":\"2024-05-20T11:13:46+00:00\",\"mainEntityOfPage\":{\"@id\":\"https:\\\/\\\/tugesto.com\\\/blog\\\/marta-gonzalez-sigma-biotech\\\/\"},\"wordCount\":1928,\"commentCount\":0,\"publisher\":{\"@id\":\"https:\\\/\\\/tugesto.com\\\/blog\\\/#organization\"},\"image\":{\"@id\":\"https:\\\/\\\/tugesto.com\\\/blog\\\/marta-gonzalez-sigma-biotech\\\/#primaryimage\"},\"thumbnailUrl\":\"https:\\\/\\\/tugesto.com\\\/blog\\\/wp-content\\\/uploads\\\/2014\\\/12\\\/marta-sigma-biotech.jpg\",\"keywords\":[\"aut\u00f3nomos\",\"pymes\"],\"articleSection\":[\"Laboral\"],\"inLanguage\":\"es\",\"potentialAction\":[{\"@type\":\"CommentAction\",\"name\":\"Comment\",\"target\":[\"https:\\\/\\\/tugesto.com\\\/blog\\\/marta-gonzalez-sigma-biotech\\\/#respond\"]}]},{\"@type\":\"WebPage\",\"@id\":\"https:\\\/\\\/tugesto.com\\\/blog\\\/marta-gonzalez-sigma-biotech\\\/\",\"url\":\"https:\\\/\\\/tugesto.com\\\/blog\\\/marta-gonzalez-sigma-biotech\\\/\",\"name\":\"Marta Gonz\u00e1lez, CEO de Sigma Biotech | tugesto\",\"isPartOf\":{\"@id\":\"https:\\\/\\\/tugesto.com\\\/blog\\\/#website\"},\"primaryImageOfPage\":{\"@id\":\"https:\\\/\\\/tugesto.com\\\/blog\\\/marta-gonzalez-sigma-biotech\\\/#primaryimage\"},\"image\":{\"@id\":\"https:\\\/\\\/tugesto.com\\\/blog\\\/marta-gonzalez-sigma-biotech\\\/#primaryimage\"},\"thumbnailUrl\":\"https:\\\/\\\/tugesto.com\\\/blog\\\/wp-content\\\/uploads\\\/2014\\\/12\\\/marta-sigma-biotech.jpg\",\"datePublished\":\"2016-11-25T12:37:36+00:00\",\"dateModified\":\"2024-05-20T11:13:46+00:00\",\"description\":\"Entrevista a Marta Gonz\u00e1lez, CEO y fundadora de Sigma Biotech. Nos cuenta su experiencia como empresaria y emprendedora\",\"breadcrumb\":{\"@id\":\"https:\\\/\\\/tugesto.com\\\/blog\\\/marta-gonzalez-sigma-biotech\\\/#breadcrumb\"},\"inLanguage\":\"es\",\"potentialAction\":[{\"@type\":\"ReadAction\",\"target\":[\"https:\\\/\\\/tugesto.com\\\/blog\\\/marta-gonzalez-sigma-biotech\\\/\"]}]},{\"@type\":\"ImageObject\",\"inLanguage\":\"es\",\"@id\":\"https:\\\/\\\/tugesto.com\\\/blog\\\/marta-gonzalez-sigma-biotech\\\/#primaryimage\",\"url\":\"https:\\\/\\\/tugesto.com\\\/blog\\\/wp-content\\\/uploads\\\/2014\\\/12\\\/marta-sigma-biotech.jpg\",\"contentUrl\":\"https:\\\/\\\/tugesto.com\\\/blog\\\/wp-content\\\/uploads\\\/2014\\\/12\\\/marta-sigma-biotech.jpg\",\"width\":700,\"height\":329,\"caption\":\"Entrevista a Marta Gonz\u00e1lez, CEO de Sigma Biotech. Nos habla sobre su experiencia profesional y sobre el papel del emprendedor.\"},{\"@type\":\"BreadcrumbList\",\"@id\":\"https:\\\/\\\/tugesto.com\\\/blog\\\/marta-gonzalez-sigma-biotech\\\/#breadcrumb\",\"itemListElement\":[{\"@type\":\"ListItem\",\"position\":1,\"name\":\"Home\",\"item\":\"https:\\\/\\\/tugesto.com\\\/blog\\\/\"},{\"@type\":\"ListItem\",\"position\":2,\"name\":\"Laboral\",\"item\":\"https:\\\/\\\/tugesto.com\\\/blog\\\/category\\\/laboral\\\/\"},{\"@type\":\"ListItem\",\"position\":3,\"name\":\"Hoy hablamos con&#8230; Marta Gonz\u00e1lez de Sigma Biotech\"}]},{\"@type\":\"WebSite\",\"@id\":\"https:\\\/\\\/tugesto.com\\\/blog\\\/#website\",\"url\":\"https:\\\/\\\/tugesto.com\\\/blog\\\/\",\"name\":\"Blog tugesto\",\"description\":\"\ud83d\udcda Blog especializado para aut\u00f3nomos y pymes. Encuentra semanalmente nuevos posts, recursos y gu\u00edas. La ayuda que necesitas para tu negocio.\",\"publisher\":{\"@id\":\"https:\\\/\\\/tugesto.com\\\/blog\\\/#organization\"},\"potentialAction\":[{\"@type\":\"SearchAction\",\"target\":{\"@type\":\"EntryPoint\",\"urlTemplate\":\"https:\\\/\\\/tugesto.com\\\/blog\\\/?s={search_term_string}\"},\"query-input\":{\"@type\":\"PropertyValueSpecification\",\"valueRequired\":true,\"valueName\":\"search_term_string\"}}],\"inLanguage\":\"es\"},{\"@type\":\"Organization\",\"@id\":\"https:\\\/\\\/tugesto.com\\\/blog\\\/#organization\",\"name\":\"tugesto\",\"url\":\"https:\\\/\\\/tugesto.com\\\/blog\\\/\",\"logo\":{\"@type\":\"ImageObject\",\"inLanguage\":\"es\",\"@id\":\"https:\\\/\\\/tugesto.com\\\/blog\\\/#\\\/schema\\\/logo\\\/image\\\/\",\"url\":\"https:\\\/\\\/tugesto.com\\\/blog\\\/wp-content\\\/uploads\\\/2019\\\/06\\\/logo_tugesto.png\",\"contentUrl\":\"https:\\\/\\\/tugesto.com\\\/blog\\\/wp-content\\\/uploads\\\/2019\\\/06\\\/logo_tugesto.png\",\"width\":190,\"height\":63,\"caption\":\"tugesto\"},\"image\":{\"@id\":\"https:\\\/\\\/tugesto.com\\\/blog\\\/#\\\/schema\\\/logo\\\/image\\\/\"},\"sameAs\":[\"https:\\\/\\\/www.facebook.com\\\/tugesto\\\/\",\"https:\\\/\\\/www.instagram.com\\\/tugesto_online\\\/\"]},{\"@type\":\"Person\",\"@id\":\"https:\\\/\\\/tugesto.com\\\/blog\\\/#\\\/schema\\\/person\\\/2fa8e07511841ac8faf1e197d136c5cc\",\"name\":\"Pilar Ma\u00f1es\",\"image\":{\"@type\":\"ImageObject\",\"inLanguage\":\"es\",\"@id\":\"https:\\\/\\\/tugesto.com\\\/blog\\\/wp-content\\\/uploads\\\/2024\\\/05\\\/pilar-manes.jpg18b40a4d2cebdace06b7959c1bad725b\",\"url\":\"https:\\\/\\\/tugesto.com\\\/blog\\\/wp-content\\\/uploads\\\/2024\\\/05\\\/pilar-manes.jpg\",\"contentUrl\":\"https:\\\/\\\/tugesto.com\\\/blog\\\/wp-content\\\/uploads\\\/2024\\\/05\\\/pilar-manes.jpg\",\"caption\":\"Pilar Ma\u00f1es\"},\"description\":\"Responsable dpto. Comunicaci\u00f3n y Marketing\",\"sameAs\":[\"https:\\\/\\\/www.linkedin.com\\\/in\\\/pilar-ma%C3%B1es\\\/\"]}]}<\/script>\n<!-- \/ Yoast SEO plugin. -->","yoast_head_json":{"title":"Marta Gonz\u00e1lez, CEO de Sigma Biotech | tugesto","description":"Entrevista a Marta Gonz\u00e1lez, CEO y fundadora de Sigma Biotech. Nos cuenta su experiencia como empresaria y emprendedora","robots":{"index":"index","follow":"follow","max-snippet":"max-snippet:-1","max-image-preview":"max-image-preview:large","max-video-preview":"max-video-preview:-1"},"canonical":"https:\/\/tugesto.com\/blog\/marta-gonzalez-sigma-biotech\/","og_locale":"es_ES","og_type":"article","og_title":"Marta Gonz\u00e1lez, CEO de Sigma Biotech | tugesto","og_description":"Entrevista a Marta Gonz\u00e1lez, CEO y fundadora de Sigma Biotech. Nos cuenta su experiencia como empresaria y emprendedora","og_url":"https:\/\/tugesto.com\/blog\/marta-gonzalez-sigma-biotech\/","og_site_name":"Blog: \u00a1Aprende a emprender! | tugesto","article_publisher":"https:\/\/www.facebook.com\/tugesto\/","article_published_time":"2016-11-25T12:37:36+00:00","article_modified_time":"2024-05-20T11:13:46+00:00","og_image":[{"width":700,"height":329,"url":"https:\/\/tugesto.com\/blog\/wp-content\/uploads\/2014\/12\/marta-sigma-biotech.jpg","type":"image\/jpeg"}],"author":"Pilar Ma\u00f1es","twitter_card":"summary_large_image","twitter_misc":{"Escrito por":"Pilar Ma\u00f1es","Tiempo de lectura":"9 minutos"},"schema":{"@context":"https:\/\/schema.org","@graph":[{"@type":"Article","@id":"https:\/\/tugesto.com\/blog\/marta-gonzalez-sigma-biotech\/#article","isPartOf":{"@id":"https:\/\/tugesto.com\/blog\/marta-gonzalez-sigma-biotech\/"},"author":{"name":"Pilar Ma\u00f1es","@id":"https:\/\/tugesto.com\/blog\/#\/schema\/person\/2fa8e07511841ac8faf1e197d136c5cc"},"headline":"Hoy hablamos con&#8230; Marta Gonz\u00e1lez de Sigma Biotech","datePublished":"2016-11-25T12:37:36+00:00","dateModified":"2024-05-20T11:13:46+00:00","mainEntityOfPage":{"@id":"https:\/\/tugesto.com\/blog\/marta-gonzalez-sigma-biotech\/"},"wordCount":1928,"commentCount":0,"publisher":{"@id":"https:\/\/tugesto.com\/blog\/#organization"},"image":{"@id":"https:\/\/tugesto.com\/blog\/marta-gonzalez-sigma-biotech\/#primaryimage"},"thumbnailUrl":"https:\/\/tugesto.com\/blog\/wp-content\/uploads\/2014\/12\/marta-sigma-biotech.jpg","keywords":["aut\u00f3nomos","pymes"],"articleSection":["Laboral"],"inLanguage":"es","potentialAction":[{"@type":"CommentAction","name":"Comment","target":["https:\/\/tugesto.com\/blog\/marta-gonzalez-sigma-biotech\/#respond"]}]},{"@type":"WebPage","@id":"https:\/\/tugesto.com\/blog\/marta-gonzalez-sigma-biotech\/","url":"https:\/\/tugesto.com\/blog\/marta-gonzalez-sigma-biotech\/","name":"Marta Gonz\u00e1lez, CEO de Sigma Biotech | tugesto","isPartOf":{"@id":"https:\/\/tugesto.com\/blog\/#website"},"primaryImageOfPage":{"@id":"https:\/\/tugesto.com\/blog\/marta-gonzalez-sigma-biotech\/#primaryimage"},"image":{"@id":"https:\/\/tugesto.com\/blog\/marta-gonzalez-sigma-biotech\/#primaryimage"},"thumbnailUrl":"https:\/\/tugesto.com\/blog\/wp-content\/uploads\/2014\/12\/marta-sigma-biotech.jpg","datePublished":"2016-11-25T12:37:36+00:00","dateModified":"2024-05-20T11:13:46+00:00","description":"Entrevista a Marta Gonz\u00e1lez, CEO y fundadora de Sigma Biotech. Nos cuenta su experiencia como empresaria y emprendedora","breadcrumb":{"@id":"https:\/\/tugesto.com\/blog\/marta-gonzalez-sigma-biotech\/#breadcrumb"},"inLanguage":"es","potentialAction":[{"@type":"ReadAction","target":["https:\/\/tugesto.com\/blog\/marta-gonzalez-sigma-biotech\/"]}]},{"@type":"ImageObject","inLanguage":"es","@id":"https:\/\/tugesto.com\/blog\/marta-gonzalez-sigma-biotech\/#primaryimage","url":"https:\/\/tugesto.com\/blog\/wp-content\/uploads\/2014\/12\/marta-sigma-biotech.jpg","contentUrl":"https:\/\/tugesto.com\/blog\/wp-content\/uploads\/2014\/12\/marta-sigma-biotech.jpg","width":700,"height":329,"caption":"Entrevista a Marta Gonz\u00e1lez, CEO de Sigma Biotech. Nos habla sobre su experiencia profesional y sobre el papel del emprendedor."},{"@type":"BreadcrumbList","@id":"https:\/\/tugesto.com\/blog\/marta-gonzalez-sigma-biotech\/#breadcrumb","itemListElement":[{"@type":"ListItem","position":1,"name":"Home","item":"https:\/\/tugesto.com\/blog\/"},{"@type":"ListItem","position":2,"name":"Laboral","item":"https:\/\/tugesto.com\/blog\/category\/laboral\/"},{"@type":"ListItem","position":3,"name":"Hoy hablamos con&#8230; Marta Gonz\u00e1lez de Sigma Biotech"}]},{"@type":"WebSite","@id":"https:\/\/tugesto.com\/blog\/#website","url":"https:\/\/tugesto.com\/blog\/","name":"Blog tugesto","description":"\ud83d\udcda Blog especializado para aut\u00f3nomos y pymes. Encuentra semanalmente nuevos posts, recursos y gu\u00edas. La ayuda que necesitas para tu negocio.","publisher":{"@id":"https:\/\/tugesto.com\/blog\/#organization"},"potentialAction":[{"@type":"SearchAction","target":{"@type":"EntryPoint","urlTemplate":"https:\/\/tugesto.com\/blog\/?s={search_term_string}"},"query-input":{"@type":"PropertyValueSpecification","valueRequired":true,"valueName":"search_term_string"}}],"inLanguage":"es"},{"@type":"Organization","@id":"https:\/\/tugesto.com\/blog\/#organization","name":"tugesto","url":"https:\/\/tugesto.com\/blog\/","logo":{"@type":"ImageObject","inLanguage":"es","@id":"https:\/\/tugesto.com\/blog\/#\/schema\/logo\/image\/","url":"https:\/\/tugesto.com\/blog\/wp-content\/uploads\/2019\/06\/logo_tugesto.png","contentUrl":"https:\/\/tugesto.com\/blog\/wp-content\/uploads\/2019\/06\/logo_tugesto.png","width":190,"height":63,"caption":"tugesto"},"image":{"@id":"https:\/\/tugesto.com\/blog\/#\/schema\/logo\/image\/"},"sameAs":["https:\/\/www.facebook.com\/tugesto\/","https:\/\/www.instagram.com\/tugesto_online\/"]},{"@type":"Person","@id":"https:\/\/tugesto.com\/blog\/#\/schema\/person\/2fa8e07511841ac8faf1e197d136c5cc","name":"Pilar Ma\u00f1es","image":{"@type":"ImageObject","inLanguage":"es","@id":"https:\/\/tugesto.com\/blog\/wp-content\/uploads\/2024\/05\/pilar-manes.jpg18b40a4d2cebdace06b7959c1bad725b","url":"https:\/\/tugesto.com\/blog\/wp-content\/uploads\/2024\/05\/pilar-manes.jpg","contentUrl":"https:\/\/tugesto.com\/blog\/wp-content\/uploads\/2024\/05\/pilar-manes.jpg","caption":"Pilar Ma\u00f1es"},"description":"Responsable dpto. Comunicaci\u00f3n y Marketing","sameAs":["https:\/\/www.linkedin.com\/in\/pilar-ma%C3%B1es\/"]}]}},"authors":[{"term_id":1492,"user_id":6,"is_guest":0,"slug":"pilar-manes","display_name":"Pilar Ma\u00f1es","avatar_url":{"url":"https:\/\/tugesto.com\/blog\/wp-content\/uploads\/2024\/05\/pilar-manes.jpg","url2x":"https:\/\/tugesto.com\/blog\/wp-content\/uploads\/2024\/05\/pilar-manes.jpg"},"0":null,"1":"","2":"","3":"","4":"","5":"","6":"","7":"","8":""}],"_links":{"self":[{"href":"https:\/\/tugesto.com\/blog\/wp-json\/wp\/v2\/posts\/5376","targetHints":{"allow":["GET"]}}],"collection":[{"href":"https:\/\/tugesto.com\/blog\/wp-json\/wp\/v2\/posts"}],"about":[{"href":"https:\/\/tugesto.com\/blog\/wp-json\/wp\/v2\/types\/post"}],"author":[{"embeddable":true,"href":"https:\/\/tugesto.com\/blog\/wp-json\/wp\/v2\/users\/6"}],"replies":[{"embeddable":true,"href":"https:\/\/tugesto.com\/blog\/wp-json\/wp\/v2\/comments?post=5376"}],"version-history":[{"count":5,"href":"https:\/\/tugesto.com\/blog\/wp-json\/wp\/v2\/posts\/5376\/revisions"}],"predecessor-version":[{"id":35708,"href":"https:\/\/tugesto.com\/blog\/wp-json\/wp\/v2\/posts\/5376\/revisions\/35708"}],"wp:featuredmedia":[{"embeddable":true,"href":"https:\/\/tugesto.com\/blog\/wp-json\/wp\/v2\/media\/5423"}],"wp:attachment":[{"href":"https:\/\/tugesto.com\/blog\/wp-json\/wp\/v2\/media?parent=5376"}],"wp:term":[{"taxonomy":"category","embeddable":true,"href":"https:\/\/tugesto.com\/blog\/wp-json\/wp\/v2\/categories?post=5376"},{"taxonomy":"post_tag","embeddable":true,"href":"https:\/\/tugesto.com\/blog\/wp-json\/wp\/v2\/tags?post=5376"},{"taxonomy":"author","embeddable":true,"href":"https:\/\/tugesto.com\/blog\/wp-json\/wp\/v2\/ppma_author?post=5376"}],"curies":[{"name":"wp","href":"https:\/\/api.w.org\/{rel}","templated":true}]}}