{"id":388,"date":"2015-03-05T11:26:55","date_gmt":"2015-03-05T10:26:55","guid":{"rendered":"http:\/\/tugesto.com\/blog\/?p=388"},"modified":"2025-01-09T14:07:04","modified_gmt":"2025-01-09T13:07:04","slug":"autonomos-y-pymes-obligaciones-fiscales-de-marzo","status":"publish","type":"post","link":"https:\/\/tugesto.com\/blog\/autonomos-y-pymes-obligaciones-fiscales-de-marzo\/","title":{"rendered":"Aut\u00f3nomos y pymes: obligaciones fiscales de marzo"},"content":{"rendered":"\t\t<div data-elementor-type=\"wp-post\" data-elementor-id=\"388\" class=\"elementor elementor-388\" data-elementor-post-type=\"post\">\n\t\t\t\t\t\t<section class=\"elementor-section elementor-top-section elementor-element elementor-element-7125851b elementor-section-boxed elementor-section-height-default elementor-section-height-default\" data-id=\"7125851b\" data-element_type=\"section\" data-e-type=\"section\">\n\t\t\t\t\t\t<div class=\"elementor-container elementor-column-gap-default\">\n\t\t\t\t\t<div class=\"elementor-column elementor-col-100 elementor-top-column elementor-element elementor-element-3668679e\" data-id=\"3668679e\" data-element_type=\"column\" data-e-type=\"column\">\n\t\t\t<div class=\"elementor-widget-wrap elementor-element-populated\">\n\t\t\t\t\t\t<div class=\"elementor-element elementor-element-4ea23fba elementor-widget elementor-widget-text-editor\" data-id=\"4ea23fba\" data-element_type=\"widget\" data-e-type=\"widget\" data-widget_type=\"text-editor.default\">\n\t\t\t\t<div class=\"elementor-widget-container\">\n\t\t\t\t\t\t\t\t\t<p>El pasado domingo inauguramos marzo, el tercer mes del a\u00f1o en el calendario gregoriano y cuyo nombre deriva del lat\u00edn <em>Martivs<\/em> que, a su vez, deriva de <em>Mars<\/em> -el nombre en lat\u00edn de Marte-, el dios romano de la guerra.<\/p><p>Marzo es el mes del equinoccio de primavera donde las temperaturas acostumbran a subir, los d\u00edas se alargan, vuelven las alergias y, tal y como os informamos en el <a title=\"Recursos \u00fatiles: el calendario del contribuyente 2015\" href=\"https:\/\/tugesto.com\/blog\/descargar-calendario-fiscal\/\" target=\"_blank\" rel=\"noopener\"><strong>calendario general del contribuyente<\/strong><\/a><strong>, tambi\u00e9n es el mes de cierre del primer trimestre fiscal del a\u00f1o<\/strong>, en el que las principales obligaciones fiscales son en materia de IVA e impuestos especiales de fabricaci\u00f3n.<\/p><p><a href=\"https:\/\/share-eu1.hsforms.com\/1FQ99pYYnTwWYIowPho9ndgfru4t\" target=\"_blank\" rel=\"noopener\"><img fetchpriority=\"high\" decoding=\"async\" class=\"alignnone wp-image-38238 size-full\" src=\"https:\/\/tugesto.com\/blog\/wp-content\/uploads\/2025\/01\/Calendario-Fiscal.2025-azul.jpg\" alt=\"\" width=\"1200\" height=\"200\" srcset=\"https:\/\/tugesto.com\/blog\/wp-content\/uploads\/2025\/01\/Calendario-Fiscal.2025-azul.jpg 1200w, https:\/\/tugesto.com\/blog\/wp-content\/uploads\/2025\/01\/Calendario-Fiscal.2025-azul-300x50.jpg 300w, https:\/\/tugesto.com\/blog\/wp-content\/uploads\/2025\/01\/Calendario-Fiscal.2025-azul-1024x171.jpg 1024w, https:\/\/tugesto.com\/blog\/wp-content\/uploads\/2025\/01\/Calendario-Fiscal.2025-azul-768x128.jpg 768w\" sizes=\"(max-width: 1200px) 100vw, 1200px\" \/><\/a><\/p><p>Vamos, pues, a resumir las principales citas a las que no debes faltar este mes. \u00a1Comenzamos!<\/p><h2>Hasta el 02 de marzo<\/h2><h3>Impuesto de Sociedades<\/h3><p>Entidades cuyo ejercicio coincida con el a\u00f1o natural: opci\u00f3n\/renuncia para el c\u00e1lculo de los pagos fraccionados sobre la parte de base imponible del per\u00edodo de los tres, nueve u once meses de cada a\u00f1o natural: <strong>modelo 036<\/strong>.<\/p><p>Si el per\u00edodo impositivo no coincide con el a\u00f1o natural la opci\u00f3n\/renuncia, se ejercer\u00e1 en los primeros dos meses de cada ejercicio o entre el inicio del ejercicio y el fin del plazo para efectuar el primer pago fraccionado, si este plazo es inferior a dos meses.<\/p><h3>Declaraci\u00f3n anual de consumo de energ\u00eda el\u00e9ctrica<\/h3><p>Con el <strong>modelo fiscal 159<\/strong> se realizar\u00e1 la declaraci\u00f3n anual.<\/p><h3>Declaraci\u00f3n informativa de entidades en r\u00e9gimen de atribuci\u00f3n de rentas<\/h3><p>Con el <strong>modelo fiscal 184<\/strong> se realizar\u00e1 la declaraci\u00f3n anual.<\/p><h3>Declaraci\u00f3n anual de operaciones con terceros<\/h3><p>Con el <strong>modelo fiscal 347<\/strong> se realizar\u00e1 la declaraci\u00f3n anual informativa de las operaciones realizadas con terceros por importe superior a 3.005,06\u20ac anuales.<\/p><p>Las siguientes obligaciones fiscales, aunque no son muy habituales, tambi\u00e9n tienes que tenerlas en cuenta.<\/p><h2>Hasta el 20 de marzo<\/h2><h3>Renta y sociedades<\/h3><p>Retenciones e ingresos a cuenta de rendimientos del trabajo, actividades econ\u00f3micas, premios y determinadas ganancias patrimoniales e imputaciones de renta, ganancias derivadas de acciones y participaciones de las instituciones de inversi\u00f3n colectiva, rentas de arrendamiento de inmuebles urbanos, capital mobiliario, personas autorizadas y saldos en cuentas. Febrero 2015. Grandes empresas: <strong>modelos 111, 115, 117, 123, 124, 126, 128, 230<\/strong>.<\/p><p><a href=\"http:\/\/tugesto.com\/software-fiscal\" target=\"_blank\" rel=\"noopener\"><img decoding=\"async\" class=\"aligncenter wp-image-14761 size-full\" src=\"https:\/\/tugesto.com\/blog\/wp-content\/uploads\/2020\/01\/asesores_fiscales_tugesto.jpg\" alt=\"Te respalda el equipo de asesores fiscales de tugesto\" width=\"800\" height=\"241\" srcset=\"https:\/\/tugesto.com\/blog\/wp-content\/uploads\/2020\/01\/asesores_fiscales_tugesto.jpg 800w, https:\/\/tugesto.com\/blog\/wp-content\/uploads\/2020\/01\/asesores_fiscales_tugesto-300x90.jpg 300w, https:\/\/tugesto.com\/blog\/wp-content\/uploads\/2020\/01\/asesores_fiscales_tugesto-768x231.jpg 768w\" sizes=\"(max-width: 800px) 100vw, 800px\" \/><\/a><\/p><h3>IVA<\/h3><p>Se presentar\u00e1n los modelos fiscales del IVA correspondientes al mes de Febrero de 2015 como la Autoliquidaci\u00f3n (<strong>modelo 303<\/strong>), Grupo de entidades, modelo individual (<strong>modelo 322<\/strong>), Declaraci\u00f3n de operaciones incluidas en los libros registro del IVA e IGIC y otras operaciones (<strong>modelo 340<\/strong>), Declaraci\u00f3n recapitulativa de operaciones intracomunitarias (<strong>modelo 349<\/strong>), Grupo de entidades, modelo agregado (<strong>modelo 353<\/strong>) y Operaciones asimiladas a las importaciones (<strong>modelo 380<\/strong>).<\/p><h3>Impuesto sobre la prima de seguros<\/h3><p>La presentaci\u00f3n de este impuesto se har\u00e1 con el <strong>modelo fiscal 430<\/strong>.<\/p><h3>Impuestos especiales de fabricaci\u00f3n<\/h3><p>Referentes a los meses de diciembre de 2014 para las grandes empresas con los <strong>modelos 553, 554, 555, 556, 557, 558, 561, 562 y 563<\/strong>. Para los meses de Febrero de 2015 con los <strong>modelos 560, 548, 566, 581, 570 y 580<\/strong>.<\/p><h2>Hasta el 31 de marzo<\/h2><ul><li><strong>Declaraci\u00f3n informativa anual de operaciones realizadas por empresarios o profesionales adheridos al sistema de gesti\u00f3n de cobros a trav\u00e9s de tarjetas de cr\u00e9dito o d\u00e9bito<\/strong>: con el <strong>modelo 170<\/strong> se realizar\u00e1 la declaraci\u00f3n anual del a\u00f1o 2014.<\/li><li><strong>Declaraci\u00f3n informativa anual de imposiciones, disposiciones de fondos y de los cobros de cualquier documento<\/strong>: con el <strong>modelo 171<\/strong> se realizar\u00e1 la declaraci\u00f3n anual del a\u00f1o 2014.<\/li><li><strong>Declaraci\u00f3n informativa de valores, seguros y rentas<\/strong>: con el <strong>modelo 189<\/strong> se realizar\u00e1 la declaraci\u00f3n anual del a\u00f1o 2014.<\/li><li><strong>Declaraci\u00f3n anual de cuentas financieras de determinadas personas estadounidenses<\/strong>: con el <strong>modelo 290<\/strong>.<\/li><li><strong>Declaraci\u00f3n anual de determinadas rentas obtenidas por personas f\u00edsicas residentes en otros estados miembros de la uni\u00f3n europea y en otros pa\u00edses y territorios con los que se haya establecido un intercambio de informaci\u00f3n<\/strong>: con el <strong>modelo 299<\/strong> se har\u00e1 una declaraci\u00f3n del a\u00f1o 2014.<\/li><li><strong>Impuesto sobre la electricidad<\/strong>: con el <strong>modelo 513<\/strong> se har\u00e1 una declaraci\u00f3n del a\u00f1o 2014.<\/li><li><strong>Declaraci\u00f3n informativa sobre bienes y derechos en el extranjero<\/strong>: con el <strong>modelo 720<\/strong>.<\/li><li><strong>Impuesto sobre hidrocarburos<\/strong>: se realizar\u00e1 la relaci\u00f3n anual de destinatarios de productos de la tarifa segunda con el <strong>modelo 512<\/strong> y la relaci\u00f3n anual de kil\u00f3metros realizados.<\/li><\/ul><p>Aut\u00f3nomos y pymes, aqu\u00ed ten\u00e9is las <strong>obligaciones fiscales para este mes de marzo<\/strong>. Esperamos que os hayan servido de ayuda.<\/p><p><iframe style=\"border: 1px solid #CCC; border-width: 1px; margin-bottom: 5px; max-width: 100%;\" src=\"\/\/www.slideshare.net\/slideshow\/embed_code\/key\/eOu2kwVrwSuts8\" width=\"668\" height=\"714\" frameborder=\"0\" marginwidth=\"0\" marginheight=\"0\" scrolling=\"no\" allowfullscreen=\"allowfullscreen\"> <\/iframe><\/p><div style=\"margin-bottom: 5px;\"><strong> <a title=\"Calendario del contribuyente 2015\" href=\"\/\/www.slideshare.net\/tugesto\/calendario-contribuyente2015tugesto\" target=\"_blank\" rel=\"noopener\">Calendario del contribuyente 2015<\/a> <\/strong> from <strong><a href=\"\/\/www.slideshare.net\/tugesto\" target=\"_blank\" rel=\"noopener\">tugesto<\/a><\/strong><\/div>\t\t\t\t\t\t\t\t<\/div>\n\t\t\t\t<\/div>\n\t\t\t\t\t<\/div>\n\t\t<\/div>\n\t\t\t\t\t<\/div>\n\t\t<\/section>\n\t\t\t\t<\/div>\n\t\t","protected":false},"excerpt":{"rendered":"<p>El pasado domingo inauguramos marzo, el tercer mes del a\u00f1o en el calendario gregoriano y cuyo nombre deriva del lat\u00edn Martivs que, a su vez, deriva de Mars -el nombre en lat\u00edn de Marte-, el dios romano de la guerra. Marzo es el mes del equinoccio de primavera donde las temperaturas acostumbran a subir, los [&hellip;]<\/p>\n","protected":false},"author":12,"featured_media":4770,"comment_status":"open","ping_status":"open","sticky":false,"template":"","format":"image","meta":{"_eb_attr":"","content-type":"","footnotes":""},"categories":[14,10],"tags":[36,38],"ppma_author":[1498],"class_list":["post-388","post","type-post","status-publish","format-image","has-post-thumbnail","hentry","category-contabilidad-y-fiscal","category-recursos","tag-autonomos","tag-pymes","post_format-post-format-image"],"yoast_head":"<!-- This site is optimized with the Yoast SEO plugin v27.5 - https:\/\/yoast.com\/product\/yoast-seo-wordpress\/ -->\n<title>Aut\u00f3nomos y pymes: obligaciones fiscales de marzo | tugesto<\/title>\n<meta name=\"description\" content=\"Relaci\u00f3n de obligaciones fiscales para aut\u00f3nomos y pymes del mes de marzo de 2015, \u00a1toma nota y cumple con las obligaciones fiscales!\" \/>\n<meta name=\"robots\" content=\"index, follow, max-snippet:-1, max-image-preview:large, max-video-preview:-1\" \/>\n<link rel=\"canonical\" href=\"https:\/\/tugesto.com\/blog\/autonomos-y-pymes-obligaciones-fiscales-de-marzo\/\" \/>\n<meta property=\"og:locale\" content=\"es_ES\" \/>\n<meta property=\"og:type\" content=\"article\" \/>\n<meta property=\"og:title\" content=\"Aut\u00f3nomos y pymes: obligaciones fiscales de marzo | tugesto\" \/>\n<meta property=\"og:description\" content=\"Relaci\u00f3n de obligaciones fiscales para aut\u00f3nomos y pymes del mes de marzo de 2015, \u00a1toma nota y cumple con las obligaciones fiscales!\" \/>\n<meta property=\"og:url\" content=\"https:\/\/tugesto.com\/blog\/autonomos-y-pymes-obligaciones-fiscales-de-marzo\/\" \/>\n<meta property=\"og:site_name\" content=\"Blog: \u00a1Aprende a emprender! | tugesto\" \/>\n<meta property=\"article:publisher\" content=\"https:\/\/www.facebook.com\/tugesto\/\" \/>\n<meta property=\"article:published_time\" content=\"2015-03-05T10:26:55+00:00\" \/>\n<meta property=\"article:modified_time\" content=\"2025-01-09T13:07:04+00:00\" \/>\n<meta property=\"og:image\" content=\"https:\/\/tugesto.com\/blog\/wp-content\/uploads\/2014\/12\/autonomos-y-pymes-obligaciones-fiscales-marzo-700x329-1.jpg\" \/>\n\t<meta property=\"og:image:width\" content=\"700\" \/>\n\t<meta property=\"og:image:height\" content=\"329\" \/>\n\t<meta property=\"og:image:type\" content=\"image\/jpeg\" \/>\n<meta name=\"author\" content=\"David Fern\u00e1ndez\" \/>\n<meta name=\"twitter:card\" content=\"summary_large_image\" \/>\n<meta name=\"twitter:label1\" content=\"Escrito por\" \/>\n\t<meta name=\"twitter:data1\" content=\"David Fern\u00e1ndez\" \/>\n\t<meta name=\"twitter:label2\" content=\"Tiempo de lectura\" \/>\n\t<meta name=\"twitter:data2\" content=\"4 minutos\" \/>\n<script type=\"application\/ld+json\" class=\"yoast-schema-graph\">{\"@context\":\"https:\\\/\\\/schema.org\",\"@graph\":[{\"@type\":\"Article\",\"@id\":\"https:\\\/\\\/tugesto.com\\\/blog\\\/autonomos-y-pymes-obligaciones-fiscales-de-marzo\\\/#article\",\"isPartOf\":{\"@id\":\"https:\\\/\\\/tugesto.com\\\/blog\\\/autonomos-y-pymes-obligaciones-fiscales-de-marzo\\\/\"},\"author\":{\"name\":\"David Fern\u00e1ndez\",\"@id\":\"https:\\\/\\\/tugesto.com\\\/blog\\\/#\\\/schema\\\/person\\\/737f4a72f2e3855c9e8df888851bfef9\"},\"headline\":\"Aut\u00f3nomos y pymes: obligaciones fiscales de marzo\",\"datePublished\":\"2015-03-05T10:26:55+00:00\",\"dateModified\":\"2025-01-09T13:07:04+00:00\",\"mainEntityOfPage\":{\"@id\":\"https:\\\/\\\/tugesto.com\\\/blog\\\/autonomos-y-pymes-obligaciones-fiscales-de-marzo\\\/\"},\"wordCount\":732,\"commentCount\":0,\"publisher\":{\"@id\":\"https:\\\/\\\/tugesto.com\\\/blog\\\/#organization\"},\"image\":{\"@id\":\"https:\\\/\\\/tugesto.com\\\/blog\\\/autonomos-y-pymes-obligaciones-fiscales-de-marzo\\\/#primaryimage\"},\"thumbnailUrl\":\"https:\\\/\\\/tugesto.com\\\/blog\\\/wp-content\\\/uploads\\\/2014\\\/12\\\/autonomos-y-pymes-obligaciones-fiscales-marzo-700x329-1.jpg\",\"keywords\":[\"aut\u00f3nomos\",\"pymes\"],\"articleSection\":[\"Contabilidad y Fiscal\",\"Recursos\"],\"inLanguage\":\"es\",\"potentialAction\":[{\"@type\":\"CommentAction\",\"name\":\"Comment\",\"target\":[\"https:\\\/\\\/tugesto.com\\\/blog\\\/autonomos-y-pymes-obligaciones-fiscales-de-marzo\\\/#respond\"]}]},{\"@type\":\"WebPage\",\"@id\":\"https:\\\/\\\/tugesto.com\\\/blog\\\/autonomos-y-pymes-obligaciones-fiscales-de-marzo\\\/\",\"url\":\"https:\\\/\\\/tugesto.com\\\/blog\\\/autonomos-y-pymes-obligaciones-fiscales-de-marzo\\\/\",\"name\":\"Aut\u00f3nomos y pymes: obligaciones fiscales de marzo | tugesto\",\"isPartOf\":{\"@id\":\"https:\\\/\\\/tugesto.com\\\/blog\\\/#website\"},\"primaryImageOfPage\":{\"@id\":\"https:\\\/\\\/tugesto.com\\\/blog\\\/autonomos-y-pymes-obligaciones-fiscales-de-marzo\\\/#primaryimage\"},\"image\":{\"@id\":\"https:\\\/\\\/tugesto.com\\\/blog\\\/autonomos-y-pymes-obligaciones-fiscales-de-marzo\\\/#primaryimage\"},\"thumbnailUrl\":\"https:\\\/\\\/tugesto.com\\\/blog\\\/wp-content\\\/uploads\\\/2014\\\/12\\\/autonomos-y-pymes-obligaciones-fiscales-marzo-700x329-1.jpg\",\"datePublished\":\"2015-03-05T10:26:55+00:00\",\"dateModified\":\"2025-01-09T13:07:04+00:00\",\"description\":\"Relaci\u00f3n de obligaciones fiscales para aut\u00f3nomos y pymes del mes de marzo de 2015, \u00a1toma nota y cumple con las obligaciones fiscales!\",\"breadcrumb\":{\"@id\":\"https:\\\/\\\/tugesto.com\\\/blog\\\/autonomos-y-pymes-obligaciones-fiscales-de-marzo\\\/#breadcrumb\"},\"inLanguage\":\"es\",\"potentialAction\":[{\"@type\":\"ReadAction\",\"target\":[\"https:\\\/\\\/tugesto.com\\\/blog\\\/autonomos-y-pymes-obligaciones-fiscales-de-marzo\\\/\"]}]},{\"@type\":\"ImageObject\",\"inLanguage\":\"es\",\"@id\":\"https:\\\/\\\/tugesto.com\\\/blog\\\/autonomos-y-pymes-obligaciones-fiscales-de-marzo\\\/#primaryimage\",\"url\":\"https:\\\/\\\/tugesto.com\\\/blog\\\/wp-content\\\/uploads\\\/2014\\\/12\\\/autonomos-y-pymes-obligaciones-fiscales-marzo-700x329-1.jpg\",\"contentUrl\":\"https:\\\/\\\/tugesto.com\\\/blog\\\/wp-content\\\/uploads\\\/2014\\\/12\\\/autonomos-y-pymes-obligaciones-fiscales-marzo-700x329-1.jpg\",\"width\":700,\"height\":329,\"caption\":\"Obligaciones fiscales que hay que cumplir en marzo de 2015\"},{\"@type\":\"BreadcrumbList\",\"@id\":\"https:\\\/\\\/tugesto.com\\\/blog\\\/autonomos-y-pymes-obligaciones-fiscales-de-marzo\\\/#breadcrumb\",\"itemListElement\":[{\"@type\":\"ListItem\",\"position\":1,\"name\":\"Home\",\"item\":\"https:\\\/\\\/tugesto.com\\\/blog\\\/\"},{\"@type\":\"ListItem\",\"position\":2,\"name\":\"Contabilidad y Fiscal\",\"item\":\"https:\\\/\\\/tugesto.com\\\/blog\\\/category\\\/contabilidad-y-fiscal\\\/\"},{\"@type\":\"ListItem\",\"position\":3,\"name\":\"Aut\u00f3nomos y pymes: obligaciones fiscales de marzo\"}]},{\"@type\":\"WebSite\",\"@id\":\"https:\\\/\\\/tugesto.com\\\/blog\\\/#website\",\"url\":\"https:\\\/\\\/tugesto.com\\\/blog\\\/\",\"name\":\"Blog tugesto\",\"description\":\"\ud83d\udcda Blog especializado para aut\u00f3nomos y pymes. Encuentra semanalmente nuevos posts, recursos y gu\u00edas. La ayuda que necesitas para tu negocio.\",\"publisher\":{\"@id\":\"https:\\\/\\\/tugesto.com\\\/blog\\\/#organization\"},\"potentialAction\":[{\"@type\":\"SearchAction\",\"target\":{\"@type\":\"EntryPoint\",\"urlTemplate\":\"https:\\\/\\\/tugesto.com\\\/blog\\\/?s={search_term_string}\"},\"query-input\":{\"@type\":\"PropertyValueSpecification\",\"valueRequired\":true,\"valueName\":\"search_term_string\"}}],\"inLanguage\":\"es\"},{\"@type\":\"Organization\",\"@id\":\"https:\\\/\\\/tugesto.com\\\/blog\\\/#organization\",\"name\":\"tugesto\",\"url\":\"https:\\\/\\\/tugesto.com\\\/blog\\\/\",\"logo\":{\"@type\":\"ImageObject\",\"inLanguage\":\"es\",\"@id\":\"https:\\\/\\\/tugesto.com\\\/blog\\\/#\\\/schema\\\/logo\\\/image\\\/\",\"url\":\"https:\\\/\\\/tugesto.com\\\/blog\\\/wp-content\\\/uploads\\\/2019\\\/06\\\/logo_tugesto.png\",\"contentUrl\":\"https:\\\/\\\/tugesto.com\\\/blog\\\/wp-content\\\/uploads\\\/2019\\\/06\\\/logo_tugesto.png\",\"width\":190,\"height\":63,\"caption\":\"tugesto\"},\"image\":{\"@id\":\"https:\\\/\\\/tugesto.com\\\/blog\\\/#\\\/schema\\\/logo\\\/image\\\/\"},\"sameAs\":[\"https:\\\/\\\/www.facebook.com\\\/tugesto\\\/\",\"https:\\\/\\\/www.instagram.com\\\/tugesto_online\\\/\"]},{\"@type\":\"Person\",\"@id\":\"https:\\\/\\\/tugesto.com\\\/blog\\\/#\\\/schema\\\/person\\\/737f4a72f2e3855c9e8df888851bfef9\",\"name\":\"David Fern\u00e1ndez\",\"image\":{\"@type\":\"ImageObject\",\"inLanguage\":\"es\",\"@id\":\"https:\\\/\\\/tugesto.com\\\/blog\\\/wp-content\\\/uploads\\\/2024\\\/05\\\/david-fernandez.png2882f1d57e6812c9fc588cf346c4e7d0\",\"url\":\"https:\\\/\\\/tugesto.com\\\/blog\\\/wp-content\\\/uploads\\\/2024\\\/05\\\/david-fernandez.png\",\"contentUrl\":\"https:\\\/\\\/tugesto.com\\\/blog\\\/wp-content\\\/uploads\\\/2024\\\/05\\\/david-fernandez.png\",\"caption\":\"David Fern\u00e1ndez\"},\"description\":\"Asesor contable y fiscal\"}]}<\/script>\n<!-- \/ Yoast SEO plugin. -->","yoast_head_json":{"title":"Aut\u00f3nomos y pymes: obligaciones fiscales de marzo | tugesto","description":"Relaci\u00f3n de obligaciones fiscales para aut\u00f3nomos y pymes del mes de marzo de 2015, \u00a1toma nota y cumple con las obligaciones fiscales!","robots":{"index":"index","follow":"follow","max-snippet":"max-snippet:-1","max-image-preview":"max-image-preview:large","max-video-preview":"max-video-preview:-1"},"canonical":"https:\/\/tugesto.com\/blog\/autonomos-y-pymes-obligaciones-fiscales-de-marzo\/","og_locale":"es_ES","og_type":"article","og_title":"Aut\u00f3nomos y pymes: obligaciones fiscales de marzo | tugesto","og_description":"Relaci\u00f3n de obligaciones fiscales para aut\u00f3nomos y pymes del mes de marzo de 2015, \u00a1toma nota y cumple con las obligaciones fiscales!","og_url":"https:\/\/tugesto.com\/blog\/autonomos-y-pymes-obligaciones-fiscales-de-marzo\/","og_site_name":"Blog: \u00a1Aprende a emprender! | tugesto","article_publisher":"https:\/\/www.facebook.com\/tugesto\/","article_published_time":"2015-03-05T10:26:55+00:00","article_modified_time":"2025-01-09T13:07:04+00:00","og_image":[{"width":700,"height":329,"url":"https:\/\/tugesto.com\/blog\/wp-content\/uploads\/2014\/12\/autonomos-y-pymes-obligaciones-fiscales-marzo-700x329-1.jpg","type":"image\/jpeg"}],"author":"David Fern\u00e1ndez","twitter_card":"summary_large_image","twitter_misc":{"Escrito por":"David Fern\u00e1ndez","Tiempo de lectura":"4 minutos"},"schema":{"@context":"https:\/\/schema.org","@graph":[{"@type":"Article","@id":"https:\/\/tugesto.com\/blog\/autonomos-y-pymes-obligaciones-fiscales-de-marzo\/#article","isPartOf":{"@id":"https:\/\/tugesto.com\/blog\/autonomos-y-pymes-obligaciones-fiscales-de-marzo\/"},"author":{"name":"David Fern\u00e1ndez","@id":"https:\/\/tugesto.com\/blog\/#\/schema\/person\/737f4a72f2e3855c9e8df888851bfef9"},"headline":"Aut\u00f3nomos y pymes: obligaciones fiscales de marzo","datePublished":"2015-03-05T10:26:55+00:00","dateModified":"2025-01-09T13:07:04+00:00","mainEntityOfPage":{"@id":"https:\/\/tugesto.com\/blog\/autonomos-y-pymes-obligaciones-fiscales-de-marzo\/"},"wordCount":732,"commentCount":0,"publisher":{"@id":"https:\/\/tugesto.com\/blog\/#organization"},"image":{"@id":"https:\/\/tugesto.com\/blog\/autonomos-y-pymes-obligaciones-fiscales-de-marzo\/#primaryimage"},"thumbnailUrl":"https:\/\/tugesto.com\/blog\/wp-content\/uploads\/2014\/12\/autonomos-y-pymes-obligaciones-fiscales-marzo-700x329-1.jpg","keywords":["aut\u00f3nomos","pymes"],"articleSection":["Contabilidad y Fiscal","Recursos"],"inLanguage":"es","potentialAction":[{"@type":"CommentAction","name":"Comment","target":["https:\/\/tugesto.com\/blog\/autonomos-y-pymes-obligaciones-fiscales-de-marzo\/#respond"]}]},{"@type":"WebPage","@id":"https:\/\/tugesto.com\/blog\/autonomos-y-pymes-obligaciones-fiscales-de-marzo\/","url":"https:\/\/tugesto.com\/blog\/autonomos-y-pymes-obligaciones-fiscales-de-marzo\/","name":"Aut\u00f3nomos y pymes: obligaciones fiscales de marzo | tugesto","isPartOf":{"@id":"https:\/\/tugesto.com\/blog\/#website"},"primaryImageOfPage":{"@id":"https:\/\/tugesto.com\/blog\/autonomos-y-pymes-obligaciones-fiscales-de-marzo\/#primaryimage"},"image":{"@id":"https:\/\/tugesto.com\/blog\/autonomos-y-pymes-obligaciones-fiscales-de-marzo\/#primaryimage"},"thumbnailUrl":"https:\/\/tugesto.com\/blog\/wp-content\/uploads\/2014\/12\/autonomos-y-pymes-obligaciones-fiscales-marzo-700x329-1.jpg","datePublished":"2015-03-05T10:26:55+00:00","dateModified":"2025-01-09T13:07:04+00:00","description":"Relaci\u00f3n de obligaciones fiscales para aut\u00f3nomos y pymes del mes de marzo de 2015, \u00a1toma nota y cumple con las obligaciones fiscales!","breadcrumb":{"@id":"https:\/\/tugesto.com\/blog\/autonomos-y-pymes-obligaciones-fiscales-de-marzo\/#breadcrumb"},"inLanguage":"es","potentialAction":[{"@type":"ReadAction","target":["https:\/\/tugesto.com\/blog\/autonomos-y-pymes-obligaciones-fiscales-de-marzo\/"]}]},{"@type":"ImageObject","inLanguage":"es","@id":"https:\/\/tugesto.com\/blog\/autonomos-y-pymes-obligaciones-fiscales-de-marzo\/#primaryimage","url":"https:\/\/tugesto.com\/blog\/wp-content\/uploads\/2014\/12\/autonomos-y-pymes-obligaciones-fiscales-marzo-700x329-1.jpg","contentUrl":"https:\/\/tugesto.com\/blog\/wp-content\/uploads\/2014\/12\/autonomos-y-pymes-obligaciones-fiscales-marzo-700x329-1.jpg","width":700,"height":329,"caption":"Obligaciones fiscales que hay que cumplir en marzo de 2015"},{"@type":"BreadcrumbList","@id":"https:\/\/tugesto.com\/blog\/autonomos-y-pymes-obligaciones-fiscales-de-marzo\/#breadcrumb","itemListElement":[{"@type":"ListItem","position":1,"name":"Home","item":"https:\/\/tugesto.com\/blog\/"},{"@type":"ListItem","position":2,"name":"Contabilidad y Fiscal","item":"https:\/\/tugesto.com\/blog\/category\/contabilidad-y-fiscal\/"},{"@type":"ListItem","position":3,"name":"Aut\u00f3nomos y pymes: obligaciones fiscales de marzo"}]},{"@type":"WebSite","@id":"https:\/\/tugesto.com\/blog\/#website","url":"https:\/\/tugesto.com\/blog\/","name":"Blog tugesto","description":"\ud83d\udcda Blog especializado para aut\u00f3nomos y pymes. Encuentra semanalmente nuevos posts, recursos y gu\u00edas. La ayuda que necesitas para tu negocio.","publisher":{"@id":"https:\/\/tugesto.com\/blog\/#organization"},"potentialAction":[{"@type":"SearchAction","target":{"@type":"EntryPoint","urlTemplate":"https:\/\/tugesto.com\/blog\/?s={search_term_string}"},"query-input":{"@type":"PropertyValueSpecification","valueRequired":true,"valueName":"search_term_string"}}],"inLanguage":"es"},{"@type":"Organization","@id":"https:\/\/tugesto.com\/blog\/#organization","name":"tugesto","url":"https:\/\/tugesto.com\/blog\/","logo":{"@type":"ImageObject","inLanguage":"es","@id":"https:\/\/tugesto.com\/blog\/#\/schema\/logo\/image\/","url":"https:\/\/tugesto.com\/blog\/wp-content\/uploads\/2019\/06\/logo_tugesto.png","contentUrl":"https:\/\/tugesto.com\/blog\/wp-content\/uploads\/2019\/06\/logo_tugesto.png","width":190,"height":63,"caption":"tugesto"},"image":{"@id":"https:\/\/tugesto.com\/blog\/#\/schema\/logo\/image\/"},"sameAs":["https:\/\/www.facebook.com\/tugesto\/","https:\/\/www.instagram.com\/tugesto_online\/"]},{"@type":"Person","@id":"https:\/\/tugesto.com\/blog\/#\/schema\/person\/737f4a72f2e3855c9e8df888851bfef9","name":"David Fern\u00e1ndez","image":{"@type":"ImageObject","inLanguage":"es","@id":"https:\/\/tugesto.com\/blog\/wp-content\/uploads\/2024\/05\/david-fernandez.png2882f1d57e6812c9fc588cf346c4e7d0","url":"https:\/\/tugesto.com\/blog\/wp-content\/uploads\/2024\/05\/david-fernandez.png","contentUrl":"https:\/\/tugesto.com\/blog\/wp-content\/uploads\/2024\/05\/david-fernandez.png","caption":"David Fern\u00e1ndez"},"description":"Asesor contable y fiscal"}]}},"authors":[{"term_id":1498,"user_id":12,"is_guest":0,"slug":"david-fernandez","display_name":"David Fern\u00e1ndez","avatar_url":{"url":"https:\/\/tugesto.com\/blog\/wp-content\/uploads\/2024\/05\/david-fernandez.png","url2x":"https:\/\/tugesto.com\/blog\/wp-content\/uploads\/2024\/05\/david-fernandez.png"},"0":null,"1":"","2":"","3":"","4":"","5":"","6":"","7":"","8":""}],"_links":{"self":[{"href":"https:\/\/tugesto.com\/blog\/wp-json\/wp\/v2\/posts\/388","targetHints":{"allow":["GET"]}}],"collection":[{"href":"https:\/\/tugesto.com\/blog\/wp-json\/wp\/v2\/posts"}],"about":[{"href":"https:\/\/tugesto.com\/blog\/wp-json\/wp\/v2\/types\/post"}],"author":[{"embeddable":true,"href":"https:\/\/tugesto.com\/blog\/wp-json\/wp\/v2\/users\/12"}],"replies":[{"embeddable":true,"href":"https:\/\/tugesto.com\/blog\/wp-json\/wp\/v2\/comments?post=388"}],"version-history":[{"count":14,"href":"https:\/\/tugesto.com\/blog\/wp-json\/wp\/v2\/posts\/388\/revisions"}],"predecessor-version":[{"id":38283,"href":"https:\/\/tugesto.com\/blog\/wp-json\/wp\/v2\/posts\/388\/revisions\/38283"}],"wp:featuredmedia":[{"embeddable":true,"href":"https:\/\/tugesto.com\/blog\/wp-json\/wp\/v2\/media\/4770"}],"wp:attachment":[{"href":"https:\/\/tugesto.com\/blog\/wp-json\/wp\/v2\/media?parent=388"}],"wp:term":[{"taxonomy":"category","embeddable":true,"href":"https:\/\/tugesto.com\/blog\/wp-json\/wp\/v2\/categories?post=388"},{"taxonomy":"post_tag","embeddable":true,"href":"https:\/\/tugesto.com\/blog\/wp-json\/wp\/v2\/tags?post=388"},{"taxonomy":"author","embeddable":true,"href":"https:\/\/tugesto.com\/blog\/wp-json\/wp\/v2\/ppma_author?post=388"}],"curies":[{"name":"wp","href":"https:\/\/api.w.org\/{rel}","templated":true}]}}