{"id":38748,"date":"2025-07-30T09:22:40","date_gmt":"2025-07-30T07:22:40","guid":{"rendered":"https:\/\/tugesto.com\/blog\/?p=38748"},"modified":"2025-07-14T09:23:03","modified_gmt":"2025-07-14T07:23:03","slug":"vacaciones-naturales-vs-laborales","status":"publish","type":"post","link":"https:\/\/tugesto.com\/blog\/vacaciones-naturales-vs-laborales\/","title":{"rendered":"Vacaciones naturales y laborales: \u00bfen qu\u00e9 se diferencian?"},"content":{"rendered":"\n<p>En un mundo donde el estr\u00e9s y la rutina marcan el ritmo de vida, tomarse un descanso en esencial. A pesar de ello, no todas las pausas son iguales. Conocer las diferencias entre vacaciones naturales y laborales puede ayudarte a elegir la mejor opci\u00f3n para cuidar tu salud y el bienestar.<\/p>\n\n\n\n<h2 class=\"wp-block-heading\">\u00bfQu\u00e9 son las vacaciones en d\u00edas laborables?<\/h2>\n\n\n\n<p>Las vacaciones laborales son un derecho adquirido por los empleados para descansar tras un per\u00edodo determinado de actividad laboral. Generalmente, todav\u00eda est\u00e1n reguladas por la legislaci\u00f3n de cada pa\u00eds y suelen ser remuneradas.<\/p>\n\n\n\n<p>Estas vacaciones tienen como objetivo principal el descanso laboral, permitiendo a los trabajadores<strong> desconectarse temporalmente de sus responsabilidades profesionales<\/strong>. Suelen planificarse con anticipaci\u00f3n y, en muchos casos, coinciden con los periodos de mayor demanda tur\u00edstica, como el verano.<\/p>\n\n\n\n<p>Estas vacaciones excluyen los fines de semana y festivos del c\u00f3mputo. Solo se contabilizan los d\u00edas en los que efectivamente trabajar\u00edas seg\u00fan la jornada habitual. Este aspecto significa que, si se escogen 5 d\u00edas laborables de vacaciones empezando un lunes, se terminar\u00e1 el viernes y el fin de semana no contar\u00e1 como parte del descanso.<\/p>\n\n\n\n<figure class=\"wp-block-image\"><a href=\"http:\/\/tugesto.com\" target=\"_blank\" rel=\"noreferrer noopener\"><img decoding=\"async\" src=\"https:\/\/tugesto.com\/blog\/wp-content\/uploads\/2020\/01\/asesoria_online_tugesto.jpg\" alt=\"Ahorra tiempo y dinero con nuestra gesti\u00f3n online\"\/><\/a><\/figure>\n\n\n\n<h3 class=\"wp-block-heading\">\u00bfQu\u00e9 entendemos por vacaciones naturales?<\/h3>\n\n\n\n<p>Por otro lado, encontramos las vacaciones en d\u00edas naturales. <strong>Incluyen todos los d\u00edas del calendario<\/strong>. Es decir, en ellas, se cuentan los fines de semana y festivos. Por ejemplo, si elegimos a trav\u00e9s del <a href=\"https:\/\/tugesto.com\/software-portal-empleado\/\">portal del empleado de tugesto<\/a> 7 d\u00edas naturales y se empiezan un lunes, se volver\u00e1 al trabajo el lunes siguiente al que hemos escogido.<\/p>\n\n\n\n<p>Este tipo de c\u00f3mputo es com\u00fan en algunos convenios colectivos o contratos laborales, puesto que simplifica la cuenta total de d\u00edas. Sin embargo, puede implicar que se disfruten de menos d\u00edas de descanso efectivo, especialmente si los d\u00edas libres coinciden con s\u00e1bados y domingos.<\/p>\n\n\n\n<h2 class=\"wp-block-heading\">Diferencias clave entre vacaciones naturales y laborales<\/h2>\n\n\n\n<p>Aunque puedan parecer un simple detalle t\u00e9cnico, estas modalidades tienen un impacto real en el tiempo de descanso del trabajador. Veamos en qu\u00e9 se diferencian.<\/p>\n\n\n\n<h3 class=\"wp-block-heading\">C\u00f3mputo de d\u00edas<\/h3>\n\n\n\n<p>Vacaciones en d\u00edas naturales: incluyen todos los d\u00edas del calendario, sin importar si son laborables o no.<\/p>\n\n\n\n<p>Vacaciones en d\u00edas laborables: solo cuentan los d\u00edas en los que el trabajador tiene obligaci\u00f3n de trabajar.<\/p>\n\n\n\n<h3 class=\"wp-block-heading\">Impacto en cuanto a la duraci\u00f3n real del descanso<\/h3>\n\n\n\n<p>Cuando se usan d\u00edas naturales, puede suceder que el trabajador pierda entre comillas parte del descanso si sus d\u00edas libres incluyen fines de semana o festivos. Por ejemplo, 30 d\u00edas naturales podr\u00edan traducirse en unos 22 d\u00edas laborables reales.<\/p>\n\n\n\n<p>Por contra, con vacaciones en d\u00edas laborables, cada d\u00eda cuenta como un d\u00eda efectivo de descanso profesional, asegurando que no se descuenten fines de semana.<\/p>\n\n\n\n<h3 class=\"wp-block-heading\">Implicaciones legales y laborables<\/h3>\n\n\n\n<p>El <a href=\"https:\/\/www.conceptosjuridicos.com\/estatuto-de-los-trabajadores-articulo-38\/\" target=\"_blank\" rel=\"noreferrer noopener\">Estatuto de los Trabajadores<\/a> en Espa\u00f1a establece un m\u00ednimo de 30 d\u00edas naturales de vacaciones al a\u00f1o, aunque los convenios colectivos pueden mejorar esta cifra. Y muchas empresas optan por ofrecer 22 d\u00edas laborables, que equivalen aproximadamente a esos 30 d\u00edas naturales. Es crucial revisar el contrato o convenio, puesto que la f\u00f3rmula puede variar dependiendo del sector o empresa.<\/p>\n\n\n\n<h2 class=\"wp-block-heading\">\u00bfCu\u00e1l es la opci\u00f3n que aplica al contrato en vacaciones naturales y laborales?<\/h2>\n\n\n\n<p>La forma en que se computan las vacaciones debe estar <strong>claramente definida en el contrato de trabajo<\/strong> o en el convenio colectivo aplicable. En caso de que existan dudas, se puede consultar con recursos humanos o bien, con un asesor laboral.<\/p>\n\n\n\n<p>Asimismo, hay que recordar que las vacaciones retribuidas son un derecho irrenunciable y no pueden ser sustituidas por compensaciones econ\u00f3micas, salvo en caso de que exista finalizaci\u00f3n de contrato.<\/p>\n\n\n\n<p>Una \u00f3ptima gesti\u00f3n de vacaciones naturales y laborales es clave para garantizar el bienestar de los trabajadores y el cumplimiento de la normativa laboral sobre vacaciones.<\/p>\n\n\n\n<h2 class=\"wp-block-heading\">Conclusi\u00f3n<\/h2>\n\n\n\n<p>Por todo ello, conocer las diferencias entre vacaciones en d\u00edas naturales y laborables, permite planificar el descanso de los trabajadores y los calendarios de la empresa. Mientras que los d\u00edas naturales pueden reducir el tiempo efectivo de descanso, los d\u00edas laborables ofrecen una compensaci\u00f3n m\u00e1s ajustada a la jornada real.<\/p>\n\n\n\n<p>Por tanto, es crucial la revisi\u00f3n de cada contrato y hacer valer el derecho a tener unas vacaciones naturales y laborales que sean justas. Porque un buen descanso es <strong>esencial <\/strong>para mantener un equilibrio f\u00edsico y mental en la vida laboral.<\/p>\n\n\n\n<figure class=\"wp-block-image\"><a href=\"https:\/\/meetings-eu1.hubspot.com\/reuniones\/blog\" target=\"_blank\" rel=\"noreferrer noopener\"><img decoding=\"async\" src=\"https:\/\/tugesto.com\/blog\/wp-content\/uploads\/2024\/04\/conocenos-15-mins.png\" alt=\"\"\/><\/a><\/figure>\n\n\n\n<p><\/p>\n","protected":false},"excerpt":{"rendered":"<p>En un mundo donde el estr\u00e9s y la rutina marcan el ritmo de vida, tomarse un descanso en esencial. A pesar de ello, no todas las pausas son iguales. Conocer las diferencias entre vacaciones naturales y laborales puede ayudarte a elegir la mejor opci\u00f3n para cuidar tu salud y el bienestar. \u00bfQu\u00e9 son las vacaciones [&hellip;]<\/p>\n","protected":false},"author":10,"featured_media":38750,"comment_status":"open","ping_status":"open","sticky":false,"template":"","format":"standard","meta":{"_eb_attr":"","content-type":"","footnotes":""},"categories":[45],"tags":[36,38],"ppma_author":[1496],"class_list":["post-38748","post","type-post","status-publish","format-standard","has-post-thumbnail","hentry","category-laboral","tag-autonomos","tag-pymes"],"yoast_head":"<!-- This site is optimized with the Yoast SEO plugin v26.8 - https:\/\/yoast.com\/product\/yoast-seo-wordpress\/ -->\n<title>Vacaciones naturales y laborales: diferencias | tugesto<\/title>\n<meta name=\"description\" content=\"Descubre la diferencia entre vacaciones naturales y laborales, c\u00f3mo afectan a la n\u00f3mina y por qu\u00e9 es clave gestionarlas desde RRHH.\" \/>\n<meta name=\"robots\" content=\"index, follow, max-snippet:-1, max-image-preview:large, max-video-preview:-1\" \/>\n<link rel=\"canonical\" href=\"https:\/\/tugesto.com\/blog\/vacaciones-naturales-vs-laborales\/\" \/>\n<meta property=\"og:locale\" content=\"es_ES\" \/>\n<meta property=\"og:type\" content=\"article\" \/>\n<meta property=\"og:title\" content=\"Vacaciones naturales y laborales: diferencias | tugesto\" \/>\n<meta property=\"og:description\" content=\"Descubre la diferencia entre vacaciones naturales y laborales, c\u00f3mo afectan a la n\u00f3mina y por qu\u00e9 es clave gestionarlas desde RRHH.\" \/>\n<meta property=\"og:url\" content=\"https:\/\/tugesto.com\/blog\/vacaciones-naturales-vs-laborales\/\" \/>\n<meta property=\"og:site_name\" content=\"Blog: \u00a1Aprende a emprender! | tugesto\" \/>\n<meta property=\"article:publisher\" content=\"https:\/\/www.facebook.com\/tugesto\/\" \/>\n<meta property=\"article:published_time\" content=\"2025-07-30T07:22:40+00:00\" \/>\n<meta property=\"og:image\" content=\"https:\/\/tugesto.com\/blog\/wp-content\/uploads\/2025\/07\/vacaciones-naturales-y-laborales.png\" \/>\n\t<meta property=\"og:image:width\" content=\"600\" \/>\n\t<meta property=\"og:image:height\" content=\"400\" \/>\n\t<meta property=\"og:image:type\" content=\"image\/png\" \/>\n<meta name=\"author\" content=\"Sandra Mill\u00e1n\" \/>\n<meta name=\"twitter:card\" content=\"summary_large_image\" \/>\n<meta name=\"twitter:label1\" content=\"Escrito por\" \/>\n\t<meta name=\"twitter:data1\" content=\"Sandra Mill\u00e1n\" \/>\n\t<meta name=\"twitter:label2\" content=\"Tiempo de lectura\" \/>\n\t<meta name=\"twitter:data2\" content=\"4 minutos\" \/>\n<script type=\"application\/ld+json\" class=\"yoast-schema-graph\">{\"@context\":\"https:\/\/schema.org\",\"@graph\":[{\"@type\":\"Article\",\"@id\":\"https:\/\/tugesto.com\/blog\/vacaciones-naturales-vs-laborales\/#article\",\"isPartOf\":{\"@id\":\"https:\/\/tugesto.com\/blog\/vacaciones-naturales-vs-laborales\/\"},\"author\":{\"name\":\"Sandra Mill\u00e1n\",\"@id\":\"https:\/\/tugesto.com\/blog\/#\/schema\/person\/87834957d1c8d5a90180c8ce6b0e5e46\"},\"headline\":\"Vacaciones naturales y laborales: \u00bfen qu\u00e9 se diferencian?\",\"datePublished\":\"2025-07-30T07:22:40+00:00\",\"mainEntityOfPage\":{\"@id\":\"https:\/\/tugesto.com\/blog\/vacaciones-naturales-vs-laborales\/\"},\"wordCount\":762,\"commentCount\":0,\"publisher\":{\"@id\":\"https:\/\/tugesto.com\/blog\/#organization\"},\"image\":{\"@id\":\"https:\/\/tugesto.com\/blog\/vacaciones-naturales-vs-laborales\/#primaryimage\"},\"thumbnailUrl\":\"https:\/\/tugesto.com\/blog\/wp-content\/uploads\/2025\/07\/vacaciones-naturales-y-laborales.png\",\"keywords\":[\"aut\u00f3nomos\",\"pymes\"],\"articleSection\":[\"Laboral\"],\"inLanguage\":\"es\",\"potentialAction\":[{\"@type\":\"CommentAction\",\"name\":\"Comment\",\"target\":[\"https:\/\/tugesto.com\/blog\/vacaciones-naturales-vs-laborales\/#respond\"]}]},{\"@type\":\"WebPage\",\"@id\":\"https:\/\/tugesto.com\/blog\/vacaciones-naturales-vs-laborales\/\",\"url\":\"https:\/\/tugesto.com\/blog\/vacaciones-naturales-vs-laborales\/\",\"name\":\"Vacaciones naturales y laborales: diferencias | tugesto\",\"isPartOf\":{\"@id\":\"https:\/\/tugesto.com\/blog\/#website\"},\"primaryImageOfPage\":{\"@id\":\"https:\/\/tugesto.com\/blog\/vacaciones-naturales-vs-laborales\/#primaryimage\"},\"image\":{\"@id\":\"https:\/\/tugesto.com\/blog\/vacaciones-naturales-vs-laborales\/#primaryimage\"},\"thumbnailUrl\":\"https:\/\/tugesto.com\/blog\/wp-content\/uploads\/2025\/07\/vacaciones-naturales-y-laborales.png\",\"datePublished\":\"2025-07-30T07:22:40+00:00\",\"description\":\"Descubre la diferencia entre vacaciones naturales y laborales, c\u00f3mo afectan a la n\u00f3mina y por qu\u00e9 es clave gestionarlas desde RRHH.\",\"breadcrumb\":{\"@id\":\"https:\/\/tugesto.com\/blog\/vacaciones-naturales-vs-laborales\/#breadcrumb\"},\"inLanguage\":\"es\",\"potentialAction\":[{\"@type\":\"ReadAction\",\"target\":[\"https:\/\/tugesto.com\/blog\/vacaciones-naturales-vs-laborales\/\"]}]},{\"@type\":\"ImageObject\",\"inLanguage\":\"es\",\"@id\":\"https:\/\/tugesto.com\/blog\/vacaciones-naturales-vs-laborales\/#primaryimage\",\"url\":\"https:\/\/tugesto.com\/blog\/wp-content\/uploads\/2025\/07\/vacaciones-naturales-y-laborales.png\",\"contentUrl\":\"https:\/\/tugesto.com\/blog\/wp-content\/uploads\/2025\/07\/vacaciones-naturales-y-laborales.png\",\"width\":600,\"height\":400,\"caption\":\"Calendario con vacaciones laborales y naturales marcadas\"},{\"@type\":\"BreadcrumbList\",\"@id\":\"https:\/\/tugesto.com\/blog\/vacaciones-naturales-vs-laborales\/#breadcrumb\",\"itemListElement\":[{\"@type\":\"ListItem\",\"position\":1,\"name\":\"Home\",\"item\":\"https:\/\/tugesto.com\/blog\/\"},{\"@type\":\"ListItem\",\"position\":2,\"name\":\"Laboral\",\"item\":\"https:\/\/tugesto.com\/blog\/category\/laboral\/\"},{\"@type\":\"ListItem\",\"position\":3,\"name\":\"Vacaciones naturales y laborales: \u00bfen qu\u00e9 se diferencian?\"}]},{\"@type\":\"WebSite\",\"@id\":\"https:\/\/tugesto.com\/blog\/#website\",\"url\":\"https:\/\/tugesto.com\/blog\/\",\"name\":\"Blog tugesto\",\"description\":\"\ud83d\udcda Blog especializado para aut\u00f3nomos y pymes. Encuentra semanalmente nuevos posts, recursos y gu\u00edas. La ayuda que necesitas para tu negocio.\",\"publisher\":{\"@id\":\"https:\/\/tugesto.com\/blog\/#organization\"},\"potentialAction\":[{\"@type\":\"SearchAction\",\"target\":{\"@type\":\"EntryPoint\",\"urlTemplate\":\"https:\/\/tugesto.com\/blog\/?s={search_term_string}\"},\"query-input\":{\"@type\":\"PropertyValueSpecification\",\"valueRequired\":true,\"valueName\":\"search_term_string\"}}],\"inLanguage\":\"es\"},{\"@type\":\"Organization\",\"@id\":\"https:\/\/tugesto.com\/blog\/#organization\",\"name\":\"tugesto\",\"url\":\"https:\/\/tugesto.com\/blog\/\",\"logo\":{\"@type\":\"ImageObject\",\"inLanguage\":\"es\",\"@id\":\"https:\/\/tugesto.com\/blog\/#\/schema\/logo\/image\/\",\"url\":\"https:\/\/tugesto.com\/blog\/wp-content\/uploads\/2019\/06\/logo_tugesto.png\",\"contentUrl\":\"https:\/\/tugesto.com\/blog\/wp-content\/uploads\/2019\/06\/logo_tugesto.png\",\"width\":190,\"height\":63,\"caption\":\"tugesto\"},\"image\":{\"@id\":\"https:\/\/tugesto.com\/blog\/#\/schema\/logo\/image\/\"},\"sameAs\":[\"https:\/\/www.facebook.com\/tugesto\/\",\"https:\/\/www.instagram.com\/tugesto_online\/\"]},{\"@type\":\"Person\",\"@id\":\"https:\/\/tugesto.com\/blog\/#\/schema\/person\/87834957d1c8d5a90180c8ce6b0e5e46\",\"name\":\"Sandra Mill\u00e1n\",\"image\":{\"@type\":\"ImageObject\",\"inLanguage\":\"es\",\"@id\":\"https:\/\/tugesto.com\/blog\/#\/schema\/person\/image\/f6fce71eda6c49ed111103acfed3c857\",\"url\":\"https:\/\/tugesto.com\/blog\/wp-content\/uploads\/2024\/05\/sandra-millan.png\",\"contentUrl\":\"https:\/\/tugesto.com\/blog\/wp-content\/uploads\/2024\/05\/sandra-millan.png\",\"caption\":\"Sandra Mill\u00e1n\"},\"description\":\"Gestora laboral, graduada en Relaciones Laborales y RRHH\"}]}<\/script>\n<!-- \/ Yoast SEO plugin. -->","yoast_head_json":{"title":"Vacaciones naturales y laborales: diferencias | tugesto","description":"Descubre la diferencia entre vacaciones naturales y laborales, c\u00f3mo afectan a la n\u00f3mina y por qu\u00e9 es clave gestionarlas desde RRHH.","robots":{"index":"index","follow":"follow","max-snippet":"max-snippet:-1","max-image-preview":"max-image-preview:large","max-video-preview":"max-video-preview:-1"},"canonical":"https:\/\/tugesto.com\/blog\/vacaciones-naturales-vs-laborales\/","og_locale":"es_ES","og_type":"article","og_title":"Vacaciones naturales y laborales: diferencias | tugesto","og_description":"Descubre la diferencia entre vacaciones naturales y laborales, c\u00f3mo afectan a la n\u00f3mina y por qu\u00e9 es clave gestionarlas desde RRHH.","og_url":"https:\/\/tugesto.com\/blog\/vacaciones-naturales-vs-laborales\/","og_site_name":"Blog: \u00a1Aprende a emprender! | tugesto","article_publisher":"https:\/\/www.facebook.com\/tugesto\/","article_published_time":"2025-07-30T07:22:40+00:00","og_image":[{"width":600,"height":400,"url":"https:\/\/tugesto.com\/blog\/wp-content\/uploads\/2025\/07\/vacaciones-naturales-y-laborales.png","type":"image\/png"}],"author":"Sandra Mill\u00e1n","twitter_card":"summary_large_image","twitter_misc":{"Escrito por":"Sandra Mill\u00e1n","Tiempo de lectura":"4 minutos"},"schema":{"@context":"https:\/\/schema.org","@graph":[{"@type":"Article","@id":"https:\/\/tugesto.com\/blog\/vacaciones-naturales-vs-laborales\/#article","isPartOf":{"@id":"https:\/\/tugesto.com\/blog\/vacaciones-naturales-vs-laborales\/"},"author":{"name":"Sandra Mill\u00e1n","@id":"https:\/\/tugesto.com\/blog\/#\/schema\/person\/87834957d1c8d5a90180c8ce6b0e5e46"},"headline":"Vacaciones naturales y laborales: \u00bfen qu\u00e9 se diferencian?","datePublished":"2025-07-30T07:22:40+00:00","mainEntityOfPage":{"@id":"https:\/\/tugesto.com\/blog\/vacaciones-naturales-vs-laborales\/"},"wordCount":762,"commentCount":0,"publisher":{"@id":"https:\/\/tugesto.com\/blog\/#organization"},"image":{"@id":"https:\/\/tugesto.com\/blog\/vacaciones-naturales-vs-laborales\/#primaryimage"},"thumbnailUrl":"https:\/\/tugesto.com\/blog\/wp-content\/uploads\/2025\/07\/vacaciones-naturales-y-laborales.png","keywords":["aut\u00f3nomos","pymes"],"articleSection":["Laboral"],"inLanguage":"es","potentialAction":[{"@type":"CommentAction","name":"Comment","target":["https:\/\/tugesto.com\/blog\/vacaciones-naturales-vs-laborales\/#respond"]}]},{"@type":"WebPage","@id":"https:\/\/tugesto.com\/blog\/vacaciones-naturales-vs-laborales\/","url":"https:\/\/tugesto.com\/blog\/vacaciones-naturales-vs-laborales\/","name":"Vacaciones naturales y laborales: diferencias | tugesto","isPartOf":{"@id":"https:\/\/tugesto.com\/blog\/#website"},"primaryImageOfPage":{"@id":"https:\/\/tugesto.com\/blog\/vacaciones-naturales-vs-laborales\/#primaryimage"},"image":{"@id":"https:\/\/tugesto.com\/blog\/vacaciones-naturales-vs-laborales\/#primaryimage"},"thumbnailUrl":"https:\/\/tugesto.com\/blog\/wp-content\/uploads\/2025\/07\/vacaciones-naturales-y-laborales.png","datePublished":"2025-07-30T07:22:40+00:00","description":"Descubre la diferencia entre vacaciones naturales y laborales, c\u00f3mo afectan a la n\u00f3mina y por qu\u00e9 es clave gestionarlas desde RRHH.","breadcrumb":{"@id":"https:\/\/tugesto.com\/blog\/vacaciones-naturales-vs-laborales\/#breadcrumb"},"inLanguage":"es","potentialAction":[{"@type":"ReadAction","target":["https:\/\/tugesto.com\/blog\/vacaciones-naturales-vs-laborales\/"]}]},{"@type":"ImageObject","inLanguage":"es","@id":"https:\/\/tugesto.com\/blog\/vacaciones-naturales-vs-laborales\/#primaryimage","url":"https:\/\/tugesto.com\/blog\/wp-content\/uploads\/2025\/07\/vacaciones-naturales-y-laborales.png","contentUrl":"https:\/\/tugesto.com\/blog\/wp-content\/uploads\/2025\/07\/vacaciones-naturales-y-laborales.png","width":600,"height":400,"caption":"Calendario con vacaciones laborales y naturales marcadas"},{"@type":"BreadcrumbList","@id":"https:\/\/tugesto.com\/blog\/vacaciones-naturales-vs-laborales\/#breadcrumb","itemListElement":[{"@type":"ListItem","position":1,"name":"Home","item":"https:\/\/tugesto.com\/blog\/"},{"@type":"ListItem","position":2,"name":"Laboral","item":"https:\/\/tugesto.com\/blog\/category\/laboral\/"},{"@type":"ListItem","position":3,"name":"Vacaciones naturales y laborales: \u00bfen qu\u00e9 se diferencian?"}]},{"@type":"WebSite","@id":"https:\/\/tugesto.com\/blog\/#website","url":"https:\/\/tugesto.com\/blog\/","name":"Blog tugesto","description":"\ud83d\udcda Blog especializado para aut\u00f3nomos y pymes. Encuentra semanalmente nuevos posts, recursos y gu\u00edas. La ayuda que necesitas para tu negocio.","publisher":{"@id":"https:\/\/tugesto.com\/blog\/#organization"},"potentialAction":[{"@type":"SearchAction","target":{"@type":"EntryPoint","urlTemplate":"https:\/\/tugesto.com\/blog\/?s={search_term_string}"},"query-input":{"@type":"PropertyValueSpecification","valueRequired":true,"valueName":"search_term_string"}}],"inLanguage":"es"},{"@type":"Organization","@id":"https:\/\/tugesto.com\/blog\/#organization","name":"tugesto","url":"https:\/\/tugesto.com\/blog\/","logo":{"@type":"ImageObject","inLanguage":"es","@id":"https:\/\/tugesto.com\/blog\/#\/schema\/logo\/image\/","url":"https:\/\/tugesto.com\/blog\/wp-content\/uploads\/2019\/06\/logo_tugesto.png","contentUrl":"https:\/\/tugesto.com\/blog\/wp-content\/uploads\/2019\/06\/logo_tugesto.png","width":190,"height":63,"caption":"tugesto"},"image":{"@id":"https:\/\/tugesto.com\/blog\/#\/schema\/logo\/image\/"},"sameAs":["https:\/\/www.facebook.com\/tugesto\/","https:\/\/www.instagram.com\/tugesto_online\/"]},{"@type":"Person","@id":"https:\/\/tugesto.com\/blog\/#\/schema\/person\/87834957d1c8d5a90180c8ce6b0e5e46","name":"Sandra Mill\u00e1n","image":{"@type":"ImageObject","inLanguage":"es","@id":"https:\/\/tugesto.com\/blog\/#\/schema\/person\/image\/f6fce71eda6c49ed111103acfed3c857","url":"https:\/\/tugesto.com\/blog\/wp-content\/uploads\/2024\/05\/sandra-millan.png","contentUrl":"https:\/\/tugesto.com\/blog\/wp-content\/uploads\/2024\/05\/sandra-millan.png","caption":"Sandra Mill\u00e1n"},"description":"Gestora laboral, graduada en Relaciones Laborales y RRHH"}]}},"authors":[{"term_id":1496,"user_id":10,"is_guest":0,"slug":"sandra-millan","display_name":"Sandra Mill\u00e1n","avatar_url":{"url":"https:\/\/tugesto.com\/blog\/wp-content\/uploads\/2024\/05\/sandra-millan.png","url2x":"https:\/\/tugesto.com\/blog\/wp-content\/uploads\/2024\/05\/sandra-millan.png"},"0":null,"1":"","2":"","3":"","4":"","5":"","6":"","7":"","8":""}],"_links":{"self":[{"href":"https:\/\/tugesto.com\/blog\/wp-json\/wp\/v2\/posts\/38748","targetHints":{"allow":["GET"]}}],"collection":[{"href":"https:\/\/tugesto.com\/blog\/wp-json\/wp\/v2\/posts"}],"about":[{"href":"https:\/\/tugesto.com\/blog\/wp-json\/wp\/v2\/types\/post"}],"author":[{"embeddable":true,"href":"https:\/\/tugesto.com\/blog\/wp-json\/wp\/v2\/users\/10"}],"replies":[{"embeddable":true,"href":"https:\/\/tugesto.com\/blog\/wp-json\/wp\/v2\/comments?post=38748"}],"version-history":[{"count":2,"href":"https:\/\/tugesto.com\/blog\/wp-json\/wp\/v2\/posts\/38748\/revisions"}],"predecessor-version":[{"id":38752,"href":"https:\/\/tugesto.com\/blog\/wp-json\/wp\/v2\/posts\/38748\/revisions\/38752"}],"wp:featuredmedia":[{"embeddable":true,"href":"https:\/\/tugesto.com\/blog\/wp-json\/wp\/v2\/media\/38750"}],"wp:attachment":[{"href":"https:\/\/tugesto.com\/blog\/wp-json\/wp\/v2\/media?parent=38748"}],"wp:term":[{"taxonomy":"category","embeddable":true,"href":"https:\/\/tugesto.com\/blog\/wp-json\/wp\/v2\/categories?post=38748"},{"taxonomy":"post_tag","embeddable":true,"href":"https:\/\/tugesto.com\/blog\/wp-json\/wp\/v2\/tags?post=38748"},{"taxonomy":"author","embeddable":true,"href":"https:\/\/tugesto.com\/blog\/wp-json\/wp\/v2\/ppma_author?post=38748"}],"curies":[{"name":"wp","href":"https:\/\/api.w.org\/{rel}","templated":true}]}}