{"id":38300,"date":"2025-01-16T09:38:48","date_gmt":"2025-01-16T08:38:48","guid":{"rendered":"https:\/\/tugesto.com\/blog\/?p=38300"},"modified":"2025-01-14T10:09:01","modified_gmt":"2025-01-14T09:09:01","slug":"diferencia-categoria-grupo-profesional","status":"publish","type":"post","link":"https:\/\/tugesto.com\/blog\/diferencia-categoria-grupo-profesional\/","title":{"rendered":"\u00bfCu\u00e1l es la diferencia entre categor\u00eda y grupo profesional?"},"content":{"rendered":"\n<p>La reforma laboral de 2012 supuso un cambio significativo en el panorama laboral espa\u00f1ol, introduciendo nuevos conceptos y modificando otros ya existentes. Entre ellos, destacan las nociones de categor\u00eda profesional y grupo profesional. Aunque a menudo se utilizan indistintamente, estos t\u00e9rminos tienen connotaciones y implicaciones diferentes, <strong>especialmente en lo que respecta a la determinaci\u00f3n del salario, las condiciones laborales y la cotizaci\u00f3n a la Seguridad Social<\/strong>. \u00a1Toma nota de las diferencias entre categor\u00eda y grupo profesional!<\/p>\n\n\n\n<figure class=\"wp-block-gallery has-nested-images columns-default is-cropped wp-block-gallery-1 is-layout-flex wp-block-gallery-is-layout-flex\">\n<figure class=\"wp-block-image size-large\"><a href=\"https:\/\/tugesto.com\/software-portal-empleado\/\" target=\"_blank\" rel=\" noreferrer noopener\"><img fetchpriority=\"high\" decoding=\"async\" width=\"800\" height=\"241\" data-id=\"20315\" src=\"https:\/\/tugesto.com\/blog\/wp-content\/uploads\/2021\/07\/Altas_bajas_laboral.png\" alt=\"agiliza-contrataciones\" class=\"wp-image-20315\" srcset=\"https:\/\/tugesto.com\/blog\/wp-content\/uploads\/2021\/07\/Altas_bajas_laboral.png 800w, https:\/\/tugesto.com\/blog\/wp-content\/uploads\/2021\/07\/Altas_bajas_laboral-300x90.png 300w, https:\/\/tugesto.com\/blog\/wp-content\/uploads\/2021\/07\/Altas_bajas_laboral-768x231.png 768w\" sizes=\"(max-width: 800px) 100vw, 800px\" \/><\/a><\/figure>\n<\/figure>\n\n\n\n<h2 class=\"wp-block-heading\">\u00bfQu\u00e9 es una categor\u00eda profesional?<\/h2>\n\n\n\n<p>Hist\u00f3ricamente, la categor\u00eda profesional ha sido una clasificaci\u00f3n que se basaba principalmente en la <strong>titulaci\u00f3n acad\u00e9mica del trabajador<\/strong>. As\u00ed, por ejemplo, un ingeniero t\u00e9cnico o un perito se ubicaba en una categor\u00eda determinada, independientemente de las funciones que realmente desempe\u00f1ara en su puesto de trabajo.<\/p>\n\n\n\n<p>Entre las caracter\u00edsticas clave de la categor\u00eda profesional se encuentran:<\/p>\n\n\n\n<ul class=\"wp-block-list\">\n<li><strong>Especificidad del puesto:<\/strong> define las tareas y funciones espec\u00edficas.<\/li>\n\n\n\n<li><strong>Relaci\u00f3n con el convenio colectivo:<\/strong> la categor\u00eda se detalla en los convenios colectivos, los cuales tambi\u00e9n fijan los salarios m\u00ednimos correspondientes.<\/li>\n\n\n\n<li><strong>Determinaci\u00f3n de la base de cotizaci\u00f3n:<\/strong> cada categor\u00eda influye en la cotizaci\u00f3n m\u00ednima y m\u00e1xima que se aplica.<\/li>\n<\/ul>\n\n\n\n<h2 class=\"wp-block-heading\">\u00bfQu\u00e9 es un grupo profesional?<\/h2>\n\n\n\n<p>El grupo profesional, por su parte, es un concepto m\u00e1s amplio y flexible que tiene en cuenta, <strong>adem\u00e1s de la titulaci\u00f3n, otras variables como las funciones, las responsabilidades y la capacitaci\u00f3n personal del trabajador<\/strong>. De esta forma, dos empleados con la misma titulaci\u00f3n (por ejemplo, ambos ingenieros t\u00e9cnicos) podr\u00edan pertenecer a grupos profesionales distintos si sus tareas y nivel de responsabilidad son diferentes.<\/p>\n\n\n\n<p><em>Te puede interesar: <a href=\"https:\/\/tugesto.com\/blog\/grupo-cotizacion-corresponde\/\" target=\"_blank\" rel=\"noreferrer noopener\">\u00bfQu\u00e9 grupo de cotizaci\u00f3n me corresponde?<\/a><\/em><\/p>\n\n\n\n<figure class=\"wp-block-gallery has-nested-images columns-default is-cropped wp-block-gallery-2 is-layout-flex wp-block-gallery-is-layout-flex\">\n<figure class=\"wp-block-image size-large\"><a href=\"https:\/\/tugesto.com\/programa-nominas\/\" target=\"_blank\" rel=\" noreferrer noopener\"><img decoding=\"async\" width=\"800\" height=\"241\" data-id=\"23568\" src=\"https:\/\/tugesto.com\/blog\/wp-content\/uploads\/2022\/10\/generar-nominas.jpg\" alt=\"\" class=\"wp-image-23568\" srcset=\"https:\/\/tugesto.com\/blog\/wp-content\/uploads\/2022\/10\/generar-nominas.jpg 800w, https:\/\/tugesto.com\/blog\/wp-content\/uploads\/2022\/10\/generar-nominas-300x90.jpg 300w, https:\/\/tugesto.com\/blog\/wp-content\/uploads\/2022\/10\/generar-nominas-768x231.jpg 768w\" sizes=\"(max-width: 800px) 100vw, 800px\" \/><\/a><\/figure>\n<\/figure>\n\n\n\n<h3 class=\"wp-block-heading\">Ventajas del grupo profesional<\/h3>\n\n\n\n<ol start=\"1\" class=\"wp-block-list\">\n<li><strong>Adaptabilidad:<\/strong> permite asignar tareas de manera din\u00e1mica dentro del mismo grupo.<\/li>\n\n\n\n<li><strong>Mejora en la gesti\u00f3n de recursos humanos:<\/strong> simplifica la clasificaci\u00f3n y promueve la movilidad interna.<\/li>\n\n\n\n<li><strong>Cumplimiento normativo:<\/strong> favorece la adecuaci\u00f3n a la legislaci\u00f3n vigente, como la inclusi\u00f3n en los once grupos de cotizaci\u00f3n de la Seguridad Social.<\/li>\n<\/ol>\n\n\n\n<h3 class=\"wp-block-heading\">\u00bfY c\u00f3mo se determinan estos grupos?<\/h3>\n\n\n\n<p>La determinaci\u00f3n del grupo profesional es una <strong>tarea que suele corresponder al <a href=\"https:\/\/tugesto.com\/software-recursos-humanos\/\" target=\"_blank\" rel=\"noreferrer noopener\">departamento de recursos humanos<\/a><\/strong>. Para ello, se analiza el contenido del puesto de trabajo, es decir, las tareas que el trabajador debe realizar, as\u00ed como los conocimientos y habilidades necesarios para desempe\u00f1arlas.<\/p>\n\n\n\n<h3 class=\"wp-block-heading\">\u00bfCu\u00e1l es la importancia de los grupos profesionales?<\/h3>\n\n\n\n<p>Los grupos profesionales tienen una gran relevancia en diversos aspectos, como:<\/p>\n\n\n\n<ul class=\"wp-block-list\">\n<li><strong>C\u00e1lculo del salario:<\/strong> el grupo profesional influye en la determinaci\u00f3n del salario m\u00ednimo al que tiene derecho el trabajador, aunque este tambi\u00e9n depender\u00e1 de otros factores como el convenio colectivo aplicable y la antig\u00fcedad.<\/li>\n\n\n\n<li><strong>Cotizaci\u00f3n a la Seguridad Social:<\/strong> los trabajadores se encuadran en once grupos de cotizaci\u00f3n, y el grupo al que pertenece un trabajador depender\u00e1, en gran medida, de su grupo profesional. Esto tiene implicaciones directas en la cuant\u00eda de las bases de cotizaci\u00f3n y, por tanto, en las prestaciones a las que tendr\u00e1 derecho en caso de enfermedad, desempleo, jubilaci\u00f3n, etc.<\/li>\n\n\n\n<li><strong>Movilidad funcional:<\/strong> los grupos profesionales permiten una mayor movilidad funcional, ya que un trabajador puede desarrollar diferentes funciones dentro de un mismo grupo sin que ello implique necesariamente un cambio de categor\u00eda.<\/li>\n\n\n\n<li><strong>Excedencias:<\/strong> el grupo profesional tambi\u00e9n puede ser relevante a la hora de determinar las condiciones de las excedencias voluntarias. Por ejemplo, un profesional de titulado superior puede tener derecho a una excedencia por cuidado de hijos o de un familiar con discapacidad en condiciones m\u00e1s favorables que un oficial de primera o segunda.<\/li>\n<\/ul>\n\n\n\n<h2 class=\"wp-block-heading\">Tabla: principales diferencias entre categor\u00eda y grupo profesional<\/h2>\n\n\n\n<figure class=\"wp-block-table\"><table class=\"has-fixed-layout\"><tbody><tr><td><strong>Caracter\u00edstica <\/strong><\/td><td><strong>Categor\u00eda Profesional<\/strong><\/td><td><strong>Grupo Profesional<\/strong><\/td><\/tr><tr><td>Base<\/td><td>Titulaci\u00f3n acad\u00e9mica<\/td><td>Funciones, responsabilidades y capacitaci\u00f3n<\/td><\/tr><tr><td>Flexibilidad<\/td><td>Menos flexible<\/td><td>M\u00e1s flexible<\/td><\/tr><tr><td>Relaci\u00f3n con el salario<\/td><td>Determinaba directamente el salario m\u00ednimo<\/td><td>Influye en la determinaci\u00f3n del salario, pero no de forma tan directa<br>Exportar a Hojas de c\u00e1lculo<\/td><\/tr><\/tbody><\/table><\/figure>\n\n\n\n<h2 class=\"wp-block-heading\">Cotizaciones m\u00ednimas y m\u00e1ximas: claves en la relaci\u00f3n laboral<\/h2>\n\n\n\n<p>La cotizaci\u00f3n a la <a href=\"https:\/\/www.seg-social.es\/wps\/portal\/wss\/internet\/Inicio\" target=\"_blank\" rel=\"noreferrer noopener\">Seguridad Social<\/a> es uno de los aspectos m\u00e1s importantes a considerar. <strong>Cada categor\u00eda o grupo profesional est\u00e1 relacionado con una base de cotizaci\u00f3n m\u00ednima y m\u00e1xima<\/strong>. Estos valores se determinan anualmente y son cruciales para calcular el salario m\u00ednimo y otros derechos, como las prestaciones por desempleo o jubilaci\u00f3n.<\/p>\n\n\n\n<figure class=\"wp-block-gallery has-nested-images columns-default is-cropped wp-block-gallery-3 is-layout-flex wp-block-gallery-is-layout-flex\">\n<figure class=\"wp-block-image size-large\"><a href=\"https:\/\/tugesto.com\/\" target=\"_blank\" rel=\" noreferrer noopener\"><img decoding=\"async\" width=\"800\" height=\"241\" data-id=\"14765\" src=\"https:\/\/tugesto.com\/blog\/wp-content\/uploads\/2020\/01\/asesoria_online_tugesto.jpg\" alt=\"Ahorra tiempo y dinero con nuestra gesti\u00f3n online\" class=\"wp-image-14765\" srcset=\"https:\/\/tugesto.com\/blog\/wp-content\/uploads\/2020\/01\/asesoria_online_tugesto.jpg 800w, https:\/\/tugesto.com\/blog\/wp-content\/uploads\/2020\/01\/asesoria_online_tugesto-300x90.jpg 300w, https:\/\/tugesto.com\/blog\/wp-content\/uploads\/2020\/01\/asesoria_online_tugesto-768x231.jpg 768w\" sizes=\"(max-width: 800px) 100vw, 800px\" \/><\/a><\/figure>\n<\/figure>\n\n\n\n<ul class=\"wp-block-list\">\n<li><strong>Base de cotizaci\u00f3n m\u00ednima:<\/strong> representa el salario m\u00ednimo legal o el fijado por el convenio colectivo.<\/li>\n\n\n\n<li><strong>Base de cotizaci\u00f3n m\u00e1xima:<\/strong> establece un tope para evitar cotizaciones excesivas.<\/li>\n\n\n\n<li><strong>Once grupos de cotizaci\u00f3n:<\/strong> clasifican a los trabajadores en funci\u00f3n de su grupo profesional, desde directivos hasta aprendices.<\/li>\n<\/ul>\n\n\n\n<p>Por ejemplo, los \u00abingenieros t\u00e9cnicos\u00bb tienen una base de cotizaci\u00f3n diferente a la de \u00aboficiales de segunda\u00bb, ajustada a la naturaleza de sus funciones.<\/p>\n\n\n\n<p><em>Te puede interesar: <a href=\"https:\/\/tugesto.com\/blog\/contingencias-comunes\/\" target=\"_blank\" rel=\"noreferrer noopener\">Base de cotizaci\u00f3n por contingencias comunes<\/a><\/em><\/p>\n\n\n\n<h2 class=\"wp-block-heading\">El rol del departamento de Recursos Humanos<\/h2>\n\n\n\n<p>El \u00e9xito en la aplicaci\u00f3n de estos conceptos depende del trabajo del departamento de recursos humanos. Este debe garantizar:<\/p>\n\n\n\n<ol start=\"1\" class=\"wp-block-list\">\n<li><strong>Cumplimiento normativo:<\/strong> asegurar que la clasificaci\u00f3n profesional respete las disposiciones legales.<\/li>\n\n\n\n<li><strong>Capacitaci\u00f3n continua:<\/strong> fomentar el desarrollo personal y profesional de los trabajadores.<\/li>\n\n\n\n<li><strong>Adecuaci\u00f3n ambiental:<\/strong> integrar el respeto al medio ambiente en las pr\u00e1cticas laborales, en l\u00ednea con las tendencias sostenibles.<\/li>\n<\/ol>\n\n\n\n<figure class=\"wp-block-gallery has-nested-images columns-default is-cropped wp-block-gallery-4 is-layout-flex wp-block-gallery-is-layout-flex\">\n<figure class=\"wp-block-image size-large\"><a href=\"https:\/\/meetings-eu1.hubspot.com\/reuniones\/blog\" target=\"_blank\" rel=\" noreferrer noopener\"><img loading=\"lazy\" decoding=\"async\" width=\"800\" height=\"241\" data-id=\"36780\" src=\"https:\/\/tugesto.com\/blog\/wp-content\/uploads\/2024\/04\/conocenos-15-minutos.png\" alt=\"\" class=\"wp-image-36780\" srcset=\"https:\/\/tugesto.com\/blog\/wp-content\/uploads\/2024\/04\/conocenos-15-minutos.png 800w, https:\/\/tugesto.com\/blog\/wp-content\/uploads\/2024\/04\/conocenos-15-minutos-300x90.png 300w, https:\/\/tugesto.com\/blog\/wp-content\/uploads\/2024\/04\/conocenos-15-minutos-768x231.png 768w\" sizes=\"(max-width: 800px) 100vw, 800px\" \/><\/a><\/figure>\n<\/figure>\n","protected":false},"excerpt":{"rendered":"<p>La reforma laboral de 2012 supuso un cambio significativo en el panorama laboral espa\u00f1ol, introduciendo nuevos conceptos y modificando otros ya existentes. Entre ellos, destacan las nociones de categor\u00eda profesional y grupo profesional. Aunque a menudo se utilizan indistintamente, estos t\u00e9rminos tienen connotaciones y implicaciones diferentes, especialmente en lo que respecta a la determinaci\u00f3n del [&hellip;]<\/p>\n","protected":false},"author":8,"featured_media":38301,"comment_status":"open","ping_status":"open","sticky":false,"template":"","format":"standard","meta":{"_eb_attr":"","content-type":"","footnotes":""},"categories":[1263],"tags":[36,38],"ppma_author":[1494],"class_list":["post-38300","post","type-post","status-publish","format-standard","has-post-thumbnail","hentry","category-recursos-humanos","tag-autonomos","tag-pymes"],"yoast_head":"<!-- This site is optimized with the Yoast SEO plugin v26.8 - https:\/\/yoast.com\/product\/yoast-seo-wordpress\/ -->\n<title>Diferencia entre categor\u00eda y grupo profesional | tugesto<\/title>\n<meta name=\"description\" content=\"Esta es la principal diferencia entre categor\u00eda y grupo profesional, fundamental para comprender mejor la gesti\u00f3n laboral\" \/>\n<meta name=\"robots\" content=\"index, follow, max-snippet:-1, max-image-preview:large, max-video-preview:-1\" \/>\n<link rel=\"canonical\" href=\"https:\/\/tugesto.com\/blog\/diferencia-categoria-grupo-profesional\/\" \/>\n<meta property=\"og:locale\" content=\"es_ES\" \/>\n<meta property=\"og:type\" content=\"article\" \/>\n<meta property=\"og:title\" content=\"Diferencia entre categor\u00eda y grupo profesional | tugesto\" \/>\n<meta property=\"og:description\" content=\"Esta es la principal diferencia entre categor\u00eda y grupo profesional, fundamental para comprender mejor la gesti\u00f3n laboral\" \/>\n<meta property=\"og:url\" content=\"https:\/\/tugesto.com\/blog\/diferencia-categoria-grupo-profesional\/\" \/>\n<meta property=\"og:site_name\" content=\"Blog: \u00a1Aprende a emprender! | tugesto\" \/>\n<meta property=\"article:publisher\" content=\"https:\/\/www.facebook.com\/tugesto\/\" \/>\n<meta property=\"article:published_time\" content=\"2025-01-16T08:38:48+00:00\" \/>\n<meta property=\"og:image\" content=\"https:\/\/tugesto.com\/blog\/wp-content\/uploads\/2025\/01\/diferencias-entre-grupo-categoria-profesional.png\" \/>\n\t<meta property=\"og:image:width\" content=\"600\" \/>\n\t<meta property=\"og:image:height\" content=\"400\" \/>\n\t<meta property=\"og:image:type\" content=\"image\/png\" \/>\n<meta name=\"author\" content=\"Esteban Escribano\" \/>\n<meta name=\"twitter:card\" content=\"summary_large_image\" \/>\n<meta name=\"twitter:label1\" content=\"Escrito por\" \/>\n\t<meta name=\"twitter:data1\" content=\"Esteban Escribano\" \/>\n\t<meta name=\"twitter:label2\" content=\"Tiempo de lectura\" \/>\n\t<meta name=\"twitter:data2\" content=\"5 minutos\" \/>\n<script type=\"application\/ld+json\" class=\"yoast-schema-graph\">{\"@context\":\"https:\/\/schema.org\",\"@graph\":[{\"@type\":\"Article\",\"@id\":\"https:\/\/tugesto.com\/blog\/diferencia-categoria-grupo-profesional\/#article\",\"isPartOf\":{\"@id\":\"https:\/\/tugesto.com\/blog\/diferencia-categoria-grupo-profesional\/\"},\"author\":{\"name\":\"Esteban Escribano\",\"@id\":\"https:\/\/tugesto.com\/blog\/#\/schema\/person\/f210b25a9ff7b95404fdcd6d6e7d21e6\"},\"headline\":\"\u00bfCu\u00e1l es la diferencia entre categor\u00eda y grupo profesional?\",\"datePublished\":\"2025-01-16T08:38:48+00:00\",\"mainEntityOfPage\":{\"@id\":\"https:\/\/tugesto.com\/blog\/diferencia-categoria-grupo-profesional\/\"},\"wordCount\":925,\"commentCount\":0,\"publisher\":{\"@id\":\"https:\/\/tugesto.com\/blog\/#organization\"},\"image\":{\"@id\":\"https:\/\/tugesto.com\/blog\/diferencia-categoria-grupo-profesional\/#primaryimage\"},\"thumbnailUrl\":\"https:\/\/tugesto.com\/blog\/wp-content\/uploads\/2025\/01\/diferencias-entre-grupo-categoria-profesional.png\",\"keywords\":[\"aut\u00f3nomos\",\"pymes\"],\"articleSection\":[\"Recursos humanos\"],\"inLanguage\":\"es\",\"potentialAction\":[{\"@type\":\"CommentAction\",\"name\":\"Comment\",\"target\":[\"https:\/\/tugesto.com\/blog\/diferencia-categoria-grupo-profesional\/#respond\"]}]},{\"@type\":\"WebPage\",\"@id\":\"https:\/\/tugesto.com\/blog\/diferencia-categoria-grupo-profesional\/\",\"url\":\"https:\/\/tugesto.com\/blog\/diferencia-categoria-grupo-profesional\/\",\"name\":\"Diferencia entre categor\u00eda y grupo profesional | tugesto\",\"isPartOf\":{\"@id\":\"https:\/\/tugesto.com\/blog\/#website\"},\"primaryImageOfPage\":{\"@id\":\"https:\/\/tugesto.com\/blog\/diferencia-categoria-grupo-profesional\/#primaryimage\"},\"image\":{\"@id\":\"https:\/\/tugesto.com\/blog\/diferencia-categoria-grupo-profesional\/#primaryimage\"},\"thumbnailUrl\":\"https:\/\/tugesto.com\/blog\/wp-content\/uploads\/2025\/01\/diferencias-entre-grupo-categoria-profesional.png\",\"datePublished\":\"2025-01-16T08:38:48+00:00\",\"description\":\"Esta es la principal diferencia entre categor\u00eda y grupo profesional, fundamental para comprender mejor la gesti\u00f3n laboral\",\"breadcrumb\":{\"@id\":\"https:\/\/tugesto.com\/blog\/diferencia-categoria-grupo-profesional\/#breadcrumb\"},\"inLanguage\":\"es\",\"potentialAction\":[{\"@type\":\"ReadAction\",\"target\":[\"https:\/\/tugesto.com\/blog\/diferencia-categoria-grupo-profesional\/\"]}]},{\"@type\":\"ImageObject\",\"inLanguage\":\"es\",\"@id\":\"https:\/\/tugesto.com\/blog\/diferencia-categoria-grupo-profesional\/#primaryimage\",\"url\":\"https:\/\/tugesto.com\/blog\/wp-content\/uploads\/2025\/01\/diferencias-entre-grupo-categoria-profesional.png\",\"contentUrl\":\"https:\/\/tugesto.com\/blog\/wp-content\/uploads\/2025\/01\/diferencias-entre-grupo-categoria-profesional.png\",\"width\":600,\"height\":400,\"caption\":\"Ambos conceptos, aunque complementarios, no son lo mismo y en esas diferencias nos detenemos a continuaci\u00f3n\"},{\"@type\":\"BreadcrumbList\",\"@id\":\"https:\/\/tugesto.com\/blog\/diferencia-categoria-grupo-profesional\/#breadcrumb\",\"itemListElement\":[{\"@type\":\"ListItem\",\"position\":1,\"name\":\"Home\",\"item\":\"https:\/\/tugesto.com\/blog\/\"},{\"@type\":\"ListItem\",\"position\":2,\"name\":\"Recursos humanos\",\"item\":\"https:\/\/tugesto.com\/blog\/category\/recursos-humanos\/\"},{\"@type\":\"ListItem\",\"position\":3,\"name\":\"\u00bfCu\u00e1l es la diferencia entre categor\u00eda y grupo profesional?\"}]},{\"@type\":\"WebSite\",\"@id\":\"https:\/\/tugesto.com\/blog\/#website\",\"url\":\"https:\/\/tugesto.com\/blog\/\",\"name\":\"Blog tugesto\",\"description\":\"\ud83d\udcda Blog especializado para aut\u00f3nomos y pymes. Encuentra semanalmente nuevos posts, recursos y gu\u00edas. La ayuda que necesitas para tu negocio.\",\"publisher\":{\"@id\":\"https:\/\/tugesto.com\/blog\/#organization\"},\"potentialAction\":[{\"@type\":\"SearchAction\",\"target\":{\"@type\":\"EntryPoint\",\"urlTemplate\":\"https:\/\/tugesto.com\/blog\/?s={search_term_string}\"},\"query-input\":{\"@type\":\"PropertyValueSpecification\",\"valueRequired\":true,\"valueName\":\"search_term_string\"}}],\"inLanguage\":\"es\"},{\"@type\":\"Organization\",\"@id\":\"https:\/\/tugesto.com\/blog\/#organization\",\"name\":\"tugesto\",\"url\":\"https:\/\/tugesto.com\/blog\/\",\"logo\":{\"@type\":\"ImageObject\",\"inLanguage\":\"es\",\"@id\":\"https:\/\/tugesto.com\/blog\/#\/schema\/logo\/image\/\",\"url\":\"https:\/\/tugesto.com\/blog\/wp-content\/uploads\/2019\/06\/logo_tugesto.png\",\"contentUrl\":\"https:\/\/tugesto.com\/blog\/wp-content\/uploads\/2019\/06\/logo_tugesto.png\",\"width\":190,\"height\":63,\"caption\":\"tugesto\"},\"image\":{\"@id\":\"https:\/\/tugesto.com\/blog\/#\/schema\/logo\/image\/\"},\"sameAs\":[\"https:\/\/www.facebook.com\/tugesto\/\",\"https:\/\/www.instagram.com\/tugesto_online\/\"]},{\"@type\":\"Person\",\"@id\":\"https:\/\/tugesto.com\/blog\/#\/schema\/person\/f210b25a9ff7b95404fdcd6d6e7d21e6\",\"name\":\"Esteban Escribano\",\"image\":{\"@type\":\"ImageObject\",\"inLanguage\":\"es\",\"@id\":\"https:\/\/tugesto.com\/blog\/#\/schema\/person\/image\/85c872baa50e8ebdd3625a327ee22292\",\"url\":\"https:\/\/tugesto.com\/blog\/wp-content\/uploads\/2024\/05\/esteban-escribano.png\",\"contentUrl\":\"https:\/\/tugesto.com\/blog\/wp-content\/uploads\/2024\/05\/esteban-escribano.png\",\"caption\":\"Esteban Escribano\"},\"description\":\"Responsable del departamento laboral\"}]}<\/script>\n<!-- \/ Yoast SEO plugin. -->","yoast_head_json":{"title":"Diferencia entre categor\u00eda y grupo profesional | tugesto","description":"Esta es la principal diferencia entre categor\u00eda y grupo profesional, fundamental para comprender mejor la gesti\u00f3n laboral","robots":{"index":"index","follow":"follow","max-snippet":"max-snippet:-1","max-image-preview":"max-image-preview:large","max-video-preview":"max-video-preview:-1"},"canonical":"https:\/\/tugesto.com\/blog\/diferencia-categoria-grupo-profesional\/","og_locale":"es_ES","og_type":"article","og_title":"Diferencia entre categor\u00eda y grupo profesional | tugesto","og_description":"Esta es la principal diferencia entre categor\u00eda y grupo profesional, fundamental para comprender mejor la gesti\u00f3n laboral","og_url":"https:\/\/tugesto.com\/blog\/diferencia-categoria-grupo-profesional\/","og_site_name":"Blog: \u00a1Aprende a emprender! | tugesto","article_publisher":"https:\/\/www.facebook.com\/tugesto\/","article_published_time":"2025-01-16T08:38:48+00:00","og_image":[{"width":600,"height":400,"url":"https:\/\/tugesto.com\/blog\/wp-content\/uploads\/2025\/01\/diferencias-entre-grupo-categoria-profesional.png","type":"image\/png"}],"author":"Esteban Escribano","twitter_card":"summary_large_image","twitter_misc":{"Escrito por":"Esteban Escribano","Tiempo de lectura":"5 minutos"},"schema":{"@context":"https:\/\/schema.org","@graph":[{"@type":"Article","@id":"https:\/\/tugesto.com\/blog\/diferencia-categoria-grupo-profesional\/#article","isPartOf":{"@id":"https:\/\/tugesto.com\/blog\/diferencia-categoria-grupo-profesional\/"},"author":{"name":"Esteban Escribano","@id":"https:\/\/tugesto.com\/blog\/#\/schema\/person\/f210b25a9ff7b95404fdcd6d6e7d21e6"},"headline":"\u00bfCu\u00e1l es la diferencia entre categor\u00eda y grupo profesional?","datePublished":"2025-01-16T08:38:48+00:00","mainEntityOfPage":{"@id":"https:\/\/tugesto.com\/blog\/diferencia-categoria-grupo-profesional\/"},"wordCount":925,"commentCount":0,"publisher":{"@id":"https:\/\/tugesto.com\/blog\/#organization"},"image":{"@id":"https:\/\/tugesto.com\/blog\/diferencia-categoria-grupo-profesional\/#primaryimage"},"thumbnailUrl":"https:\/\/tugesto.com\/blog\/wp-content\/uploads\/2025\/01\/diferencias-entre-grupo-categoria-profesional.png","keywords":["aut\u00f3nomos","pymes"],"articleSection":["Recursos humanos"],"inLanguage":"es","potentialAction":[{"@type":"CommentAction","name":"Comment","target":["https:\/\/tugesto.com\/blog\/diferencia-categoria-grupo-profesional\/#respond"]}]},{"@type":"WebPage","@id":"https:\/\/tugesto.com\/blog\/diferencia-categoria-grupo-profesional\/","url":"https:\/\/tugesto.com\/blog\/diferencia-categoria-grupo-profesional\/","name":"Diferencia entre categor\u00eda y grupo profesional | tugesto","isPartOf":{"@id":"https:\/\/tugesto.com\/blog\/#website"},"primaryImageOfPage":{"@id":"https:\/\/tugesto.com\/blog\/diferencia-categoria-grupo-profesional\/#primaryimage"},"image":{"@id":"https:\/\/tugesto.com\/blog\/diferencia-categoria-grupo-profesional\/#primaryimage"},"thumbnailUrl":"https:\/\/tugesto.com\/blog\/wp-content\/uploads\/2025\/01\/diferencias-entre-grupo-categoria-profesional.png","datePublished":"2025-01-16T08:38:48+00:00","description":"Esta es la principal diferencia entre categor\u00eda y grupo profesional, fundamental para comprender mejor la gesti\u00f3n laboral","breadcrumb":{"@id":"https:\/\/tugesto.com\/blog\/diferencia-categoria-grupo-profesional\/#breadcrumb"},"inLanguage":"es","potentialAction":[{"@type":"ReadAction","target":["https:\/\/tugesto.com\/blog\/diferencia-categoria-grupo-profesional\/"]}]},{"@type":"ImageObject","inLanguage":"es","@id":"https:\/\/tugesto.com\/blog\/diferencia-categoria-grupo-profesional\/#primaryimage","url":"https:\/\/tugesto.com\/blog\/wp-content\/uploads\/2025\/01\/diferencias-entre-grupo-categoria-profesional.png","contentUrl":"https:\/\/tugesto.com\/blog\/wp-content\/uploads\/2025\/01\/diferencias-entre-grupo-categoria-profesional.png","width":600,"height":400,"caption":"Ambos conceptos, aunque complementarios, no son lo mismo y en esas diferencias nos detenemos a continuaci\u00f3n"},{"@type":"BreadcrumbList","@id":"https:\/\/tugesto.com\/blog\/diferencia-categoria-grupo-profesional\/#breadcrumb","itemListElement":[{"@type":"ListItem","position":1,"name":"Home","item":"https:\/\/tugesto.com\/blog\/"},{"@type":"ListItem","position":2,"name":"Recursos humanos","item":"https:\/\/tugesto.com\/blog\/category\/recursos-humanos\/"},{"@type":"ListItem","position":3,"name":"\u00bfCu\u00e1l es la diferencia entre categor\u00eda y grupo profesional?"}]},{"@type":"WebSite","@id":"https:\/\/tugesto.com\/blog\/#website","url":"https:\/\/tugesto.com\/blog\/","name":"Blog tugesto","description":"\ud83d\udcda Blog especializado para aut\u00f3nomos y pymes. Encuentra semanalmente nuevos posts, recursos y gu\u00edas. La ayuda que necesitas para tu negocio.","publisher":{"@id":"https:\/\/tugesto.com\/blog\/#organization"},"potentialAction":[{"@type":"SearchAction","target":{"@type":"EntryPoint","urlTemplate":"https:\/\/tugesto.com\/blog\/?s={search_term_string}"},"query-input":{"@type":"PropertyValueSpecification","valueRequired":true,"valueName":"search_term_string"}}],"inLanguage":"es"},{"@type":"Organization","@id":"https:\/\/tugesto.com\/blog\/#organization","name":"tugesto","url":"https:\/\/tugesto.com\/blog\/","logo":{"@type":"ImageObject","inLanguage":"es","@id":"https:\/\/tugesto.com\/blog\/#\/schema\/logo\/image\/","url":"https:\/\/tugesto.com\/blog\/wp-content\/uploads\/2019\/06\/logo_tugesto.png","contentUrl":"https:\/\/tugesto.com\/blog\/wp-content\/uploads\/2019\/06\/logo_tugesto.png","width":190,"height":63,"caption":"tugesto"},"image":{"@id":"https:\/\/tugesto.com\/blog\/#\/schema\/logo\/image\/"},"sameAs":["https:\/\/www.facebook.com\/tugesto\/","https:\/\/www.instagram.com\/tugesto_online\/"]},{"@type":"Person","@id":"https:\/\/tugesto.com\/blog\/#\/schema\/person\/f210b25a9ff7b95404fdcd6d6e7d21e6","name":"Esteban Escribano","image":{"@type":"ImageObject","inLanguage":"es","@id":"https:\/\/tugesto.com\/blog\/#\/schema\/person\/image\/85c872baa50e8ebdd3625a327ee22292","url":"https:\/\/tugesto.com\/blog\/wp-content\/uploads\/2024\/05\/esteban-escribano.png","contentUrl":"https:\/\/tugesto.com\/blog\/wp-content\/uploads\/2024\/05\/esteban-escribano.png","caption":"Esteban Escribano"},"description":"Responsable del departamento laboral"}]}},"authors":[{"term_id":1494,"user_id":8,"is_guest":0,"slug":"esteban-escribano","display_name":"Esteban Escribano","avatar_url":{"url":"https:\/\/tugesto.com\/blog\/wp-content\/uploads\/2024\/05\/esteban-escribano.png","url2x":"https:\/\/tugesto.com\/blog\/wp-content\/uploads\/2024\/05\/esteban-escribano.png"},"0":null,"1":"","2":"","3":"","4":"","5":"","6":"","7":"","8":""}],"_links":{"self":[{"href":"https:\/\/tugesto.com\/blog\/wp-json\/wp\/v2\/posts\/38300","targetHints":{"allow":["GET"]}}],"collection":[{"href":"https:\/\/tugesto.com\/blog\/wp-json\/wp\/v2\/posts"}],"about":[{"href":"https:\/\/tugesto.com\/blog\/wp-json\/wp\/v2\/types\/post"}],"author":[{"embeddable":true,"href":"https:\/\/tugesto.com\/blog\/wp-json\/wp\/v2\/users\/8"}],"replies":[{"embeddable":true,"href":"https:\/\/tugesto.com\/blog\/wp-json\/wp\/v2\/comments?post=38300"}],"version-history":[{"count":1,"href":"https:\/\/tugesto.com\/blog\/wp-json\/wp\/v2\/posts\/38300\/revisions"}],"predecessor-version":[{"id":38302,"href":"https:\/\/tugesto.com\/blog\/wp-json\/wp\/v2\/posts\/38300\/revisions\/38302"}],"wp:featuredmedia":[{"embeddable":true,"href":"https:\/\/tugesto.com\/blog\/wp-json\/wp\/v2\/media\/38301"}],"wp:attachment":[{"href":"https:\/\/tugesto.com\/blog\/wp-json\/wp\/v2\/media?parent=38300"}],"wp:term":[{"taxonomy":"category","embeddable":true,"href":"https:\/\/tugesto.com\/blog\/wp-json\/wp\/v2\/categories?post=38300"},{"taxonomy":"post_tag","embeddable":true,"href":"https:\/\/tugesto.com\/blog\/wp-json\/wp\/v2\/tags?post=38300"},{"taxonomy":"author","embeddable":true,"href":"https:\/\/tugesto.com\/blog\/wp-json\/wp\/v2\/ppma_author?post=38300"}],"curies":[{"name":"wp","href":"https:\/\/api.w.org\/{rel}","templated":true}]}}