{"id":37286,"date":"2024-04-30T13:12:02","date_gmt":"2024-04-30T11:12:02","guid":{"rendered":"https:\/\/tugesto.com\/blog\/?p=37286"},"modified":"2024-06-21T09:48:09","modified_gmt":"2024-06-21T07:48:09","slug":"todo-sobre-la-autorizacion-de-residencia-temporal-y-trabajo-por-cuenta-propia","status":"publish","type":"post","link":"https:\/\/tugesto.com\/blog\/todo-sobre-la-autorizacion-de-residencia-temporal-y-trabajo-por-cuenta-propia\/","title":{"rendered":"Todo sobre la autorizaci\u00f3n de residencia temporal y trabajo por cuenta propia"},"content":{"rendered":"\t\t<div data-elementor-type=\"wp-post\" data-elementor-id=\"37286\" class=\"elementor elementor-37286\" data-elementor-post-type=\"post\">\n\t\t\t\t\t\t<section class=\"elementor-section elementor-top-section elementor-element elementor-element-41d12cb elementor-section-boxed elementor-section-height-default elementor-section-height-default\" data-id=\"41d12cb\" data-element_type=\"section\" data-e-type=\"section\">\n\t\t\t\t\t\t<div class=\"elementor-container elementor-column-gap-default\">\n\t\t\t\t\t<div class=\"elementor-column elementor-col-100 elementor-top-column elementor-element elementor-element-11bc8e3\" data-id=\"11bc8e3\" data-element_type=\"column\" data-e-type=\"column\">\n\t\t\t<div class=\"elementor-widget-wrap elementor-element-populated\">\n\t\t\t\t\t\t<div class=\"elementor-element elementor-element-6a04fec elementor-widget elementor-widget-video\" data-id=\"6a04fec\" data-element_type=\"widget\" data-e-type=\"widget\" data-settings=\"{&quot;youtube_url&quot;:&quot;https:\\\/\\\/youtu.be\\\/-Atnb0NT2Ak&quot;,&quot;video_type&quot;:&quot;youtube&quot;,&quot;controls&quot;:&quot;yes&quot;}\" data-widget_type=\"video.default\">\n\t\t\t\t<div class=\"elementor-widget-container\">\n\t\t\t\t\t\t\t<div class=\"elementor-wrapper elementor-open-inline\">\n\t\t\t<div class=\"elementor-video\"><\/div>\t\t<\/div>\n\t\t\t\t\t\t<\/div>\n\t\t\t\t<\/div>\n\t\t\t\t<div class=\"elementor-element elementor-element-3608ce2 elementor-widget elementor-widget-text-editor\" data-id=\"3608ce2\" data-element_type=\"widget\" data-e-type=\"widget\" data-widget_type=\"text-editor.default\">\n\t\t\t\t<div class=\"elementor-widget-container\">\n\t\t\t\t\t\t\t\t\t<p><span style=\"color: #4c4f54;\">La modificaci\u00f3n de estancia por estudios a cuenta propia es una situaci\u00f3n que puede suceder si se est\u00e1 en <b>estancia por estudios<\/b> y se desea comenzar la trayectoria profesional como aut\u00f3nomo en nuestro pa\u00eds, pidiendo una autorizaci\u00f3n de residencia temporal por cuenta propia.<\/span><\/p>\t\t\t\t\t\t\t\t<\/div>\n\t\t\t\t<\/div>\n\t\t\t\t\t<\/div>\n\t\t<\/div>\n\t\t\t\t\t<\/div>\n\t\t<\/section>\n\t\t\t\t<section class=\"elementor-section elementor-top-section elementor-element elementor-element-24aa596 elementor-section-boxed elementor-section-height-default elementor-section-height-default\" data-id=\"24aa596\" data-element_type=\"section\" data-e-type=\"section\">\n\t\t\t\t\t\t<div class=\"elementor-container elementor-column-gap-default\">\n\t\t\t\t\t<div class=\"elementor-column elementor-col-100 elementor-top-column elementor-element elementor-element-990e850\" data-id=\"990e850\" data-element_type=\"column\" data-e-type=\"column\">\n\t\t\t<div class=\"elementor-widget-wrap elementor-element-populated\">\n\t\t\t\t\t\t<div class=\"elementor-element elementor-element-c9e36c0 elementor-widget elementor-widget-heading\" data-id=\"c9e36c0\" data-element_type=\"widget\" data-e-type=\"widget\" data-widget_type=\"heading.default\">\n\t\t\t\t<div class=\"elementor-widget-container\">\n\t\t\t\t\t<h2 class=\"elementor-heading-title elementor-size-default\">\u00bfPara qui\u00e9n va dirigido?<\/h2>\t\t\t\t<\/div>\n\t\t\t\t<\/div>\n\t\t\t\t\t<\/div>\n\t\t<\/div>\n\t\t\t\t\t<\/div>\n\t\t<\/section>\n\t\t\t\t<section class=\"elementor-section elementor-top-section elementor-element elementor-element-9955edc elementor-section-boxed elementor-section-height-default elementor-section-height-default\" data-id=\"9955edc\" data-element_type=\"section\" data-e-type=\"section\">\n\t\t\t\t\t\t<div class=\"elementor-container elementor-column-gap-default\">\n\t\t\t\t\t<div class=\"elementor-column elementor-col-100 elementor-top-column elementor-element elementor-element-8f0ed53\" data-id=\"8f0ed53\" data-element_type=\"column\" data-e-type=\"column\">\n\t\t\t<div class=\"elementor-widget-wrap elementor-element-populated\">\n\t\t\t\t\t\t<div class=\"elementor-element elementor-element-cef10eb elementor-widget elementor-widget-text-editor\" data-id=\"cef10eb\" data-element_type=\"widget\" data-e-type=\"widget\" data-widget_type=\"text-editor.default\">\n\t\t\t\t<div class=\"elementor-widget-container\">\n\t\t\t\t\t\t\t\t\t<p><span style=\"color: #4c4f54;\">La autorizaci\u00f3n de residencia para ejercer por cuenta propia est\u00e1 dirigido a los estudiantes que tengan concedida la estancia por estudios y que, mientras realizan los estudios, tienen la posibilidad de <b>compatibilizar <\/b>los mismos trabajando por cuenta propia.<\/span><\/p><p><span style=\"color: #4c4f54;\">El permiso se llama autorizaci\u00f3n de residencia temporal y trabajo por cuenta propia de car\u00e1cter inicial. Podr\u00e1 ser obtenido por un trabajador que se encuentre en Espa\u00f1a en situaci\u00f3n de estancia de estudios, investigaci\u00f3n, pr\u00e1cticas o formaci\u00f3n.<\/span><\/p>\t\t\t\t\t\t\t\t<\/div>\n\t\t\t\t<\/div>\n\t\t\t\t\t<\/div>\n\t\t<\/div>\n\t\t\t\t\t<\/div>\n\t\t<\/section>\n\t\t\t\t<section class=\"elementor-section elementor-top-section elementor-element elementor-element-f1a79fd elementor-section-boxed elementor-section-height-default elementor-section-height-default\" data-id=\"f1a79fd\" data-element_type=\"section\" data-e-type=\"section\">\n\t\t\t\t\t\t<div class=\"elementor-container elementor-column-gap-default\">\n\t\t\t\t\t<div class=\"elementor-column elementor-col-100 elementor-top-column elementor-element elementor-element-c8893dd\" data-id=\"c8893dd\" data-element_type=\"column\" data-e-type=\"column\">\n\t\t\t<div class=\"elementor-widget-wrap elementor-element-populated\">\n\t\t\t\t\t\t<div class=\"elementor-element elementor-element-1e358a6 elementor-widget elementor-widget-heading\" data-id=\"1e358a6\" data-element_type=\"widget\" data-e-type=\"widget\" data-widget_type=\"heading.default\">\n\t\t\t\t<div class=\"elementor-widget-container\">\n\t\t\t\t\t<h3 class=\"elementor-heading-title elementor-size-default\">\u00bfQu\u00e9 requisitos se necesitan para solicitarlo?<\/h3>\t\t\t\t<\/div>\n\t\t\t\t<\/div>\n\t\t\t\t\t<\/div>\n\t\t<\/div>\n\t\t\t\t\t<\/div>\n\t\t<\/section>\n\t\t\t\t<section class=\"elementor-section elementor-top-section elementor-element elementor-element-71e93ee elementor-section-boxed elementor-section-height-default elementor-section-height-default\" data-id=\"71e93ee\" data-element_type=\"section\" data-e-type=\"section\">\n\t\t\t\t\t\t<div class=\"elementor-container elementor-column-gap-default\">\n\t\t\t\t\t<div class=\"elementor-column elementor-col-100 elementor-top-column elementor-element elementor-element-018a522\" data-id=\"018a522\" data-element_type=\"column\" data-e-type=\"column\">\n\t\t\t<div class=\"elementor-widget-wrap elementor-element-populated\">\n\t\t\t\t\t\t<div class=\"elementor-element elementor-element-ca9c0dc elementor-widget elementor-widget-text-editor\" data-id=\"ca9c0dc\" data-element_type=\"widget\" data-e-type=\"widget\" data-widget_type=\"text-editor.default\">\n\t\t\t\t<div class=\"elementor-widget-container\">\n\t\t\t\t\t\t\t\t\t<p><span style=\"color: #4c4f54;\">Para<\/span> <a href=\"https:\/\/tugesto.com\/alta-autonomo\/\" target=\"_blank\" rel=\"noopener\">iniciar la trayectoria profesional como aut\u00f3nomo<\/a>\u00a0<span style=\"color: #4c4f54;\">por cuenta propia deberemos tener en cuenta si tenemos concedida la estanca por estudios deber\u00e1n tenerse en cuenta ciertos requisitos que detallamos a continuaci\u00f3n.<\/span><\/p><p><span style=\"color: #4c4f54;\">Las actividades laborales tendr\u00e1n que ser compatibles con el hecho de poder hacer estudios y <b>no superar las 30 horas semanales<\/b>. Adem\u00e1s de ello, deberemos cumplir los requisitos que la legislaci\u00f3n vigente extra para la apertura y funcionamiento de la actividad proyectada.\u00a0<\/span><\/p><p><a href=\"http:\/\/tugesto.com\/asesoria-legal\" target=\"_blank\" rel=\"noopener\"><img fetchpriority=\"high\" decoding=\"async\" class=\"alignnone wp-image-14909 size-full\" src=\"https:\/\/tugesto.com\/blog\/wp-content\/uploads\/2020\/01\/asesoramiento-48h-consultas-legales-tugesto.jpg\" alt=\"En menos de 48 horas un abogado de tugesto estudiar\u00e1 tu caso\" width=\"1216\" height=\"367\" srcset=\"https:\/\/tugesto.com\/blog\/wp-content\/uploads\/2020\/01\/asesoramiento-48h-consultas-legales-tugesto.jpg 1216w, https:\/\/tugesto.com\/blog\/wp-content\/uploads\/2020\/01\/asesoramiento-48h-consultas-legales-tugesto-300x91.jpg 300w, https:\/\/tugesto.com\/blog\/wp-content\/uploads\/2020\/01\/asesoramiento-48h-consultas-legales-tugesto-1024x309.jpg 1024w, https:\/\/tugesto.com\/blog\/wp-content\/uploads\/2020\/01\/asesoramiento-48h-consultas-legales-tugesto-768x232.jpg 768w\" sizes=\"(max-width: 1216px) 100vw, 1216px\" \/><\/a><\/p><p><span style=\"color: #4c4f54;\">Adem\u00e1s de ello, contar con la cualificaci\u00f3n profesional que se exige o bien, la experiencia acreditada suficiente<b> en el ejercicio de la actividad profesional, as\u00ed como l<\/b>a colegiaci\u00f3n cuando se solicite. En su caso, la titulaci\u00f3n homologada.<\/span><\/p><p><span style=\"color: #4c4f54;\">Adem\u00e1s de ello, tener la posibilidad de acreditar que la inversi\u00f3n que se ha previsto es suficiente y la <b>incidencia <\/b>en la creaci\u00f3n de empleo incluyendo el autoempleo. Por \u00faltimo, se deber\u00e1n abonar las tasas relativas a la autorizaci\u00f3n de trabajo por cuenta propia.<\/span><\/p>\t\t\t\t\t\t\t\t<\/div>\n\t\t\t\t<\/div>\n\t\t\t\t\t<\/div>\n\t\t<\/div>\n\t\t\t\t\t<\/div>\n\t\t<\/section>\n\t\t\t\t<section class=\"elementor-section elementor-top-section elementor-element elementor-element-9712ee3 elementor-section-boxed elementor-section-height-default elementor-section-height-default\" data-id=\"9712ee3\" data-element_type=\"section\" data-e-type=\"section\">\n\t\t\t\t\t\t<div class=\"elementor-container elementor-column-gap-default\">\n\t\t\t\t\t<div class=\"elementor-column elementor-col-100 elementor-top-column elementor-element elementor-element-1a47299\" data-id=\"1a47299\" data-element_type=\"column\" data-e-type=\"column\">\n\t\t\t<div class=\"elementor-widget-wrap elementor-element-populated\">\n\t\t\t\t\t\t<div class=\"elementor-element elementor-element-b60245a elementor-widget elementor-widget-heading\" data-id=\"b60245a\" data-element_type=\"widget\" data-e-type=\"widget\" data-widget_type=\"heading.default\">\n\t\t\t\t<div class=\"elementor-widget-container\">\n\t\t\t\t\t<h3 class=\"elementor-heading-title elementor-size-default\">Documentos que se requieren para pedir la cuenta propia<\/h3>\t\t\t\t<\/div>\n\t\t\t\t<\/div>\n\t\t\t\t\t<\/div>\n\t\t<\/div>\n\t\t\t\t\t<\/div>\n\t\t<\/section>\n\t\t\t\t<section class=\"elementor-section elementor-top-section elementor-element elementor-element-5857d6f elementor-section-boxed elementor-section-height-default elementor-section-height-default\" data-id=\"5857d6f\" data-element_type=\"section\" data-e-type=\"section\">\n\t\t\t\t\t\t<div class=\"elementor-container elementor-column-gap-default\">\n\t\t\t\t\t<div class=\"elementor-column elementor-col-100 elementor-top-column elementor-element elementor-element-655cdc9\" data-id=\"655cdc9\" data-element_type=\"column\" data-e-type=\"column\">\n\t\t\t<div class=\"elementor-widget-wrap elementor-element-populated\">\n\t\t\t\t\t\t<div class=\"elementor-element elementor-element-e1ef56c elementor-widget elementor-widget-text-editor\" data-id=\"e1ef56c\" data-element_type=\"widget\" data-e-type=\"widget\" data-widget_type=\"text-editor.default\">\n\t\t\t\t<div class=\"elementor-widget-container\">\n\t\t\t\t\t\t\t\t\t<p><span style=\"color: #4c4f54;\">En primer lugar, el impreso de solicitud que corresponde a la autorizaci\u00f3n de residencia temporal por cuenta propia. Seguidamente, el pasaporte completo en vigor, relaci\u00f3n de <b>autorizaciones o licencias<\/b> que se reclamen para la instalaci\u00f3n, apertura o funcionamiento de la actividad proyectada o bien, para el ejercicio de la profesi\u00f3n.<\/span><\/p><p><span style=\"color: #4c4f54;\">Por otra parte, documentaci\u00f3n acreditativa de la capacitaci\u00f3n y cualificaci\u00f3n profesional que se exige <b>legalmente <\/b>para ejercer la profesi\u00f3n. En su caso, titulaci\u00f3n homologada. Por \u00faltimo, documentaci\u00f3n acreditativa acerca de la compatibilidad de los estudios con actividad laboral.<\/span><\/p><p><span style=\"color: #4c4f54;\">Hay que tener en cuenta que en las actividades profesionales independientes que la soliciten, el certificado de colegiaci\u00f3n. Todo ello adem\u00e1s de copia de la documentaci\u00f3n que <b>acredite la suficiente inversi\u00f3n<\/b> prevista para la implantaci\u00f3n del proyecto y acerca de la incidencia, en la creaci\u00f3n de empleo, incluyendo como tal el autoempleo.<\/span><\/p><p><span style=\"color: #4c4f54;\">Por lo que respecta a las actividades comerciales minoristas y prestaci\u00f3n de los servicios enumerados en el <b>Anexo de la Ley 12\/2012<\/b>, realizados en establecimientos permanentes, con una superficie \u00fatil que sea igual o inferior a 750 metros cuadrados, declaraci\u00f3n responsable o comunicaci\u00f3n previa en los t\u00e9rminos el art\u00edculo 71.bis de la Ley 30\/1992 y, si en su caso existiese, justificante de pago del tributo que corresponda.<\/span><\/p><p><span style=\"color: #4c4f54;\">En el caso de las dem\u00e1s actividades y prestaciones de servicios profesionales, relaci\u00f3n de autorizaciones o de licencias que se reclamen para la instalaci\u00f3n, apertura o funcionamiento de la actividad proyectada o el ejercicio profesional. Se indicar\u00e1 la situaci\u00f3n en la que se hallen los tr\u00e1mites para su consecuci\u00f3n incluyendo, si fuese necesario, las certificaciones de solicitud ante los organismos que corresponda.<\/span><\/p>\t\t\t\t\t\t\t\t<\/div>\n\t\t\t\t<\/div>\n\t\t\t\t\t<\/div>\n\t\t<\/div>\n\t\t\t\t\t<\/div>\n\t\t<\/section>\n\t\t\t\t<section class=\"elementor-section elementor-top-section elementor-element elementor-element-b9ff2ea elementor-section-boxed elementor-section-height-default elementor-section-height-default\" data-id=\"b9ff2ea\" data-element_type=\"section\" data-e-type=\"section\">\n\t\t\t\t\t\t<div class=\"elementor-container elementor-column-gap-default\">\n\t\t\t\t\t<div class=\"elementor-column elementor-col-100 elementor-top-column elementor-element elementor-element-91725bc\" data-id=\"91725bc\" data-element_type=\"column\" data-e-type=\"column\">\n\t\t\t<div class=\"elementor-widget-wrap elementor-element-populated\">\n\t\t\t\t\t\t<div class=\"elementor-element elementor-element-57f66b3 elementor-widget elementor-widget-heading\" data-id=\"57f66b3\" data-element_type=\"widget\" data-e-type=\"widget\" data-widget_type=\"heading.default\">\n\t\t\t\t<div class=\"elementor-widget-container\">\n\t\t\t\t\t<h3 class=\"elementor-heading-title elementor-size-default\">\u00bfD\u00f3nde puede conseguirse la documentaci\u00f3n?<\/h3>\t\t\t\t<\/div>\n\t\t\t\t<\/div>\n\t\t\t\t\t<\/div>\n\t\t<\/div>\n\t\t\t\t\t<\/div>\n\t\t<\/section>\n\t\t\t\t<section class=\"elementor-section elementor-top-section elementor-element elementor-element-37f48ef elementor-section-boxed elementor-section-height-default elementor-section-height-default\" data-id=\"37f48ef\" data-element_type=\"section\" data-e-type=\"section\">\n\t\t\t\t\t\t<div class=\"elementor-container elementor-column-gap-default\">\n\t\t\t\t\t<div class=\"elementor-column elementor-col-100 elementor-top-column elementor-element elementor-element-dee6e10\" data-id=\"dee6e10\" data-element_type=\"column\" data-e-type=\"column\">\n\t\t\t<div class=\"elementor-widget-wrap elementor-element-populated\">\n\t\t\t\t\t\t<div class=\"elementor-element elementor-element-e8ad8bf elementor-widget elementor-widget-text-editor\" data-id=\"e8ad8bf\" data-element_type=\"widget\" data-e-type=\"widget\" data-widget_type=\"text-editor.default\">\n\t\t\t\t<div class=\"elementor-widget-container\">\n\t\t\t\t\t\t\t\t\t<p><span style=\"color: #4c4f54;\">Con independencia de cu\u00e1l sea la justificaci\u00f3n a trav\u00e9s de otros medios que sean admisibles en derecho, los dos \u00faltimos apartados pueden acreditarse<b> mediante el informe de valoraci\u00f3n<\/b> que se emitan por una de las organizaciones que se detallan a continuaci\u00f3n.<\/span><\/p><p><span style=\"color: #4c4f54;\">Federaci\u00f3n Nacional de Asociaciones de Empresarios y Trabajadores Aut\u00f3nomos (ATA),\u00a0<\/span><a href=\"https:\/\/upta.es\/\" target=\"_blank\" rel=\"noopener\">Uni\u00f3n de Profesionales y Trabajadores Aut\u00f3nomos (UPTA)<\/a><span style=\"color: #4c4f54;\">, Confederaci\u00f3n Intersectorial de Aut\u00f3nomos del Estado Espa\u00f1ol (CIAE), Organizaci\u00f3n de Profesionales y Aut\u00f3nomos (OPA) y Uni\u00f3n de Asociaciones de Trabajadores Aut\u00f3nomos y Emprendedores (UATAE).<\/span><\/p>\t\t\t\t\t\t\t\t<\/div>\n\t\t\t\t<\/div>\n\t\t\t\t\t<\/div>\n\t\t<\/div>\n\t\t\t\t\t<\/div>\n\t\t<\/section>\n\t\t\t\t<section class=\"elementor-section elementor-top-section elementor-element elementor-element-acc4d52 elementor-section-boxed elementor-section-height-default elementor-section-height-default\" data-id=\"acc4d52\" data-element_type=\"section\" data-e-type=\"section\">\n\t\t\t\t\t\t<div class=\"elementor-container elementor-column-gap-default\">\n\t\t\t\t\t<div class=\"elementor-column elementor-col-100 elementor-top-column elementor-element elementor-element-4705389\" data-id=\"4705389\" data-element_type=\"column\" data-e-type=\"column\">\n\t\t\t<div class=\"elementor-widget-wrap elementor-element-populated\">\n\t\t\t\t\t\t<div class=\"elementor-element elementor-element-08aa855 elementor-widget elementor-widget-heading\" data-id=\"08aa855\" data-element_type=\"widget\" data-e-type=\"widget\" data-widget_type=\"heading.default\">\n\t\t\t\t<div class=\"elementor-widget-container\">\n\t\t\t\t\t<h3 class=\"elementor-heading-title elementor-size-default\">\u00bfQu\u00e9 procedimiento existe para solicitar la cuenta propia?<\/h3>\t\t\t\t<\/div>\n\t\t\t\t<\/div>\n\t\t\t\t\t<\/div>\n\t\t<\/div>\n\t\t\t\t\t<\/div>\n\t\t<\/section>\n\t\t\t\t<section class=\"elementor-section elementor-top-section elementor-element elementor-element-72d79a3 elementor-section-boxed elementor-section-height-default elementor-section-height-default\" data-id=\"72d79a3\" data-element_type=\"section\" data-e-type=\"section\">\n\t\t\t\t\t\t<div class=\"elementor-container elementor-column-gap-default\">\n\t\t\t\t\t<div class=\"elementor-column elementor-col-100 elementor-top-column elementor-element elementor-element-5169b4b\" data-id=\"5169b4b\" data-element_type=\"column\" data-e-type=\"column\">\n\t\t\t<div class=\"elementor-widget-wrap elementor-element-populated\">\n\t\t\t\t\t\t<div class=\"elementor-element elementor-element-e9da39a elementor-widget elementor-widget-text-editor\" data-id=\"e9da39a\" data-element_type=\"widget\" data-e-type=\"widget\" data-widget_type=\"text-editor.default\">\n\t\t\t\t<div class=\"elementor-widget-container\">\n\t\t\t\t\t\t\t\t\t<p><span style=\"color: #4c4f54;\">La persona legitimada para presentar la solicitud, que ser\u00eda el estudiante extranjero personalmente, acudir\u00e1 a la Oficina de Extranjer\u00eda de la provincia en la que se vayan a prestar los servicios. En cuanto a las <b>tasas de trabajo,<\/b> se devengar\u00e1n en el momento de admisi\u00f3n a tr\u00e1mite de la solicitud y se abonar\u00e1 por el estudiante en 10 d\u00edas h\u00e1biles.<\/span><\/p><p><span style=\"color: #4c4f54;\">Profundizamos en el plazo de resoluci\u00f3n de la solicitud. Ser\u00e1 de 3 meses contados a partir del d\u00eda siguiente a la fecha en que haya tenido entrada en el registro del \u00f3rgano competente para su tramitaci\u00f3n.<\/span><\/p><p><span style=\"color: #4c4f54;\">Transcurrido el plazo sin que la Administraci\u00f3n haya notificado, podr\u00e1 entenderse que la solicitud ha sido desestimada por silencio administrativo. En caso de que se elija la opci\u00f3n de notificaci\u00f3n electr\u00f3nica o se utilice de manera normativa dicho canal, la <b>resoluci\u00f3n <\/b>ser\u00e1 notificada a trav\u00e9s de publicaci\u00f3n en la sede electr\u00f3nica. Si no se accediese a la resoluci\u00f3n en el plazo de 10 d\u00edas naturales desde la publicaci\u00f3n, se dar\u00e1 por notificada.<\/span><\/p><p><span style=\"color: #4c4f54;\">La vigencia de la autorizaci\u00f3n para trabajar coincidir\u00e1 con la duraci\u00f3n de la autorizaci\u00f3n de estancia. Perder la vigencia de la autorizaci\u00f3n de estancia ser\u00e1 motivo de extinci\u00f3n de la autorizaci\u00f3n para trabajar.<\/span><\/p><p><span style=\"color: #4c4f54;\">Esta autorizaci\u00f3n se <b>prorrogar\u00e1 <\/b>en caso de que subsistan circunstancias que motivasen la concesi\u00f3n anterior, siempre que se haya obtenido la pr\u00f3rroga de la autorizaci\u00f3n de estancia.<\/span><\/p>\t\t\t\t\t\t\t\t<\/div>\n\t\t\t\t<\/div>\n\t\t\t\t\t<\/div>\n\t\t<\/div>\n\t\t\t\t\t<\/div>\n\t\t<\/section>\n\t\t\t\t<section class=\"elementor-section elementor-top-section elementor-element elementor-element-3ee2244 elementor-section-boxed elementor-section-height-default elementor-section-height-default\" data-id=\"3ee2244\" data-element_type=\"section\" data-e-type=\"section\">\n\t\t\t\t\t\t<div class=\"elementor-container elementor-column-gap-default\">\n\t\t\t\t\t<div class=\"elementor-column elementor-col-100 elementor-top-column elementor-element elementor-element-12309df\" data-id=\"12309df\" data-element_type=\"column\" data-e-type=\"column\">\n\t\t\t<div class=\"elementor-widget-wrap elementor-element-populated\">\n\t\t\t\t\t\t<div class=\"elementor-element elementor-element-04414a5 elementor-widget elementor-widget-image\" data-id=\"04414a5\" data-element_type=\"widget\" data-e-type=\"widget\" data-widget_type=\"image.default\">\n\t\t\t\t<div class=\"elementor-widget-container\">\n\t\t\t\t\t\t\t\t\t\t\t\t\t\t\t\t<a href=\"http:\/\/www.tugesto.com\/contacto\" target=\"_blank\">\n\t\t\t\t\t\t\t<img decoding=\"async\" width=\"680\" height=\"270\" src=\"https:\/\/tugesto.com\/blog\/wp-content\/uploads\/2016\/03\/CTA-consultas-legales.jpg\" class=\"attachment-large size-large wp-image-2512\" alt=\"Solicita informaci\u00f3n sobre la soluci\u00f3n consultas legales de tugesto.\" srcset=\"https:\/\/tugesto.com\/blog\/wp-content\/uploads\/2016\/03\/CTA-consultas-legales.jpg 680w, https:\/\/tugesto.com\/blog\/wp-content\/uploads\/2016\/03\/CTA-consultas-legales-300x119.jpg 300w\" sizes=\"(max-width: 680px) 100vw, 680px\" \/>\t\t\t\t\t\t\t\t<\/a>\n\t\t\t\t\t\t\t\t\t\t\t\t\t\t\t<\/div>\n\t\t\t\t<\/div>\n\t\t\t\t\t<\/div>\n\t\t<\/div>\n\t\t\t\t\t<\/div>\n\t\t<\/section>\n\t\t\t\t<\/div>\n\t\t","protected":false},"excerpt":{"rendered":"<p>https:\/\/youtu.be\/-Atnb0NT2Ak La modificaci\u00f3n de estancia por estudios a cuenta propia es una situaci\u00f3n que puede suceder si se est\u00e1 en estancia por estudios y se desea comenzar la trayectoria profesional como aut\u00f3nomo en nuestro pa\u00eds, pidiendo una autorizaci\u00f3n de residencia temporal por cuenta propia. \u00bfPara qui\u00e9n va dirigido? La autorizaci\u00f3n de residencia para ejercer por [&hellip;]<\/p>\n","protected":false},"author":15,"featured_media":37310,"comment_status":"open","ping_status":"open","sticky":false,"template":"","format":"standard","meta":{"_eb_attr":"","content-type":"","footnotes":""},"categories":[45],"tags":[36,38],"ppma_author":[1501],"class_list":["post-37286","post","type-post","status-publish","format-standard","has-post-thumbnail","hentry","category-laboral","tag-autonomos","tag-pymes"],"yoast_head":"<!-- This site is optimized with the Yoast SEO plugin v27.5 - https:\/\/yoast.com\/product\/yoast-seo-wordpress\/ -->\n<title>Autorizaci\u00f3n de residencia temporal y trabajo por cuenta propia<\/title>\n<meta name=\"description\" content=\"\u00bfEres aut\u00f3nomo\/a? Te contamos todo sobre la autorizaci\u00f3n de residencia temporal y trabajo por cuenta propia\" \/>\n<meta name=\"robots\" content=\"index, follow, max-snippet:-1, max-image-preview:large, max-video-preview:-1\" \/>\n<link rel=\"canonical\" href=\"https:\/\/tugesto.com\/blog\/todo-sobre-la-autorizacion-de-residencia-temporal-y-trabajo-por-cuenta-propia\/\" \/>\n<meta property=\"og:locale\" content=\"es_ES\" \/>\n<meta property=\"og:type\" content=\"article\" \/>\n<meta property=\"og:title\" content=\"Autorizaci\u00f3n de residencia temporal y trabajo por cuenta propia\" \/>\n<meta property=\"og:description\" content=\"\u00bfEres aut\u00f3nomo\/a? Te contamos todo sobre la autorizaci\u00f3n de residencia temporal y trabajo por cuenta propia\" \/>\n<meta property=\"og:url\" content=\"https:\/\/tugesto.com\/blog\/todo-sobre-la-autorizacion-de-residencia-temporal-y-trabajo-por-cuenta-propia\/\" \/>\n<meta property=\"og:site_name\" content=\"Blog: \u00a1Aprende a emprender! | tugesto\" \/>\n<meta property=\"article:publisher\" content=\"https:\/\/www.facebook.com\/tugesto\/\" \/>\n<meta property=\"article:published_time\" content=\"2024-04-30T11:12:02+00:00\" \/>\n<meta property=\"article:modified_time\" content=\"2024-06-21T07:48:09+00:00\" \/>\n<meta property=\"og:image\" content=\"https:\/\/tugesto.com\/blog\/wp-content\/uploads\/2024\/04\/autorizacion-residencia-temporal-trabajo-cuenta-propia-1.jpg\" \/>\n\t<meta property=\"og:image:width\" content=\"600\" \/>\n\t<meta property=\"og:image:height\" content=\"400\" \/>\n\t<meta property=\"og:image:type\" content=\"image\/jpeg\" \/>\n<meta name=\"author\" content=\"Rosa Gonz\u00e1lez\" \/>\n<meta name=\"twitter:card\" content=\"summary_large_image\" \/>\n<meta name=\"twitter:label1\" content=\"Escrito por\" \/>\n\t<meta name=\"twitter:data1\" content=\"Rosa Gonz\u00e1lez\" \/>\n\t<meta name=\"twitter:label2\" content=\"Tiempo de lectura\" \/>\n\t<meta name=\"twitter:data2\" content=\"5 minutos\" \/>\n<script type=\"application\/ld+json\" class=\"yoast-schema-graph\">{\"@context\":\"https:\\\/\\\/schema.org\",\"@graph\":[{\"@type\":\"Article\",\"@id\":\"https:\\\/\\\/tugesto.com\\\/blog\\\/todo-sobre-la-autorizacion-de-residencia-temporal-y-trabajo-por-cuenta-propia\\\/#article\",\"isPartOf\":{\"@id\":\"https:\\\/\\\/tugesto.com\\\/blog\\\/todo-sobre-la-autorizacion-de-residencia-temporal-y-trabajo-por-cuenta-propia\\\/\"},\"author\":{\"name\":\"Rosa Gonz\u00e1lez\",\"@id\":\"https:\\\/\\\/tugesto.com\\\/blog\\\/#\\\/schema\\\/person\\\/ac35495ec7b2332a9618c7898ca70db2\"},\"headline\":\"Todo sobre la autorizaci\u00f3n de residencia temporal y trabajo por cuenta propia\",\"datePublished\":\"2024-04-30T11:12:02+00:00\",\"dateModified\":\"2024-06-21T07:48:09+00:00\",\"mainEntityOfPage\":{\"@id\":\"https:\\\/\\\/tugesto.com\\\/blog\\\/todo-sobre-la-autorizacion-de-residencia-temporal-y-trabajo-por-cuenta-propia\\\/\"},\"wordCount\":999,\"commentCount\":0,\"publisher\":{\"@id\":\"https:\\\/\\\/tugesto.com\\\/blog\\\/#organization\"},\"image\":{\"@id\":\"https:\\\/\\\/tugesto.com\\\/blog\\\/todo-sobre-la-autorizacion-de-residencia-temporal-y-trabajo-por-cuenta-propia\\\/#primaryimage\"},\"thumbnailUrl\":\"https:\\\/\\\/tugesto.com\\\/blog\\\/wp-content\\\/uploads\\\/2024\\\/04\\\/autorizacion-residencia-temporal-trabajo-cuenta-propia-1.jpg\",\"keywords\":[\"aut\u00f3nomos\",\"pymes\"],\"articleSection\":[\"Laboral\"],\"inLanguage\":\"es\",\"potentialAction\":[{\"@type\":\"CommentAction\",\"name\":\"Comment\",\"target\":[\"https:\\\/\\\/tugesto.com\\\/blog\\\/todo-sobre-la-autorizacion-de-residencia-temporal-y-trabajo-por-cuenta-propia\\\/#respond\"]}]},{\"@type\":\"WebPage\",\"@id\":\"https:\\\/\\\/tugesto.com\\\/blog\\\/todo-sobre-la-autorizacion-de-residencia-temporal-y-trabajo-por-cuenta-propia\\\/\",\"url\":\"https:\\\/\\\/tugesto.com\\\/blog\\\/todo-sobre-la-autorizacion-de-residencia-temporal-y-trabajo-por-cuenta-propia\\\/\",\"name\":\"Autorizaci\u00f3n de residencia temporal y trabajo por cuenta propia\",\"isPartOf\":{\"@id\":\"https:\\\/\\\/tugesto.com\\\/blog\\\/#website\"},\"primaryImageOfPage\":{\"@id\":\"https:\\\/\\\/tugesto.com\\\/blog\\\/todo-sobre-la-autorizacion-de-residencia-temporal-y-trabajo-por-cuenta-propia\\\/#primaryimage\"},\"image\":{\"@id\":\"https:\\\/\\\/tugesto.com\\\/blog\\\/todo-sobre-la-autorizacion-de-residencia-temporal-y-trabajo-por-cuenta-propia\\\/#primaryimage\"},\"thumbnailUrl\":\"https:\\\/\\\/tugesto.com\\\/blog\\\/wp-content\\\/uploads\\\/2024\\\/04\\\/autorizacion-residencia-temporal-trabajo-cuenta-propia-1.jpg\",\"datePublished\":\"2024-04-30T11:12:02+00:00\",\"dateModified\":\"2024-06-21T07:48:09+00:00\",\"description\":\"\u00bfEres aut\u00f3nomo\\\/a? Te contamos todo sobre la autorizaci\u00f3n de residencia temporal y trabajo por cuenta propia\",\"breadcrumb\":{\"@id\":\"https:\\\/\\\/tugesto.com\\\/blog\\\/todo-sobre-la-autorizacion-de-residencia-temporal-y-trabajo-por-cuenta-propia\\\/#breadcrumb\"},\"inLanguage\":\"es\",\"potentialAction\":[{\"@type\":\"ReadAction\",\"target\":[\"https:\\\/\\\/tugesto.com\\\/blog\\\/todo-sobre-la-autorizacion-de-residencia-temporal-y-trabajo-por-cuenta-propia\\\/\"]}]},{\"@type\":\"ImageObject\",\"inLanguage\":\"es\",\"@id\":\"https:\\\/\\\/tugesto.com\\\/blog\\\/todo-sobre-la-autorizacion-de-residencia-temporal-y-trabajo-por-cuenta-propia\\\/#primaryimage\",\"url\":\"https:\\\/\\\/tugesto.com\\\/blog\\\/wp-content\\\/uploads\\\/2024\\\/04\\\/autorizacion-residencia-temporal-trabajo-cuenta-propia-1.jpg\",\"contentUrl\":\"https:\\\/\\\/tugesto.com\\\/blog\\\/wp-content\\\/uploads\\\/2024\\\/04\\\/autorizacion-residencia-temporal-trabajo-cuenta-propia-1.jpg\",\"width\":600,\"height\":400,\"caption\":\"Descubre en este post todo lo relacionado con la autorizaci\u00f3n de residencia y trabajo para los trabajadores aut\u00f3nomos\"},{\"@type\":\"BreadcrumbList\",\"@id\":\"https:\\\/\\\/tugesto.com\\\/blog\\\/todo-sobre-la-autorizacion-de-residencia-temporal-y-trabajo-por-cuenta-propia\\\/#breadcrumb\",\"itemListElement\":[{\"@type\":\"ListItem\",\"position\":1,\"name\":\"Home\",\"item\":\"https:\\\/\\\/tugesto.com\\\/blog\\\/\"},{\"@type\":\"ListItem\",\"position\":2,\"name\":\"Laboral\",\"item\":\"https:\\\/\\\/tugesto.com\\\/blog\\\/category\\\/laboral\\\/\"},{\"@type\":\"ListItem\",\"position\":3,\"name\":\"Todo sobre la autorizaci\u00f3n de residencia temporal y trabajo por cuenta propia\"}]},{\"@type\":\"WebSite\",\"@id\":\"https:\\\/\\\/tugesto.com\\\/blog\\\/#website\",\"url\":\"https:\\\/\\\/tugesto.com\\\/blog\\\/\",\"name\":\"Blog tugesto\",\"description\":\"\ud83d\udcda Blog especializado para aut\u00f3nomos y pymes. Encuentra semanalmente nuevos posts, recursos y gu\u00edas. La ayuda que necesitas para tu negocio.\",\"publisher\":{\"@id\":\"https:\\\/\\\/tugesto.com\\\/blog\\\/#organization\"},\"potentialAction\":[{\"@type\":\"SearchAction\",\"target\":{\"@type\":\"EntryPoint\",\"urlTemplate\":\"https:\\\/\\\/tugesto.com\\\/blog\\\/?s={search_term_string}\"},\"query-input\":{\"@type\":\"PropertyValueSpecification\",\"valueRequired\":true,\"valueName\":\"search_term_string\"}}],\"inLanguage\":\"es\"},{\"@type\":\"Organization\",\"@id\":\"https:\\\/\\\/tugesto.com\\\/blog\\\/#organization\",\"name\":\"tugesto\",\"url\":\"https:\\\/\\\/tugesto.com\\\/blog\\\/\",\"logo\":{\"@type\":\"ImageObject\",\"inLanguage\":\"es\",\"@id\":\"https:\\\/\\\/tugesto.com\\\/blog\\\/#\\\/schema\\\/logo\\\/image\\\/\",\"url\":\"https:\\\/\\\/tugesto.com\\\/blog\\\/wp-content\\\/uploads\\\/2019\\\/06\\\/logo_tugesto.png\",\"contentUrl\":\"https:\\\/\\\/tugesto.com\\\/blog\\\/wp-content\\\/uploads\\\/2019\\\/06\\\/logo_tugesto.png\",\"width\":190,\"height\":63,\"caption\":\"tugesto\"},\"image\":{\"@id\":\"https:\\\/\\\/tugesto.com\\\/blog\\\/#\\\/schema\\\/logo\\\/image\\\/\"},\"sameAs\":[\"https:\\\/\\\/www.facebook.com\\\/tugesto\\\/\",\"https:\\\/\\\/www.instagram.com\\\/tugesto_online\\\/\"]},{\"@type\":\"Person\",\"@id\":\"https:\\\/\\\/tugesto.com\\\/blog\\\/#\\\/schema\\\/person\\\/ac35495ec7b2332a9618c7898ca70db2\",\"name\":\"Rosa Gonz\u00e1lez\",\"image\":{\"@type\":\"ImageObject\",\"inLanguage\":\"es\",\"@id\":\"https:\\\/\\\/tugesto.com\\\/blog\\\/wp-content\\\/uploads\\\/2024\\\/05\\\/rosa-gonzalez.png0ece644c332d38b899bac1149cf9912a\",\"url\":\"https:\\\/\\\/tugesto.com\\\/blog\\\/wp-content\\\/uploads\\\/2024\\\/05\\\/rosa-gonzalez.png\",\"contentUrl\":\"https:\\\/\\\/tugesto.com\\\/blog\\\/wp-content\\\/uploads\\\/2024\\\/05\\\/rosa-gonzalez.png\",\"caption\":\"Rosa Gonz\u00e1lez\"},\"description\":\"Abogada, departamento jur\u00eddico-legal\"}]}<\/script>\n<!-- \/ Yoast SEO plugin. -->","yoast_head_json":{"title":"Autorizaci\u00f3n de residencia temporal y trabajo por cuenta propia","description":"\u00bfEres aut\u00f3nomo\/a? Te contamos todo sobre la autorizaci\u00f3n de residencia temporal y trabajo por cuenta propia","robots":{"index":"index","follow":"follow","max-snippet":"max-snippet:-1","max-image-preview":"max-image-preview:large","max-video-preview":"max-video-preview:-1"},"canonical":"https:\/\/tugesto.com\/blog\/todo-sobre-la-autorizacion-de-residencia-temporal-y-trabajo-por-cuenta-propia\/","og_locale":"es_ES","og_type":"article","og_title":"Autorizaci\u00f3n de residencia temporal y trabajo por cuenta propia","og_description":"\u00bfEres aut\u00f3nomo\/a? Te contamos todo sobre la autorizaci\u00f3n de residencia temporal y trabajo por cuenta propia","og_url":"https:\/\/tugesto.com\/blog\/todo-sobre-la-autorizacion-de-residencia-temporal-y-trabajo-por-cuenta-propia\/","og_site_name":"Blog: \u00a1Aprende a emprender! | tugesto","article_publisher":"https:\/\/www.facebook.com\/tugesto\/","article_published_time":"2024-04-30T11:12:02+00:00","article_modified_time":"2024-06-21T07:48:09+00:00","og_image":[{"width":600,"height":400,"url":"https:\/\/tugesto.com\/blog\/wp-content\/uploads\/2024\/04\/autorizacion-residencia-temporal-trabajo-cuenta-propia-1.jpg","type":"image\/jpeg"}],"author":"Rosa Gonz\u00e1lez","twitter_card":"summary_large_image","twitter_misc":{"Escrito por":"Rosa Gonz\u00e1lez","Tiempo de lectura":"5 minutos"},"schema":{"@context":"https:\/\/schema.org","@graph":[{"@type":"Article","@id":"https:\/\/tugesto.com\/blog\/todo-sobre-la-autorizacion-de-residencia-temporal-y-trabajo-por-cuenta-propia\/#article","isPartOf":{"@id":"https:\/\/tugesto.com\/blog\/todo-sobre-la-autorizacion-de-residencia-temporal-y-trabajo-por-cuenta-propia\/"},"author":{"name":"Rosa Gonz\u00e1lez","@id":"https:\/\/tugesto.com\/blog\/#\/schema\/person\/ac35495ec7b2332a9618c7898ca70db2"},"headline":"Todo sobre la autorizaci\u00f3n de residencia temporal y trabajo por cuenta propia","datePublished":"2024-04-30T11:12:02+00:00","dateModified":"2024-06-21T07:48:09+00:00","mainEntityOfPage":{"@id":"https:\/\/tugesto.com\/blog\/todo-sobre-la-autorizacion-de-residencia-temporal-y-trabajo-por-cuenta-propia\/"},"wordCount":999,"commentCount":0,"publisher":{"@id":"https:\/\/tugesto.com\/blog\/#organization"},"image":{"@id":"https:\/\/tugesto.com\/blog\/todo-sobre-la-autorizacion-de-residencia-temporal-y-trabajo-por-cuenta-propia\/#primaryimage"},"thumbnailUrl":"https:\/\/tugesto.com\/blog\/wp-content\/uploads\/2024\/04\/autorizacion-residencia-temporal-trabajo-cuenta-propia-1.jpg","keywords":["aut\u00f3nomos","pymes"],"articleSection":["Laboral"],"inLanguage":"es","potentialAction":[{"@type":"CommentAction","name":"Comment","target":["https:\/\/tugesto.com\/blog\/todo-sobre-la-autorizacion-de-residencia-temporal-y-trabajo-por-cuenta-propia\/#respond"]}]},{"@type":"WebPage","@id":"https:\/\/tugesto.com\/blog\/todo-sobre-la-autorizacion-de-residencia-temporal-y-trabajo-por-cuenta-propia\/","url":"https:\/\/tugesto.com\/blog\/todo-sobre-la-autorizacion-de-residencia-temporal-y-trabajo-por-cuenta-propia\/","name":"Autorizaci\u00f3n de residencia temporal y trabajo por cuenta propia","isPartOf":{"@id":"https:\/\/tugesto.com\/blog\/#website"},"primaryImageOfPage":{"@id":"https:\/\/tugesto.com\/blog\/todo-sobre-la-autorizacion-de-residencia-temporal-y-trabajo-por-cuenta-propia\/#primaryimage"},"image":{"@id":"https:\/\/tugesto.com\/blog\/todo-sobre-la-autorizacion-de-residencia-temporal-y-trabajo-por-cuenta-propia\/#primaryimage"},"thumbnailUrl":"https:\/\/tugesto.com\/blog\/wp-content\/uploads\/2024\/04\/autorizacion-residencia-temporal-trabajo-cuenta-propia-1.jpg","datePublished":"2024-04-30T11:12:02+00:00","dateModified":"2024-06-21T07:48:09+00:00","description":"\u00bfEres aut\u00f3nomo\/a? Te contamos todo sobre la autorizaci\u00f3n de residencia temporal y trabajo por cuenta propia","breadcrumb":{"@id":"https:\/\/tugesto.com\/blog\/todo-sobre-la-autorizacion-de-residencia-temporal-y-trabajo-por-cuenta-propia\/#breadcrumb"},"inLanguage":"es","potentialAction":[{"@type":"ReadAction","target":["https:\/\/tugesto.com\/blog\/todo-sobre-la-autorizacion-de-residencia-temporal-y-trabajo-por-cuenta-propia\/"]}]},{"@type":"ImageObject","inLanguage":"es","@id":"https:\/\/tugesto.com\/blog\/todo-sobre-la-autorizacion-de-residencia-temporal-y-trabajo-por-cuenta-propia\/#primaryimage","url":"https:\/\/tugesto.com\/blog\/wp-content\/uploads\/2024\/04\/autorizacion-residencia-temporal-trabajo-cuenta-propia-1.jpg","contentUrl":"https:\/\/tugesto.com\/blog\/wp-content\/uploads\/2024\/04\/autorizacion-residencia-temporal-trabajo-cuenta-propia-1.jpg","width":600,"height":400,"caption":"Descubre en este post todo lo relacionado con la autorizaci\u00f3n de residencia y trabajo para los trabajadores aut\u00f3nomos"},{"@type":"BreadcrumbList","@id":"https:\/\/tugesto.com\/blog\/todo-sobre-la-autorizacion-de-residencia-temporal-y-trabajo-por-cuenta-propia\/#breadcrumb","itemListElement":[{"@type":"ListItem","position":1,"name":"Home","item":"https:\/\/tugesto.com\/blog\/"},{"@type":"ListItem","position":2,"name":"Laboral","item":"https:\/\/tugesto.com\/blog\/category\/laboral\/"},{"@type":"ListItem","position":3,"name":"Todo sobre la autorizaci\u00f3n de residencia temporal y trabajo por cuenta propia"}]},{"@type":"WebSite","@id":"https:\/\/tugesto.com\/blog\/#website","url":"https:\/\/tugesto.com\/blog\/","name":"Blog tugesto","description":"\ud83d\udcda Blog especializado para aut\u00f3nomos y pymes. Encuentra semanalmente nuevos posts, recursos y gu\u00edas. La ayuda que necesitas para tu negocio.","publisher":{"@id":"https:\/\/tugesto.com\/blog\/#organization"},"potentialAction":[{"@type":"SearchAction","target":{"@type":"EntryPoint","urlTemplate":"https:\/\/tugesto.com\/blog\/?s={search_term_string}"},"query-input":{"@type":"PropertyValueSpecification","valueRequired":true,"valueName":"search_term_string"}}],"inLanguage":"es"},{"@type":"Organization","@id":"https:\/\/tugesto.com\/blog\/#organization","name":"tugesto","url":"https:\/\/tugesto.com\/blog\/","logo":{"@type":"ImageObject","inLanguage":"es","@id":"https:\/\/tugesto.com\/blog\/#\/schema\/logo\/image\/","url":"https:\/\/tugesto.com\/blog\/wp-content\/uploads\/2019\/06\/logo_tugesto.png","contentUrl":"https:\/\/tugesto.com\/blog\/wp-content\/uploads\/2019\/06\/logo_tugesto.png","width":190,"height":63,"caption":"tugesto"},"image":{"@id":"https:\/\/tugesto.com\/blog\/#\/schema\/logo\/image\/"},"sameAs":["https:\/\/www.facebook.com\/tugesto\/","https:\/\/www.instagram.com\/tugesto_online\/"]},{"@type":"Person","@id":"https:\/\/tugesto.com\/blog\/#\/schema\/person\/ac35495ec7b2332a9618c7898ca70db2","name":"Rosa Gonz\u00e1lez","image":{"@type":"ImageObject","inLanguage":"es","@id":"https:\/\/tugesto.com\/blog\/wp-content\/uploads\/2024\/05\/rosa-gonzalez.png0ece644c332d38b899bac1149cf9912a","url":"https:\/\/tugesto.com\/blog\/wp-content\/uploads\/2024\/05\/rosa-gonzalez.png","contentUrl":"https:\/\/tugesto.com\/blog\/wp-content\/uploads\/2024\/05\/rosa-gonzalez.png","caption":"Rosa Gonz\u00e1lez"},"description":"Abogada, departamento jur\u00eddico-legal"}]}},"authors":[{"term_id":1501,"user_id":15,"is_guest":0,"slug":"rosa-gonzalez","display_name":"Rosa Gonz\u00e1lez","avatar_url":{"url":"https:\/\/tugesto.com\/blog\/wp-content\/uploads\/2024\/05\/rosa-gonzalez.png","url2x":"https:\/\/tugesto.com\/blog\/wp-content\/uploads\/2024\/05\/rosa-gonzalez.png"},"0":null,"1":"","2":"","3":"","4":"","5":"","6":"","7":"","8":""}],"_links":{"self":[{"href":"https:\/\/tugesto.com\/blog\/wp-json\/wp\/v2\/posts\/37286","targetHints":{"allow":["GET"]}}],"collection":[{"href":"https:\/\/tugesto.com\/blog\/wp-json\/wp\/v2\/posts"}],"about":[{"href":"https:\/\/tugesto.com\/blog\/wp-json\/wp\/v2\/types\/post"}],"author":[{"embeddable":true,"href":"https:\/\/tugesto.com\/blog\/wp-json\/wp\/v2\/users\/15"}],"replies":[{"embeddable":true,"href":"https:\/\/tugesto.com\/blog\/wp-json\/wp\/v2\/comments?post=37286"}],"version-history":[{"count":34,"href":"https:\/\/tugesto.com\/blog\/wp-json\/wp\/v2\/posts\/37286\/revisions"}],"predecessor-version":[{"id":37542,"href":"https:\/\/tugesto.com\/blog\/wp-json\/wp\/v2\/posts\/37286\/revisions\/37542"}],"wp:featuredmedia":[{"embeddable":true,"href":"https:\/\/tugesto.com\/blog\/wp-json\/wp\/v2\/media\/37310"}],"wp:attachment":[{"href":"https:\/\/tugesto.com\/blog\/wp-json\/wp\/v2\/media?parent=37286"}],"wp:term":[{"taxonomy":"category","embeddable":true,"href":"https:\/\/tugesto.com\/blog\/wp-json\/wp\/v2\/categories?post=37286"},{"taxonomy":"post_tag","embeddable":true,"href":"https:\/\/tugesto.com\/blog\/wp-json\/wp\/v2\/tags?post=37286"},{"taxonomy":"author","embeddable":true,"href":"https:\/\/tugesto.com\/blog\/wp-json\/wp\/v2\/ppma_author?post=37286"}],"curies":[{"name":"wp","href":"https:\/\/api.w.org\/{rel}","templated":true}]}}