{"id":36690,"date":"2024-03-12T09:23:51","date_gmt":"2024-03-12T08:23:51","guid":{"rendered":"https:\/\/tugesto.com\/blog\/?p=36690"},"modified":"2024-05-16T11:42:26","modified_gmt":"2024-05-16T09:42:26","slug":"8-marzo-origen-dia-mujer","status":"publish","type":"post","link":"https:\/\/tugesto.com\/blog\/8-marzo-origen-dia-mujer\/","title":{"rendered":"8 de marzo: origen del d\u00eda de la mujer"},"content":{"rendered":"\t\t<div data-elementor-type=\"wp-post\" data-elementor-id=\"36690\" class=\"elementor elementor-36690\" data-elementor-post-type=\"post\">\n\t\t\t\t\t\t<section class=\"elementor-section elementor-top-section elementor-element elementor-element-b56915a elementor-section-boxed elementor-section-height-default elementor-section-height-default\" data-id=\"b56915a\" data-element_type=\"section\">\n\t\t\t\t\t\t<div class=\"elementor-container elementor-column-gap-default\">\n\t\t\t\t\t<div class=\"elementor-column elementor-col-100 elementor-top-column elementor-element elementor-element-7713193\" data-id=\"7713193\" data-element_type=\"column\">\n\t\t\t<div class=\"elementor-widget-wrap elementor-element-populated\">\n\t\t\t\t\t\t<div class=\"elementor-element elementor-element-996f050 elementor-widget elementor-widget-text-editor\" data-id=\"996f050\" data-element_type=\"widget\" data-widget_type=\"text-editor.default\">\n\t\t\t\t<div class=\"elementor-widget-container\">\n\t\t\t\t\t\t\t\t\t<p><span style=\"color: #4c4f54;\">Desde hace m\u00e1s de 100 a\u00f1os, el d\u00eda 8 de marzo, origen del d\u00eda de la mujer, es el d\u00eda en el que se conmemoran los derechos conquistados por las mujeres en todos los \u00e1mbitos y la historia de luchas y <b>sacrificios <\/b>que han llevado a cabo para lograrlos. A d\u00eda de hoy, durante este d\u00eda, se organizan en distintos puntos del mundo diferentes manifestaciones en todo el mundo para denunciar que a\u00fan queda camino por recorrer hasta alcanzar la deseada igualdad real y efectivas entre hombres y mujeres.<\/span><\/p><p><span style=\"color: #4c4f54;\">Generalmente, los reclamos se suelen centrar en la equidad laboral y salarial entre ambos sexos, as\u00ed como el rechazo a la violencia de g\u00e9nero y necesidad de que existan m\u00e1s pol\u00edticas para frenarla. Es decir, se persigue un empoderamiento absoluto por parte de las mujeres en el panorama de la sociedad de hoy. En este art\u00edculo de<\/span>\u00a0<a href=\"https:\/\/tugesto.com\/\" target=\"_blank\" rel=\"noopener\">tugesto<\/a>\u00a0<span style=\"color: #4c4f54;\">recogemos toda la informaci\u00f3n.<\/span><\/p><p><span style=\"color: #4c4f54;\">Una vez se han esclarecido cu\u00e1les son los motivos que impulsan que se lleve a cabo este d\u00eda, es el momento de enfocarse en el porqu\u00e9 del <b>8 de marzo<\/b>. Para ello, deberemos basarnos en la historia para determinar cu\u00e1les fueron los momentos clave.<\/span><\/p>\t\t\t\t\t\t\t\t<\/div>\n\t\t\t\t<\/div>\n\t\t\t\t\t<\/div>\n\t\t<\/div>\n\t\t\t\t\t<\/div>\n\t\t<\/section>\n\t\t\t\t<section class=\"elementor-section elementor-top-section elementor-element elementor-element-f8e227d elementor-section-boxed elementor-section-height-default elementor-section-height-default\" data-id=\"f8e227d\" data-element_type=\"section\">\n\t\t\t\t\t\t<div class=\"elementor-container elementor-column-gap-default\">\n\t\t\t\t\t<div class=\"elementor-column elementor-col-100 elementor-top-column elementor-element elementor-element-79cc801\" data-id=\"79cc801\" data-element_type=\"column\">\n\t\t\t<div class=\"elementor-widget-wrap elementor-element-populated\">\n\t\t\t\t\t\t<div class=\"elementor-element elementor-element-5a0c87d elementor-widget elementor-widget-heading\" data-id=\"5a0c87d\" data-element_type=\"widget\" data-widget_type=\"heading.default\">\n\t\t\t\t<div class=\"elementor-widget-container\">\n\t\t\t\t\t<h2 class=\"elementor-heading-title elementor-size-default\">Estas son las fechas clave de la lucha feminista que llev\u00f3 al 8M<\/h2>\t\t\t\t<\/div>\n\t\t\t\t<\/div>\n\t\t\t\t\t<\/div>\n\t\t<\/div>\n\t\t\t\t\t<\/div>\n\t\t<\/section>\n\t\t\t\t<section class=\"elementor-section elementor-top-section elementor-element elementor-element-a95e745 elementor-section-boxed elementor-section-height-default elementor-section-height-default\" data-id=\"a95e745\" data-element_type=\"section\">\n\t\t\t\t\t\t<div class=\"elementor-container elementor-column-gap-default\">\n\t\t\t\t\t<div class=\"elementor-column elementor-col-100 elementor-top-column elementor-element elementor-element-20424f8\" data-id=\"20424f8\" data-element_type=\"column\">\n\t\t\t<div class=\"elementor-widget-wrap elementor-element-populated\">\n\t\t\t\t\t\t<div class=\"elementor-element elementor-element-974fcc1 elementor-widget elementor-widget-text-editor\" data-id=\"974fcc1\" data-element_type=\"widget\" data-widget_type=\"text-editor.default\">\n\t\t\t\t<div class=\"elementor-widget-container\">\n\t\t\t\t\t\t\t\t\t<p><span style=\"color: #4c4f54;\">Dentro de la <strong>Revoluci\u00f3n Industrial en marzo del a\u00f1o 1857<\/strong>, las mujeres trabajadoras en una f\u00e1brica textil de la ciudad de Nueva York, salieron a protestar a las calles en manadas por las condiciones de trabajo que estaban padeciendo. A pesar de que en realidad la precariedad laboral era un hecho para todos los trabajadores, la realidad es que el sector femenino padec\u00eda especialmente estas dur\u00edsimas condiciones de trabajo. Los salarios eran menos de la mitad que los de los hombres, \u00fanicamente por el hecho de ser mujeres.<\/span><\/p><p><span style=\"color: #4c4f54;\">Las protestas derivaron con <strong>la intervenci\u00f3n violenta<\/strong> de la polic\u00eda contra ellas, sentando las bases con ello como el primer precedente de una repercusi\u00f3n mundial. En el a\u00f1o 1907 se celebr\u00f3 la primera conferencia Internacional de Mujeres Socialistas en Stuttgart, en Alemania. Fue liderada por Clara Zetkin y all\u00ed se fund\u00f3 la Internacional Socialista de Mujeres, que persegu\u00eda el objetivo primordial del sufragio femenino.<\/span><\/p>\t\t\t\t\t\t\t\t<\/div>\n\t\t\t\t<\/div>\n\t\t\t\t\t<\/div>\n\t\t<\/div>\n\t\t\t\t\t<\/div>\n\t\t<\/section>\n\t\t\t\t<section class=\"elementor-section elementor-top-section elementor-element elementor-element-0832852 elementor-section-boxed elementor-section-height-default elementor-section-height-default\" data-id=\"0832852\" data-element_type=\"section\">\n\t\t\t\t\t\t<div class=\"elementor-container elementor-column-gap-default\">\n\t\t\t\t\t<div class=\"elementor-column elementor-col-100 elementor-top-column elementor-element elementor-element-b482f33\" data-id=\"b482f33\" data-element_type=\"column\">\n\t\t\t<div class=\"elementor-widget-wrap elementor-element-populated\">\n\t\t\t\t\t\t<div class=\"elementor-element elementor-element-d10996d elementor-widget elementor-widget-heading\" data-id=\"d10996d\" data-element_type=\"widget\" data-widget_type=\"heading.default\">\n\t\t\t\t<div class=\"elementor-widget-container\">\n\t\t\t\t\t<h2 class=\"elementor-heading-title elementor-size-default\">\u00bfCu\u00e1ndo fue el primer d\u00eda Internacional de la Mujer?<\/h2>\t\t\t\t<\/div>\n\t\t\t\t<\/div>\n\t\t\t\t\t<\/div>\n\t\t<\/div>\n\t\t\t\t\t<\/div>\n\t\t<\/section>\n\t\t\t\t<section class=\"elementor-section elementor-top-section elementor-element elementor-element-15b441b elementor-section-boxed elementor-section-height-default elementor-section-height-default\" data-id=\"15b441b\" data-element_type=\"section\">\n\t\t\t\t\t\t<div class=\"elementor-container elementor-column-gap-default\">\n\t\t\t\t\t<div class=\"elementor-column elementor-col-100 elementor-top-column elementor-element elementor-element-12fc045\" data-id=\"12fc045\" data-element_type=\"column\">\n\t\t\t<div class=\"elementor-widget-wrap elementor-element-populated\">\n\t\t\t\t\t\t<div class=\"elementor-element elementor-element-08d5cb2 elementor-widget elementor-widget-text-editor\" data-id=\"08d5cb2\" data-element_type=\"widget\" data-widget_type=\"text-editor.default\">\n\t\t\t\t<div class=\"elementor-widget-container\">\n\t\t\t\t\t\t\t\t\t<p><span style=\"color: #4c4f54;\">Para demostrar que se apoyaba la huelga que llevaron a cabo las trabajadoras textiles en Nueva york en el a\u00f1o 1908, que pasar\u00eda a la historia como una de las m\u00e1s multitudinarias, en 1909, una organizaci\u00f3n de Mujeres Socialistas celebr\u00f3 en Estados Unidos el primer D\u00eda Internacional de la Mujer. A pesar de que \u00fanicamente tuvo seguimiento en Nueva york y en Chicago, lo cierto es que alrededor de <strong>15.000 mujeres<\/strong> fueron quienes participaron en la marcha que recorri\u00f3 toda la ciudad neoyorkina.<\/span><\/p><p><span style=\"color: #4c4f54;\">En <strong>1910<\/strong> tuvo lugar el segundo encuentro Internacional Socialista de Mujeres en Copenhague, Dinamarca. En este caso, se concret\u00f3 el hecho de fijar un d\u00eda exacto y simb\u00f3lico cercano al 8 de marzo para que sirviese como reivindicaci\u00f3n de los derechos de todas las mujeres, especialmente el derecho a votar.<\/span><\/p><p><span style=\"color: #4c4f54;\">El a\u00f1o siguiente, fue celebrado el primer D\u00eda Internacional de la Mujer el 19 de marzo en pa\u00edses como <strong>Suiza, Dinamarca o Alemania<\/strong>. Los conflictos del Siglo XX contribuyeron a afianzar el papel de la mujer y los siguientes a\u00f1os, gran cantidad de organizaciones de mujeres de otros pa\u00edses se unieron a las reivindicaciones que se desarrollaron en marzo. Fue en 1975n cuando la ONU reconoc\u00eda el d\u00eda oficialmente.<\/span><\/p><p><span style=\"color: #4c4f54;\">Si bien no es f\u00e1cil fijar un solo acontecimiento como la raz\u00f3n por la que se eligi\u00f3 el 8 de marzo, se entiende este d\u00eda como una lucha en conjunto, un esfuerzo prolongado en el tiempo. De esta manera, se entiende c\u00f3mo cada generaci\u00f3n ha heredado el deber de luchar por los derechos y las generaciones del futuro.<\/span><\/p>\t\t\t\t\t\t\t\t<\/div>\n\t\t\t\t<\/div>\n\t\t\t\t\t<\/div>\n\t\t<\/div>\n\t\t\t\t\t<\/div>\n\t\t<\/section>\n\t\t\t\t<section class=\"elementor-section elementor-top-section elementor-element elementor-element-d92bac9 elementor-section-boxed elementor-section-height-default elementor-section-height-default\" data-id=\"d92bac9\" data-element_type=\"section\">\n\t\t\t\t\t\t<div class=\"elementor-container elementor-column-gap-default\">\n\t\t\t\t\t<div class=\"elementor-column elementor-col-100 elementor-top-column elementor-element elementor-element-0bf2066\" data-id=\"0bf2066\" data-element_type=\"column\">\n\t\t\t<div class=\"elementor-widget-wrap elementor-element-populated\">\n\t\t\t\t\t\t<div class=\"elementor-element elementor-element-976c6c8 elementor-widget elementor-widget-heading\" data-id=\"976c6c8\" data-element_type=\"widget\" data-widget_type=\"heading.default\">\n\t\t\t\t<div class=\"elementor-widget-container\">\n\t\t\t\t\t<h2 class=\"elementor-heading-title elementor-size-default\">\u00bfCu\u00e1l es el origen del 8M en Espa\u00f1a?<\/h2>\t\t\t\t<\/div>\n\t\t\t\t<\/div>\n\t\t\t\t\t<\/div>\n\t\t<\/div>\n\t\t\t\t\t<\/div>\n\t\t<\/section>\n\t\t\t\t<section class=\"elementor-section elementor-top-section elementor-element elementor-element-9babdc7 elementor-section-boxed elementor-section-height-default elementor-section-height-default\" data-id=\"9babdc7\" data-element_type=\"section\">\n\t\t\t\t\t\t<div class=\"elementor-container elementor-column-gap-default\">\n\t\t\t\t\t<div class=\"elementor-column elementor-col-100 elementor-top-column elementor-element elementor-element-72884df\" data-id=\"72884df\" data-element_type=\"column\">\n\t\t\t<div class=\"elementor-widget-wrap elementor-element-populated\">\n\t\t\t\t\t\t<div class=\"elementor-element elementor-element-f241e5d elementor-widget elementor-widget-text-editor\" data-id=\"f241e5d\" data-element_type=\"widget\" data-widget_type=\"text-editor.default\">\n\t\t\t\t<div class=\"elementor-widget-container\">\n\t\t\t\t\t\t\t\t\t<p><span style=\"color: #4c4f54;\">En nuestro pa\u00eds, el a\u00f1o clave fue 1978, con la primera manifestaci\u00f3n en el pa\u00eds con motivo del D\u00eda de la Mujer Trabajadora. El lema fue <strong>\u201cPor un puesto de trabajo sin discriminaci\u00f3n\u201d<\/strong> y la plataforma de organizaciones feministas de Madrid, exigi\u00f3 igualdad salarial, as\u00ed como acceso a las categor\u00edas profesionales y formativas y erradicaci\u00f3n de la discriminaci\u00f3n laboral.<\/span><\/p><p><span style=\"color: #4c4f54;\">Las mujeres lucharon contra el desempleo y se opusieron al trabajo eventual, con fen\u00f3menos que afectaron notablemente al sector de la poblaci\u00f3n. En 1978, la tasa de actividad de las mujeres se situaba en un 28%, compar\u00e1ndola con un 75% en el caso de los hombres, siempre seg\u00fan los datos del INE.<\/span><\/p><p><span style=\"color: #4c4f54;\">A pesar de ello, <strong>el 52% de la poblaci\u00f3n en Espa\u00f1a eran mujeres<\/strong>, con 9 millones de ellas dedicadas a la casa, 300.000 en servicio dom\u00e9stico y alrededor de 1 mill\u00f3n en agricultura. \u00danicamente encontr\u00e1bamos un 11% de las mujeres casadas que trabajaban fuera del hogar, por lo que la desigualdad era evidente.<\/span><\/p><p><span style=\"color: #4c4f54;\">Botes de humo y pelotas de goma fueron los mecanismos que emple\u00f3 la polic\u00eda para disolver la manifestaci\u00f3n. Sin embargo, la resistencia policial y la tensi\u00f3n no fueron suficiente para paliar el deseo creciente de las mujeres espa\u00f1olas por luchar por los derechos.<\/span><\/p><p><span style=\"color: #4c4f54;\">Durante estos primeros a\u00f1os se consiguieron cambios importantes en la sociedad espa\u00f1ola mediante la <strong>despenalizaci\u00f3n del aborto<\/strong>, legalizaci\u00f3n de anticonceptivos o el divorcio. La instauraci\u00f3n de los primeros gobiernos democr\u00e1ticos lleg\u00f3 con las primeras victorias institucionales.<\/span><\/p><p><span style=\"color: #4c4f54;\">La m\u00e1s destacada fue la creaci\u00f3n del Instituto de la Mujer a trav\u00e9s de la Ley 16\/1983, gracias a la percepci\u00f3n renovada a nivel pol\u00edtico y las demandas constantes expresadas pro colectivos durante la \u00e9poca de la transici\u00f3n.<\/span><\/p><p><span style=\"color: #4c4f54;\">Situ\u00e1ndonos en los a\u00f1os 90 y 2000, las manifestaciones se centraron en los malos tratos y la violencia. La implementaci\u00f3n de la<\/span>\u00a0<a href=\"https:\/\/www.boe.es\/buscar\/act.php?id=BOE-A-2004-21760\" target=\"_blank\" rel=\"noopener\">Ley Integral contra la Violencia de G\u00e9nero<\/a>\u00a0<span style=\"color: #4c4f54;\">y un pacto de Estado, sirvi\u00f3 para que la sociedad espa\u00f1ola se movilizase en una lucha constante.<\/span><\/p><p><span style=\"color: #4c4f54;\">La <b>legislaci\u00f3n <\/b>abarc\u00f3 la ampliaci\u00f3n de tipos penales y extensi\u00f3n de la cobertura penal, asistencia social y jur\u00eddica, as\u00ed como tutela institucional y judicial, por ejemplo. Su objetivo central se basaba en la protecci\u00f3n a las v\u00edctimas, persiguiendo la alteraci\u00f3n de la percepci\u00f3n social de la violencia por razones de g\u00e9nero.<\/span><\/p><p><span style=\"color: #4c4f54;\">Desde los a\u00f1os 2000 hasta 2016, las protestas del 8M en Madrid contaron con una participaci\u00f3n que oscil\u00f3 entre las 800 personas en el a\u00f1o menos concurrido y 9.000 en el que m\u00e1s. 2017 fue el a\u00f1o en el que todo cambi\u00f3, con una participaci\u00f3n de hasta 40.000 personas, 8 veces m\u00e1s que el a\u00f1o anterior.<\/span><\/p>\t\t\t\t\t\t\t\t<\/div>\n\t\t\t\t<\/div>\n\t\t\t\t\t<\/div>\n\t\t<\/div>\n\t\t\t\t\t<\/div>\n\t\t<\/section>\n\t\t\t\t<section class=\"elementor-section elementor-top-section elementor-element elementor-element-5aca581 elementor-section-boxed elementor-section-height-default elementor-section-height-default\" data-id=\"5aca581\" data-element_type=\"section\">\n\t\t\t\t\t\t<div class=\"elementor-container elementor-column-gap-default\">\n\t\t\t\t\t<div class=\"elementor-column elementor-col-100 elementor-top-column elementor-element elementor-element-ff2fe67\" data-id=\"ff2fe67\" data-element_type=\"column\">\n\t\t\t<div class=\"elementor-widget-wrap elementor-element-populated\">\n\t\t\t\t\t\t<div class=\"elementor-element elementor-element-447e9fc elementor-widget elementor-widget-heading\" data-id=\"447e9fc\" data-element_type=\"widget\" data-widget_type=\"heading.default\">\n\t\t\t\t<div class=\"elementor-widget-container\">\n\t\t\t\t\t<h2 class=\"elementor-heading-title elementor-size-default\">El caso de La Manada fue clave para el 8M en Espa\u00f1a<\/h2>\t\t\t\t<\/div>\n\t\t\t\t<\/div>\n\t\t\t\t\t<\/div>\n\t\t<\/div>\n\t\t\t\t\t<\/div>\n\t\t<\/section>\n\t\t\t\t<section class=\"elementor-section elementor-top-section elementor-element elementor-element-3a665b3 elementor-section-boxed elementor-section-height-default elementor-section-height-default\" data-id=\"3a665b3\" data-element_type=\"section\">\n\t\t\t\t\t\t<div class=\"elementor-container elementor-column-gap-default\">\n\t\t\t\t\t<div class=\"elementor-column elementor-col-100 elementor-top-column elementor-element elementor-element-76447fa\" data-id=\"76447fa\" data-element_type=\"column\">\n\t\t\t<div class=\"elementor-widget-wrap elementor-element-populated\">\n\t\t\t\t\t\t<div class=\"elementor-element elementor-element-18b2442 elementor-widget elementor-widget-text-editor\" data-id=\"18b2442\" data-element_type=\"widget\" data-widget_type=\"text-editor.default\">\n\t\t\t\t<div class=\"elementor-widget-container\">\n\t\t\t\t\t\t\t\t\t<p><span style=\"color: #4c4f54;\">En 2018 la participaci\u00f3n fue masiva, ya que coincidi\u00f3 con el caso de La Manada, como s\u00edmbolo de indignaci\u00f3n. La sentencia calific\u00f3 la agresi\u00f3n grupal como abuso sexual y no violaci\u00f3n, por lo que las personas salieron a la calle clamando por el fin de la discriminaci\u00f3n y la violencia hacia las mujeres.<\/span><\/p><p><span style=\"color: #4c4f54;\">En 2019 la asistencia fue decisiva, con <b>175.000 personas participando en las manifestaciones<\/b>. 2018 y 2019 fueron a\u00f1os de huelga de 24 horas, con una participaci\u00f3n de entre 5 y 6 millones de personas cada a\u00f1o.<\/span><\/p>\t\t\t\t\t\t\t\t<\/div>\n\t\t\t\t<\/div>\n\t\t\t\t\t<\/div>\n\t\t<\/div>\n\t\t\t\t\t<\/div>\n\t\t<\/section>\n\t\t\t\t<section class=\"elementor-section elementor-top-section elementor-element elementor-element-595e749 elementor-section-boxed elementor-section-height-default elementor-section-height-default\" data-id=\"595e749\" data-element_type=\"section\">\n\t\t\t\t\t\t<div class=\"elementor-container elementor-column-gap-default\">\n\t\t\t\t\t<div class=\"elementor-column elementor-col-100 elementor-top-column elementor-element elementor-element-177deb9\" data-id=\"177deb9\" data-element_type=\"column\">\n\t\t\t<div class=\"elementor-widget-wrap elementor-element-populated\">\n\t\t\t\t\t\t<div class=\"elementor-element elementor-element-294228c elementor-widget elementor-widget-heading\" data-id=\"294228c\" data-element_type=\"widget\" data-widget_type=\"heading.default\">\n\t\t\t\t<div class=\"elementor-widget-container\">\n\t\t\t\t\t<h2 class=\"elementor-heading-title elementor-size-default\">\u00bfPor qu\u00e9 es importante el 8M?<\/h2>\t\t\t\t<\/div>\n\t\t\t\t<\/div>\n\t\t\t\t\t<\/div>\n\t\t<\/div>\n\t\t\t\t\t<\/div>\n\t\t<\/section>\n\t\t\t\t<section class=\"elementor-section elementor-top-section elementor-element elementor-element-e2ec496 elementor-section-boxed elementor-section-height-default elementor-section-height-default\" data-id=\"e2ec496\" data-element_type=\"section\">\n\t\t\t\t\t\t<div class=\"elementor-container elementor-column-gap-default\">\n\t\t\t\t\t<div class=\"elementor-column elementor-col-100 elementor-top-column elementor-element elementor-element-cd8546c\" data-id=\"cd8546c\" data-element_type=\"column\">\n\t\t\t<div class=\"elementor-widget-wrap elementor-element-populated\">\n\t\t\t\t\t\t<div class=\"elementor-element elementor-element-fbab946 elementor-widget elementor-widget-text-editor\" data-id=\"fbab946\" data-element_type=\"widget\" data-widget_type=\"text-editor.default\">\n\t\t\t\t<div class=\"elementor-widget-container\">\n\t\t\t\t\t\t\t\t\t<p><span style=\"color: #4c4f54;\">Este d\u00eda es una nueva oportunidad para recordarnos que la igualdad de g\u00e9nero es un imperativo moral, social y de cumplimiento con los derechos humanos. Sirve tambi\u00e9n paras rendir homenaje a las mujeres que lideraron y lideran a d\u00eda de hoy la lucha por la igualdad, as\u00ed como s\u00edmbolo de inspiraci\u00f3n para generaciones venideras.<\/span><\/p><p><span style=\"color: #4c4f54;\">Discriminaci\u00f3n laboral o violencia machista son algunos de los desaf\u00edos a los que nos enfrentamos como sociedad actualmente. Necesitan atenci\u00f3n y acci\u00f3n colectiva<b> hacia las mujeres, mujeres lesbianas y tambi\u00e9n trans<\/b>, que ven la discriminaci\u00f3n y la violencia tambi\u00e9n muy agudizada.<\/span><\/p>\t\t\t\t\t\t\t\t<\/div>\n\t\t\t\t<\/div>\n\t\t\t\t\t<\/div>\n\t\t<\/div>\n\t\t\t\t\t<\/div>\n\t\t<\/section>\n\t\t\t\t<section class=\"elementor-section elementor-top-section elementor-element elementor-element-7bee27a elementor-section-boxed elementor-section-height-default elementor-section-height-default\" data-id=\"7bee27a\" data-element_type=\"section\">\n\t\t\t\t\t\t<div class=\"elementor-container elementor-column-gap-default\">\n\t\t\t\t\t<div class=\"elementor-column elementor-col-100 elementor-top-column elementor-element elementor-element-6443969\" data-id=\"6443969\" data-element_type=\"column\">\n\t\t\t<div class=\"elementor-widget-wrap elementor-element-populated\">\n\t\t\t\t\t\t<div class=\"elementor-element elementor-element-617eb2f elementor-widget elementor-widget-image\" data-id=\"617eb2f\" data-element_type=\"widget\" data-widget_type=\"image.default\">\n\t\t\t\t<div class=\"elementor-widget-container\">\n\t\t\t\t\t\t\t\t\t\t\t\t\t\t\t\t<a href=\"http:\/\/www.tugesto.com\" target=\"_blank\">\n\t\t\t\t\t\t\t<img fetchpriority=\"high\" decoding=\"async\" width=\"800\" height=\"480\" src=\"https:\/\/tugesto.com\/blog\/wp-content\/uploads\/2018\/10\/contabilidad_fiscal-tarifas_tugesto.gif\" class=\"attachment-large size-large wp-image-8658\" alt=\"Tarifa plana de contabilidad y fiscal\" \/>\t\t\t\t\t\t\t\t<\/a>\n\t\t\t\t\t\t\t\t\t\t\t\t\t\t\t<\/div>\n\t\t\t\t<\/div>\n\t\t\t\t\t<\/div>\n\t\t<\/div>\n\t\t\t\t\t<\/div>\n\t\t<\/section>\n\t\t\t\t<\/div>\n\t\t","protected":false},"excerpt":{"rendered":"<p>Desde hace m\u00e1s de 100 a\u00f1os, el d\u00eda 8 de marzo, origen del d\u00eda de la mujer, es el d\u00eda en el que se conmemoran los derechos conquistados por las mujeres en todos los \u00e1mbitos y la historia de luchas y sacrificios que han llevado a cabo para lograrlos. A d\u00eda de hoy, durante este [&hellip;]<\/p>\n","protected":false},"author":6,"featured_media":36697,"comment_status":"open","ping_status":"open","sticky":false,"template":"","format":"standard","meta":{"_eb_attr":"","content-type":"","footnotes":""},"categories":[45],"tags":[36,38],"ppma_author":[1492],"class_list":["post-36690","post","type-post","status-publish","format-standard","has-post-thumbnail","hentry","category-laboral","tag-autonomos","tag-pymes"],"yoast_head":"<!-- This site is optimized with the Yoast SEO plugin v26.8 - https:\/\/yoast.com\/product\/yoast-seo-wordpress\/ -->\n<title>8 de marzo: origen del d\u00eda de la mujer | tugesto<\/title>\n<meta name=\"description\" content=\"Te contamos todo sobre el 8 de marzo: origen del d\u00eda de la mujer trabajadora, curiosidades y datos de inter\u00e9s\" \/>\n<meta name=\"robots\" content=\"index, follow, max-snippet:-1, max-image-preview:large, max-video-preview:-1\" \/>\n<link rel=\"canonical\" href=\"https:\/\/tugesto.com\/blog\/8-marzo-origen-dia-mujer\/\" \/>\n<meta property=\"og:locale\" content=\"es_ES\" \/>\n<meta property=\"og:type\" content=\"article\" \/>\n<meta property=\"og:title\" content=\"8 de marzo: origen del d\u00eda de la mujer | tugesto\" \/>\n<meta property=\"og:description\" content=\"Te contamos todo sobre el 8 de marzo: origen del d\u00eda de la mujer trabajadora, curiosidades y datos de inter\u00e9s\" \/>\n<meta property=\"og:url\" content=\"https:\/\/tugesto.com\/blog\/8-marzo-origen-dia-mujer\/\" \/>\n<meta property=\"og:site_name\" content=\"Blog: \u00a1Aprende a emprender! | tugesto\" \/>\n<meta property=\"article:publisher\" content=\"https:\/\/www.facebook.com\/tugesto\/\" \/>\n<meta property=\"article:published_time\" content=\"2024-03-12T08:23:51+00:00\" \/>\n<meta property=\"article:modified_time\" content=\"2024-05-16T09:42:26+00:00\" \/>\n<meta property=\"og:image\" content=\"https:\/\/tugesto.com\/blog\/wp-content\/uploads\/2024\/03\/8-marzo-origen-dia-mujer.jpg\" \/>\n\t<meta property=\"og:image:width\" content=\"600\" \/>\n\t<meta property=\"og:image:height\" content=\"400\" \/>\n\t<meta property=\"og:image:type\" content=\"image\/jpeg\" \/>\n<meta name=\"author\" content=\"Pilar Ma\u00f1es\" \/>\n<meta name=\"twitter:card\" content=\"summary_large_image\" \/>\n<meta name=\"twitter:label1\" content=\"Escrito por\" \/>\n\t<meta name=\"twitter:data1\" content=\"Pilar Ma\u00f1es\" \/>\n\t<meta name=\"twitter:label2\" content=\"Tiempo de lectura\" \/>\n\t<meta name=\"twitter:data2\" content=\"7 minutos\" \/>\n<script type=\"application\/ld+json\" class=\"yoast-schema-graph\">{\"@context\":\"https:\/\/schema.org\",\"@graph\":[{\"@type\":\"Article\",\"@id\":\"https:\/\/tugesto.com\/blog\/8-marzo-origen-dia-mujer\/#article\",\"isPartOf\":{\"@id\":\"https:\/\/tugesto.com\/blog\/8-marzo-origen-dia-mujer\/\"},\"author\":{\"name\":\"Pilar Ma\u00f1es\",\"@id\":\"https:\/\/tugesto.com\/blog\/#\/schema\/person\/2fa8e07511841ac8faf1e197d136c5cc\"},\"headline\":\"8 de marzo: origen del d\u00eda de la mujer\",\"datePublished\":\"2024-03-12T08:23:51+00:00\",\"dateModified\":\"2024-05-16T09:42:26+00:00\",\"mainEntityOfPage\":{\"@id\":\"https:\/\/tugesto.com\/blog\/8-marzo-origen-dia-mujer\/\"},\"wordCount\":1372,\"commentCount\":0,\"publisher\":{\"@id\":\"https:\/\/tugesto.com\/blog\/#organization\"},\"image\":{\"@id\":\"https:\/\/tugesto.com\/blog\/8-marzo-origen-dia-mujer\/#primaryimage\"},\"thumbnailUrl\":\"https:\/\/tugesto.com\/blog\/wp-content\/uploads\/2024\/03\/8-marzo-origen-dia-mujer.jpg\",\"keywords\":[\"aut\u00f3nomos\",\"pymes\"],\"articleSection\":[\"Laboral\"],\"inLanguage\":\"es\",\"potentialAction\":[{\"@type\":\"CommentAction\",\"name\":\"Comment\",\"target\":[\"https:\/\/tugesto.com\/blog\/8-marzo-origen-dia-mujer\/#respond\"]}]},{\"@type\":\"WebPage\",\"@id\":\"https:\/\/tugesto.com\/blog\/8-marzo-origen-dia-mujer\/\",\"url\":\"https:\/\/tugesto.com\/blog\/8-marzo-origen-dia-mujer\/\",\"name\":\"8 de marzo: origen del d\u00eda de la mujer | tugesto\",\"isPartOf\":{\"@id\":\"https:\/\/tugesto.com\/blog\/#website\"},\"primaryImageOfPage\":{\"@id\":\"https:\/\/tugesto.com\/blog\/8-marzo-origen-dia-mujer\/#primaryimage\"},\"image\":{\"@id\":\"https:\/\/tugesto.com\/blog\/8-marzo-origen-dia-mujer\/#primaryimage\"},\"thumbnailUrl\":\"https:\/\/tugesto.com\/blog\/wp-content\/uploads\/2024\/03\/8-marzo-origen-dia-mujer.jpg\",\"datePublished\":\"2024-03-12T08:23:51+00:00\",\"dateModified\":\"2024-05-16T09:42:26+00:00\",\"description\":\"Te contamos todo sobre el 8 de marzo: origen del d\u00eda de la mujer trabajadora, curiosidades y datos de inter\u00e9s\",\"breadcrumb\":{\"@id\":\"https:\/\/tugesto.com\/blog\/8-marzo-origen-dia-mujer\/#breadcrumb\"},\"inLanguage\":\"es\",\"potentialAction\":[{\"@type\":\"ReadAction\",\"target\":[\"https:\/\/tugesto.com\/blog\/8-marzo-origen-dia-mujer\/\"]}]},{\"@type\":\"ImageObject\",\"inLanguage\":\"es\",\"@id\":\"https:\/\/tugesto.com\/blog\/8-marzo-origen-dia-mujer\/#primaryimage\",\"url\":\"https:\/\/tugesto.com\/blog\/wp-content\/uploads\/2024\/03\/8-marzo-origen-dia-mujer.jpg\",\"contentUrl\":\"https:\/\/tugesto.com\/blog\/wp-content\/uploads\/2024\/03\/8-marzo-origen-dia-mujer.jpg\",\"width\":600,\"height\":400,\"caption\":\"Te contamos el origen del d\u00eda de la mujer trabajadora y todas las curiosidades al respecto sobre este d\u00eda\"},{\"@type\":\"BreadcrumbList\",\"@id\":\"https:\/\/tugesto.com\/blog\/8-marzo-origen-dia-mujer\/#breadcrumb\",\"itemListElement\":[{\"@type\":\"ListItem\",\"position\":1,\"name\":\"Home\",\"item\":\"https:\/\/tugesto.com\/blog\/\"},{\"@type\":\"ListItem\",\"position\":2,\"name\":\"Laboral\",\"item\":\"https:\/\/tugesto.com\/blog\/category\/laboral\/\"},{\"@type\":\"ListItem\",\"position\":3,\"name\":\"8 de marzo: origen del d\u00eda de la mujer\"}]},{\"@type\":\"WebSite\",\"@id\":\"https:\/\/tugesto.com\/blog\/#website\",\"url\":\"https:\/\/tugesto.com\/blog\/\",\"name\":\"Blog tugesto\",\"description\":\"\ud83d\udcda Blog especializado para aut\u00f3nomos y pymes. Encuentra semanalmente nuevos posts, recursos y gu\u00edas. La ayuda que necesitas para tu negocio.\",\"publisher\":{\"@id\":\"https:\/\/tugesto.com\/blog\/#organization\"},\"potentialAction\":[{\"@type\":\"SearchAction\",\"target\":{\"@type\":\"EntryPoint\",\"urlTemplate\":\"https:\/\/tugesto.com\/blog\/?s={search_term_string}\"},\"query-input\":{\"@type\":\"PropertyValueSpecification\",\"valueRequired\":true,\"valueName\":\"search_term_string\"}}],\"inLanguage\":\"es\"},{\"@type\":\"Organization\",\"@id\":\"https:\/\/tugesto.com\/blog\/#organization\",\"name\":\"tugesto\",\"url\":\"https:\/\/tugesto.com\/blog\/\",\"logo\":{\"@type\":\"ImageObject\",\"inLanguage\":\"es\",\"@id\":\"https:\/\/tugesto.com\/blog\/#\/schema\/logo\/image\/\",\"url\":\"https:\/\/tugesto.com\/blog\/wp-content\/uploads\/2019\/06\/logo_tugesto.png\",\"contentUrl\":\"https:\/\/tugesto.com\/blog\/wp-content\/uploads\/2019\/06\/logo_tugesto.png\",\"width\":190,\"height\":63,\"caption\":\"tugesto\"},\"image\":{\"@id\":\"https:\/\/tugesto.com\/blog\/#\/schema\/logo\/image\/\"},\"sameAs\":[\"https:\/\/www.facebook.com\/tugesto\/\",\"https:\/\/www.instagram.com\/tugesto_online\/\"]},{\"@type\":\"Person\",\"@id\":\"https:\/\/tugesto.com\/blog\/#\/schema\/person\/2fa8e07511841ac8faf1e197d136c5cc\",\"name\":\"Pilar Ma\u00f1es\",\"image\":{\"@type\":\"ImageObject\",\"inLanguage\":\"es\",\"@id\":\"https:\/\/tugesto.com\/blog\/#\/schema\/person\/image\/18b40a4d2cebdace06b7959c1bad725b\",\"url\":\"https:\/\/tugesto.com\/blog\/wp-content\/uploads\/2024\/05\/pilar-manes.jpg\",\"contentUrl\":\"https:\/\/tugesto.com\/blog\/wp-content\/uploads\/2024\/05\/pilar-manes.jpg\",\"caption\":\"Pilar Ma\u00f1es\"},\"description\":\"Responsable dpto. Comunicaci\u00f3n y Marketing\",\"sameAs\":[\"https:\/\/www.linkedin.com\/in\/pilar-ma%C3%B1es\/\"]}]}<\/script>\n<!-- \/ Yoast SEO plugin. -->","yoast_head_json":{"title":"8 de marzo: origen del d\u00eda de la mujer | tugesto","description":"Te contamos todo sobre el 8 de marzo: origen del d\u00eda de la mujer trabajadora, curiosidades y datos de inter\u00e9s","robots":{"index":"index","follow":"follow","max-snippet":"max-snippet:-1","max-image-preview":"max-image-preview:large","max-video-preview":"max-video-preview:-1"},"canonical":"https:\/\/tugesto.com\/blog\/8-marzo-origen-dia-mujer\/","og_locale":"es_ES","og_type":"article","og_title":"8 de marzo: origen del d\u00eda de la mujer | tugesto","og_description":"Te contamos todo sobre el 8 de marzo: origen del d\u00eda de la mujer trabajadora, curiosidades y datos de inter\u00e9s","og_url":"https:\/\/tugesto.com\/blog\/8-marzo-origen-dia-mujer\/","og_site_name":"Blog: \u00a1Aprende a emprender! | tugesto","article_publisher":"https:\/\/www.facebook.com\/tugesto\/","article_published_time":"2024-03-12T08:23:51+00:00","article_modified_time":"2024-05-16T09:42:26+00:00","og_image":[{"width":600,"height":400,"url":"https:\/\/tugesto.com\/blog\/wp-content\/uploads\/2024\/03\/8-marzo-origen-dia-mujer.jpg","type":"image\/jpeg"}],"author":"Pilar Ma\u00f1es","twitter_card":"summary_large_image","twitter_misc":{"Escrito por":"Pilar Ma\u00f1es","Tiempo de lectura":"7 minutos"},"schema":{"@context":"https:\/\/schema.org","@graph":[{"@type":"Article","@id":"https:\/\/tugesto.com\/blog\/8-marzo-origen-dia-mujer\/#article","isPartOf":{"@id":"https:\/\/tugesto.com\/blog\/8-marzo-origen-dia-mujer\/"},"author":{"name":"Pilar Ma\u00f1es","@id":"https:\/\/tugesto.com\/blog\/#\/schema\/person\/2fa8e07511841ac8faf1e197d136c5cc"},"headline":"8 de marzo: origen del d\u00eda de la mujer","datePublished":"2024-03-12T08:23:51+00:00","dateModified":"2024-05-16T09:42:26+00:00","mainEntityOfPage":{"@id":"https:\/\/tugesto.com\/blog\/8-marzo-origen-dia-mujer\/"},"wordCount":1372,"commentCount":0,"publisher":{"@id":"https:\/\/tugesto.com\/blog\/#organization"},"image":{"@id":"https:\/\/tugesto.com\/blog\/8-marzo-origen-dia-mujer\/#primaryimage"},"thumbnailUrl":"https:\/\/tugesto.com\/blog\/wp-content\/uploads\/2024\/03\/8-marzo-origen-dia-mujer.jpg","keywords":["aut\u00f3nomos","pymes"],"articleSection":["Laboral"],"inLanguage":"es","potentialAction":[{"@type":"CommentAction","name":"Comment","target":["https:\/\/tugesto.com\/blog\/8-marzo-origen-dia-mujer\/#respond"]}]},{"@type":"WebPage","@id":"https:\/\/tugesto.com\/blog\/8-marzo-origen-dia-mujer\/","url":"https:\/\/tugesto.com\/blog\/8-marzo-origen-dia-mujer\/","name":"8 de marzo: origen del d\u00eda de la mujer | tugesto","isPartOf":{"@id":"https:\/\/tugesto.com\/blog\/#website"},"primaryImageOfPage":{"@id":"https:\/\/tugesto.com\/blog\/8-marzo-origen-dia-mujer\/#primaryimage"},"image":{"@id":"https:\/\/tugesto.com\/blog\/8-marzo-origen-dia-mujer\/#primaryimage"},"thumbnailUrl":"https:\/\/tugesto.com\/blog\/wp-content\/uploads\/2024\/03\/8-marzo-origen-dia-mujer.jpg","datePublished":"2024-03-12T08:23:51+00:00","dateModified":"2024-05-16T09:42:26+00:00","description":"Te contamos todo sobre el 8 de marzo: origen del d\u00eda de la mujer trabajadora, curiosidades y datos de inter\u00e9s","breadcrumb":{"@id":"https:\/\/tugesto.com\/blog\/8-marzo-origen-dia-mujer\/#breadcrumb"},"inLanguage":"es","potentialAction":[{"@type":"ReadAction","target":["https:\/\/tugesto.com\/blog\/8-marzo-origen-dia-mujer\/"]}]},{"@type":"ImageObject","inLanguage":"es","@id":"https:\/\/tugesto.com\/blog\/8-marzo-origen-dia-mujer\/#primaryimage","url":"https:\/\/tugesto.com\/blog\/wp-content\/uploads\/2024\/03\/8-marzo-origen-dia-mujer.jpg","contentUrl":"https:\/\/tugesto.com\/blog\/wp-content\/uploads\/2024\/03\/8-marzo-origen-dia-mujer.jpg","width":600,"height":400,"caption":"Te contamos el origen del d\u00eda de la mujer trabajadora y todas las curiosidades al respecto sobre este d\u00eda"},{"@type":"BreadcrumbList","@id":"https:\/\/tugesto.com\/blog\/8-marzo-origen-dia-mujer\/#breadcrumb","itemListElement":[{"@type":"ListItem","position":1,"name":"Home","item":"https:\/\/tugesto.com\/blog\/"},{"@type":"ListItem","position":2,"name":"Laboral","item":"https:\/\/tugesto.com\/blog\/category\/laboral\/"},{"@type":"ListItem","position":3,"name":"8 de marzo: origen del d\u00eda de la mujer"}]},{"@type":"WebSite","@id":"https:\/\/tugesto.com\/blog\/#website","url":"https:\/\/tugesto.com\/blog\/","name":"Blog tugesto","description":"\ud83d\udcda Blog especializado para aut\u00f3nomos y pymes. Encuentra semanalmente nuevos posts, recursos y gu\u00edas. La ayuda que necesitas para tu negocio.","publisher":{"@id":"https:\/\/tugesto.com\/blog\/#organization"},"potentialAction":[{"@type":"SearchAction","target":{"@type":"EntryPoint","urlTemplate":"https:\/\/tugesto.com\/blog\/?s={search_term_string}"},"query-input":{"@type":"PropertyValueSpecification","valueRequired":true,"valueName":"search_term_string"}}],"inLanguage":"es"},{"@type":"Organization","@id":"https:\/\/tugesto.com\/blog\/#organization","name":"tugesto","url":"https:\/\/tugesto.com\/blog\/","logo":{"@type":"ImageObject","inLanguage":"es","@id":"https:\/\/tugesto.com\/blog\/#\/schema\/logo\/image\/","url":"https:\/\/tugesto.com\/blog\/wp-content\/uploads\/2019\/06\/logo_tugesto.png","contentUrl":"https:\/\/tugesto.com\/blog\/wp-content\/uploads\/2019\/06\/logo_tugesto.png","width":190,"height":63,"caption":"tugesto"},"image":{"@id":"https:\/\/tugesto.com\/blog\/#\/schema\/logo\/image\/"},"sameAs":["https:\/\/www.facebook.com\/tugesto\/","https:\/\/www.instagram.com\/tugesto_online\/"]},{"@type":"Person","@id":"https:\/\/tugesto.com\/blog\/#\/schema\/person\/2fa8e07511841ac8faf1e197d136c5cc","name":"Pilar Ma\u00f1es","image":{"@type":"ImageObject","inLanguage":"es","@id":"https:\/\/tugesto.com\/blog\/#\/schema\/person\/image\/18b40a4d2cebdace06b7959c1bad725b","url":"https:\/\/tugesto.com\/blog\/wp-content\/uploads\/2024\/05\/pilar-manes.jpg","contentUrl":"https:\/\/tugesto.com\/blog\/wp-content\/uploads\/2024\/05\/pilar-manes.jpg","caption":"Pilar Ma\u00f1es"},"description":"Responsable dpto. Comunicaci\u00f3n y Marketing","sameAs":["https:\/\/www.linkedin.com\/in\/pilar-ma%C3%B1es\/"]}]}},"authors":[{"term_id":1492,"user_id":6,"is_guest":0,"slug":"pilar-manes","display_name":"Pilar Ma\u00f1es","avatar_url":{"url":"https:\/\/tugesto.com\/blog\/wp-content\/uploads\/2024\/05\/pilar-manes.jpg","url2x":"https:\/\/tugesto.com\/blog\/wp-content\/uploads\/2024\/05\/pilar-manes.jpg"},"0":null,"1":"","2":"","3":"","4":"","5":"","6":"","7":"","8":""}],"_links":{"self":[{"href":"https:\/\/tugesto.com\/blog\/wp-json\/wp\/v2\/posts\/36690","targetHints":{"allow":["GET"]}}],"collection":[{"href":"https:\/\/tugesto.com\/blog\/wp-json\/wp\/v2\/posts"}],"about":[{"href":"https:\/\/tugesto.com\/blog\/wp-json\/wp\/v2\/types\/post"}],"author":[{"embeddable":true,"href":"https:\/\/tugesto.com\/blog\/wp-json\/wp\/v2\/users\/6"}],"replies":[{"embeddable":true,"href":"https:\/\/tugesto.com\/blog\/wp-json\/wp\/v2\/comments?post=36690"}],"version-history":[{"count":9,"href":"https:\/\/tugesto.com\/blog\/wp-json\/wp\/v2\/posts\/36690\/revisions"}],"predecessor-version":[{"id":36715,"href":"https:\/\/tugesto.com\/blog\/wp-json\/wp\/v2\/posts\/36690\/revisions\/36715"}],"wp:featuredmedia":[{"embeddable":true,"href":"https:\/\/tugesto.com\/blog\/wp-json\/wp\/v2\/media\/36697"}],"wp:attachment":[{"href":"https:\/\/tugesto.com\/blog\/wp-json\/wp\/v2\/media?parent=36690"}],"wp:term":[{"taxonomy":"category","embeddable":true,"href":"https:\/\/tugesto.com\/blog\/wp-json\/wp\/v2\/categories?post=36690"},{"taxonomy":"post_tag","embeddable":true,"href":"https:\/\/tugesto.com\/blog\/wp-json\/wp\/v2\/tags?post=36690"},{"taxonomy":"author","embeddable":true,"href":"https:\/\/tugesto.com\/blog\/wp-json\/wp\/v2\/ppma_author?post=36690"}],"curies":[{"name":"wp","href":"https:\/\/api.w.org\/{rel}","templated":true}]}}