{"id":36221,"date":"2023-12-15T09:22:15","date_gmt":"2023-12-15T08:22:15","guid":{"rendered":"https:\/\/tugesto.com\/blog\/?p=36221"},"modified":"2024-05-16T11:51:44","modified_gmt":"2024-05-16T09:51:44","slug":"dia-internacional-derechos-animales","status":"publish","type":"post","link":"https:\/\/tugesto.com\/blog\/dia-internacional-derechos-animales\/","title":{"rendered":"10 de diciembre, D\u00eda Internacional de los Derechos Animales"},"content":{"rendered":"\t\t<div data-elementor-type=\"wp-post\" data-elementor-id=\"36221\" class=\"elementor elementor-36221\" data-elementor-post-type=\"post\">\n\t\t\t\t\t\t<section class=\"elementor-section elementor-top-section elementor-element elementor-element-e780406 elementor-section-boxed elementor-section-height-default elementor-section-height-default\" data-id=\"e780406\" data-element_type=\"section\" data-e-type=\"section\">\n\t\t\t\t\t\t<div class=\"elementor-container elementor-column-gap-default\">\n\t\t\t\t\t<div class=\"elementor-column elementor-col-100 elementor-top-column elementor-element elementor-element-620c7d3\" data-id=\"620c7d3\" data-element_type=\"column\" data-e-type=\"column\">\n\t\t\t<div class=\"elementor-widget-wrap elementor-element-populated\">\n\t\t\t\t\t\t<div class=\"elementor-element elementor-element-3331875 elementor-widget elementor-widget-text-editor\" data-id=\"3331875\" data-element_type=\"widget\" data-e-type=\"widget\" data-widget_type=\"text-editor.default\">\n\t\t\t\t<div class=\"elementor-widget-container\">\n\t\t\t\t\t\t\t\t\t<p><span style=\"color: #4c4f54;\">El D\u00eda Internacional de los Derechos de los Animales se celebra el 10 de diciembre con motivo del aniversario de la<\/span> <a href=\"https:\/\/www.un.org\/es\/about-us\/universal-declaration-of-human-rights\" target=\"_blank\" rel=\"noopener\">Declaraci\u00f3n de los Derechos del Hombre por parte de las Naciones Unidas<\/a> <span style=\"color: #4c4f54;\">en 1948, marcando un hito significativo en la concienciaci\u00f3n sobre el bienestar animal. Esta conmemoraci\u00f3n se basa en la Declaraci\u00f3n Universal de los Derechos de los Animales, proclamada por las Naciones Unidas, reconociendo <strong>que los animales merecen una vida en libertad<\/strong>, sin situaciones que les generen dolor o sufrimiento.<\/span><\/p>\t\t\t\t\t\t\t\t<\/div>\n\t\t\t\t<\/div>\n\t\t\t\t\t<\/div>\n\t\t<\/div>\n\t\t\t\t\t<\/div>\n\t\t<\/section>\n\t\t\t\t<section class=\"elementor-section elementor-top-section elementor-element elementor-element-db71894 elementor-section-boxed elementor-section-height-default elementor-section-height-default\" data-id=\"db71894\" data-element_type=\"section\" data-e-type=\"section\">\n\t\t\t\t\t\t<div class=\"elementor-container elementor-column-gap-default\">\n\t\t\t\t\t<div class=\"elementor-column elementor-col-100 elementor-top-column elementor-element elementor-element-9c26c92\" data-id=\"9c26c92\" data-element_type=\"column\" data-e-type=\"column\">\n\t\t\t<div class=\"elementor-widget-wrap elementor-element-populated\">\n\t\t\t\t\t\t<div class=\"elementor-element elementor-element-86ac737 elementor-widget elementor-widget-image\" data-id=\"86ac737\" data-element_type=\"widget\" data-e-type=\"widget\" data-widget_type=\"image.default\">\n\t\t\t\t<div class=\"elementor-widget-container\">\n\t\t\t\t\t\t\t\t\t\t\t\t\t\t\t\t<a href=\"https:\/\/tugesto.com\/\" target=\"_blank\">\n\t\t\t\t\t\t\t<img fetchpriority=\"high\" decoding=\"async\" width=\"800\" height=\"241\" src=\"https:\/\/tugesto.com\/blog\/wp-content\/uploads\/2020\/01\/asesoria_online_tugesto.jpg\" class=\"attachment-large size-large wp-image-14765\" alt=\"Ahorra tiempo y dinero con nuestra gesti\u00f3n online\" srcset=\"https:\/\/tugesto.com\/blog\/wp-content\/uploads\/2020\/01\/asesoria_online_tugesto.jpg 800w, https:\/\/tugesto.com\/blog\/wp-content\/uploads\/2020\/01\/asesoria_online_tugesto-300x90.jpg 300w, https:\/\/tugesto.com\/blog\/wp-content\/uploads\/2020\/01\/asesoria_online_tugesto-768x231.jpg 768w\" sizes=\"(max-width: 800px) 100vw, 800px\" \/>\t\t\t\t\t\t\t\t<\/a>\n\t\t\t\t\t\t\t\t\t\t\t\t\t\t\t<\/div>\n\t\t\t\t<\/div>\n\t\t\t\t\t<\/div>\n\t\t<\/div>\n\t\t\t\t\t<\/div>\n\t\t<\/section>\n\t\t\t\t<section class=\"elementor-section elementor-top-section elementor-element elementor-element-12dbe59 elementor-section-boxed elementor-section-height-default elementor-section-height-default\" data-id=\"12dbe59\" data-element_type=\"section\" data-e-type=\"section\">\n\t\t\t\t\t\t<div class=\"elementor-container elementor-column-gap-default\">\n\t\t\t\t\t<div class=\"elementor-column elementor-col-100 elementor-top-column elementor-element elementor-element-c61c4d0\" data-id=\"c61c4d0\" data-element_type=\"column\" data-e-type=\"column\">\n\t\t\t<div class=\"elementor-widget-wrap elementor-element-populated\">\n\t\t\t\t\t\t<div class=\"elementor-element elementor-element-6e2bece elementor-widget elementor-widget-heading\" data-id=\"6e2bece\" data-element_type=\"widget\" data-e-type=\"widget\" data-widget_type=\"heading.default\">\n\t\t\t\t<div class=\"elementor-widget-container\">\n\t\t\t\t\t<h2 class=\"elementor-heading-title elementor-size-default\">El maltrato animal es una realidad en el mundo<\/h2>\t\t\t\t<\/div>\n\t\t\t\t<\/div>\n\t\t\t\t\t<\/div>\n\t\t<\/div>\n\t\t\t\t\t<\/div>\n\t\t<\/section>\n\t\t\t\t<section class=\"elementor-section elementor-top-section elementor-element elementor-element-618a0cc elementor-section-boxed elementor-section-height-default elementor-section-height-default\" data-id=\"618a0cc\" data-element_type=\"section\" data-e-type=\"section\">\n\t\t\t\t\t\t<div class=\"elementor-container elementor-column-gap-default\">\n\t\t\t\t\t<div class=\"elementor-column elementor-col-100 elementor-top-column elementor-element elementor-element-49d33c4\" data-id=\"49d33c4\" data-element_type=\"column\" data-e-type=\"column\">\n\t\t\t<div class=\"elementor-widget-wrap elementor-element-populated\">\n\t\t\t\t\t\t<div class=\"elementor-element elementor-element-00fd198 elementor-widget elementor-widget-text-editor\" data-id=\"00fd198\" data-element_type=\"widget\" data-e-type=\"widget\" data-widget_type=\"text-editor.default\">\n\t\t\t\t<div class=\"elementor-widget-container\">\n\t\t\t\t\t\t\t\t\t<p><span style=\"color: #4c4f54;\">Este D\u00eda Internacional de los Animales se celebra posteriormente poco despu\u00e9s del D\u00eda Mundial de los Animales que tiene lugar el d\u00eda 4 de octubre.<\/span><\/p><p><span style=\"color: #4c4f54;\">La Declaraci\u00f3n Universal de los Derechos de los Animales establece que los seres humanos deben observar, comprender y respetar la vida de los animales. A pesar de este reconocimiento formal, a\u00fan <strong>persisten numerosas situaciones que implican el desprecio de dichos derechos<\/strong>. El maltrato animal, ya sea en el caso de animales de compa\u00f1\u00eda o en el mundo animal en general, sigue siendo una triste realidad en muchas partes del mundo.<\/span><\/p>\t\t\t\t\t\t\t\t<\/div>\n\t\t\t\t<\/div>\n\t\t\t\t\t<\/div>\n\t\t<\/div>\n\t\t\t\t\t<\/div>\n\t\t<\/section>\n\t\t\t\t<section class=\"elementor-section elementor-top-section elementor-element elementor-element-16d40d1 elementor-section-boxed elementor-section-height-default elementor-section-height-default\" data-id=\"16d40d1\" data-element_type=\"section\" data-e-type=\"section\">\n\t\t\t\t\t\t<div class=\"elementor-container elementor-column-gap-default\">\n\t\t\t\t\t<div class=\"elementor-column elementor-col-100 elementor-top-column elementor-element elementor-element-6f96a65\" data-id=\"6f96a65\" data-element_type=\"column\" data-e-type=\"column\">\n\t\t\t<div class=\"elementor-widget-wrap elementor-element-populated\">\n\t\t\t\t\t\t<div class=\"elementor-element elementor-element-1f287c5 elementor-widget elementor-widget-heading\" data-id=\"1f287c5\" data-element_type=\"widget\" data-e-type=\"widget\" data-widget_type=\"heading.default\">\n\t\t\t\t<div class=\"elementor-widget-container\">\n\t\t\t\t\t<h2 class=\"elementor-heading-title elementor-size-default\">Unas condiciones crueles para los animales en muchas granjas<\/h2>\t\t\t\t<\/div>\n\t\t\t\t<\/div>\n\t\t\t\t\t<\/div>\n\t\t<\/div>\n\t\t\t\t\t<\/div>\n\t\t<\/section>\n\t\t\t\t<section class=\"elementor-section elementor-top-section elementor-element elementor-element-41fbf5f elementor-section-boxed elementor-section-height-default elementor-section-height-default\" data-id=\"41fbf5f\" data-element_type=\"section\" data-e-type=\"section\">\n\t\t\t\t\t\t<div class=\"elementor-container elementor-column-gap-default\">\n\t\t\t\t\t<div class=\"elementor-column elementor-col-100 elementor-top-column elementor-element elementor-element-447d293\" data-id=\"447d293\" data-element_type=\"column\" data-e-type=\"column\">\n\t\t\t<div class=\"elementor-widget-wrap elementor-element-populated\">\n\t\t\t\t\t\t<div class=\"elementor-element elementor-element-564ed51 elementor-widget elementor-widget-text-editor\" data-id=\"564ed51\" data-element_type=\"widget\" data-e-type=\"widget\" data-widget_type=\"text-editor.default\">\n\t\t\t\t<div class=\"elementor-widget-container\">\n\t\t\t\t\t\t\t\t\t<p><span style=\"color: #4c4f54;\">Las prendas de piel procedentes de granjas o de la caza furtiva, por ejemplo, son una de las manifestaciones m\u00e1s evidentes de c\u00f3mo los animales son explotados para beneficio humano, gener\u00e1ndoles <strong>un sufrimiento innecesario<\/strong>. Adem\u00e1s, el consumo de carne en exceso tambi\u00e9n contribuye a situaciones que atentan contra el bienestar animal.<\/span><\/p><p><span style=\"color: #4c4f54;\">Las condiciones en algunas granjas industriales, donde se cr\u00edan animales para la producci\u00f3n de carne, pueden ser extremadamente <strong>crueles<\/strong>, dejando a estos seres sintientes en un estado de constante sufrimiento.<\/span><\/p><p><span style=\"color: #4c4f54;\">Incluso las mascotas como perros y gatos, a pesar de ser animales de compa\u00f1\u00eda, pueden ser v\u00edctimas de maltrato. Las razas de perros y gatos a menudo son explotadas para cumplir con est\u00e1ndares de belleza, resultando en problemas de salud y sufrimiento innecesario para estos animales.<\/span><\/p>\t\t\t\t\t\t\t\t<\/div>\n\t\t\t\t<\/div>\n\t\t\t\t\t<\/div>\n\t\t<\/div>\n\t\t\t\t\t<\/div>\n\t\t<\/section>\n\t\t\t\t<section class=\"elementor-section elementor-top-section elementor-element elementor-element-7ad0503 elementor-section-boxed elementor-section-height-default elementor-section-height-default\" data-id=\"7ad0503\" data-element_type=\"section\" data-e-type=\"section\">\n\t\t\t\t\t\t<div class=\"elementor-container elementor-column-gap-default\">\n\t\t\t\t\t<div class=\"elementor-column elementor-col-100 elementor-top-column elementor-element elementor-element-5f12b81\" data-id=\"5f12b81\" data-element_type=\"column\" data-e-type=\"column\">\n\t\t\t<div class=\"elementor-widget-wrap elementor-element-populated\">\n\t\t\t\t\t\t<div class=\"elementor-element elementor-element-fa0e497 elementor-widget elementor-widget-heading\" data-id=\"fa0e497\" data-element_type=\"widget\" data-e-type=\"widget\" data-widget_type=\"heading.default\">\n\t\t\t\t<div class=\"elementor-widget-container\">\n\t\t\t\t\t<h2 class=\"elementor-heading-title elementor-size-default\">Espa\u00f1a: progresos que se han llevado a cabo en t\u00e9rminos de derechos para los animales<\/h2>\t\t\t\t<\/div>\n\t\t\t\t<\/div>\n\t\t\t\t\t<\/div>\n\t\t<\/div>\n\t\t\t\t\t<\/div>\n\t\t<\/section>\n\t\t\t\t<section class=\"elementor-section elementor-top-section elementor-element elementor-element-51fc1d0 elementor-section-boxed elementor-section-height-default elementor-section-height-default\" data-id=\"51fc1d0\" data-element_type=\"section\" data-e-type=\"section\">\n\t\t\t\t\t\t<div class=\"elementor-container elementor-column-gap-default\">\n\t\t\t\t\t<div class=\"elementor-column elementor-col-100 elementor-top-column elementor-element elementor-element-f59bf55\" data-id=\"f59bf55\" data-element_type=\"column\" data-e-type=\"column\">\n\t\t\t<div class=\"elementor-widget-wrap elementor-element-populated\">\n\t\t\t\t\t\t<div class=\"elementor-element elementor-element-ff7442e elementor-widget elementor-widget-text-editor\" data-id=\"ff7442e\" data-element_type=\"widget\" data-e-type=\"widget\" data-widget_type=\"text-editor.default\">\n\t\t\t\t<div class=\"elementor-widget-container\">\n\t\t\t\t\t\t\t\t\t<p><span style=\"color: #4c4f54;\">En nuestro pa\u00eds, el Consejo de Ministros aprob\u00f3 el proyecto de Ley de Protecci\u00f3n Animal impulsada por el Ministerio de derechos Sociales y Agenda 2030 <strong>con algunos cambios<\/strong> muy significativos.<\/span><\/p><p><span style=\"color: #4c4f54;\">Endurecer las penas a causa del maltrato animal, prohibici\u00f3n de sacrificar a los animales de compa\u00f1\u00eda excepto del sacrificio por motivos sanitarios o eutan\u00e1sicos, criar animales de compa\u00f1\u00eda \u00fanicamente <strong>ser\u00e1 posible solo por parte de criadores registrados y autorizados<\/strong>.<\/span><\/p><p><span style=\"color: #4c4f54;\">Asimismo, se proh\u00edbe con ello la venta de perros, gatos y hurones en tiendas de mascotas y tampoco podr\u00e1n exhibirse y exponerse al p\u00fablico. Los circos con animales salvajes tambi\u00e9n quedaban prohibidos, zoos y delfinarios pasan a ser centros de recuperaci\u00f3n de especies aut\u00f3ctonas, se proh\u00edben las peleas de gallos o tiro al pich\u00f3n y las colonias felinas se gestionar\u00e1n de forma \u00e9tica, cuya <strong>responsabilidad<\/strong> recaer\u00e1 directamente en los ayuntamientos.<\/span><\/p>\t\t\t\t\t\t\t\t<\/div>\n\t\t\t\t<\/div>\n\t\t\t\t\t<\/div>\n\t\t<\/div>\n\t\t\t\t\t<\/div>\n\t\t<\/section>\n\t\t\t\t<section class=\"elementor-section elementor-top-section elementor-element elementor-element-692afac elementor-section-boxed elementor-section-height-default elementor-section-height-default\" data-id=\"692afac\" data-element_type=\"section\" data-e-type=\"section\">\n\t\t\t\t\t\t<div class=\"elementor-container elementor-column-gap-default\">\n\t\t\t\t\t<div class=\"elementor-column elementor-col-100 elementor-top-column elementor-element elementor-element-068f36b\" data-id=\"068f36b\" data-element_type=\"column\" data-e-type=\"column\">\n\t\t\t<div class=\"elementor-widget-wrap elementor-element-populated\">\n\t\t\t\t\t\t<div class=\"elementor-element elementor-element-907238e elementor-widget elementor-widget-heading\" data-id=\"907238e\" data-element_type=\"widget\" data-e-type=\"widget\" data-widget_type=\"heading.default\">\n\t\t\t\t<div class=\"elementor-widget-container\">\n\t\t\t\t\t<h2 class=\"elementor-heading-title elementor-size-default\">Un d\u00eda que invita a reflexionar sobre los derechos de los animales<\/h2>\t\t\t\t<\/div>\n\t\t\t\t<\/div>\n\t\t\t\t\t<\/div>\n\t\t<\/div>\n\t\t\t\t\t<\/div>\n\t\t<\/section>\n\t\t\t\t<section class=\"elementor-section elementor-top-section elementor-element elementor-element-8b05b37 elementor-section-boxed elementor-section-height-default elementor-section-height-default\" data-id=\"8b05b37\" data-element_type=\"section\" data-e-type=\"section\">\n\t\t\t\t\t\t<div class=\"elementor-container elementor-column-gap-default\">\n\t\t\t\t\t<div class=\"elementor-column elementor-col-100 elementor-top-column elementor-element elementor-element-3c3a685\" data-id=\"3c3a685\" data-element_type=\"column\" data-e-type=\"column\">\n\t\t\t<div class=\"elementor-widget-wrap elementor-element-populated\">\n\t\t\t\t\t\t<div class=\"elementor-element elementor-element-2c4d43b elementor-widget elementor-widget-text-editor\" data-id=\"2c4d43b\" data-element_type=\"widget\" data-e-type=\"widget\" data-widget_type=\"text-editor.default\">\n\t\t\t\t<div class=\"elementor-widget-container\">\n\t\t\t\t\t\t\t\t\t<p><span style=\"color: #4c4f54;\">Es esencial reconocer que el bienestar animal no solo tiene implicaciones \u00e9ticas, sino tambi\u00e9n <strong>repercusiones en el medio ambiente<\/strong>. La caza furtiva y la cr\u00eda intensiva de animales para consumo generan impactos devastadores en los ecosistemas y contribuyen significativamente al cambio clim\u00e1tico.<\/span><\/p><p><span style=\"color: #4c4f54;\">En este d\u00eda, es crucial concienciar y reflexionar sobre el trato que damos a los animales y en<\/span>\u00a0<a href=\"https:\/\/tugesto.com\/\" target=\"_blank\" rel=\"noopener\">tugesto<\/a>\u00a0<span style=\"color: #4c4f54;\">tenemos ese objetivo. Reducir el consumo de carne, optar por alternativas sostenibles y \u00e9ticas, y promover la adopci\u00f3n responsable de mascotas son pasos fundamentales para garantizar el respeto por los derechos de los animales. Adem\u00e1s, educar a las generaciones futuras sobre la importancia de tratar a todos los seres vivos con <strong>compasi\u00f3n<\/strong> y empat\u00eda es clave para un futuro en el que los derechos de los animales sean plenamente reconocidos y respetados.<\/span><\/p><p><span style=\"color: #4c4f54;\">En \u00faltima instancia, el D\u00eda Internacional de los Derechos de los Animales nos insta a <strong>reflexionar<\/strong> sobre nuestra relaci\u00f3n con otras especies en el planeta y nos motiva a tomar medidas para asegurar un mundo donde el respeto hacia todos los seres vivos sea una norma universal.<\/span><\/p>\t\t\t\t\t\t\t\t<\/div>\n\t\t\t\t<\/div>\n\t\t\t\t\t<\/div>\n\t\t<\/div>\n\t\t\t\t\t<\/div>\n\t\t<\/section>\n\t\t\t\t<section class=\"elementor-section elementor-top-section elementor-element elementor-element-e09dd4d elementor-section-boxed elementor-section-height-default elementor-section-height-default\" data-id=\"e09dd4d\" data-element_type=\"section\" data-e-type=\"section\">\n\t\t\t\t\t\t<div class=\"elementor-container elementor-column-gap-default\">\n\t\t\t\t\t<div class=\"elementor-column elementor-col-100 elementor-top-column elementor-element elementor-element-31775fc\" data-id=\"31775fc\" data-element_type=\"column\" data-e-type=\"column\">\n\t\t\t<div class=\"elementor-widget-wrap elementor-element-populated\">\n\t\t\t\t\t\t<div class=\"elementor-element elementor-element-4705e77 elementor-widget elementor-widget-image\" data-id=\"4705e77\" data-element_type=\"widget\" data-e-type=\"widget\" data-widget_type=\"image.default\">\n\t\t\t\t<div class=\"elementor-widget-container\">\n\t\t\t\t\t\t\t\t\t\t\t\t\t\t\t\t<a href=\"https:\/\/tugesto.com\/programa-contabilidad\/\" target=\"_blank\">\n\t\t\t\t\t\t\t<img decoding=\"async\" width=\"800\" height=\"480\" src=\"https:\/\/tugesto.com\/blog\/wp-content\/uploads\/2018\/10\/contabilidad_fiscal-tarifas_tugesto.gif\" class=\"attachment-large size-large wp-image-8658\" alt=\"Tarifa plana de contabilidad y fiscal\" \/>\t\t\t\t\t\t\t\t<\/a>\n\t\t\t\t\t\t\t\t\t\t\t\t\t\t\t<\/div>\n\t\t\t\t<\/div>\n\t\t\t\t\t<\/div>\n\t\t<\/div>\n\t\t\t\t\t<\/div>\n\t\t<\/section>\n\t\t\t\t<\/div>\n\t\t","protected":false},"excerpt":{"rendered":"<p>El D\u00eda Internacional de los Derechos de los Animales se celebra el 10 de diciembre con motivo del aniversario de la Declaraci\u00f3n de los Derechos del Hombre por parte de las Naciones Unidas en 1948, marcando un hito significativo en la concienciaci\u00f3n sobre el bienestar animal. Esta conmemoraci\u00f3n se basa en la Declaraci\u00f3n Universal de [&hellip;]<\/p>\n","protected":false},"author":5,"featured_media":36252,"comment_status":"open","ping_status":"open","sticky":false,"template":"","format":"standard","meta":{"_eb_attr":"","content-type":"","footnotes":""},"categories":[1],"tags":[36,38],"ppma_author":[1491],"class_list":["post-36221","post","type-post","status-publish","format-standard","has-post-thumbnail","hentry","category-sin-categoria","tag-autonomos","tag-pymes"],"yoast_head":"<!-- This site is optimized with the Yoast SEO plugin v27.5 - https:\/\/yoast.com\/product\/yoast-seo-wordpress\/ -->\n<title>10 de diciembre, D\u00eda Internacional de los Derechos Animales<\/title>\n<meta name=\"description\" content=\"Te contamos todo sobre el D\u00eda Internacional de los Derechos de los Animales: la importancia de concienciar en el respeto y la educaci\u00f3n\" \/>\n<meta name=\"robots\" content=\"index, follow, max-snippet:-1, max-image-preview:large, max-video-preview:-1\" \/>\n<link rel=\"canonical\" href=\"https:\/\/tugesto.com\/blog\/dia-internacional-derechos-animales\/\" \/>\n<meta property=\"og:locale\" content=\"es_ES\" \/>\n<meta property=\"og:type\" content=\"article\" \/>\n<meta property=\"og:title\" content=\"10 de diciembre, D\u00eda Internacional de los Derechos Animales\" \/>\n<meta property=\"og:description\" content=\"Te contamos todo sobre el D\u00eda Internacional de los Derechos de los Animales: la importancia de concienciar en el respeto y la educaci\u00f3n\" \/>\n<meta property=\"og:url\" content=\"https:\/\/tugesto.com\/blog\/dia-internacional-derechos-animales\/\" \/>\n<meta property=\"og:site_name\" content=\"Blog: \u00a1Aprende a emprender! | tugesto\" \/>\n<meta property=\"article:publisher\" content=\"https:\/\/www.facebook.com\/tugesto\/\" \/>\n<meta property=\"article:published_time\" content=\"2023-12-15T08:22:15+00:00\" \/>\n<meta property=\"article:modified_time\" content=\"2024-05-16T09:51:44+00:00\" \/>\n<meta property=\"og:image\" content=\"https:\/\/tugesto.com\/blog\/wp-content\/uploads\/2023\/12\/dia-internacional-derechos-animales.jpg\" \/>\n\t<meta property=\"og:image:width\" content=\"600\" \/>\n\t<meta property=\"og:image:height\" content=\"400\" \/>\n\t<meta property=\"og:image:type\" content=\"image\/jpeg\" \/>\n<meta name=\"author\" content=\"David Ortiz\" \/>\n<meta name=\"twitter:card\" content=\"summary_large_image\" \/>\n<meta name=\"twitter:label1\" content=\"Escrito por\" \/>\n\t<meta name=\"twitter:data1\" content=\"David Ortiz\" \/>\n\t<meta name=\"twitter:label2\" content=\"Tiempo de lectura\" \/>\n\t<meta name=\"twitter:data2\" content=\"4 minutos\" \/>\n<script type=\"application\/ld+json\" class=\"yoast-schema-graph\">{\"@context\":\"https:\\\/\\\/schema.org\",\"@graph\":[{\"@type\":\"Article\",\"@id\":\"https:\\\/\\\/tugesto.com\\\/blog\\\/dia-internacional-derechos-animales\\\/#article\",\"isPartOf\":{\"@id\":\"https:\\\/\\\/tugesto.com\\\/blog\\\/dia-internacional-derechos-animales\\\/\"},\"author\":{\"name\":\"David Ortiz\",\"@id\":\"https:\\\/\\\/tugesto.com\\\/blog\\\/#\\\/schema\\\/person\\\/240d1d99401d5c33312e0da2b21caa3c\"},\"headline\":\"10 de diciembre, D\u00eda Internacional de los Derechos Animales\",\"datePublished\":\"2023-12-15T08:22:15+00:00\",\"dateModified\":\"2024-05-16T09:51:44+00:00\",\"mainEntityOfPage\":{\"@id\":\"https:\\\/\\\/tugesto.com\\\/blog\\\/dia-internacional-derechos-animales\\\/\"},\"wordCount\":723,\"commentCount\":0,\"publisher\":{\"@id\":\"https:\\\/\\\/tugesto.com\\\/blog\\\/#organization\"},\"image\":{\"@id\":\"https:\\\/\\\/tugesto.com\\\/blog\\\/dia-internacional-derechos-animales\\\/#primaryimage\"},\"thumbnailUrl\":\"https:\\\/\\\/tugesto.com\\\/blog\\\/wp-content\\\/uploads\\\/2023\\\/12\\\/dia-internacional-derechos-animales.jpg\",\"keywords\":[\"aut\u00f3nomos\",\"pymes\"],\"inLanguage\":\"es\",\"potentialAction\":[{\"@type\":\"CommentAction\",\"name\":\"Comment\",\"target\":[\"https:\\\/\\\/tugesto.com\\\/blog\\\/dia-internacional-derechos-animales\\\/#respond\"]}]},{\"@type\":\"WebPage\",\"@id\":\"https:\\\/\\\/tugesto.com\\\/blog\\\/dia-internacional-derechos-animales\\\/\",\"url\":\"https:\\\/\\\/tugesto.com\\\/blog\\\/dia-internacional-derechos-animales\\\/\",\"name\":\"10 de diciembre, D\u00eda Internacional de los Derechos Animales\",\"isPartOf\":{\"@id\":\"https:\\\/\\\/tugesto.com\\\/blog\\\/#website\"},\"primaryImageOfPage\":{\"@id\":\"https:\\\/\\\/tugesto.com\\\/blog\\\/dia-internacional-derechos-animales\\\/#primaryimage\"},\"image\":{\"@id\":\"https:\\\/\\\/tugesto.com\\\/blog\\\/dia-internacional-derechos-animales\\\/#primaryimage\"},\"thumbnailUrl\":\"https:\\\/\\\/tugesto.com\\\/blog\\\/wp-content\\\/uploads\\\/2023\\\/12\\\/dia-internacional-derechos-animales.jpg\",\"datePublished\":\"2023-12-15T08:22:15+00:00\",\"dateModified\":\"2024-05-16T09:51:44+00:00\",\"description\":\"Te contamos todo sobre el D\u00eda Internacional de los Derechos de los Animales: la importancia de concienciar en el respeto y la educaci\u00f3n\",\"breadcrumb\":{\"@id\":\"https:\\\/\\\/tugesto.com\\\/blog\\\/dia-internacional-derechos-animales\\\/#breadcrumb\"},\"inLanguage\":\"es\",\"potentialAction\":[{\"@type\":\"ReadAction\",\"target\":[\"https:\\\/\\\/tugesto.com\\\/blog\\\/dia-internacional-derechos-animales\\\/\"]}]},{\"@type\":\"ImageObject\",\"inLanguage\":\"es\",\"@id\":\"https:\\\/\\\/tugesto.com\\\/blog\\\/dia-internacional-derechos-animales\\\/#primaryimage\",\"url\":\"https:\\\/\\\/tugesto.com\\\/blog\\\/wp-content\\\/uploads\\\/2023\\\/12\\\/dia-internacional-derechos-animales.jpg\",\"contentUrl\":\"https:\\\/\\\/tugesto.com\\\/blog\\\/wp-content\\\/uploads\\\/2023\\\/12\\\/dia-internacional-derechos-animales.jpg\",\"width\":600,\"height\":400,\"caption\":\"Nuestros animales tambi\u00e9n tienen un D\u00eda Internacional con motivo de sus derechos. \u00a1Te lo contamos!\"},{\"@type\":\"BreadcrumbList\",\"@id\":\"https:\\\/\\\/tugesto.com\\\/blog\\\/dia-internacional-derechos-animales\\\/#breadcrumb\",\"itemListElement\":[{\"@type\":\"ListItem\",\"position\":1,\"name\":\"Home\",\"item\":\"https:\\\/\\\/tugesto.com\\\/blog\\\/\"},{\"@type\":\"ListItem\",\"position\":2,\"name\":\"Sin categor\u00eda\",\"item\":\"https:\\\/\\\/tugesto.com\\\/blog\\\/category\\\/sin-categoria\\\/\"},{\"@type\":\"ListItem\",\"position\":3,\"name\":\"10 de diciembre, D\u00eda Internacional de los Derechos Animales\"}]},{\"@type\":\"WebSite\",\"@id\":\"https:\\\/\\\/tugesto.com\\\/blog\\\/#website\",\"url\":\"https:\\\/\\\/tugesto.com\\\/blog\\\/\",\"name\":\"Blog tugesto\",\"description\":\"\ud83d\udcda Blog especializado para aut\u00f3nomos y pymes. Encuentra semanalmente nuevos posts, recursos y gu\u00edas. La ayuda que necesitas para tu negocio.\",\"publisher\":{\"@id\":\"https:\\\/\\\/tugesto.com\\\/blog\\\/#organization\"},\"potentialAction\":[{\"@type\":\"SearchAction\",\"target\":{\"@type\":\"EntryPoint\",\"urlTemplate\":\"https:\\\/\\\/tugesto.com\\\/blog\\\/?s={search_term_string}\"},\"query-input\":{\"@type\":\"PropertyValueSpecification\",\"valueRequired\":true,\"valueName\":\"search_term_string\"}}],\"inLanguage\":\"es\"},{\"@type\":\"Organization\",\"@id\":\"https:\\\/\\\/tugesto.com\\\/blog\\\/#organization\",\"name\":\"tugesto\",\"url\":\"https:\\\/\\\/tugesto.com\\\/blog\\\/\",\"logo\":{\"@type\":\"ImageObject\",\"inLanguage\":\"es\",\"@id\":\"https:\\\/\\\/tugesto.com\\\/blog\\\/#\\\/schema\\\/logo\\\/image\\\/\",\"url\":\"https:\\\/\\\/tugesto.com\\\/blog\\\/wp-content\\\/uploads\\\/2019\\\/06\\\/logo_tugesto.png\",\"contentUrl\":\"https:\\\/\\\/tugesto.com\\\/blog\\\/wp-content\\\/uploads\\\/2019\\\/06\\\/logo_tugesto.png\",\"width\":190,\"height\":63,\"caption\":\"tugesto\"},\"image\":{\"@id\":\"https:\\\/\\\/tugesto.com\\\/blog\\\/#\\\/schema\\\/logo\\\/image\\\/\"},\"sameAs\":[\"https:\\\/\\\/www.facebook.com\\\/tugesto\\\/\",\"https:\\\/\\\/www.instagram.com\\\/tugesto_online\\\/\"]},{\"@type\":\"Person\",\"@id\":\"https:\\\/\\\/tugesto.com\\\/blog\\\/#\\\/schema\\\/person\\\/240d1d99401d5c33312e0da2b21caa3c\",\"name\":\"David Ortiz\",\"image\":{\"@type\":\"ImageObject\",\"inLanguage\":\"es\",\"@id\":\"https:\\\/\\\/tugesto.com\\\/blog\\\/wp-content\\\/uploads\\\/2024\\\/05\\\/david-ortiz.jpge4ec495e85a7a647004baf50aa7209bf\",\"url\":\"https:\\\/\\\/tugesto.com\\\/blog\\\/wp-content\\\/uploads\\\/2024\\\/05\\\/david-ortiz.jpg\",\"contentUrl\":\"https:\\\/\\\/tugesto.com\\\/blog\\\/wp-content\\\/uploads\\\/2024\\\/05\\\/david-ortiz.jpg\",\"caption\":\"David Ortiz\"},\"description\":\"Apasionado del marketing, la comunicaci\u00f3n y la empresa\",\"sameAs\":[\"https:\\\/\\\/www.linkedin.com\\\/in\\\/david-ortiz-peria%C3%B1ez\\\/\"]}]}<\/script>\n<!-- \/ Yoast SEO plugin. -->","yoast_head_json":{"title":"10 de diciembre, D\u00eda Internacional de los Derechos Animales","description":"Te contamos todo sobre el D\u00eda Internacional de los Derechos de los Animales: la importancia de concienciar en el respeto y la educaci\u00f3n","robots":{"index":"index","follow":"follow","max-snippet":"max-snippet:-1","max-image-preview":"max-image-preview:large","max-video-preview":"max-video-preview:-1"},"canonical":"https:\/\/tugesto.com\/blog\/dia-internacional-derechos-animales\/","og_locale":"es_ES","og_type":"article","og_title":"10 de diciembre, D\u00eda Internacional de los Derechos Animales","og_description":"Te contamos todo sobre el D\u00eda Internacional de los Derechos de los Animales: la importancia de concienciar en el respeto y la educaci\u00f3n","og_url":"https:\/\/tugesto.com\/blog\/dia-internacional-derechos-animales\/","og_site_name":"Blog: \u00a1Aprende a emprender! | tugesto","article_publisher":"https:\/\/www.facebook.com\/tugesto\/","article_published_time":"2023-12-15T08:22:15+00:00","article_modified_time":"2024-05-16T09:51:44+00:00","og_image":[{"width":600,"height":400,"url":"https:\/\/tugesto.com\/blog\/wp-content\/uploads\/2023\/12\/dia-internacional-derechos-animales.jpg","type":"image\/jpeg"}],"author":"David Ortiz","twitter_card":"summary_large_image","twitter_misc":{"Escrito por":"David Ortiz","Tiempo de lectura":"4 minutos"},"schema":{"@context":"https:\/\/schema.org","@graph":[{"@type":"Article","@id":"https:\/\/tugesto.com\/blog\/dia-internacional-derechos-animales\/#article","isPartOf":{"@id":"https:\/\/tugesto.com\/blog\/dia-internacional-derechos-animales\/"},"author":{"name":"David Ortiz","@id":"https:\/\/tugesto.com\/blog\/#\/schema\/person\/240d1d99401d5c33312e0da2b21caa3c"},"headline":"10 de diciembre, D\u00eda Internacional de los Derechos Animales","datePublished":"2023-12-15T08:22:15+00:00","dateModified":"2024-05-16T09:51:44+00:00","mainEntityOfPage":{"@id":"https:\/\/tugesto.com\/blog\/dia-internacional-derechos-animales\/"},"wordCount":723,"commentCount":0,"publisher":{"@id":"https:\/\/tugesto.com\/blog\/#organization"},"image":{"@id":"https:\/\/tugesto.com\/blog\/dia-internacional-derechos-animales\/#primaryimage"},"thumbnailUrl":"https:\/\/tugesto.com\/blog\/wp-content\/uploads\/2023\/12\/dia-internacional-derechos-animales.jpg","keywords":["aut\u00f3nomos","pymes"],"inLanguage":"es","potentialAction":[{"@type":"CommentAction","name":"Comment","target":["https:\/\/tugesto.com\/blog\/dia-internacional-derechos-animales\/#respond"]}]},{"@type":"WebPage","@id":"https:\/\/tugesto.com\/blog\/dia-internacional-derechos-animales\/","url":"https:\/\/tugesto.com\/blog\/dia-internacional-derechos-animales\/","name":"10 de diciembre, D\u00eda Internacional de los Derechos Animales","isPartOf":{"@id":"https:\/\/tugesto.com\/blog\/#website"},"primaryImageOfPage":{"@id":"https:\/\/tugesto.com\/blog\/dia-internacional-derechos-animales\/#primaryimage"},"image":{"@id":"https:\/\/tugesto.com\/blog\/dia-internacional-derechos-animales\/#primaryimage"},"thumbnailUrl":"https:\/\/tugesto.com\/blog\/wp-content\/uploads\/2023\/12\/dia-internacional-derechos-animales.jpg","datePublished":"2023-12-15T08:22:15+00:00","dateModified":"2024-05-16T09:51:44+00:00","description":"Te contamos todo sobre el D\u00eda Internacional de los Derechos de los Animales: la importancia de concienciar en el respeto y la educaci\u00f3n","breadcrumb":{"@id":"https:\/\/tugesto.com\/blog\/dia-internacional-derechos-animales\/#breadcrumb"},"inLanguage":"es","potentialAction":[{"@type":"ReadAction","target":["https:\/\/tugesto.com\/blog\/dia-internacional-derechos-animales\/"]}]},{"@type":"ImageObject","inLanguage":"es","@id":"https:\/\/tugesto.com\/blog\/dia-internacional-derechos-animales\/#primaryimage","url":"https:\/\/tugesto.com\/blog\/wp-content\/uploads\/2023\/12\/dia-internacional-derechos-animales.jpg","contentUrl":"https:\/\/tugesto.com\/blog\/wp-content\/uploads\/2023\/12\/dia-internacional-derechos-animales.jpg","width":600,"height":400,"caption":"Nuestros animales tambi\u00e9n tienen un D\u00eda Internacional con motivo de sus derechos. \u00a1Te lo contamos!"},{"@type":"BreadcrumbList","@id":"https:\/\/tugesto.com\/blog\/dia-internacional-derechos-animales\/#breadcrumb","itemListElement":[{"@type":"ListItem","position":1,"name":"Home","item":"https:\/\/tugesto.com\/blog\/"},{"@type":"ListItem","position":2,"name":"Sin categor\u00eda","item":"https:\/\/tugesto.com\/blog\/category\/sin-categoria\/"},{"@type":"ListItem","position":3,"name":"10 de diciembre, D\u00eda Internacional de los Derechos Animales"}]},{"@type":"WebSite","@id":"https:\/\/tugesto.com\/blog\/#website","url":"https:\/\/tugesto.com\/blog\/","name":"Blog tugesto","description":"\ud83d\udcda Blog especializado para aut\u00f3nomos y pymes. Encuentra semanalmente nuevos posts, recursos y gu\u00edas. La ayuda que necesitas para tu negocio.","publisher":{"@id":"https:\/\/tugesto.com\/blog\/#organization"},"potentialAction":[{"@type":"SearchAction","target":{"@type":"EntryPoint","urlTemplate":"https:\/\/tugesto.com\/blog\/?s={search_term_string}"},"query-input":{"@type":"PropertyValueSpecification","valueRequired":true,"valueName":"search_term_string"}}],"inLanguage":"es"},{"@type":"Organization","@id":"https:\/\/tugesto.com\/blog\/#organization","name":"tugesto","url":"https:\/\/tugesto.com\/blog\/","logo":{"@type":"ImageObject","inLanguage":"es","@id":"https:\/\/tugesto.com\/blog\/#\/schema\/logo\/image\/","url":"https:\/\/tugesto.com\/blog\/wp-content\/uploads\/2019\/06\/logo_tugesto.png","contentUrl":"https:\/\/tugesto.com\/blog\/wp-content\/uploads\/2019\/06\/logo_tugesto.png","width":190,"height":63,"caption":"tugesto"},"image":{"@id":"https:\/\/tugesto.com\/blog\/#\/schema\/logo\/image\/"},"sameAs":["https:\/\/www.facebook.com\/tugesto\/","https:\/\/www.instagram.com\/tugesto_online\/"]},{"@type":"Person","@id":"https:\/\/tugesto.com\/blog\/#\/schema\/person\/240d1d99401d5c33312e0da2b21caa3c","name":"David Ortiz","image":{"@type":"ImageObject","inLanguage":"es","@id":"https:\/\/tugesto.com\/blog\/wp-content\/uploads\/2024\/05\/david-ortiz.jpge4ec495e85a7a647004baf50aa7209bf","url":"https:\/\/tugesto.com\/blog\/wp-content\/uploads\/2024\/05\/david-ortiz.jpg","contentUrl":"https:\/\/tugesto.com\/blog\/wp-content\/uploads\/2024\/05\/david-ortiz.jpg","caption":"David Ortiz"},"description":"Apasionado del marketing, la comunicaci\u00f3n y la empresa","sameAs":["https:\/\/www.linkedin.com\/in\/david-ortiz-peria%C3%B1ez\/"]}]}},"authors":[{"term_id":1491,"user_id":5,"is_guest":0,"slug":"david-ortiz","display_name":"David Ortiz","avatar_url":{"url":"https:\/\/tugesto.com\/blog\/wp-content\/uploads\/2024\/05\/david-ortiz.jpg","url2x":"https:\/\/tugesto.com\/blog\/wp-content\/uploads\/2024\/05\/david-ortiz.jpg"},"0":null,"1":"","2":"","3":"","4":"","5":"","6":"","7":"","8":""}],"_links":{"self":[{"href":"https:\/\/tugesto.com\/blog\/wp-json\/wp\/v2\/posts\/36221","targetHints":{"allow":["GET"]}}],"collection":[{"href":"https:\/\/tugesto.com\/blog\/wp-json\/wp\/v2\/posts"}],"about":[{"href":"https:\/\/tugesto.com\/blog\/wp-json\/wp\/v2\/types\/post"}],"author":[{"embeddable":true,"href":"https:\/\/tugesto.com\/blog\/wp-json\/wp\/v2\/users\/5"}],"replies":[{"embeddable":true,"href":"https:\/\/tugesto.com\/blog\/wp-json\/wp\/v2\/comments?post=36221"}],"version-history":[{"count":9,"href":"https:\/\/tugesto.com\/blog\/wp-json\/wp\/v2\/posts\/36221\/revisions"}],"predecessor-version":[{"id":36285,"href":"https:\/\/tugesto.com\/blog\/wp-json\/wp\/v2\/posts\/36221\/revisions\/36285"}],"wp:featuredmedia":[{"embeddable":true,"href":"https:\/\/tugesto.com\/blog\/wp-json\/wp\/v2\/media\/36252"}],"wp:attachment":[{"href":"https:\/\/tugesto.com\/blog\/wp-json\/wp\/v2\/media?parent=36221"}],"wp:term":[{"taxonomy":"category","embeddable":true,"href":"https:\/\/tugesto.com\/blog\/wp-json\/wp\/v2\/categories?post=36221"},{"taxonomy":"post_tag","embeddable":true,"href":"https:\/\/tugesto.com\/blog\/wp-json\/wp\/v2\/tags?post=36221"},{"taxonomy":"author","embeddable":true,"href":"https:\/\/tugesto.com\/blog\/wp-json\/wp\/v2\/ppma_author?post=36221"}],"curies":[{"name":"wp","href":"https:\/\/api.w.org\/{rel}","templated":true}]}}