{"id":3516,"date":"2016-05-26T17:36:48","date_gmt":"2016-05-26T16:36:48","guid":{"rendered":"http:\/\/tugesto.com\/blog\/?p=3516"},"modified":"2024-05-21T11:44:50","modified_gmt":"2024-05-21T09:44:50","slug":"emitir-factura","status":"publish","type":"post","link":"https:\/\/tugesto.com\/blog\/emitir-factura\/","title":{"rendered":"\u00bfCu\u00e1ndo es obligatorio emitir factura?"},"content":{"rendered":"\t\t<div data-elementor-type=\"wp-post\" data-elementor-id=\"3516\" class=\"elementor elementor-3516\" data-elementor-post-type=\"post\">\n\t\t\t\t\t\t<section class=\"elementor-section elementor-top-section elementor-element elementor-element-640e6a42 elementor-section-boxed elementor-section-height-default elementor-section-height-default\" data-id=\"640e6a42\" data-element_type=\"section\">\n\t\t\t\t\t\t<div class=\"elementor-container elementor-column-gap-default\">\n\t\t\t\t\t<div class=\"elementor-column elementor-col-100 elementor-top-column elementor-element elementor-element-29258677\" data-id=\"29258677\" data-element_type=\"column\">\n\t\t\t<div class=\"elementor-widget-wrap elementor-element-populated\">\n\t\t\t\t\t\t<div class=\"elementor-element elementor-element-401a63ba elementor-widget elementor-widget-text-editor\" data-id=\"401a63ba\" data-element_type=\"widget\" data-widget_type=\"text-editor.default\">\n\t\t\t\t<div class=\"elementor-widget-container\">\n\t\t\t\t\t\t\t\t\t\n<p>Son muchos los profesionales que a menudo se preguntan <strong>si deben y cu\u00e1ndo es obligatorio emitir factura de sus productos o servicios vendidos<\/strong>, en funci\u00f3n del r\u00e9gimen fiscal al que est\u00e9n acogidos.<\/p>\n\n<p>La cuesti\u00f3n no est\u00e1 mal planteada puesto que nuestra legislaci\u00f3n permite, a determinados profesionales libres, la <strong>posibilidad de no expedir factura por sus condiciones fiscales<\/strong>.<\/p>\n\n<p>A continuaci\u00f3n os explicamos en qu\u00e9 casos es obligatorio emitir una factura, as\u00ed como las excepciones que, por el contrario, eximen de dicha obligaci\u00f3n.<\/p>\n\n<figure class=\"wp-block-image size-large\"><a href=\"https:\/\/tugesto.com\/programa-contabilidad\/\" target=\"_blank\" rel=\"noopener\"><img fetchpriority=\"high\" decoding=\"async\" class=\"alignnone wp-image-14762\" src=\"https:\/\/tugesto.com\/blog\/wp-content\/uploads\/2020\/01\/asesoria_contable_tugesto.jpg\" alt=\"Con tugesto las facturas se contabilizan autom\u00e1ticamente\" width=\"800\" height=\"241\" srcset=\"https:\/\/tugesto.com\/blog\/wp-content\/uploads\/2020\/01\/asesoria_contable_tugesto.jpg 800w, https:\/\/tugesto.com\/blog\/wp-content\/uploads\/2020\/01\/asesoria_contable_tugesto-300x90.jpg 300w, https:\/\/tugesto.com\/blog\/wp-content\/uploads\/2020\/01\/asesoria_contable_tugesto-768x231.jpg 768w\" sizes=\"(max-width: 800px) 100vw, 800px\" \/><\/a><\/figure>\n\n<h2 class=\"wp-block-heading\">\u00bfQu\u00e9 significa la conjunci\u00f3n\u00a0\u201cemitir factura\u201d?<\/h2>\n\n<p>La factura es un <strong>documento en el cual queda reflejada la informaci\u00f3n de una operaci\u00f3n de compraventa<\/strong>.<\/p>\n\n<p>En este sentido, aquellas personas f\u00edsicas que se encuentran dadas de alta en el <strong>R\u00e9gimen General de Trabajadores Aut\u00f3nomos<\/strong> (RETA), tienen la obligaci\u00f3n de hacer factura de sus operaciones.<\/p>\n\n<p>Esto es as\u00ed siempre que dichas operaciones sean desempe\u00f1adas en el \u00e1mbito de la actividad que desarrollan como profesionales.<\/p>\n\n<p>La <strong>obligaci\u00f3n de emitir factura<\/strong> est\u00e1 regulada en nuestro ordenamiento jur\u00eddico en m\u00e1s de un texto normativo.<\/p>\n\n<p>En primer lugar est\u00e1 recogida en el art\u00edculo 28.2 e) de la Ley General Tributaria donde se establece la obligaci\u00f3n de expedir y entregar facturas y de conservar las facturas, documentos y justificantes que tengan relaci\u00f3n con las <strong>obligaciones tributarias<\/strong> del profesional.<\/p>\n\n<p>Por otro lado, la mencionada obligaci\u00f3n, tambi\u00e9n se contempla en el art\u00edculo 164.1.3\u00ba de la <a href=\"https:\/\/www.boe.es\/buscar\/act.php?id=BOE-A-1992-28740\" target=\"_blank\" rel=\"noreferrer noopener\">Ley 37\/1992<\/a>, que regula el <strong>Impuesto sobre el Valor A\u00f1adido<\/strong> (IVA), y en el art\u00edculo 1 del Real Decreto 1496\/2003 que aprueba el Reglamento sobre las obligaciones de facturaci\u00f3n.<\/p>\n\n<h2 class=\"wp-block-heading\">\u00bfQui\u00e9n tiene la obligaci\u00f3n de emitir factura?<\/h2>\n\n<p>Los <strong>empresarios y profesionales que realicen entregas de bienes y prestaciones de servicios dentro del desarrollo de su actividad<\/strong>.<\/p>\n\n<p>Adem\u00e1s de emitir factura, los mencionados sujetos est\u00e1n <strong>obligados a expedir y conservar copia de la misma<\/strong>, para su propia contabilidad y la de aquel que recibe la factura.<\/p>\n\n<p>Tambi\u00e9n est\u00e1n obligados a emitir factura los empresarios y profesionales en los supuestos de <strong>pagos anticipados<\/strong>. Salvo en aquellos casos de entregas intracomunitarias de bienes que se encuentran exentos.<\/p>\n\n<h2 class=\"wp-block-heading\">\u00bfCu\u00e1ndo es obligatorio emitir factura?<\/h2>\n\n<p>Los empresarios y profesionales deben emitir factura, siempre, en los siguientes casos:<\/p>\n\n<ul class=\"wp-block-list\">\n<li>Cuando el destinatario sea un <strong>empresario o profesional y act\u00fae como tal<\/strong>.<\/li>\n\n<li>Cuando el <strong>destinatario de la obligaci\u00f3n as\u00ed lo exija<\/strong>, para el ejercicio de cualquier derecho de naturaleza tributaria.<\/li>\n\n<li>En el caso de <strong>exportaciones de bienes exentas de IVA<\/strong>, excepto las que se realicen en tiendas que sean libres de impuestos.<\/li>\n\n<li>En las <strong>entregas intracomunitarias de bienes exentas de IVA<\/strong>.<\/li>\n\n<li>Cuando el destinatario sea una <strong>Administraci\u00f3n P\u00fablica <\/strong>o una persona jur\u00eddica, que no act\u00fae como empresario o profesional.<\/li>\n\n<li>Para determinadas entregas de bienes objeto de instalaci\u00f3n o montaje antes de su puesta a disposici\u00f3n, cuando aquella se ultime en el territorio de aplicaci\u00f3n del impuesto.<\/li>\n\n<li>En aquellas ventas a distancia y entregas de bienes que sean objeto de impuestos especiales, cuando se entiendan realizadas en el territorio de aplicaci\u00f3n del impuesto.<\/li>\n<\/ul>\n\n<p>Desde 2015, aquellos profesionales que trabajen para las <strong>Administraci\u00f3n P\u00fablicas est\u00e1n obligados a hacerlo en formato electr\u00f3nico<\/strong>.<\/p>\n\n<h2 class=\"wp-block-heading\">\u00bfCu\u00e1ndo no es obligatorio emitir factura?<\/h2>\n\n<p>Nuestra normativa en materia fiscal tambi\u00e9n contempla algunos supuestos en los que no existe <strong>obligaci\u00f3n de expedir factura<\/strong>. Esto ocurre en los siguientes casos:<\/p>\n\n<ul class=\"wp-block-list\">\n<li>En las<strong> operaciones exentas de IVA<\/strong>, a excepci\u00f3n de las operaciones relacionadas con los servicios sanitarios y de hospitalizaci\u00f3n, las entregas de bienes inmuebles y las entregas de bienes exentas por no haberse podido deducir el IVA.<\/li>\n\n<li>En operaciones realizadas por empresarios y profesionales en el desarrollo de actividades a las que se les aplica el r\u00e9gimen especial de <strong>Recargo de Equivalencia<\/strong>. Solo deben emitir factura por las entregas de inmuebles en las que el sujeto pasivo haya renunciado a la exenci\u00f3n.<\/li>\n<\/ul>\n\n<figure class=\"wp-block-image size-large\"><a href=\"https:\/\/tugesto.com\/software-fiscal\/\" target=\"_blank\" rel=\"noreferrer noopener\"><img decoding=\"async\" class=\"alignnone wp-image-14761\" src=\"https:\/\/tugesto.com\/blog\/wp-content\/uploads\/2020\/01\/asesores_fiscales_tugesto.jpg\" alt=\"Te respalda el equipo de asesores fiscales de tugesto\" width=\"800\" height=\"241\" srcset=\"https:\/\/tugesto.com\/blog\/wp-content\/uploads\/2020\/01\/asesores_fiscales_tugesto.jpg 800w, https:\/\/tugesto.com\/blog\/wp-content\/uploads\/2020\/01\/asesores_fiscales_tugesto-300x90.jpg 300w, https:\/\/tugesto.com\/blog\/wp-content\/uploads\/2020\/01\/asesores_fiscales_tugesto-768x231.jpg 768w\" sizes=\"(max-width: 800px) 100vw, 800px\" \/><\/a><\/figure>\n\n<ul class=\"wp-block-list\">\n<li>Para las operaciones realizadas por empresarios o profesionales en el desarrollo de actividades por las que se encuentren acogidos al <strong>r\u00e9gimen simplificado del IVA<\/strong>, salvo si la determinaci\u00f3n de las cuotas devengadas se realiza en atenci\u00f3n al volumen de ingresos.<\/li>\n\n<li>Cuando as\u00ed lo autorice el <strong>Departamento de Gesti\u00f3n Tributaria de la Agencia Tributaria<\/strong>, \u00fanicamente con determinados sectores empresariales, o profesionales, y empresas. Esto se hace para evitar perturbaciones en el desarrollo de las actividades empresariales o profesionales.<\/li>\n\n<li>Operaciones realizadas por empresarios y profesionales en el desarrollo de las actividades que se encuentren acogidas al<strong> R\u00e9gimen especial de la Agricultura, Ganader\u00eda y Pesca<\/strong>.<\/li>\n\n<li>En las operaciones <strong>financieras y de seguros<\/strong>, sea cual sea la naturaleza del destinatario, incluso si se trata de un empresario o profesional.<\/li>\n<\/ul>\n\t\t\t\t\t\t\t\t<\/div>\n\t\t\t\t<\/div>\n\t\t\t\t\t<\/div>\n\t\t<\/div>\n\t\t\t\t\t<\/div>\n\t\t<\/section>\n\t\t\t\t<section class=\"elementor-section elementor-top-section elementor-element elementor-element-fd56f77 elementor-section-boxed elementor-section-height-default elementor-section-height-default\" data-id=\"fd56f77\" data-element_type=\"section\">\n\t\t\t\t\t\t<div class=\"elementor-container elementor-column-gap-default\">\n\t\t\t\t\t<div class=\"elementor-column elementor-col-100 elementor-top-column elementor-element elementor-element-659971a\" data-id=\"659971a\" data-element_type=\"column\">\n\t\t\t<div class=\"elementor-widget-wrap elementor-element-populated\">\n\t\t\t\t\t\t<div class=\"elementor-element elementor-element-d2aba55 elementor-widget elementor-widget-text-editor\" data-id=\"d2aba55\" data-element_type=\"widget\" data-widget_type=\"text-editor.default\">\n\t\t\t\t<div class=\"elementor-widget-container\">\n\t\t\t\t\t\t\t\t\t<h2 class=\"wp-block-heading\">\u00bfSe puede sustituir una factura por un ticket?<\/h2>\n<p>La respuesta a esta pregunta es <strong>negativa<\/strong>. Aunque la anterior legislaci\u00f3n permit\u00eda la expedici\u00f3n de tickets, en lugar de facturas, en operaciones que no superar\u00e1n los 3000 euros con el IVA incluido, el nuevo Reglamento de facturaci\u00f3n anula esta posibilidad.<\/p>\n<p>En cambio, lo permitido legalmente ahora es <strong>sustituir una factura completa por otra simplificada<\/strong>. Para ello el importe de la operaci\u00f3n, incluido el IVA, no debe superar los 400 euros.<\/p>\n<p>El mencionado cambio de factura completa por simplificada se puede efectuar en los mismos casos en que se permit\u00eda sustituir por el ticket. Estos son:<\/p>\n<ul>\n<li>En las ventas o servicios al por menor.<\/li>\n\n<li>Ventas o servicios a domicilio del consumidor.<\/li>\n\n<li>Ventas o servicios en ambulancia.<\/li>\n\n<li>Transporte de personas y sus equipajes.<\/li>\n\n<li>Servicios de hosteler\u00eda y restauraci\u00f3n ofrecidos por restaurantes, bares y similares. Tambi\u00e9n en aquellos establecimientos que se ofrecen bebidas y alimentaci\u00f3n para consumir en el acto.<\/li>\n\n<li>En las salas de baile y discotecas.<\/li>\n\n<li>Servicios telef\u00f3nicos ofrecidos desde cabinas o tarjetas magn\u00e9ticas, o electr\u00f3nicas, que no permitan identificar al due\u00f1o de las misma.<\/li>\n\n<li>En las peluquer\u00edas o institutos de belleza.<\/li>\n\n<li>Para la utilizaci\u00f3n de instalaciones deportivas.<\/li>\n\n<li>En los servicios de revelados de fotograf\u00edas y servicios prestados por estudios fotogr\u00e1ficos.<\/li>\n\n<li>Estacionamiento en lugares de aparcamiento de veh\u00edculo.<\/li>\n\n<li>Servicios de videoclub.<\/li>\n\n<li>Por los servicios prestados en lavander\u00edas y tintorer\u00edas.<\/li>\n\n<li>Las autopistas de peaje.<\/li>\n<\/ul>\n<figure class=\"wp-block-image aligncenter\"><a href=\"http:\/\/tugesto.com\/programa-facturacion\" target=\"_blank\" rel=\"noopener\"><img decoding=\"async\" class=\"alignnone wp-image-3523\" src=\"https:\/\/tugesto.com\/blog\/wp-content\/uploads\/2014\/12\/emision-factura.jpg\" alt=\"Casos en los que es obligatorio emitir factura\" width=\"700\" height=\"329\" srcset=\"https:\/\/tugesto.com\/blog\/wp-content\/uploads\/2014\/12\/emision-factura.jpg 700w, https:\/\/tugesto.com\/blog\/wp-content\/uploads\/2014\/12\/emision-factura-300x141.jpg 300w\" sizes=\"(max-width: 700px) 100vw, 700px\" \/><\/a><\/figure>\n<h2 class=\"wp-block-heading\">Obligaci\u00f3n de conservar las facturas emitidas<\/h2>\n<p>Por \u00faltimo, cabe destacar la obligaci\u00f3n que tienen los profesionales y empresarios de <strong>conservar las facturas<\/strong> <strong>expedidas<\/strong>.<\/p>\n<p>Tambi\u00e9n deben guardar a buen recaudo, mientras est\u00e9n vigentes sus obligaciones tributarias, los documentos o justificantes que tengan relaci\u00f3n con \u00e9stas.<\/p>\n<p>As\u00ed pues, ya conoces en qu\u00e9 casos es obligatorio expedir una factura y en cu\u00e1les se puede evitar, o incluso ser sustituida por un ticket.<\/p>\n<p>Para todos aquellos a quienes les resulte un problema ocuparse de la facturaci\u00f3n de su negocio, por falta de tiempo, les recomendamos nuestra nueva herramienta.<\/p>\n<p>Con ella se puede elegir el dise\u00f1o personalizado con la imagen de la empresa de que se trate y gestionar a los clientes y proveedores de una forma muy sencilla.<\/p>\n<p><a href=\"https:\/\/meetings-eu1.hubspot.com\/reuniones\/blog\" target=\"_blank\" rel=\"noopener\"><img loading=\"lazy\" decoding=\"async\" class=\"alignnone wp-image-36783 size-full\" src=\"https:\/\/tugesto.com\/blog\/wp-content\/uploads\/2024\/04\/conoce-plataforma-15-mins.png\" alt=\"\" width=\"800\" height=\"241\" srcset=\"https:\/\/tugesto.com\/blog\/wp-content\/uploads\/2024\/04\/conoce-plataforma-15-mins.png 800w, https:\/\/tugesto.com\/blog\/wp-content\/uploads\/2024\/04\/conoce-plataforma-15-mins-300x90.png 300w, https:\/\/tugesto.com\/blog\/wp-content\/uploads\/2024\/04\/conoce-plataforma-15-mins-768x231.png 768w\" sizes=\"(max-width: 800px) 100vw, 800px\" \/><\/a><\/p>\n<p><!-- \/wp:heading --><!-- wp:paragraph --><!-- \/wp:paragraph --><!-- wp:paragraph --><!-- \/wp:paragraph --><!-- wp:paragraph --><!-- \/wp:paragraph --><!-- wp:list --><!-- \/wp:list --><!-- wp:image {\"align\":\"center\",\"id\":3523} --><!-- \/wp:image --><!-- wp:heading --><!-- \/wp:heading --><!-- wp:paragraph --><!-- \/wp:paragraph --><!-- wp:paragraph --><!-- \/wp:paragraph --><!-- wp:paragraph --><!-- \/wp:paragraph --><!-- wp:paragraph --><!-- \/wp:paragraph --><!-- wp:paragraph --><!-- \/wp:paragraph --><!-- wp:paragraph --><!-- \/wp:paragraph --><!-- wp:video {\"id\":15299} --><\/p>\n<p>Si ten\u00e9is cualquier pregunta, no dud\u00e9is en <a href=\"http:\/\/www.tugesto.com\/contacto\" target=\"_blank\" rel=\"noreferrer noopener\">consultarnos<\/a>.<\/p>\t\t\t\t\t\t\t\t<\/div>\n\t\t\t\t<\/div>\n\t\t\t\t\t<\/div>\n\t\t<\/div>\n\t\t\t\t\t<\/div>\n\t\t<\/section>\n\t\t\t\t<\/div>\n\t\t","protected":false},"excerpt":{"rendered":"<p>Son muchos los profesionales que a menudo se preguntan si deben y cu\u00e1ndo es obligatorio emitir factura de sus productos o servicios vendidos, en funci\u00f3n del r\u00e9gimen fiscal al que est\u00e9n acogidos. La cuesti\u00f3n no est\u00e1 mal planteada puesto que nuestra legislaci\u00f3n permite, a determinados profesionales libres, la posibilidad de no expedir factura por sus [&hellip;]<\/p>\n","protected":false},"author":12,"featured_media":3522,"comment_status":"open","ping_status":"open","sticky":false,"template":"","format":"image","meta":{"_eb_attr":"","content-type":"","footnotes":""},"categories":[14],"tags":[36,38],"ppma_author":[1498],"class_list":["post-3516","post","type-post","status-publish","format-image","has-post-thumbnail","hentry","category-contabilidad-y-fiscal","tag-autonomos","tag-pymes","post_format-post-format-image"],"yoast_head":"<!-- This site is optimized with the Yoast SEO plugin v26.8 - https:\/\/yoast.com\/product\/yoast-seo-wordpress\/ -->\n<title>\u00bfCu\u00e1ndo es obligatorio emitir factura? | tugesto<\/title>\n<meta name=\"description\" content=\"Conoce en qu\u00e9 casos es obligatorio emitir factura para los profesionales\/empresarios. \u00bfQu\u00e9 documentos debes conservar de tu contabilidad?\" \/>\n<meta name=\"robots\" content=\"index, follow, max-snippet:-1, max-image-preview:large, max-video-preview:-1\" \/>\n<link rel=\"canonical\" href=\"https:\/\/tugesto.com\/blog\/emitir-factura\/\" \/>\n<meta property=\"og:locale\" content=\"es_ES\" \/>\n<meta property=\"og:type\" content=\"article\" \/>\n<meta property=\"og:title\" content=\"\u00bfCu\u00e1ndo es obligatorio emitir factura? | tugesto\" \/>\n<meta property=\"og:description\" content=\"Conoce en qu\u00e9 casos es obligatorio emitir factura para los profesionales\/empresarios. \u00bfQu\u00e9 documentos debes conservar de tu contabilidad?\" \/>\n<meta property=\"og:url\" content=\"https:\/\/tugesto.com\/blog\/emitir-factura\/\" \/>\n<meta property=\"og:site_name\" content=\"Blog: \u00a1Aprende a emprender! | tugesto\" \/>\n<meta property=\"article:publisher\" content=\"https:\/\/www.facebook.com\/tugesto\/\" \/>\n<meta property=\"article:published_time\" content=\"2016-05-26T16:36:48+00:00\" \/>\n<meta property=\"article:modified_time\" content=\"2024-05-21T09:44:50+00:00\" \/>\n<meta property=\"og:image\" content=\"https:\/\/tugesto.com\/blog\/wp-content\/uploads\/2014\/12\/emitir-factura.jpg\" \/>\n\t<meta property=\"og:image:width\" content=\"700\" \/>\n\t<meta property=\"og:image:height\" content=\"329\" \/>\n\t<meta property=\"og:image:type\" content=\"image\/jpeg\" \/>\n<meta name=\"author\" content=\"David Fern\u00e1ndez\" \/>\n<meta name=\"twitter:card\" content=\"summary_large_image\" \/>\n<meta name=\"twitter:label1\" content=\"Escrito por\" \/>\n\t<meta name=\"twitter:data1\" content=\"David Fern\u00e1ndez\" \/>\n\t<meta name=\"twitter:label2\" content=\"Tiempo de lectura\" \/>\n\t<meta name=\"twitter:data2\" content=\"7 minutos\" \/>\n<script type=\"application\/ld+json\" class=\"yoast-schema-graph\">{\"@context\":\"https:\/\/schema.org\",\"@graph\":[{\"@type\":\"Article\",\"@id\":\"https:\/\/tugesto.com\/blog\/emitir-factura\/#article\",\"isPartOf\":{\"@id\":\"https:\/\/tugesto.com\/blog\/emitir-factura\/\"},\"author\":{\"name\":\"David Fern\u00e1ndez\",\"@id\":\"https:\/\/tugesto.com\/blog\/#\/schema\/person\/737f4a72f2e3855c9e8df888851bfef9\"},\"headline\":\"\u00bfCu\u00e1ndo es obligatorio emitir factura?\",\"datePublished\":\"2016-05-26T16:36:48+00:00\",\"dateModified\":\"2024-05-21T09:44:50+00:00\",\"mainEntityOfPage\":{\"@id\":\"https:\/\/tugesto.com\/blog\/emitir-factura\/\"},\"wordCount\":1195,\"commentCount\":23,\"publisher\":{\"@id\":\"https:\/\/tugesto.com\/blog\/#organization\"},\"image\":{\"@id\":\"https:\/\/tugesto.com\/blog\/emitir-factura\/#primaryimage\"},\"thumbnailUrl\":\"https:\/\/tugesto.com\/blog\/wp-content\/uploads\/2014\/12\/emitir-factura.jpg\",\"keywords\":[\"aut\u00f3nomos\",\"pymes\"],\"articleSection\":[\"Contabilidad y Fiscal\"],\"inLanguage\":\"es\",\"potentialAction\":[{\"@type\":\"CommentAction\",\"name\":\"Comment\",\"target\":[\"https:\/\/tugesto.com\/blog\/emitir-factura\/#respond\"]}]},{\"@type\":\"WebPage\",\"@id\":\"https:\/\/tugesto.com\/blog\/emitir-factura\/\",\"url\":\"https:\/\/tugesto.com\/blog\/emitir-factura\/\",\"name\":\"\u00bfCu\u00e1ndo es obligatorio emitir factura? | tugesto\",\"isPartOf\":{\"@id\":\"https:\/\/tugesto.com\/blog\/#website\"},\"primaryImageOfPage\":{\"@id\":\"https:\/\/tugesto.com\/blog\/emitir-factura\/#primaryimage\"},\"image\":{\"@id\":\"https:\/\/tugesto.com\/blog\/emitir-factura\/#primaryimage\"},\"thumbnailUrl\":\"https:\/\/tugesto.com\/blog\/wp-content\/uploads\/2014\/12\/emitir-factura.jpg\",\"datePublished\":\"2016-05-26T16:36:48+00:00\",\"dateModified\":\"2024-05-21T09:44:50+00:00\",\"description\":\"Conoce en qu\u00e9 casos es obligatorio emitir factura para los profesionales\/empresarios. \u00bfQu\u00e9 documentos debes conservar de tu contabilidad?\",\"breadcrumb\":{\"@id\":\"https:\/\/tugesto.com\/blog\/emitir-factura\/#breadcrumb\"},\"inLanguage\":\"es\",\"potentialAction\":[{\"@type\":\"ReadAction\",\"target\":[\"https:\/\/tugesto.com\/blog\/emitir-factura\/\"]}]},{\"@type\":\"ImageObject\",\"inLanguage\":\"es\",\"@id\":\"https:\/\/tugesto.com\/blog\/emitir-factura\/#primaryimage\",\"url\":\"https:\/\/tugesto.com\/blog\/wp-content\/uploads\/2014\/12\/emitir-factura.jpg\",\"contentUrl\":\"https:\/\/tugesto.com\/blog\/wp-content\/uploads\/2014\/12\/emitir-factura.jpg\",\"width\":700,\"height\":329,\"caption\":\"Explicamos los casos de obligatoriedad para la emisi\u00f3n de facturas. Toma nota de todos los supuestos aqu\u00ed\"},{\"@type\":\"BreadcrumbList\",\"@id\":\"https:\/\/tugesto.com\/blog\/emitir-factura\/#breadcrumb\",\"itemListElement\":[{\"@type\":\"ListItem\",\"position\":1,\"name\":\"Home\",\"item\":\"https:\/\/tugesto.com\/blog\/\"},{\"@type\":\"ListItem\",\"position\":2,\"name\":\"Contabilidad y Fiscal\",\"item\":\"https:\/\/tugesto.com\/blog\/category\/contabilidad-y-fiscal\/\"},{\"@type\":\"ListItem\",\"position\":3,\"name\":\"\u00bfCu\u00e1ndo es obligatorio emitir factura?\"}]},{\"@type\":\"WebSite\",\"@id\":\"https:\/\/tugesto.com\/blog\/#website\",\"url\":\"https:\/\/tugesto.com\/blog\/\",\"name\":\"Blog tugesto\",\"description\":\"\ud83d\udcda Blog especializado para aut\u00f3nomos y pymes. Encuentra semanalmente nuevos posts, recursos y gu\u00edas. La ayuda que necesitas para tu negocio.\",\"publisher\":{\"@id\":\"https:\/\/tugesto.com\/blog\/#organization\"},\"potentialAction\":[{\"@type\":\"SearchAction\",\"target\":{\"@type\":\"EntryPoint\",\"urlTemplate\":\"https:\/\/tugesto.com\/blog\/?s={search_term_string}\"},\"query-input\":{\"@type\":\"PropertyValueSpecification\",\"valueRequired\":true,\"valueName\":\"search_term_string\"}}],\"inLanguage\":\"es\"},{\"@type\":\"Organization\",\"@id\":\"https:\/\/tugesto.com\/blog\/#organization\",\"name\":\"tugesto\",\"url\":\"https:\/\/tugesto.com\/blog\/\",\"logo\":{\"@type\":\"ImageObject\",\"inLanguage\":\"es\",\"@id\":\"https:\/\/tugesto.com\/blog\/#\/schema\/logo\/image\/\",\"url\":\"https:\/\/tugesto.com\/blog\/wp-content\/uploads\/2019\/06\/logo_tugesto.png\",\"contentUrl\":\"https:\/\/tugesto.com\/blog\/wp-content\/uploads\/2019\/06\/logo_tugesto.png\",\"width\":190,\"height\":63,\"caption\":\"tugesto\"},\"image\":{\"@id\":\"https:\/\/tugesto.com\/blog\/#\/schema\/logo\/image\/\"},\"sameAs\":[\"https:\/\/www.facebook.com\/tugesto\/\",\"https:\/\/www.instagram.com\/tugesto_online\/\"]},{\"@type\":\"Person\",\"@id\":\"https:\/\/tugesto.com\/blog\/#\/schema\/person\/737f4a72f2e3855c9e8df888851bfef9\",\"name\":\"David Fern\u00e1ndez\",\"image\":{\"@type\":\"ImageObject\",\"inLanguage\":\"es\",\"@id\":\"https:\/\/tugesto.com\/blog\/#\/schema\/person\/image\/2882f1d57e6812c9fc588cf346c4e7d0\",\"url\":\"https:\/\/tugesto.com\/blog\/wp-content\/uploads\/2024\/05\/david-fernandez.png\",\"contentUrl\":\"https:\/\/tugesto.com\/blog\/wp-content\/uploads\/2024\/05\/david-fernandez.png\",\"caption\":\"David Fern\u00e1ndez\"},\"description\":\"Asesor contable y fiscal\"}]}<\/script>\n<!-- \/ Yoast SEO plugin. -->","yoast_head_json":{"title":"\u00bfCu\u00e1ndo es obligatorio emitir factura? | tugesto","description":"Conoce en qu\u00e9 casos es obligatorio emitir factura para los profesionales\/empresarios. \u00bfQu\u00e9 documentos debes conservar de tu contabilidad?","robots":{"index":"index","follow":"follow","max-snippet":"max-snippet:-1","max-image-preview":"max-image-preview:large","max-video-preview":"max-video-preview:-1"},"canonical":"https:\/\/tugesto.com\/blog\/emitir-factura\/","og_locale":"es_ES","og_type":"article","og_title":"\u00bfCu\u00e1ndo es obligatorio emitir factura? | tugesto","og_description":"Conoce en qu\u00e9 casos es obligatorio emitir factura para los profesionales\/empresarios. \u00bfQu\u00e9 documentos debes conservar de tu contabilidad?","og_url":"https:\/\/tugesto.com\/blog\/emitir-factura\/","og_site_name":"Blog: \u00a1Aprende a emprender! | tugesto","article_publisher":"https:\/\/www.facebook.com\/tugesto\/","article_published_time":"2016-05-26T16:36:48+00:00","article_modified_time":"2024-05-21T09:44:50+00:00","og_image":[{"width":700,"height":329,"url":"https:\/\/tugesto.com\/blog\/wp-content\/uploads\/2014\/12\/emitir-factura.jpg","type":"image\/jpeg"}],"author":"David Fern\u00e1ndez","twitter_card":"summary_large_image","twitter_misc":{"Escrito por":"David Fern\u00e1ndez","Tiempo de lectura":"7 minutos"},"schema":{"@context":"https:\/\/schema.org","@graph":[{"@type":"Article","@id":"https:\/\/tugesto.com\/blog\/emitir-factura\/#article","isPartOf":{"@id":"https:\/\/tugesto.com\/blog\/emitir-factura\/"},"author":{"name":"David Fern\u00e1ndez","@id":"https:\/\/tugesto.com\/blog\/#\/schema\/person\/737f4a72f2e3855c9e8df888851bfef9"},"headline":"\u00bfCu\u00e1ndo es obligatorio emitir factura?","datePublished":"2016-05-26T16:36:48+00:00","dateModified":"2024-05-21T09:44:50+00:00","mainEntityOfPage":{"@id":"https:\/\/tugesto.com\/blog\/emitir-factura\/"},"wordCount":1195,"commentCount":23,"publisher":{"@id":"https:\/\/tugesto.com\/blog\/#organization"},"image":{"@id":"https:\/\/tugesto.com\/blog\/emitir-factura\/#primaryimage"},"thumbnailUrl":"https:\/\/tugesto.com\/blog\/wp-content\/uploads\/2014\/12\/emitir-factura.jpg","keywords":["aut\u00f3nomos","pymes"],"articleSection":["Contabilidad y Fiscal"],"inLanguage":"es","potentialAction":[{"@type":"CommentAction","name":"Comment","target":["https:\/\/tugesto.com\/blog\/emitir-factura\/#respond"]}]},{"@type":"WebPage","@id":"https:\/\/tugesto.com\/blog\/emitir-factura\/","url":"https:\/\/tugesto.com\/blog\/emitir-factura\/","name":"\u00bfCu\u00e1ndo es obligatorio emitir factura? | tugesto","isPartOf":{"@id":"https:\/\/tugesto.com\/blog\/#website"},"primaryImageOfPage":{"@id":"https:\/\/tugesto.com\/blog\/emitir-factura\/#primaryimage"},"image":{"@id":"https:\/\/tugesto.com\/blog\/emitir-factura\/#primaryimage"},"thumbnailUrl":"https:\/\/tugesto.com\/blog\/wp-content\/uploads\/2014\/12\/emitir-factura.jpg","datePublished":"2016-05-26T16:36:48+00:00","dateModified":"2024-05-21T09:44:50+00:00","description":"Conoce en qu\u00e9 casos es obligatorio emitir factura para los profesionales\/empresarios. \u00bfQu\u00e9 documentos debes conservar de tu contabilidad?","breadcrumb":{"@id":"https:\/\/tugesto.com\/blog\/emitir-factura\/#breadcrumb"},"inLanguage":"es","potentialAction":[{"@type":"ReadAction","target":["https:\/\/tugesto.com\/blog\/emitir-factura\/"]}]},{"@type":"ImageObject","inLanguage":"es","@id":"https:\/\/tugesto.com\/blog\/emitir-factura\/#primaryimage","url":"https:\/\/tugesto.com\/blog\/wp-content\/uploads\/2014\/12\/emitir-factura.jpg","contentUrl":"https:\/\/tugesto.com\/blog\/wp-content\/uploads\/2014\/12\/emitir-factura.jpg","width":700,"height":329,"caption":"Explicamos los casos de obligatoriedad para la emisi\u00f3n de facturas. Toma nota de todos los supuestos aqu\u00ed"},{"@type":"BreadcrumbList","@id":"https:\/\/tugesto.com\/blog\/emitir-factura\/#breadcrumb","itemListElement":[{"@type":"ListItem","position":1,"name":"Home","item":"https:\/\/tugesto.com\/blog\/"},{"@type":"ListItem","position":2,"name":"Contabilidad y Fiscal","item":"https:\/\/tugesto.com\/blog\/category\/contabilidad-y-fiscal\/"},{"@type":"ListItem","position":3,"name":"\u00bfCu\u00e1ndo es obligatorio emitir factura?"}]},{"@type":"WebSite","@id":"https:\/\/tugesto.com\/blog\/#website","url":"https:\/\/tugesto.com\/blog\/","name":"Blog tugesto","description":"\ud83d\udcda Blog especializado para aut\u00f3nomos y pymes. Encuentra semanalmente nuevos posts, recursos y gu\u00edas. La ayuda que necesitas para tu negocio.","publisher":{"@id":"https:\/\/tugesto.com\/blog\/#organization"},"potentialAction":[{"@type":"SearchAction","target":{"@type":"EntryPoint","urlTemplate":"https:\/\/tugesto.com\/blog\/?s={search_term_string}"},"query-input":{"@type":"PropertyValueSpecification","valueRequired":true,"valueName":"search_term_string"}}],"inLanguage":"es"},{"@type":"Organization","@id":"https:\/\/tugesto.com\/blog\/#organization","name":"tugesto","url":"https:\/\/tugesto.com\/blog\/","logo":{"@type":"ImageObject","inLanguage":"es","@id":"https:\/\/tugesto.com\/blog\/#\/schema\/logo\/image\/","url":"https:\/\/tugesto.com\/blog\/wp-content\/uploads\/2019\/06\/logo_tugesto.png","contentUrl":"https:\/\/tugesto.com\/blog\/wp-content\/uploads\/2019\/06\/logo_tugesto.png","width":190,"height":63,"caption":"tugesto"},"image":{"@id":"https:\/\/tugesto.com\/blog\/#\/schema\/logo\/image\/"},"sameAs":["https:\/\/www.facebook.com\/tugesto\/","https:\/\/www.instagram.com\/tugesto_online\/"]},{"@type":"Person","@id":"https:\/\/tugesto.com\/blog\/#\/schema\/person\/737f4a72f2e3855c9e8df888851bfef9","name":"David Fern\u00e1ndez","image":{"@type":"ImageObject","inLanguage":"es","@id":"https:\/\/tugesto.com\/blog\/#\/schema\/person\/image\/2882f1d57e6812c9fc588cf346c4e7d0","url":"https:\/\/tugesto.com\/blog\/wp-content\/uploads\/2024\/05\/david-fernandez.png","contentUrl":"https:\/\/tugesto.com\/blog\/wp-content\/uploads\/2024\/05\/david-fernandez.png","caption":"David Fern\u00e1ndez"},"description":"Asesor contable y fiscal"}]}},"authors":[{"term_id":1498,"user_id":12,"is_guest":0,"slug":"david-fernandez","display_name":"David Fern\u00e1ndez","avatar_url":{"url":"https:\/\/tugesto.com\/blog\/wp-content\/uploads\/2024\/05\/david-fernandez.png","url2x":"https:\/\/tugesto.com\/blog\/wp-content\/uploads\/2024\/05\/david-fernandez.png"},"0":null,"1":"","2":"","3":"","4":"","5":"","6":"","7":"","8":""}],"_links":{"self":[{"href":"https:\/\/tugesto.com\/blog\/wp-json\/wp\/v2\/posts\/3516","targetHints":{"allow":["GET"]}}],"collection":[{"href":"https:\/\/tugesto.com\/blog\/wp-json\/wp\/v2\/posts"}],"about":[{"href":"https:\/\/tugesto.com\/blog\/wp-json\/wp\/v2\/types\/post"}],"author":[{"embeddable":true,"href":"https:\/\/tugesto.com\/blog\/wp-json\/wp\/v2\/users\/12"}],"replies":[{"embeddable":true,"href":"https:\/\/tugesto.com\/blog\/wp-json\/wp\/v2\/comments?post=3516"}],"version-history":[{"count":13,"href":"https:\/\/tugesto.com\/blog\/wp-json\/wp\/v2\/posts\/3516\/revisions"}],"predecessor-version":[{"id":37284,"href":"https:\/\/tugesto.com\/blog\/wp-json\/wp\/v2\/posts\/3516\/revisions\/37284"}],"wp:featuredmedia":[{"embeddable":true,"href":"https:\/\/tugesto.com\/blog\/wp-json\/wp\/v2\/media\/3522"}],"wp:attachment":[{"href":"https:\/\/tugesto.com\/blog\/wp-json\/wp\/v2\/media?parent=3516"}],"wp:term":[{"taxonomy":"category","embeddable":true,"href":"https:\/\/tugesto.com\/blog\/wp-json\/wp\/v2\/categories?post=3516"},{"taxonomy":"post_tag","embeddable":true,"href":"https:\/\/tugesto.com\/blog\/wp-json\/wp\/v2\/tags?post=3516"},{"taxonomy":"author","embeddable":true,"href":"https:\/\/tugesto.com\/blog\/wp-json\/wp\/v2\/ppma_author?post=3516"}],"curies":[{"name":"wp","href":"https:\/\/api.w.org\/{rel}","templated":true}]}}