{"id":34715,"date":"2023-10-19T08:48:38","date_gmt":"2023-10-19T06:48:38","guid":{"rendered":"https:\/\/tugesto.com\/blog\/?p=34715"},"modified":"2024-05-16T12:02:15","modified_gmt":"2024-05-16T10:02:15","slug":"baja-laboral-cancer-mama","status":"publish","type":"post","link":"https:\/\/tugesto.com\/blog\/baja-laboral-cancer-mama\/","title":{"rendered":"Todo lo imprescindible sobre la baja laboral por c\u00e1ncer de mama"},"content":{"rendered":"\t\t<div data-elementor-type=\"wp-post\" data-elementor-id=\"34715\" class=\"elementor elementor-34715\" data-elementor-post-type=\"post\">\n\t\t\t\t\t\t<section class=\"elementor-section elementor-top-section elementor-element elementor-element-723a7b0a elementor-section-boxed elementor-section-height-default elementor-section-height-default\" data-id=\"723a7b0a\" data-element_type=\"section\">\n\t\t\t\t\t\t<div class=\"elementor-container elementor-column-gap-default\">\n\t\t\t\t\t<div class=\"elementor-column elementor-col-100 elementor-top-column elementor-element elementor-element-1eaab33e\" data-id=\"1eaab33e\" data-element_type=\"column\">\n\t\t\t<div class=\"elementor-widget-wrap elementor-element-populated\">\n\t\t\t\t\t\t<div class=\"elementor-element elementor-element-1c3d9b77 elementor-widget elementor-widget-text-editor\" data-id=\"1c3d9b77\" data-element_type=\"widget\" data-widget_type=\"text-editor.default\">\n\t\t\t\t<div class=\"elementor-widget-container\">\n\t\t\t\t\t\t\t\t\t\n<p><span style=\"color: #4c4f54;\">El<\/span> <a href=\"https:\/\/www.contraelcancer.es\/es\/todo-sobre-cancer\/tipos-cancer\/cancer-mama\" target=\"_blank\" rel=\"noreferrer noopener\">c\u00e1ncer de mama<\/a> <span style=\"color: #4c4f54;\">es una enfermedad que afecta a miles de mujeres en todo el mundo. Adem\u00e1s de los desaf\u00edos m\u00e9dicos y emocionales que conlleva, esta enfermedad <strong>puede tener un impacto significativo en la vida laboral y social de las mujeres que la padecen<\/strong>. En este art\u00edculo, exploraremos la baja laboral por c\u00e1ncer de mama, tanto la incapacidad temporal como la permanente, as\u00ed como sus efectos en la calidad de vida y el riesgo de exclusi\u00f3n social.<\/span><\/p>\n<p><a href=\"http:\/\/tugesto.com\/software-portal-empleado\" target=\"_blank\" rel=\"noopener\"><img fetchpriority=\"high\" decoding=\"async\" class=\"alignnone wp-image-20318 size-full\" src=\"https:\/\/tugesto.com\/blog\/wp-content\/uploads\/2021\/07\/Portal_empleado_laboral.png\" alt=\"mejora tu clima interno con un portal del empleado\" width=\"800\" height=\"241\" srcset=\"https:\/\/tugesto.com\/blog\/wp-content\/uploads\/2021\/07\/Portal_empleado_laboral.png 800w, https:\/\/tugesto.com\/blog\/wp-content\/uploads\/2021\/07\/Portal_empleado_laboral-300x90.png 300w, https:\/\/tugesto.com\/blog\/wp-content\/uploads\/2021\/07\/Portal_empleado_laboral-768x231.png 768w\" sizes=\"(max-width: 800px) 100vw, 800px\" \/><\/a><\/p>\n<p><span style=\"color: #4c4f54;\"><\/span><\/p>\n<h2 class=\"wp-block-heading\"><span style=\"color: #4c4f54;\">Baja laboral por incapacidad temporal<\/span><\/h2>\n<p><span style=\"color: #4c4f54;\"><\/span><\/p>\n<p><span style=\"color: #4c4f54;\">Cuando una mujer es diagnosticada con c\u00e1ncer de mama y debe <strong>someterse a un tratamiento m\u00e9dico agresivo<\/strong>, es com\u00fan que se le conceda una baja laboral por incapacidad temporal. Durante este per\u00edodo, la seguridad social proporciona una <strong>prestaci\u00f3n econ\u00f3mica para ayudar a cubrir los gastos mientras la paciente se enfoca en su tratamiento y recuperaci\u00f3n<\/strong>.<\/span><\/p>\n<p><span style=\"color: #4c4f54;\"><\/span><\/p>\n<p><span style=\"color: #4c4f54;\">Sin embargo, la baja laboral por c\u00e1ncer de mama puede generar preocupaciones adicionales, como la <strong>posibilidad de despidos o el temor a perder el puesto de trabajo<\/strong>. Aqu\u00ed es donde la importancia de contar con abogados especializados en temas laborales y de discapacidad se vuelve evidente. Estos profesionales pueden brindar<\/span> <a href=\"https:\/\/tugesto.com\/asesoria-legal\" target=\"_blank\" rel=\"noreferrer noopener\">asesoramiento legal<\/a> <span style=\"color: #4c4f54;\">y proteger los derechos laborales de las pacientes.<\/span><\/p>\n<p><span style=\"color: #4c4f54;\"><\/span><\/p>\n<h2 class=\"wp-block-heading\"><span style=\"color: #4c4f54;\">Incapacidad permanente por c\u00e1ncer<\/span><\/h2>\n\n<p><span style=\"color: #4c4f54;\">En algunos casos, <strong>las secuelas y efectos secundarios del c\u00e1ncer de mama pueden ser tan graves<\/strong> que una mujer enfrenta una incapacidad permanente por c\u00e1ncer. Esto implica la extinci\u00f3n del contrato laboral y la imposibilidad de continuar trabajando en su ocupaci\u00f3n anterior.<\/span><\/p>\n<p><span style=\"color: #4c4f54;\"><\/span><\/p>\n<p><span style=\"color: #4c4f54;\">La discapacidad por c\u00e1ncer de mama <strong>puede variar en gravedad<\/strong>. Algunas mujeres pueden experimentar una discapacidad leve que les permite trabajar con ciertas adaptaciones y tratamientos continuados. Sin embargo, otras pueden enfrentar una incapacidad permanente absoluta que requiere un alto nivel de atenci\u00f3n m\u00e9dica y afecta gravemente su calidad de vida.<\/span><\/p>\n<p><span style=\"color: #4c4f54;\"><\/span><\/p>\n<h3 class=\"wp-block-heading\"><span style=\"color: #4c4f54;\">Efectos en la vida diaria<\/span><\/h3>\n<p><span style=\"color: #4c4f54;\"><\/span><\/p>\n<p><span style=\"color: #4c4f54;\">Las mujeres con c\u00e1ncer de mama a menudo experimentan <strong>secuelas f\u00edsicas y emocionales<\/strong>. Los tratamientos como la cirug\u00eda, la quimioterapia y la radioterapia pueden dejar efectos secundarios a largo plazo, como la p\u00e9rdida de fuerza y movilidad, fatiga extrema y efectos psicol\u00f3gicos como la ansiedad y la depresi\u00f3n.<\/span><\/p>\n<p><span style=\"color: #4c4f54;\"><\/span><\/p>\n<p><span style=\"color: #4c4f54;\">Estos efectos <strong>pueden dificultar el desempe\u00f1o de actividades cotidianas<\/strong> y el esfuerzo f\u00edsico necesario para mantener un empleo. Las pacientes pueden enfrentar desaf\u00edos significativos en su vida diaria, lo que refuerza la necesidad de una baja m\u00e9dica y apoyo de recursos sociales.<\/span><\/p>\n<p><span style=\"color: #4c4f54;\"><\/span><\/p>\n<h3 class=\"wp-block-heading\"><span style=\"color: #4c4f54;\">Riesgo de exclusi\u00f3n social<\/span><\/h3>\n<p><span style=\"color: #4c4f54;\"><\/span><\/p>\n<p><span style=\"color: #4c4f54;\">La baja laboral por c\u00e1ncer de mama de forma prolongada o la incapacidad permanente <strong>pueden aumentar el riesgo de exclusi\u00f3n social<\/strong>. Las mujeres pueden sentirse aisladas y enfrentar dificultades financieras debido a la p\u00e9rdida de ingresos. La participaci\u00f3n en ensayos cl\u00ednicos o tratamientos continuados puede requerir tiempo y recursos adicionales, lo que agrega una capa adicional de estr\u00e9s.<\/span><\/p>\n<p><a href=\"http:\/\/tugesto.com\/asesoria-legal\" target=\"_blank\" rel=\"noopener\"><img decoding=\"async\" class=\"alignnone wp-image-14909 size-full\" src=\"https:\/\/tugesto.com\/blog\/wp-content\/uploads\/2020\/01\/asesoramiento-48h-consultas-legales-tugesto.jpg\" alt=\"En menos de 48 horas un abogado de tugesto estudiar\u00e1 tu caso\" width=\"1216\" height=\"367\" srcset=\"https:\/\/tugesto.com\/blog\/wp-content\/uploads\/2020\/01\/asesoramiento-48h-consultas-legales-tugesto.jpg 1216w, https:\/\/tugesto.com\/blog\/wp-content\/uploads\/2020\/01\/asesoramiento-48h-consultas-legales-tugesto-300x91.jpg 300w, https:\/\/tugesto.com\/blog\/wp-content\/uploads\/2020\/01\/asesoramiento-48h-consultas-legales-tugesto-1024x309.jpg 1024w, https:\/\/tugesto.com\/blog\/wp-content\/uploads\/2020\/01\/asesoramiento-48h-consultas-legales-tugesto-768x232.jpg 768w\" sizes=\"(max-width: 1216px) 100vw, 1216px\" \/><\/a><\/p>\n<p><span style=\"color: #4c4f54;\"><\/span><\/p>\n<p><span style=\"color: #4c4f54;\">Para mitigar este riesgo, es esencial contar con una <strong>red de apoyo, tanto emocional como econ\u00f3mica<\/strong>. Los asuntos sociales y los recursos sociales pueden desempe\u00f1ar un papel fundamental en la integraci\u00f3n de las pacientes en la sociedad y en la mejora de su calidad de vida.<\/span><\/p>\n<p><span style=\"color: #4c4f54;\"><\/span><\/p>\n<h3 class=\"wp-block-heading\"><span style=\"color: #4c4f54;\">La asistencia legal se convierte en un elemento fundamental<\/span><\/h3>\n<p><span style=\"color: #4c4f54;\"><\/span><\/p>\n<p><span style=\"color: #4c4f54;\">La baja laboral por c\u00e1ncer de mama y la posible incapacidad permanente <strong>plantean desaf\u00edos significativos en la vida laboral y social de las mujeres afectadas<\/strong>. La prevenci\u00f3n de riesgos laborales y la atenci\u00f3n m\u00e9dica adecuada son esenciales para garantizar que las pacientes reciban el apoyo necesario durante su tratamiento y recuperaci\u00f3n. Adem\u00e1s, <strong>la asistencia legal y los recursos sociales pueden ayudar a proteger los derechos laborales y <\/strong>reducir el riesgo de exclusi\u00f3n social.<\/span><\/p>\n<p><span style=\"color: #4c4f54;\"><\/span><\/p>\n<p><span style=\"color: #4c4f54;\">Es importante que las mujeres con c\u00e1ncer de mama sepan que <strong>no est\u00e1n solas en su lucha<\/strong> y que existen recursos y profesionales dispuestos a apoyarlas en cada paso de su viaje hacia la recuperaci\u00f3n y la reintegraci\u00f3n en la sociedad. La atenci\u00f3n integral, la comprensi\u00f3n y el apoyo son fundamentales para abordar los desaf\u00edos que plantea el c\u00e1ncer de mama en la vida laboral y social.<\/span><\/p>\n\t\t\t\t\t\t\t\t<\/div>\n\t\t\t\t<\/div>\n\t\t\t\t\t<\/div>\n\t\t<\/div>\n\t\t\t\t\t<\/div>\n\t\t<\/section>\n\t\t\t\t<\/div>\n\t\t","protected":false},"excerpt":{"rendered":"<p>El c\u00e1ncer de mama es una enfermedad que afecta a miles de mujeres en todo el mundo. Adem\u00e1s de los desaf\u00edos m\u00e9dicos y emocionales que conlleva, esta enfermedad puede tener un impacto significativo en la vida laboral y social de las mujeres que la padecen. En este art\u00edculo, exploraremos la baja laboral por c\u00e1ncer de [&hellip;]<\/p>\n","protected":false},"author":9,"featured_media":34716,"comment_status":"open","ping_status":"open","sticky":false,"template":"","format":"standard","meta":{"_eb_attr":"","content-type":"","footnotes":""},"categories":[1263],"tags":[36,38],"ppma_author":[1495],"class_list":["post-34715","post","type-post","status-publish","format-standard","has-post-thumbnail","hentry","category-recursos-humanos","tag-autonomos","tag-pymes"],"yoast_head":"<!-- This site is optimized with the Yoast SEO plugin v26.8 - https:\/\/yoast.com\/product\/yoast-seo-wordpress\/ -->\n<title>Baja laboral por c\u00e1ncer de mama: todo al respecto | tugesto<\/title>\n<meta name=\"description\" content=\"Te contamos los tipos de baja laboral por c\u00e1ncer de mama, as\u00ed como el impacto producido en los entornos laborales\" \/>\n<meta name=\"robots\" content=\"index, follow, max-snippet:-1, max-image-preview:large, max-video-preview:-1\" \/>\n<link rel=\"canonical\" href=\"https:\/\/tugesto.com\/blog\/baja-laboral-cancer-mama\/\" \/>\n<meta property=\"og:locale\" content=\"es_ES\" \/>\n<meta property=\"og:type\" content=\"article\" \/>\n<meta property=\"og:title\" content=\"Baja laboral por c\u00e1ncer de mama: todo al respecto | tugesto\" \/>\n<meta property=\"og:description\" content=\"Te contamos los tipos de baja laboral por c\u00e1ncer de mama, as\u00ed como el impacto producido en los entornos laborales\" \/>\n<meta property=\"og:url\" content=\"https:\/\/tugesto.com\/blog\/baja-laboral-cancer-mama\/\" \/>\n<meta property=\"og:site_name\" content=\"Blog: \u00a1Aprende a emprender! | tugesto\" \/>\n<meta property=\"article:publisher\" content=\"https:\/\/www.facebook.com\/tugesto\/\" \/>\n<meta property=\"article:published_time\" content=\"2023-10-19T06:48:38+00:00\" \/>\n<meta property=\"article:modified_time\" content=\"2024-05-16T10:02:15+00:00\" \/>\n<meta property=\"og:image\" content=\"https:\/\/tugesto.com\/blog\/wp-content\/uploads\/2023\/10\/baja-laboral-cancer-mama.jpg\" \/>\n\t<meta property=\"og:image:width\" content=\"600\" \/>\n\t<meta property=\"og:image:height\" content=\"400\" \/>\n\t<meta property=\"og:image:type\" content=\"image\/jpeg\" \/>\n<meta name=\"author\" content=\"Amparo Carratala\" \/>\n<meta name=\"twitter:card\" content=\"summary_large_image\" \/>\n<meta name=\"twitter:label1\" content=\"Escrito por\" \/>\n\t<meta name=\"twitter:data1\" content=\"Amparo Carratala\" \/>\n\t<meta name=\"twitter:label2\" content=\"Tiempo de lectura\" \/>\n\t<meta name=\"twitter:data2\" content=\"4 minutos\" \/>\n<script type=\"application\/ld+json\" class=\"yoast-schema-graph\">{\"@context\":\"https:\/\/schema.org\",\"@graph\":[{\"@type\":\"Article\",\"@id\":\"https:\/\/tugesto.com\/blog\/baja-laboral-cancer-mama\/#article\",\"isPartOf\":{\"@id\":\"https:\/\/tugesto.com\/blog\/baja-laboral-cancer-mama\/\"},\"author\":{\"name\":\"Amparo Carratala\",\"@id\":\"https:\/\/tugesto.com\/blog\/#\/schema\/person\/2c70b34a36244511f4e51800f6121f80\"},\"headline\":\"Todo lo imprescindible sobre la baja laboral por c\u00e1ncer de mama\",\"datePublished\":\"2023-10-19T06:48:38+00:00\",\"dateModified\":\"2024-05-16T10:02:15+00:00\",\"mainEntityOfPage\":{\"@id\":\"https:\/\/tugesto.com\/blog\/baja-laboral-cancer-mama\/\"},\"wordCount\":718,\"commentCount\":0,\"publisher\":{\"@id\":\"https:\/\/tugesto.com\/blog\/#organization\"},\"image\":{\"@id\":\"https:\/\/tugesto.com\/blog\/baja-laboral-cancer-mama\/#primaryimage\"},\"thumbnailUrl\":\"https:\/\/tugesto.com\/blog\/wp-content\/uploads\/2023\/10\/baja-laboral-cancer-mama.jpg\",\"keywords\":[\"aut\u00f3nomos\",\"pymes\"],\"articleSection\":[\"Recursos humanos\"],\"inLanguage\":\"es\",\"potentialAction\":[{\"@type\":\"CommentAction\",\"name\":\"Comment\",\"target\":[\"https:\/\/tugesto.com\/blog\/baja-laboral-cancer-mama\/#respond\"]}]},{\"@type\":\"WebPage\",\"@id\":\"https:\/\/tugesto.com\/blog\/baja-laboral-cancer-mama\/\",\"url\":\"https:\/\/tugesto.com\/blog\/baja-laboral-cancer-mama\/\",\"name\":\"Baja laboral por c\u00e1ncer de mama: todo al respecto | tugesto\",\"isPartOf\":{\"@id\":\"https:\/\/tugesto.com\/blog\/#website\"},\"primaryImageOfPage\":{\"@id\":\"https:\/\/tugesto.com\/blog\/baja-laboral-cancer-mama\/#primaryimage\"},\"image\":{\"@id\":\"https:\/\/tugesto.com\/blog\/baja-laboral-cancer-mama\/#primaryimage\"},\"thumbnailUrl\":\"https:\/\/tugesto.com\/blog\/wp-content\/uploads\/2023\/10\/baja-laboral-cancer-mama.jpg\",\"datePublished\":\"2023-10-19T06:48:38+00:00\",\"dateModified\":\"2024-05-16T10:02:15+00:00\",\"description\":\"Te contamos los tipos de baja laboral por c\u00e1ncer de mama, as\u00ed como el impacto producido en los entornos laborales\",\"breadcrumb\":{\"@id\":\"https:\/\/tugesto.com\/blog\/baja-laboral-cancer-mama\/#breadcrumb\"},\"inLanguage\":\"es\",\"potentialAction\":[{\"@type\":\"ReadAction\",\"target\":[\"https:\/\/tugesto.com\/blog\/baja-laboral-cancer-mama\/\"]}]},{\"@type\":\"ImageObject\",\"inLanguage\":\"es\",\"@id\":\"https:\/\/tugesto.com\/blog\/baja-laboral-cancer-mama\/#primaryimage\",\"url\":\"https:\/\/tugesto.com\/blog\/wp-content\/uploads\/2023\/10\/baja-laboral-cancer-mama.jpg\",\"contentUrl\":\"https:\/\/tugesto.com\/blog\/wp-content\/uploads\/2023\/10\/baja-laboral-cancer-mama.jpg\",\"width\":600,\"height\":400,\"caption\":\"Este tipo de baja tiene sus peculiaridades como el resto, por eso en este post te resumimos en qu\u00e9 consiste\"},{\"@type\":\"BreadcrumbList\",\"@id\":\"https:\/\/tugesto.com\/blog\/baja-laboral-cancer-mama\/#breadcrumb\",\"itemListElement\":[{\"@type\":\"ListItem\",\"position\":1,\"name\":\"Home\",\"item\":\"https:\/\/tugesto.com\/blog\/\"},{\"@type\":\"ListItem\",\"position\":2,\"name\":\"Recursos humanos\",\"item\":\"https:\/\/tugesto.com\/blog\/category\/recursos-humanos\/\"},{\"@type\":\"ListItem\",\"position\":3,\"name\":\"Todo lo imprescindible sobre la baja laboral por c\u00e1ncer de mama\"}]},{\"@type\":\"WebSite\",\"@id\":\"https:\/\/tugesto.com\/blog\/#website\",\"url\":\"https:\/\/tugesto.com\/blog\/\",\"name\":\"Blog tugesto\",\"description\":\"\ud83d\udcda Blog especializado para aut\u00f3nomos y pymes. Encuentra semanalmente nuevos posts, recursos y gu\u00edas. La ayuda que necesitas para tu negocio.\",\"publisher\":{\"@id\":\"https:\/\/tugesto.com\/blog\/#organization\"},\"potentialAction\":[{\"@type\":\"SearchAction\",\"target\":{\"@type\":\"EntryPoint\",\"urlTemplate\":\"https:\/\/tugesto.com\/blog\/?s={search_term_string}\"},\"query-input\":{\"@type\":\"PropertyValueSpecification\",\"valueRequired\":true,\"valueName\":\"search_term_string\"}}],\"inLanguage\":\"es\"},{\"@type\":\"Organization\",\"@id\":\"https:\/\/tugesto.com\/blog\/#organization\",\"name\":\"tugesto\",\"url\":\"https:\/\/tugesto.com\/blog\/\",\"logo\":{\"@type\":\"ImageObject\",\"inLanguage\":\"es\",\"@id\":\"https:\/\/tugesto.com\/blog\/#\/schema\/logo\/image\/\",\"url\":\"https:\/\/tugesto.com\/blog\/wp-content\/uploads\/2019\/06\/logo_tugesto.png\",\"contentUrl\":\"https:\/\/tugesto.com\/blog\/wp-content\/uploads\/2019\/06\/logo_tugesto.png\",\"width\":190,\"height\":63,\"caption\":\"tugesto\"},\"image\":{\"@id\":\"https:\/\/tugesto.com\/blog\/#\/schema\/logo\/image\/\"},\"sameAs\":[\"https:\/\/www.facebook.com\/tugesto\/\",\"https:\/\/www.instagram.com\/tugesto_online\/\"]},{\"@type\":\"Person\",\"@id\":\"https:\/\/tugesto.com\/blog\/#\/schema\/person\/2c70b34a36244511f4e51800f6121f80\",\"name\":\"Amparo Carratala\",\"image\":{\"@type\":\"ImageObject\",\"inLanguage\":\"es\",\"@id\":\"https:\/\/tugesto.com\/blog\/#\/schema\/person\/image\/b285d77d385f0087818132665d0ade46\",\"url\":\"https:\/\/tugesto.com\/blog\/wp-content\/uploads\/2024\/05\/amparo-carratala.png\",\"contentUrl\":\"https:\/\/tugesto.com\/blog\/wp-content\/uploads\/2024\/05\/amparo-carratala.png\",\"caption\":\"Amparo Carratala\"},\"description\":\"Gestora laboral, experta en n\u00f3minas\"}]}<\/script>\n<!-- \/ Yoast SEO plugin. -->","yoast_head_json":{"title":"Baja laboral por c\u00e1ncer de mama: todo al respecto | tugesto","description":"Te contamos los tipos de baja laboral por c\u00e1ncer de mama, as\u00ed como el impacto producido en los entornos laborales","robots":{"index":"index","follow":"follow","max-snippet":"max-snippet:-1","max-image-preview":"max-image-preview:large","max-video-preview":"max-video-preview:-1"},"canonical":"https:\/\/tugesto.com\/blog\/baja-laboral-cancer-mama\/","og_locale":"es_ES","og_type":"article","og_title":"Baja laboral por c\u00e1ncer de mama: todo al respecto | tugesto","og_description":"Te contamos los tipos de baja laboral por c\u00e1ncer de mama, as\u00ed como el impacto producido en los entornos laborales","og_url":"https:\/\/tugesto.com\/blog\/baja-laboral-cancer-mama\/","og_site_name":"Blog: \u00a1Aprende a emprender! | tugesto","article_publisher":"https:\/\/www.facebook.com\/tugesto\/","article_published_time":"2023-10-19T06:48:38+00:00","article_modified_time":"2024-05-16T10:02:15+00:00","og_image":[{"width":600,"height":400,"url":"https:\/\/tugesto.com\/blog\/wp-content\/uploads\/2023\/10\/baja-laboral-cancer-mama.jpg","type":"image\/jpeg"}],"author":"Amparo Carratala","twitter_card":"summary_large_image","twitter_misc":{"Escrito por":"Amparo Carratala","Tiempo de lectura":"4 minutos"},"schema":{"@context":"https:\/\/schema.org","@graph":[{"@type":"Article","@id":"https:\/\/tugesto.com\/blog\/baja-laboral-cancer-mama\/#article","isPartOf":{"@id":"https:\/\/tugesto.com\/blog\/baja-laboral-cancer-mama\/"},"author":{"name":"Amparo Carratala","@id":"https:\/\/tugesto.com\/blog\/#\/schema\/person\/2c70b34a36244511f4e51800f6121f80"},"headline":"Todo lo imprescindible sobre la baja laboral por c\u00e1ncer de mama","datePublished":"2023-10-19T06:48:38+00:00","dateModified":"2024-05-16T10:02:15+00:00","mainEntityOfPage":{"@id":"https:\/\/tugesto.com\/blog\/baja-laboral-cancer-mama\/"},"wordCount":718,"commentCount":0,"publisher":{"@id":"https:\/\/tugesto.com\/blog\/#organization"},"image":{"@id":"https:\/\/tugesto.com\/blog\/baja-laboral-cancer-mama\/#primaryimage"},"thumbnailUrl":"https:\/\/tugesto.com\/blog\/wp-content\/uploads\/2023\/10\/baja-laboral-cancer-mama.jpg","keywords":["aut\u00f3nomos","pymes"],"articleSection":["Recursos humanos"],"inLanguage":"es","potentialAction":[{"@type":"CommentAction","name":"Comment","target":["https:\/\/tugesto.com\/blog\/baja-laboral-cancer-mama\/#respond"]}]},{"@type":"WebPage","@id":"https:\/\/tugesto.com\/blog\/baja-laboral-cancer-mama\/","url":"https:\/\/tugesto.com\/blog\/baja-laboral-cancer-mama\/","name":"Baja laboral por c\u00e1ncer de mama: todo al respecto | tugesto","isPartOf":{"@id":"https:\/\/tugesto.com\/blog\/#website"},"primaryImageOfPage":{"@id":"https:\/\/tugesto.com\/blog\/baja-laboral-cancer-mama\/#primaryimage"},"image":{"@id":"https:\/\/tugesto.com\/blog\/baja-laboral-cancer-mama\/#primaryimage"},"thumbnailUrl":"https:\/\/tugesto.com\/blog\/wp-content\/uploads\/2023\/10\/baja-laboral-cancer-mama.jpg","datePublished":"2023-10-19T06:48:38+00:00","dateModified":"2024-05-16T10:02:15+00:00","description":"Te contamos los tipos de baja laboral por c\u00e1ncer de mama, as\u00ed como el impacto producido en los entornos laborales","breadcrumb":{"@id":"https:\/\/tugesto.com\/blog\/baja-laboral-cancer-mama\/#breadcrumb"},"inLanguage":"es","potentialAction":[{"@type":"ReadAction","target":["https:\/\/tugesto.com\/blog\/baja-laboral-cancer-mama\/"]}]},{"@type":"ImageObject","inLanguage":"es","@id":"https:\/\/tugesto.com\/blog\/baja-laboral-cancer-mama\/#primaryimage","url":"https:\/\/tugesto.com\/blog\/wp-content\/uploads\/2023\/10\/baja-laboral-cancer-mama.jpg","contentUrl":"https:\/\/tugesto.com\/blog\/wp-content\/uploads\/2023\/10\/baja-laboral-cancer-mama.jpg","width":600,"height":400,"caption":"Este tipo de baja tiene sus peculiaridades como el resto, por eso en este post te resumimos en qu\u00e9 consiste"},{"@type":"BreadcrumbList","@id":"https:\/\/tugesto.com\/blog\/baja-laboral-cancer-mama\/#breadcrumb","itemListElement":[{"@type":"ListItem","position":1,"name":"Home","item":"https:\/\/tugesto.com\/blog\/"},{"@type":"ListItem","position":2,"name":"Recursos humanos","item":"https:\/\/tugesto.com\/blog\/category\/recursos-humanos\/"},{"@type":"ListItem","position":3,"name":"Todo lo imprescindible sobre la baja laboral por c\u00e1ncer de mama"}]},{"@type":"WebSite","@id":"https:\/\/tugesto.com\/blog\/#website","url":"https:\/\/tugesto.com\/blog\/","name":"Blog tugesto","description":"\ud83d\udcda Blog especializado para aut\u00f3nomos y pymes. Encuentra semanalmente nuevos posts, recursos y gu\u00edas. La ayuda que necesitas para tu negocio.","publisher":{"@id":"https:\/\/tugesto.com\/blog\/#organization"},"potentialAction":[{"@type":"SearchAction","target":{"@type":"EntryPoint","urlTemplate":"https:\/\/tugesto.com\/blog\/?s={search_term_string}"},"query-input":{"@type":"PropertyValueSpecification","valueRequired":true,"valueName":"search_term_string"}}],"inLanguage":"es"},{"@type":"Organization","@id":"https:\/\/tugesto.com\/blog\/#organization","name":"tugesto","url":"https:\/\/tugesto.com\/blog\/","logo":{"@type":"ImageObject","inLanguage":"es","@id":"https:\/\/tugesto.com\/blog\/#\/schema\/logo\/image\/","url":"https:\/\/tugesto.com\/blog\/wp-content\/uploads\/2019\/06\/logo_tugesto.png","contentUrl":"https:\/\/tugesto.com\/blog\/wp-content\/uploads\/2019\/06\/logo_tugesto.png","width":190,"height":63,"caption":"tugesto"},"image":{"@id":"https:\/\/tugesto.com\/blog\/#\/schema\/logo\/image\/"},"sameAs":["https:\/\/www.facebook.com\/tugesto\/","https:\/\/www.instagram.com\/tugesto_online\/"]},{"@type":"Person","@id":"https:\/\/tugesto.com\/blog\/#\/schema\/person\/2c70b34a36244511f4e51800f6121f80","name":"Amparo Carratala","image":{"@type":"ImageObject","inLanguage":"es","@id":"https:\/\/tugesto.com\/blog\/#\/schema\/person\/image\/b285d77d385f0087818132665d0ade46","url":"https:\/\/tugesto.com\/blog\/wp-content\/uploads\/2024\/05\/amparo-carratala.png","contentUrl":"https:\/\/tugesto.com\/blog\/wp-content\/uploads\/2024\/05\/amparo-carratala.png","caption":"Amparo Carratala"},"description":"Gestora laboral, experta en n\u00f3minas"}]}},"authors":[{"term_id":1495,"user_id":9,"is_guest":0,"slug":"amparo-carratala","display_name":"Amparo Carratala","avatar_url":{"url":"https:\/\/tugesto.com\/blog\/wp-content\/uploads\/2024\/05\/amparo-carratala.png","url2x":"https:\/\/tugesto.com\/blog\/wp-content\/uploads\/2024\/05\/amparo-carratala.png"},"0":null,"1":"","2":"","3":"","4":"","5":"","6":"","7":"","8":""}],"_links":{"self":[{"href":"https:\/\/tugesto.com\/blog\/wp-json\/wp\/v2\/posts\/34715","targetHints":{"allow":["GET"]}}],"collection":[{"href":"https:\/\/tugesto.com\/blog\/wp-json\/wp\/v2\/posts"}],"about":[{"href":"https:\/\/tugesto.com\/blog\/wp-json\/wp\/v2\/types\/post"}],"author":[{"embeddable":true,"href":"https:\/\/tugesto.com\/blog\/wp-json\/wp\/v2\/users\/9"}],"replies":[{"embeddable":true,"href":"https:\/\/tugesto.com\/blog\/wp-json\/wp\/v2\/comments?post=34715"}],"version-history":[{"count":6,"href":"https:\/\/tugesto.com\/blog\/wp-json\/wp\/v2\/posts\/34715\/revisions"}],"predecessor-version":[{"id":35996,"href":"https:\/\/tugesto.com\/blog\/wp-json\/wp\/v2\/posts\/34715\/revisions\/35996"}],"wp:featuredmedia":[{"embeddable":true,"href":"https:\/\/tugesto.com\/blog\/wp-json\/wp\/v2\/media\/34716"}],"wp:attachment":[{"href":"https:\/\/tugesto.com\/blog\/wp-json\/wp\/v2\/media?parent=34715"}],"wp:term":[{"taxonomy":"category","embeddable":true,"href":"https:\/\/tugesto.com\/blog\/wp-json\/wp\/v2\/categories?post=34715"},{"taxonomy":"post_tag","embeddable":true,"href":"https:\/\/tugesto.com\/blog\/wp-json\/wp\/v2\/tags?post=34715"},{"taxonomy":"author","embeddable":true,"href":"https:\/\/tugesto.com\/blog\/wp-json\/wp\/v2\/ppma_author?post=34715"}],"curies":[{"name":"wp","href":"https:\/\/api.w.org\/{rel}","templated":true}]}}