{"id":33611,"date":"2023-09-07T08:19:55","date_gmt":"2023-09-07T06:19:55","guid":{"rendered":"https:\/\/tugesto.com\/blog\/?p=33611"},"modified":"2024-05-16T11:59:56","modified_gmt":"2024-05-16T09:59:56","slug":"me-pueden-despedir-vacaciones","status":"publish","type":"post","link":"https:\/\/tugesto.com\/blog\/me-pueden-despedir-vacaciones\/","title":{"rendered":"\u00bfMe pueden despedir estando de vacaciones?"},"content":{"rendered":"\t\t<div data-elementor-type=\"wp-post\" data-elementor-id=\"33611\" class=\"elementor elementor-33611\" data-elementor-post-type=\"post\">\n\t\t\t\t\t\t<section class=\"elementor-section elementor-top-section elementor-element elementor-element-691bc374 elementor-section-boxed elementor-section-height-default elementor-section-height-default\" data-id=\"691bc374\" data-element_type=\"section\" data-e-type=\"section\">\n\t\t\t\t\t\t<div class=\"elementor-container elementor-column-gap-default\">\n\t\t\t\t\t<div class=\"elementor-column elementor-col-100 elementor-top-column elementor-element elementor-element-72965d1f\" data-id=\"72965d1f\" data-element_type=\"column\" data-e-type=\"column\">\n\t\t\t<div class=\"elementor-widget-wrap elementor-element-populated\">\n\t\t\t\t\t\t<div class=\"elementor-element elementor-element-3cc8436a elementor-widget elementor-widget-text-editor\" data-id=\"3cc8436a\" data-element_type=\"widget\" data-e-type=\"widget\" data-widget_type=\"text-editor.default\">\n\t\t\t\t<div class=\"elementor-widget-container\">\n\t\t\t\t\t\t\t\t\t\n<p><span style=\"color: #4c4f54;\">El mundo laboral est\u00e1 lleno de complejidades legales y situaciones delicadas que pueden afectar tanto a los empleados como a los empleadores. <strong>Uno de los escenarios m\u00e1s desafiantes es el despido de un trabajador durante sus <a href=\"https:\/\/tugesto.com\/gestor-vacaciones\/\" target=\"_blank\" rel=\"noopener\">vacaciones<\/a><\/strong>. Por esta raz\u00f3n, muchos de ellos se preguntan \u201c\u00bfMe pueden despedir estando de vacaciones?\u201d<\/span><\/p>\n<p><span style=\"color: #4c4f54;\"><\/span><\/p>\n<p><span style=\"color: #4c4f54;\">Esta circunstancia plantea preguntas importantes sobre los <strong>derechos de los trabajadores, los procedimientos legales y las posibles consecuencias para ambas partes<\/strong>. Y es en este post de lo que hablaremos, conociendo detenidamente si es posible o no despedir a un trabajador mientras est\u00e1 de vacaciones y todo lo que conlleva este planteamiento.<\/span><\/p>\n<p><a href=\"http:\/\/tugesto.com\/asesoria-legal\" target=\"_blank\" rel=\"noopener\"><img fetchpriority=\"high\" decoding=\"async\" class=\"alignnone wp-image-14910 size-full\" src=\"https:\/\/tugesto.com\/blog\/wp-content\/uploads\/2020\/01\/asesoramiento-legal-consultas-legales-tugesto.jpg\" alt=\"Contacta con un abogado especializado con un solo clic\" width=\"1216\" height=\"367\" srcset=\"https:\/\/tugesto.com\/blog\/wp-content\/uploads\/2020\/01\/asesoramiento-legal-consultas-legales-tugesto.jpg 1216w, https:\/\/tugesto.com\/blog\/wp-content\/uploads\/2020\/01\/asesoramiento-legal-consultas-legales-tugesto-300x91.jpg 300w, https:\/\/tugesto.com\/blog\/wp-content\/uploads\/2020\/01\/asesoramiento-legal-consultas-legales-tugesto-1024x309.jpg 1024w, https:\/\/tugesto.com\/blog\/wp-content\/uploads\/2020\/01\/asesoramiento-legal-consultas-legales-tugesto-768x232.jpg 768w\" sizes=\"(max-width: 1216px) 100vw, 1216px\" \/><\/a><\/p>\n<p><span style=\"color: #4c4f54;\"><\/span><\/p>\n<h2><span style=\"color: #4c4f54;\">S\u00ed, me pueden despedir estando de vacaciones: derechos y procedimientos<\/span><\/h2>\n<p><span style=\"color: #4c4f54;\"><\/span><\/p>\n<p><span style=\"color: #4c4f54;\">Uno de los aspectos fundamentales del despido es el <strong>procedimiento adecuado que debe seguirse para llevarlo a cabo<\/strong>. En la mayor\u00eda de los pa\u00edses, el empleador debe notificar el despido de manera formal y por escrito.<\/span><\/p>\n<p><span style=\"color: #4c4f54;\"><\/span><\/p>\n<p><span style=\"color: #4c4f54;\">Esto significa que el despido <strong>debe ser notificado por escrito y fehacientemente al empleado<\/strong>, respetando as\u00ed sus derechos fundamentales y garantizando que se cumplan los requisitos formales.<\/span><\/p>\n<p><span style=\"color: #4c4f54;\"><\/span><\/p>\n<p><span style=\"color: #4c4f54;\">En muchos lugares, se exige que el empleador notifique el despido con un per\u00edodo de preaviso. Sin embargo, la situaci\u00f3n se complica cuando el despido ocurre mientras el empleado se encuentra disfrutando de sus vacaciones.<\/span><\/p>\n<p><span style=\"color: #4c4f54;\"><\/span><\/p>\n<p><span style=\"color: #4c4f54;\">En este caso, el empleador <strong>debe notificar el despido con antelaci\u00f3n suficiente para que el trabajador tenga conocimiento de su situaci\u00f3n laboral<\/strong>. Este tiempo de preaviso puede variar seg\u00fan las leyes laborales de cada jurisdicci\u00f3n.<\/span><\/p>\n<p><span style=\"color: #4c4f54;\"><\/span><\/p>\n<h3><span style=\"color: #4c4f54;\">El plazo de 20 d\u00edas y la papeleta de conciliaci\u00f3n laboral<\/span><\/h3>\n<p><span style=\"color: #4c4f54;\"><\/span><\/p>\n<p><span style=\"color: #4c4f54;\">En algunos casos, las leyes laborales establecen un per\u00edodo m\u00ednimo de preaviso antes de que un despido sea efectivo. Un ejemplo com\u00fan es el \u00abplazo de 20 d\u00edas\u00bb, que se refiere a un <strong>per\u00edodo de tiempo durante el cual el empleado debe ser notificado con al menos 20 d\u00edas de antelaci\u00f3n<\/strong> antes de que el despido sea v\u00e1lido. Esto es esencial para garantizar que el trabajador tenga tiempo suficiente para prepararse y tomar medidas adecuadas.<\/span><\/p>\n<p><span style=\"color: #4c4f54;\"><\/span><\/p>\n<p><span style=\"color: #4c4f54;\">Si un empleado considera que ha sido despedido injustamente durante sus vacaciones, puede tomar <strong>medidas legales<\/strong>. Esto suele involucrar la presentaci\u00f3n de una <strong>papeleta de conciliaci\u00f3n laboral<\/strong>, que es el primer paso para resolver conflictos entre empleadores y empleados. Esta papeleta busca iniciar un proceso de conciliaci\u00f3n en el que ambas partes intentan llegar a un acuerdo antes de recurrir a procedimientos legales m\u00e1s formales.<\/span><\/p>\n<p><span style=\"color: #4c4f54;\"><\/span><\/p>\n<p><span style=\"color: #4c4f54;\">Por tanto, s\u00ed. <strong>S\u00ed me pueden despedir estando de vacaciones siempre y cuando se cumplan estos plazos de aviso y la legislaci\u00f3n al respecto<\/strong>.<\/span><\/p>\n<p><a href=\"https:\/\/meetings-eu1.hubspot.com\/reuniones\/blog\" target=\"_blank\" rel=\"noopener\"><img decoding=\"async\" class=\"alignnone wp-image-36784 size-full\" src=\"https:\/\/tugesto.com\/blog\/wp-content\/uploads\/2024\/04\/conoce-plataforma-15-minutos.png\" alt=\"\" width=\"800\" height=\"241\" srcset=\"https:\/\/tugesto.com\/blog\/wp-content\/uploads\/2024\/04\/conoce-plataforma-15-minutos.png 800w, https:\/\/tugesto.com\/blog\/wp-content\/uploads\/2024\/04\/conoce-plataforma-15-minutos-300x90.png 300w, https:\/\/tugesto.com\/blog\/wp-content\/uploads\/2024\/04\/conoce-plataforma-15-minutos-768x231.png 768w\" sizes=\"(max-width: 800px) 100vw, 800px\" \/><\/a><\/p>\n<p><span style=\"color: #4c4f54;\"><\/span><\/p>\n<h3><span style=\"color: #4c4f54;\">Acto de conciliaci\u00f3n y sus posibles consecuencias<\/span><\/h3>\n<p><span style=\"color: #4c4f54;\"><\/span><\/p>\n<p><span style=\"color: #4c4f54;\">Una vez presentada la papeleta de conciliaci\u00f3n laboral, se procede a la celebraci\u00f3n del acto de conciliaci\u00f3n. En este punto, <strong>el trabajador y el empleador se re\u00fanen con un mediador para intentar resolver el conflicto<\/strong>.<\/span><\/p>\n<p><span style=\"color: #4c4f54;\"><\/span><\/p>\n<p><span style=\"color: #4c4f54;\">Si ambas partes llegan a un acuerdo, se evitar\u00e1 un proceso legal m\u00e1s prolongado. Sin embargo, <strong>si no se logra un acuerdo durante la conciliaci\u00f3n, el empleado tiene el derecho de presentar una demanda<\/strong> formal.<\/span><\/p>\n<p><span style=\"color: #4c4f54;\"><\/span><\/p>\n<h2><span style=\"color: #4c4f54;\">Pasos a seguir si me despiden estando de vacaciones<\/span><\/h2>\n<p><span style=\"color: #4c4f54;\"><\/span><\/p>\n<p><span style=\"color: #4c4f54;\">Como hemos visto a lo largo del post, efectivamente s\u00ed me pueden despedir estando de vacaciones. Por\u00a0 tanto, si esto sucede te resumimos los pasos a seguir correctamente:<\/span><\/p>\n<p><span style=\"color: #4c4f54;\"><\/span><\/p>\n<ol class=\"wp-block-list\" start=\"1\" type=\"1\">\n<li><span style=\"color: #4c4f54;\">Recibir la <strong>carta de despido<\/strong><\/span><\/li>\n\n<li><span style=\"color: #4c4f54;\">Comprobar que la carta de despido est\u00e1 <strong>correctamente redactada<\/strong><\/span><\/li>\n\n<li><span style=\"color: #4c4f54;\">Si la carta de despido no est\u00e1 correctamente redactada, puedes <strong>impugnarla<\/strong> ante los tribunales<\/span><\/li>\n\n<li><span style=\"color: #4c4f54;\">Presentar una <strong>papeleta de conciliaci\u00f3n laboral<\/strong> ante el Servicio de Mediaci\u00f3n, Arbitraje y Conciliaci\u00f3n (<a href=\"https:\/\/www.gva.es\/es\/inicio\/procedimientos?id_proc=G347\" target=\"_blank\" rel=\"noopener\">SMAC<\/a>)<\/span><\/li>\n\n<li><span style=\"color: #4c4f54;\">Celebrar el <strong>acto de conciliaci\u00f3n<\/strong><\/span><\/li>\n\n<li><span style=\"color: #4c4f54;\">Si el acto de conciliaci\u00f3n no es favorable, puedes presentar una <strong>demanda<\/strong> judicial contra la empresa<\/span><\/li>\n<\/ol>\n<p><span style=\"color: #4c4f54;\"><\/span><\/p>\n<h2><span style=\"color: #4c4f54;\">Consejos para reclamar un despido durante las vacaciones<\/span><\/h2>\n<p><span style=\"color: #4c4f54;\"><\/span><\/p>\n<p><span style=\"color: #4c4f54;\">Si te han despedido estando de vacaciones, debes seguir estos consejos para reclamar tu reingreso en el trabajo, la indemnizaci\u00f3n por da\u00f1os y perjuicios y los salarios dejados de percibir:<\/span><\/p>\n<p><span style=\"color: #4c4f54;\"><\/span><\/p>\n<ul class=\"wp-block-list\">\n<li><span style=\"color: #4c4f54;\"><strong>Guarda todos los documentos relacionados con tu despido<\/strong>, como la carta de despido, la n\u00f3mina de los \u00faltimos meses y los recibos de salarios.<\/span><\/li>\n\n<li><span style=\"color: #4c4f54;\">Presenta una <strong>papeleta de conciliaci\u00f3n laboral en el plazo de 15 d\u00edas<\/strong> <strong>h\u00e1biles<\/strong> a partir de la fecha del despido.<\/span><\/li>\n\n<li><span style=\"color: #4c4f54;\">Celebra el <strong>acto de conciliaci\u00f3n laboral en el plazo de 15 d\u00edas h\u00e1biles<\/strong> a partir de la presentaci\u00f3n de la papeleta de conciliaci\u00f3n.<\/span><\/li>\n\n<li><span style=\"color: #4c4f54;\">Si no se llega a un acuerdo en el acto de conciliaci\u00f3n, puedes presentar una <strong>demanda ante el Juzgado de lo Social en el plazo de 20 d\u00edas h\u00e1biles<\/strong> a partir de la fecha del acto de conciliaci\u00f3n.<\/span><\/li>\n<\/ul>\n<p><span style=\"color: #4c4f54;\"><\/span><\/p>\n<p><span style=\"color: #4c4f54;\">En tu demanda, debes <strong>reclamar tu reingreso en el trabajo, la indemnizaci\u00f3n por da\u00f1os y perjuicios y los salarios dejados de percibir<\/strong>. Debes adjuntar a tu demanda todos los documentos que hayas conservado.<\/span><\/p>\n<p><span style=\"color: #4c4f54;\"><\/span><\/p>\n<p><span style=\"color: #4c4f54;\">Tambi\u00e9n debes solicitar al juez que requiera al empresario para que te entregue los siguientes documentos:<\/span><\/p>\n<p><span style=\"color: #4c4f54;\"><\/span><\/p>\n<ul class=\"wp-block-list\">\n<li><span style=\"color: #4c4f54;\">La <strong>copia de la carta de despido<\/strong><\/span><\/li>\n\n<li><span style=\"color: #4c4f54;\">La <strong>copia de la n\u00f3mina<\/strong> de los \u00faltimos meses<\/span><\/li>\n\n<li><span style=\"color: #4c4f54;\">La <strong>copia de los recibos de salarios<\/strong><\/span><\/li>\n\n<li><span style=\"color: #4c4f54;\">Cualquier otro documento relacionado con tu despido<\/span><\/li>\n<\/ul>\n<p><a href=\"http:\/\/tugesto.com\/software-portal-empleado\" target=\"_blank\" rel=\"noopener\"><img decoding=\"async\" class=\"alignnone wp-image-20318 size-full\" src=\"https:\/\/tugesto.com\/blog\/wp-content\/uploads\/2021\/07\/Portal_empleado_laboral.png\" alt=\"mejora tu clima interno con un portal del empleado\" width=\"800\" height=\"241\" srcset=\"https:\/\/tugesto.com\/blog\/wp-content\/uploads\/2021\/07\/Portal_empleado_laboral.png 800w, https:\/\/tugesto.com\/blog\/wp-content\/uploads\/2021\/07\/Portal_empleado_laboral-300x90.png 300w, https:\/\/tugesto.com\/blog\/wp-content\/uploads\/2021\/07\/Portal_empleado_laboral-768x231.png 768w\" sizes=\"(max-width: 800px) 100vw, 800px\" \/><\/a><\/p>\n<p><span style=\"color: #4c4f54;\"><\/span><\/p>\n<h2><span style=\"color: #4c4f54;\">Despido nulo y discriminaci\u00f3n del trabajador<\/span><\/h2>\n<p><span style=\"color: #4c4f54;\"><\/span><\/p>\n<p><span style=\"color: #4c4f54;\">Es importante destacar que, <strong>si el empleado considera que el motivo del despido est\u00e1 relacionado con una discriminaci\u00f3n<\/strong>, como la discriminaci\u00f3n de g\u00e9nero, raza, orientaci\u00f3n sexual o discapacidad, el despido <strong>podr\u00eda ser declarado nulo<\/strong>. <\/span><\/p>\n<p><span style=\"color: #4c4f54;\">En este caso, se considerar\u00eda que el despido no tiene validez debido a la <strong>violaci\u00f3n de los derechos fundamentales del trabajador<\/strong>.<\/span><\/p>\n<p><span style=\"color: #4c4f54;\"><\/span><\/p>\n<p><span style=\"color: #4c4f54;\">En situaciones en las que se haya producido una discriminaci\u00f3n del trabajador, el tribunal podr\u00eda<strong> declarar el despido nulo y ordenar la reintegraci\u00f3n del empleado en su puesto de trabajo<\/strong>, adem\u00e1s de otorgar posibles indemnizaciones por los salarios dejados de percibir y el malestar sufrido.<\/span><\/p>\n<p><span style=\"color: #4c4f54;\"><\/span><\/p>\n<p><span style=\"color: #4c4f54;\">En definitiva,<strong> s\u00ed me pueden despedir estando de vacaciones pero no por este motivo, sino que debe estar justificado y no se debe tratar nunca de cuestiones como discriminaci\u00f3n<\/strong> de cualquier tipo, por ejemplo, como veremos a continuaci\u00f3n.<\/span><\/p>\n<p><span style=\"color: #4c4f54;\"><\/span><\/p>\n<h2><span style=\"color: #4c4f54;\">Despido improcedente y causas objetivas<\/span><\/h2>\n<p><span style=\"color: #4c4f54;\"><\/span><\/p>\n<p><span style=\"color: #4c4f54;\">Si el despido durante las vacaciones no est\u00e1 relacionado con una discriminaci\u00f3n, el empleado a\u00fan podr\u00eda tener opciones legales en funci\u00f3n de las leyes laborales de su pa\u00eds. <\/span><\/p>\n<p><span style=\"color: #4c4f54;\">En nuestro pa\u00eds, <strong>si la empresa no cumple con los procedimientos adecuados o no presenta una causa objetiva y v\u00e1lida para el despido, este podr\u00eda ser considerado improcedente<\/strong>.<\/span><\/p>\n<p><span style=\"color: #4c4f54;\"><\/span><\/p>\n<p><span style=\"color: #4c4f54;\">Un despido improcedente puede tener consecuencias financieras significativas para la empresa, ya que podr\u00eda ser requerido para <strong>abonar una indemnizaci\u00f3n equivalente a la antig\u00fcedad y salarios dejados de percibir<\/strong>. Esto est\u00e1 dise\u00f1ado para compensar al empleado por la terminaci\u00f3n injusta de su contrato laboral.<\/span><\/p>\n<p><span style=\"color: #4c4f54;\"><\/span><\/p>\n<h3><span style=\"color: #4c4f54;\"><strong>Tiempo para presentar una demanda y sentencia del Tribunal Constitucional<\/strong><\/span><\/h3>\n<p><span style=\"color: #4c4f54;\"><\/span><\/p>\n<p><span style=\"color: #4c4f54;\">Si un empleado decide <strong>impugnar el despido<\/strong>, generalmente hay un plazo establecido durante el cual debe presentar una demanda formal ante los tribunales laborales. <\/span><\/p>\n<p><span style=\"color: #4c4f54;\">Este per\u00edodo de tiempo puede variar seg\u00fan las leyes de cada jurisdicci\u00f3n, pero es importante que el empleado act\u00fae dentro de este marco para proteger sus derechos. <\/span><\/p>\n<p><span style=\"color: #4c4f54;\">En algunos casos, las sentencias del Tribunal Constitucional pueden tener un impacto significativo en c\u00f3mo se interpretan y aplican las leyes laborales relacionadas con el despido. <\/span><\/p>\n<p><span style=\"color: #4c4f54;\">Estas sentencias pueden establecer precedentes y aclarar cuestiones legales ambiguas, lo que a su vez afecta las decisiones futuras en casos similares.<\/span><\/p>\n<p><a href=\"http:\/\/tugesto.com\/gestor-vacaciones\" target=\"_blank\" rel=\"noopener\"><img loading=\"lazy\" decoding=\"async\" class=\"alignnone wp-image-20316 size-full\" src=\"https:\/\/tugesto.com\/blog\/wp-content\/uploads\/2021\/07\/Calendario_ausencias_laboral.png\" alt=\"digitaliza-solicitudes-ausencias\" width=\"800\" height=\"241\" srcset=\"https:\/\/tugesto.com\/blog\/wp-content\/uploads\/2021\/07\/Calendario_ausencias_laboral.png 800w, https:\/\/tugesto.com\/blog\/wp-content\/uploads\/2021\/07\/Calendario_ausencias_laboral-300x90.png 300w, https:\/\/tugesto.com\/blog\/wp-content\/uploads\/2021\/07\/Calendario_ausencias_laboral-768x231.png 768w\" sizes=\"(max-width: 800px) 100vw, 800px\" \/><\/a><\/p>\n\t\t\t\t\t\t\t\t<\/div>\n\t\t\t\t<\/div>\n\t\t\t\t\t<\/div>\n\t\t<\/div>\n\t\t\t\t\t<\/div>\n\t\t<\/section>\n\t\t\t\t<\/div>\n\t\t","protected":false},"excerpt":{"rendered":"<p>El mundo laboral est\u00e1 lleno de complejidades legales y situaciones delicadas que pueden afectar tanto a los empleados como a los empleadores. Uno de los escenarios m\u00e1s desafiantes es el despido de un trabajador durante sus vacaciones. Por esta raz\u00f3n, muchos de ellos se preguntan \u201c\u00bfMe pueden despedir estando de vacaciones?\u201d Esta circunstancia plantea preguntas [&hellip;]<\/p>\n","protected":false},"author":10,"featured_media":33612,"comment_status":"open","ping_status":"open","sticky":false,"template":"","format":"standard","meta":{"_eb_attr":"","content-type":"","footnotes":""},"categories":[1263],"tags":[36,1306,38],"ppma_author":[1496],"class_list":["post-33611","post","type-post","status-publish","format-standard","has-post-thumbnail","hentry","category-recursos-humanos","tag-autonomos","tag-legal","tag-pymes"],"yoast_head":"<!-- This site is optimized with the Yoast SEO plugin v27.5 - https:\/\/yoast.com\/product\/yoast-seo-wordpress\/ -->\n<title>\u00bfMe pueden despedir estando de vacaciones? | tugesto<\/title>\n<meta name=\"description\" content=\"La respuesta es s\u00ed, s\u00ed me pueden despedir estando de vacaciones y te contamos los aspectos legales a continuaci\u00f3n\" \/>\n<meta name=\"robots\" content=\"index, follow, max-snippet:-1, max-image-preview:large, max-video-preview:-1\" \/>\n<link rel=\"canonical\" href=\"https:\/\/tugesto.com\/blog\/me-pueden-despedir-vacaciones\/\" \/>\n<meta property=\"og:locale\" content=\"es_ES\" \/>\n<meta property=\"og:type\" content=\"article\" \/>\n<meta property=\"og:title\" content=\"\u00bfMe pueden despedir estando de vacaciones? | tugesto\" \/>\n<meta property=\"og:description\" content=\"La respuesta es s\u00ed, s\u00ed me pueden despedir estando de vacaciones y te contamos los aspectos legales a continuaci\u00f3n\" \/>\n<meta property=\"og:url\" content=\"https:\/\/tugesto.com\/blog\/me-pueden-despedir-vacaciones\/\" \/>\n<meta property=\"og:site_name\" content=\"Blog: \u00a1Aprende a emprender! | tugesto\" \/>\n<meta property=\"article:publisher\" content=\"https:\/\/www.facebook.com\/tugesto\/\" \/>\n<meta property=\"article:published_time\" content=\"2023-09-07T06:19:55+00:00\" \/>\n<meta property=\"article:modified_time\" content=\"2024-05-16T09:59:56+00:00\" \/>\n<meta property=\"og:image\" content=\"https:\/\/tugesto.com\/blog\/wp-content\/uploads\/2023\/09\/me-pueden-despedir-estando-de-vacaciones.jpg\" \/>\n\t<meta property=\"og:image:width\" content=\"600\" \/>\n\t<meta property=\"og:image:height\" content=\"400\" \/>\n\t<meta property=\"og:image:type\" content=\"image\/jpeg\" \/>\n<meta name=\"author\" content=\"Sandra Mill\u00e1n\" \/>\n<meta name=\"twitter:card\" content=\"summary_large_image\" \/>\n<meta name=\"twitter:label1\" content=\"Escrito por\" \/>\n\t<meta name=\"twitter:data1\" content=\"Sandra Mill\u00e1n\" \/>\n\t<meta name=\"twitter:label2\" content=\"Tiempo de lectura\" \/>\n\t<meta name=\"twitter:data2\" content=\"7 minutos\" \/>\n<script type=\"application\/ld+json\" class=\"yoast-schema-graph\">{\"@context\":\"https:\\\/\\\/schema.org\",\"@graph\":[{\"@type\":\"Article\",\"@id\":\"https:\\\/\\\/tugesto.com\\\/blog\\\/me-pueden-despedir-vacaciones\\\/#article\",\"isPartOf\":{\"@id\":\"https:\\\/\\\/tugesto.com\\\/blog\\\/me-pueden-despedir-vacaciones\\\/\"},\"author\":{\"name\":\"Sandra Mill\u00e1n\",\"@id\":\"https:\\\/\\\/tugesto.com\\\/blog\\\/#\\\/schema\\\/person\\\/87834957d1c8d5a90180c8ce6b0e5e46\"},\"headline\":\"\u00bfMe pueden despedir estando de vacaciones?\",\"datePublished\":\"2023-09-07T06:19:55+00:00\",\"dateModified\":\"2024-05-16T09:59:56+00:00\",\"mainEntityOfPage\":{\"@id\":\"https:\\\/\\\/tugesto.com\\\/blog\\\/me-pueden-despedir-vacaciones\\\/\"},\"wordCount\":1267,\"commentCount\":0,\"publisher\":{\"@id\":\"https:\\\/\\\/tugesto.com\\\/blog\\\/#organization\"},\"image\":{\"@id\":\"https:\\\/\\\/tugesto.com\\\/blog\\\/me-pueden-despedir-vacaciones\\\/#primaryimage\"},\"thumbnailUrl\":\"https:\\\/\\\/tugesto.com\\\/blog\\\/wp-content\\\/uploads\\\/2023\\\/09\\\/me-pueden-despedir-estando-de-vacaciones.jpg\",\"keywords\":[\"aut\u00f3nomos\",\"legal\",\"pymes\"],\"articleSection\":[\"Recursos humanos\"],\"inLanguage\":\"es\",\"potentialAction\":[{\"@type\":\"CommentAction\",\"name\":\"Comment\",\"target\":[\"https:\\\/\\\/tugesto.com\\\/blog\\\/me-pueden-despedir-vacaciones\\\/#respond\"]}]},{\"@type\":\"WebPage\",\"@id\":\"https:\\\/\\\/tugesto.com\\\/blog\\\/me-pueden-despedir-vacaciones\\\/\",\"url\":\"https:\\\/\\\/tugesto.com\\\/blog\\\/me-pueden-despedir-vacaciones\\\/\",\"name\":\"\u00bfMe pueden despedir estando de vacaciones? | tugesto\",\"isPartOf\":{\"@id\":\"https:\\\/\\\/tugesto.com\\\/blog\\\/#website\"},\"primaryImageOfPage\":{\"@id\":\"https:\\\/\\\/tugesto.com\\\/blog\\\/me-pueden-despedir-vacaciones\\\/#primaryimage\"},\"image\":{\"@id\":\"https:\\\/\\\/tugesto.com\\\/blog\\\/me-pueden-despedir-vacaciones\\\/#primaryimage\"},\"thumbnailUrl\":\"https:\\\/\\\/tugesto.com\\\/blog\\\/wp-content\\\/uploads\\\/2023\\\/09\\\/me-pueden-despedir-estando-de-vacaciones.jpg\",\"datePublished\":\"2023-09-07T06:19:55+00:00\",\"dateModified\":\"2024-05-16T09:59:56+00:00\",\"description\":\"La respuesta es s\u00ed, s\u00ed me pueden despedir estando de vacaciones y te contamos los aspectos legales a continuaci\u00f3n\",\"breadcrumb\":{\"@id\":\"https:\\\/\\\/tugesto.com\\\/blog\\\/me-pueden-despedir-vacaciones\\\/#breadcrumb\"},\"inLanguage\":\"es\",\"potentialAction\":[{\"@type\":\"ReadAction\",\"target\":[\"https:\\\/\\\/tugesto.com\\\/blog\\\/me-pueden-despedir-vacaciones\\\/\"]}]},{\"@type\":\"ImageObject\",\"inLanguage\":\"es\",\"@id\":\"https:\\\/\\\/tugesto.com\\\/blog\\\/me-pueden-despedir-vacaciones\\\/#primaryimage\",\"url\":\"https:\\\/\\\/tugesto.com\\\/blog\\\/wp-content\\\/uploads\\\/2023\\\/09\\\/me-pueden-despedir-estando-de-vacaciones.jpg\",\"contentUrl\":\"https:\\\/\\\/tugesto.com\\\/blog\\\/wp-content\\\/uploads\\\/2023\\\/09\\\/me-pueden-despedir-estando-de-vacaciones.jpg\",\"width\":600,\"height\":400,\"caption\":\"Muy atento\\\/a a este post porque te contamos por qu\u00e9 s\u00ed pueden despedir a pesar de estar de vacaciones\"},{\"@type\":\"BreadcrumbList\",\"@id\":\"https:\\\/\\\/tugesto.com\\\/blog\\\/me-pueden-despedir-vacaciones\\\/#breadcrumb\",\"itemListElement\":[{\"@type\":\"ListItem\",\"position\":1,\"name\":\"Home\",\"item\":\"https:\\\/\\\/tugesto.com\\\/blog\\\/\"},{\"@type\":\"ListItem\",\"position\":2,\"name\":\"Recursos humanos\",\"item\":\"https:\\\/\\\/tugesto.com\\\/blog\\\/category\\\/recursos-humanos\\\/\"},{\"@type\":\"ListItem\",\"position\":3,\"name\":\"\u00bfMe pueden despedir estando de vacaciones?\"}]},{\"@type\":\"WebSite\",\"@id\":\"https:\\\/\\\/tugesto.com\\\/blog\\\/#website\",\"url\":\"https:\\\/\\\/tugesto.com\\\/blog\\\/\",\"name\":\"Blog tugesto\",\"description\":\"\ud83d\udcda Blog especializado para aut\u00f3nomos y pymes. Encuentra semanalmente nuevos posts, recursos y gu\u00edas. La ayuda que necesitas para tu negocio.\",\"publisher\":{\"@id\":\"https:\\\/\\\/tugesto.com\\\/blog\\\/#organization\"},\"potentialAction\":[{\"@type\":\"SearchAction\",\"target\":{\"@type\":\"EntryPoint\",\"urlTemplate\":\"https:\\\/\\\/tugesto.com\\\/blog\\\/?s={search_term_string}\"},\"query-input\":{\"@type\":\"PropertyValueSpecification\",\"valueRequired\":true,\"valueName\":\"search_term_string\"}}],\"inLanguage\":\"es\"},{\"@type\":\"Organization\",\"@id\":\"https:\\\/\\\/tugesto.com\\\/blog\\\/#organization\",\"name\":\"tugesto\",\"url\":\"https:\\\/\\\/tugesto.com\\\/blog\\\/\",\"logo\":{\"@type\":\"ImageObject\",\"inLanguage\":\"es\",\"@id\":\"https:\\\/\\\/tugesto.com\\\/blog\\\/#\\\/schema\\\/logo\\\/image\\\/\",\"url\":\"https:\\\/\\\/tugesto.com\\\/blog\\\/wp-content\\\/uploads\\\/2019\\\/06\\\/logo_tugesto.png\",\"contentUrl\":\"https:\\\/\\\/tugesto.com\\\/blog\\\/wp-content\\\/uploads\\\/2019\\\/06\\\/logo_tugesto.png\",\"width\":190,\"height\":63,\"caption\":\"tugesto\"},\"image\":{\"@id\":\"https:\\\/\\\/tugesto.com\\\/blog\\\/#\\\/schema\\\/logo\\\/image\\\/\"},\"sameAs\":[\"https:\\\/\\\/www.facebook.com\\\/tugesto\\\/\",\"https:\\\/\\\/www.instagram.com\\\/tugesto_online\\\/\"]},{\"@type\":\"Person\",\"@id\":\"https:\\\/\\\/tugesto.com\\\/blog\\\/#\\\/schema\\\/person\\\/87834957d1c8d5a90180c8ce6b0e5e46\",\"name\":\"Sandra Mill\u00e1n\",\"image\":{\"@type\":\"ImageObject\",\"inLanguage\":\"es\",\"@id\":\"https:\\\/\\\/tugesto.com\\\/blog\\\/wp-content\\\/uploads\\\/2024\\\/05\\\/sandra-millan.pngf6fce71eda6c49ed111103acfed3c857\",\"url\":\"https:\\\/\\\/tugesto.com\\\/blog\\\/wp-content\\\/uploads\\\/2024\\\/05\\\/sandra-millan.png\",\"contentUrl\":\"https:\\\/\\\/tugesto.com\\\/blog\\\/wp-content\\\/uploads\\\/2024\\\/05\\\/sandra-millan.png\",\"caption\":\"Sandra Mill\u00e1n\"},\"description\":\"Gestora laboral, graduada en Relaciones Laborales y RRHH\"}]}<\/script>\n<!-- \/ Yoast SEO plugin. -->","yoast_head_json":{"title":"\u00bfMe pueden despedir estando de vacaciones? | tugesto","description":"La respuesta es s\u00ed, s\u00ed me pueden despedir estando de vacaciones y te contamos los aspectos legales a continuaci\u00f3n","robots":{"index":"index","follow":"follow","max-snippet":"max-snippet:-1","max-image-preview":"max-image-preview:large","max-video-preview":"max-video-preview:-1"},"canonical":"https:\/\/tugesto.com\/blog\/me-pueden-despedir-vacaciones\/","og_locale":"es_ES","og_type":"article","og_title":"\u00bfMe pueden despedir estando de vacaciones? | tugesto","og_description":"La respuesta es s\u00ed, s\u00ed me pueden despedir estando de vacaciones y te contamos los aspectos legales a continuaci\u00f3n","og_url":"https:\/\/tugesto.com\/blog\/me-pueden-despedir-vacaciones\/","og_site_name":"Blog: \u00a1Aprende a emprender! | tugesto","article_publisher":"https:\/\/www.facebook.com\/tugesto\/","article_published_time":"2023-09-07T06:19:55+00:00","article_modified_time":"2024-05-16T09:59:56+00:00","og_image":[{"width":600,"height":400,"url":"https:\/\/tugesto.com\/blog\/wp-content\/uploads\/2023\/09\/me-pueden-despedir-estando-de-vacaciones.jpg","type":"image\/jpeg"}],"author":"Sandra Mill\u00e1n","twitter_card":"summary_large_image","twitter_misc":{"Escrito por":"Sandra Mill\u00e1n","Tiempo de lectura":"7 minutos"},"schema":{"@context":"https:\/\/schema.org","@graph":[{"@type":"Article","@id":"https:\/\/tugesto.com\/blog\/me-pueden-despedir-vacaciones\/#article","isPartOf":{"@id":"https:\/\/tugesto.com\/blog\/me-pueden-despedir-vacaciones\/"},"author":{"name":"Sandra Mill\u00e1n","@id":"https:\/\/tugesto.com\/blog\/#\/schema\/person\/87834957d1c8d5a90180c8ce6b0e5e46"},"headline":"\u00bfMe pueden despedir estando de vacaciones?","datePublished":"2023-09-07T06:19:55+00:00","dateModified":"2024-05-16T09:59:56+00:00","mainEntityOfPage":{"@id":"https:\/\/tugesto.com\/blog\/me-pueden-despedir-vacaciones\/"},"wordCount":1267,"commentCount":0,"publisher":{"@id":"https:\/\/tugesto.com\/blog\/#organization"},"image":{"@id":"https:\/\/tugesto.com\/blog\/me-pueden-despedir-vacaciones\/#primaryimage"},"thumbnailUrl":"https:\/\/tugesto.com\/blog\/wp-content\/uploads\/2023\/09\/me-pueden-despedir-estando-de-vacaciones.jpg","keywords":["aut\u00f3nomos","legal","pymes"],"articleSection":["Recursos humanos"],"inLanguage":"es","potentialAction":[{"@type":"CommentAction","name":"Comment","target":["https:\/\/tugesto.com\/blog\/me-pueden-despedir-vacaciones\/#respond"]}]},{"@type":"WebPage","@id":"https:\/\/tugesto.com\/blog\/me-pueden-despedir-vacaciones\/","url":"https:\/\/tugesto.com\/blog\/me-pueden-despedir-vacaciones\/","name":"\u00bfMe pueden despedir estando de vacaciones? | tugesto","isPartOf":{"@id":"https:\/\/tugesto.com\/blog\/#website"},"primaryImageOfPage":{"@id":"https:\/\/tugesto.com\/blog\/me-pueden-despedir-vacaciones\/#primaryimage"},"image":{"@id":"https:\/\/tugesto.com\/blog\/me-pueden-despedir-vacaciones\/#primaryimage"},"thumbnailUrl":"https:\/\/tugesto.com\/blog\/wp-content\/uploads\/2023\/09\/me-pueden-despedir-estando-de-vacaciones.jpg","datePublished":"2023-09-07T06:19:55+00:00","dateModified":"2024-05-16T09:59:56+00:00","description":"La respuesta es s\u00ed, s\u00ed me pueden despedir estando de vacaciones y te contamos los aspectos legales a continuaci\u00f3n","breadcrumb":{"@id":"https:\/\/tugesto.com\/blog\/me-pueden-despedir-vacaciones\/#breadcrumb"},"inLanguage":"es","potentialAction":[{"@type":"ReadAction","target":["https:\/\/tugesto.com\/blog\/me-pueden-despedir-vacaciones\/"]}]},{"@type":"ImageObject","inLanguage":"es","@id":"https:\/\/tugesto.com\/blog\/me-pueden-despedir-vacaciones\/#primaryimage","url":"https:\/\/tugesto.com\/blog\/wp-content\/uploads\/2023\/09\/me-pueden-despedir-estando-de-vacaciones.jpg","contentUrl":"https:\/\/tugesto.com\/blog\/wp-content\/uploads\/2023\/09\/me-pueden-despedir-estando-de-vacaciones.jpg","width":600,"height":400,"caption":"Muy atento\/a a este post porque te contamos por qu\u00e9 s\u00ed pueden despedir a pesar de estar de vacaciones"},{"@type":"BreadcrumbList","@id":"https:\/\/tugesto.com\/blog\/me-pueden-despedir-vacaciones\/#breadcrumb","itemListElement":[{"@type":"ListItem","position":1,"name":"Home","item":"https:\/\/tugesto.com\/blog\/"},{"@type":"ListItem","position":2,"name":"Recursos humanos","item":"https:\/\/tugesto.com\/blog\/category\/recursos-humanos\/"},{"@type":"ListItem","position":3,"name":"\u00bfMe pueden despedir estando de vacaciones?"}]},{"@type":"WebSite","@id":"https:\/\/tugesto.com\/blog\/#website","url":"https:\/\/tugesto.com\/blog\/","name":"Blog tugesto","description":"\ud83d\udcda Blog especializado para aut\u00f3nomos y pymes. Encuentra semanalmente nuevos posts, recursos y gu\u00edas. La ayuda que necesitas para tu negocio.","publisher":{"@id":"https:\/\/tugesto.com\/blog\/#organization"},"potentialAction":[{"@type":"SearchAction","target":{"@type":"EntryPoint","urlTemplate":"https:\/\/tugesto.com\/blog\/?s={search_term_string}"},"query-input":{"@type":"PropertyValueSpecification","valueRequired":true,"valueName":"search_term_string"}}],"inLanguage":"es"},{"@type":"Organization","@id":"https:\/\/tugesto.com\/blog\/#organization","name":"tugesto","url":"https:\/\/tugesto.com\/blog\/","logo":{"@type":"ImageObject","inLanguage":"es","@id":"https:\/\/tugesto.com\/blog\/#\/schema\/logo\/image\/","url":"https:\/\/tugesto.com\/blog\/wp-content\/uploads\/2019\/06\/logo_tugesto.png","contentUrl":"https:\/\/tugesto.com\/blog\/wp-content\/uploads\/2019\/06\/logo_tugesto.png","width":190,"height":63,"caption":"tugesto"},"image":{"@id":"https:\/\/tugesto.com\/blog\/#\/schema\/logo\/image\/"},"sameAs":["https:\/\/www.facebook.com\/tugesto\/","https:\/\/www.instagram.com\/tugesto_online\/"]},{"@type":"Person","@id":"https:\/\/tugesto.com\/blog\/#\/schema\/person\/87834957d1c8d5a90180c8ce6b0e5e46","name":"Sandra Mill\u00e1n","image":{"@type":"ImageObject","inLanguage":"es","@id":"https:\/\/tugesto.com\/blog\/wp-content\/uploads\/2024\/05\/sandra-millan.pngf6fce71eda6c49ed111103acfed3c857","url":"https:\/\/tugesto.com\/blog\/wp-content\/uploads\/2024\/05\/sandra-millan.png","contentUrl":"https:\/\/tugesto.com\/blog\/wp-content\/uploads\/2024\/05\/sandra-millan.png","caption":"Sandra Mill\u00e1n"},"description":"Gestora laboral, graduada en Relaciones Laborales y RRHH"}]}},"authors":[{"term_id":1496,"user_id":10,"is_guest":0,"slug":"sandra-millan","display_name":"Sandra Mill\u00e1n","avatar_url":{"url":"https:\/\/tugesto.com\/blog\/wp-content\/uploads\/2024\/05\/sandra-millan.png","url2x":"https:\/\/tugesto.com\/blog\/wp-content\/uploads\/2024\/05\/sandra-millan.png"},"0":null,"1":"","2":"","3":"","4":"","5":"","6":"","7":"","8":""}],"_links":{"self":[{"href":"https:\/\/tugesto.com\/blog\/wp-json\/wp\/v2\/posts\/33611","targetHints":{"allow":["GET"]}}],"collection":[{"href":"https:\/\/tugesto.com\/blog\/wp-json\/wp\/v2\/posts"}],"about":[{"href":"https:\/\/tugesto.com\/blog\/wp-json\/wp\/v2\/types\/post"}],"author":[{"embeddable":true,"href":"https:\/\/tugesto.com\/blog\/wp-json\/wp\/v2\/users\/10"}],"replies":[{"embeddable":true,"href":"https:\/\/tugesto.com\/blog\/wp-json\/wp\/v2\/comments?post=33611"}],"version-history":[{"count":11,"href":"https:\/\/tugesto.com\/blog\/wp-json\/wp\/v2\/posts\/33611\/revisions"}],"predecessor-version":[{"id":36951,"href":"https:\/\/tugesto.com\/blog\/wp-json\/wp\/v2\/posts\/33611\/revisions\/36951"}],"wp:featuredmedia":[{"embeddable":true,"href":"https:\/\/tugesto.com\/blog\/wp-json\/wp\/v2\/media\/33612"}],"wp:attachment":[{"href":"https:\/\/tugesto.com\/blog\/wp-json\/wp\/v2\/media?parent=33611"}],"wp:term":[{"taxonomy":"category","embeddable":true,"href":"https:\/\/tugesto.com\/blog\/wp-json\/wp\/v2\/categories?post=33611"},{"taxonomy":"post_tag","embeddable":true,"href":"https:\/\/tugesto.com\/blog\/wp-json\/wp\/v2\/tags?post=33611"},{"taxonomy":"author","embeddable":true,"href":"https:\/\/tugesto.com\/blog\/wp-json\/wp\/v2\/ppma_author?post=33611"}],"curies":[{"name":"wp","href":"https:\/\/api.w.org\/{rel}","templated":true}]}}