{"id":32971,"date":"2023-08-22T07:54:30","date_gmt":"2023-08-22T05:54:30","guid":{"rendered":"https:\/\/tugesto.com\/blog\/?p=32971"},"modified":"2024-05-16T11:58:57","modified_gmt":"2024-05-16T09:58:57","slug":"semana-mundial-agua-2023","status":"publish","type":"post","link":"https:\/\/tugesto.com\/blog\/semana-mundial-agua-2023\/","title":{"rendered":"Semana mundial del agua 2023: tips para un uso responsable en oficinas"},"content":{"rendered":"\t\t<div data-elementor-type=\"wp-post\" data-elementor-id=\"32971\" class=\"elementor elementor-32971\" data-elementor-post-type=\"post\">\n\t\t\t\t\t\t<section class=\"elementor-section elementor-top-section elementor-element elementor-element-f0fc5e8 elementor-section-boxed elementor-section-height-default elementor-section-height-default\" data-id=\"f0fc5e8\" data-element_type=\"section\" data-e-type=\"section\">\n\t\t\t\t\t\t<div class=\"elementor-container elementor-column-gap-default\">\n\t\t\t\t\t<div class=\"elementor-column elementor-col-100 elementor-top-column elementor-element elementor-element-97eb799\" data-id=\"97eb799\" data-element_type=\"column\" data-e-type=\"column\">\n\t\t\t<div class=\"elementor-widget-wrap elementor-element-populated\">\n\t\t\t\t\t\t<div class=\"elementor-element elementor-element-6b99bf2 elementor-widget elementor-widget-text-editor\" data-id=\"6b99bf2\" data-element_type=\"widget\" data-e-type=\"widget\" data-widget_type=\"text-editor.default\">\n\t\t\t\t<div class=\"elementor-widget-container\">\n\t\t\t\t\t\t\t\t\t<p><span style=\"color: #4c4f54;\">\u00a1Damos la bienvenida a la Semana Mundial del Agua 2023!<\/span><\/p><p><span style=\"color: #4c4f54;\">El agua es uno de los elementos que m\u00e1s importancia tiene en el planeta, no solo para las personas, sino tambi\u00e9n para la flora y fauna que nos rodea. <\/span><\/p><p><span style=\"color: #4c4f54;\">Conscientes de esta relevancia, desde el a\u00f1o 1991 se celebra <strong>la conferencia de la semana mundial del agua<\/strong> durante los \u00faltimos d\u00edas de agosto y principios de septiembre.<\/span><\/p>\t\t\t\t\t\t\t\t<\/div>\n\t\t\t\t<\/div>\n\t\t\t\t\t<\/div>\n\t\t<\/div>\n\t\t\t\t\t<\/div>\n\t\t<\/section>\n\t\t\t\t<section class=\"elementor-section elementor-top-section elementor-element elementor-element-01bb3c4 elementor-section-boxed elementor-section-height-default elementor-section-height-default\" data-id=\"01bb3c4\" data-element_type=\"section\" data-e-type=\"section\">\n\t\t\t\t\t\t<div class=\"elementor-container elementor-column-gap-default\">\n\t\t\t\t\t<div class=\"elementor-column elementor-col-100 elementor-top-column elementor-element elementor-element-5bcaa09\" data-id=\"5bcaa09\" data-element_type=\"column\" data-e-type=\"column\">\n\t\t\t<div class=\"elementor-widget-wrap elementor-element-populated\">\n\t\t\t\t\t\t<div class=\"elementor-element elementor-element-a5bf25b elementor-widget elementor-widget-heading\" data-id=\"a5bf25b\" data-element_type=\"widget\" data-e-type=\"widget\" data-widget_type=\"heading.default\">\n\t\t\t\t<div class=\"elementor-widget-container\">\n\t\t\t\t\t<h2 class=\"elementor-heading-title elementor-size-default\">\u00bfCu\u00e1l es el objetivo de la semana mundial del agua?<\/h2>\t\t\t\t<\/div>\n\t\t\t\t<\/div>\n\t\t\t\t\t<\/div>\n\t\t<\/div>\n\t\t\t\t\t<\/div>\n\t\t<\/section>\n\t\t\t\t<section class=\"elementor-section elementor-top-section elementor-element elementor-element-919b44c elementor-section-boxed elementor-section-height-default elementor-section-height-default\" data-id=\"919b44c\" data-element_type=\"section\" data-e-type=\"section\">\n\t\t\t\t\t\t<div class=\"elementor-container elementor-column-gap-default\">\n\t\t\t\t\t<div class=\"elementor-column elementor-col-100 elementor-top-column elementor-element elementor-element-1b0c288\" data-id=\"1b0c288\" data-element_type=\"column\" data-e-type=\"column\">\n\t\t\t<div class=\"elementor-widget-wrap elementor-element-populated\">\n\t\t\t\t\t\t<div class=\"elementor-element elementor-element-c087696 elementor-widget elementor-widget-text-editor\" data-id=\"c087696\" data-element_type=\"widget\" data-e-type=\"widget\" data-widget_type=\"text-editor.default\">\n\t\t\t\t<div class=\"elementor-widget-container\">\n\t\t\t\t\t\t\t\t\t<p><span style=\"color: #4c4f54;\">El objetivo principal de todo ello es el desarrollo de soluciones para abordar desaf\u00edos que guardan relaci\u00f3n con el agua, la pobreza, la emergencia clim\u00e1tica, as\u00ed como la p\u00e9rdida de la biodiversidad.<\/span><\/p><p><span style=\"color: #4c4f54;\">Cada vez, observamos c\u00f3mo el cambio clim\u00e1tico se convierte en <strong>un grave problema<\/strong> para las personas, los animales y el medio ambiente. Meses de calor insoportable, escasez de agua por las lluvias, veranos que se alargan m\u00e1s de la cuenta o p\u00e9sima calidad del aire son algunos de los ejemplos m\u00e1s significativos. Debemos preservar nuestro planeta para fomentar la sostenibilidad y convertirnos en <strong>aut\u00e9nticos\/as<\/strong><\/span>\u00a0<a href=\"https:\/\/tugesto.com\/people-lovers\/\" target=\"_blank\" rel=\"noopener\">#PeopleLovers<\/a>. <span style=\"color: #4c4f54;\">Aprovechamos la semana mundial del agua para ofreceros tips con los que ahorrar agua en la oficina, porque cada gota cuenta.<\/span><\/p>\t\t\t\t\t\t\t\t<\/div>\n\t\t\t\t<\/div>\n\t\t\t\t\t<\/div>\n\t\t<\/div>\n\t\t\t\t\t<\/div>\n\t\t<\/section>\n\t\t\t\t<section class=\"elementor-section elementor-top-section elementor-element elementor-element-7842eb5 elementor-section-boxed elementor-section-height-default elementor-section-height-default\" data-id=\"7842eb5\" data-element_type=\"section\" data-e-type=\"section\">\n\t\t\t\t\t\t<div class=\"elementor-container elementor-column-gap-default\">\n\t\t\t\t\t<div class=\"elementor-column elementor-col-100 elementor-top-column elementor-element elementor-element-bd94bd9\" data-id=\"bd94bd9\" data-element_type=\"column\" data-e-type=\"column\">\n\t\t\t<div class=\"elementor-widget-wrap elementor-element-populated\">\n\t\t\t\t\t\t<div class=\"elementor-element elementor-element-d146ac6 elementor-widget elementor-widget-image\" data-id=\"d146ac6\" data-element_type=\"widget\" data-e-type=\"widget\" data-widget_type=\"image.default\">\n\t\t\t\t<div class=\"elementor-widget-container\">\n\t\t\t\t\t\t\t\t\t\t\t\t\t\t\t\t<a href=\"https:\/\/tugesto.com\/people-lovers\/\" target=\"_blank\">\n\t\t\t\t\t\t\t<img fetchpriority=\"high\" decoding=\"async\" width=\"800\" height=\"200\" src=\"https:\/\/tugesto.com\/blog\/wp-content\/uploads\/2023\/08\/banner-people-lovers-tugesto-1024x256.png\" class=\"attachment-large size-large wp-image-33149\" alt=\"\u00a1Somos #PeopleLovers!\" srcset=\"https:\/\/tugesto.com\/blog\/wp-content\/uploads\/2023\/08\/banner-people-lovers-tugesto-1024x256.png 1024w, https:\/\/tugesto.com\/blog\/wp-content\/uploads\/2023\/08\/banner-people-lovers-tugesto-300x75.png 300w, https:\/\/tugesto.com\/blog\/wp-content\/uploads\/2023\/08\/banner-people-lovers-tugesto-768x192.png 768w, https:\/\/tugesto.com\/blog\/wp-content\/uploads\/2023\/08\/banner-people-lovers-tugesto-1536x384.png 1536w, https:\/\/tugesto.com\/blog\/wp-content\/uploads\/2023\/08\/banner-people-lovers-tugesto.png 1584w\" sizes=\"(max-width: 800px) 100vw, 800px\" \/>\t\t\t\t\t\t\t\t<\/a>\n\t\t\t\t\t\t\t\t\t\t\t\t\t\t\t<\/div>\n\t\t\t\t<\/div>\n\t\t\t\t\t<\/div>\n\t\t<\/div>\n\t\t\t\t\t<\/div>\n\t\t<\/section>\n\t\t\t\t<section class=\"elementor-section elementor-top-section elementor-element elementor-element-b05bc0a elementor-section-boxed elementor-section-height-default elementor-section-height-default\" data-id=\"b05bc0a\" data-element_type=\"section\" data-e-type=\"section\">\n\t\t\t\t\t\t<div class=\"elementor-container elementor-column-gap-default\">\n\t\t\t\t\t<div class=\"elementor-column elementor-col-100 elementor-top-column elementor-element elementor-element-a3de47b\" data-id=\"a3de47b\" data-element_type=\"column\" data-e-type=\"column\">\n\t\t\t<div class=\"elementor-widget-wrap elementor-element-populated\">\n\t\t\t\t\t\t<div class=\"elementor-element elementor-element-5d6fd49 elementor-widget elementor-widget-heading\" data-id=\"5d6fd49\" data-element_type=\"widget\" data-e-type=\"widget\" data-widget_type=\"heading.default\">\n\t\t\t\t<div class=\"elementor-widget-container\">\n\t\t\t\t\t<h2 class=\"elementor-heading-title elementor-size-default\">\u00bfQu\u00e9 tips podemos seguir para ahorrar agua en las oficinas?<\/h2>\t\t\t\t<\/div>\n\t\t\t\t<\/div>\n\t\t\t\t\t<\/div>\n\t\t<\/div>\n\t\t\t\t\t<\/div>\n\t\t<\/section>\n\t\t\t\t<section class=\"elementor-section elementor-top-section elementor-element elementor-element-60af0da elementor-section-boxed elementor-section-height-default elementor-section-height-default\" data-id=\"60af0da\" data-element_type=\"section\" data-e-type=\"section\">\n\t\t\t\t\t\t<div class=\"elementor-container elementor-column-gap-default\">\n\t\t\t\t\t<div class=\"elementor-column elementor-col-100 elementor-top-column elementor-element elementor-element-3394991\" data-id=\"3394991\" data-element_type=\"column\" data-e-type=\"column\">\n\t\t\t<div class=\"elementor-widget-wrap elementor-element-populated\">\n\t\t\t\t\t\t<div class=\"elementor-element elementor-element-64020bf elementor-widget elementor-widget-text-editor\" data-id=\"64020bf\" data-element_type=\"widget\" data-e-type=\"widget\" data-widget_type=\"text-editor.default\">\n\t\t\t\t<div class=\"elementor-widget-container\">\n\t\t\t\t\t\t\t\t\t<p><span style=\"color: #4c4f54;\">Adem\u00e1s de que la semana mundial del agua o world water week se celebra durante estos d\u00edas, tambi\u00e9n encontramos en el calendario que el 22 de marzo es el d\u00eda mundial del agua. La celebraci\u00f3n de dicho d\u00eda se relaciona con el comienzo de la conferencia de la<\/span>\u00a0<a href=\"https:\/\/www.un.org\/es\/\" target=\"_blank\" rel=\"noopener\">Organizaci\u00f3n de las Naciones Unidas<\/a>\u00a0<span style=\"color: #4c4f54;\">acerca del agua.<\/span><\/p><p><span style=\"color: #4c4f54;\">Este a\u00f1o, se centr\u00f3 en <strong>la adquisici\u00f3n de compromisos<\/strong> respecto al agua y saneamiento, fomentando con ello patrones de consumo para un desarrollo sostenible para no desperdiciar litros de agua.<\/span><\/p><p><span style=\"color: #4c4f54;\">La crisis mundial del agua a la que estamos asistiendo, con escasez en diversas partes del mundo, invita a reflexionar y a poner en marcha distintas pr\u00e1cticas enfocadas a ampliar la cantidad de agua disponible y lograr con ello una mejor gesti\u00f3n de los recursos disponibles.<\/span><\/p><p><span style=\"color: #4c4f54;\">Adem\u00e1s de que el ahorro de agua debemos hacerlo en los hogares, tambi\u00e9n hay que hacer lo propio en las oficinas. Ahondamos en cu\u00e1les son las pr\u00e1cticas a llevar a cabo para que el ahorro de agua sea efectivo.<\/span><\/p>\t\t\t\t\t\t\t\t<\/div>\n\t\t\t\t<\/div>\n\t\t\t\t\t<\/div>\n\t\t<\/div>\n\t\t\t\t\t<\/div>\n\t\t<\/section>\n\t\t\t\t<section class=\"elementor-section elementor-top-section elementor-element elementor-element-862dcff elementor-section-boxed elementor-section-height-default elementor-section-height-default\" data-id=\"862dcff\" data-element_type=\"section\" data-e-type=\"section\">\n\t\t\t\t\t\t<div class=\"elementor-container elementor-column-gap-default\">\n\t\t\t\t\t<div class=\"elementor-column elementor-col-100 elementor-top-column elementor-element elementor-element-1a1a5ee\" data-id=\"1a1a5ee\" data-element_type=\"column\" data-e-type=\"column\">\n\t\t\t<div class=\"elementor-widget-wrap elementor-element-populated\">\n\t\t\t\t\t\t<div class=\"elementor-element elementor-element-a56c31b elementor-widget elementor-widget-heading\" data-id=\"a56c31b\" data-element_type=\"widget\" data-e-type=\"widget\" data-widget_type=\"heading.default\">\n\t\t\t\t<div class=\"elementor-widget-container\">\n\t\t\t\t\t<h3 class=\"elementor-heading-title elementor-size-default\">Revisar las instalaciones<\/h3>\t\t\t\t<\/div>\n\t\t\t\t<\/div>\n\t\t\t\t\t<\/div>\n\t\t<\/div>\n\t\t\t\t\t<\/div>\n\t\t<\/section>\n\t\t\t\t<section class=\"elementor-section elementor-top-section elementor-element elementor-element-3137b2d elementor-section-boxed elementor-section-height-default elementor-section-height-default\" data-id=\"3137b2d\" data-element_type=\"section\" data-e-type=\"section\">\n\t\t\t\t\t\t<div class=\"elementor-container elementor-column-gap-default\">\n\t\t\t\t\t<div class=\"elementor-column elementor-col-100 elementor-top-column elementor-element elementor-element-c127251\" data-id=\"c127251\" data-element_type=\"column\" data-e-type=\"column\">\n\t\t\t<div class=\"elementor-widget-wrap elementor-element-populated\">\n\t\t\t\t\t\t<div class=\"elementor-element elementor-element-b33e7af elementor-widget elementor-widget-text-editor\" data-id=\"b33e7af\" data-element_type=\"widget\" data-e-type=\"widget\" data-widget_type=\"text-editor.default\">\n\t\t\t\t<div class=\"elementor-widget-container\">\n\t\t\t\t\t\t\t\t\t<p><span style=\"color: #4c4f54;\">El primer tip de todos y que resulta primordial es <strong>cuidar las instalaciones<\/strong> del lugar en el que trabajamos. Mantenerlas en \u00f3ptimo estado resultar\u00e1 muy beneficioso para evitar que se desarrollen fugas o filtraciones que se traduzcan en un desperdicio considerable del agua y un aumento del recibo.<\/span><\/p>\t\t\t\t\t\t\t\t<\/div>\n\t\t\t\t<\/div>\n\t\t\t\t\t<\/div>\n\t\t<\/div>\n\t\t\t\t\t<\/div>\n\t\t<\/section>\n\t\t\t\t<section class=\"elementor-section elementor-top-section elementor-element elementor-element-e8befcd elementor-section-boxed elementor-section-height-default elementor-section-height-default\" data-id=\"e8befcd\" data-element_type=\"section\" data-e-type=\"section\">\n\t\t\t\t\t\t<div class=\"elementor-container elementor-column-gap-default\">\n\t\t\t\t\t<div class=\"elementor-column elementor-col-100 elementor-top-column elementor-element elementor-element-219f2d9\" data-id=\"219f2d9\" data-element_type=\"column\" data-e-type=\"column\">\n\t\t\t<div class=\"elementor-widget-wrap elementor-element-populated\">\n\t\t\t\t\t\t<div class=\"elementor-element elementor-element-cebcfe0 elementor-widget elementor-widget-heading\" data-id=\"cebcfe0\" data-element_type=\"widget\" data-e-type=\"widget\" data-widget_type=\"heading.default\">\n\t\t\t\t<div class=\"elementor-widget-container\">\n\t\t\t\t\t<h3 class=\"elementor-heading-title elementor-size-default\">Control del agua en los inodoros y cerrar los grifos<\/h3>\t\t\t\t<\/div>\n\t\t\t\t<\/div>\n\t\t\t\t\t<\/div>\n\t\t<\/div>\n\t\t\t\t\t<\/div>\n\t\t<\/section>\n\t\t\t\t<section class=\"elementor-section elementor-top-section elementor-element elementor-element-b5ea0fb elementor-section-boxed elementor-section-height-default elementor-section-height-default\" data-id=\"b5ea0fb\" data-element_type=\"section\" data-e-type=\"section\">\n\t\t\t\t\t\t<div class=\"elementor-container elementor-column-gap-default\">\n\t\t\t\t\t<div class=\"elementor-column elementor-col-100 elementor-top-column elementor-element elementor-element-b322c94\" data-id=\"b322c94\" data-element_type=\"column\" data-e-type=\"column\">\n\t\t\t<div class=\"elementor-widget-wrap elementor-element-populated\">\n\t\t\t\t\t\t<div class=\"elementor-element elementor-element-9574860 elementor-widget elementor-widget-text-editor\" data-id=\"9574860\" data-element_type=\"widget\" data-e-type=\"widget\" data-widget_type=\"text-editor.default\">\n\t\t\t\t<div class=\"elementor-widget-container\">\n\t\t\t\t\t\t\t\t\t<p><span style=\"color: #4c4f54;\">La revisi\u00f3n del agua en los aseos es fundamental. Todas las oficinas disponen de ellos y el control del agua que se consume es primordial. Deberemos <strong>abrir los grifos \u00fanicamente cuando sea necesario<\/strong>, cerr\u00e1ndolo cuando nos enjabonemos las manos o nos estemos cepillando los dientes.<\/span><\/p><p><span style=\"color: #4c4f54;\">Asimismo, podemos incluir limitadores de la presi\u00f3n del agua, su activaci\u00f3n mediante sensores cuando pasamos las manos debajo del grifo e incluso, descargadores para los inodoros que limitan la cantidad de litros de agua que se utilizan al hacer uso del ba\u00f1o. As\u00ed, podr\u00edamos estar ahorrando en torno a un 50% del consumo del agua.<\/span><\/p>\t\t\t\t\t\t\t\t<\/div>\n\t\t\t\t<\/div>\n\t\t\t\t\t<\/div>\n\t\t<\/div>\n\t\t\t\t\t<\/div>\n\t\t<\/section>\n\t\t\t\t<section class=\"elementor-section elementor-top-section elementor-element elementor-element-6717368 elementor-section-boxed elementor-section-height-default elementor-section-height-default\" data-id=\"6717368\" data-element_type=\"section\" data-e-type=\"section\">\n\t\t\t\t\t\t<div class=\"elementor-container elementor-column-gap-default\">\n\t\t\t\t\t<div class=\"elementor-column elementor-col-100 elementor-top-column elementor-element elementor-element-22273c2\" data-id=\"22273c2\" data-element_type=\"column\" data-e-type=\"column\">\n\t\t\t<div class=\"elementor-widget-wrap elementor-element-populated\">\n\t\t\t\t\t\t<div class=\"elementor-element elementor-element-d269272 elementor-widget elementor-widget-heading\" data-id=\"d269272\" data-element_type=\"widget\" data-e-type=\"widget\" data-widget_type=\"heading.default\">\n\t\t\t\t<div class=\"elementor-widget-container\">\n\t\t\t\t\t<h3 class=\"elementor-heading-title elementor-size-default\">Reducir el uso del aire acondicionado<\/h3>\t\t\t\t<\/div>\n\t\t\t\t<\/div>\n\t\t\t\t\t<\/div>\n\t\t<\/div>\n\t\t\t\t\t<\/div>\n\t\t<\/section>\n\t\t\t\t<section class=\"elementor-section elementor-top-section elementor-element elementor-element-4f6ddec elementor-section-boxed elementor-section-height-default elementor-section-height-default\" data-id=\"4f6ddec\" data-element_type=\"section\" data-e-type=\"section\">\n\t\t\t\t\t\t<div class=\"elementor-container elementor-column-gap-default\">\n\t\t\t\t\t<div class=\"elementor-column elementor-col-100 elementor-top-column elementor-element elementor-element-0c9c79c\" data-id=\"0c9c79c\" data-element_type=\"column\" data-e-type=\"column\">\n\t\t\t<div class=\"elementor-widget-wrap elementor-element-populated\">\n\t\t\t\t\t\t<div class=\"elementor-element elementor-element-ab3de63 elementor-widget elementor-widget-text-editor\" data-id=\"ab3de63\" data-element_type=\"widget\" data-e-type=\"widget\" data-widget_type=\"text-editor.default\">\n\t\t\t\t<div class=\"elementor-widget-container\">\n\t\t\t\t\t\t\t\t\t<p><span style=\"color: #4c4f54;\">Es obvio que durante los meses de verano el calor es intenso y necesitamos de alternativas con las que hacerle frente. El aire acondicionado se convierte en el mejor aliado para soportar estos d\u00edas de calor, pero hay que tener en cuenta que <strong>su<\/strong> <strong>utilizaci\u00f3n implica un fuerte consumo de agua<\/strong>. Lo mejor es mantener la temperatura del aire entre los 24\u00baC y los 26\u00baC para mantener fresco el ambiente de la oficina y no gastar tanta agua.<\/span><\/p>\t\t\t\t\t\t\t\t<\/div>\n\t\t\t\t<\/div>\n\t\t\t\t\t<\/div>\n\t\t<\/div>\n\t\t\t\t\t<\/div>\n\t\t<\/section>\n\t\t\t\t<section class=\"elementor-section elementor-top-section elementor-element elementor-element-76aa38d elementor-section-boxed elementor-section-height-default elementor-section-height-default\" data-id=\"76aa38d\" data-element_type=\"section\" data-e-type=\"section\">\n\t\t\t\t\t\t<div class=\"elementor-container elementor-column-gap-default\">\n\t\t\t\t\t<div class=\"elementor-column elementor-col-100 elementor-top-column elementor-element elementor-element-07e6ba3\" data-id=\"07e6ba3\" data-element_type=\"column\" data-e-type=\"column\">\n\t\t\t<div class=\"elementor-widget-wrap elementor-element-populated\">\n\t\t\t\t\t\t<div class=\"elementor-element elementor-element-3d95d49 elementor-widget elementor-widget-heading\" data-id=\"3d95d49\" data-element_type=\"widget\" data-e-type=\"widget\" data-widget_type=\"heading.default\">\n\t\t\t\t<div class=\"elementor-widget-container\">\n\t\t\t\t\t<h3 class=\"elementor-heading-title elementor-size-default\">Control del agua que se bebe<\/h3>\t\t\t\t<\/div>\n\t\t\t\t<\/div>\n\t\t\t\t\t<\/div>\n\t\t<\/div>\n\t\t\t\t\t<\/div>\n\t\t<\/section>\n\t\t\t\t<section class=\"elementor-section elementor-top-section elementor-element elementor-element-0fbf45b elementor-section-boxed elementor-section-height-default elementor-section-height-default\" data-id=\"0fbf45b\" data-element_type=\"section\" data-e-type=\"section\">\n\t\t\t\t\t\t<div class=\"elementor-container elementor-column-gap-default\">\n\t\t\t\t\t<div class=\"elementor-column elementor-col-100 elementor-top-column elementor-element elementor-element-ece5926\" data-id=\"ece5926\" data-element_type=\"column\" data-e-type=\"column\">\n\t\t\t<div class=\"elementor-widget-wrap elementor-element-populated\">\n\t\t\t\t\t\t<div class=\"elementor-element elementor-element-25db040 elementor-widget elementor-widget-text-editor\" data-id=\"25db040\" data-element_type=\"widget\" data-e-type=\"widget\" data-widget_type=\"text-editor.default\">\n\t\t\t\t<div class=\"elementor-widget-container\">\n\t\t\t\t\t\t\t\t\t<p><span style=\"color: #4c4f54;\">Mantenerse hidratados es fundamental en nuestro d\u00eda a d\u00eda, tanto si estamos trabajando como si no. De esta forma, no puede faltar el agua, pero no debemos derrocharla. Lo mejor es sustituir en la oficina el grifo por m\u00e1quinas de agua. Por ejemplo, algunas de ellas solo se activan si detectan las botellas debajo. Y un tip importante: si la botella es de cristal, seremos a\u00fan m\u00e1s sostenibles al no apostar por el pl\u00e1stico.<\/span><\/p>\t\t\t\t\t\t\t\t<\/div>\n\t\t\t\t<\/div>\n\t\t\t\t\t<\/div>\n\t\t<\/div>\n\t\t\t\t\t<\/div>\n\t\t<\/section>\n\t\t\t\t<section class=\"elementor-section elementor-top-section elementor-element elementor-element-6bcb4d6 elementor-section-boxed elementor-section-height-default elementor-section-height-default\" data-id=\"6bcb4d6\" data-element_type=\"section\" data-e-type=\"section\">\n\t\t\t\t\t\t<div class=\"elementor-container elementor-column-gap-default\">\n\t\t\t\t\t<div class=\"elementor-column elementor-col-100 elementor-top-column elementor-element elementor-element-af07a95\" data-id=\"af07a95\" data-element_type=\"column\" data-e-type=\"column\">\n\t\t\t<div class=\"elementor-widget-wrap elementor-element-populated\">\n\t\t\t\t\t\t<div class=\"elementor-element elementor-element-76214ca elementor-widget elementor-widget-heading\" data-id=\"76214ca\" data-element_type=\"widget\" data-e-type=\"widget\" data-widget_type=\"heading.default\">\n\t\t\t\t<div class=\"elementor-widget-container\">\n\t\t\t\t\t<h3 class=\"elementor-heading-title elementor-size-default\">La comunicaci\u00f3n es clave para ahorrar agua<\/h3>\t\t\t\t<\/div>\n\t\t\t\t<\/div>\n\t\t\t\t\t<\/div>\n\t\t<\/div>\n\t\t\t\t\t<\/div>\n\t\t<\/section>\n\t\t\t\t<section class=\"elementor-section elementor-top-section elementor-element elementor-element-fd62c84 elementor-section-boxed elementor-section-height-default elementor-section-height-default\" data-id=\"fd62c84\" data-element_type=\"section\" data-e-type=\"section\">\n\t\t\t\t\t\t<div class=\"elementor-container elementor-column-gap-default\">\n\t\t\t\t\t<div class=\"elementor-column elementor-col-100 elementor-top-column elementor-element elementor-element-dd9da6d\" data-id=\"dd9da6d\" data-element_type=\"column\" data-e-type=\"column\">\n\t\t\t<div class=\"elementor-widget-wrap elementor-element-populated\">\n\t\t\t\t\t\t<div class=\"elementor-element elementor-element-d3d8b69 elementor-widget elementor-widget-text-editor\" data-id=\"d3d8b69\" data-element_type=\"widget\" data-e-type=\"widget\" data-widget_type=\"text-editor.default\">\n\t\t\t\t<div class=\"elementor-widget-container\">\n\t\t\t\t\t\t\t\t\t<p><span style=\"color: #4c4f54;\">Las medidas que hemos descrito son vitales si queremos reducir el gasto de agua. Sin embargo, si no se comunica debidamente a los empleados, no tendr\u00e1 tanto peso en ellos. Hay que <strong>concienciar y fomentar<\/strong> pr\u00e1cticas destinadas a ahorrar agua entre el personal de la oficina, para contribuir a un mundo m\u00e1s sostenible<\/span><\/p>\t\t\t\t\t\t\t\t<\/div>\n\t\t\t\t<\/div>\n\t\t\t\t\t<\/div>\n\t\t<\/div>\n\t\t\t\t\t<\/div>\n\t\t<\/section>\n\t\t\t\t<section class=\"elementor-section elementor-top-section elementor-element elementor-element-0d2192c elementor-section-boxed elementor-section-height-default elementor-section-height-default\" data-id=\"0d2192c\" data-element_type=\"section\" data-e-type=\"section\">\n\t\t\t\t\t\t<div class=\"elementor-container elementor-column-gap-default\">\n\t\t\t\t\t<div class=\"elementor-column elementor-col-100 elementor-top-column elementor-element elementor-element-f84a5d3\" data-id=\"f84a5d3\" data-element_type=\"column\" data-e-type=\"column\">\n\t\t\t<div class=\"elementor-widget-wrap elementor-element-populated\">\n\t\t\t\t\t\t<div class=\"elementor-element elementor-element-b1fff2f elementor-widget elementor-widget-image\" data-id=\"b1fff2f\" data-element_type=\"widget\" data-e-type=\"widget\" data-widget_type=\"image.default\">\n\t\t\t\t<div class=\"elementor-widget-container\">\n\t\t\t\t\t\t\t\t\t\t\t\t\t\t\t\t<a href=\"http:\/\/www.tugesto.com\" target=\"_blank\">\n\t\t\t\t\t\t\t<img decoding=\"async\" width=\"800\" height=\"480\" src=\"https:\/\/tugesto.com\/blog\/wp-content\/uploads\/2018\/10\/contabilidad_fiscal-tarifas_tugesto.gif\" class=\"attachment-large size-large wp-image-8658\" alt=\"Tarifa plana de contabilidad y fiscal\" \/>\t\t\t\t\t\t\t\t<\/a>\n\t\t\t\t\t\t\t\t\t\t\t\t\t\t\t<\/div>\n\t\t\t\t<\/div>\n\t\t\t\t\t<\/div>\n\t\t<\/div>\n\t\t\t\t\t<\/div>\n\t\t<\/section>\n\t\t\t\t<\/div>\n\t\t","protected":false},"excerpt":{"rendered":"<p>\u00a1Damos la bienvenida a la Semana Mundial del Agua 2023! El agua es uno de los elementos que m\u00e1s importancia tiene en el planeta, no solo para las personas, sino tambi\u00e9n para la flora y fauna que nos rodea. Conscientes de esta relevancia, desde el a\u00f1o 1991 se celebra la conferencia de la semana mundial [&hellip;]<\/p>\n","protected":false},"author":7,"featured_media":32984,"comment_status":"open","ping_status":"open","sticky":false,"template":"","format":"standard","meta":{"_eb_attr":"","content-type":"","footnotes":""},"categories":[1],"tags":[36,38],"ppma_author":[1493],"class_list":["post-32971","post","type-post","status-publish","format-standard","has-post-thumbnail","hentry","category-sin-categoria","tag-autonomos","tag-pymes"],"yoast_head":"<!-- This site is optimized with the Yoast SEO plugin v27.5 - https:\/\/yoast.com\/product\/yoast-seo-wordpress\/ -->\n<title>Semana mundial del agua 2023: definici\u00f3n y tips | tugesto<\/title>\n<meta name=\"description\" content=\"\u00a1Celebramos la Semana Mundial del Agua 2023 con estos consejos para un uso responsable en oficinas, echa un vistazo!\" \/>\n<meta name=\"robots\" content=\"index, follow, max-snippet:-1, max-image-preview:large, max-video-preview:-1\" \/>\n<link rel=\"canonical\" href=\"https:\/\/tugesto.com\/blog\/semana-mundial-agua-2023\/\" \/>\n<meta property=\"og:locale\" content=\"es_ES\" \/>\n<meta property=\"og:type\" content=\"article\" \/>\n<meta property=\"og:title\" content=\"Semana mundial del agua 2023: definici\u00f3n y tips | tugesto\" \/>\n<meta property=\"og:description\" content=\"\u00a1Celebramos la Semana Mundial del Agua 2023 con estos consejos para un uso responsable en oficinas, echa un vistazo!\" \/>\n<meta property=\"og:url\" content=\"https:\/\/tugesto.com\/blog\/semana-mundial-agua-2023\/\" \/>\n<meta property=\"og:site_name\" content=\"Blog: \u00a1Aprende a emprender! | tugesto\" \/>\n<meta property=\"article:publisher\" content=\"https:\/\/www.facebook.com\/tugesto\/\" \/>\n<meta property=\"article:published_time\" content=\"2023-08-22T05:54:30+00:00\" \/>\n<meta property=\"article:modified_time\" content=\"2024-05-16T09:58:57+00:00\" \/>\n<meta property=\"og:image\" content=\"https:\/\/tugesto.com\/blog\/wp-content\/uploads\/2023\/08\/semana-mundial-agua-2023.png\" \/>\n\t<meta property=\"og:image:width\" content=\"600\" \/>\n\t<meta property=\"og:image:height\" content=\"400\" \/>\n\t<meta property=\"og:image:type\" content=\"image\/png\" \/>\n<meta name=\"author\" content=\"\u00c1lvaro Benedito\" \/>\n<meta name=\"twitter:card\" content=\"summary_large_image\" \/>\n<meta name=\"twitter:label1\" content=\"Escrito por\" \/>\n\t<meta name=\"twitter:data1\" content=\"\u00c1lvaro Benedito\" \/>\n\t<meta name=\"twitter:label2\" content=\"Tiempo de lectura\" \/>\n\t<meta name=\"twitter:data2\" content=\"5 minutos\" \/>\n<script type=\"application\/ld+json\" class=\"yoast-schema-graph\">{\"@context\":\"https:\\\/\\\/schema.org\",\"@graph\":[{\"@type\":\"Article\",\"@id\":\"https:\\\/\\\/tugesto.com\\\/blog\\\/semana-mundial-agua-2023\\\/#article\",\"isPartOf\":{\"@id\":\"https:\\\/\\\/tugesto.com\\\/blog\\\/semana-mundial-agua-2023\\\/\"},\"author\":{\"name\":\"\u00c1lvaro Benedito\",\"@id\":\"https:\\\/\\\/tugesto.com\\\/blog\\\/#\\\/schema\\\/person\\\/2bee1753fa08e2406a0f35883a959ebf\"},\"headline\":\"Semana mundial del agua 2023: tips para un uso responsable en oficinas\",\"datePublished\":\"2023-08-22T05:54:30+00:00\",\"dateModified\":\"2024-05-16T09:58:57+00:00\",\"mainEntityOfPage\":{\"@id\":\"https:\\\/\\\/tugesto.com\\\/blog\\\/semana-mundial-agua-2023\\\/\"},\"wordCount\":816,\"commentCount\":0,\"publisher\":{\"@id\":\"https:\\\/\\\/tugesto.com\\\/blog\\\/#organization\"},\"image\":{\"@id\":\"https:\\\/\\\/tugesto.com\\\/blog\\\/semana-mundial-agua-2023\\\/#primaryimage\"},\"thumbnailUrl\":\"https:\\\/\\\/tugesto.com\\\/blog\\\/wp-content\\\/uploads\\\/2023\\\/08\\\/semana-mundial-agua-2023.png\",\"keywords\":[\"aut\u00f3nomos\",\"pymes\"],\"inLanguage\":\"es\",\"potentialAction\":[{\"@type\":\"CommentAction\",\"name\":\"Comment\",\"target\":[\"https:\\\/\\\/tugesto.com\\\/blog\\\/semana-mundial-agua-2023\\\/#respond\"]}]},{\"@type\":\"WebPage\",\"@id\":\"https:\\\/\\\/tugesto.com\\\/blog\\\/semana-mundial-agua-2023\\\/\",\"url\":\"https:\\\/\\\/tugesto.com\\\/blog\\\/semana-mundial-agua-2023\\\/\",\"name\":\"Semana mundial del agua 2023: definici\u00f3n y tips | tugesto\",\"isPartOf\":{\"@id\":\"https:\\\/\\\/tugesto.com\\\/blog\\\/#website\"},\"primaryImageOfPage\":{\"@id\":\"https:\\\/\\\/tugesto.com\\\/blog\\\/semana-mundial-agua-2023\\\/#primaryimage\"},\"image\":{\"@id\":\"https:\\\/\\\/tugesto.com\\\/blog\\\/semana-mundial-agua-2023\\\/#primaryimage\"},\"thumbnailUrl\":\"https:\\\/\\\/tugesto.com\\\/blog\\\/wp-content\\\/uploads\\\/2023\\\/08\\\/semana-mundial-agua-2023.png\",\"datePublished\":\"2023-08-22T05:54:30+00:00\",\"dateModified\":\"2024-05-16T09:58:57+00:00\",\"description\":\"\u00a1Celebramos la Semana Mundial del Agua 2023 con estos consejos para un uso responsable en oficinas, echa un vistazo!\",\"breadcrumb\":{\"@id\":\"https:\\\/\\\/tugesto.com\\\/blog\\\/semana-mundial-agua-2023\\\/#breadcrumb\"},\"inLanguage\":\"es\",\"potentialAction\":[{\"@type\":\"ReadAction\",\"target\":[\"https:\\\/\\\/tugesto.com\\\/blog\\\/semana-mundial-agua-2023\\\/\"]}]},{\"@type\":\"ImageObject\",\"inLanguage\":\"es\",\"@id\":\"https:\\\/\\\/tugesto.com\\\/blog\\\/semana-mundial-agua-2023\\\/#primaryimage\",\"url\":\"https:\\\/\\\/tugesto.com\\\/blog\\\/wp-content\\\/uploads\\\/2023\\\/08\\\/semana-mundial-agua-2023.png\",\"contentUrl\":\"https:\\\/\\\/tugesto.com\\\/blog\\\/wp-content\\\/uploads\\\/2023\\\/08\\\/semana-mundial-agua-2023.png\",\"width\":600,\"height\":400,\"caption\":\"Cuidar del agua es una obligaci\u00f3n de todos. Por eso, en la semana mundial del agua 2023 queremos indicarte tips para su uso correcto.\"},{\"@type\":\"BreadcrumbList\",\"@id\":\"https:\\\/\\\/tugesto.com\\\/blog\\\/semana-mundial-agua-2023\\\/#breadcrumb\",\"itemListElement\":[{\"@type\":\"ListItem\",\"position\":1,\"name\":\"Home\",\"item\":\"https:\\\/\\\/tugesto.com\\\/blog\\\/\"},{\"@type\":\"ListItem\",\"position\":2,\"name\":\"Sin categor\u00eda\",\"item\":\"https:\\\/\\\/tugesto.com\\\/blog\\\/category\\\/sin-categoria\\\/\"},{\"@type\":\"ListItem\",\"position\":3,\"name\":\"Semana mundial del agua 2023: tips para un uso responsable en oficinas\"}]},{\"@type\":\"WebSite\",\"@id\":\"https:\\\/\\\/tugesto.com\\\/blog\\\/#website\",\"url\":\"https:\\\/\\\/tugesto.com\\\/blog\\\/\",\"name\":\"Blog tugesto\",\"description\":\"\ud83d\udcda Blog especializado para aut\u00f3nomos y pymes. Encuentra semanalmente nuevos posts, recursos y gu\u00edas. La ayuda que necesitas para tu negocio.\",\"publisher\":{\"@id\":\"https:\\\/\\\/tugesto.com\\\/blog\\\/#organization\"},\"potentialAction\":[{\"@type\":\"SearchAction\",\"target\":{\"@type\":\"EntryPoint\",\"urlTemplate\":\"https:\\\/\\\/tugesto.com\\\/blog\\\/?s={search_term_string}\"},\"query-input\":{\"@type\":\"PropertyValueSpecification\",\"valueRequired\":true,\"valueName\":\"search_term_string\"}}],\"inLanguage\":\"es\"},{\"@type\":\"Organization\",\"@id\":\"https:\\\/\\\/tugesto.com\\\/blog\\\/#organization\",\"name\":\"tugesto\",\"url\":\"https:\\\/\\\/tugesto.com\\\/blog\\\/\",\"logo\":{\"@type\":\"ImageObject\",\"inLanguage\":\"es\",\"@id\":\"https:\\\/\\\/tugesto.com\\\/blog\\\/#\\\/schema\\\/logo\\\/image\\\/\",\"url\":\"https:\\\/\\\/tugesto.com\\\/blog\\\/wp-content\\\/uploads\\\/2019\\\/06\\\/logo_tugesto.png\",\"contentUrl\":\"https:\\\/\\\/tugesto.com\\\/blog\\\/wp-content\\\/uploads\\\/2019\\\/06\\\/logo_tugesto.png\",\"width\":190,\"height\":63,\"caption\":\"tugesto\"},\"image\":{\"@id\":\"https:\\\/\\\/tugesto.com\\\/blog\\\/#\\\/schema\\\/logo\\\/image\\\/\"},\"sameAs\":[\"https:\\\/\\\/www.facebook.com\\\/tugesto\\\/\",\"https:\\\/\\\/www.instagram.com\\\/tugesto_online\\\/\"]},{\"@type\":\"Person\",\"@id\":\"https:\\\/\\\/tugesto.com\\\/blog\\\/#\\\/schema\\\/person\\\/2bee1753fa08e2406a0f35883a959ebf\",\"name\":\"\u00c1lvaro Benedito\",\"image\":{\"@type\":\"ImageObject\",\"inLanguage\":\"es\",\"@id\":\"https:\\\/\\\/tugesto.com\\\/blog\\\/wp-content\\\/uploads\\\/2024\\\/05\\\/alvaro-benedito.jpg30bcd1f50f6dfb47ccea137cd569bbbe\",\"url\":\"https:\\\/\\\/tugesto.com\\\/blog\\\/wp-content\\\/uploads\\\/2024\\\/05\\\/alvaro-benedito.jpg\",\"contentUrl\":\"https:\\\/\\\/tugesto.com\\\/blog\\\/wp-content\\\/uploads\\\/2024\\\/05\\\/alvaro-benedito.jpg\",\"caption\":\"\u00c1lvaro Benedito\"},\"description\":\"Responsable de redacci\u00f3n y Social Media\",\"sameAs\":[\"https:\\\/\\\/www.linkedin.com\\\/in\\\/%C3%A1lvaro-benedito-mart%C3%ADnez-b377119b\\\/\"]}]}<\/script>\n<!-- \/ Yoast SEO plugin. -->","yoast_head_json":{"title":"Semana mundial del agua 2023: definici\u00f3n y tips | tugesto","description":"\u00a1Celebramos la Semana Mundial del Agua 2023 con estos consejos para un uso responsable en oficinas, echa un vistazo!","robots":{"index":"index","follow":"follow","max-snippet":"max-snippet:-1","max-image-preview":"max-image-preview:large","max-video-preview":"max-video-preview:-1"},"canonical":"https:\/\/tugesto.com\/blog\/semana-mundial-agua-2023\/","og_locale":"es_ES","og_type":"article","og_title":"Semana mundial del agua 2023: definici\u00f3n y tips | tugesto","og_description":"\u00a1Celebramos la Semana Mundial del Agua 2023 con estos consejos para un uso responsable en oficinas, echa un vistazo!","og_url":"https:\/\/tugesto.com\/blog\/semana-mundial-agua-2023\/","og_site_name":"Blog: \u00a1Aprende a emprender! | tugesto","article_publisher":"https:\/\/www.facebook.com\/tugesto\/","article_published_time":"2023-08-22T05:54:30+00:00","article_modified_time":"2024-05-16T09:58:57+00:00","og_image":[{"width":600,"height":400,"url":"https:\/\/tugesto.com\/blog\/wp-content\/uploads\/2023\/08\/semana-mundial-agua-2023.png","type":"image\/png"}],"author":"\u00c1lvaro Benedito","twitter_card":"summary_large_image","twitter_misc":{"Escrito por":"\u00c1lvaro Benedito","Tiempo de lectura":"5 minutos"},"schema":{"@context":"https:\/\/schema.org","@graph":[{"@type":"Article","@id":"https:\/\/tugesto.com\/blog\/semana-mundial-agua-2023\/#article","isPartOf":{"@id":"https:\/\/tugesto.com\/blog\/semana-mundial-agua-2023\/"},"author":{"name":"\u00c1lvaro Benedito","@id":"https:\/\/tugesto.com\/blog\/#\/schema\/person\/2bee1753fa08e2406a0f35883a959ebf"},"headline":"Semana mundial del agua 2023: tips para un uso responsable en oficinas","datePublished":"2023-08-22T05:54:30+00:00","dateModified":"2024-05-16T09:58:57+00:00","mainEntityOfPage":{"@id":"https:\/\/tugesto.com\/blog\/semana-mundial-agua-2023\/"},"wordCount":816,"commentCount":0,"publisher":{"@id":"https:\/\/tugesto.com\/blog\/#organization"},"image":{"@id":"https:\/\/tugesto.com\/blog\/semana-mundial-agua-2023\/#primaryimage"},"thumbnailUrl":"https:\/\/tugesto.com\/blog\/wp-content\/uploads\/2023\/08\/semana-mundial-agua-2023.png","keywords":["aut\u00f3nomos","pymes"],"inLanguage":"es","potentialAction":[{"@type":"CommentAction","name":"Comment","target":["https:\/\/tugesto.com\/blog\/semana-mundial-agua-2023\/#respond"]}]},{"@type":"WebPage","@id":"https:\/\/tugesto.com\/blog\/semana-mundial-agua-2023\/","url":"https:\/\/tugesto.com\/blog\/semana-mundial-agua-2023\/","name":"Semana mundial del agua 2023: definici\u00f3n y tips | tugesto","isPartOf":{"@id":"https:\/\/tugesto.com\/blog\/#website"},"primaryImageOfPage":{"@id":"https:\/\/tugesto.com\/blog\/semana-mundial-agua-2023\/#primaryimage"},"image":{"@id":"https:\/\/tugesto.com\/blog\/semana-mundial-agua-2023\/#primaryimage"},"thumbnailUrl":"https:\/\/tugesto.com\/blog\/wp-content\/uploads\/2023\/08\/semana-mundial-agua-2023.png","datePublished":"2023-08-22T05:54:30+00:00","dateModified":"2024-05-16T09:58:57+00:00","description":"\u00a1Celebramos la Semana Mundial del Agua 2023 con estos consejos para un uso responsable en oficinas, echa un vistazo!","breadcrumb":{"@id":"https:\/\/tugesto.com\/blog\/semana-mundial-agua-2023\/#breadcrumb"},"inLanguage":"es","potentialAction":[{"@type":"ReadAction","target":["https:\/\/tugesto.com\/blog\/semana-mundial-agua-2023\/"]}]},{"@type":"ImageObject","inLanguage":"es","@id":"https:\/\/tugesto.com\/blog\/semana-mundial-agua-2023\/#primaryimage","url":"https:\/\/tugesto.com\/blog\/wp-content\/uploads\/2023\/08\/semana-mundial-agua-2023.png","contentUrl":"https:\/\/tugesto.com\/blog\/wp-content\/uploads\/2023\/08\/semana-mundial-agua-2023.png","width":600,"height":400,"caption":"Cuidar del agua es una obligaci\u00f3n de todos. Por eso, en la semana mundial del agua 2023 queremos indicarte tips para su uso correcto."},{"@type":"BreadcrumbList","@id":"https:\/\/tugesto.com\/blog\/semana-mundial-agua-2023\/#breadcrumb","itemListElement":[{"@type":"ListItem","position":1,"name":"Home","item":"https:\/\/tugesto.com\/blog\/"},{"@type":"ListItem","position":2,"name":"Sin categor\u00eda","item":"https:\/\/tugesto.com\/blog\/category\/sin-categoria\/"},{"@type":"ListItem","position":3,"name":"Semana mundial del agua 2023: tips para un uso responsable en oficinas"}]},{"@type":"WebSite","@id":"https:\/\/tugesto.com\/blog\/#website","url":"https:\/\/tugesto.com\/blog\/","name":"Blog tugesto","description":"\ud83d\udcda Blog especializado para aut\u00f3nomos y pymes. Encuentra semanalmente nuevos posts, recursos y gu\u00edas. La ayuda que necesitas para tu negocio.","publisher":{"@id":"https:\/\/tugesto.com\/blog\/#organization"},"potentialAction":[{"@type":"SearchAction","target":{"@type":"EntryPoint","urlTemplate":"https:\/\/tugesto.com\/blog\/?s={search_term_string}"},"query-input":{"@type":"PropertyValueSpecification","valueRequired":true,"valueName":"search_term_string"}}],"inLanguage":"es"},{"@type":"Organization","@id":"https:\/\/tugesto.com\/blog\/#organization","name":"tugesto","url":"https:\/\/tugesto.com\/blog\/","logo":{"@type":"ImageObject","inLanguage":"es","@id":"https:\/\/tugesto.com\/blog\/#\/schema\/logo\/image\/","url":"https:\/\/tugesto.com\/blog\/wp-content\/uploads\/2019\/06\/logo_tugesto.png","contentUrl":"https:\/\/tugesto.com\/blog\/wp-content\/uploads\/2019\/06\/logo_tugesto.png","width":190,"height":63,"caption":"tugesto"},"image":{"@id":"https:\/\/tugesto.com\/blog\/#\/schema\/logo\/image\/"},"sameAs":["https:\/\/www.facebook.com\/tugesto\/","https:\/\/www.instagram.com\/tugesto_online\/"]},{"@type":"Person","@id":"https:\/\/tugesto.com\/blog\/#\/schema\/person\/2bee1753fa08e2406a0f35883a959ebf","name":"\u00c1lvaro Benedito","image":{"@type":"ImageObject","inLanguage":"es","@id":"https:\/\/tugesto.com\/blog\/wp-content\/uploads\/2024\/05\/alvaro-benedito.jpg30bcd1f50f6dfb47ccea137cd569bbbe","url":"https:\/\/tugesto.com\/blog\/wp-content\/uploads\/2024\/05\/alvaro-benedito.jpg","contentUrl":"https:\/\/tugesto.com\/blog\/wp-content\/uploads\/2024\/05\/alvaro-benedito.jpg","caption":"\u00c1lvaro Benedito"},"description":"Responsable de redacci\u00f3n y Social Media","sameAs":["https:\/\/www.linkedin.com\/in\/%C3%A1lvaro-benedito-mart%C3%ADnez-b377119b\/"]}]}},"authors":[{"term_id":1493,"user_id":7,"is_guest":0,"slug":"alvaro-benedito","display_name":"\u00c1lvaro Benedito","avatar_url":{"url":"https:\/\/tugesto.com\/blog\/wp-content\/uploads\/2024\/05\/alvaro-benedito.jpg","url2x":"https:\/\/tugesto.com\/blog\/wp-content\/uploads\/2024\/05\/alvaro-benedito.jpg"},"0":null,"1":"","2":"","3":"","4":"","5":"","6":"","7":"","8":""}],"_links":{"self":[{"href":"https:\/\/tugesto.com\/blog\/wp-json\/wp\/v2\/posts\/32971","targetHints":{"allow":["GET"]}}],"collection":[{"href":"https:\/\/tugesto.com\/blog\/wp-json\/wp\/v2\/posts"}],"about":[{"href":"https:\/\/tugesto.com\/blog\/wp-json\/wp\/v2\/types\/post"}],"author":[{"embeddable":true,"href":"https:\/\/tugesto.com\/blog\/wp-json\/wp\/v2\/users\/7"}],"replies":[{"embeddable":true,"href":"https:\/\/tugesto.com\/blog\/wp-json\/wp\/v2\/comments?post=32971"}],"version-history":[{"count":22,"href":"https:\/\/tugesto.com\/blog\/wp-json\/wp\/v2\/posts\/32971\/revisions"}],"predecessor-version":[{"id":35239,"href":"https:\/\/tugesto.com\/blog\/wp-json\/wp\/v2\/posts\/32971\/revisions\/35239"}],"wp:featuredmedia":[{"embeddable":true,"href":"https:\/\/tugesto.com\/blog\/wp-json\/wp\/v2\/media\/32984"}],"wp:attachment":[{"href":"https:\/\/tugesto.com\/blog\/wp-json\/wp\/v2\/media?parent=32971"}],"wp:term":[{"taxonomy":"category","embeddable":true,"href":"https:\/\/tugesto.com\/blog\/wp-json\/wp\/v2\/categories?post=32971"},{"taxonomy":"post_tag","embeddable":true,"href":"https:\/\/tugesto.com\/blog\/wp-json\/wp\/v2\/tags?post=32971"},{"taxonomy":"author","embeddable":true,"href":"https:\/\/tugesto.com\/blog\/wp-json\/wp\/v2\/ppma_author?post=32971"}],"curies":[{"name":"wp","href":"https:\/\/api.w.org\/{rel}","templated":true}]}}