{"id":29814,"date":"2023-05-16T10:34:44","date_gmt":"2023-05-16T08:34:44","guid":{"rendered":"https:\/\/tugesto.com\/blog\/?p=29814"},"modified":"2024-05-16T12:07:14","modified_gmt":"2024-05-16T10:07:14","slug":"dia-internacional-reciclaje","status":"publish","type":"post","link":"https:\/\/tugesto.com\/blog\/dia-internacional-reciclaje\/","title":{"rendered":"D\u00eda Internacional del Reciclaje: somos #PeopleLovers"},"content":{"rendered":"\t\t<div data-elementor-type=\"wp-post\" data-elementor-id=\"29814\" class=\"elementor elementor-29814\" data-elementor-post-type=\"post\">\n\t\t\t\t\t\t<section class=\"elementor-section elementor-top-section elementor-element elementor-element-88bb031 elementor-section-boxed elementor-section-height-default elementor-section-height-default\" data-id=\"88bb031\" data-element_type=\"section\" data-e-type=\"section\">\n\t\t\t\t\t\t<div class=\"elementor-container elementor-column-gap-default\">\n\t\t\t\t\t<div class=\"elementor-column elementor-col-100 elementor-top-column elementor-element elementor-element-b4a8386\" data-id=\"b4a8386\" data-element_type=\"column\" data-e-type=\"column\">\n\t\t\t<div class=\"elementor-widget-wrap elementor-element-populated\">\n\t\t\t\t\t\t<div class=\"elementor-element elementor-element-56df31b elementor-widget elementor-widget-text-editor\" data-id=\"56df31b\" data-element_type=\"widget\" data-e-type=\"widget\" data-widget_type=\"text-editor.default\">\n\t\t\t\t<div class=\"elementor-widget-container\">\n\t\t\t\t\t\t\t\t\t<p><span style=\"color: #4c4f54;\">Mayo es un mes de celebraciones y, una muy especial, guarda relaci\u00f3n con el reciclaje. El 17 de mayo se celebra el <b>D\u00eda Internacional del Reciclaje<\/b>, como iniciativa para proteger el medio ambiente. Se suma a otros d\u00edas destacados para la sostenibilidad como el\u00a0<a style=\"color: #4c4f54;\" href=\"https:\/\/www.un.org\/es\/observances\/water-day\" target=\"_blank\" rel=\"noopener\">D\u00eda Mundial del Agua<\/a>\u00a0cada 22 de marzo con el firme objetivo de reducir el impacto que tiene la sociedad en el planeta y la importancia de la adecuada gesti\u00f3n de los residuos.<\/span><\/p>\t\t\t\t\t\t\t\t<\/div>\n\t\t\t\t<\/div>\n\t\t\t\t\t<\/div>\n\t\t<\/div>\n\t\t\t\t\t<\/div>\n\t\t<\/section>\n\t\t\t\t<section class=\"elementor-section elementor-top-section elementor-element elementor-element-4075195 elementor-section-boxed elementor-section-height-default elementor-section-height-default\" data-id=\"4075195\" data-element_type=\"section\" data-e-type=\"section\">\n\t\t\t\t\t\t<div class=\"elementor-container elementor-column-gap-default\">\n\t\t\t\t\t<div class=\"elementor-column elementor-col-100 elementor-top-column elementor-element elementor-element-0d5e808\" data-id=\"0d5e808\" data-element_type=\"column\" data-e-type=\"column\">\n\t\t\t<div class=\"elementor-widget-wrap elementor-element-populated\">\n\t\t\t\t\t\t<div class=\"elementor-element elementor-element-b064a8c elementor-widget elementor-widget-heading\" data-id=\"b064a8c\" data-element_type=\"widget\" data-e-type=\"widget\" data-widget_type=\"heading.default\">\n\t\t\t\t<div class=\"elementor-widget-container\">\n\t\t\t\t\t<h2 class=\"elementor-heading-title elementor-size-default\">\u00bfQu\u00e9 es el reciclaje?<\/h2>\t\t\t\t<\/div>\n\t\t\t\t<\/div>\n\t\t\t\t\t<\/div>\n\t\t<\/div>\n\t\t\t\t\t<\/div>\n\t\t<\/section>\n\t\t\t\t<section class=\"elementor-section elementor-top-section elementor-element elementor-element-8bb4658 elementor-section-boxed elementor-section-height-default elementor-section-height-default\" data-id=\"8bb4658\" data-element_type=\"section\" data-e-type=\"section\">\n\t\t\t\t\t\t<div class=\"elementor-container elementor-column-gap-default\">\n\t\t\t\t\t<div class=\"elementor-column elementor-col-100 elementor-top-column elementor-element elementor-element-dad8df6\" data-id=\"dad8df6\" data-element_type=\"column\" data-e-type=\"column\">\n\t\t\t<div class=\"elementor-widget-wrap elementor-element-populated\">\n\t\t\t\t\t\t<div class=\"elementor-element elementor-element-9e2e3e8 elementor-widget elementor-widget-text-editor\" data-id=\"9e2e3e8\" data-element_type=\"widget\" data-e-type=\"widget\" data-widget_type=\"text-editor.default\">\n\t\t\t\t<div class=\"elementor-widget-container\">\n\t\t\t\t\t\t\t\t\t<p><span style=\"color: #4c4f54;\">Cuando se habla del reciclaje, nos estamos refiriendo al proceso simple o complejo que tiene un material o un producto para reincorporarse a un ciclo de consumo y\/o producci\u00f3n. Los residuos que sean <b>reciclables <\/b>ser\u00e1n los materiales secos que sean susceptibles de aprovechamiento como papel y cart\u00f3n, pl\u00e1sticos, vidrios o metales, entre otros y la fracci\u00f3n org\u00e1nica de los residuos s\u00f3lidos urbanos.<\/span><\/p><p><span style=\"color: #4c4f54;\">El reciclaje es la mejor forma de reducir el volumen de residuos s\u00f3lidos y transformarlos en nuevos productos. El D\u00eda Internacional del Reciclaje es id\u00f3neo para promover conciencias y analizar cu\u00e1les son los avances y qu\u00e9 demandas existen en este \u00e1mbito, solicitando la contribuci\u00f3n de la sociedad para fomentar la sostenibilidad.<\/span><\/p>\t\t\t\t\t\t\t\t<\/div>\n\t\t\t\t<\/div>\n\t\t\t\t\t<\/div>\n\t\t<\/div>\n\t\t\t\t\t<\/div>\n\t\t<\/section>\n\t\t\t\t<section class=\"elementor-section elementor-top-section elementor-element elementor-element-6aa1839 elementor-section-boxed elementor-section-height-default elementor-section-height-default\" data-id=\"6aa1839\" data-element_type=\"section\" data-e-type=\"section\">\n\t\t\t\t\t\t<div class=\"elementor-container elementor-column-gap-default\">\n\t\t\t\t\t<div class=\"elementor-column elementor-col-100 elementor-top-column elementor-element elementor-element-ed802d3\" data-id=\"ed802d3\" data-element_type=\"column\" data-e-type=\"column\">\n\t\t\t<div class=\"elementor-widget-wrap elementor-element-populated\">\n\t\t\t\t\t\t<div class=\"elementor-element elementor-element-2d262ec elementor-widget elementor-widget-heading\" data-id=\"2d262ec\" data-element_type=\"widget\" data-e-type=\"widget\" data-widget_type=\"heading.default\">\n\t\t\t\t<div class=\"elementor-widget-container\">\n\t\t\t\t\t<h2 class=\"elementor-heading-title elementor-size-default\">\u00bfDe qu\u00e9 manera podemos reciclar en nuestro d\u00eda a d\u00eda?<\/h2>\t\t\t\t<\/div>\n\t\t\t\t<\/div>\n\t\t\t\t\t<\/div>\n\t\t<\/div>\n\t\t\t\t\t<\/div>\n\t\t<\/section>\n\t\t\t\t<section class=\"elementor-section elementor-top-section elementor-element elementor-element-d39eda6 elementor-section-boxed elementor-section-height-default elementor-section-height-default\" data-id=\"d39eda6\" data-element_type=\"section\" data-e-type=\"section\">\n\t\t\t\t\t\t<div class=\"elementor-container elementor-column-gap-default\">\n\t\t\t\t\t<div class=\"elementor-column elementor-col-100 elementor-top-column elementor-element elementor-element-fb9e226\" data-id=\"fb9e226\" data-element_type=\"column\" data-e-type=\"column\">\n\t\t\t<div class=\"elementor-widget-wrap elementor-element-populated\">\n\t\t\t\t\t\t<div class=\"elementor-element elementor-element-e21ed88 elementor-widget elementor-widget-text-editor\" data-id=\"e21ed88\" data-element_type=\"widget\" data-e-type=\"widget\" data-widget_type=\"text-editor.default\">\n\t\t\t\t<div class=\"elementor-widget-container\">\n\t\t\t\t\t\t\t\t\t<p><span style=\"color: #4c4f54;\">La gran mayor\u00eda de los materiales que empleamos diariamente se pueden reciclar. \u00bfSab\u00edas que si se reciclan 1.000 kilos de papel se salva la vida de 17 \u00e1rboles? En caso de que haya que separar los residuos, se deber\u00e1n depositar en el contenedor correspondiente.<\/span><\/p><p><span style=\"color: #4c4f54;\">El <b>contenedor azul<\/b> ser\u00e1 el indicado para el papel y el cart\u00f3n, el amarillo para envases como botellas, botes o latas. Sin embargo, en este caso deberemos limpiarlos debidamente y aplastarlos para que no se acumulen y llenen el contenedor r\u00e1pidamente. El contenedor verde claro ser\u00e1 para el vidrio, mientras que el marr\u00f3n o el gris, ser\u00e1 para la materia org\u00e1nica.<\/span><\/p>\t\t\t\t\t\t\t\t<\/div>\n\t\t\t\t<\/div>\n\t\t\t\t\t<\/div>\n\t\t<\/div>\n\t\t\t\t\t<\/div>\n\t\t<\/section>\n\t\t\t\t<section class=\"elementor-section elementor-top-section elementor-element elementor-element-6007aee elementor-section-boxed elementor-section-height-default elementor-section-height-default\" data-id=\"6007aee\" data-element_type=\"section\" data-e-type=\"section\">\n\t\t\t\t\t\t<div class=\"elementor-container elementor-column-gap-default\">\n\t\t\t\t\t<div class=\"elementor-column elementor-col-100 elementor-top-column elementor-element elementor-element-2f517ba\" data-id=\"2f517ba\" data-element_type=\"column\" data-e-type=\"column\">\n\t\t\t<div class=\"elementor-widget-wrap elementor-element-populated\">\n\t\t\t\t\t\t<div class=\"elementor-element elementor-element-a6f67b6 elementor-widget elementor-widget-heading\" data-id=\"a6f67b6\" data-element_type=\"widget\" data-e-type=\"widget\" data-widget_type=\"heading.default\">\n\t\t\t\t<div class=\"elementor-widget-container\">\n\t\t\t\t\t<h2 class=\"elementor-heading-title elementor-size-default\">\u00bfC\u00f3mo reciclar en el trabajo? Ejemplos en el D\u00eda Internacional del Reciclaje<\/h2>\t\t\t\t<\/div>\n\t\t\t\t<\/div>\n\t\t\t\t\t<\/div>\n\t\t<\/div>\n\t\t\t\t\t<\/div>\n\t\t<\/section>\n\t\t\t\t<section class=\"elementor-section elementor-top-section elementor-element elementor-element-d8fa6d9 elementor-section-boxed elementor-section-height-default elementor-section-height-default\" data-id=\"d8fa6d9\" data-element_type=\"section\" data-e-type=\"section\">\n\t\t\t\t\t\t<div class=\"elementor-container elementor-column-gap-default\">\n\t\t\t\t\t<div class=\"elementor-column elementor-col-100 elementor-top-column elementor-element elementor-element-d39139e\" data-id=\"d39139e\" data-element_type=\"column\" data-e-type=\"column\">\n\t\t\t<div class=\"elementor-widget-wrap elementor-element-populated\">\n\t\t\t\t\t\t<div class=\"elementor-element elementor-element-182ede6 elementor-widget elementor-widget-text-editor\" data-id=\"182ede6\" data-element_type=\"widget\" data-e-type=\"widget\" data-widget_type=\"text-editor.default\">\n\t\t\t\t<div class=\"elementor-widget-container\">\n\t\t\t\t\t\t\t\t\t<p><span style=\"color: #4c4f54;\">Reciclar es esencial para ahorrar energ\u00eda y hacer frente al cambio clim\u00e1tico. En nuestro trabajo podemos contribuir tambi\u00e9n y convertirnos en #PeopleLovers, pero debemos saber cu\u00e1les son los tips para conseguirlo.<\/span><\/p><p><span style=\"color: #4c4f54;\">El primer tip y m\u00e1s importante es tener diferentes contenedores para reciclar en el trabajo. Colocaremos en un espacio los contenedores para que se almacenen de manera organizada los desperdicios que se generan en el entorno laboral. En el contenedor, es importante que figure <b>qu\u00e9 tipo de objetos se pueden arrojar<\/b>, puesto que no todos conocen las normas del reciclaje.<\/span><\/p><p><span style=\"color: #4c4f54;\">Usar papel reciclado tambi\u00e9n es una medida sostenible. Si bien tiene unas caracter\u00edsticas \u00fanicas, la realidad es que fomenta el consumo responsable de los recursos y contribuye a mejorar la calidad de las aguas o reducir la huella de carbono.<\/span><\/p><p><span style=\"color: #4c4f54;\"><b>Apagar las luces<\/b> es el tercer tip y se relaciona directamente con nuestra sensibilidad por preservar el medio ambiente. Utilizar aparatos electr\u00f3nicos en los lugares de trabajo es elevado, por lo que siempre que sea posible, es aconsejable apagarlas y desenchufar aparatos electr\u00f3nicos que no se est\u00e9n usando.<\/span><\/p><p><span style=\"color: #4c4f54;\">En<\/span>\u00a0<a href=\"https:\/\/tugesto.com\/\" target=\"_blank\" rel=\"noopener\">tugesto<\/a><span style=\"color: #4c4f54;\">, nos sumamos al D\u00eda Internacional del Reciclaje poniendo en pr\u00e1ctica los tips que hemos descrito en este art\u00edculo. Adem\u00e1s, ponemos en marcha nuestra landing <b>PeopleLovers <\/b>para contribuir a la creaci\u00f3n de un mundo mejor.<\/span><\/p>\t\t\t\t\t\t\t\t<\/div>\n\t\t\t\t<\/div>\n\t\t\t\t\t<\/div>\n\t\t<\/div>\n\t\t\t\t\t<\/div>\n\t\t<\/section>\n\t\t\t\t<section class=\"elementor-section elementor-top-section elementor-element elementor-element-a567e75 elementor-section-boxed elementor-section-height-default elementor-section-height-default\" data-id=\"a567e75\" data-element_type=\"section\" data-e-type=\"section\">\n\t\t\t\t\t\t<div class=\"elementor-container elementor-column-gap-default\">\n\t\t\t\t\t<div class=\"elementor-column elementor-col-100 elementor-top-column elementor-element elementor-element-4946e70\" data-id=\"4946e70\" data-element_type=\"column\" data-e-type=\"column\">\n\t\t\t<div class=\"elementor-widget-wrap elementor-element-populated\">\n\t\t\t\t\t\t<div class=\"elementor-element elementor-element-5b21376 elementor-widget elementor-widget-image\" data-id=\"5b21376\" data-element_type=\"widget\" data-e-type=\"widget\" data-widget_type=\"image.default\">\n\t\t\t\t<div class=\"elementor-widget-container\">\n\t\t\t\t\t\t\t\t\t\t\t\t\t\t\t\t<a href=\"https:\/\/tugesto.com\/blog\/enamorate-software-tugesto\/\" target=\"_blank\">\n\t\t\t\t\t\t\t<img fetchpriority=\"high\" decoding=\"async\" width=\"600\" height=\"400\" src=\"https:\/\/tugesto.com\/blog\/wp-content\/uploads\/2023\/02\/enamorate-software-tugesto.jpg\" class=\"attachment-large size-large wp-image-26718\" alt=\"Enam\u00f3rate de tugesto, de nuestro software y de nuestras soluciones\" srcset=\"https:\/\/tugesto.com\/blog\/wp-content\/uploads\/2023\/02\/enamorate-software-tugesto.jpg 600w, https:\/\/tugesto.com\/blog\/wp-content\/uploads\/2023\/02\/enamorate-software-tugesto-300x200.jpg 300w\" sizes=\"(max-width: 600px) 100vw, 600px\" \/>\t\t\t\t\t\t\t\t<\/a>\n\t\t\t\t\t\t\t\t\t\t\t\t\t\t\t<\/div>\n\t\t\t\t<\/div>\n\t\t\t\t\t<\/div>\n\t\t<\/div>\n\t\t\t\t\t<\/div>\n\t\t<\/section>\n\t\t\t\t<\/div>\n\t\t","protected":false},"excerpt":{"rendered":"<p>Mayo es un mes de celebraciones y, una muy especial, guarda relaci\u00f3n con el reciclaje. El 17 de mayo se celebra el D\u00eda Internacional del Reciclaje, como iniciativa para proteger el medio ambiente. Se suma a otros d\u00edas destacados para la sostenibilidad como el\u00a0D\u00eda Mundial del Agua\u00a0cada 22 de marzo con el firme objetivo de [&hellip;]<\/p>\n","protected":false},"author":6,"featured_media":32107,"comment_status":"open","ping_status":"open","sticky":false,"template":"","format":"standard","meta":{"_eb_attr":"","content-type":"","footnotes":""},"categories":[1],"tags":[36,38],"ppma_author":[1492],"class_list":["post-29814","post","type-post","status-publish","format-standard","has-post-thumbnail","hentry","category-sin-categoria","tag-autonomos","tag-pymes"],"yoast_head":"<!-- This site is optimized with the Yoast SEO plugin v27.5 - https:\/\/yoast.com\/product\/yoast-seo-wordpress\/ -->\n<title>D\u00eda Internacional del Reciclaje cuidemos La Tierra | tugesto<\/title>\n<meta name=\"description\" content=\"Aprovechamos el D\u00eda Internacional del Reciclaje para hacer ruido de estas buenas pr\u00e1cticas y favorecer el cuidado del planeta\" \/>\n<meta name=\"robots\" content=\"index, follow, max-snippet:-1, max-image-preview:large, max-video-preview:-1\" \/>\n<link rel=\"canonical\" href=\"https:\/\/tugesto.com\/blog\/dia-internacional-reciclaje\/\" \/>\n<meta property=\"og:locale\" content=\"es_ES\" \/>\n<meta property=\"og:type\" content=\"article\" \/>\n<meta property=\"og:title\" content=\"D\u00eda Internacional del Reciclaje cuidemos La Tierra | tugesto\" \/>\n<meta property=\"og:description\" content=\"Aprovechamos el D\u00eda Internacional del Reciclaje para hacer ruido de estas buenas pr\u00e1cticas y favorecer el cuidado del planeta\" \/>\n<meta property=\"og:url\" content=\"https:\/\/tugesto.com\/blog\/dia-internacional-reciclaje\/\" \/>\n<meta property=\"og:site_name\" content=\"Blog: \u00a1Aprende a emprender! | tugesto\" \/>\n<meta property=\"article:publisher\" content=\"https:\/\/www.facebook.com\/tugesto\/\" \/>\n<meta property=\"article:published_time\" content=\"2023-05-16T08:34:44+00:00\" \/>\n<meta property=\"article:modified_time\" content=\"2024-05-16T10:07:14+00:00\" \/>\n<meta property=\"og:image\" content=\"https:\/\/tugesto.com\/blog\/wp-content\/uploads\/2023\/05\/dia-internacional-reciclaje.jpg\" \/>\n\t<meta property=\"og:image:width\" content=\"600\" \/>\n\t<meta property=\"og:image:height\" content=\"400\" \/>\n\t<meta property=\"og:image:type\" content=\"image\/jpeg\" \/>\n<meta name=\"author\" content=\"Pilar Ma\u00f1es\" \/>\n<meta name=\"twitter:card\" content=\"summary_large_image\" \/>\n<meta name=\"twitter:label1\" content=\"Escrito por\" \/>\n\t<meta name=\"twitter:data1\" content=\"Pilar Ma\u00f1es\" \/>\n\t<meta name=\"twitter:label2\" content=\"Tiempo de lectura\" \/>\n\t<meta name=\"twitter:data2\" content=\"3 minutos\" \/>\n<script type=\"application\/ld+json\" class=\"yoast-schema-graph\">{\"@context\":\"https:\\\/\\\/schema.org\",\"@graph\":[{\"@type\":\"Article\",\"@id\":\"https:\\\/\\\/tugesto.com\\\/blog\\\/dia-internacional-reciclaje\\\/#article\",\"isPartOf\":{\"@id\":\"https:\\\/\\\/tugesto.com\\\/blog\\\/dia-internacional-reciclaje\\\/\"},\"author\":{\"name\":\"Pilar Ma\u00f1es\",\"@id\":\"https:\\\/\\\/tugesto.com\\\/blog\\\/#\\\/schema\\\/person\\\/2fa8e07511841ac8faf1e197d136c5cc\"},\"headline\":\"D\u00eda Internacional del Reciclaje: somos #PeopleLovers\",\"datePublished\":\"2023-05-16T08:34:44+00:00\",\"dateModified\":\"2024-05-16T10:07:14+00:00\",\"mainEntityOfPage\":{\"@id\":\"https:\\\/\\\/tugesto.com\\\/blog\\\/dia-internacional-reciclaje\\\/\"},\"wordCount\":583,\"commentCount\":0,\"publisher\":{\"@id\":\"https:\\\/\\\/tugesto.com\\\/blog\\\/#organization\"},\"image\":{\"@id\":\"https:\\\/\\\/tugesto.com\\\/blog\\\/dia-internacional-reciclaje\\\/#primaryimage\"},\"thumbnailUrl\":\"https:\\\/\\\/tugesto.com\\\/blog\\\/wp-content\\\/uploads\\\/2023\\\/05\\\/dia-internacional-reciclaje.jpg\",\"keywords\":[\"aut\u00f3nomos\",\"pymes\"],\"inLanguage\":\"es\",\"potentialAction\":[{\"@type\":\"CommentAction\",\"name\":\"Comment\",\"target\":[\"https:\\\/\\\/tugesto.com\\\/blog\\\/dia-internacional-reciclaje\\\/#respond\"]}]},{\"@type\":\"WebPage\",\"@id\":\"https:\\\/\\\/tugesto.com\\\/blog\\\/dia-internacional-reciclaje\\\/\",\"url\":\"https:\\\/\\\/tugesto.com\\\/blog\\\/dia-internacional-reciclaje\\\/\",\"name\":\"D\u00eda Internacional del Reciclaje cuidemos La Tierra | tugesto\",\"isPartOf\":{\"@id\":\"https:\\\/\\\/tugesto.com\\\/blog\\\/#website\"},\"primaryImageOfPage\":{\"@id\":\"https:\\\/\\\/tugesto.com\\\/blog\\\/dia-internacional-reciclaje\\\/#primaryimage\"},\"image\":{\"@id\":\"https:\\\/\\\/tugesto.com\\\/blog\\\/dia-internacional-reciclaje\\\/#primaryimage\"},\"thumbnailUrl\":\"https:\\\/\\\/tugesto.com\\\/blog\\\/wp-content\\\/uploads\\\/2023\\\/05\\\/dia-internacional-reciclaje.jpg\",\"datePublished\":\"2023-05-16T08:34:44+00:00\",\"dateModified\":\"2024-05-16T10:07:14+00:00\",\"description\":\"Aprovechamos el D\u00eda Internacional del Reciclaje para hacer ruido de estas buenas pr\u00e1cticas y favorecer el cuidado del planeta\",\"breadcrumb\":{\"@id\":\"https:\\\/\\\/tugesto.com\\\/blog\\\/dia-internacional-reciclaje\\\/#breadcrumb\"},\"inLanguage\":\"es\",\"potentialAction\":[{\"@type\":\"ReadAction\",\"target\":[\"https:\\\/\\\/tugesto.com\\\/blog\\\/dia-internacional-reciclaje\\\/\"]}]},{\"@type\":\"ImageObject\",\"inLanguage\":\"es\",\"@id\":\"https:\\\/\\\/tugesto.com\\\/blog\\\/dia-internacional-reciclaje\\\/#primaryimage\",\"url\":\"https:\\\/\\\/tugesto.com\\\/blog\\\/wp-content\\\/uploads\\\/2023\\\/05\\\/dia-internacional-reciclaje.jpg\",\"contentUrl\":\"https:\\\/\\\/tugesto.com\\\/blog\\\/wp-content\\\/uploads\\\/2023\\\/05\\\/dia-internacional-reciclaje.jpg\",\"width\":600,\"height\":400,\"caption\":\"En tugesto somos #PeopleLovers, lo que se traduce como amantes de la naturaleza, de las buenas pr\u00e1cticas, del cuidado de las personas y animales\"},{\"@type\":\"BreadcrumbList\",\"@id\":\"https:\\\/\\\/tugesto.com\\\/blog\\\/dia-internacional-reciclaje\\\/#breadcrumb\",\"itemListElement\":[{\"@type\":\"ListItem\",\"position\":1,\"name\":\"Home\",\"item\":\"https:\\\/\\\/tugesto.com\\\/blog\\\/\"},{\"@type\":\"ListItem\",\"position\":2,\"name\":\"Sin categor\u00eda\",\"item\":\"https:\\\/\\\/tugesto.com\\\/blog\\\/category\\\/sin-categoria\\\/\"},{\"@type\":\"ListItem\",\"position\":3,\"name\":\"D\u00eda Internacional del Reciclaje: somos #PeopleLovers\"}]},{\"@type\":\"WebSite\",\"@id\":\"https:\\\/\\\/tugesto.com\\\/blog\\\/#website\",\"url\":\"https:\\\/\\\/tugesto.com\\\/blog\\\/\",\"name\":\"Blog tugesto\",\"description\":\"\ud83d\udcda Blog especializado para aut\u00f3nomos y pymes. Encuentra semanalmente nuevos posts, recursos y gu\u00edas. La ayuda que necesitas para tu negocio.\",\"publisher\":{\"@id\":\"https:\\\/\\\/tugesto.com\\\/blog\\\/#organization\"},\"potentialAction\":[{\"@type\":\"SearchAction\",\"target\":{\"@type\":\"EntryPoint\",\"urlTemplate\":\"https:\\\/\\\/tugesto.com\\\/blog\\\/?s={search_term_string}\"},\"query-input\":{\"@type\":\"PropertyValueSpecification\",\"valueRequired\":true,\"valueName\":\"search_term_string\"}}],\"inLanguage\":\"es\"},{\"@type\":\"Organization\",\"@id\":\"https:\\\/\\\/tugesto.com\\\/blog\\\/#organization\",\"name\":\"tugesto\",\"url\":\"https:\\\/\\\/tugesto.com\\\/blog\\\/\",\"logo\":{\"@type\":\"ImageObject\",\"inLanguage\":\"es\",\"@id\":\"https:\\\/\\\/tugesto.com\\\/blog\\\/#\\\/schema\\\/logo\\\/image\\\/\",\"url\":\"https:\\\/\\\/tugesto.com\\\/blog\\\/wp-content\\\/uploads\\\/2019\\\/06\\\/logo_tugesto.png\",\"contentUrl\":\"https:\\\/\\\/tugesto.com\\\/blog\\\/wp-content\\\/uploads\\\/2019\\\/06\\\/logo_tugesto.png\",\"width\":190,\"height\":63,\"caption\":\"tugesto\"},\"image\":{\"@id\":\"https:\\\/\\\/tugesto.com\\\/blog\\\/#\\\/schema\\\/logo\\\/image\\\/\"},\"sameAs\":[\"https:\\\/\\\/www.facebook.com\\\/tugesto\\\/\",\"https:\\\/\\\/www.instagram.com\\\/tugesto_online\\\/\"]},{\"@type\":\"Person\",\"@id\":\"https:\\\/\\\/tugesto.com\\\/blog\\\/#\\\/schema\\\/person\\\/2fa8e07511841ac8faf1e197d136c5cc\",\"name\":\"Pilar Ma\u00f1es\",\"image\":{\"@type\":\"ImageObject\",\"inLanguage\":\"es\",\"@id\":\"https:\\\/\\\/tugesto.com\\\/blog\\\/wp-content\\\/uploads\\\/2024\\\/05\\\/pilar-manes.jpg18b40a4d2cebdace06b7959c1bad725b\",\"url\":\"https:\\\/\\\/tugesto.com\\\/blog\\\/wp-content\\\/uploads\\\/2024\\\/05\\\/pilar-manes.jpg\",\"contentUrl\":\"https:\\\/\\\/tugesto.com\\\/blog\\\/wp-content\\\/uploads\\\/2024\\\/05\\\/pilar-manes.jpg\",\"caption\":\"Pilar Ma\u00f1es\"},\"description\":\"Responsable dpto. Comunicaci\u00f3n y Marketing\",\"sameAs\":[\"https:\\\/\\\/www.linkedin.com\\\/in\\\/pilar-ma%C3%B1es\\\/\"]}]}<\/script>\n<!-- \/ Yoast SEO plugin. -->","yoast_head_json":{"title":"D\u00eda Internacional del Reciclaje cuidemos La Tierra | tugesto","description":"Aprovechamos el D\u00eda Internacional del Reciclaje para hacer ruido de estas buenas pr\u00e1cticas y favorecer el cuidado del planeta","robots":{"index":"index","follow":"follow","max-snippet":"max-snippet:-1","max-image-preview":"max-image-preview:large","max-video-preview":"max-video-preview:-1"},"canonical":"https:\/\/tugesto.com\/blog\/dia-internacional-reciclaje\/","og_locale":"es_ES","og_type":"article","og_title":"D\u00eda Internacional del Reciclaje cuidemos La Tierra | tugesto","og_description":"Aprovechamos el D\u00eda Internacional del Reciclaje para hacer ruido de estas buenas pr\u00e1cticas y favorecer el cuidado del planeta","og_url":"https:\/\/tugesto.com\/blog\/dia-internacional-reciclaje\/","og_site_name":"Blog: \u00a1Aprende a emprender! | tugesto","article_publisher":"https:\/\/www.facebook.com\/tugesto\/","article_published_time":"2023-05-16T08:34:44+00:00","article_modified_time":"2024-05-16T10:07:14+00:00","og_image":[{"width":600,"height":400,"url":"https:\/\/tugesto.com\/blog\/wp-content\/uploads\/2023\/05\/dia-internacional-reciclaje.jpg","type":"image\/jpeg"}],"author":"Pilar Ma\u00f1es","twitter_card":"summary_large_image","twitter_misc":{"Escrito por":"Pilar Ma\u00f1es","Tiempo de lectura":"3 minutos"},"schema":{"@context":"https:\/\/schema.org","@graph":[{"@type":"Article","@id":"https:\/\/tugesto.com\/blog\/dia-internacional-reciclaje\/#article","isPartOf":{"@id":"https:\/\/tugesto.com\/blog\/dia-internacional-reciclaje\/"},"author":{"name":"Pilar Ma\u00f1es","@id":"https:\/\/tugesto.com\/blog\/#\/schema\/person\/2fa8e07511841ac8faf1e197d136c5cc"},"headline":"D\u00eda Internacional del Reciclaje: somos #PeopleLovers","datePublished":"2023-05-16T08:34:44+00:00","dateModified":"2024-05-16T10:07:14+00:00","mainEntityOfPage":{"@id":"https:\/\/tugesto.com\/blog\/dia-internacional-reciclaje\/"},"wordCount":583,"commentCount":0,"publisher":{"@id":"https:\/\/tugesto.com\/blog\/#organization"},"image":{"@id":"https:\/\/tugesto.com\/blog\/dia-internacional-reciclaje\/#primaryimage"},"thumbnailUrl":"https:\/\/tugesto.com\/blog\/wp-content\/uploads\/2023\/05\/dia-internacional-reciclaje.jpg","keywords":["aut\u00f3nomos","pymes"],"inLanguage":"es","potentialAction":[{"@type":"CommentAction","name":"Comment","target":["https:\/\/tugesto.com\/blog\/dia-internacional-reciclaje\/#respond"]}]},{"@type":"WebPage","@id":"https:\/\/tugesto.com\/blog\/dia-internacional-reciclaje\/","url":"https:\/\/tugesto.com\/blog\/dia-internacional-reciclaje\/","name":"D\u00eda Internacional del Reciclaje cuidemos La Tierra | tugesto","isPartOf":{"@id":"https:\/\/tugesto.com\/blog\/#website"},"primaryImageOfPage":{"@id":"https:\/\/tugesto.com\/blog\/dia-internacional-reciclaje\/#primaryimage"},"image":{"@id":"https:\/\/tugesto.com\/blog\/dia-internacional-reciclaje\/#primaryimage"},"thumbnailUrl":"https:\/\/tugesto.com\/blog\/wp-content\/uploads\/2023\/05\/dia-internacional-reciclaje.jpg","datePublished":"2023-05-16T08:34:44+00:00","dateModified":"2024-05-16T10:07:14+00:00","description":"Aprovechamos el D\u00eda Internacional del Reciclaje para hacer ruido de estas buenas pr\u00e1cticas y favorecer el cuidado del planeta","breadcrumb":{"@id":"https:\/\/tugesto.com\/blog\/dia-internacional-reciclaje\/#breadcrumb"},"inLanguage":"es","potentialAction":[{"@type":"ReadAction","target":["https:\/\/tugesto.com\/blog\/dia-internacional-reciclaje\/"]}]},{"@type":"ImageObject","inLanguage":"es","@id":"https:\/\/tugesto.com\/blog\/dia-internacional-reciclaje\/#primaryimage","url":"https:\/\/tugesto.com\/blog\/wp-content\/uploads\/2023\/05\/dia-internacional-reciclaje.jpg","contentUrl":"https:\/\/tugesto.com\/blog\/wp-content\/uploads\/2023\/05\/dia-internacional-reciclaje.jpg","width":600,"height":400,"caption":"En tugesto somos #PeopleLovers, lo que se traduce como amantes de la naturaleza, de las buenas pr\u00e1cticas, del cuidado de las personas y animales"},{"@type":"BreadcrumbList","@id":"https:\/\/tugesto.com\/blog\/dia-internacional-reciclaje\/#breadcrumb","itemListElement":[{"@type":"ListItem","position":1,"name":"Home","item":"https:\/\/tugesto.com\/blog\/"},{"@type":"ListItem","position":2,"name":"Sin categor\u00eda","item":"https:\/\/tugesto.com\/blog\/category\/sin-categoria\/"},{"@type":"ListItem","position":3,"name":"D\u00eda Internacional del Reciclaje: somos #PeopleLovers"}]},{"@type":"WebSite","@id":"https:\/\/tugesto.com\/blog\/#website","url":"https:\/\/tugesto.com\/blog\/","name":"Blog tugesto","description":"\ud83d\udcda Blog especializado para aut\u00f3nomos y pymes. Encuentra semanalmente nuevos posts, recursos y gu\u00edas. La ayuda que necesitas para tu negocio.","publisher":{"@id":"https:\/\/tugesto.com\/blog\/#organization"},"potentialAction":[{"@type":"SearchAction","target":{"@type":"EntryPoint","urlTemplate":"https:\/\/tugesto.com\/blog\/?s={search_term_string}"},"query-input":{"@type":"PropertyValueSpecification","valueRequired":true,"valueName":"search_term_string"}}],"inLanguage":"es"},{"@type":"Organization","@id":"https:\/\/tugesto.com\/blog\/#organization","name":"tugesto","url":"https:\/\/tugesto.com\/blog\/","logo":{"@type":"ImageObject","inLanguage":"es","@id":"https:\/\/tugesto.com\/blog\/#\/schema\/logo\/image\/","url":"https:\/\/tugesto.com\/blog\/wp-content\/uploads\/2019\/06\/logo_tugesto.png","contentUrl":"https:\/\/tugesto.com\/blog\/wp-content\/uploads\/2019\/06\/logo_tugesto.png","width":190,"height":63,"caption":"tugesto"},"image":{"@id":"https:\/\/tugesto.com\/blog\/#\/schema\/logo\/image\/"},"sameAs":["https:\/\/www.facebook.com\/tugesto\/","https:\/\/www.instagram.com\/tugesto_online\/"]},{"@type":"Person","@id":"https:\/\/tugesto.com\/blog\/#\/schema\/person\/2fa8e07511841ac8faf1e197d136c5cc","name":"Pilar Ma\u00f1es","image":{"@type":"ImageObject","inLanguage":"es","@id":"https:\/\/tugesto.com\/blog\/wp-content\/uploads\/2024\/05\/pilar-manes.jpg18b40a4d2cebdace06b7959c1bad725b","url":"https:\/\/tugesto.com\/blog\/wp-content\/uploads\/2024\/05\/pilar-manes.jpg","contentUrl":"https:\/\/tugesto.com\/blog\/wp-content\/uploads\/2024\/05\/pilar-manes.jpg","caption":"Pilar Ma\u00f1es"},"description":"Responsable dpto. Comunicaci\u00f3n y Marketing","sameAs":["https:\/\/www.linkedin.com\/in\/pilar-ma%C3%B1es\/"]}]}},"authors":[{"term_id":1492,"user_id":6,"is_guest":0,"slug":"pilar-manes","display_name":"Pilar Ma\u00f1es","avatar_url":{"url":"https:\/\/tugesto.com\/blog\/wp-content\/uploads\/2024\/05\/pilar-manes.jpg","url2x":"https:\/\/tugesto.com\/blog\/wp-content\/uploads\/2024\/05\/pilar-manes.jpg"},"0":null,"1":"","2":"","3":"","4":"","5":"","6":"","7":"","8":""}],"_links":{"self":[{"href":"https:\/\/tugesto.com\/blog\/wp-json\/wp\/v2\/posts\/29814","targetHints":{"allow":["GET"]}}],"collection":[{"href":"https:\/\/tugesto.com\/blog\/wp-json\/wp\/v2\/posts"}],"about":[{"href":"https:\/\/tugesto.com\/blog\/wp-json\/wp\/v2\/types\/post"}],"author":[{"embeddable":true,"href":"https:\/\/tugesto.com\/blog\/wp-json\/wp\/v2\/users\/6"}],"replies":[{"embeddable":true,"href":"https:\/\/tugesto.com\/blog\/wp-json\/wp\/v2\/comments?post=29814"}],"version-history":[{"count":45,"href":"https:\/\/tugesto.com\/blog\/wp-json\/wp\/v2\/posts\/29814\/revisions"}],"predecessor-version":[{"id":35256,"href":"https:\/\/tugesto.com\/blog\/wp-json\/wp\/v2\/posts\/29814\/revisions\/35256"}],"wp:featuredmedia":[{"embeddable":true,"href":"https:\/\/tugesto.com\/blog\/wp-json\/wp\/v2\/media\/32107"}],"wp:attachment":[{"href":"https:\/\/tugesto.com\/blog\/wp-json\/wp\/v2\/media?parent=29814"}],"wp:term":[{"taxonomy":"category","embeddable":true,"href":"https:\/\/tugesto.com\/blog\/wp-json\/wp\/v2\/categories?post=29814"},{"taxonomy":"post_tag","embeddable":true,"href":"https:\/\/tugesto.com\/blog\/wp-json\/wp\/v2\/tags?post=29814"},{"taxonomy":"author","embeddable":true,"href":"https:\/\/tugesto.com\/blog\/wp-json\/wp\/v2\/ppma_author?post=29814"}],"curies":[{"name":"wp","href":"https:\/\/api.w.org\/{rel}","templated":true}]}}