{"id":28795,"date":"2023-04-04T11:47:47","date_gmt":"2023-04-04T09:47:47","guid":{"rendered":"https:\/\/tugesto.com\/blog\/?p=28795"},"modified":"2024-06-21T10:28:56","modified_gmt":"2024-06-21T08:28:56","slug":"como-desconectar-trabajo-vacaciones","status":"publish","type":"post","link":"https:\/\/tugesto.com\/blog\/como-desconectar-trabajo-vacaciones\/","title":{"rendered":"Dec\u00e1logo: c\u00f3mo desconectar del trabajo en vacaciones"},"content":{"rendered":"\t\t<div data-elementor-type=\"wp-post\" data-elementor-id=\"28795\" class=\"elementor elementor-28795\" data-elementor-post-type=\"post\">\n\t\t\t\t\t\t<section class=\"elementor-section elementor-top-section elementor-element elementor-element-fc5a1c3 elementor-section-boxed elementor-section-height-default elementor-section-height-default\" data-id=\"fc5a1c3\" data-element_type=\"section\" data-e-type=\"section\">\n\t\t\t\t\t\t<div class=\"elementor-container elementor-column-gap-default\">\n\t\t\t\t\t<div class=\"elementor-column elementor-col-100 elementor-top-column elementor-element elementor-element-06fee18\" data-id=\"06fee18\" data-element_type=\"column\" data-e-type=\"column\">\n\t\t\t<div class=\"elementor-widget-wrap elementor-element-populated\">\n\t\t\t\t\t\t<div class=\"elementor-element elementor-element-e16153f elementor-widget elementor-widget-video\" data-id=\"e16153f\" data-element_type=\"widget\" data-e-type=\"widget\" data-settings=\"{&quot;youtube_url&quot;:&quot;https:\\\/\\\/youtu.be\\\/s-InQafIOlg&quot;,&quot;video_type&quot;:&quot;youtube&quot;,&quot;controls&quot;:&quot;yes&quot;}\" data-widget_type=\"video.default\">\n\t\t\t\t<div class=\"elementor-widget-container\">\n\t\t\t\t\t\t\t<div class=\"elementor-wrapper elementor-open-inline\">\n\t\t\t<div class=\"elementor-video\"><\/div>\t\t<\/div>\n\t\t\t\t\t\t<\/div>\n\t\t\t\t<\/div>\n\t\t\t\t<div class=\"elementor-element elementor-element-aeee1d6 elementor-widget elementor-widget-text-editor\" data-id=\"aeee1d6\" data-element_type=\"widget\" data-e-type=\"widget\" data-widget_type=\"text-editor.default\">\n\t\t\t\t<div class=\"elementor-widget-container\">\n\t\t\t\t\t\t\t\t\t<p><span style=\"color: #4c4f54;\">Abril es un mes que destaca por <strong>m\u00faltiples elementos:<\/strong> florece la primavera, alargan los d\u00edas, mejoran las condiciones meteorol\u00f3gicas y tambi\u00e9n son d\u00edas de vacaciones y descanso por la llegada de la Pascua. Si bien julio y agosto son meses de hacer viajes, esta temporada tambi\u00e9n es perfecta para hacer planes de este tipo. <strong>De ah\u00ed la importancia de conocer c\u00f3mo desconectar del trabajo en vacaciones gracias a este dec\u00e1logo<\/strong>.<\/span><\/p><p><span style=\"color: #4c4f54;\">Generalmente, suelen realizarse distintas escapadas en solitario, familia o con amigos, para desconectar de forma efectiva y volver con las energ\u00edas renovadas. Estos d\u00edas son para descansar, pero tambi\u00e9n para disfrutar.<\/span><\/p>\t\t\t\t\t\t\t\t<\/div>\n\t\t\t\t<\/div>\n\t\t\t\t\t<\/div>\n\t\t<\/div>\n\t\t\t\t\t<\/div>\n\t\t<\/section>\n\t\t\t\t<section class=\"elementor-section elementor-top-section elementor-element elementor-element-44a6231 elementor-section-boxed elementor-section-height-default elementor-section-height-default\" data-id=\"44a6231\" data-element_type=\"section\" data-e-type=\"section\">\n\t\t\t\t\t\t<div class=\"elementor-container elementor-column-gap-default\">\n\t\t\t\t\t<div class=\"elementor-column elementor-col-100 elementor-top-column elementor-element elementor-element-e42921d\" data-id=\"e42921d\" data-element_type=\"column\" data-e-type=\"column\">\n\t\t\t<div class=\"elementor-widget-wrap elementor-element-populated\">\n\t\t\t\t\t\t<div class=\"elementor-element elementor-element-60db229 elementor-widget elementor-widget-heading\" data-id=\"60db229\" data-element_type=\"widget\" data-e-type=\"widget\" data-widget_type=\"heading.default\">\n\t\t\t\t<div class=\"elementor-widget-container\">\n\t\t\t\t\t<h2 class=\"elementor-heading-title elementor-size-default\">Saber c\u00f3mo desconectar del trabajo en vacaciones nos ayudar\u00e1 a recobrar energ\u00eda f\u00edsica y mental<\/h2>\t\t\t\t<\/div>\n\t\t\t\t<\/div>\n\t\t\t\t\t<\/div>\n\t\t<\/div>\n\t\t\t\t\t<\/div>\n\t\t<\/section>\n\t\t\t\t<section class=\"elementor-section elementor-top-section elementor-element elementor-element-564c611 elementor-section-boxed elementor-section-height-default elementor-section-height-default\" data-id=\"564c611\" data-element_type=\"section\" data-e-type=\"section\">\n\t\t\t\t\t\t<div class=\"elementor-container elementor-column-gap-default\">\n\t\t\t\t\t<div class=\"elementor-column elementor-col-100 elementor-top-column elementor-element elementor-element-33eddf7\" data-id=\"33eddf7\" data-element_type=\"column\" data-e-type=\"column\">\n\t\t\t<div class=\"elementor-widget-wrap elementor-element-populated\">\n\t\t\t\t\t\t<div class=\"elementor-element elementor-element-6c6798f elementor-widget elementor-widget-text-editor\" data-id=\"6c6798f\" data-element_type=\"widget\" data-e-type=\"widget\" data-widget_type=\"text-editor.default\">\n\t\t\t\t<div class=\"elementor-widget-container\">\n\t\t\t\t\t\t\t\t\t<p><span style=\"color: #4c4f54;\">A pesar de que parece sencillo decirlo, no todo el mundo puede desconectar ni <strong>adaptarse a un ritmo de vida m\u00e1s pausado<\/strong>. Una vez se ha gestionado en el portal del empleado la solicitud de las vacaciones y nos las han aprobado, es el momento de olvidarse de todo lo que guarda relaci\u00f3n con la oficina por unos d\u00edas.<\/span><\/p><p><span style=\"color: #4c4f54;\">Hay un lema que todo trabajador debe repetir en su mente: \u201cUn empleado que desconecta en vacaciones del trabajo no es peor profesional\u201d. Desconectar es necesario, no solo a nivel mental, sino tambi\u00e9n f\u00edsico. Nuestro cuerpo lo agradecer\u00e1 y notaremos c\u00f3mo mejora nuestro humor.<\/span><\/p>\t\t\t\t\t\t\t\t<\/div>\n\t\t\t\t<\/div>\n\t\t\t\t\t<\/div>\n\t\t<\/div>\n\t\t\t\t\t<\/div>\n\t\t<\/section>\n\t\t\t\t<section class=\"elementor-section elementor-top-section elementor-element elementor-element-613e96d elementor-section-boxed elementor-section-height-default elementor-section-height-default\" data-id=\"613e96d\" data-element_type=\"section\" data-e-type=\"section\">\n\t\t\t\t\t\t<div class=\"elementor-container elementor-column-gap-default\">\n\t\t\t\t\t<div class=\"elementor-column elementor-col-100 elementor-top-column elementor-element elementor-element-908fac6\" data-id=\"908fac6\" data-element_type=\"column\" data-e-type=\"column\">\n\t\t\t<div class=\"elementor-widget-wrap elementor-element-populated\">\n\t\t\t\t\t\t<div class=\"elementor-element elementor-element-ebdd050 elementor-widget elementor-widget-video\" data-id=\"ebdd050\" data-element_type=\"widget\" data-e-type=\"widget\" data-settings=\"{&quot;youtube_url&quot;:&quot;https:\\\/\\\/www.youtube.com\\\/watch?v=QAD6ZA5kdyE&quot;,&quot;video_type&quot;:&quot;youtube&quot;,&quot;controls&quot;:&quot;yes&quot;}\" data-widget_type=\"video.default\">\n\t\t\t\t<div class=\"elementor-widget-container\">\n\t\t\t\t\t\t\t<div class=\"elementor-wrapper elementor-open-inline\">\n\t\t\t<div class=\"elementor-video\"><\/div>\t\t<\/div>\n\t\t\t\t\t\t<\/div>\n\t\t\t\t<\/div>\n\t\t\t\t\t<\/div>\n\t\t<\/div>\n\t\t\t\t\t<\/div>\n\t\t<\/section>\n\t\t\t\t<section class=\"elementor-section elementor-top-section elementor-element elementor-element-4525288 elementor-section-boxed elementor-section-height-default elementor-section-height-default\" data-id=\"4525288\" data-element_type=\"section\" data-e-type=\"section\">\n\t\t\t\t\t\t<div class=\"elementor-container elementor-column-gap-default\">\n\t\t\t\t\t<div class=\"elementor-column elementor-col-100 elementor-top-column elementor-element elementor-element-80015a8\" data-id=\"80015a8\" data-element_type=\"column\" data-e-type=\"column\">\n\t\t\t<div class=\"elementor-widget-wrap elementor-element-populated\">\n\t\t\t\t\t\t<div class=\"elementor-element elementor-element-c796fe0 elementor-widget elementor-widget-heading\" data-id=\"c796fe0\" data-element_type=\"widget\" data-e-type=\"widget\" data-widget_type=\"heading.default\">\n\t\t\t\t<div class=\"elementor-widget-container\">\n\t\t\t\t\t<h2 class=\"elementor-heading-title elementor-size-default\">10 consejos para desconectar efectivamente de las vacaciones<\/h2>\t\t\t\t<\/div>\n\t\t\t\t<\/div>\n\t\t\t\t\t<\/div>\n\t\t<\/div>\n\t\t\t\t\t<\/div>\n\t\t<\/section>\n\t\t\t\t<section class=\"elementor-section elementor-top-section elementor-element elementor-element-c41e6d6 elementor-section-boxed elementor-section-height-default elementor-section-height-default\" data-id=\"c41e6d6\" data-element_type=\"section\" data-e-type=\"section\">\n\t\t\t\t\t\t<div class=\"elementor-container elementor-column-gap-default\">\n\t\t\t\t\t<div class=\"elementor-column elementor-col-100 elementor-top-column elementor-element elementor-element-2926e0b\" data-id=\"2926e0b\" data-element_type=\"column\" data-e-type=\"column\">\n\t\t\t<div class=\"elementor-widget-wrap elementor-element-populated\">\n\t\t\t\t\t\t<div class=\"elementor-element elementor-element-3383e30 elementor-widget elementor-widget-text-editor\" data-id=\"3383e30\" data-element_type=\"widget\" data-e-type=\"widget\" data-widget_type=\"text-editor.default\">\n\t\t\t\t<div class=\"elementor-widget-container\">\n\t\t\t\t\t\t\t\t\t<p><span style=\"color: #4c4f54;\">En<\/span>\u00a0<a href=\"https:\/\/tugesto.com\/\" target=\"_blank\" rel=\"noopener\">tugesto<\/a>\u00a0<span style=\"color: #4c4f54;\">queremos contribuir a que disfrut\u00e9is de las vacaciones, por lo que os dejamos unos tips \u00fatiles para lograrlo.<\/span><\/p><h3><span style=\"color: #4c4f54;\">Solucionar todas las tareas laborales antes de marchar de vacaciones<\/span><\/h3><p><span style=\"color: #4c4f54;\">No es f\u00e1cil, principalmente por el estr\u00e9s que genera, pero hay que pensar que siempre ser\u00e1 mejor irse de vacaciones con la tranquilidad de haber cumplido con todas las tareas. Es importante delegar y apoyarse en los compa\u00f1eros, para conseguir sacar el trabajo adelante. Si ellos nos han ayudado en un momento dado, apuntaremos hacer lo propio pr\u00f3ximamente con ellos.<\/span><\/p><p><span style=\"color: #4c4f54;\">Es muy \u00fatil redactar una <strong>ckecklist<\/strong> con todas las tareas a realizar antes de irnos de vacaciones para ir tachando aquellas que hemos realizado. Por tanto, es preferible dejar atados los temas laborales o temas pendientes. A nivel de<\/span>\u00a0<a href=\"https:\/\/www.sanidad.gob.es\/ciudadanos\/saludMental\/home.htm\" target=\"_blank\" rel=\"noopener\">salud mental<\/a>, <span style=\"color: #4c4f54;\">este hecho nos aportar\u00e1 motivaci\u00f3n y relajaci\u00f3n.<\/span><\/p><h3><span style=\"color: #4c4f54;\">Designar a una persona del equipo para que haga de backup<\/span><\/h3><p><span style=\"color: #4c4f54;\">Que nos vayamos de vacaciones y que nuestro \u201cmundo laboral\u201d se pare, no significa que ocurra igual en la oficina. Durante estos d\u00edas pueden surgir algunas incidencias, por lo que es importante <strong>que un compa\u00f1ero\/a asuma este tipo de responsabilidades<\/strong> por si sucediesen. Durante un tiempo, formaremos a esta persona para darle los tips necesarios que sirvan para responder efectivamente.<\/span><\/p><h3><span style=\"color: #4c4f54;\">Desconectar las aplicaciones que guardan relaci\u00f3n con el trabajo<\/span><\/h3><p><span style=\"color: #4c4f54;\">Slack, Rocket o el correo electr\u00f3nico son los elementos que debemos desconectar si queremos hacerlo en vacaciones. Parece una obviedad, pero es esencial dejar el tel\u00e9fono corporativo en la empresa y no caer en la tentaci\u00f3n de \u201cme lo llevo por si acaso\u201d.<\/span><\/p><h3><span style=\"color: #4c4f54;\">Evitaremos espacios que nos recuerden al trabajo<\/span><\/h3><p><span style=\"color: #4c4f54;\">Si estamos teletrabajando y hemos decidido desconectar en casa, procuraremos no permanecer en el espacio donde trabajamos en el hogar. Dedicaremos un tiempo a <strong>reordenar<\/strong> el espacio de trabajo para mantener lejos de nuestra visi\u00f3n y mente los materiales de la oficina.<\/span><\/p><h3><span style=\"color: #4c4f54;\">Organizaci\u00f3n<\/span><\/h3><p><span style=\"color: #4c4f54;\">Un elemento esencial antes de marcharnos de vacaciones es organizarnos las tareas y planes que realizaremos. No es necesario medir al mil\u00edmetro cada d\u00eda, pero s\u00ed saber <strong>c\u00f3mo aprovecharemos los d\u00edas libres<\/strong>. Es la mejor forma de desconectar progresivamente del trabajo.<\/span><\/p><h3><span style=\"color: #4c4f54;\">Realizaremos actividades distintas<\/span><\/h3><p><span style=\"color: #4c4f54;\">Al estar de vacaciones, nos apetece llevar a cabo cualquier actividad social que sea distinta. \u00bfPor qu\u00e9 no aventurarnos a practicar escalada? \u00bfIr en kayak? \u00bfRealizar una ruta? Cualquier opci\u00f3n es <strong>v\u00e1lida<\/strong> siempre que nos apetezca, para tambi\u00e9n mejorar la salud f\u00edsica.<\/span><\/p><h3><span style=\"color: #4c4f54;\">Control de horarios<\/span><\/h3><p><span style=\"color: #4c4f54;\">Estar de vacaciones no es sin\u00f3nimo de dormir 12 horas diarias, pero tampoco levantarnos a las 6 de la ma\u00f1ana. Tiene que haber un <strong>equilibrio<\/strong>, por lo que lo id\u00f3neo ser\u00eda madrugar, pero por aprovechar el d\u00eda. De esta manera, pensaremos en la vuelta al trabajo y no la vuelta a la rutina. Adem\u00e1s, no tendremos problemas de sue\u00f1o despu\u00e9s.<\/span><\/p><h3><span style=\"color: #4c4f54;\">Alimentaci\u00f3n flexible, pero sin excesos<\/span><\/h3><p><span style=\"color: #4c4f54;\">En vacaciones, especialmente en Pascua, nos apetece comer distintos dulces. La t\u00edpica mona o los huesos de santo son algunos ejemplos. No hay que sentirse culpable por ello, porque tambi\u00e9n es <strong>saludable<\/strong> ser menos r\u00edgidos con la alimentaci\u00f3n, pero todo dentro de un orden. Y sobre todo, debemos abandonar la idea de que lo hacemos por el f\u00edsico, ya que se hace meramente por salud.<\/span><\/p><h3><span style=\"color: #4c4f54;\">Familia y amigos, la mejor combinaci\u00f3n<\/span><\/h3><p><span style=\"color: #4c4f54;\">Este per\u00edodo vacacional <strong>es perfectos para estrechar a\u00fan m\u00e1s los lazos <\/strong>con nuestra familia y hacer planes con amigos. Las jornadas laborales son muy largas y no nos permiten disfrutar al m\u00e1ximo de los nuestros, pero con las vacaciones cambia radicalmente este panorama.<\/span><\/p><h3><span style=\"color: #4c4f54;\">Los \u00faltimos dos d\u00edas son para reflexionar<\/span><\/h3><p><span style=\"color: #4c4f54;\">No, no es una buena idea coger un vuelo el d\u00eda de antes y aterrizar 8 horas antes de incorporarnos al trabajo, pero tampoco pensar en posibles retrasos de vuelos o cancelaciones <strong>aumentar\u00e1n el cortisol y generar\u00e1n un estr\u00e9s elevado<\/strong>. No es la mejor actitud para volver de las vacaciones. Es preferible tomar el vuelo 1 o 2 d\u00edas antes para adaptar nuestra mentalidad al regreso. As\u00ed, podremos compartir con nuestros compa\u00f1eros alegr\u00edas.<\/span><\/p><p><span style=\"color: #4c4f54;\">Como podemos observar, las vacaciones <strong>son el momento ideal<\/strong> para desconectar y recargar las pilas necesarias para volver al trabajo con m\u00e1s ganas.<\/span><\/p><p><span style=\"color: #4c4f54;\">\u00bfM\u00e1s de un trabajador quiere marcharse de vacaciones? Con tugesto, las empresas podr\u00e1n designar las vacaciones masivas de su plantilla. Ampliamos m\u00e1s informaci\u00f3n sobre ello gracias a nuestro<\/span> <a href=\"https:\/\/tugesto.com\/gestor-vacaciones\/\" target=\"_blank\" rel=\"noopener\">gestor de vacaciones<\/a>.<\/p>\t\t\t\t\t\t\t\t<\/div>\n\t\t\t\t<\/div>\n\t\t\t\t\t<\/div>\n\t\t<\/div>\n\t\t\t\t\t<\/div>\n\t\t<\/section>\n\t\t\t\t<\/div>\n\t\t","protected":false},"excerpt":{"rendered":"<p>https:\/\/youtu.be\/s-InQafIOlg Abril es un mes que destaca por m\u00faltiples elementos: florece la primavera, alargan los d\u00edas, mejoran las condiciones meteorol\u00f3gicas y tambi\u00e9n son d\u00edas de vacaciones y descanso por la llegada de la Pascua. Si bien julio y agosto son meses de hacer viajes, esta temporada tambi\u00e9n es perfecta para hacer planes de este tipo. [&hellip;]<\/p>\n","protected":false},"author":16,"featured_media":28823,"comment_status":"open","ping_status":"open","sticky":false,"template":"","format":"standard","meta":{"_eb_attr":"","content-type":"","footnotes":""},"categories":[1],"tags":[36,38],"ppma_author":[1502],"class_list":["post-28795","post","type-post","status-publish","format-standard","has-post-thumbnail","hentry","category-sin-categoria","tag-autonomos","tag-pymes"],"yoast_head":"<!-- This site is optimized with the Yoast SEO plugin v27.5 - https:\/\/yoast.com\/product\/yoast-seo-wordpress\/ -->\n<title>C\u00f3mo desconectar del trabajo en vacaciones | tugesto<\/title>\n<meta name=\"description\" content=\"Toma nota de estos 10 consejos para saber c\u00f3mo desconectar del trabajo en vacaciones, \u00a1muy \u00fatil, no te los pierdas!\" \/>\n<meta name=\"robots\" content=\"index, follow, max-snippet:-1, max-image-preview:large, max-video-preview:-1\" \/>\n<link rel=\"canonical\" href=\"https:\/\/tugesto.com\/blog\/como-desconectar-trabajo-vacaciones\/\" \/>\n<meta property=\"og:locale\" content=\"es_ES\" \/>\n<meta property=\"og:type\" content=\"article\" \/>\n<meta property=\"og:title\" content=\"C\u00f3mo desconectar del trabajo en vacaciones | tugesto\" \/>\n<meta property=\"og:description\" content=\"Toma nota de estos 10 consejos para saber c\u00f3mo desconectar del trabajo en vacaciones, \u00a1muy \u00fatil, no te los pierdas!\" \/>\n<meta property=\"og:url\" content=\"https:\/\/tugesto.com\/blog\/como-desconectar-trabajo-vacaciones\/\" \/>\n<meta property=\"og:site_name\" content=\"Blog: \u00a1Aprende a emprender! | tugesto\" \/>\n<meta property=\"article:publisher\" content=\"https:\/\/www.facebook.com\/tugesto\/\" \/>\n<meta property=\"article:published_time\" content=\"2023-04-04T09:47:47+00:00\" \/>\n<meta property=\"article:modified_time\" content=\"2024-06-21T08:28:56+00:00\" \/>\n<meta property=\"og:image\" content=\"https:\/\/tugesto.com\/blog\/wp-content\/uploads\/2023\/04\/como-desconectar-del-trabajo-en-vacaciones-10-tips-para-conseguirlo.jpg\" \/>\n\t<meta property=\"og:image:width\" content=\"600\" \/>\n\t<meta property=\"og:image:height\" content=\"400\" \/>\n\t<meta property=\"og:image:type\" content=\"image\/jpeg\" \/>\n<meta name=\"author\" content=\"Marcos Morant\" \/>\n<meta name=\"twitter:card\" content=\"summary_large_image\" \/>\n<meta name=\"twitter:label1\" content=\"Escrito por\" \/>\n\t<meta name=\"twitter:data1\" content=\"Marcos Morant\" \/>\n\t<meta name=\"twitter:label2\" content=\"Tiempo de lectura\" \/>\n\t<meta name=\"twitter:data2\" content=\"5 minutos\" \/>\n<script type=\"application\/ld+json\" class=\"yoast-schema-graph\">{\"@context\":\"https:\\\/\\\/schema.org\",\"@graph\":[{\"@type\":\"Article\",\"@id\":\"https:\\\/\\\/tugesto.com\\\/blog\\\/como-desconectar-trabajo-vacaciones\\\/#article\",\"isPartOf\":{\"@id\":\"https:\\\/\\\/tugesto.com\\\/blog\\\/como-desconectar-trabajo-vacaciones\\\/\"},\"author\":{\"name\":\"Marcos Morant\",\"@id\":\"https:\\\/\\\/tugesto.com\\\/blog\\\/#\\\/schema\\\/person\\\/4bcd20373c559ed26d9b2fd45ac651fb\"},\"headline\":\"Dec\u00e1logo: c\u00f3mo desconectar del trabajo en vacaciones\",\"datePublished\":\"2023-04-04T09:47:47+00:00\",\"dateModified\":\"2024-06-21T08:28:56+00:00\",\"mainEntityOfPage\":{\"@id\":\"https:\\\/\\\/tugesto.com\\\/blog\\\/como-desconectar-trabajo-vacaciones\\\/\"},\"wordCount\":1031,\"commentCount\":0,\"publisher\":{\"@id\":\"https:\\\/\\\/tugesto.com\\\/blog\\\/#organization\"},\"image\":{\"@id\":\"https:\\\/\\\/tugesto.com\\\/blog\\\/como-desconectar-trabajo-vacaciones\\\/#primaryimage\"},\"thumbnailUrl\":\"https:\\\/\\\/tugesto.com\\\/blog\\\/wp-content\\\/uploads\\\/2023\\\/04\\\/como-desconectar-del-trabajo-en-vacaciones-10-tips-para-conseguirlo.jpg\",\"keywords\":[\"aut\u00f3nomos\",\"pymes\"],\"inLanguage\":\"es\",\"potentialAction\":[{\"@type\":\"CommentAction\",\"name\":\"Comment\",\"target\":[\"https:\\\/\\\/tugesto.com\\\/blog\\\/como-desconectar-trabajo-vacaciones\\\/#respond\"]}]},{\"@type\":\"WebPage\",\"@id\":\"https:\\\/\\\/tugesto.com\\\/blog\\\/como-desconectar-trabajo-vacaciones\\\/\",\"url\":\"https:\\\/\\\/tugesto.com\\\/blog\\\/como-desconectar-trabajo-vacaciones\\\/\",\"name\":\"C\u00f3mo desconectar del trabajo en vacaciones | tugesto\",\"isPartOf\":{\"@id\":\"https:\\\/\\\/tugesto.com\\\/blog\\\/#website\"},\"primaryImageOfPage\":{\"@id\":\"https:\\\/\\\/tugesto.com\\\/blog\\\/como-desconectar-trabajo-vacaciones\\\/#primaryimage\"},\"image\":{\"@id\":\"https:\\\/\\\/tugesto.com\\\/blog\\\/como-desconectar-trabajo-vacaciones\\\/#primaryimage\"},\"thumbnailUrl\":\"https:\\\/\\\/tugesto.com\\\/blog\\\/wp-content\\\/uploads\\\/2023\\\/04\\\/como-desconectar-del-trabajo-en-vacaciones-10-tips-para-conseguirlo.jpg\",\"datePublished\":\"2023-04-04T09:47:47+00:00\",\"dateModified\":\"2024-06-21T08:28:56+00:00\",\"description\":\"Toma nota de estos 10 consejos para saber c\u00f3mo desconectar del trabajo en vacaciones, \u00a1muy \u00fatil, no te los pierdas!\",\"breadcrumb\":{\"@id\":\"https:\\\/\\\/tugesto.com\\\/blog\\\/como-desconectar-trabajo-vacaciones\\\/#breadcrumb\"},\"inLanguage\":\"es\",\"potentialAction\":[{\"@type\":\"ReadAction\",\"target\":[\"https:\\\/\\\/tugesto.com\\\/blog\\\/como-desconectar-trabajo-vacaciones\\\/\"]}]},{\"@type\":\"ImageObject\",\"inLanguage\":\"es\",\"@id\":\"https:\\\/\\\/tugesto.com\\\/blog\\\/como-desconectar-trabajo-vacaciones\\\/#primaryimage\",\"url\":\"https:\\\/\\\/tugesto.com\\\/blog\\\/wp-content\\\/uploads\\\/2023\\\/04\\\/como-desconectar-del-trabajo-en-vacaciones-10-tips-para-conseguirlo.jpg\",\"contentUrl\":\"https:\\\/\\\/tugesto.com\\\/blog\\\/wp-content\\\/uploads\\\/2023\\\/04\\\/como-desconectar-del-trabajo-en-vacaciones-10-tips-para-conseguirlo.jpg\",\"width\":600,\"height\":400,\"caption\":\"Estos 10 consejos te serviran para desconectar del trabajo en tus vacaciones, \u00a1toma nota!\"},{\"@type\":\"BreadcrumbList\",\"@id\":\"https:\\\/\\\/tugesto.com\\\/blog\\\/como-desconectar-trabajo-vacaciones\\\/#breadcrumb\",\"itemListElement\":[{\"@type\":\"ListItem\",\"position\":1,\"name\":\"Home\",\"item\":\"https:\\\/\\\/tugesto.com\\\/blog\\\/\"},{\"@type\":\"ListItem\",\"position\":2,\"name\":\"Sin categor\u00eda\",\"item\":\"https:\\\/\\\/tugesto.com\\\/blog\\\/category\\\/sin-categoria\\\/\"},{\"@type\":\"ListItem\",\"position\":3,\"name\":\"Dec\u00e1logo: c\u00f3mo desconectar del trabajo en vacaciones\"}]},{\"@type\":\"WebSite\",\"@id\":\"https:\\\/\\\/tugesto.com\\\/blog\\\/#website\",\"url\":\"https:\\\/\\\/tugesto.com\\\/blog\\\/\",\"name\":\"Blog tugesto\",\"description\":\"\ud83d\udcda Blog especializado para aut\u00f3nomos y pymes. Encuentra semanalmente nuevos posts, recursos y gu\u00edas. La ayuda que necesitas para tu negocio.\",\"publisher\":{\"@id\":\"https:\\\/\\\/tugesto.com\\\/blog\\\/#organization\"},\"potentialAction\":[{\"@type\":\"SearchAction\",\"target\":{\"@type\":\"EntryPoint\",\"urlTemplate\":\"https:\\\/\\\/tugesto.com\\\/blog\\\/?s={search_term_string}\"},\"query-input\":{\"@type\":\"PropertyValueSpecification\",\"valueRequired\":true,\"valueName\":\"search_term_string\"}}],\"inLanguage\":\"es\"},{\"@type\":\"Organization\",\"@id\":\"https:\\\/\\\/tugesto.com\\\/blog\\\/#organization\",\"name\":\"tugesto\",\"url\":\"https:\\\/\\\/tugesto.com\\\/blog\\\/\",\"logo\":{\"@type\":\"ImageObject\",\"inLanguage\":\"es\",\"@id\":\"https:\\\/\\\/tugesto.com\\\/blog\\\/#\\\/schema\\\/logo\\\/image\\\/\",\"url\":\"https:\\\/\\\/tugesto.com\\\/blog\\\/wp-content\\\/uploads\\\/2019\\\/06\\\/logo_tugesto.png\",\"contentUrl\":\"https:\\\/\\\/tugesto.com\\\/blog\\\/wp-content\\\/uploads\\\/2019\\\/06\\\/logo_tugesto.png\",\"width\":190,\"height\":63,\"caption\":\"tugesto\"},\"image\":{\"@id\":\"https:\\\/\\\/tugesto.com\\\/blog\\\/#\\\/schema\\\/logo\\\/image\\\/\"},\"sameAs\":[\"https:\\\/\\\/www.facebook.com\\\/tugesto\\\/\",\"https:\\\/\\\/www.instagram.com\\\/tugesto_online\\\/\"]},{\"@type\":\"Person\",\"@id\":\"https:\\\/\\\/tugesto.com\\\/blog\\\/#\\\/schema\\\/person\\\/4bcd20373c559ed26d9b2fd45ac651fb\",\"name\":\"Marcos Morant\",\"image\":{\"@type\":\"ImageObject\",\"inLanguage\":\"es\",\"@id\":\"https:\\\/\\\/tugesto.com\\\/blog\\\/wp-content\\\/uploads\\\/2024\\\/05\\\/marcos-morant.png4f9cd915e711d83d72005e018f869d56\",\"url\":\"https:\\\/\\\/tugesto.com\\\/blog\\\/wp-content\\\/uploads\\\/2024\\\/05\\\/marcos-morant.png\",\"contentUrl\":\"https:\\\/\\\/tugesto.com\\\/blog\\\/wp-content\\\/uploads\\\/2024\\\/05\\\/marcos-morant.png\",\"caption\":\"Marcos Morant\"},\"description\":\"Experto en ventas, CSO\"}]}<\/script>\n<!-- \/ Yoast SEO plugin. -->","yoast_head_json":{"title":"C\u00f3mo desconectar del trabajo en vacaciones | tugesto","description":"Toma nota de estos 10 consejos para saber c\u00f3mo desconectar del trabajo en vacaciones, \u00a1muy \u00fatil, no te los pierdas!","robots":{"index":"index","follow":"follow","max-snippet":"max-snippet:-1","max-image-preview":"max-image-preview:large","max-video-preview":"max-video-preview:-1"},"canonical":"https:\/\/tugesto.com\/blog\/como-desconectar-trabajo-vacaciones\/","og_locale":"es_ES","og_type":"article","og_title":"C\u00f3mo desconectar del trabajo en vacaciones | tugesto","og_description":"Toma nota de estos 10 consejos para saber c\u00f3mo desconectar del trabajo en vacaciones, \u00a1muy \u00fatil, no te los pierdas!","og_url":"https:\/\/tugesto.com\/blog\/como-desconectar-trabajo-vacaciones\/","og_site_name":"Blog: \u00a1Aprende a emprender! | tugesto","article_publisher":"https:\/\/www.facebook.com\/tugesto\/","article_published_time":"2023-04-04T09:47:47+00:00","article_modified_time":"2024-06-21T08:28:56+00:00","og_image":[{"width":600,"height":400,"url":"https:\/\/tugesto.com\/blog\/wp-content\/uploads\/2023\/04\/como-desconectar-del-trabajo-en-vacaciones-10-tips-para-conseguirlo.jpg","type":"image\/jpeg"}],"author":"Marcos Morant","twitter_card":"summary_large_image","twitter_misc":{"Escrito por":"Marcos Morant","Tiempo de lectura":"5 minutos"},"schema":{"@context":"https:\/\/schema.org","@graph":[{"@type":"Article","@id":"https:\/\/tugesto.com\/blog\/como-desconectar-trabajo-vacaciones\/#article","isPartOf":{"@id":"https:\/\/tugesto.com\/blog\/como-desconectar-trabajo-vacaciones\/"},"author":{"name":"Marcos Morant","@id":"https:\/\/tugesto.com\/blog\/#\/schema\/person\/4bcd20373c559ed26d9b2fd45ac651fb"},"headline":"Dec\u00e1logo: c\u00f3mo desconectar del trabajo en vacaciones","datePublished":"2023-04-04T09:47:47+00:00","dateModified":"2024-06-21T08:28:56+00:00","mainEntityOfPage":{"@id":"https:\/\/tugesto.com\/blog\/como-desconectar-trabajo-vacaciones\/"},"wordCount":1031,"commentCount":0,"publisher":{"@id":"https:\/\/tugesto.com\/blog\/#organization"},"image":{"@id":"https:\/\/tugesto.com\/blog\/como-desconectar-trabajo-vacaciones\/#primaryimage"},"thumbnailUrl":"https:\/\/tugesto.com\/blog\/wp-content\/uploads\/2023\/04\/como-desconectar-del-trabajo-en-vacaciones-10-tips-para-conseguirlo.jpg","keywords":["aut\u00f3nomos","pymes"],"inLanguage":"es","potentialAction":[{"@type":"CommentAction","name":"Comment","target":["https:\/\/tugesto.com\/blog\/como-desconectar-trabajo-vacaciones\/#respond"]}]},{"@type":"WebPage","@id":"https:\/\/tugesto.com\/blog\/como-desconectar-trabajo-vacaciones\/","url":"https:\/\/tugesto.com\/blog\/como-desconectar-trabajo-vacaciones\/","name":"C\u00f3mo desconectar del trabajo en vacaciones | tugesto","isPartOf":{"@id":"https:\/\/tugesto.com\/blog\/#website"},"primaryImageOfPage":{"@id":"https:\/\/tugesto.com\/blog\/como-desconectar-trabajo-vacaciones\/#primaryimage"},"image":{"@id":"https:\/\/tugesto.com\/blog\/como-desconectar-trabajo-vacaciones\/#primaryimage"},"thumbnailUrl":"https:\/\/tugesto.com\/blog\/wp-content\/uploads\/2023\/04\/como-desconectar-del-trabajo-en-vacaciones-10-tips-para-conseguirlo.jpg","datePublished":"2023-04-04T09:47:47+00:00","dateModified":"2024-06-21T08:28:56+00:00","description":"Toma nota de estos 10 consejos para saber c\u00f3mo desconectar del trabajo en vacaciones, \u00a1muy \u00fatil, no te los pierdas!","breadcrumb":{"@id":"https:\/\/tugesto.com\/blog\/como-desconectar-trabajo-vacaciones\/#breadcrumb"},"inLanguage":"es","potentialAction":[{"@type":"ReadAction","target":["https:\/\/tugesto.com\/blog\/como-desconectar-trabajo-vacaciones\/"]}]},{"@type":"ImageObject","inLanguage":"es","@id":"https:\/\/tugesto.com\/blog\/como-desconectar-trabajo-vacaciones\/#primaryimage","url":"https:\/\/tugesto.com\/blog\/wp-content\/uploads\/2023\/04\/como-desconectar-del-trabajo-en-vacaciones-10-tips-para-conseguirlo.jpg","contentUrl":"https:\/\/tugesto.com\/blog\/wp-content\/uploads\/2023\/04\/como-desconectar-del-trabajo-en-vacaciones-10-tips-para-conseguirlo.jpg","width":600,"height":400,"caption":"Estos 10 consejos te serviran para desconectar del trabajo en tus vacaciones, \u00a1toma nota!"},{"@type":"BreadcrumbList","@id":"https:\/\/tugesto.com\/blog\/como-desconectar-trabajo-vacaciones\/#breadcrumb","itemListElement":[{"@type":"ListItem","position":1,"name":"Home","item":"https:\/\/tugesto.com\/blog\/"},{"@type":"ListItem","position":2,"name":"Sin categor\u00eda","item":"https:\/\/tugesto.com\/blog\/category\/sin-categoria\/"},{"@type":"ListItem","position":3,"name":"Dec\u00e1logo: c\u00f3mo desconectar del trabajo en vacaciones"}]},{"@type":"WebSite","@id":"https:\/\/tugesto.com\/blog\/#website","url":"https:\/\/tugesto.com\/blog\/","name":"Blog tugesto","description":"\ud83d\udcda Blog especializado para aut\u00f3nomos y pymes. Encuentra semanalmente nuevos posts, recursos y gu\u00edas. La ayuda que necesitas para tu negocio.","publisher":{"@id":"https:\/\/tugesto.com\/blog\/#organization"},"potentialAction":[{"@type":"SearchAction","target":{"@type":"EntryPoint","urlTemplate":"https:\/\/tugesto.com\/blog\/?s={search_term_string}"},"query-input":{"@type":"PropertyValueSpecification","valueRequired":true,"valueName":"search_term_string"}}],"inLanguage":"es"},{"@type":"Organization","@id":"https:\/\/tugesto.com\/blog\/#organization","name":"tugesto","url":"https:\/\/tugesto.com\/blog\/","logo":{"@type":"ImageObject","inLanguage":"es","@id":"https:\/\/tugesto.com\/blog\/#\/schema\/logo\/image\/","url":"https:\/\/tugesto.com\/blog\/wp-content\/uploads\/2019\/06\/logo_tugesto.png","contentUrl":"https:\/\/tugesto.com\/blog\/wp-content\/uploads\/2019\/06\/logo_tugesto.png","width":190,"height":63,"caption":"tugesto"},"image":{"@id":"https:\/\/tugesto.com\/blog\/#\/schema\/logo\/image\/"},"sameAs":["https:\/\/www.facebook.com\/tugesto\/","https:\/\/www.instagram.com\/tugesto_online\/"]},{"@type":"Person","@id":"https:\/\/tugesto.com\/blog\/#\/schema\/person\/4bcd20373c559ed26d9b2fd45ac651fb","name":"Marcos Morant","image":{"@type":"ImageObject","inLanguage":"es","@id":"https:\/\/tugesto.com\/blog\/wp-content\/uploads\/2024\/05\/marcos-morant.png4f9cd915e711d83d72005e018f869d56","url":"https:\/\/tugesto.com\/blog\/wp-content\/uploads\/2024\/05\/marcos-morant.png","contentUrl":"https:\/\/tugesto.com\/blog\/wp-content\/uploads\/2024\/05\/marcos-morant.png","caption":"Marcos Morant"},"description":"Experto en ventas, CSO"}]}},"authors":[{"term_id":1502,"user_id":16,"is_guest":0,"slug":"marcos-morant","display_name":"Marcos Morant","avatar_url":{"url":"https:\/\/tugesto.com\/blog\/wp-content\/uploads\/2024\/05\/marcos-morant.png","url2x":"https:\/\/tugesto.com\/blog\/wp-content\/uploads\/2024\/05\/marcos-morant.png"},"0":null,"1":"","2":"","3":"","4":"","5":"","6":"","7":"","8":""}],"_links":{"self":[{"href":"https:\/\/tugesto.com\/blog\/wp-json\/wp\/v2\/posts\/28795","targetHints":{"allow":["GET"]}}],"collection":[{"href":"https:\/\/tugesto.com\/blog\/wp-json\/wp\/v2\/posts"}],"about":[{"href":"https:\/\/tugesto.com\/blog\/wp-json\/wp\/v2\/types\/post"}],"author":[{"embeddable":true,"href":"https:\/\/tugesto.com\/blog\/wp-json\/wp\/v2\/users\/16"}],"replies":[{"embeddable":true,"href":"https:\/\/tugesto.com\/blog\/wp-json\/wp\/v2\/comments?post=28795"}],"version-history":[{"count":18,"href":"https:\/\/tugesto.com\/blog\/wp-json\/wp\/v2\/posts\/28795\/revisions"}],"predecessor-version":[{"id":37596,"href":"https:\/\/tugesto.com\/blog\/wp-json\/wp\/v2\/posts\/28795\/revisions\/37596"}],"wp:featuredmedia":[{"embeddable":true,"href":"https:\/\/tugesto.com\/blog\/wp-json\/wp\/v2\/media\/28823"}],"wp:attachment":[{"href":"https:\/\/tugesto.com\/blog\/wp-json\/wp\/v2\/media?parent=28795"}],"wp:term":[{"taxonomy":"category","embeddable":true,"href":"https:\/\/tugesto.com\/blog\/wp-json\/wp\/v2\/categories?post=28795"},{"taxonomy":"post_tag","embeddable":true,"href":"https:\/\/tugesto.com\/blog\/wp-json\/wp\/v2\/tags?post=28795"},{"taxonomy":"author","embeddable":true,"href":"https:\/\/tugesto.com\/blog\/wp-json\/wp\/v2\/ppma_author?post=28795"}],"curies":[{"name":"wp","href":"https:\/\/api.w.org\/{rel}","templated":true}]}}