{"id":2721,"date":"2016-04-04T12:57:34","date_gmt":"2016-04-04T11:57:34","guid":{"rendered":"http:\/\/tugesto.com\/blog\/?p=2721"},"modified":"2024-05-21T11:55:33","modified_gmt":"2024-05-21T09:55:33","slug":"comienza-ano-fiscal","status":"publish","type":"post","link":"https:\/\/tugesto.com\/blog\/comienza-ano-fiscal\/","title":{"rendered":"Comienza el a\u00f1o fiscal, \u00bfest\u00e1s preparado\/a?"},"content":{"rendered":"\t\t<div data-elementor-type=\"wp-post\" data-elementor-id=\"2721\" class=\"elementor elementor-2721\" data-elementor-post-type=\"post\">\n\t\t\t\t\t\t<section class=\"elementor-section elementor-top-section elementor-element elementor-element-6bbaa201 elementor-section-boxed elementor-section-height-default elementor-section-height-default\" data-id=\"6bbaa201\" data-element_type=\"section\" data-e-type=\"section\">\n\t\t\t\t\t\t<div class=\"elementor-container elementor-column-gap-default\">\n\t\t\t\t\t<div class=\"elementor-column elementor-col-100 elementor-top-column elementor-element elementor-element-429acd42\" data-id=\"429acd42\" data-element_type=\"column\" data-e-type=\"column\">\n\t\t\t<div class=\"elementor-widget-wrap elementor-element-populated\">\n\t\t\t\t\t\t<div class=\"elementor-element elementor-element-4dc7f0a3 elementor-widget elementor-widget-text-editor\" data-id=\"4dc7f0a3\" data-element_type=\"widget\" data-e-type=\"widget\" data-widget_type=\"text-editor.default\">\n\t\t\t\t<div class=\"elementor-widget-container\">\n\t\t\t\t\t\t\t\t\t<p style=\"text-align: justify;\"><span style=\"color: #4c4f54;\">Con el inicio del mes de abril no s\u00f3lo llega el buen tiempo sino tambi\u00e9n el inicio de un nuevo<strong> a\u00f1o fiscal<\/strong>.<\/span><\/p><p style=\"text-align: justify;\"><span style=\"color: #4c4f54;\">Este mes es el elegido para que aut\u00f3nomos y profesionales realicen la primera<strong> declaraci\u00f3n trimestral<\/strong> del a\u00f1o en curso.<\/span><\/p><p style=\"text-align: justify;\"><span style=\"color: #4c4f54;\">Por este motivo en tugesto queremos darte\u00a0algunas claves importantes para que no te dejes\u00a0nada en el aire.<\/span><\/p><p style=\"text-align: justify;\"><span style=\"color: #4c4f54;\">Adem\u00e1s tambi\u00e9n te vamos\u00a0a especificar las <strong>fechas destacadas<\/strong> que no puedes dejar pasar si quieres\u00a0realizar los tr\u00e1mites en plazo.<\/span><\/p><p style=\"text-align: justify;\"><span style=\"color: #4c4f54;\">A la hora de comenzar el <strong>per\u00edodo fiscal<\/strong> de este a\u00f1o es muy importante que tengas a mano algunos documentos de tu contabilidad como:<\/span><\/p><ul style=\"text-align: justify;\"><li><span style=\"color: #4c4f54;\">Las <strong>facturas que hayas emitido<\/strong> desde el d\u00eda 1 de enero hasta el 31 de marzo de 2016 para realizar los c\u00e1lculos de las autoliquidaciones.<\/span><\/li><li><span style=\"color: #4c4f54;\">Tu <strong>alta censal<\/strong>: si la tienes a mano en ella puedes consultar cu\u00e1les son los <strong>impuestos principales<\/strong> que te corresponden liquidar.<\/span><\/li><\/ul><p><a href=\"http:\/\/tugesto.com\/software-fiscal\" target=\"_blank\" rel=\"noopener\"><img fetchpriority=\"high\" decoding=\"async\" class=\"alignnone wp-image-14761 size-full\" src=\"https:\/\/tugesto.com\/blog\/wp-content\/uploads\/2020\/01\/asesores_fiscales_tugesto.jpg\" alt=\"Te respalda el equipo de asesores fiscales de tugesto\" width=\"800\" height=\"241\" srcset=\"https:\/\/tugesto.com\/blog\/wp-content\/uploads\/2020\/01\/asesores_fiscales_tugesto.jpg 800w, https:\/\/tugesto.com\/blog\/wp-content\/uploads\/2020\/01\/asesores_fiscales_tugesto-300x90.jpg 300w, https:\/\/tugesto.com\/blog\/wp-content\/uploads\/2020\/01\/asesores_fiscales_tugesto-768x231.jpg 768w\" sizes=\"(max-width: 800px) 100vw, 800px\" \/><\/a><\/p><h2 style=\"text-align: justify;\"><span style=\"color: #4c4f54;\">Comienza el a\u00f1o fiscal con tugesto<\/span><\/h2><p style=\"text-align: justify;\"><span style=\"color: #4c4f54;\">Si\u00a0ya eres cliente de tugesto y cuentas con nuestra <strong>soluci\u00f3n online <\/strong>toda esta gesti\u00f3n te resultar\u00e1 mucho m\u00e1s r\u00e1pida y f\u00e1cil.<\/span><\/p><p style=\"text-align: justify;\"><span style=\"color: #4c4f54;\">\u00bfPor qu\u00e9 no comienzas el a\u00f1o fiscal con tugesto?<\/span><\/p><p style=\"text-align: justify;\"><span style=\"color: #4c4f54;\">Te recordamos los principales <strong>modelos que se deben presentar<\/strong> en funci\u00f3n de si desempe\u00f1as tu actividad como persona jur\u00eddica (sociedades) o f\u00edsica (aut\u00f3nomos).<\/span><\/p><ul style=\"text-align: justify;\"><li><span style=\"color: #4c4f54;\"><strong>Sociedades<\/strong>: modelos 111, 115, 202, 303<\/span><\/li><li><span style=\"color: #4c4f54;\"><strong>Aut\u00f3nomos<\/strong>: modelos 111, 115, 130, 303<\/span><\/li><\/ul><p style=\"text-align: justify;\"><span style=\"color: #4c4f54;\">En nuestra plataforma ya se ha generado el <strong>borrador de cada uno de los modelos fiscales<\/strong> que te acabamos de indicar.<\/span><\/p><p style=\"text-align: justify;\"><span style=\"color: #4c4f54;\">El mencionado borrador se cumplimenta solo. Se cumplimenta de forma autom\u00e1tica porque has ido introduciendo facturas en tu<strong> contabilidad <\/strong>a lo largo del trimestre. Nuestra plataforma est\u00e1 dise\u00f1ada para tomar los datos y cumplimentar los formularios de forma automatizada.<\/span><\/p><p style=\"text-align: justify;\"><span style=\"color: #4c4f54;\">\u00c9sto<strong> facilita la gesti\u00f3n de tu negocio<\/strong>\u00a0para que puedas ahorrar tiempo y emplearlo en otros asuntos que requieran m\u00e1s de tu atenci\u00f3n.<\/span><\/p><p style=\"text-align: justify;\"><span style=\"color: #4c4f54;\">Una vez que se han generado ya puedes comprobar el <strong>resultado de tu declaraci\u00f3n<\/strong> trimestral.<\/span><\/p><p style=\"text-align: justify;\"><span style=\"color: #4c4f54;\">Recuerda que tienes hasta el d\u00eda 12 de este mes para enviarlo a<strong> nuestros gestores<\/strong> y que \u00e9stos puedan proceder a presentarlo en <strong>Hacienda<\/strong>.<\/span><\/p><p style=\"text-align: justify;\"><span style=\"color: #4c4f54;\">\u00a1Comienza el a\u00f1o fiscal con tugesto!<\/span><\/p><p><a href=\"http:\/\/tugesto.com\/software-fiscal\" target=\"_blank\" rel=\"noopener\"><img decoding=\"async\" class=\"alignnone wp-image-14766 size-full\" src=\"https:\/\/tugesto.com\/blog\/wp-content\/uploads\/2020\/01\/gestionar_fiscalidad_online.jpg\" alt=\"Gestiona tu fiscalidad online con respaldo de asesores expertos\" width=\"798\" height=\"241\" srcset=\"https:\/\/tugesto.com\/blog\/wp-content\/uploads\/2020\/01\/gestionar_fiscalidad_online.jpg 798w, https:\/\/tugesto.com\/blog\/wp-content\/uploads\/2020\/01\/gestionar_fiscalidad_online-300x91.jpg 300w, https:\/\/tugesto.com\/blog\/wp-content\/uploads\/2020\/01\/gestionar_fiscalidad_online-768x232.jpg 768w\" sizes=\"(max-width: 798px) 100vw, 798px\" \/><\/a><\/p><p style=\"text-align: justify;\"><span style=\"color: #4c4f54;\">Si todav\u00eda no eres usuario tienes que estar atento a los <strong>plazos establecidos por Hacienda<\/strong> para las autoliquidaciones.<\/span><\/p><p style=\"text-align: justify;\"><span style=\"color: #4c4f54;\">El \u00faltimo d\u00eda para presentar la documentaci\u00f3n es el d\u00eda 20 de abril.<\/span><\/p><p style=\"text-align: justify;\"><span style=\"color: #4c4f54;\">En el caso de querer realizar la domiciliaci\u00f3n bancaria se debe presentar hasta el d\u00eda 15 de este mes.<\/span><\/p><p style=\"text-align: justify;\"><span style=\"color: #4c4f54;\">A continuaci\u00f3n te enumeramos los d\u00edas m\u00e1s destacados en este mes de abril y los\u00a0impuestos que se deben liquidar:<\/span><\/p><h2 style=\"text-align: justify;\"><span style=\"color: #4c4f54;\">Obligaciones fiscales abril de 2016: desde el 6 de abril hasta el 30 de junio<\/span><\/h2><h3 style=\"text-align: justify;\"><span style=\"color: #4c4f54;\">Renta y patrimonio<\/span><\/h3><p style=\"text-align: justify;\"><span style=\"color: #4c4f54;\">El d\u00eda 6 de este mes comienza la<\/span>\u00a0<a href=\"http:\/\/www.agenciatributaria.es\/AEAT.internet\/Renta.shtml\" target=\"_blank\" rel=\"noopener\">declaraci\u00f3n de la Renta<\/a>. <span style=\"color: #4c4f54;\">A partir de\u00a0esta fecha \u00fanicamente se puede presentar el <strong>borrador de las declaraciones de la Renta y Patrimonio 2015 por Internet<\/strong>.<\/span><\/p><p style=\"text-align: justify;\"><span style=\"color: #4c4f54;\">Si el resultado es a ingresar y se quiere<strong> domiciliar en una cuenta bancaria<\/strong>, la fecha l\u00edmite para indicarlo es hasta el 25 de junio de 2016.<\/span><\/p><p style=\"text-align: justify;\"><span style=\"color: #4c4f54;\">Para los m\u00e1s tradicionales contin\u00faa vigente el tr\u00e1mite de la Renta 2016 de modo presencial. Se puede <strong>solicitar cita previa<\/strong> para personarse en las oficinas a partir del d\u00eda 6 de mayo.<\/span><\/p><p><iframe style=\"border: 1px solid #CCC; border-width: 1px; margin-bottom: 5px; max-width: 100%;\" src=\"\/\/www.slideshare.net\/slideshow\/embed_code\/key\/oISI79cxLuVpSx\" width=\"668\" height=\"714\" frameborder=\"0\" marginwidth=\"0\" marginheight=\"0\" scrolling=\"no\" allowfullscreen=\"allowfullscreen\"> <\/iframe><\/p><div style=\"margin-bottom: 5px;\"><strong> <a title=\"Calendario Fiscal 2016\" href=\"\/\/www.slideshare.net\/tugesto\/calendario-fiscal-2016\" target=\"_blank\" rel=\"noopener\">Calendario Fiscal 2016<\/a> <\/strong> <strong>from <a href=\"\/\/www.slideshare.net\/tugesto\" target=\"_blank\" rel=\"noopener\">tugesto<\/a><\/strong><\/div><h2 style=\"text-align: justify;\"><span style=\"color: #4c4f54;\">Obligaciones fiscales abril de 2016: fecha l\u00edmite 20 de abril <\/span><\/h2><h3 style=\"text-align: justify;\"><span style=\"color: #4c4f54;\">Renta y sociedades<\/span><\/h3><p style=\"text-align: justify;\"><span style=\"color: #4c4f54;\">Las empresas y profesionales deben informar de las <strong>retenciones e ingresos<\/strong> que hayan efectuado a cuenta del trabajo y actividades econ\u00f3micas.<\/span><\/p><p style=\"text-align: justify;\"><span style=\"color: #4c4f54;\">Tambi\u00e9n sobre <strong>premios y determinadas ganancias<\/strong> patrimoniales e imputaciones de renta.<\/span><\/p><p style=\"text-align: justify;\"><span style=\"color: #4c4f54;\">En el mismo sentido se debe declarar sobre las ganancias derivadas de acciones y participaciones de las <strong>instituciones de inversi\u00f3n colectiva<\/strong> y rentas de arrendamientos de muebles urbanos.<\/span><\/p><p style=\"text-align: justify;\"><span style=\"color: #4c4f54;\">Por \u00faltimo el d\u00eda 20 de abril es la fecha l\u00edmite para informar sobre las <strong>ganancias del capital mobiliario<\/strong>, personas autorizadas, as\u00ed como los saldos en cuenta.<\/span><\/p><p style=\"text-align: justify;\"><span style=\"color: #4c4f54;\">Los modelos que se deben presentar son:<\/span><\/p><ul style=\"text-align: justify;\"><li><span style=\"color: #4c4f54;\"><strong>Modelos 111, 115, 117, 123, 124, 126, 128, 230<\/strong>: los deben utilizar las grandes empresas en relaci\u00f3n a marzo de 2016<\/span><\/li><li><span style=\"color: #4c4f54;\"><strong>Modelos 111, 115, 117, 123, 124, 126, 128, 136<\/strong>: son los modelos correspondientes al primer trimestre de 2016.<\/span><\/li><\/ul><p style=\"text-align: justify;\"><span style=\"color: #4c4f54;\">Si se quiere optar por los <strong>pagos fraccionados de la Renta<\/strong>, en relaci\u00f3n al primer trimestre de 2016 el modelo a cumplimentar es:<\/span><\/p><ul style=\"text-align: justify;\"><li><span style=\"color: #4c4f54;\"><strong>Modelo 130<\/strong>: para aquellos que se encuentren en el r\u00e9gimen de estimaci\u00f3n directa.<\/span><\/li><li><span style=\"color: #4c4f54;\"><strong>Modelo 131<\/strong>: si el r\u00e9gimen de tributaci\u00f3n es el de estimaci\u00f3n objetiva.<\/span><\/li><\/ul><p style=\"text-align: justify;\"><span style=\"color: #4c4f54;\">Si se quiere optar por los pagos fraccionados en relaci\u00f3n a sociedades y establecimientos permanentes de no residentes, el modelo a cumplimentar para el ejercicio en curso es:<\/span><\/p><ul style=\"text-align: justify;\"><li><span style=\"color: #4c4f54;\"><strong>Modelo 202<\/strong>: para aquellos que se encuentran en el r\u00e9gimen general<\/span><\/li><li><span style=\"color: #4c4f54;\"><strong>Modelo 222<\/strong>: para aquellos que se encuentran en el r\u00e9gimen de consolidaci\u00f3n fiscal, tambi\u00e9n llamados grupos fiscales.<\/span><\/li><\/ul><h3 style=\"text-align: justify;\"><span style=\"color: #4c4f54;\">IVA<\/span><\/h3><p style=\"text-align: justify;\"><span style=\"color: #4c4f54;\">Hasta la fecha indicada, 20 de abril, se deben presentar los modelos referidos al <strong>IVA<\/strong>. Estos formularios var\u00edan en funci\u00f3n de si se presentan en relaci\u00f3n a marzo de 2016 o al primer trimestre de 2016:<\/span><\/p><h4 style=\"text-align: justify;\"><span style=\"color: #4c4f54;\">1 Marzo de 2016<\/span><\/h4><ul style=\"text-align: justify;\"><li><span style=\"color: #4c4f54;\"><strong>Modelo 303<\/strong>: autoliquidaci\u00f3n del modelo.<\/span><\/li><li><span style=\"color: #4c4f54;\"><strong>Modelo 322<\/strong>: grupo de entidades, modelo individual.<\/span><\/li><li><span style=\"color: #4c4f54;\"><strong>Modelo 340<\/strong>: declaraci\u00f3n de operaciones incluidas en los libros registro del IVA e IGIC y otras operaciones.<\/span><\/li><li><span style=\"color: #4c4f54;\"><strong>Modelo 349:<\/strong> declaraci\u00f3n recapitulativa de operaciones intracomunitarias.<\/span><\/li><li><span style=\"color: #4c4f54;\"><strong>Modelo 353<\/strong>: grupo de entidades, modelo agregado.<\/span><\/li><li><span style=\"color: #4c4f54;\"><strong>Modelo 380<\/strong>: operaciones asimiladas a las importaciones.<\/span><\/li><\/ul><h4 style=\"text-align: justify;\"><span style=\"color: #4c4f54;\">Primer trimestre de 2016<\/span><\/h4><ul style=\"text-align: justify;\"><li><span style=\"color: #4c4f54;\"><strong>Modelo 303<\/strong>: autoliquidaci\u00f3n del modelo.<\/span><\/li><li><span style=\"color: #4c4f54;\"><strong>Modelo 309<\/strong>: declaraci\u00f3n-liquidaci\u00f3n no peri\u00f3dica.<\/span><\/li><li><span style=\"color: #4c4f54;\"><strong>Modelo 349<\/strong>: declaraci\u00f3n recapitulativa de operaciones intracomunitarias.<\/span><\/li><li><span style=\"color: #4c4f54;\"><strong>Modelo 368<\/strong>: autoliquidaci\u00f3n de IVA de los servicios de telecomunicaciones, de radiodifusi\u00f3n o de televisi\u00f3n y el\u00e9ctricos.<\/span><\/li><li><span style=\"color: #4c4f54;\"><strong>Modelo 380<\/strong>: operaciones asimiladas a las importaciones.<\/span><\/li><li><span style=\"color: #4c4f54;\"><strong>Modelo 308:<\/strong> solicitud de devoluci\u00f3n de recargo de equivalencia y sujetos pasivos ocasionales.<\/span><\/li><li><span style=\"color: #4c4f54;\"><strong>Modelo 341<\/strong>: reintegro de compensaciones en el r\u00e9gimen especial de la agricultura, ganader\u00eda y pesca.<\/span><\/li><\/ul><p><a href=\"http:\/\/tugesto.com\/\" target=\"_blank\" rel=\"noopener\"><img decoding=\"async\" class=\"alignnone wp-image-14765 size-full\" src=\"https:\/\/tugesto.com\/blog\/wp-content\/uploads\/2020\/01\/asesoria_online_tugesto.jpg\" alt=\"Ahorra tiempo y dinero con nuestra gesti\u00f3n online\" width=\"800\" height=\"241\" srcset=\"https:\/\/tugesto.com\/blog\/wp-content\/uploads\/2020\/01\/asesoria_online_tugesto.jpg 800w, https:\/\/tugesto.com\/blog\/wp-content\/uploads\/2020\/01\/asesoria_online_tugesto-300x90.jpg 300w, https:\/\/tugesto.com\/blog\/wp-content\/uploads\/2020\/01\/asesoria_online_tugesto-768x231.jpg 768w\" sizes=\"(max-width: 800px) 100vw, 800px\" \/><\/a><\/p><h3 style=\"text-align: justify;\"><span style=\"color: #4c4f54;\">Impuesto sobre las primas de seguros<\/span><\/h3><p style=\"text-align: justify;\"><span style=\"color: #4c4f54;\">En cuanto a las primas de seguros, el modelo que se debe cumplimentar en relaci\u00f3n a marzo de 2016 es el <strong>430.<\/strong><\/span><\/p><h3 style=\"text-align: justify;\"><span style=\"color: #4c4f54;\">Impuestos especiales de la fabricaci\u00f3n<\/span><\/h3><p style=\"text-align: justify;\"><span style=\"color: #4c4f54;\">Los modelos que se deben cumplimentar var\u00edan en funci\u00f3n de la declaraci\u00f3n. Se realizan sobre el per\u00edodo de enero de 2016, marzo de 2016 o el primer trimestre del mismo a\u00f1o fiscal:<\/span><\/p><h4 style=\"text-align: justify;\"><span style=\"color: #4c4f54;\">1 Enero de 2016<\/span><\/h4><ul style=\"text-align: justify;\"><li><span style=\"color: #4c4f54;\"><strong>Modelo 553, 554, 555, 556, 557, 558<\/strong>: a cumplimentar por las grandes empresas.<\/span><\/li><li><span style=\"color: #4c4f54;\"><strong>Modelo 561, 562, 563:\u00a0<\/strong>a cumplimentar por las grandes empresas.<\/span><\/li><\/ul><h4 style=\"text-align: justify;\"><span style=\"color: #4c4f54;\">2 Marzo de 2016<\/span><\/h4><ul style=\"text-align: justify;\"><li><span style=\"color: #4c4f54;\">Modelo 548, 566, 581<\/span><\/li><li><span style=\"color: #4c4f54;\">Modelo 570, 580<\/span><\/li><\/ul><h4 style=\"text-align: justify;\"><span style=\"color: #4c4f54;\">Primer trimestre de 2016<\/span><\/h4><ul style=\"text-align: justify;\"><li><span style=\"color: #4c4f54;\">Modelo 521, 522 y 547<\/span><\/li><li><span style=\"color: #4c4f54;\">Modelo 553: para las actividades llamadas V1, V2, V7, F1, F2<\/span><\/li><li><span style=\"color: #4c4f54;\">Modelo 582<\/span><\/li><li><span style=\"color: #4c4f54;\">Modelo 506, 507, 508, 524 y 572: para las solicitudes de devoluci\u00f3n<\/span><\/li><\/ul><p style=\"text-align: justify;\"><span style=\"color: #4c4f54;\">En cuanto a la declaraci\u00f3n de operaciones hechas por los destinatarios registrados, representantes fiscales y receptores autorizados, el <strong>modelo a cumplimentar es el 510.<\/strong><\/span><\/p><h3 style=\"text-align: justify;\"><span style=\"color: #4c4f54;\">Impuesto especial sobre la electricidad<\/span><\/h3><p style=\"text-align: justify;\"><span style=\"color: #4c4f54;\">El modelo a presentar por las grandes empresas para informar al respecto en relaci\u00f3n a marzo de 2016 es el 560.<\/span><\/p><p style=\"text-align: justify;\"><span style=\"color: #4c4f54;\">Por otro lado, todas las empresas, a excepci\u00f3n de las grandes, deben cumplimentar el <strong>modelo 560<\/strong> en este caso en relaci\u00f3n al primer trimestre de 2016.<\/span><\/p><p style=\"text-align: justify;\"><span style=\"color: #4c4f54;\">Este mismo modelo se debe cumplimentar y presentar en cuanto a la autoliquidaci\u00f3n anual sobre la electricidad referida al a\u00f1o 2015.<\/span><\/p><h3 style=\"text-align: justify;\"><span style=\"color: #4c4f54;\">Impuestos medioambientales<\/span><\/h3><p style=\"text-align: justify;\"><span style=\"color: #4c4f54;\">Para solicitar el pago fraccionado del impuesto en relaci\u00f3n al primer trimestre de 2015 se debe cumplimentar el <strong>modelo 585<\/strong>.<\/span><\/p><h3 style=\"text-align: justify;\"><span style=\"color: #4c4f54;\">Impuesto especial sobre el carb\u00f3n<\/span><\/h3><p style=\"text-align: justify;\"><span style=\"color: #4c4f54;\">Quienes tengan que liquidar este impuesto deben cumplimentar el modelo referido al primer trimestre de 2016.<\/span><\/p><p style=\"text-align: justify;\"><span style=\"color: #4c4f54;\">Ahora que ya conoces de primera mano todos los plazos, queremos animarte a probar\u00a0nuestra <strong>herramienta<\/strong>, indicada para llevar la <strong>gesti\u00f3n contable y fiscal de tu empresa<\/strong>.<\/span><\/p><p style=\"text-align: justify;\"><span style=\"color: #4c4f54;\">Como te hemos indicado al inicio de este post, hace que la <strong>gesti\u00f3n de tu negocio<\/strong> te resulte mucho m\u00e1s sencilla.<\/span><\/p><p style=\"text-align: justify;\"><span style=\"color: #4c4f54;\">Adem\u00e1s contar\u00e1s con el respaldo de <strong>profesionales con mucha experiencia<\/strong> que en todo momento velan por que las gestiones se hayan realizado correctamente.<\/span><\/p><p style=\"text-align: justify;\"><span style=\"color: #4c4f54;\">Una de las ventajas es que se te env\u00eda un<strong> email de recuerdo <\/strong>en los per\u00edodos fiscales\u00a0para que no se pase ning\u00fan plazo importante.<\/span><\/p><p style=\"text-align: justify;\"><span style=\"color: #4c4f54;\">No lo dudes, comienza tu a\u00f1o fiscal con tugesto, nuestro<\/span> <a href=\"http:\/\/www.tugesto.com\" target=\"_blank\" rel=\"noopener\">software de n\u00f3minas<\/a> <span style=\"color: #4c4f54;\">y RRHH.<\/span><\/p><p style=\"text-align: justify;\"><span style=\"color: #4c4f54;\">Como ya sabes, nuestro objetivo siempre es\u00a0dar facilidades a nuestros usuarios.<\/span><\/p><p><a href=\"http:\/\/tugesto.com\/software-fiscal\" target=\"_blank\" rel=\"noopener\"><img fetchpriority=\"high\" decoding=\"async\" class=\"alignnone wp-image-14761 size-full\" src=\"https:\/\/tugesto.com\/blog\/wp-content\/uploads\/2020\/01\/asesores_fiscales_tugesto.jpg\" alt=\"Te respalda el equipo de asesores fiscales de tugesto\" width=\"800\" height=\"241\" srcset=\"https:\/\/tugesto.com\/blog\/wp-content\/uploads\/2020\/01\/asesores_fiscales_tugesto.jpg 800w, https:\/\/tugesto.com\/blog\/wp-content\/uploads\/2020\/01\/asesores_fiscales_tugesto-300x90.jpg 300w, https:\/\/tugesto.com\/blog\/wp-content\/uploads\/2020\/01\/asesores_fiscales_tugesto-768x231.jpg 768w\" sizes=\"(max-width: 800px) 100vw, 800px\" \/><\/a><\/p>\t\t\t\t\t\t\t\t<\/div>\n\t\t\t\t<\/div>\n\t\t\t\t\t<\/div>\n\t\t<\/div>\n\t\t\t\t\t<\/div>\n\t\t<\/section>\n\t\t\t\t<\/div>\n\t\t","protected":false},"excerpt":{"rendered":"<p>Con el inicio del mes de abril no s\u00f3lo llega el buen tiempo sino tambi\u00e9n el inicio de un nuevo a\u00f1o fiscal. Este mes es el elegido para que aut\u00f3nomos y profesionales realicen la primera declaraci\u00f3n trimestral del a\u00f1o en curso. Por este motivo en tugesto queremos darte\u00a0algunas claves importantes para que no te dejes\u00a0nada [&hellip;]<\/p>\n","protected":false},"author":12,"featured_media":2717,"comment_status":"open","ping_status":"open","sticky":false,"template":"","format":"image","meta":{"_eb_attr":"","content-type":"","footnotes":""},"categories":[14],"tags":[36,38],"ppma_author":[1498],"class_list":["post-2721","post","type-post","status-publish","format-image","has-post-thumbnail","hentry","category-contabilidad-y-fiscal","tag-autonomos","tag-pymes","post_format-post-format-image"],"yoast_head":"<!-- This site is optimized with the Yoast SEO plugin v27.5 - https:\/\/yoast.com\/product\/yoast-seo-wordpress\/ -->\n<title>Comienza el a\u00f1o fiscal, \u00bfest\u00e1s preparado\/a? | tugesto<\/title>\n<meta name=\"description\" content=\"Comienza el mes de abril y con \u00e9l llega el inicio del a\u00f1o fiscal. No dejes pasar ning\u00fan plazo y cumplimenta tus declaraciones\" \/>\n<meta name=\"robots\" content=\"index, follow, max-snippet:-1, max-image-preview:large, max-video-preview:-1\" \/>\n<link rel=\"canonical\" href=\"https:\/\/tugesto.com\/blog\/comienza-ano-fiscal\/\" \/>\n<meta property=\"og:locale\" content=\"es_ES\" \/>\n<meta property=\"og:type\" content=\"article\" \/>\n<meta property=\"og:title\" content=\"Comienza el a\u00f1o fiscal, \u00bfest\u00e1s preparado\/a? | tugesto\" \/>\n<meta property=\"og:description\" content=\"Comienza el mes de abril y con \u00e9l llega el inicio del a\u00f1o fiscal. No dejes pasar ning\u00fan plazo y cumplimenta tus declaraciones\" \/>\n<meta property=\"og:url\" content=\"https:\/\/tugesto.com\/blog\/comienza-ano-fiscal\/\" \/>\n<meta property=\"og:site_name\" content=\"Blog: \u00a1Aprende a emprender! | tugesto\" \/>\n<meta property=\"article:publisher\" content=\"https:\/\/www.facebook.com\/tugesto\/\" \/>\n<meta property=\"article:published_time\" content=\"2016-04-04T11:57:34+00:00\" \/>\n<meta property=\"article:modified_time\" content=\"2024-05-21T09:55:33+00:00\" \/>\n<meta property=\"og:image\" content=\"https:\/\/tugesto.com\/blog\/wp-content\/uploads\/2014\/12\/Obligaciones-fiscales-abril-2016.jpg\" \/>\n\t<meta property=\"og:image:width\" content=\"600\" \/>\n\t<meta property=\"og:image:height\" content=\"349\" \/>\n\t<meta property=\"og:image:type\" content=\"image\/jpeg\" \/>\n<meta name=\"author\" content=\"David Fern\u00e1ndez\" \/>\n<meta name=\"twitter:card\" content=\"summary_large_image\" \/>\n<meta name=\"twitter:label1\" content=\"Escrito por\" \/>\n\t<meta name=\"twitter:data1\" content=\"David Fern\u00e1ndez\" \/>\n\t<meta name=\"twitter:label2\" content=\"Tiempo de lectura\" \/>\n\t<meta name=\"twitter:data2\" content=\"8 minutos\" \/>\n<script type=\"application\/ld+json\" class=\"yoast-schema-graph\">{\"@context\":\"https:\\\/\\\/schema.org\",\"@graph\":[{\"@type\":\"Article\",\"@id\":\"https:\\\/\\\/tugesto.com\\\/blog\\\/comienza-ano-fiscal\\\/#article\",\"isPartOf\":{\"@id\":\"https:\\\/\\\/tugesto.com\\\/blog\\\/comienza-ano-fiscal\\\/\"},\"author\":{\"name\":\"David Fern\u00e1ndez\",\"@id\":\"https:\\\/\\\/tugesto.com\\\/blog\\\/#\\\/schema\\\/person\\\/737f4a72f2e3855c9e8df888851bfef9\"},\"headline\":\"Comienza el a\u00f1o fiscal, \u00bfest\u00e1s preparado\\\/a?\",\"datePublished\":\"2016-04-04T11:57:34+00:00\",\"dateModified\":\"2024-05-21T09:55:33+00:00\",\"mainEntityOfPage\":{\"@id\":\"https:\\\/\\\/tugesto.com\\\/blog\\\/comienza-ano-fiscal\\\/\"},\"wordCount\":1362,\"commentCount\":0,\"publisher\":{\"@id\":\"https:\\\/\\\/tugesto.com\\\/blog\\\/#organization\"},\"image\":{\"@id\":\"https:\\\/\\\/tugesto.com\\\/blog\\\/comienza-ano-fiscal\\\/#primaryimage\"},\"thumbnailUrl\":\"https:\\\/\\\/tugesto.com\\\/blog\\\/wp-content\\\/uploads\\\/2014\\\/12\\\/Obligaciones-fiscales-abril-2016.jpg\",\"keywords\":[\"aut\u00f3nomos\",\"pymes\"],\"articleSection\":[\"Contabilidad y Fiscal\"],\"inLanguage\":\"es\",\"potentialAction\":[{\"@type\":\"CommentAction\",\"name\":\"Comment\",\"target\":[\"https:\\\/\\\/tugesto.com\\\/blog\\\/comienza-ano-fiscal\\\/#respond\"]}]},{\"@type\":\"WebPage\",\"@id\":\"https:\\\/\\\/tugesto.com\\\/blog\\\/comienza-ano-fiscal\\\/\",\"url\":\"https:\\\/\\\/tugesto.com\\\/blog\\\/comienza-ano-fiscal\\\/\",\"name\":\"Comienza el a\u00f1o fiscal, \u00bfest\u00e1s preparado\\\/a? | tugesto\",\"isPartOf\":{\"@id\":\"https:\\\/\\\/tugesto.com\\\/blog\\\/#website\"},\"primaryImageOfPage\":{\"@id\":\"https:\\\/\\\/tugesto.com\\\/blog\\\/comienza-ano-fiscal\\\/#primaryimage\"},\"image\":{\"@id\":\"https:\\\/\\\/tugesto.com\\\/blog\\\/comienza-ano-fiscal\\\/#primaryimage\"},\"thumbnailUrl\":\"https:\\\/\\\/tugesto.com\\\/blog\\\/wp-content\\\/uploads\\\/2014\\\/12\\\/Obligaciones-fiscales-abril-2016.jpg\",\"datePublished\":\"2016-04-04T11:57:34+00:00\",\"dateModified\":\"2024-05-21T09:55:33+00:00\",\"description\":\"Comienza el mes de abril y con \u00e9l llega el inicio del a\u00f1o fiscal. No dejes pasar ning\u00fan plazo y cumplimenta tus declaraciones\",\"breadcrumb\":{\"@id\":\"https:\\\/\\\/tugesto.com\\\/blog\\\/comienza-ano-fiscal\\\/#breadcrumb\"},\"inLanguage\":\"es\",\"potentialAction\":[{\"@type\":\"ReadAction\",\"target\":[\"https:\\\/\\\/tugesto.com\\\/blog\\\/comienza-ano-fiscal\\\/\"]}]},{\"@type\":\"ImageObject\",\"inLanguage\":\"es\",\"@id\":\"https:\\\/\\\/tugesto.com\\\/blog\\\/comienza-ano-fiscal\\\/#primaryimage\",\"url\":\"https:\\\/\\\/tugesto.com\\\/blog\\\/wp-content\\\/uploads\\\/2014\\\/12\\\/Obligaciones-fiscales-abril-2016.jpg\",\"contentUrl\":\"https:\\\/\\\/tugesto.com\\\/blog\\\/wp-content\\\/uploads\\\/2014\\\/12\\\/Obligaciones-fiscales-abril-2016.jpg\",\"width\":600,\"height\":349,\"caption\":\"Obligaciones fiscales que hay que cumplir en abril de 2016\"},{\"@type\":\"BreadcrumbList\",\"@id\":\"https:\\\/\\\/tugesto.com\\\/blog\\\/comienza-ano-fiscal\\\/#breadcrumb\",\"itemListElement\":[{\"@type\":\"ListItem\",\"position\":1,\"name\":\"Home\",\"item\":\"https:\\\/\\\/tugesto.com\\\/blog\\\/\"},{\"@type\":\"ListItem\",\"position\":2,\"name\":\"Contabilidad y Fiscal\",\"item\":\"https:\\\/\\\/tugesto.com\\\/blog\\\/category\\\/contabilidad-y-fiscal\\\/\"},{\"@type\":\"ListItem\",\"position\":3,\"name\":\"Comienza el a\u00f1o fiscal, \u00bfest\u00e1s preparado\\\/a?\"}]},{\"@type\":\"WebSite\",\"@id\":\"https:\\\/\\\/tugesto.com\\\/blog\\\/#website\",\"url\":\"https:\\\/\\\/tugesto.com\\\/blog\\\/\",\"name\":\"Blog tugesto\",\"description\":\"\ud83d\udcda Blog especializado para aut\u00f3nomos y pymes. Encuentra semanalmente nuevos posts, recursos y gu\u00edas. La ayuda que necesitas para tu negocio.\",\"publisher\":{\"@id\":\"https:\\\/\\\/tugesto.com\\\/blog\\\/#organization\"},\"potentialAction\":[{\"@type\":\"SearchAction\",\"target\":{\"@type\":\"EntryPoint\",\"urlTemplate\":\"https:\\\/\\\/tugesto.com\\\/blog\\\/?s={search_term_string}\"},\"query-input\":{\"@type\":\"PropertyValueSpecification\",\"valueRequired\":true,\"valueName\":\"search_term_string\"}}],\"inLanguage\":\"es\"},{\"@type\":\"Organization\",\"@id\":\"https:\\\/\\\/tugesto.com\\\/blog\\\/#organization\",\"name\":\"tugesto\",\"url\":\"https:\\\/\\\/tugesto.com\\\/blog\\\/\",\"logo\":{\"@type\":\"ImageObject\",\"inLanguage\":\"es\",\"@id\":\"https:\\\/\\\/tugesto.com\\\/blog\\\/#\\\/schema\\\/logo\\\/image\\\/\",\"url\":\"https:\\\/\\\/tugesto.com\\\/blog\\\/wp-content\\\/uploads\\\/2019\\\/06\\\/logo_tugesto.png\",\"contentUrl\":\"https:\\\/\\\/tugesto.com\\\/blog\\\/wp-content\\\/uploads\\\/2019\\\/06\\\/logo_tugesto.png\",\"width\":190,\"height\":63,\"caption\":\"tugesto\"},\"image\":{\"@id\":\"https:\\\/\\\/tugesto.com\\\/blog\\\/#\\\/schema\\\/logo\\\/image\\\/\"},\"sameAs\":[\"https:\\\/\\\/www.facebook.com\\\/tugesto\\\/\",\"https:\\\/\\\/www.instagram.com\\\/tugesto_online\\\/\"]},{\"@type\":\"Person\",\"@id\":\"https:\\\/\\\/tugesto.com\\\/blog\\\/#\\\/schema\\\/person\\\/737f4a72f2e3855c9e8df888851bfef9\",\"name\":\"David Fern\u00e1ndez\",\"image\":{\"@type\":\"ImageObject\",\"inLanguage\":\"es\",\"@id\":\"https:\\\/\\\/tugesto.com\\\/blog\\\/wp-content\\\/uploads\\\/2024\\\/05\\\/david-fernandez.png2882f1d57e6812c9fc588cf346c4e7d0\",\"url\":\"https:\\\/\\\/tugesto.com\\\/blog\\\/wp-content\\\/uploads\\\/2024\\\/05\\\/david-fernandez.png\",\"contentUrl\":\"https:\\\/\\\/tugesto.com\\\/blog\\\/wp-content\\\/uploads\\\/2024\\\/05\\\/david-fernandez.png\",\"caption\":\"David Fern\u00e1ndez\"},\"description\":\"Asesor contable y fiscal\"}]}<\/script>\n<!-- \/ Yoast SEO plugin. -->","yoast_head_json":{"title":"Comienza el a\u00f1o fiscal, \u00bfest\u00e1s preparado\/a? | tugesto","description":"Comienza el mes de abril y con \u00e9l llega el inicio del a\u00f1o fiscal. No dejes pasar ning\u00fan plazo y cumplimenta tus declaraciones","robots":{"index":"index","follow":"follow","max-snippet":"max-snippet:-1","max-image-preview":"max-image-preview:large","max-video-preview":"max-video-preview:-1"},"canonical":"https:\/\/tugesto.com\/blog\/comienza-ano-fiscal\/","og_locale":"es_ES","og_type":"article","og_title":"Comienza el a\u00f1o fiscal, \u00bfest\u00e1s preparado\/a? | tugesto","og_description":"Comienza el mes de abril y con \u00e9l llega el inicio del a\u00f1o fiscal. No dejes pasar ning\u00fan plazo y cumplimenta tus declaraciones","og_url":"https:\/\/tugesto.com\/blog\/comienza-ano-fiscal\/","og_site_name":"Blog: \u00a1Aprende a emprender! | tugesto","article_publisher":"https:\/\/www.facebook.com\/tugesto\/","article_published_time":"2016-04-04T11:57:34+00:00","article_modified_time":"2024-05-21T09:55:33+00:00","og_image":[{"width":600,"height":349,"url":"https:\/\/tugesto.com\/blog\/wp-content\/uploads\/2014\/12\/Obligaciones-fiscales-abril-2016.jpg","type":"image\/jpeg"}],"author":"David Fern\u00e1ndez","twitter_card":"summary_large_image","twitter_misc":{"Escrito por":"David Fern\u00e1ndez","Tiempo de lectura":"8 minutos"},"schema":{"@context":"https:\/\/schema.org","@graph":[{"@type":"Article","@id":"https:\/\/tugesto.com\/blog\/comienza-ano-fiscal\/#article","isPartOf":{"@id":"https:\/\/tugesto.com\/blog\/comienza-ano-fiscal\/"},"author":{"name":"David Fern\u00e1ndez","@id":"https:\/\/tugesto.com\/blog\/#\/schema\/person\/737f4a72f2e3855c9e8df888851bfef9"},"headline":"Comienza el a\u00f1o fiscal, \u00bfest\u00e1s preparado\/a?","datePublished":"2016-04-04T11:57:34+00:00","dateModified":"2024-05-21T09:55:33+00:00","mainEntityOfPage":{"@id":"https:\/\/tugesto.com\/blog\/comienza-ano-fiscal\/"},"wordCount":1362,"commentCount":0,"publisher":{"@id":"https:\/\/tugesto.com\/blog\/#organization"},"image":{"@id":"https:\/\/tugesto.com\/blog\/comienza-ano-fiscal\/#primaryimage"},"thumbnailUrl":"https:\/\/tugesto.com\/blog\/wp-content\/uploads\/2014\/12\/Obligaciones-fiscales-abril-2016.jpg","keywords":["aut\u00f3nomos","pymes"],"articleSection":["Contabilidad y Fiscal"],"inLanguage":"es","potentialAction":[{"@type":"CommentAction","name":"Comment","target":["https:\/\/tugesto.com\/blog\/comienza-ano-fiscal\/#respond"]}]},{"@type":"WebPage","@id":"https:\/\/tugesto.com\/blog\/comienza-ano-fiscal\/","url":"https:\/\/tugesto.com\/blog\/comienza-ano-fiscal\/","name":"Comienza el a\u00f1o fiscal, \u00bfest\u00e1s preparado\/a? | tugesto","isPartOf":{"@id":"https:\/\/tugesto.com\/blog\/#website"},"primaryImageOfPage":{"@id":"https:\/\/tugesto.com\/blog\/comienza-ano-fiscal\/#primaryimage"},"image":{"@id":"https:\/\/tugesto.com\/blog\/comienza-ano-fiscal\/#primaryimage"},"thumbnailUrl":"https:\/\/tugesto.com\/blog\/wp-content\/uploads\/2014\/12\/Obligaciones-fiscales-abril-2016.jpg","datePublished":"2016-04-04T11:57:34+00:00","dateModified":"2024-05-21T09:55:33+00:00","description":"Comienza el mes de abril y con \u00e9l llega el inicio del a\u00f1o fiscal. No dejes pasar ning\u00fan plazo y cumplimenta tus declaraciones","breadcrumb":{"@id":"https:\/\/tugesto.com\/blog\/comienza-ano-fiscal\/#breadcrumb"},"inLanguage":"es","potentialAction":[{"@type":"ReadAction","target":["https:\/\/tugesto.com\/blog\/comienza-ano-fiscal\/"]}]},{"@type":"ImageObject","inLanguage":"es","@id":"https:\/\/tugesto.com\/blog\/comienza-ano-fiscal\/#primaryimage","url":"https:\/\/tugesto.com\/blog\/wp-content\/uploads\/2014\/12\/Obligaciones-fiscales-abril-2016.jpg","contentUrl":"https:\/\/tugesto.com\/blog\/wp-content\/uploads\/2014\/12\/Obligaciones-fiscales-abril-2016.jpg","width":600,"height":349,"caption":"Obligaciones fiscales que hay que cumplir en abril de 2016"},{"@type":"BreadcrumbList","@id":"https:\/\/tugesto.com\/blog\/comienza-ano-fiscal\/#breadcrumb","itemListElement":[{"@type":"ListItem","position":1,"name":"Home","item":"https:\/\/tugesto.com\/blog\/"},{"@type":"ListItem","position":2,"name":"Contabilidad y Fiscal","item":"https:\/\/tugesto.com\/blog\/category\/contabilidad-y-fiscal\/"},{"@type":"ListItem","position":3,"name":"Comienza el a\u00f1o fiscal, \u00bfest\u00e1s preparado\/a?"}]},{"@type":"WebSite","@id":"https:\/\/tugesto.com\/blog\/#website","url":"https:\/\/tugesto.com\/blog\/","name":"Blog tugesto","description":"\ud83d\udcda Blog especializado para aut\u00f3nomos y pymes. Encuentra semanalmente nuevos posts, recursos y gu\u00edas. La ayuda que necesitas para tu negocio.","publisher":{"@id":"https:\/\/tugesto.com\/blog\/#organization"},"potentialAction":[{"@type":"SearchAction","target":{"@type":"EntryPoint","urlTemplate":"https:\/\/tugesto.com\/blog\/?s={search_term_string}"},"query-input":{"@type":"PropertyValueSpecification","valueRequired":true,"valueName":"search_term_string"}}],"inLanguage":"es"},{"@type":"Organization","@id":"https:\/\/tugesto.com\/blog\/#organization","name":"tugesto","url":"https:\/\/tugesto.com\/blog\/","logo":{"@type":"ImageObject","inLanguage":"es","@id":"https:\/\/tugesto.com\/blog\/#\/schema\/logo\/image\/","url":"https:\/\/tugesto.com\/blog\/wp-content\/uploads\/2019\/06\/logo_tugesto.png","contentUrl":"https:\/\/tugesto.com\/blog\/wp-content\/uploads\/2019\/06\/logo_tugesto.png","width":190,"height":63,"caption":"tugesto"},"image":{"@id":"https:\/\/tugesto.com\/blog\/#\/schema\/logo\/image\/"},"sameAs":["https:\/\/www.facebook.com\/tugesto\/","https:\/\/www.instagram.com\/tugesto_online\/"]},{"@type":"Person","@id":"https:\/\/tugesto.com\/blog\/#\/schema\/person\/737f4a72f2e3855c9e8df888851bfef9","name":"David Fern\u00e1ndez","image":{"@type":"ImageObject","inLanguage":"es","@id":"https:\/\/tugesto.com\/blog\/wp-content\/uploads\/2024\/05\/david-fernandez.png2882f1d57e6812c9fc588cf346c4e7d0","url":"https:\/\/tugesto.com\/blog\/wp-content\/uploads\/2024\/05\/david-fernandez.png","contentUrl":"https:\/\/tugesto.com\/blog\/wp-content\/uploads\/2024\/05\/david-fernandez.png","caption":"David Fern\u00e1ndez"},"description":"Asesor contable y fiscal"}]}},"authors":[{"term_id":1498,"user_id":12,"is_guest":0,"slug":"david-fernandez","display_name":"David Fern\u00e1ndez","avatar_url":{"url":"https:\/\/tugesto.com\/blog\/wp-content\/uploads\/2024\/05\/david-fernandez.png","url2x":"https:\/\/tugesto.com\/blog\/wp-content\/uploads\/2024\/05\/david-fernandez.png"},"0":null,"1":"","2":"","3":"","4":"","5":"","6":"","7":"","8":""}],"_links":{"self":[{"href":"https:\/\/tugesto.com\/blog\/wp-json\/wp\/v2\/posts\/2721","targetHints":{"allow":["GET"]}}],"collection":[{"href":"https:\/\/tugesto.com\/blog\/wp-json\/wp\/v2\/posts"}],"about":[{"href":"https:\/\/tugesto.com\/blog\/wp-json\/wp\/v2\/types\/post"}],"author":[{"embeddable":true,"href":"https:\/\/tugesto.com\/blog\/wp-json\/wp\/v2\/users\/12"}],"replies":[{"embeddable":true,"href":"https:\/\/tugesto.com\/blog\/wp-json\/wp\/v2\/comments?post=2721"}],"version-history":[{"count":8,"href":"https:\/\/tugesto.com\/blog\/wp-json\/wp\/v2\/posts\/2721\/revisions"}],"predecessor-version":[{"id":35823,"href":"https:\/\/tugesto.com\/blog\/wp-json\/wp\/v2\/posts\/2721\/revisions\/35823"}],"wp:featuredmedia":[{"embeddable":true,"href":"https:\/\/tugesto.com\/blog\/wp-json\/wp\/v2\/media\/2717"}],"wp:attachment":[{"href":"https:\/\/tugesto.com\/blog\/wp-json\/wp\/v2\/media?parent=2721"}],"wp:term":[{"taxonomy":"category","embeddable":true,"href":"https:\/\/tugesto.com\/blog\/wp-json\/wp\/v2\/categories?post=2721"},{"taxonomy":"post_tag","embeddable":true,"href":"https:\/\/tugesto.com\/blog\/wp-json\/wp\/v2\/tags?post=2721"},{"taxonomy":"author","embeddable":true,"href":"https:\/\/tugesto.com\/blog\/wp-json\/wp\/v2\/ppma_author?post=2721"}],"curies":[{"name":"wp","href":"https:\/\/api.w.org\/{rel}","templated":true}]}}