{"id":23218,"date":"2022-09-08T13:19:33","date_gmt":"2022-09-08T11:19:33","guid":{"rendered":"https:\/\/tugesto.com\/blog\/?p=23218"},"modified":"2024-06-21T10:58:29","modified_gmt":"2024-06-21T08:58:29","slug":"nuevo-sistema-de-cotizacion-de-autonomos","status":"publish","type":"post","link":"https:\/\/tugesto.com\/blog\/nuevo-sistema-de-cotizacion-de-autonomos\/","title":{"rendered":"Nuevo sistema de cotizaci\u00f3n de aut\u00f3nomos: novedades y variantes"},"content":{"rendered":"\t\t<div data-elementor-type=\"wp-post\" data-elementor-id=\"23218\" class=\"elementor elementor-23218\" data-elementor-post-type=\"post\">\n\t\t\t\t\t\t<section class=\"elementor-section elementor-top-section elementor-element elementor-element-7b6ab3db elementor-section-boxed elementor-section-height-default elementor-section-height-default\" data-id=\"7b6ab3db\" data-element_type=\"section\">\n\t\t\t\t\t\t<div class=\"elementor-container elementor-column-gap-default\">\n\t\t\t\t\t<div class=\"elementor-column elementor-col-100 elementor-top-column elementor-element elementor-element-5b650314\" data-id=\"5b650314\" data-element_type=\"column\">\n\t\t\t<div class=\"elementor-widget-wrap elementor-element-populated\">\n\t\t\t\t\t\t<div class=\"elementor-element elementor-element-65bbcf5 elementor-widget elementor-widget-video\" data-id=\"65bbcf5\" data-element_type=\"widget\" data-settings=\"{&quot;youtube_url&quot;:&quot;https:\\\/\\\/youtu.be\\\/RWxjU6U9_Bk&quot;,&quot;video_type&quot;:&quot;youtube&quot;,&quot;controls&quot;:&quot;yes&quot;}\" data-widget_type=\"video.default\">\n\t\t\t\t<div class=\"elementor-widget-container\">\n\t\t\t\t\t\t\t<div class=\"elementor-wrapper elementor-open-inline\">\n\t\t\t<div class=\"elementor-video\"><\/div>\t\t<\/div>\n\t\t\t\t\t\t<\/div>\n\t\t\t\t<\/div>\n\t\t\t\t<div class=\"elementor-element elementor-element-25eca4f7 elementor-widget elementor-widget-text-editor\" data-id=\"25eca4f7\" data-element_type=\"widget\" data-widget_type=\"text-editor.default\">\n\t\t\t\t<div class=\"elementor-widget-container\">\n\t\t\t\t\t\t\t\t\t<p><\/p>\n<p><span style=\"color: #4c4f54;\">Durante muchos a\u00f1os se ha pedido ajustar la cotizaci\u00f3n de aut\u00f3nomos a los ingresos reales y justo en el mes de agosto del 2022, el Consejo de Ministros aprob\u00f3 el<\/span> <a href=\"https:\/\/www.boe.es\/diario_boe\/txt.php?id=BOE-A-2022-10677\" target=\"_blank\" rel=\"noopener\">real decreto ley 504\/2022<\/a>.<span style=\"color: #4c4f54;\"> Para ello pactaron con las asociaciones de aut\u00f3nomos un nuevo sistema de cotizaci\u00f3n de aut\u00f3nomos con una serie de novedades y cambios importantes que vamos a ir detallando a continuaci\u00f3n.<\/span><\/p>\n<p><span style=\"color: #4c4f54;\"><\/span><\/p>\n<p><span style=\"color: #4c4f54;\">El nuevo sistema de cotizaci\u00f3n, <strong>planteado en funci\u00f3n de los rendimientos<\/strong> netos y que <strong>entrar\u00e1 en vigor el 1 de enero de 2023<\/strong>, contar\u00e1 con un <strong>periodo de transici\u00f3n de nueve a\u00f1os y quince tramos con sus respectivas cuotas<\/strong>. Con su aplicaci\u00f3n se pretende mejorar la protecci\u00f3n social de los aut\u00f3nomos y las prestaciones por baja por enfermedad.<\/span><\/p>\n<p><span style=\"color: #4c4f54;\"><\/span><\/p>\n<p><span style=\"color: #4c4f54;\">A lo largo de este post veremos en que consiste el modelo progresivo, c\u00f3mo son las tablas de cotizaci\u00f3n y cu\u00e1les son las principales novedades del sistema de cotizaci\u00f3n para los aut\u00f3nomos.\u00a0<\/span><\/p>\n<p><span style=\"color: #4c4f54;\"> <a href=\"http:\/\/tugesto.com\/alta-autonomo\/\" target=\"_blank\" rel=\"noopener\"><img fetchpriority=\"high\" decoding=\"async\" class=\"alignnone wp-image-15077 size-full\" src=\"https:\/\/tugesto.com\/blog\/wp-content\/uploads\/2019\/02\/alta-autonomo-gratuita-tugesto.jpg\" alt=\"Estudiamos tus bonificaciones de forma gratuita\" width=\"1234\" height=\"376\" srcset=\"https:\/\/tugesto.com\/blog\/wp-content\/uploads\/2019\/02\/alta-autonomo-gratuita-tugesto.jpg 1234w, https:\/\/tugesto.com\/blog\/wp-content\/uploads\/2019\/02\/alta-autonomo-gratuita-tugesto-300x91.jpg 300w, https:\/\/tugesto.com\/blog\/wp-content\/uploads\/2019\/02\/alta-autonomo-gratuita-tugesto-1024x312.jpg 1024w, https:\/\/tugesto.com\/blog\/wp-content\/uploads\/2019\/02\/alta-autonomo-gratuita-tugesto-768x234.jpg 768w\" sizes=\"(max-width: 1234px) 100vw, 1234px\" \/><\/a><\/span><\/p>\n<p><span style=\"color: #4c4f54;\"><\/span><\/p>\n<h2 class=\"wp-block-heading\"><span style=\"color: #4c4f54;\">El nuevo sistema de cotizaci\u00f3n de aut\u00f3nomos: \u00bfEn qu\u00e9 consiste?<\/span><\/h2>\n<p><span style=\"color: #4c4f54;\"><\/span><\/p>\n<p><span style=\"color: #4c4f54;\">El nuevo modelo aprobado consiste en un modelo progresivo de cuotas, que s\u00e9 ira ajustando los pr\u00f3ximos a\u00f1os y en el que los aut\u00f3nomos con menos ingresos reducir\u00e1n su cuota. Se prev\u00e9, que para el a\u00f1o 2025, funcione con total normalidad dentro de la sociedad espa\u00f1ola.<\/span><\/p>\n<p><span style=\"color: #4c4f54;\"><\/span><\/p>\n<p><span style=\"color: #4c4f54;\">La gran novedad son los <strong>15 tramos de cotizaci\u00f3n <\/strong>en los que <strong>cada aut\u00f3nomo deber\u00e1 incorporarse dependiendo de su previsi\u00f3n de ingresos<\/strong>, los cuales deber\u00e1 comunicar la inclusi\u00f3n a la Seguridad Social. En los primeros tramos de la tabla se muestra una considerable rebaja de la cuota con respecto a la base m\u00ednima, mientras que en los tramos m\u00e1s altos vemos un claro incremento de esta.<\/span><\/p>\n<p><span style=\"color: #4c4f54;\"><\/span><\/p>\n<p><span style=\"color: #4c4f54;\">Es decir, a partir de 2023 los aut\u00f3nomos cotizar\u00e1n a la Seguridad Social una cantidad u otra dependiendo de sus <strong>ingresos reales<\/strong> y pudiendo <strong>cambiar de tramo hasta seis veces al a\u00f1o<\/strong>, cada dos meses. Al finalizar el ejercicio, el aut\u00f3nomo deber\u00e1 regular sus cotizaciones para presentarlas a la Administraci\u00f3n.<\/span><\/p>\n<p><span style=\"color: #4c4f54;\"><\/span><\/p>\n<h2 class=\"wp-block-heading\"><span style=\"color: #4c4f54;\">\u00bfC\u00f3mo calcular el rendimiento neto del aut\u00f3nomo?<\/span><\/h2>\n<p><span style=\"color: #4c4f54;\"><\/span><\/p>\n<p><span style=\"color: #4c4f54;\">Seg\u00fan el Gobierno, <strong>los rendimientos se calcular\u00e1n deduciendo los ingresos de todos los gastos producidos en el <\/strong><\/span><a href=\"https:\/\/tugesto.com\/blog\/plan-fiscal-autonomos\/\" target=\"_blank\" rel=\"noopener\"><strong>ejercicio de la actividad<\/strong><\/a><span style=\"color: #4c4f54;\"><strong> y completamente necesarios para la obtenci\u00f3n de ingresos del aut\u00f3nomo.<\/strong> Sobre esa cantidad, <strong>se aplicar\u00e1 una deducci\u00f3n por gastos gen\u00e9ricos del 7% y del 3% para los aut\u00f3nomos societarios.<\/strong> \u00a0<\/span><\/p>\n<p><span style=\"color: #4c4f54;\"><\/span><\/p>\n<p><span style=\"color: #4c4f54;\">El <strong>resultado<\/strong> obtenido ser\u00e1n los <strong>rendimientos netos<\/strong>. Ser\u00e1 esta cifra la que determine la base de cotizaci\u00f3n y la cuota que le corresponde. En el caso de que los rendimientos netos definitivos est\u00e9n por debajo o por encima de la cuota escogida, deber\u00e1 devolver o reclamar dicha cantidad.<\/span><\/p>\n<p><span style=\"color: #4c4f54;\"><\/span><\/p>\n<p><span style=\"color: #4c4f54;\">Un claro <strong>ejemplo<\/strong> podr\u00eda ser un aut\u00f3nomo con un rendimiento fiscal neto de 12.000 euros. A estos se le han descontado 3.600 euros de cuotas dirigidas a la Seguridad Social, las cuales computan como gasto.<\/span><\/p>\n<p><span style=\"color: #4c4f54;\"><\/span><\/p>\n<p><span style=\"color: #4c4f54;\">Para calcular los rendimientos netos para definir la nueva cuota a la Seguridad Social, el aut\u00f3nomo tendr\u00e1 que tener en cuenta los 12.000 euros declarados a Hacienda. A estos deber\u00e1n sumarse los 3.600 euros de cotizaciones, obteniendo as\u00ed 15.600.<\/span><\/p>\n<p><span style=\"color: #4c4f54;\"><\/span><\/p>\n<p><span style=\"color: #4c4f54;\">A esta \u00faltima cantidad es necesario aplicarle un descuento del 7% de imposible justificaci\u00f3n, obteniendo 1.092 euros. Para acabar, se le restar\u00e1n los 1.092 a los 15.600 y obtendremos la cifra final de 14.508, la cual se tomar\u00e1 para calcular la futura cuota del aut\u00f3nomo.<\/span><\/p>\n<p><span style=\"color: #4c4f54;\"><\/span><\/p>\n<p><span style=\"color: #4c4f54;\">Para consultarse y trasladarlo a las tablas de cotizaci\u00f3n, ser\u00e1 necesario dividir la cantidad entre 12 meses y localizar el tramo en el que se encuentra. El aut\u00f3nomo del ejemplo obtendr\u00eda como resultado una cuota de 291 euros durante los pr\u00f3ximos tres a\u00f1os, situ\u00e1ndose en la base m\u00ednima.<\/span><\/p>\n<p><span style=\"color: #4c4f54;\"><\/span><\/p>\n<h3 class=\"wp-block-heading\"><span style=\"color: #4c4f54;\">Primera fase y variantes de la cotizaci\u00f3n a la Seguridad Social de los aut\u00f3nomos<\/span><\/h3>\n<p><span style=\"color: #4c4f54;\"><\/span><\/p>\n<p><span style=\"color: #4c4f54;\">La primera fase y las variantes vienen dadas en quince tramos de cotizaci\u00f3n para aut\u00f3nomos. En las siguientes tablas podr\u00e1s consultar los tramos, la cuota y su variaci\u00f3n dependiendo el a\u00f1o. En el 2031 la cuota de aut\u00f3nomo podr\u00e1 variar entre 184 y 1267 euros.<\/span><\/p>\n<p><span style=\"color: #4c4f54;\"><\/span><\/p>\n<figure class=\"wp-block-image size-full\"><img decoding=\"async\" class=\"alignnone wp-image-23220 size-full\" src=\"https:\/\/tugesto.com\/blog\/wp-content\/uploads\/2022\/09\/tabletaaa.jpg\" alt=\"Tabla tramos de la cotizaci\u00f3n de aut\u00f3nomos.\" width=\"877\" height=\"474\" srcset=\"https:\/\/tugesto.com\/blog\/wp-content\/uploads\/2022\/09\/tabletaaa.jpg 877w, https:\/\/tugesto.com\/blog\/wp-content\/uploads\/2022\/09\/tabletaaa-300x162.jpg 300w, https:\/\/tugesto.com\/blog\/wp-content\/uploads\/2022\/09\/tabletaaa-768x415.jpg 768w\" sizes=\"(max-width: 877px) 100vw, 877px\" \/><\/figure>\n<p><\/p>\n<h2 class=\"wp-block-heading\"><span style=\"color: #4c4f54;\">Ventajas e inconvenientes de la reforma<\/span><\/h2>\n<p><span style=\"color: #4c4f54;\"><\/span><\/p>\n<p><span style=\"color: #4c4f54;\">El nuevo modelo gradual y flexible, inspirado en las econom\u00edas europeas m\u00e1s potentes, presenta una serie de pros y contras que afectara a tres millones de aut\u00f3nomos espa\u00f1oles<\/span><\/p>\n<p><span style=\"color: #4c4f54;\"><\/span><\/p>\n<p><span style=\"color: #4c4f54;\"><strong>Ventajas:<\/strong><\/span><\/p>\n<div class=\"wp-block-group\">\n<ul>\n<li style=\"list-style-type: none;\">\n<ul>\n<li><span style=\"color: #4c4f54;\">Reducci\u00f3n de la cuota para los aut\u00f3nomos que menos ingresan.<\/span><\/li>\n<\/ul>\n<\/li>\n<\/ul>\n<p><\/p>\n<p><span style=\"color: #4c4f54;\"><!-- \/wp:list --><!-- wp:list --><\/span><\/p>\n<ul>\n<li style=\"list-style-type: none;\">\n<ul><!-- wp:list-item --><\/ul>\n<\/li>\n<\/ul>\n<ul>\n<li style=\"list-style-type: none;\">\n<ul>\n<li><span style=\"color: #4c4f54;\">Mejora de la protecci\u00f3n social de los aut\u00f3nomos, aumentando las cuant\u00edas percibidas durante las<\/span> <a href=\"https:\/\/tugesto.com\/blog\/tengo-derecho-a-estar-de-baja-si-soy-autonomo\/\" target=\"_blank\" rel=\"noopener\">bajas<\/a>.\u00a0<\/li>\n<\/ul>\n<\/li>\n<\/ul>\n<p><!-- \/wp:list-item --><\/p>\n<p><!-- \/wp:list --><!-- wp:list --><\/p>\n<ul>\n<li style=\"list-style-type: none;\">\n<ul><!-- wp:list-item --><\/ul>\n<\/li>\n<\/ul>\n<ul>\n<li style=\"list-style-type: none;\">\n<ul>\n<li><span style=\"color: #4c4f54;\">Sostenibilidad del sistema de pensiones de la Seguridad Social.<\/span><\/li>\n<\/ul>\n<\/li>\n<\/ul>\n<p><!-- \/wp:list-item --><\/p>\n<p><span style=\"color: #4c4f54;\"><!-- \/wp:list --><!-- wp:list --><\/span><\/p>\n<ul>\n<li style=\"list-style-type: none;\">\n<ul><!-- wp:list-item --><\/ul>\n<\/li>\n<\/ul>\n<ul>\n<li style=\"list-style-type: none;\">\n<ul>\n<li><span style=\"color: #4c4f54;\">Modificaci\u00f3n de la cuota a lo largo del a\u00f1o para adecuarse a los ingresos.<\/span><\/li>\n<\/ul>\n<\/li>\n<\/ul>\n<p><!-- \/wp:list-item --><\/p>\n<p><span style=\"color: #4c4f54;\"><!-- \/wp:list --><\/span><\/p>\n<\/div>\n<p><span style=\"color: #4c4f54;\"><!-- \/wp:group --><!-- wp:paragraph --><\/span><\/p>\n<p><span style=\"color: #4c4f54;\"><strong>Inconvenientes:<\/strong><\/span><\/p>\n<div class=\"wp-block-group\">\n<ul>\n<li style=\"list-style-type: none;\">\n<ul>\n<li><span style=\"color: #4c4f54;\">Posibilidad de desgravar unos gastos u otros no, no ambos.<\/span><\/li>\n<\/ul>\n<\/li>\n<\/ul>\n<p><!-- \/wp:list-item --><\/p>\n<p><span style=\"color: #4c4f54;\"><!-- \/wp:list --><!-- wp:list --><\/span><\/p>\n<ul>\n<li style=\"list-style-type: none;\">\n<ul><!-- wp:list-item --><\/ul>\n<\/li>\n<\/ul>\n<ul>\n<li style=\"list-style-type: none;\">\n<ul>\n<li><span style=\"color: #4c4f54;\">Disminuci\u00f3n del emprendimiento y el autoempleo.<\/span><\/li>\n<\/ul>\n<\/li>\n<\/ul>\n<p><!-- \/wp:list-item --><\/p>\n<p><span style=\"color: #4c4f54;\"><!-- \/wp:list --><!-- wp:list --><\/span><\/p>\n<ul>\n<li style=\"list-style-type: none;\">\n<ul><!-- wp:list-item --><\/ul>\n<\/li>\n<\/ul>\n<ul>\n<li style=\"list-style-type: none;\">\n<ul>\n<li><span style=\"color: #4c4f54;\">Dificultad para contratar trabajadores.<\/span><\/li>\n<\/ul>\n<\/li>\n<\/ul>\n<p><!-- \/wp:list-item --><\/p>\n<p><span style=\"color: #4c4f54;\"><!-- \/wp:list --><!-- wp:list --><\/span><\/p>\n<ul>\n<li style=\"list-style-type: none;\">\n<ul><!-- wp:list-item --><\/ul>\n<\/li>\n<\/ul>\n<ul>\n<li style=\"list-style-type: none;\">\n<ul>\n<li><span style=\"color: #4c4f54;\">Subida de precios en sus servicios para mantener su poder adquisitivo.<\/span><\/li>\n<\/ul>\n<\/li>\n<\/ul>\n<p><!-- \/wp:list-item --><\/p>\n<p><span style=\"color: #4c4f54;\"><!-- \/wp:list --><!-- wp:list --><\/span><\/p>\n<ul>\n<li style=\"list-style-type: none;\">\n<ul><!-- wp:list-item --><\/ul>\n<\/li>\n<\/ul>\n<ul>\n<li style=\"list-style-type: none;\">\n<ul>\n<li><span style=\"color: #4c4f54;\">Incentiva la econom\u00eda sumergida.<\/span><\/li>\n<\/ul>\n<\/li>\n<\/ul>\n<p><!-- \/wp:list-item --><\/p>\n<p><span style=\"color: #4c4f54;\"><!-- \/wp:list --><!-- wp:list --><\/span><\/p>\n<ul>\n<li style=\"list-style-type: none;\">\n<ul><!-- wp:list-item --><\/ul>\n<\/li>\n<\/ul>\n<ul>\n<li style=\"list-style-type: none;\">\n<ul>\n<li><span style=\"color: #4c4f54;\">Fuga de aut\u00f3nomos a pa\u00edses con mejor tributaci\u00f3n como Andorra.<\/span><\/li>\n<\/ul>\n<\/li>\n<\/ul>\n<p><!-- \/wp:list-item --><\/p>\n<p><span style=\"color: #4c4f54;\"><!-- \/wp:list --><!-- wp:list --><\/span><\/p>\n<ul>\n<li style=\"list-style-type: none;\">\n<ul><!-- wp:list-item --><\/ul>\n<\/li>\n<\/ul>\n<ul>\n<li style=\"list-style-type: none;\">\n<ul>\n<li><span style=\"color: #4c4f54;\">No incluye ninguna reforma en lo que se refiere al<\/span> <a href=\"https:\/\/tugesto.com\/blog\/como-solicito-el-paro-por-desempleo-para-autonomos-2\/\" target=\"_blank\" rel=\"noopener\">paro que perciben los aut\u00f3nomos<\/a>.<\/li>\n<\/ul>\n<\/li>\n<\/ul>\n<p><!-- \/wp:list-item --><\/p>\n<p><!-- \/wp:list --><!-- wp:list --><\/p>\n<ul>\n<li style=\"list-style-type: none;\">\n<ul><!-- wp:list-item --><\/ul>\n<\/li>\n<\/ul>\n<ul>\n<li style=\"list-style-type: none;\">\n<ul>\n<li><span style=\"color: #4c4f54;\">Latente disconformidad entre el Gobierno y las asociaciones de aut\u00f3nomos.<\/span><\/li>\n<\/ul>\n<\/li>\n<\/ul>\n<p><!-- \/wp:list-item --><\/p>\n<p><span style=\"color: #4c4f54;\"><!-- \/wp:list --><\/span><\/p>\n<\/div>\n<p><span style=\"color: #4c4f54;\"><!-- \/wp:group --><!-- wp:heading --><\/span><\/p>\n<h2><span style=\"color: #4c4f54;\">Otras modificaciones de la cotizaci\u00f3n de aut\u00f3nomos<\/span><\/h2>\n<p><span style=\"color: #4c4f54;\"><!-- \/wp:heading --><!-- wp:paragraph --><\/span><\/p>\n<p><span style=\"color: #4c4f54;\">Dejando a un lado los tramos de cotizaci\u00f3n, este nuevo sistema trae cambios en la conocida <a style=\"color: #4c4f54;\" href=\"https:\/\/tugesto.com\/blog\/descubre-si-te-puedes-acoger-a-la-tarifa-plana-de-tu-cuota-de-autonomo\/\">tarifa plana<\/a> para nuevos aut\u00f3nomos. Su cuota fija pasa de los 60 a los 80 euros mensuales. Adem\u00e1s, no se tendr\u00e1 en cuenta si<\/span> <a href=\"https:\/\/tugesto.com\/blog\/tienes-que-tener-un-minimo-de-ingresos-para-ser-autonomo\/\" target=\"_blank\" rel=\"noopener\">los ingresos est\u00e1n por debajo del salario m\u00ednimo interprofesional<\/a> <span style=\"color: #4c4f54;\">(SMI) para pagar menos, pero si en el caso inverso, en el cual se deber\u00e1 pagar m\u00e1s.<\/span><\/p>\n<p><span style=\"color: #4c4f54;\"><!-- \/wp:paragraph --><!-- wp:paragraph --><\/span><\/p>\n<p><span style=\"color: #4c4f54;\">Por lo tanto, si el aut\u00f3nomo cobra menos del m\u00ednimo, seguir\u00e1 pagando una cuota fija de 80 euros, pero si lo supera, empezar\u00e1 a cobrar dependiendo del tramo que le corresponda.<\/span><\/p>\n<p><span style=\"color: #4c4f54;\"><!-- \/wp:paragraph --><!-- wp:paragraph --><\/span><\/p>\n<p><span style=\"color: #4c4f54;\">Tambi\u00e9n se establece una prestaci\u00f3n del 50% de la base reguladora compatible con otra actividad, es decir, se podr\u00e1 cobrar de 4 meses a 2 a\u00f1os sin tener que darse de baja en el R\u00e9gimen Especial de Trabajadores Aut\u00f3nomos.<\/span><\/p>\n<p><span style=\"color: #4c4f54;\"><!-- \/wp:paragraph --><!-- wp:paragraph --><\/span><\/p>\n<p><span style=\"color: #4c4f54;\">Otras novedades de este nuevo sistema de cotizaci\u00f3n de aut\u00f3nomos serian la desgravaci\u00f3n del 10% del plan de pensiones en el <a style=\"color: #4c4f54;\" href=\"https:\/\/tugesto.com\/blog\/gastos-deducibles-irpf-autonomos\/\">IRPF<\/a> y el fin del tope de cotizaciones para mayores de 47 a\u00f1os, ya que con el nuevo sistema se tendr\u00e1n en cuenta los ingresos para acreditar que el trabajador se ubica en el tramo correcto.<\/span><\/p>\n<p><span style=\"color: #4c4f54;\"><!-- \/wp:paragraph --><!-- wp:paragraph {\"style\":{\"color\":{\"background\":\"#cecece\"}}} --><\/span><\/p>\n<p class=\"has-background\" style=\"background-color: #cecece;\"><span style=\"color: #4c4f54;\">Con todos los cambios que se aproximan, lo mejor es disfrutar de una \u00fanica herramienta para gestionar la facturaci\u00f3n, contabilidad y fiscalidad de tu negocio. Desde tugesto te ofrecemos nuestro<\/span> <a href=\"https:\/\/tugesto.com\/plan-autonomo\/\" target=\"_blank\" rel=\"noopener\">software de gesti\u00f3n contable y fiscal<\/a> <span style=\"color: #4c4f54;\">con el apoyo de los mejores asesores expertos en aut\u00f3nomos y empresas.<\/span><\/p>\n<p><!-- \/wp:paragraph --><!-- wp:video --><\/p>\n<figure class=\"wp-block-video\"><a href=\"https:\/\/tugesto.com\/?utm_source=blog&amp;utm_medium=banner&amp;utm_campaign=automatizacion\" target=\"_blank\" rel=\"noopener\"><video src=\"https:\/\/tugesto.com\/blog\/wp-content\/uploads\/2020\/05\/video_automatizacionTV.mp4\" autoplay=\"autoplay\" loop=\"loop\" muted=\"\" width=\"353\" height=\"353\"><\/video><\/a><\/figure>\n<p><!-- \/wp:video --><\/p>\t\t\t\t\t\t\t\t<\/div>\n\t\t\t\t<\/div>\n\t\t\t\t\t<\/div>\n\t\t<\/div>\n\t\t\t\t\t<\/div>\n\t\t<\/section>\n\t\t\t\t<\/div>\n\t\t","protected":false},"excerpt":{"rendered":"<p>https:\/\/youtu.be\/RWxjU6U9_Bk Durante muchos a\u00f1os se ha pedido ajustar la cotizaci\u00f3n de aut\u00f3nomos a los ingresos reales y justo en el mes de agosto del 2022, el Consejo de Ministros aprob\u00f3 el real decreto ley 504\/2022. Para ello pactaron con las asociaciones de aut\u00f3nomos un nuevo sistema de cotizaci\u00f3n de aut\u00f3nomos con una serie de novedades [&hellip;]<\/p>\n","protected":false},"author":15,"featured_media":23225,"comment_status":"open","ping_status":"open","sticky":false,"template":"","format":"standard","meta":{"_eb_attr":"","content-type":"","footnotes":""},"categories":[14],"tags":[36,38],"ppma_author":[1501],"class_list":["post-23218","post","type-post","status-publish","format-standard","has-post-thumbnail","hentry","category-contabilidad-y-fiscal","tag-autonomos","tag-pymes"],"yoast_head":"<!-- This site is optimized with the Yoast SEO plugin v26.8 - https:\/\/yoast.com\/product\/yoast-seo-wordpress\/ -->\n<title>Nuevo sistema de cotizaci\u00f3n de aut\u00f3nomos | tugesto<\/title>\n<meta name=\"description\" content=\"\u00bfQuieres conocer todo sobre el nuevo sistema de cotizaci\u00f3n de aut\u00f3nomos? Desde tugesto explicamos en qu\u00e9 consiste, las variantes y detalles\" \/>\n<meta name=\"robots\" content=\"index, follow, max-snippet:-1, max-image-preview:large, max-video-preview:-1\" \/>\n<link rel=\"canonical\" href=\"https:\/\/tugesto.com\/blog\/nuevo-sistema-de-cotizacion-de-autonomos\/\" \/>\n<meta property=\"og:locale\" content=\"es_ES\" \/>\n<meta property=\"og:type\" content=\"article\" \/>\n<meta property=\"og:title\" content=\"Nuevo sistema de cotizaci\u00f3n de aut\u00f3nomos | tugesto\" \/>\n<meta property=\"og:description\" content=\"\u00bfQuieres conocer todo sobre el nuevo sistema de cotizaci\u00f3n de aut\u00f3nomos? Desde tugesto explicamos en qu\u00e9 consiste, las variantes y detalles\" \/>\n<meta property=\"og:url\" content=\"https:\/\/tugesto.com\/blog\/nuevo-sistema-de-cotizacion-de-autonomos\/\" \/>\n<meta property=\"og:site_name\" content=\"Blog: \u00a1Aprende a emprender! | tugesto\" \/>\n<meta property=\"article:publisher\" content=\"https:\/\/www.facebook.com\/tugesto\/\" \/>\n<meta property=\"article:published_time\" content=\"2022-09-08T11:19:33+00:00\" \/>\n<meta property=\"article:modified_time\" content=\"2024-06-21T08:58:29+00:00\" \/>\n<meta property=\"og:image\" content=\"https:\/\/tugesto.com\/blog\/wp-content\/uploads\/2022\/09\/Cotizacion-Blog-tugesto-2.jpg\" \/>\n\t<meta property=\"og:image:width\" content=\"750\" \/>\n\t<meta property=\"og:image:height\" content=\"429\" \/>\n\t<meta property=\"og:image:type\" content=\"image\/jpeg\" \/>\n<meta name=\"author\" content=\"Rosa Gonz\u00e1lez\" \/>\n<meta name=\"twitter:card\" content=\"summary_large_image\" \/>\n<meta name=\"twitter:label1\" content=\"Escrito por\" \/>\n\t<meta name=\"twitter:data1\" content=\"Rosa Gonz\u00e1lez\" \/>\n\t<meta name=\"twitter:label2\" content=\"Tiempo de lectura\" \/>\n\t<meta name=\"twitter:data2\" content=\"6 minutos\" \/>\n<script type=\"application\/ld+json\" class=\"yoast-schema-graph\">{\"@context\":\"https:\/\/schema.org\",\"@graph\":[{\"@type\":\"Article\",\"@id\":\"https:\/\/tugesto.com\/blog\/nuevo-sistema-de-cotizacion-de-autonomos\/#article\",\"isPartOf\":{\"@id\":\"https:\/\/tugesto.com\/blog\/nuevo-sistema-de-cotizacion-de-autonomos\/\"},\"author\":{\"name\":\"Rosa Gonz\u00e1lez\",\"@id\":\"https:\/\/tugesto.com\/blog\/#\/schema\/person\/ac35495ec7b2332a9618c7898ca70db2\"},\"headline\":\"Nuevo sistema de cotizaci\u00f3n de aut\u00f3nomos: novedades y variantes\",\"datePublished\":\"2022-09-08T11:19:33+00:00\",\"dateModified\":\"2024-06-21T08:58:29+00:00\",\"mainEntityOfPage\":{\"@id\":\"https:\/\/tugesto.com\/blog\/nuevo-sistema-de-cotizacion-de-autonomos\/\"},\"wordCount\":1157,\"commentCount\":0,\"publisher\":{\"@id\":\"https:\/\/tugesto.com\/blog\/#organization\"},\"image\":{\"@id\":\"https:\/\/tugesto.com\/blog\/nuevo-sistema-de-cotizacion-de-autonomos\/#primaryimage\"},\"thumbnailUrl\":\"https:\/\/tugesto.com\/blog\/wp-content\/uploads\/2022\/09\/Cotizacion-Blog-tugesto-2.jpg\",\"keywords\":[\"aut\u00f3nomos\",\"pymes\"],\"articleSection\":[\"Contabilidad y Fiscal\"],\"inLanguage\":\"es\",\"potentialAction\":[{\"@type\":\"CommentAction\",\"name\":\"Comment\",\"target\":[\"https:\/\/tugesto.com\/blog\/nuevo-sistema-de-cotizacion-de-autonomos\/#respond\"]}]},{\"@type\":\"WebPage\",\"@id\":\"https:\/\/tugesto.com\/blog\/nuevo-sistema-de-cotizacion-de-autonomos\/\",\"url\":\"https:\/\/tugesto.com\/blog\/nuevo-sistema-de-cotizacion-de-autonomos\/\",\"name\":\"Nuevo sistema de cotizaci\u00f3n de aut\u00f3nomos | tugesto\",\"isPartOf\":{\"@id\":\"https:\/\/tugesto.com\/blog\/#website\"},\"primaryImageOfPage\":{\"@id\":\"https:\/\/tugesto.com\/blog\/nuevo-sistema-de-cotizacion-de-autonomos\/#primaryimage\"},\"image\":{\"@id\":\"https:\/\/tugesto.com\/blog\/nuevo-sistema-de-cotizacion-de-autonomos\/#primaryimage\"},\"thumbnailUrl\":\"https:\/\/tugesto.com\/blog\/wp-content\/uploads\/2022\/09\/Cotizacion-Blog-tugesto-2.jpg\",\"datePublished\":\"2022-09-08T11:19:33+00:00\",\"dateModified\":\"2024-06-21T08:58:29+00:00\",\"description\":\"\u00bfQuieres conocer todo sobre el nuevo sistema de cotizaci\u00f3n de aut\u00f3nomos? Desde tugesto explicamos en qu\u00e9 consiste, las variantes y detalles\",\"breadcrumb\":{\"@id\":\"https:\/\/tugesto.com\/blog\/nuevo-sistema-de-cotizacion-de-autonomos\/#breadcrumb\"},\"inLanguage\":\"es\",\"potentialAction\":[{\"@type\":\"ReadAction\",\"target\":[\"https:\/\/tugesto.com\/blog\/nuevo-sistema-de-cotizacion-de-autonomos\/\"]}]},{\"@type\":\"ImageObject\",\"inLanguage\":\"es\",\"@id\":\"https:\/\/tugesto.com\/blog\/nuevo-sistema-de-cotizacion-de-autonomos\/#primaryimage\",\"url\":\"https:\/\/tugesto.com\/blog\/wp-content\/uploads\/2022\/09\/Cotizacion-Blog-tugesto-2.jpg\",\"contentUrl\":\"https:\/\/tugesto.com\/blog\/wp-content\/uploads\/2022\/09\/Cotizacion-Blog-tugesto-2.jpg\",\"width\":750,\"height\":429,\"caption\":\"Este es el nuevo sistema de cotizacion de autonomos\"},{\"@type\":\"BreadcrumbList\",\"@id\":\"https:\/\/tugesto.com\/blog\/nuevo-sistema-de-cotizacion-de-autonomos\/#breadcrumb\",\"itemListElement\":[{\"@type\":\"ListItem\",\"position\":1,\"name\":\"Home\",\"item\":\"https:\/\/tugesto.com\/blog\/\"},{\"@type\":\"ListItem\",\"position\":2,\"name\":\"Contabilidad y Fiscal\",\"item\":\"https:\/\/tugesto.com\/blog\/category\/contabilidad-y-fiscal\/\"},{\"@type\":\"ListItem\",\"position\":3,\"name\":\"Nuevo sistema de cotizaci\u00f3n de aut\u00f3nomos: novedades y variantes\"}]},{\"@type\":\"WebSite\",\"@id\":\"https:\/\/tugesto.com\/blog\/#website\",\"url\":\"https:\/\/tugesto.com\/blog\/\",\"name\":\"Blog tugesto\",\"description\":\"\ud83d\udcda Blog especializado para aut\u00f3nomos y pymes. Encuentra semanalmente nuevos posts, recursos y gu\u00edas. La ayuda que necesitas para tu negocio.\",\"publisher\":{\"@id\":\"https:\/\/tugesto.com\/blog\/#organization\"},\"potentialAction\":[{\"@type\":\"SearchAction\",\"target\":{\"@type\":\"EntryPoint\",\"urlTemplate\":\"https:\/\/tugesto.com\/blog\/?s={search_term_string}\"},\"query-input\":{\"@type\":\"PropertyValueSpecification\",\"valueRequired\":true,\"valueName\":\"search_term_string\"}}],\"inLanguage\":\"es\"},{\"@type\":\"Organization\",\"@id\":\"https:\/\/tugesto.com\/blog\/#organization\",\"name\":\"tugesto\",\"url\":\"https:\/\/tugesto.com\/blog\/\",\"logo\":{\"@type\":\"ImageObject\",\"inLanguage\":\"es\",\"@id\":\"https:\/\/tugesto.com\/blog\/#\/schema\/logo\/image\/\",\"url\":\"https:\/\/tugesto.com\/blog\/wp-content\/uploads\/2019\/06\/logo_tugesto.png\",\"contentUrl\":\"https:\/\/tugesto.com\/blog\/wp-content\/uploads\/2019\/06\/logo_tugesto.png\",\"width\":190,\"height\":63,\"caption\":\"tugesto\"},\"image\":{\"@id\":\"https:\/\/tugesto.com\/blog\/#\/schema\/logo\/image\/\"},\"sameAs\":[\"https:\/\/www.facebook.com\/tugesto\/\",\"https:\/\/www.instagram.com\/tugesto_online\/\"]},{\"@type\":\"Person\",\"@id\":\"https:\/\/tugesto.com\/blog\/#\/schema\/person\/ac35495ec7b2332a9618c7898ca70db2\",\"name\":\"Rosa Gonz\u00e1lez\",\"image\":{\"@type\":\"ImageObject\",\"inLanguage\":\"es\",\"@id\":\"https:\/\/tugesto.com\/blog\/#\/schema\/person\/image\/0ece644c332d38b899bac1149cf9912a\",\"url\":\"https:\/\/tugesto.com\/blog\/wp-content\/uploads\/2024\/05\/rosa-gonzalez.png\",\"contentUrl\":\"https:\/\/tugesto.com\/blog\/wp-content\/uploads\/2024\/05\/rosa-gonzalez.png\",\"caption\":\"Rosa Gonz\u00e1lez\"},\"description\":\"Abogada, departamento jur\u00eddico-legal\"}]}<\/script>\n<!-- \/ Yoast SEO plugin. -->","yoast_head_json":{"title":"Nuevo sistema de cotizaci\u00f3n de aut\u00f3nomos | tugesto","description":"\u00bfQuieres conocer todo sobre el nuevo sistema de cotizaci\u00f3n de aut\u00f3nomos? Desde tugesto explicamos en qu\u00e9 consiste, las variantes y detalles","robots":{"index":"index","follow":"follow","max-snippet":"max-snippet:-1","max-image-preview":"max-image-preview:large","max-video-preview":"max-video-preview:-1"},"canonical":"https:\/\/tugesto.com\/blog\/nuevo-sistema-de-cotizacion-de-autonomos\/","og_locale":"es_ES","og_type":"article","og_title":"Nuevo sistema de cotizaci\u00f3n de aut\u00f3nomos | tugesto","og_description":"\u00bfQuieres conocer todo sobre el nuevo sistema de cotizaci\u00f3n de aut\u00f3nomos? Desde tugesto explicamos en qu\u00e9 consiste, las variantes y detalles","og_url":"https:\/\/tugesto.com\/blog\/nuevo-sistema-de-cotizacion-de-autonomos\/","og_site_name":"Blog: \u00a1Aprende a emprender! | tugesto","article_publisher":"https:\/\/www.facebook.com\/tugesto\/","article_published_time":"2022-09-08T11:19:33+00:00","article_modified_time":"2024-06-21T08:58:29+00:00","og_image":[{"width":750,"height":429,"url":"https:\/\/tugesto.com\/blog\/wp-content\/uploads\/2022\/09\/Cotizacion-Blog-tugesto-2.jpg","type":"image\/jpeg"}],"author":"Rosa Gonz\u00e1lez","twitter_card":"summary_large_image","twitter_misc":{"Escrito por":"Rosa Gonz\u00e1lez","Tiempo de lectura":"6 minutos"},"schema":{"@context":"https:\/\/schema.org","@graph":[{"@type":"Article","@id":"https:\/\/tugesto.com\/blog\/nuevo-sistema-de-cotizacion-de-autonomos\/#article","isPartOf":{"@id":"https:\/\/tugesto.com\/blog\/nuevo-sistema-de-cotizacion-de-autonomos\/"},"author":{"name":"Rosa Gonz\u00e1lez","@id":"https:\/\/tugesto.com\/blog\/#\/schema\/person\/ac35495ec7b2332a9618c7898ca70db2"},"headline":"Nuevo sistema de cotizaci\u00f3n de aut\u00f3nomos: novedades y variantes","datePublished":"2022-09-08T11:19:33+00:00","dateModified":"2024-06-21T08:58:29+00:00","mainEntityOfPage":{"@id":"https:\/\/tugesto.com\/blog\/nuevo-sistema-de-cotizacion-de-autonomos\/"},"wordCount":1157,"commentCount":0,"publisher":{"@id":"https:\/\/tugesto.com\/blog\/#organization"},"image":{"@id":"https:\/\/tugesto.com\/blog\/nuevo-sistema-de-cotizacion-de-autonomos\/#primaryimage"},"thumbnailUrl":"https:\/\/tugesto.com\/blog\/wp-content\/uploads\/2022\/09\/Cotizacion-Blog-tugesto-2.jpg","keywords":["aut\u00f3nomos","pymes"],"articleSection":["Contabilidad y Fiscal"],"inLanguage":"es","potentialAction":[{"@type":"CommentAction","name":"Comment","target":["https:\/\/tugesto.com\/blog\/nuevo-sistema-de-cotizacion-de-autonomos\/#respond"]}]},{"@type":"WebPage","@id":"https:\/\/tugesto.com\/blog\/nuevo-sistema-de-cotizacion-de-autonomos\/","url":"https:\/\/tugesto.com\/blog\/nuevo-sistema-de-cotizacion-de-autonomos\/","name":"Nuevo sistema de cotizaci\u00f3n de aut\u00f3nomos | tugesto","isPartOf":{"@id":"https:\/\/tugesto.com\/blog\/#website"},"primaryImageOfPage":{"@id":"https:\/\/tugesto.com\/blog\/nuevo-sistema-de-cotizacion-de-autonomos\/#primaryimage"},"image":{"@id":"https:\/\/tugesto.com\/blog\/nuevo-sistema-de-cotizacion-de-autonomos\/#primaryimage"},"thumbnailUrl":"https:\/\/tugesto.com\/blog\/wp-content\/uploads\/2022\/09\/Cotizacion-Blog-tugesto-2.jpg","datePublished":"2022-09-08T11:19:33+00:00","dateModified":"2024-06-21T08:58:29+00:00","description":"\u00bfQuieres conocer todo sobre el nuevo sistema de cotizaci\u00f3n de aut\u00f3nomos? Desde tugesto explicamos en qu\u00e9 consiste, las variantes y detalles","breadcrumb":{"@id":"https:\/\/tugesto.com\/blog\/nuevo-sistema-de-cotizacion-de-autonomos\/#breadcrumb"},"inLanguage":"es","potentialAction":[{"@type":"ReadAction","target":["https:\/\/tugesto.com\/blog\/nuevo-sistema-de-cotizacion-de-autonomos\/"]}]},{"@type":"ImageObject","inLanguage":"es","@id":"https:\/\/tugesto.com\/blog\/nuevo-sistema-de-cotizacion-de-autonomos\/#primaryimage","url":"https:\/\/tugesto.com\/blog\/wp-content\/uploads\/2022\/09\/Cotizacion-Blog-tugesto-2.jpg","contentUrl":"https:\/\/tugesto.com\/blog\/wp-content\/uploads\/2022\/09\/Cotizacion-Blog-tugesto-2.jpg","width":750,"height":429,"caption":"Este es el nuevo sistema de cotizacion de autonomos"},{"@type":"BreadcrumbList","@id":"https:\/\/tugesto.com\/blog\/nuevo-sistema-de-cotizacion-de-autonomos\/#breadcrumb","itemListElement":[{"@type":"ListItem","position":1,"name":"Home","item":"https:\/\/tugesto.com\/blog\/"},{"@type":"ListItem","position":2,"name":"Contabilidad y Fiscal","item":"https:\/\/tugesto.com\/blog\/category\/contabilidad-y-fiscal\/"},{"@type":"ListItem","position":3,"name":"Nuevo sistema de cotizaci\u00f3n de aut\u00f3nomos: novedades y variantes"}]},{"@type":"WebSite","@id":"https:\/\/tugesto.com\/blog\/#website","url":"https:\/\/tugesto.com\/blog\/","name":"Blog tugesto","description":"\ud83d\udcda Blog especializado para aut\u00f3nomos y pymes. Encuentra semanalmente nuevos posts, recursos y gu\u00edas. La ayuda que necesitas para tu negocio.","publisher":{"@id":"https:\/\/tugesto.com\/blog\/#organization"},"potentialAction":[{"@type":"SearchAction","target":{"@type":"EntryPoint","urlTemplate":"https:\/\/tugesto.com\/blog\/?s={search_term_string}"},"query-input":{"@type":"PropertyValueSpecification","valueRequired":true,"valueName":"search_term_string"}}],"inLanguage":"es"},{"@type":"Organization","@id":"https:\/\/tugesto.com\/blog\/#organization","name":"tugesto","url":"https:\/\/tugesto.com\/blog\/","logo":{"@type":"ImageObject","inLanguage":"es","@id":"https:\/\/tugesto.com\/blog\/#\/schema\/logo\/image\/","url":"https:\/\/tugesto.com\/blog\/wp-content\/uploads\/2019\/06\/logo_tugesto.png","contentUrl":"https:\/\/tugesto.com\/blog\/wp-content\/uploads\/2019\/06\/logo_tugesto.png","width":190,"height":63,"caption":"tugesto"},"image":{"@id":"https:\/\/tugesto.com\/blog\/#\/schema\/logo\/image\/"},"sameAs":["https:\/\/www.facebook.com\/tugesto\/","https:\/\/www.instagram.com\/tugesto_online\/"]},{"@type":"Person","@id":"https:\/\/tugesto.com\/blog\/#\/schema\/person\/ac35495ec7b2332a9618c7898ca70db2","name":"Rosa Gonz\u00e1lez","image":{"@type":"ImageObject","inLanguage":"es","@id":"https:\/\/tugesto.com\/blog\/#\/schema\/person\/image\/0ece644c332d38b899bac1149cf9912a","url":"https:\/\/tugesto.com\/blog\/wp-content\/uploads\/2024\/05\/rosa-gonzalez.png","contentUrl":"https:\/\/tugesto.com\/blog\/wp-content\/uploads\/2024\/05\/rosa-gonzalez.png","caption":"Rosa Gonz\u00e1lez"},"description":"Abogada, departamento jur\u00eddico-legal"}]}},"authors":[{"term_id":1501,"user_id":15,"is_guest":0,"slug":"rosa-gonzalez","display_name":"Rosa Gonz\u00e1lez","avatar_url":{"url":"https:\/\/tugesto.com\/blog\/wp-content\/uploads\/2024\/05\/rosa-gonzalez.png","url2x":"https:\/\/tugesto.com\/blog\/wp-content\/uploads\/2024\/05\/rosa-gonzalez.png"},"0":null,"1":"","2":"","3":"","4":"","5":"","6":"","7":"","8":""}],"_links":{"self":[{"href":"https:\/\/tugesto.com\/blog\/wp-json\/wp\/v2\/posts\/23218","targetHints":{"allow":["GET"]}}],"collection":[{"href":"https:\/\/tugesto.com\/blog\/wp-json\/wp\/v2\/posts"}],"about":[{"href":"https:\/\/tugesto.com\/blog\/wp-json\/wp\/v2\/types\/post"}],"author":[{"embeddable":true,"href":"https:\/\/tugesto.com\/blog\/wp-json\/wp\/v2\/users\/15"}],"replies":[{"embeddable":true,"href":"https:\/\/tugesto.com\/blog\/wp-json\/wp\/v2\/comments?post=23218"}],"version-history":[{"count":26,"href":"https:\/\/tugesto.com\/blog\/wp-json\/wp\/v2\/posts\/23218\/revisions"}],"predecessor-version":[{"id":37653,"href":"https:\/\/tugesto.com\/blog\/wp-json\/wp\/v2\/posts\/23218\/revisions\/37653"}],"wp:featuredmedia":[{"embeddable":true,"href":"https:\/\/tugesto.com\/blog\/wp-json\/wp\/v2\/media\/23225"}],"wp:attachment":[{"href":"https:\/\/tugesto.com\/blog\/wp-json\/wp\/v2\/media?parent=23218"}],"wp:term":[{"taxonomy":"category","embeddable":true,"href":"https:\/\/tugesto.com\/blog\/wp-json\/wp\/v2\/categories?post=23218"},{"taxonomy":"post_tag","embeddable":true,"href":"https:\/\/tugesto.com\/blog\/wp-json\/wp\/v2\/tags?post=23218"},{"taxonomy":"author","embeddable":true,"href":"https:\/\/tugesto.com\/blog\/wp-json\/wp\/v2\/ppma_author?post=23218"}],"curies":[{"name":"wp","href":"https:\/\/api.w.org\/{rel}","templated":true}]}}