{"id":21103,"date":"2021-11-15T10:30:00","date_gmt":"2021-11-15T09:30:00","guid":{"rendered":"https:\/\/tugesto.com\/blog\/?p=21103"},"modified":"2024-05-17T09:18:17","modified_gmt":"2024-05-17T07:18:17","slug":"baja-laboral-autonomos","status":"publish","type":"post","link":"https:\/\/tugesto.com\/blog\/baja-laboral-autonomos\/","title":{"rendered":"Baja laboral de aut\u00f3nomos: todos los detalles"},"content":{"rendered":"\t\t<div data-elementor-type=\"wp-post\" data-elementor-id=\"21103\" class=\"elementor elementor-21103\" data-elementor-post-type=\"post\">\n\t\t\t\t\t\t<section class=\"elementor-section elementor-top-section elementor-element elementor-element-669e1847 elementor-section-boxed elementor-section-height-default elementor-section-height-default\" data-id=\"669e1847\" data-element_type=\"section\">\n\t\t\t\t\t\t<div class=\"elementor-container elementor-column-gap-default\">\n\t\t\t\t\t<div class=\"elementor-column elementor-col-100 elementor-top-column elementor-element elementor-element-985c7fe\" data-id=\"985c7fe\" data-element_type=\"column\">\n\t\t\t<div class=\"elementor-widget-wrap elementor-element-populated\">\n\t\t\t\t\t\t<div class=\"elementor-element elementor-element-8da145c elementor-widget elementor-widget-text-editor\" data-id=\"8da145c\" data-element_type=\"widget\" data-widget_type=\"text-editor.default\">\n\t\t\t\t<div class=\"elementor-widget-container\">\n\t\t\t\t\t\t\t\t\t<p><\/p>\n<p><span style=\"font-weight: 400;\"><strong>Escuchar que un aut\u00f3nomo est\u00e1 de baja es algo muy poco habitual<\/strong>. En algunos casos porque las cuant\u00edas que se perciben en esta situaci\u00f3n son muy inferiores a las ganancias que se obtienen si se sigue trabajando. En otros, porque hay aut\u00f3nomos que no saben que tienen derecho a estar de baja. <\/span><\/p>\n<p><span style=\"font-weight: 400;\">Tanto si perteneces a un grupo como a otro, \u00a1no te preocupes! En este art\u00edculo<strong> te contamos todo sobre la baja laboral de aut\u00f3nomos<\/strong>.<\/span><\/p>\n<p><a href=\"http:\/\/tugesto.com\/alta-autonomo\/\" target=\"_blank\" rel=\"noopener\"><img fetchpriority=\"high\" decoding=\"async\" class=\"alignnone wp-image-15061 size-full\" src=\"https:\/\/tugesto.com\/blog\/wp-content\/uploads\/2020\/01\/alta-autonomo-gratis-tugesto.jpg\" alt=\"Te damos gratis como aut\u00f3nomo y estudiamos bonificaciones y ayudas\" width=\"1234\" height=\"376\" srcset=\"https:\/\/tugesto.com\/blog\/wp-content\/uploads\/2020\/01\/alta-autonomo-gratis-tugesto.jpg 1234w, https:\/\/tugesto.com\/blog\/wp-content\/uploads\/2020\/01\/alta-autonomo-gratis-tugesto-300x91.jpg 300w, https:\/\/tugesto.com\/blog\/wp-content\/uploads\/2020\/01\/alta-autonomo-gratis-tugesto-1024x312.jpg 1024w, https:\/\/tugesto.com\/blog\/wp-content\/uploads\/2020\/01\/alta-autonomo-gratis-tugesto-768x234.jpg 768w, https:\/\/tugesto.com\/blog\/wp-content\/uploads\/2020\/01\/elementor\/thumbs\/alta-autonomo-gratis-tugesto-pob12f1omutljvpcw38pe6x4szgai10lnbb7io3bfq.jpg 812w\" sizes=\"(max-width: 1234px) 100vw, 1234px\" \/><\/a><\/p>\n<p><\/p>\n<p><\/p>\n<p><\/p>\n<p><\/p>\n<h2 class=\"wp-block-heading\"><span style=\"font-weight: 400;\">Baja laboral de aut\u00f3nomos\u00a0<\/span><\/h2>\n<p><\/p>\n<p><\/p>\n<p>Al igual que cualquier trabajador por cuenta ajena, <strong>los aut\u00f3nomos tambi\u00e9n cotizan en la Seguridad Social<\/strong>. Hasta hace poco, mediante el pago de la cuota mensual, un aut\u00f3nomo estaba pagando por recibir cobertura en caso de enfermedad com\u00fan y accidente no laboral. Sin embargo, desde el a\u00f1o 2019, <strong>tambi\u00e9n es obligatorio cotizar por contingencias profesionales<\/strong>, las cuales s\u00ed incluyen los accidentes laborales y las enfermedades profesionales.<\/p>\n<p><\/p>\n<p><\/p>\n<p>En concreto, el 28,30% de la cotizaci\u00f3n est\u00e1 destinado a contingencias comunes, mientras que un 1,1% corresponde a las contingencias profesionales. Sin embargo, es probable que esta \u00faltima cuota aumente hasta un 1,3% en los pr\u00f3ximos meses, ya que el gobierno est\u00e1 estudiando aplicar una nueva subida que tambi\u00e9n afectar\u00eda a la cotizaci\u00f3n por cese de actividad, que pasar\u00eda de 0,8% a 0,9%. La cuota de formaci\u00f3n permanecer\u00eda igualmente en un 0,1%.<\/p>\n<p><\/p>\n<p><\/p>\n<p><strong>Las cuant\u00edas a percibir durante la baja m\u00e9dica dependen de si esta est\u00e1 relacionada con el trabajo o no<\/strong>. Al cobrar prestaci\u00f3n de baja por contingencias comunes, el aut\u00f3nomo recibir\u00e1 el 60% de su base de cotizaci\u00f3n a partir del d\u00eda 4 y hasta el d\u00eda 21. De esa fecha en adelante, comenzar\u00e1 a percibir un 75%. En el caso de la baja por contingencias profesionales, se cobrar\u00e1 el 75% de la base de cotizaci\u00f3n a partir del d\u00eda siguiente a la solicitud de baja.<\/p>\n<p><\/p>\n<p><\/p>\n<p>Para <strong>poder acceder a estas prestaciones<\/strong>, ser\u00e1 necesario cumplir los siguientes requisitos:<\/p>\n<p><\/p>\n<p><\/p>\n<ul class=\"wp-block-list\">\n<li style=\"list-style-type: none;\">\n<ul><\/ul>\n<\/li>\n<\/ul>\n<ul>\n<li style=\"list-style-type: none;\">\n<ul>\n<li><strong>Cobertura total<\/strong>: recibir\u00e1s tu prestaci\u00f3n si no puedes trabajar debido a enfermedad com\u00fan, enfermedad profesional, accidente no laboral o accidente de trabajo.<\/li>\n<\/ul>\n<\/li>\n<\/ul>\n<p><\/p>\n<p><\/p>\n<ul>\n<li style=\"list-style-type: none;\">\n<ul>\n<li><strong>Beneficios fiscales<\/strong>: los seguros de baja laboral se pueden deducir como gasto de la actividad econ\u00f3mica del aut\u00f3nomo hasta un m\u00e1ximo de 500\u20ac por persona si tu sistema de tributaci\u00f3n en IRPF es el de trabajador por cuenta propia en r\u00e9gimen de tributaci\u00f3n por rendimientos profesionales en estimaci\u00f3n directa.<\/li>\n<\/ul>\n<\/li>\n<\/ul>\n<p><\/p>\n<p><\/p>\n<ul>\n<li style=\"list-style-type: none;\">\n<ul>\n<li><strong>Flexibilidad<\/strong>: puedes personalizar tu seguro eligiendo la cantidad que quieres percibir diariamente en funci\u00f3n de tu situaci\u00f3n y tus necesidades.<\/li>\n<\/ul>\n<\/li>\n<\/ul>\n<p><\/p>\n<p><\/p>\n<ul>\n<li style=\"list-style-type: none;\">\n<ul>\n<li><strong>No tienen baremado<\/strong>: algunos seguros, como el de <a href=\"https:\/\/www.previsionmallorquina.com\/seguro-baja-laboral-autonomos\/\">Previsi\u00f3n Mallorquina<\/a>, te garantizan que, por cada d\u00eda que est\u00e9s de baja, se te abonar\u00e1 la cantidad \u00edntegra que hayas asegurado hasta que puedas retomar tu actividad laboral.<\/li>\n<\/ul>\n<\/li>\n<\/ul>\n<p><\/p>\n<p><\/p>\n<p>Ahora ya lo sabes, si eres aut\u00f3nomo s\u00ed tienes derecho a estar de baja y los seguros de baja laboral de aut\u00f3nomos son una excelente opci\u00f3n para asegurarte de que tus intereses en caso de enfermedad o accidente est\u00e9n cubiertos.<\/p>\n<p><\/p>\n<p><\/p>\n<p><\/p>\n<p><\/p>\n<figure class=\"wp-block-video\"><a href=\"https:\/\/tugesto.com\/software-recursos-humanos\/\" target=\"_blank\" rel=\"noopener\"><video src=\"https:\/\/tugesto.com\/blog\/wp-content\/uploads\/2021\/06\/Banner_laboral_general_comprimido_v1.mp4\" autoplay=\"autoplay\" loop=\"loop\" muted=\"\" width=\"381\" height=\"381\"><\/video><\/a><\/figure>\n<p><\/p>\n<p><\/p>\n<p><\/p>\n<p><\/p>\t\t\t\t\t\t\t\t<\/div>\n\t\t\t\t<\/div>\n\t\t\t\t\t<\/div>\n\t\t<\/div>\n\t\t\t\t\t<\/div>\n\t\t<\/section>\n\t\t<\/p>\n<p><\/p>\n<ul class=\"wp-block-list\">\n<li style=\"list-style-type: none;\">\n<ul><\/ul>\n<\/li>\n<\/ul>\n<ul>\n<li style=\"list-style-type: none;\">\n<ul>\n<li>Estar dado de alta en el <strong>R\u00e9gimen Especial de Trabajadores Aut\u00f3nomos<\/strong> (<a href=\"https:\/\/tugesto.com\/blog\/reta\/\" target=\"_blank\" rel=\"noopener\">RETA<\/a>)<\/li>\n<\/ul>\n<\/li>\n<\/ul>\n<p><\/p>\n<p><\/p>\n<ul>\n<li style=\"list-style-type: none;\">\n<ul>\n<li>Estar al <strong>corriente de pago de las cuotas<\/strong><\/li>\n<\/ul>\n<\/li>\n<\/ul>\n<p><\/p>\n<p><\/p>\n<h2 class=\"wp-block-heading\"><span style=\"font-weight: 400;\">\u00bfQu\u00e9 es un seguro de baja laboral de aut\u00f3nomos?<\/span><\/h2>\n<p><\/p>\n<p><\/p>\n<p>Una alternativa a las indemnizaciones de la Seguridad Social son los <strong>seguros de baja laboral para aut\u00f3nomos<\/strong>. Al igual que las prestaciones del estado, este tipo de seguros <strong>garantizan una compensaci\u00f3n econ\u00f3mica a su contratante en caso de sufrir una incapacidad temporal por enfermedad<\/strong> (una baja por enfermedad com\u00fan) que le impida al aut\u00f3nomo realizar su trabajo habitual, pero, a diferencia de ellos, permiten personalizar la cantidad que se quiere recibir por d\u00eda, por lo que cualquier persona puede elegir cu\u00e1nto quiere invertir en el seguro antes de su contrataci\u00f3n. \u00a0<\/p>\n<p><a href=\"http:\/\/tugesto.com\/alta-autonomo\/\" target=\"_blank\" rel=\"noopener\"><img decoding=\"async\" class=\"alignnone wp-image-15077 size-full\" src=\"https:\/\/tugesto.com\/blog\/wp-content\/uploads\/2019\/02\/alta-autonomo-gratuita-tugesto.jpg\" alt=\"Estudiamos tus bonificaciones de forma gratuita\" width=\"1234\" height=\"376\" srcset=\"https:\/\/tugesto.com\/blog\/wp-content\/uploads\/2019\/02\/alta-autonomo-gratuita-tugesto.jpg 1234w, https:\/\/tugesto.com\/blog\/wp-content\/uploads\/2019\/02\/alta-autonomo-gratuita-tugesto-300x91.jpg 300w, https:\/\/tugesto.com\/blog\/wp-content\/uploads\/2019\/02\/alta-autonomo-gratuita-tugesto-1024x312.jpg 1024w, https:\/\/tugesto.com\/blog\/wp-content\/uploads\/2019\/02\/alta-autonomo-gratuita-tugesto-768x234.jpg 768w\" sizes=\"(max-width: 1234px) 100vw, 1234px\" \/><\/a><\/p>\n<p><\/p>\n<p><\/p>\n<p>Adem\u00e1s, algunos seguros para aut\u00f3nomos tambi\u00e9n ofrecen la posibilidad de a\u00f1adir <strong>franquicias<\/strong>, es decir, permiten hacer m\u00e1s econ\u00f3mico el seguro eligiendo un n\u00famero de d\u00edas de baja a partir de los cuales se comenzar\u00e1 a cobrar la prestaci\u00f3n. Este es el caso de Previsi\u00f3n Mallorquina, una empresa de <a href=\"https:\/\/www.previsionmallorquina.com\/seguro-baja-laboral-autonomos\/\" target=\"_blank\" rel=\"noopener\">seguros para aut\u00f3nomos<\/a> que cuenta con un seguro especial de baja laboral para aut\u00f3nomos que tambi\u00e9n cubre accidentes no laborales y otras patolog\u00edas dentales, visuales, auditivas y de espalda que muchos seguros suelen excluir. Asimismo, tambi\u00e9n ofrecen cobertura en caso de que practiques deporte de manera no profesional o hayas sido hospitalizado por un trastorno mental.<\/p>\n<p>En funci\u00f3n de la compa\u00f1\u00eda aseguradora, <strong>se puede cubrir otra serie de cuestiones como la incapacidad permanente absoluta o fallecimiento<\/strong>, as\u00ed como una prestaci\u00f3n adicional por hospitalizaci\u00f3n. Como coment\u00e1bamos, todo depende de la empresa aseguradora y los tipos de incapacidad que cubren.<\/p>\n<p><\/p>\n<p><\/p>\n<p><\/p>\n<p><\/p>\n<h2 class=\"wp-block-heading\"><span style=\"font-weight: 400;\">Ventajas de contar con un seguro de baja laboral para aut\u00f3nomos<\/span><\/h2>\n<p><\/p>\n<p><\/p>\n<p>Contar con un seguro de baja laboral es interesante cuando se es aut\u00f3nomo, ya que cada d\u00eda que se pasa sin trabajar es un problema. En concreto, algunos de estos seguros cuentan con las siguientes ventajas<\/p>\n<p><\/p>\n<p><!-- wp:list --><\/p>\n<ul>\n<li style=\"list-style-type: none;\">\n<ul><!-- wp:list-item --><\/ul>\n<\/li>\n<\/ul>\n<ul>\n<li style=\"list-style-type: none;\">\n<ul>\n<li><strong>Cobertura total<\/strong>: recibir\u00e1s tu prestaci\u00f3n si no puedes trabajar debido a enfermedad com\u00fan, enfermedad profesional, accidente no laboral o accidente de trabajo.<\/li>\n<\/ul>\n<\/li>\n<\/ul>\n<p><!-- \/wp:list-item --><\/p>\n<p><!-- wp:list-item --><\/p>\n<ul>\n<li style=\"list-style-type: none;\">\n<ul>\n<li><strong>Beneficios fiscales<\/strong>: los seguros de baja laboral se pueden deducir como gasto de la actividad econ\u00f3mica del aut\u00f3nomo hasta un m\u00e1ximo de 500\u20ac por persona si tu sistema de tributaci\u00f3n en IRPF es el de trabajador por cuenta propia en r\u00e9gimen de tributaci\u00f3n por rendimientos profesionales en estimaci\u00f3n directa.<\/li>\n<\/ul>\n<\/li>\n<\/ul>\n<p><!-- \/wp:list-item --><\/p>\n<p><!-- wp:list-item --><\/p>\n<ul>\n<li style=\"list-style-type: none;\">\n<ul>\n<li><strong>Flexibilidad<\/strong>: puedes personalizar tu seguro eligiendo la cantidad que quieres percibir diariamente en funci\u00f3n de tu situaci\u00f3n y tus necesidades.<\/li>\n<\/ul>\n<\/li>\n<\/ul>\n<p><!-- \/wp:list-item --><\/p>\n<p><!-- wp:list-item --><\/p>\n<ul>\n<li style=\"list-style-type: none;\">\n<ul>\n<li><strong>No tienen baremado<\/strong>: algunos seguros, como el de <a href=\"https:\/\/www.previsionmallorquina.com\/seguro-baja-laboral-autonomos\/\">Previsi\u00f3n Mallorquina<\/a>, te garantizan que, por cada d\u00eda que est\u00e9s de baja, se te abonar\u00e1 la cantidad \u00edntegra que hayas asegurado hasta que puedas retomar tu actividad laboral.<\/li>\n<\/ul>\n<\/li>\n<\/ul>\n<p><!-- \/wp:paragraph --><\/p>\n<p><!-- wp:paragraph --><\/p>\n<p>Ahora ya lo sabes, si eres aut\u00f3nomo s\u00ed tienes derecho a estar de baja y los seguros de baja laboral de aut\u00f3nomos son una excelente opci\u00f3n para asegurarte de que tus intereses en caso de enfermedad o accidente est\u00e9n cubiertos.<\/p>\n<p><!-- \/wp:paragraph --><\/p>\n<p><!-- wp:paragraph --><\/p>\n<p><!-- \/wp:paragraph --><\/p>\n<p><!-- wp:html --><\/p>\n<figure class=\"wp-block-video\"><a href=\"https:\/\/tugesto.com\/software-recursos-humanos\/\" target=\"_blank\" rel=\"noopener\"><video src=\"https:\/\/tugesto.com\/blog\/wp-content\/uploads\/2021\/06\/Banner_laboral_general_comprimido_v1.mp4\" autoplay=\"autoplay\" loop=\"loop\" muted=\"\" width=\"381\" height=\"381\"><\/video><\/a><\/figure>\n<p><!-- \/wp:html --><\/p>\n<p><!-- wp:html \/--><\/p>\n<p><!-- wp:paragraph --><\/p>\n<p><!-- \/wp:paragraph --><\/p>\t\t\t\t\t\t\t\t<\/div>\n\t\t\t\t<\/div>\n\t\t\t\t\t<\/div>\n\t\t<\/div>\n\t\t\t\t\t<\/div>\n\t\t<\/section>\n\t\t\t\t<\/div>\n\t\t","protected":false},"excerpt":{"rendered":"<p>Escuchar que un aut\u00f3nomo est\u00e1 de baja es algo muy poco habitual. En algunos casos porque las cuant\u00edas que se perciben en esta situaci\u00f3n son muy inferiores a las ganancias que se obtienen si se sigue trabajando. En otros, porque hay aut\u00f3nomos que no saben que tienen derecho a estar de baja. Tanto si perteneces [&hellip;]<\/p>\n","protected":false},"author":9,"featured_media":21111,"comment_status":"open","ping_status":"open","sticky":false,"template":"","format":"standard","meta":{"_eb_attr":"","content-type":"","footnotes":""},"categories":[23,45],"tags":[36,38],"ppma_author":[1495],"class_list":["post-21103","post","type-post","status-publish","format-standard","has-post-thumbnail","hentry","category-consultas-legales","category-laboral","tag-autonomos","tag-pymes"],"yoast_head":"<!-- This site is optimized with the Yoast SEO plugin v26.8 - https:\/\/yoast.com\/product\/yoast-seo-wordpress\/ -->\n<title>Baja laboral de aut\u00f3nomos: todos los detalles | tugesto<\/title>\n<meta name=\"description\" content=\"Baja laboral de aut\u00f3nomos: te contamos todos los detalles, derechos y m\u00e1s datos sobre esta prestaci\u00f3n para aut\u00f3nomos\" \/>\n<meta name=\"robots\" content=\"index, follow, max-snippet:-1, max-image-preview:large, max-video-preview:-1\" \/>\n<link rel=\"canonical\" href=\"https:\/\/tugesto.com\/blog\/baja-laboral-autonomos\/\" \/>\n<meta property=\"og:locale\" content=\"es_ES\" \/>\n<meta property=\"og:type\" content=\"article\" \/>\n<meta property=\"og:title\" content=\"Baja laboral de aut\u00f3nomos: todos los detalles | tugesto\" \/>\n<meta property=\"og:description\" content=\"Baja laboral de aut\u00f3nomos: te contamos todos los detalles, derechos y m\u00e1s datos sobre esta prestaci\u00f3n para aut\u00f3nomos\" \/>\n<meta property=\"og:url\" content=\"https:\/\/tugesto.com\/blog\/baja-laboral-autonomos\/\" \/>\n<meta property=\"og:site_name\" content=\"Blog: \u00a1Aprende a emprender! | tugesto\" \/>\n<meta property=\"article:publisher\" content=\"https:\/\/www.facebook.com\/tugesto\/\" \/>\n<meta property=\"article:published_time\" content=\"2021-11-15T09:30:00+00:00\" \/>\n<meta property=\"article:modified_time\" content=\"2024-05-17T07:18:17+00:00\" \/>\n<meta property=\"og:image\" content=\"https:\/\/tugesto.com\/blog\/wp-content\/uploads\/2021\/10\/img-destacada-tugesto-blog-autonomos.jpg\" \/>\n\t<meta property=\"og:image:width\" content=\"750\" \/>\n\t<meta property=\"og:image:height\" content=\"429\" \/>\n\t<meta property=\"og:image:type\" content=\"image\/jpeg\" \/>\n<meta name=\"author\" content=\"Amparo Carratala\" \/>\n<meta name=\"twitter:card\" content=\"summary_large_image\" \/>\n<meta name=\"twitter:label1\" content=\"Escrito por\" \/>\n\t<meta name=\"twitter:data1\" content=\"Amparo Carratala\" \/>\n\t<meta name=\"twitter:label2\" content=\"Tiempo de lectura\" \/>\n\t<meta name=\"twitter:data2\" content=\"6 minutos\" \/>\n<script type=\"application\/ld+json\" class=\"yoast-schema-graph\">{\"@context\":\"https:\/\/schema.org\",\"@graph\":[{\"@type\":\"Article\",\"@id\":\"https:\/\/tugesto.com\/blog\/baja-laboral-autonomos\/#article\",\"isPartOf\":{\"@id\":\"https:\/\/tugesto.com\/blog\/baja-laboral-autonomos\/\"},\"author\":{\"name\":\"Amparo Carratala\",\"@id\":\"https:\/\/tugesto.com\/blog\/#\/schema\/person\/2c70b34a36244511f4e51800f6121f80\"},\"headline\":\"Baja laboral de aut\u00f3nomos: todos los detalles\",\"datePublished\":\"2021-11-15T09:30:00+00:00\",\"dateModified\":\"2024-05-17T07:18:17+00:00\",\"mainEntityOfPage\":{\"@id\":\"https:\/\/tugesto.com\/blog\/baja-laboral-autonomos\/\"},\"wordCount\":1057,\"commentCount\":0,\"publisher\":{\"@id\":\"https:\/\/tugesto.com\/blog\/#organization\"},\"image\":{\"@id\":\"https:\/\/tugesto.com\/blog\/baja-laboral-autonomos\/#primaryimage\"},\"thumbnailUrl\":\"https:\/\/tugesto.com\/blog\/wp-content\/uploads\/2021\/10\/img-destacada-tugesto-blog-autonomos.jpg\",\"keywords\":[\"aut\u00f3nomos\",\"pymes\"],\"articleSection\":[\"Consultas legales\",\"Laboral\"],\"inLanguage\":\"es\",\"potentialAction\":[{\"@type\":\"CommentAction\",\"name\":\"Comment\",\"target\":[\"https:\/\/tugesto.com\/blog\/baja-laboral-autonomos\/#respond\"]}]},{\"@type\":\"WebPage\",\"@id\":\"https:\/\/tugesto.com\/blog\/baja-laboral-autonomos\/\",\"url\":\"https:\/\/tugesto.com\/blog\/baja-laboral-autonomos\/\",\"name\":\"Baja laboral de aut\u00f3nomos: todos los detalles | tugesto\",\"isPartOf\":{\"@id\":\"https:\/\/tugesto.com\/blog\/#website\"},\"primaryImageOfPage\":{\"@id\":\"https:\/\/tugesto.com\/blog\/baja-laboral-autonomos\/#primaryimage\"},\"image\":{\"@id\":\"https:\/\/tugesto.com\/blog\/baja-laboral-autonomos\/#primaryimage\"},\"thumbnailUrl\":\"https:\/\/tugesto.com\/blog\/wp-content\/uploads\/2021\/10\/img-destacada-tugesto-blog-autonomos.jpg\",\"datePublished\":\"2021-11-15T09:30:00+00:00\",\"dateModified\":\"2024-05-17T07:18:17+00:00\",\"description\":\"Baja laboral de aut\u00f3nomos: te contamos todos los detalles, derechos y m\u00e1s datos sobre esta prestaci\u00f3n para aut\u00f3nomos\",\"breadcrumb\":{\"@id\":\"https:\/\/tugesto.com\/blog\/baja-laboral-autonomos\/#breadcrumb\"},\"inLanguage\":\"es\",\"potentialAction\":[{\"@type\":\"ReadAction\",\"target\":[\"https:\/\/tugesto.com\/blog\/baja-laboral-autonomos\/\"]}]},{\"@type\":\"ImageObject\",\"inLanguage\":\"es\",\"@id\":\"https:\/\/tugesto.com\/blog\/baja-laboral-autonomos\/#primaryimage\",\"url\":\"https:\/\/tugesto.com\/blog\/wp-content\/uploads\/2021\/10\/img-destacada-tugesto-blog-autonomos.jpg\",\"contentUrl\":\"https:\/\/tugesto.com\/blog\/wp-content\/uploads\/2021\/10\/img-destacada-tugesto-blog-autonomos.jpg\",\"width\":750,\"height\":429,\"caption\":\"Te contamos todo sobre la baja laboral autonomos\"},{\"@type\":\"BreadcrumbList\",\"@id\":\"https:\/\/tugesto.com\/blog\/baja-laboral-autonomos\/#breadcrumb\",\"itemListElement\":[{\"@type\":\"ListItem\",\"position\":1,\"name\":\"Home\",\"item\":\"https:\/\/tugesto.com\/blog\/\"},{\"@type\":\"ListItem\",\"position\":2,\"name\":\"Laboral\",\"item\":\"https:\/\/tugesto.com\/blog\/category\/laboral\/\"},{\"@type\":\"ListItem\",\"position\":3,\"name\":\"Baja laboral de aut\u00f3nomos: todos los detalles\"}]},{\"@type\":\"WebSite\",\"@id\":\"https:\/\/tugesto.com\/blog\/#website\",\"url\":\"https:\/\/tugesto.com\/blog\/\",\"name\":\"Blog tugesto\",\"description\":\"\ud83d\udcda Blog especializado para aut\u00f3nomos y pymes. Encuentra semanalmente nuevos posts, recursos y gu\u00edas. La ayuda que necesitas para tu negocio.\",\"publisher\":{\"@id\":\"https:\/\/tugesto.com\/blog\/#organization\"},\"potentialAction\":[{\"@type\":\"SearchAction\",\"target\":{\"@type\":\"EntryPoint\",\"urlTemplate\":\"https:\/\/tugesto.com\/blog\/?s={search_term_string}\"},\"query-input\":{\"@type\":\"PropertyValueSpecification\",\"valueRequired\":true,\"valueName\":\"search_term_string\"}}],\"inLanguage\":\"es\"},{\"@type\":\"Organization\",\"@id\":\"https:\/\/tugesto.com\/blog\/#organization\",\"name\":\"tugesto\",\"url\":\"https:\/\/tugesto.com\/blog\/\",\"logo\":{\"@type\":\"ImageObject\",\"inLanguage\":\"es\",\"@id\":\"https:\/\/tugesto.com\/blog\/#\/schema\/logo\/image\/\",\"url\":\"https:\/\/tugesto.com\/blog\/wp-content\/uploads\/2019\/06\/logo_tugesto.png\",\"contentUrl\":\"https:\/\/tugesto.com\/blog\/wp-content\/uploads\/2019\/06\/logo_tugesto.png\",\"width\":190,\"height\":63,\"caption\":\"tugesto\"},\"image\":{\"@id\":\"https:\/\/tugesto.com\/blog\/#\/schema\/logo\/image\/\"},\"sameAs\":[\"https:\/\/www.facebook.com\/tugesto\/\",\"https:\/\/www.instagram.com\/tugesto_online\/\"]},{\"@type\":\"Person\",\"@id\":\"https:\/\/tugesto.com\/blog\/#\/schema\/person\/2c70b34a36244511f4e51800f6121f80\",\"name\":\"Amparo Carratala\",\"image\":{\"@type\":\"ImageObject\",\"inLanguage\":\"es\",\"@id\":\"https:\/\/tugesto.com\/blog\/#\/schema\/person\/image\/b285d77d385f0087818132665d0ade46\",\"url\":\"https:\/\/tugesto.com\/blog\/wp-content\/uploads\/2024\/05\/amparo-carratala.png\",\"contentUrl\":\"https:\/\/tugesto.com\/blog\/wp-content\/uploads\/2024\/05\/amparo-carratala.png\",\"caption\":\"Amparo Carratala\"},\"description\":\"Gestora laboral, experta en n\u00f3minas\"}]}<\/script>\n<!-- \/ Yoast SEO plugin. -->","yoast_head_json":{"title":"Baja laboral de aut\u00f3nomos: todos los detalles | tugesto","description":"Baja laboral de aut\u00f3nomos: te contamos todos los detalles, derechos y m\u00e1s datos sobre esta prestaci\u00f3n para aut\u00f3nomos","robots":{"index":"index","follow":"follow","max-snippet":"max-snippet:-1","max-image-preview":"max-image-preview:large","max-video-preview":"max-video-preview:-1"},"canonical":"https:\/\/tugesto.com\/blog\/baja-laboral-autonomos\/","og_locale":"es_ES","og_type":"article","og_title":"Baja laboral de aut\u00f3nomos: todos los detalles | tugesto","og_description":"Baja laboral de aut\u00f3nomos: te contamos todos los detalles, derechos y m\u00e1s datos sobre esta prestaci\u00f3n para aut\u00f3nomos","og_url":"https:\/\/tugesto.com\/blog\/baja-laboral-autonomos\/","og_site_name":"Blog: \u00a1Aprende a emprender! | tugesto","article_publisher":"https:\/\/www.facebook.com\/tugesto\/","article_published_time":"2021-11-15T09:30:00+00:00","article_modified_time":"2024-05-17T07:18:17+00:00","og_image":[{"width":750,"height":429,"url":"https:\/\/tugesto.com\/blog\/wp-content\/uploads\/2021\/10\/img-destacada-tugesto-blog-autonomos.jpg","type":"image\/jpeg"}],"author":"Amparo Carratala","twitter_card":"summary_large_image","twitter_misc":{"Escrito por":"Amparo Carratala","Tiempo de lectura":"6 minutos"},"schema":{"@context":"https:\/\/schema.org","@graph":[{"@type":"Article","@id":"https:\/\/tugesto.com\/blog\/baja-laboral-autonomos\/#article","isPartOf":{"@id":"https:\/\/tugesto.com\/blog\/baja-laboral-autonomos\/"},"author":{"name":"Amparo Carratala","@id":"https:\/\/tugesto.com\/blog\/#\/schema\/person\/2c70b34a36244511f4e51800f6121f80"},"headline":"Baja laboral de aut\u00f3nomos: todos los detalles","datePublished":"2021-11-15T09:30:00+00:00","dateModified":"2024-05-17T07:18:17+00:00","mainEntityOfPage":{"@id":"https:\/\/tugesto.com\/blog\/baja-laboral-autonomos\/"},"wordCount":1057,"commentCount":0,"publisher":{"@id":"https:\/\/tugesto.com\/blog\/#organization"},"image":{"@id":"https:\/\/tugesto.com\/blog\/baja-laboral-autonomos\/#primaryimage"},"thumbnailUrl":"https:\/\/tugesto.com\/blog\/wp-content\/uploads\/2021\/10\/img-destacada-tugesto-blog-autonomos.jpg","keywords":["aut\u00f3nomos","pymes"],"articleSection":["Consultas legales","Laboral"],"inLanguage":"es","potentialAction":[{"@type":"CommentAction","name":"Comment","target":["https:\/\/tugesto.com\/blog\/baja-laboral-autonomos\/#respond"]}]},{"@type":"WebPage","@id":"https:\/\/tugesto.com\/blog\/baja-laboral-autonomos\/","url":"https:\/\/tugesto.com\/blog\/baja-laboral-autonomos\/","name":"Baja laboral de aut\u00f3nomos: todos los detalles | tugesto","isPartOf":{"@id":"https:\/\/tugesto.com\/blog\/#website"},"primaryImageOfPage":{"@id":"https:\/\/tugesto.com\/blog\/baja-laboral-autonomos\/#primaryimage"},"image":{"@id":"https:\/\/tugesto.com\/blog\/baja-laboral-autonomos\/#primaryimage"},"thumbnailUrl":"https:\/\/tugesto.com\/blog\/wp-content\/uploads\/2021\/10\/img-destacada-tugesto-blog-autonomos.jpg","datePublished":"2021-11-15T09:30:00+00:00","dateModified":"2024-05-17T07:18:17+00:00","description":"Baja laboral de aut\u00f3nomos: te contamos todos los detalles, derechos y m\u00e1s datos sobre esta prestaci\u00f3n para aut\u00f3nomos","breadcrumb":{"@id":"https:\/\/tugesto.com\/blog\/baja-laboral-autonomos\/#breadcrumb"},"inLanguage":"es","potentialAction":[{"@type":"ReadAction","target":["https:\/\/tugesto.com\/blog\/baja-laboral-autonomos\/"]}]},{"@type":"ImageObject","inLanguage":"es","@id":"https:\/\/tugesto.com\/blog\/baja-laboral-autonomos\/#primaryimage","url":"https:\/\/tugesto.com\/blog\/wp-content\/uploads\/2021\/10\/img-destacada-tugesto-blog-autonomos.jpg","contentUrl":"https:\/\/tugesto.com\/blog\/wp-content\/uploads\/2021\/10\/img-destacada-tugesto-blog-autonomos.jpg","width":750,"height":429,"caption":"Te contamos todo sobre la baja laboral autonomos"},{"@type":"BreadcrumbList","@id":"https:\/\/tugesto.com\/blog\/baja-laboral-autonomos\/#breadcrumb","itemListElement":[{"@type":"ListItem","position":1,"name":"Home","item":"https:\/\/tugesto.com\/blog\/"},{"@type":"ListItem","position":2,"name":"Laboral","item":"https:\/\/tugesto.com\/blog\/category\/laboral\/"},{"@type":"ListItem","position":3,"name":"Baja laboral de aut\u00f3nomos: todos los detalles"}]},{"@type":"WebSite","@id":"https:\/\/tugesto.com\/blog\/#website","url":"https:\/\/tugesto.com\/blog\/","name":"Blog tugesto","description":"\ud83d\udcda Blog especializado para aut\u00f3nomos y pymes. Encuentra semanalmente nuevos posts, recursos y gu\u00edas. La ayuda que necesitas para tu negocio.","publisher":{"@id":"https:\/\/tugesto.com\/blog\/#organization"},"potentialAction":[{"@type":"SearchAction","target":{"@type":"EntryPoint","urlTemplate":"https:\/\/tugesto.com\/blog\/?s={search_term_string}"},"query-input":{"@type":"PropertyValueSpecification","valueRequired":true,"valueName":"search_term_string"}}],"inLanguage":"es"},{"@type":"Organization","@id":"https:\/\/tugesto.com\/blog\/#organization","name":"tugesto","url":"https:\/\/tugesto.com\/blog\/","logo":{"@type":"ImageObject","inLanguage":"es","@id":"https:\/\/tugesto.com\/blog\/#\/schema\/logo\/image\/","url":"https:\/\/tugesto.com\/blog\/wp-content\/uploads\/2019\/06\/logo_tugesto.png","contentUrl":"https:\/\/tugesto.com\/blog\/wp-content\/uploads\/2019\/06\/logo_tugesto.png","width":190,"height":63,"caption":"tugesto"},"image":{"@id":"https:\/\/tugesto.com\/blog\/#\/schema\/logo\/image\/"},"sameAs":["https:\/\/www.facebook.com\/tugesto\/","https:\/\/www.instagram.com\/tugesto_online\/"]},{"@type":"Person","@id":"https:\/\/tugesto.com\/blog\/#\/schema\/person\/2c70b34a36244511f4e51800f6121f80","name":"Amparo Carratala","image":{"@type":"ImageObject","inLanguage":"es","@id":"https:\/\/tugesto.com\/blog\/#\/schema\/person\/image\/b285d77d385f0087818132665d0ade46","url":"https:\/\/tugesto.com\/blog\/wp-content\/uploads\/2024\/05\/amparo-carratala.png","contentUrl":"https:\/\/tugesto.com\/blog\/wp-content\/uploads\/2024\/05\/amparo-carratala.png","caption":"Amparo Carratala"},"description":"Gestora laboral, experta en n\u00f3minas"}]}},"authors":[{"term_id":1495,"user_id":9,"is_guest":0,"slug":"amparo-carratala","display_name":"Amparo Carratala","avatar_url":{"url":"https:\/\/tugesto.com\/blog\/wp-content\/uploads\/2024\/05\/amparo-carratala.png","url2x":"https:\/\/tugesto.com\/blog\/wp-content\/uploads\/2024\/05\/amparo-carratala.png"},"0":null,"1":"","2":"","3":"","4":"","5":"","6":"","7":"","8":""}],"_links":{"self":[{"href":"https:\/\/tugesto.com\/blog\/wp-json\/wp\/v2\/posts\/21103","targetHints":{"allow":["GET"]}}],"collection":[{"href":"https:\/\/tugesto.com\/blog\/wp-json\/wp\/v2\/posts"}],"about":[{"href":"https:\/\/tugesto.com\/blog\/wp-json\/wp\/v2\/types\/post"}],"author":[{"embeddable":true,"href":"https:\/\/tugesto.com\/blog\/wp-json\/wp\/v2\/users\/9"}],"replies":[{"embeddable":true,"href":"https:\/\/tugesto.com\/blog\/wp-json\/wp\/v2\/comments?post=21103"}],"version-history":[{"count":33,"href":"https:\/\/tugesto.com\/blog\/wp-json\/wp\/v2\/posts\/21103\/revisions"}],"predecessor-version":[{"id":35306,"href":"https:\/\/tugesto.com\/blog\/wp-json\/wp\/v2\/posts\/21103\/revisions\/35306"}],"wp:featuredmedia":[{"embeddable":true,"href":"https:\/\/tugesto.com\/blog\/wp-json\/wp\/v2\/media\/21111"}],"wp:attachment":[{"href":"https:\/\/tugesto.com\/blog\/wp-json\/wp\/v2\/media?parent=21103"}],"wp:term":[{"taxonomy":"category","embeddable":true,"href":"https:\/\/tugesto.com\/blog\/wp-json\/wp\/v2\/categories?post=21103"},{"taxonomy":"post_tag","embeddable":true,"href":"https:\/\/tugesto.com\/blog\/wp-json\/wp\/v2\/tags?post=21103"},{"taxonomy":"author","embeddable":true,"href":"https:\/\/tugesto.com\/blog\/wp-json\/wp\/v2\/ppma_author?post=21103"}],"curies":[{"name":"wp","href":"https:\/\/api.w.org\/{rel}","templated":true}]}}