{"id":20575,"date":"2021-09-02T10:00:00","date_gmt":"2021-09-02T08:00:00","guid":{"rendered":"https:\/\/tugesto.com\/blog\/?p=20575"},"modified":"2024-05-17T09:23:38","modified_gmt":"2024-05-17T07:23:38","slug":"cuota-de-autonomos-que-es-y-cuanto-se-cotiza","status":"publish","type":"post","link":"https:\/\/tugesto.com\/blog\/cuota-de-autonomos-que-es-y-cuanto-se-cotiza\/","title":{"rendered":"Cuota de aut\u00f3nomos: qu\u00e9 es y cu\u00e1nto se cotiza"},"content":{"rendered":"\t\t<div data-elementor-type=\"wp-post\" data-elementor-id=\"20575\" class=\"elementor elementor-20575\" data-elementor-post-type=\"post\">\n\t\t\t\t\t\t<section class=\"elementor-section elementor-top-section elementor-element elementor-element-1408d236 elementor-section-boxed elementor-section-height-default elementor-section-height-default\" data-id=\"1408d236\" data-element_type=\"section\">\n\t\t\t\t\t\t<div class=\"elementor-container elementor-column-gap-default\">\n\t\t\t\t\t<div class=\"elementor-column elementor-col-100 elementor-top-column elementor-element elementor-element-ecf6355\" data-id=\"ecf6355\" data-element_type=\"column\">\n\t\t\t<div class=\"elementor-widget-wrap elementor-element-populated\">\n\t\t\t\t\t\t<div class=\"elementor-element elementor-element-5c9c0905 elementor-widget elementor-widget-text-editor\" data-id=\"5c9c0905\" data-element_type=\"widget\" data-widget_type=\"text-editor.default\">\n\t\t\t\t<div class=\"elementor-widget-container\">\n\t\t\t\t\t\t\t\t\t<p><\/p>\n<p><span style=\"color: #4c4f54;\"><strong>\u00bfTe planteas ser aut\u00f3nomo? \u00bfQu\u00e9 conoces de la cuota de aut\u00f3nomos? \u00bfQu\u00e9 es? \u00bfCu\u00e1nto se cotiza? <\/strong>Adem\u00e1s del riesgo que supone depender de una actividad propia, y de los gastos de explotaci\u00f3n, hay que considerar una obligaci\u00f3n m\u00e1s: darse de<\/span> <a href=\"https:\/\/tugesto.com\/blog\/como-darse-de-alta-como-autonomo\/\" target=\"_blank\" rel=\"noreferrer noopener\">alta en el R\u00e9gimen Especial de Trabajadores Aut\u00f3nomos<\/a>,<span style=\"color: #4c4f54;\"> lo que implica que deber\u00e1s abonar todos los meses una<strong> cantidad de dinero en calidad de aportaci\u00f3n particular a la Seguridad Social: la cuota de aut\u00f3nomos<\/strong>.\u00a0<\/span><\/p>\n<p><a href=\"http:\/\/tugesto.com\/alta-autonomo\/\" target=\"_blank\" rel=\"noopener\"><img fetchpriority=\"high\" decoding=\"async\" class=\"alignnone wp-image-15545 size-full\" src=\"https:\/\/tugesto.com\/blog\/wp-content\/uploads\/2020\/02\/te_damos_De_alta_de_autonomo.png\" alt=\"Estudiamos tu derecho a la tarifa plana\" width=\"1234\" height=\"376\" srcset=\"https:\/\/tugesto.com\/blog\/wp-content\/uploads\/2020\/02\/te_damos_De_alta_de_autonomo.png 1234w, https:\/\/tugesto.com\/blog\/wp-content\/uploads\/2020\/02\/te_damos_De_alta_de_autonomo-300x91.png 300w, https:\/\/tugesto.com\/blog\/wp-content\/uploads\/2020\/02\/te_damos_De_alta_de_autonomo-1024x312.png 1024w, https:\/\/tugesto.com\/blog\/wp-content\/uploads\/2020\/02\/te_damos_De_alta_de_autonomo-768x234.png 768w\" sizes=\"(max-width: 1234px) 100vw, 1234px\" \/><\/a><\/p>\n<p><span style=\"color: #4c4f54;\"><\/span><\/p>\n<p><span style=\"color: #4c4f54;\"><\/span><\/p>\n<h2 class=\"wp-block-heading\"><span style=\"color: #4c4f54;\">Cuota de aut\u00f3nomos: qu\u00e9 es<\/span><\/h2>\n<p><\/p>\n<p><\/p>\n<p>La cuota de aut\u00f3nomos es el importe que el trabajador por cuenta propia paga a la Seguridad Social en calidad de aportaci\u00f3n para cubrir contingencias comunes y especiales, entre las que se encuentra el cese de actividad, baja o jubilaci\u00f3n.\u00a0<\/p>\n<p><\/p>\n<p><\/p>\n<h2 class=\"wp-block-heading\"><span style=\"color: #4c4f54;\">C\u00f3mo calcular la cuota de aut\u00f3nomos seg\u00fan la base y tipo de cotizaci\u00f3n<\/span><\/h2>\n<p><span style=\"color: #4c4f54;\"><\/span><\/p>\n<p><span style=\"color: #4c4f54;\"><\/span><\/p>\n<p><span style=\"color: #4c4f54;\">La siguiente duda que se plantea todo aut\u00f3nomo en el momento de inscribirse en el RETA tiene que ver con<strong> cu\u00e1l ser\u00e1 el importe a pagar<\/strong> en concepto de cuota de aut\u00f3nomo.\u00a0<\/span><\/p>\n<p><span style=\"color: #4c4f54;\"><\/span><\/p>\n<p><span style=\"color: #4c4f54;\"><\/span><\/p>\n<p><span style=\"color: #4c4f54;\">Para hacer la estimaci\u00f3n de <strong>cu\u00e1nto cuesta ser aut\u00f3nomo,<\/strong> se han de tener en cuenta dos factores principales: la base de cotizaci\u00f3n y el tipo.\u00a0<\/span><\/p>\n<p><span style=\"color: #4c4f54;\"><\/span><\/p>\n<p><span style=\"color: #4c4f54;\"><\/span><\/p>\n<p><span style=\"color: #4c4f54;\">Para 2021, y a pesar de todas las idas y venidas de la<\/span> <a href=\"https:\/\/administracion.gob.es\/\">Administraci\u00f3n<\/a>, <span style=\"color: #4c4f54;\">de momento se mantiene la misma base m\u00ednima en 944,40 euros. Eso s\u00ed, el tipo de cotizaci\u00f3n s\u00ed se ha incrementado: de 30,3% a 30,6%.<\/span><\/p>\n<p><span style=\"color: #4c4f54;\"><\/span><\/p>\n<p><span style=\"color: #4c4f54;\"><\/span><\/p>\n<p><span style=\"color: #4c4f54;\">La base de cotizaci\u00f3n es, por as\u00ed decirlo, el sueldo te\u00f3rico que estima tener el aut\u00f3nomo. Los PGE establecen el m\u00e1ximo y el m\u00ednimo.\u00a0<\/span><\/p>\n<p><span style=\"color: #4c4f54;\"><\/span><\/p>\n<p><span style=\"color: #4c4f54;\"><\/span><\/p>\n<p><span style=\"color: #4c4f54;\">Para calcular la cuota de aut\u00f3nomos se multiplica la base de cotizaci\u00f3n por el tipo de cotizaci\u00f3n expresado en porcentaje.\u00a0<\/span><\/p>\n<p><\/p>\n<p><\/p>\n<h2 class=\"wp-block-heading\"><span style=\"color: #4c4f54;\">\u00bfCu\u00e1l es la cuota m\u00ednima de aut\u00f3nomos?<\/span><\/h2>\n<p><span style=\"color: #4c4f54;\"><\/span><\/p>\n<p><span style=\"color: #4c4f54;\"><\/span><\/p>\n<p><span style=\"color: #4c4f54;\">Durante 2021 ha vuelto a subir la cuota en <strong>dos tramos: <\/strong>0,1% para el cese de actividad y el 0,2% para <strong>mejorar la partida de contingencias comunes<\/strong>. De esta forma, la cuota m\u00ednima sube desde los 286,15 euros de 2020 a los 289 euros de 2021.\u00a0<\/span><\/p>\n<p><span style=\"color: #4c4f54;\"><\/span><\/p>\n<p><span style=\"color: #4c4f54;\"><\/span><\/p>\n<p><span style=\"color: #4c4f54;\"><strong>La m\u00e1xima tambi\u00e9n aumenta<\/strong> y pasa de los 1233,20 euros a los 1245,45 euros.\u00a0<\/span><\/p>\n<p><span style=\"color: #4c4f54;\"><\/span><\/p>\n<p><span style=\"color: #4c4f54;\"><\/span><\/p>\n<p><span style=\"color: #4c4f54;\">La subida tambi\u00e9n ha afectado colateralmente a la cuota de aut\u00f3nomos societarios.\u00a0<\/span><\/p>\n<p><span style=\"color: #4c4f54;\"><\/span><\/p>\n<p><span style=\"color: #4c4f54;\"><\/span><\/p>\n<figure class=\"wp-block-table\">\n<table>\n<tbody>\n<tr>\n<td><span style=\"color: #4c4f54;\">CUOTA AUT\u00d3NOMOS 2021*<\/span><\/td>\n<\/tr>\n<tr>\n<td>\u00a0<\/td>\n<td><span style=\"color: #4c4f54;\">M\u00cdNIMA<\/span><\/td>\n<td><span style=\"color: #4c4f54;\">M\u00c1XIMA<\/span><\/td>\n<\/tr>\n<tr>\n<td><span style=\"color: #4c4f54;\">AUT\u00d3NOMOS<\/span><\/td>\n<td><span style=\"color: #4c4f54;\">288,97 \u20ac\u00a0<\/span><\/td>\n<td><span style=\"color: #4c4f54;\">1245,45 \u20ac<\/span><\/td>\n<\/tr>\n<tr>\n<td><span style=\"color: #4c4f54;\">AUT\u00d3NOMO SOCIETARIOS<\/span><\/td>\n<td><span style=\"color: #4c4f54;\">371,51\u20ac<\/span><\/td>\n<td><span style=\"color: #4c4f54;\">1245,45 \u20ac<\/span><\/td>\n<\/tr>\n<tr>\n<td><span style=\"color: #4c4f54;\">AUT\u00d3NOMOS MAYORES DE 47 A\u00d1OS con base de cotizaci\u00f3n &lt;2052 euros<\/span><\/td>\n<td><span style=\"color: #4c4f54;\">288,97 \u20ac\u00a0<\/span><\/td>\n<td><span style=\"color: #4c4f54;\">635,80 \u20ac<\/span><\/td>\n<\/tr>\n<tr>\n<td><span style=\"color: #4c4f54;\">AUT\u00d3NOMOS MAYORES DE 48 A\u00d1OS<\/span><\/td>\n<td><span style=\"color: #4c4f54;\">311,66 \u20ac<\/span><\/td>\n<td><span style=\"color: #4c4f54;\">635,80 \u20ac<\/span><\/td>\n<\/tr>\n<\/tbody>\n<\/table>\n<\/figure>\n<p><span style=\"color: #4c4f54;\"><\/span><\/p>\n<p><span style=\"color: #4c4f54;\"><\/span><\/p>\n<p><span style=\"color: #4c4f54;\"><strong>* Se calcula base de cotizaci\u00f3n x tipo de cotizaci\u00f3n.<\/strong><\/span><\/p>\n<p><span style=\"color: #4c4f54;\"><\/span><\/p>\n<p><span style=\"color: #4c4f54;\"><\/span><\/p>\n<figure class=\"wp-block-image size-large\"><a href=\"https:\/\/tugesto.com\/alta-autonomo\/\" target=\"_blank\" rel=\"noopener\"><img decoding=\"async\" class=\"alignnone wp-image-15061 size-full\" src=\"https:\/\/tugesto.com\/blog\/wp-content\/uploads\/2020\/01\/alta-autonomo-gratis-tugesto.jpg\" alt=\"Te damos gratis como aut\u00f3nomo y estudiamos bonificaciones y ayudas\" width=\"1234\" height=\"376\" srcset=\"https:\/\/tugesto.com\/blog\/wp-content\/uploads\/2020\/01\/alta-autonomo-gratis-tugesto.jpg 1234w, https:\/\/tugesto.com\/blog\/wp-content\/uploads\/2020\/01\/alta-autonomo-gratis-tugesto-300x91.jpg 300w, https:\/\/tugesto.com\/blog\/wp-content\/uploads\/2020\/01\/alta-autonomo-gratis-tugesto-1024x312.jpg 1024w, https:\/\/tugesto.com\/blog\/wp-content\/uploads\/2020\/01\/alta-autonomo-gratis-tugesto-768x234.jpg 768w, https:\/\/tugesto.com\/blog\/wp-content\/uploads\/2020\/01\/elementor\/thumbs\/alta-autonomo-gratis-tugesto-pob12f1omutljvpcw38pe6x4szgai10lnbb7io3bfq.jpg 812w\" sizes=\"(max-width: 1234px) 100vw, 1234px\" \/><\/a><\/figure>\n<p><\/p>\n<p><\/p>\n<h3 class=\"wp-block-heading\"><span style=\"color: #4c4f54;\">Pluriactividad de aut\u00f3nomos<\/span><\/h3>\n<p><span style=\"color: #4c4f54;\"><\/span><\/p>\n<p><span style=\"color: #4c4f54;\"><\/span><\/p>\n<p><span style=\"color: #4c4f54;\">\u00bfY si est\u00e1s emprendiendo tu propio proyecto pero a\u00fan no has dejado el trabajo por cuenta ajena?<strong> \u00bfSe pueden compaginar? Lo cierto es que s\u00ed.<\/strong> Aunque hay que evaluar si resulta rentable. El aut\u00f3nomo en pluriactividad mantiene m\u00e1s gastos, pero tambi\u00e9n algunas ventajas.\u00a0<\/span><\/p>\n<p><span style=\"color: #4c4f54;\"><\/span><\/p>\n<p><span style=\"color: #4c4f54;\"><\/span><\/p>\n<p><span style=\"color: #4c4f54;\">As\u00ed, si las sumas de cotizaciones entre el trabajo por cuenta ajena y como aut\u00f3nomo excede los 289\u20ac del m\u00ednimo,<strong> tienes derecho al 50% del excedente de las cotizaciones por contingencias comunes<\/strong> que te revierte en una devoluci\u00f3n de la cuota de aut\u00f3nomo. Adem\u00e1s, podr\u00e1s conseguir algunas deducciones en la declaraci\u00f3n de la Renta en algunas partidas.<\/span><\/p>\n<p><span style=\"color: #4c4f54;\"><\/span><\/p>\n<p><span style=\"color: #4c4f54;\"><\/span><\/p>\n<p><span style=\"color: #4c4f54;\">Las nuevas cuotas de aut\u00f3nomos en Espa\u00f1a los pr\u00f3ximos a\u00f1os<\/span><\/p>\n<p><span style=\"color: #4c4f54;\"><\/span><\/p>\n<p><span style=\"color: #4c4f54;\"><\/span><\/p>\n<p><span style=\"color: #4c4f54;\">En 2021, dentro del marco de la revisi\u00f3n del sistema p\u00fablico de pensiones, se ha abordado <strong>c\u00f3mo ajustar las cuotas de aut\u00f3nomos hacia el pago en funci\u00f3n de los ingresos.\u00a0<\/strong><\/span><\/p>\n<p><span style=\"color: #4c4f54;\"><\/span><\/p>\n<p><span style=\"color: #4c4f54;\"><\/span><\/p>\n<p><span style=\"color: #4c4f54;\">La propuesta plantea 13 tramos de ingresos en funci\u00f3n de los cuales cada aut\u00f3nomo paga una cuota seg\u00fan los ingresos. De esta forma, el m\u00ednimo pasa a ser 90 euros y el m\u00e1ximo de cotizaci\u00f3n 1.2220 euros.\u00a0<\/span><\/p>\n<p><span style=\"color: #4c4f54;\"><\/span><\/p>\n<p><span style=\"color: #4c4f54;\"><\/span><\/p>\n<h3 class=\"wp-block-heading\"><span style=\"color: #4c4f54;\">Nueva cuota 2023<\/span><\/h3>\n<p><span style=\"color: #4c4f54;\"><\/span><\/p>\n<p><span style=\"color: #4c4f54;\"><\/span><\/p>\n<p><strong><span style=\"color: #4c4f54;\">\u00bfC\u00f3mo quedar\u00e1 el<\/span> <a href=\"https:\/\/tugesto.com\/blog\/nuevo-sistema-de-cotizacion-de-autonomos\/\">nuevo sistema de cotizaci\u00f3n de aut\u00f3nomos<\/a> <span style=\"color: #4c4f54;\">a partir del 1 de enero de 2023?<\/span><\/strong><span style=\"color: #4c4f54;\"> M\u00e1s all\u00e1 de este periodo de carencia que se plantea el Gobierno, veamos de qu\u00e9 tramos estamos hablando y c\u00f3mo se cotiza los primeros meses de actividad:<\/span><\/p>\n<p><span style=\"color: #4c4f54;\"><\/span><\/p>\n<p><span style=\"color: #4c4f54;\"><\/span><\/p>\n<ul class=\"wp-block-list\">\n<li><span style=\"color: #4c4f54;\">200 euros: 3.000 euros o menos.<\/span><\/li>\n<li><span style=\"color: #4c4f54;\">215 euros: 3.000 &#8211; 6.000 euros.<\/span><\/li>\n<li><span style=\"color: #4c4f54;\">230 euros: 6.000- 9.000 euros.<\/span><\/li>\n<li><span style=\"color: #4c4f54;\">245 euros: 9.000 -12.600 euros.<\/span><\/li>\n<li><span style=\"color: #4c4f54;\">260 euros: 12.600 &#8211; 17.000 euros.<\/span><\/li>\n<li><span style=\"color: #4c4f54;\">275 euros: 17.000 -22.000 euros.<\/span><\/li>\n<li><span style=\"color: #4c4f54;\">290 euros: 22.000 &#8211; 27.000 euros.<\/span><\/li>\n<li><span style=\"color: #4c4f54;\">305 euros: 27.000- 32.000 euros.<\/span><\/li>\n<li><span style=\"color: #4c4f54;\">320 euros: 32.000 &#8211; 37.000 euros.<\/span><\/li>\n<li><span style=\"color: #4c4f54;\">340 euros: 37.000 &#8211; 42.000 euros.<\/span><\/li>\n<li><span style=\"color: #4c4f54;\">360 euros: 42.000- 47.000 euros.<\/span><\/li>\n<li><span style=\"color: #4c4f54;\">380 euros: 47.000- 48.841 euros.<\/span><\/li>\n<li><span style=\"color: #4c4f54;\">400 euros: &gt; 48.841 euros.<\/span><\/li>\n<\/ul>\n<p><span style=\"color: #4c4f54;\"><\/span><\/p>\n<p><span style=\"color: #4c4f54;\"><\/span><\/p>\n<h3 class=\"wp-block-heading\"><span style=\"color: #4c4f54;\">Nueva cuota 2030<\/span><\/h3>\n<p><span style=\"color: #4c4f54;\"><\/span><\/p>\n<p><span style=\"color: #4c4f54;\"><\/span><\/p>\n<p><span style=\"color: #4c4f54;\">Los cambios no quedan ah\u00ed si finalmente se aprueba en 2022 la reforma de las pensiones y su deriva para los aut\u00f3nomos.\u00a0<\/span><\/p>\n<p><span style=\"color: #4c4f54;\"><\/span><\/p>\n<p><span style=\"color: #4c4f54;\"><\/span><\/p>\n<p><span style=\"color: #4c4f54;\">Tras el periodo de transici\u00f3n de 9 a\u00f1os desde la aprobaci\u00f3n, se producir\u00e1 un reajuste en las cuotas de los aut\u00f3nomos de modo que el <strong>m\u00ednimo bajar\u00e1 a 90 euros al mes<\/strong>, sin contar con los ajustes de la inflaci\u00f3n en el valor del dinero.\u00a0<\/span><\/p>\n<p><span style=\"color: #4c4f54;\"><\/span><\/p>\n<p><span style=\"color: #4c4f54;\"><\/span><\/p>\n<figure class=\"wp-block-table\">\n<table>\n<tbody>\n<tr>\n<td><span style=\"color: #4c4f54;\"><strong>TRAMO DE INGRESOS<\/strong><\/span><\/td>\n<td><span style=\"color: #4c4f54;\"><strong>CUOTA DE AUT\u00d3NOMOS 2030<\/strong><\/span><\/td>\n<\/tr>\n<tr>\n<td><span style=\"color: #4c4f54;\">&lt; 3.000 EUROS<\/span><\/td>\n<td><span style=\"color: #4c4f54;\">90 EUROS<\/span><\/td>\n<\/tr>\n<tr>\n<td><span style=\"color: #4c4f54;\">3.000- 6.000 EUROS<\/span><\/td>\n<td><span style=\"color: #4c4f54;\">120 EUROS<\/span><\/td>\n<\/tr>\n<tr>\n<td><span style=\"color: #4c4f54;\">6.000- 9.000 EUROS<\/span><\/td>\n<td><span style=\"color: #4c4f54;\">185 EUROS<\/span><\/td>\n<\/tr>\n<tr>\n<td><span style=\"color: #4c4f54;\">9.000- 12.600 EUROS<\/span><\/td>\n<td><span style=\"color: #4c4f54;\">235 EUROS<\/span><\/td>\n<\/tr>\n<tr>\n<td><span style=\"color: #4c4f54;\">12.600 &#8211; 17.000 EUROS<\/span><\/td>\n<td><span style=\"color: #4c4f54;\">275 EUROS<\/span><\/td>\n<\/tr>\n<tr>\n<td><span style=\"color: #4c4f54;\">17.000- 22.000 EUROS<\/span><\/td>\n<td><span style=\"color: #4c4f54;\">305 EUROS<\/span><\/td>\n<\/tr>\n<tr>\n<td><span style=\"color: #4c4f54;\">22.000 &#8211; 27.000 EUROS<\/span><\/td>\n<td><span style=\"color: #4c4f54;\">425 EUROS<\/span><\/td>\n<\/tr>\n<tr>\n<td><span style=\"color: #4c4f54;\">27.000 &#8211; 32.000 EUROS<\/span><\/td>\n<td><span style=\"color: #4c4f54;\">545 EUROS<\/span><\/td>\n<\/tr>\n<tr>\n<td><span style=\"color: #4c4f54;\">32.000 &#8211; 37.000 EUROS<\/span><\/td>\n<td><span style=\"color: #4c4f54;\">670 EUROS<\/span><\/td>\n<\/tr>\n<tr>\n<td><span style=\"color: #4c4f54;\">37.000 &#8211; 42.000 EUROS<\/span><\/td>\n<td><span style=\"color: #4c4f54;\">800 EUROS<\/span><\/td>\n<\/tr>\n<tr>\n<td><span style=\"color: #4c4f54;\">42.000 &#8211; 47.000 EUROS<\/span><\/td>\n<td><span style=\"color: #4c4f54;\">935 EUROS<\/span><\/td>\n<\/tr>\n<tr>\n<td><span style=\"color: #4c4f54;\">47.000 &#8211; 48.841 EUROS<\/span><\/td>\n<td><span style=\"color: #4c4f54;\">1.075 EUROS<\/span><\/td>\n<\/tr>\n<tr>\n<td><span style=\"color: #4c4f54;\">&gt; 48.841 EUROS<\/span><\/td>\n<td><span style=\"color: #4c4f54;\">1220 EUROS<\/span><\/td>\n<\/tr>\n<\/tbody>\n<\/table>\n<\/figure>\n<p><span style=\"color: #4c4f54;\"><\/span><\/p>\n<p><span style=\"color: #4c4f54;\"><\/span><\/p>\n<h3 class=\"wp-block-heading\"><span style=\"color: #4c4f54;\">Elecci\u00f3n de tramos<\/span><\/h3>\n<p><span style=\"color: #4c4f54;\"><\/span><\/p>\n<p><span style=\"color: #4c4f54;\"><\/span><\/p>\n<p><span style=\"color: #4c4f54;\">El nuevo m\u00e9todo de cotizaci\u00f3n plantea que sean los aut\u00f3nomos quienes elijan de forma provisional su base de cotizaci\u00f3n seg\u00fan la previsi\u00f3n de rendimientos. <strong>Se podr\u00e1 modificar esta base seis veces al a\u00f1o<\/strong> para que se ajuste lo m\u00e1ximo a los rendimientos reales.<\/span><\/p>\n<p><span style=\"color: #4c4f54;\"><\/span><\/p>\n<p><span style=\"color: #4c4f54;\"><\/span><\/p>\n<h2><span style=\"color: #4c4f54;\">Tarifa plana de aut\u00f3nomos y societarios: ventajas y reducciones<\/span><\/h2>\n<p><span style=\"color: #4c4f54;\"><\/span><\/p>\n<p><span style=\"color: #4c4f54;\"><\/span><\/p>\n<p><span style=\"color: #4c4f54;\">En Espa\u00f1a, el aut\u00f3nomo, por ahora, tiene una de las <strong>mayores cargas fiscales de la Comunidad Europea<\/strong> si bien no existe una cuota \u00fanica. Con todo, a quienes est\u00e1n comenzando, el Gobierno prev\u00e9 una tarifa plana como cuota de aut\u00f3nomos que es de 80 euros\u00a0 durante el primer a\u00f1o.\u00a0<\/span><\/p>\n<p><span style=\"color: #4c4f54;\"><\/span><\/p>\n<p><span style=\"color: #4c4f54;\"><\/span><\/p>\n<p><span style=\"color: #4c4f54;\">Para acceder a ella <strong>debes <\/strong><\/span><a href=\"https:\/\/tugesto.com\/alta-autonomo\/\" target=\"_blank\" rel=\"noopener\"><strong>ser nuevo aut\u00f3nomo<\/strong><\/a> <span style=\"color: #4c4f54;\">o haber transcurrido 3 a\u00f1os desde la baja, y estar al d\u00eda con Hacienda y la Seguridad Social. Si te incorporas a la actividad despu\u00e9s de la maternidad tambi\u00e9n puedes acogerte.\u00a0<\/span><br \/><span style=\"color: #4c4f54;\">Los<strong> aut\u00f3nomos societarios<\/strong> no pueden beneficiarse de la tarifa plana de los aut\u00f3nomos y si est\u00e1s en r\u00e9gimen de pluriactividad, tendr\u00e1s que elegir entre la bonificaci\u00f3n por ello o la tarifa plana. Adem\u00e1s, su base m\u00ednima de cotizaci\u00f3n ha aumentado a 1.214,10 euros, por lo que su cuota sube a 371,51 euros, 3,71 euros m\u00e1s que en 2020.<\/span><\/p>\n<p><\/p>\n<p><\/p>\n<figure class=\"wp-block-video\"><a href=\"https:\/\/tugesto.com\/alta-autonomo\/\" target=\"_blank\" rel=\"noopener\"><video style=\"aspect-ratio: 1440 \/ 1080;\" src=\"https:\/\/tugesto.com\/blog\/wp-content\/uploads\/2020\/01\/BANNER-autonomo_enero_2020.mp4\" autoplay=\"autoplay\" loop=\"loop\" muted=\"\" width=\"1440\" height=\"1080\"><\/video><\/a><\/figure>\n<p><\/p>\t\t\t\t\t\t\t\t<\/div>\n\t\t\t\t<\/div>\n\t\t\t\t\t<\/div>\n\t\t<\/div>\n\t\t\t\t\t<\/div>\n\t\t<\/section>\n\t\t\t\t<\/div>\n\t\t","protected":false},"excerpt":{"rendered":"<p>\u00bfTe planteas ser aut\u00f3nomo? \u00bfQu\u00e9 conoces de la cuota de aut\u00f3nomos? \u00bfQu\u00e9 es? \u00bfCu\u00e1nto se cotiza? Adem\u00e1s del riesgo que supone depender de una actividad propia, y de los gastos de explotaci\u00f3n, hay que considerar una obligaci\u00f3n m\u00e1s: darse de alta en el R\u00e9gimen Especial de Trabajadores Aut\u00f3nomos, lo que implica que deber\u00e1s abonar todos [&hellip;]<\/p>\n","protected":false},"author":8,"featured_media":20645,"comment_status":"open","ping_status":"open","sticky":false,"template":"","format":"standard","meta":{"_eb_attr":"","content-type":"","footnotes":""},"categories":[14],"tags":[36,38],"ppma_author":[1494],"class_list":["post-20575","post","type-post","status-publish","format-standard","has-post-thumbnail","hentry","category-contabilidad-y-fiscal","tag-autonomos","tag-pymes"],"yoast_head":"<!-- This site is optimized with the Yoast SEO plugin v26.8 - https:\/\/yoast.com\/product\/yoast-seo-wordpress\/ -->\n<title>Cuota de Aut\u00f3nomos: qu\u00e9 es y cu\u00e1nto se cotiza | tugesto<\/title>\n<meta name=\"description\" content=\"En tugesto te ofrecemos toda la informaci\u00f3n actualizada sobre la Cuota de Aut\u00f3nomos: qu\u00e9 es y cu\u00e1nto se cotiza\" \/>\n<meta name=\"robots\" content=\"index, follow, max-snippet:-1, max-image-preview:large, max-video-preview:-1\" \/>\n<link rel=\"canonical\" href=\"https:\/\/tugesto.com\/blog\/cuota-de-autonomos-que-es-y-cuanto-se-cotiza\/\" \/>\n<meta property=\"og:locale\" content=\"es_ES\" \/>\n<meta property=\"og:type\" content=\"article\" \/>\n<meta property=\"og:title\" content=\"Cuota de Aut\u00f3nomos: qu\u00e9 es y cu\u00e1nto se cotiza | tugesto\" \/>\n<meta property=\"og:description\" content=\"En tugesto te ofrecemos toda la informaci\u00f3n actualizada sobre la Cuota de Aut\u00f3nomos: qu\u00e9 es y cu\u00e1nto se cotiza\" \/>\n<meta property=\"og:url\" content=\"https:\/\/tugesto.com\/blog\/cuota-de-autonomos-que-es-y-cuanto-se-cotiza\/\" \/>\n<meta property=\"og:site_name\" content=\"Blog: \u00a1Aprende a emprender! | tugesto\" \/>\n<meta property=\"article:publisher\" content=\"https:\/\/www.facebook.com\/tugesto\/\" \/>\n<meta property=\"article:published_time\" content=\"2021-09-02T08:00:00+00:00\" \/>\n<meta property=\"article:modified_time\" content=\"2024-05-17T07:23:38+00:00\" \/>\n<meta property=\"og:image\" content=\"https:\/\/tugesto.com\/blog\/wp-content\/uploads\/2021\/07\/cuota-autonomos.jpg\" \/>\n\t<meta property=\"og:image:width\" content=\"750\" \/>\n\t<meta property=\"og:image:height\" content=\"429\" \/>\n\t<meta property=\"og:image:type\" content=\"image\/jpeg\" \/>\n<meta name=\"author\" content=\"Esteban Escribano\" \/>\n<meta name=\"twitter:card\" content=\"summary_large_image\" \/>\n<meta name=\"twitter:label1\" content=\"Escrito por\" \/>\n\t<meta name=\"twitter:data1\" content=\"Esteban Escribano\" \/>\n\t<meta name=\"twitter:label2\" content=\"Tiempo de lectura\" \/>\n\t<meta name=\"twitter:data2\" content=\"6 minutos\" \/>\n<script type=\"application\/ld+json\" class=\"yoast-schema-graph\">{\"@context\":\"https:\/\/schema.org\",\"@graph\":[{\"@type\":\"Article\",\"@id\":\"https:\/\/tugesto.com\/blog\/cuota-de-autonomos-que-es-y-cuanto-se-cotiza\/#article\",\"isPartOf\":{\"@id\":\"https:\/\/tugesto.com\/blog\/cuota-de-autonomos-que-es-y-cuanto-se-cotiza\/\"},\"author\":{\"name\":\"Esteban Escribano\",\"@id\":\"https:\/\/tugesto.com\/blog\/#\/schema\/person\/f210b25a9ff7b95404fdcd6d6e7d21e6\"},\"headline\":\"Cuota de aut\u00f3nomos: qu\u00e9 es y cu\u00e1nto se cotiza\",\"datePublished\":\"2021-09-02T08:00:00+00:00\",\"dateModified\":\"2024-05-17T07:23:38+00:00\",\"mainEntityOfPage\":{\"@id\":\"https:\/\/tugesto.com\/blog\/cuota-de-autonomos-que-es-y-cuanto-se-cotiza\/\"},\"wordCount\":1072,\"commentCount\":0,\"publisher\":{\"@id\":\"https:\/\/tugesto.com\/blog\/#organization\"},\"image\":{\"@id\":\"https:\/\/tugesto.com\/blog\/cuota-de-autonomos-que-es-y-cuanto-se-cotiza\/#primaryimage\"},\"thumbnailUrl\":\"https:\/\/tugesto.com\/blog\/wp-content\/uploads\/2021\/07\/cuota-autonomos.jpg\",\"keywords\":[\"aut\u00f3nomos\",\"pymes\"],\"articleSection\":[\"Contabilidad y Fiscal\"],\"inLanguage\":\"es\",\"potentialAction\":[{\"@type\":\"CommentAction\",\"name\":\"Comment\",\"target\":[\"https:\/\/tugesto.com\/blog\/cuota-de-autonomos-que-es-y-cuanto-se-cotiza\/#respond\"]}]},{\"@type\":\"WebPage\",\"@id\":\"https:\/\/tugesto.com\/blog\/cuota-de-autonomos-que-es-y-cuanto-se-cotiza\/\",\"url\":\"https:\/\/tugesto.com\/blog\/cuota-de-autonomos-que-es-y-cuanto-se-cotiza\/\",\"name\":\"Cuota de Aut\u00f3nomos: qu\u00e9 es y cu\u00e1nto se cotiza | tugesto\",\"isPartOf\":{\"@id\":\"https:\/\/tugesto.com\/blog\/#website\"},\"primaryImageOfPage\":{\"@id\":\"https:\/\/tugesto.com\/blog\/cuota-de-autonomos-que-es-y-cuanto-se-cotiza\/#primaryimage\"},\"image\":{\"@id\":\"https:\/\/tugesto.com\/blog\/cuota-de-autonomos-que-es-y-cuanto-se-cotiza\/#primaryimage\"},\"thumbnailUrl\":\"https:\/\/tugesto.com\/blog\/wp-content\/uploads\/2021\/07\/cuota-autonomos.jpg\",\"datePublished\":\"2021-09-02T08:00:00+00:00\",\"dateModified\":\"2024-05-17T07:23:38+00:00\",\"description\":\"En tugesto te ofrecemos toda la informaci\u00f3n actualizada sobre la Cuota de Aut\u00f3nomos: qu\u00e9 es y cu\u00e1nto se cotiza\",\"breadcrumb\":{\"@id\":\"https:\/\/tugesto.com\/blog\/cuota-de-autonomos-que-es-y-cuanto-se-cotiza\/#breadcrumb\"},\"inLanguage\":\"es\",\"potentialAction\":[{\"@type\":\"ReadAction\",\"target\":[\"https:\/\/tugesto.com\/blog\/cuota-de-autonomos-que-es-y-cuanto-se-cotiza\/\"]}]},{\"@type\":\"ImageObject\",\"inLanguage\":\"es\",\"@id\":\"https:\/\/tugesto.com\/blog\/cuota-de-autonomos-que-es-y-cuanto-se-cotiza\/#primaryimage\",\"url\":\"https:\/\/tugesto.com\/blog\/wp-content\/uploads\/2021\/07\/cuota-autonomos.jpg\",\"contentUrl\":\"https:\/\/tugesto.com\/blog\/wp-content\/uploads\/2021\/07\/cuota-autonomos.jpg\",\"width\":750,\"height\":429,\"caption\":\"Cuota de aut\u00f3nomos: que es y cu\u00e1nto se cotiza\"},{\"@type\":\"BreadcrumbList\",\"@id\":\"https:\/\/tugesto.com\/blog\/cuota-de-autonomos-que-es-y-cuanto-se-cotiza\/#breadcrumb\",\"itemListElement\":[{\"@type\":\"ListItem\",\"position\":1,\"name\":\"Home\",\"item\":\"https:\/\/tugesto.com\/blog\/\"},{\"@type\":\"ListItem\",\"position\":2,\"name\":\"Contabilidad y Fiscal\",\"item\":\"https:\/\/tugesto.com\/blog\/category\/contabilidad-y-fiscal\/\"},{\"@type\":\"ListItem\",\"position\":3,\"name\":\"Cuota de aut\u00f3nomos: qu\u00e9 es y cu\u00e1nto se cotiza\"}]},{\"@type\":\"WebSite\",\"@id\":\"https:\/\/tugesto.com\/blog\/#website\",\"url\":\"https:\/\/tugesto.com\/blog\/\",\"name\":\"Blog tugesto\",\"description\":\"\ud83d\udcda Blog especializado para aut\u00f3nomos y pymes. Encuentra semanalmente nuevos posts, recursos y gu\u00edas. La ayuda que necesitas para tu negocio.\",\"publisher\":{\"@id\":\"https:\/\/tugesto.com\/blog\/#organization\"},\"potentialAction\":[{\"@type\":\"SearchAction\",\"target\":{\"@type\":\"EntryPoint\",\"urlTemplate\":\"https:\/\/tugesto.com\/blog\/?s={search_term_string}\"},\"query-input\":{\"@type\":\"PropertyValueSpecification\",\"valueRequired\":true,\"valueName\":\"search_term_string\"}}],\"inLanguage\":\"es\"},{\"@type\":\"Organization\",\"@id\":\"https:\/\/tugesto.com\/blog\/#organization\",\"name\":\"tugesto\",\"url\":\"https:\/\/tugesto.com\/blog\/\",\"logo\":{\"@type\":\"ImageObject\",\"inLanguage\":\"es\",\"@id\":\"https:\/\/tugesto.com\/blog\/#\/schema\/logo\/image\/\",\"url\":\"https:\/\/tugesto.com\/blog\/wp-content\/uploads\/2019\/06\/logo_tugesto.png\",\"contentUrl\":\"https:\/\/tugesto.com\/blog\/wp-content\/uploads\/2019\/06\/logo_tugesto.png\",\"width\":190,\"height\":63,\"caption\":\"tugesto\"},\"image\":{\"@id\":\"https:\/\/tugesto.com\/blog\/#\/schema\/logo\/image\/\"},\"sameAs\":[\"https:\/\/www.facebook.com\/tugesto\/\",\"https:\/\/www.instagram.com\/tugesto_online\/\"]},{\"@type\":\"Person\",\"@id\":\"https:\/\/tugesto.com\/blog\/#\/schema\/person\/f210b25a9ff7b95404fdcd6d6e7d21e6\",\"name\":\"Esteban Escribano\",\"image\":{\"@type\":\"ImageObject\",\"inLanguage\":\"es\",\"@id\":\"https:\/\/tugesto.com\/blog\/#\/schema\/person\/image\/85c872baa50e8ebdd3625a327ee22292\",\"url\":\"https:\/\/tugesto.com\/blog\/wp-content\/uploads\/2024\/05\/esteban-escribano.png\",\"contentUrl\":\"https:\/\/tugesto.com\/blog\/wp-content\/uploads\/2024\/05\/esteban-escribano.png\",\"caption\":\"Esteban Escribano\"},\"description\":\"Responsable del departamento laboral\"}]}<\/script>\n<!-- \/ Yoast SEO plugin. -->","yoast_head_json":{"title":"Cuota de Aut\u00f3nomos: qu\u00e9 es y cu\u00e1nto se cotiza | tugesto","description":"En tugesto te ofrecemos toda la informaci\u00f3n actualizada sobre la Cuota de Aut\u00f3nomos: qu\u00e9 es y cu\u00e1nto se cotiza","robots":{"index":"index","follow":"follow","max-snippet":"max-snippet:-1","max-image-preview":"max-image-preview:large","max-video-preview":"max-video-preview:-1"},"canonical":"https:\/\/tugesto.com\/blog\/cuota-de-autonomos-que-es-y-cuanto-se-cotiza\/","og_locale":"es_ES","og_type":"article","og_title":"Cuota de Aut\u00f3nomos: qu\u00e9 es y cu\u00e1nto se cotiza | tugesto","og_description":"En tugesto te ofrecemos toda la informaci\u00f3n actualizada sobre la Cuota de Aut\u00f3nomos: qu\u00e9 es y cu\u00e1nto se cotiza","og_url":"https:\/\/tugesto.com\/blog\/cuota-de-autonomos-que-es-y-cuanto-se-cotiza\/","og_site_name":"Blog: \u00a1Aprende a emprender! | tugesto","article_publisher":"https:\/\/www.facebook.com\/tugesto\/","article_published_time":"2021-09-02T08:00:00+00:00","article_modified_time":"2024-05-17T07:23:38+00:00","og_image":[{"width":750,"height":429,"url":"https:\/\/tugesto.com\/blog\/wp-content\/uploads\/2021\/07\/cuota-autonomos.jpg","type":"image\/jpeg"}],"author":"Esteban Escribano","twitter_card":"summary_large_image","twitter_misc":{"Escrito por":"Esteban Escribano","Tiempo de lectura":"6 minutos"},"schema":{"@context":"https:\/\/schema.org","@graph":[{"@type":"Article","@id":"https:\/\/tugesto.com\/blog\/cuota-de-autonomos-que-es-y-cuanto-se-cotiza\/#article","isPartOf":{"@id":"https:\/\/tugesto.com\/blog\/cuota-de-autonomos-que-es-y-cuanto-se-cotiza\/"},"author":{"name":"Esteban Escribano","@id":"https:\/\/tugesto.com\/blog\/#\/schema\/person\/f210b25a9ff7b95404fdcd6d6e7d21e6"},"headline":"Cuota de aut\u00f3nomos: qu\u00e9 es y cu\u00e1nto se cotiza","datePublished":"2021-09-02T08:00:00+00:00","dateModified":"2024-05-17T07:23:38+00:00","mainEntityOfPage":{"@id":"https:\/\/tugesto.com\/blog\/cuota-de-autonomos-que-es-y-cuanto-se-cotiza\/"},"wordCount":1072,"commentCount":0,"publisher":{"@id":"https:\/\/tugesto.com\/blog\/#organization"},"image":{"@id":"https:\/\/tugesto.com\/blog\/cuota-de-autonomos-que-es-y-cuanto-se-cotiza\/#primaryimage"},"thumbnailUrl":"https:\/\/tugesto.com\/blog\/wp-content\/uploads\/2021\/07\/cuota-autonomos.jpg","keywords":["aut\u00f3nomos","pymes"],"articleSection":["Contabilidad y Fiscal"],"inLanguage":"es","potentialAction":[{"@type":"CommentAction","name":"Comment","target":["https:\/\/tugesto.com\/blog\/cuota-de-autonomos-que-es-y-cuanto-se-cotiza\/#respond"]}]},{"@type":"WebPage","@id":"https:\/\/tugesto.com\/blog\/cuota-de-autonomos-que-es-y-cuanto-se-cotiza\/","url":"https:\/\/tugesto.com\/blog\/cuota-de-autonomos-que-es-y-cuanto-se-cotiza\/","name":"Cuota de Aut\u00f3nomos: qu\u00e9 es y cu\u00e1nto se cotiza | tugesto","isPartOf":{"@id":"https:\/\/tugesto.com\/blog\/#website"},"primaryImageOfPage":{"@id":"https:\/\/tugesto.com\/blog\/cuota-de-autonomos-que-es-y-cuanto-se-cotiza\/#primaryimage"},"image":{"@id":"https:\/\/tugesto.com\/blog\/cuota-de-autonomos-que-es-y-cuanto-se-cotiza\/#primaryimage"},"thumbnailUrl":"https:\/\/tugesto.com\/blog\/wp-content\/uploads\/2021\/07\/cuota-autonomos.jpg","datePublished":"2021-09-02T08:00:00+00:00","dateModified":"2024-05-17T07:23:38+00:00","description":"En tugesto te ofrecemos toda la informaci\u00f3n actualizada sobre la Cuota de Aut\u00f3nomos: qu\u00e9 es y cu\u00e1nto se cotiza","breadcrumb":{"@id":"https:\/\/tugesto.com\/blog\/cuota-de-autonomos-que-es-y-cuanto-se-cotiza\/#breadcrumb"},"inLanguage":"es","potentialAction":[{"@type":"ReadAction","target":["https:\/\/tugesto.com\/blog\/cuota-de-autonomos-que-es-y-cuanto-se-cotiza\/"]}]},{"@type":"ImageObject","inLanguage":"es","@id":"https:\/\/tugesto.com\/blog\/cuota-de-autonomos-que-es-y-cuanto-se-cotiza\/#primaryimage","url":"https:\/\/tugesto.com\/blog\/wp-content\/uploads\/2021\/07\/cuota-autonomos.jpg","contentUrl":"https:\/\/tugesto.com\/blog\/wp-content\/uploads\/2021\/07\/cuota-autonomos.jpg","width":750,"height":429,"caption":"Cuota de aut\u00f3nomos: que es y cu\u00e1nto se cotiza"},{"@type":"BreadcrumbList","@id":"https:\/\/tugesto.com\/blog\/cuota-de-autonomos-que-es-y-cuanto-se-cotiza\/#breadcrumb","itemListElement":[{"@type":"ListItem","position":1,"name":"Home","item":"https:\/\/tugesto.com\/blog\/"},{"@type":"ListItem","position":2,"name":"Contabilidad y Fiscal","item":"https:\/\/tugesto.com\/blog\/category\/contabilidad-y-fiscal\/"},{"@type":"ListItem","position":3,"name":"Cuota de aut\u00f3nomos: qu\u00e9 es y cu\u00e1nto se cotiza"}]},{"@type":"WebSite","@id":"https:\/\/tugesto.com\/blog\/#website","url":"https:\/\/tugesto.com\/blog\/","name":"Blog tugesto","description":"\ud83d\udcda Blog especializado para aut\u00f3nomos y pymes. Encuentra semanalmente nuevos posts, recursos y gu\u00edas. La ayuda que necesitas para tu negocio.","publisher":{"@id":"https:\/\/tugesto.com\/blog\/#organization"},"potentialAction":[{"@type":"SearchAction","target":{"@type":"EntryPoint","urlTemplate":"https:\/\/tugesto.com\/blog\/?s={search_term_string}"},"query-input":{"@type":"PropertyValueSpecification","valueRequired":true,"valueName":"search_term_string"}}],"inLanguage":"es"},{"@type":"Organization","@id":"https:\/\/tugesto.com\/blog\/#organization","name":"tugesto","url":"https:\/\/tugesto.com\/blog\/","logo":{"@type":"ImageObject","inLanguage":"es","@id":"https:\/\/tugesto.com\/blog\/#\/schema\/logo\/image\/","url":"https:\/\/tugesto.com\/blog\/wp-content\/uploads\/2019\/06\/logo_tugesto.png","contentUrl":"https:\/\/tugesto.com\/blog\/wp-content\/uploads\/2019\/06\/logo_tugesto.png","width":190,"height":63,"caption":"tugesto"},"image":{"@id":"https:\/\/tugesto.com\/blog\/#\/schema\/logo\/image\/"},"sameAs":["https:\/\/www.facebook.com\/tugesto\/","https:\/\/www.instagram.com\/tugesto_online\/"]},{"@type":"Person","@id":"https:\/\/tugesto.com\/blog\/#\/schema\/person\/f210b25a9ff7b95404fdcd6d6e7d21e6","name":"Esteban Escribano","image":{"@type":"ImageObject","inLanguage":"es","@id":"https:\/\/tugesto.com\/blog\/#\/schema\/person\/image\/85c872baa50e8ebdd3625a327ee22292","url":"https:\/\/tugesto.com\/blog\/wp-content\/uploads\/2024\/05\/esteban-escribano.png","contentUrl":"https:\/\/tugesto.com\/blog\/wp-content\/uploads\/2024\/05\/esteban-escribano.png","caption":"Esteban Escribano"},"description":"Responsable del departamento laboral"}]}},"authors":[{"term_id":1494,"user_id":8,"is_guest":0,"slug":"esteban-escribano","display_name":"Esteban Escribano","avatar_url":{"url":"https:\/\/tugesto.com\/blog\/wp-content\/uploads\/2024\/05\/esteban-escribano.png","url2x":"https:\/\/tugesto.com\/blog\/wp-content\/uploads\/2024\/05\/esteban-escribano.png"},"0":null,"1":"","2":"","3":"","4":"","5":"","6":"","7":"","8":""}],"_links":{"self":[{"href":"https:\/\/tugesto.com\/blog\/wp-json\/wp\/v2\/posts\/20575","targetHints":{"allow":["GET"]}}],"collection":[{"href":"https:\/\/tugesto.com\/blog\/wp-json\/wp\/v2\/posts"}],"about":[{"href":"https:\/\/tugesto.com\/blog\/wp-json\/wp\/v2\/types\/post"}],"author":[{"embeddable":true,"href":"https:\/\/tugesto.com\/blog\/wp-json\/wp\/v2\/users\/8"}],"replies":[{"embeddable":true,"href":"https:\/\/tugesto.com\/blog\/wp-json\/wp\/v2\/comments?post=20575"}],"version-history":[{"count":46,"href":"https:\/\/tugesto.com\/blog\/wp-json\/wp\/v2\/posts\/20575\/revisions"}],"predecessor-version":[{"id":36129,"href":"https:\/\/tugesto.com\/blog\/wp-json\/wp\/v2\/posts\/20575\/revisions\/36129"}],"wp:featuredmedia":[{"embeddable":true,"href":"https:\/\/tugesto.com\/blog\/wp-json\/wp\/v2\/media\/20645"}],"wp:attachment":[{"href":"https:\/\/tugesto.com\/blog\/wp-json\/wp\/v2\/media?parent=20575"}],"wp:term":[{"taxonomy":"category","embeddable":true,"href":"https:\/\/tugesto.com\/blog\/wp-json\/wp\/v2\/categories?post=20575"},{"taxonomy":"post_tag","embeddable":true,"href":"https:\/\/tugesto.com\/blog\/wp-json\/wp\/v2\/tags?post=20575"},{"taxonomy":"author","embeddable":true,"href":"https:\/\/tugesto.com\/blog\/wp-json\/wp\/v2\/ppma_author?post=20575"}],"curies":[{"name":"wp","href":"https:\/\/api.w.org\/{rel}","templated":true}]}}