{"id":18320,"date":"2021-07-01T10:00:00","date_gmt":"2021-07-01T08:00:00","guid":{"rendered":"https:\/\/tugesto.com\/blog\/?p=18320"},"modified":"2025-01-09T13:33:36","modified_gmt":"2025-01-09T12:33:36","slug":"plan-fiscal-autonomos","status":"publish","type":"post","link":"https:\/\/tugesto.com\/blog\/plan-fiscal-autonomos\/","title":{"rendered":"Todo sobre el plan fiscal para aut\u00f3nomos"},"content":{"rendered":"\t\t<div data-elementor-type=\"wp-post\" data-elementor-id=\"18320\" class=\"elementor elementor-18320\" data-elementor-post-type=\"post\">\n\t\t\t\t\t\t<section class=\"elementor-section elementor-top-section elementor-element elementor-element-1828ef89 elementor-section-boxed elementor-section-height-default elementor-section-height-default\" data-id=\"1828ef89\" data-element_type=\"section\">\n\t\t\t\t\t\t<div class=\"elementor-container elementor-column-gap-default\">\n\t\t\t\t\t<div class=\"elementor-column elementor-col-100 elementor-top-column elementor-element elementor-element-7988518d\" data-id=\"7988518d\" data-element_type=\"column\">\n\t\t\t<div class=\"elementor-widget-wrap elementor-element-populated\">\n\t\t\t\t\t\t<div class=\"elementor-element elementor-element-34a0bdcf elementor-widget elementor-widget-text-editor\" data-id=\"34a0bdcf\" data-element_type=\"widget\" data-widget_type=\"text-editor.default\">\n\t\t\t\t<div class=\"elementor-widget-container\">\n\t\t\t\t\t\t\t\t\t\n<p>El Gobierno en el <a href=\"https:\/\/www.lamoncloa.gob.es\/temas\/fondos-recuperacion\/Documents\/30042021-Plan_Recuperacion_%20Transformacion_%20Resiliencia.pdf\" target=\"_blank\" rel=\"noreferrer noopener nofollow\">Plan de Recuperaci\u00f3n, Transformaci\u00f3n y Resiliencia<\/a> recoge un modelo de mayor control fiscal contra los aut\u00f3nomos. Un nuevo mazazo para la actividad empresarial que es el motor del tejido productivo espa\u00f1ol. En tugesto, te <strong>explicamos en qu\u00e9 consiste y cu\u00e1l es el alcance del nuevo plan fiscal a los aut\u00f3nomos.<\/strong><\/p>\n<p><a href=\"http:\/\/tugesto.com\/software-fiscal\" target=\"_blank\" rel=\"noopener\"><img fetchpriority=\"high\" decoding=\"async\" class=\"alignnone wp-image-14761 size-full\" src=\"https:\/\/tugesto.com\/blog\/wp-content\/uploads\/2020\/01\/asesores_fiscales_tugesto.jpg\" alt=\"Te respalda el equipo de asesores fiscales de tugesto\" width=\"800\" height=\"241\" srcset=\"https:\/\/tugesto.com\/blog\/wp-content\/uploads\/2020\/01\/asesores_fiscales_tugesto.jpg 800w, https:\/\/tugesto.com\/blog\/wp-content\/uploads\/2020\/01\/asesores_fiscales_tugesto-300x90.jpg 300w, https:\/\/tugesto.com\/blog\/wp-content\/uploads\/2020\/01\/asesores_fiscales_tugesto-768x231.jpg 768w\" sizes=\"(max-width: 800px) 100vw, 800px\" \/><\/a><\/p>\n\n<h2 class=\"wp-block-heading\">Objetivo del plan fiscal<\/h2>\n\n<p>El nuevo paquete de medidas, incluido ya en los Presupuestos Generales del Estado para este a\u00f1o y enviado a Bruselas, se inserta en el plan tributario aprobado en los primeros meses del 2021. Seg\u00fan explica el Ejecutivo, dicho plan fiscal a los aut\u00f3nomos <strong>est\u00e1 encaminado a la lucha contra el fraude en cualquier sector de aut\u00f3nomos y pymes<\/strong>. Se intenta con ello minimizar el riesgo de ocultaci\u00f3n en las transacciones e ingresos que este colectivo puede tener frente a la Agencia Tributaria.<\/p>\n\n<h3 class=\"wp-block-heading\">M\u00e1s recursos<\/h3>\n\n<p>El nuevo <strong>Plan\u00a0de Recuperaci\u00f3n, Transformaci\u00f3n y Resiliencia,<\/strong> con el fin de evitar y perseguir el fraude, <strong>incrementa en plantilla los efectivos de inspectores f\u00edsicos,<\/strong> a la vez que se ponen a disposici\u00f3n del tributante nuevas herramientas tecnol\u00f3gicas, como la denominada<strong> ADI (Administraci\u00f3n Digital Integral) que ofrece servicios de informaci\u00f3n: censo en el que se integra la actividad, IVA, posibles notificaciones de la Agencia, as\u00ed como ayuda a distancia a los aut\u00f3nomos para resolver tr\u00e1mites o requerimientos.<\/strong><\/p>\n\n<p>Hacienda <strong>utilizar\u00e1 el uso de videollamada<\/strong> para resolver actuaciones y reducir al m\u00e1ximo la visita de inspectores. Tambi\u00e9n propone <strong>la ampliaci\u00f3n de los borradores en el IVA e <\/strong><a href=\"https:\/\/tugesto.com\/blog\/paga-menos-como-emprendedor-con-el-impuesto-de-sociedades-reducido\/\" target=\"_blank\" rel=\"noopener\"><strong>Impuesto de Sociedades<\/strong><\/a><strong>, <\/strong>en los que el contribuyente o societario comprueba los datos personales, ingresos y gastos del trimestre, as\u00ed como las desgravaciones o deducciones de las que puede beneficiarse, <strong>para confirmar o modificar.<\/strong><\/p>\n<p><a href=\"https:\/\/share-eu1.hsforms.com\/1FQ99pYYnTwWYIowPho9ndgfru4t\" target=\"_blank\" rel=\"noopener\"><img decoding=\"async\" class=\"alignnone wp-image-38238 size-full\" src=\"https:\/\/tugesto.com\/blog\/wp-content\/uploads\/2025\/01\/Calendario-Fiscal.2025-azul.jpg\" alt=\"\" width=\"1200\" height=\"200\" srcset=\"https:\/\/tugesto.com\/blog\/wp-content\/uploads\/2025\/01\/Calendario-Fiscal.2025-azul.jpg 1200w, https:\/\/tugesto.com\/blog\/wp-content\/uploads\/2025\/01\/Calendario-Fiscal.2025-azul-300x50.jpg 300w, https:\/\/tugesto.com\/blog\/wp-content\/uploads\/2025\/01\/Calendario-Fiscal.2025-azul-1024x171.jpg 1024w, https:\/\/tugesto.com\/blog\/wp-content\/uploads\/2025\/01\/Calendario-Fiscal.2025-azul-768x128.jpg 768w\" sizes=\"(max-width: 1200px) 100vw, 1200px\" \/><\/a><\/p>\n\n<h2 class=\"wp-block-heading\">Las medidas que recoge el plan fiscal para aut\u00f3nomos<\/h2>\n\n<p>Frente a c\u00f3mo afecta el nuevo plan al colectivo, <strong>las nuevas directrices del plan fiscal para aut\u00f3nomos modifican algunos procedimientos en la detecci\u00f3n y prevenci\u00f3n del fraude en los negocios, e intentan incentivar al contribuyente en sus obligaciones con el Fisco. <\/strong>Hacienda ejercer\u00e1 mayor control e inspecciones sobre determinados colectivos de aut\u00f3nomos.<\/p>\n\n<p><strong>Por ejemplo, las empresas menos perjudicadas econ\u00f3micamente por los efectos del Covid-19<\/strong> o que hayan modificado su actividad y se han reinventado manteniendo un mayor funcionamiento durante esta \u00e9poca. En estos se incluyen sectores que han apostado por la venta por Internet y los servicios de paqueter\u00eda o digitales.<\/p>\n\n<p>Esto no quiere decir que Hacienda se olvide de sectores que durante el periodo de estado de alarma no hayan ejercido actividad, o han tenido escasos ingresos durante un lapso de tiempo; solo se pretende favorecer su recuperaci\u00f3n, como es el caso de la hosteler\u00eda, comercio o actividades tur\u00edsticas.<\/p>\n\n<p><strong>Aquellos aut\u00f3nomos que eluden impuestos<\/strong> <strong>en el extranjero, <\/strong>cuando van hacia para\u00edsos fiscales o simulan vivir en otro pa\u00eds de menor carga fiscal, tambi\u00e9n se ver\u00e1n afectados.<\/p>\n\n<p>\u00a0Hay que recordar que para aportar al sistema tributario de otro pa\u00eds al menos deben residir la mitad o gran parte del a\u00f1o en ese pa\u00eds.<\/p>\n\n<div style=\"width: 100%;\">\n<div style=\"position: relative; padding-bottom: 56.25%; padding-top: 0; height: 0;\"><iframe style=\"position: absolute; top: 0; left: 0; width: 100%; height: 100%;\" src=\"https:\/\/view.genial.ly\/60dc1df383b8480ded4e47c5\" width=\"1200\" height=\"675\" frameborder=\"0\" scrolling=\"yes\" allowfullscreen=\"allowfullscreen\"><\/iframe><\/div>\n<\/div>\n\n<p>\u00a0<\/p>\n\n<h3 class=\"wp-block-heading\">Hacia los impuestos de sociedades de ciertas empresas<\/h3>\n\n<p>En <strong>empresas con declaraciones a compensar desgravaciones fiscales<\/strong> en ejercicios futuros con una minoraci\u00f3n indebida de tributaci\u00f3n, o con bases imponibles negativas y con diversas actividades siempre que est\u00e9n cotizando por debajo de la media de ingresos del sector.<\/p>\n\n<p><strong>El Fisco aumentar\u00e1 esfuerzos para detectar conductas il\u00edcitas y sancionables<\/strong> con el fin de aumentar la recaudaci\u00f3n, pues dos de cada tres empresas no pagaron este impuesto el pasado ejercicio por haber declarado p\u00e9rdidas en sus negocios. De esta forma, el Gobierno espera recaudar, seg\u00fan los c\u00e1lculos, muchos millones de euros entre 2023 y 2024.<\/p>\n\n<h3 class=\"wp-block-heading\">Las TAVs<\/h3>\n\n<p>Se intensifica el <strong>control sobre las tarjetas de pago<\/strong> y los terminales que est\u00e1n a distinto nombre del titular del negocio, con el fin de eludir ingresos y posteriores obligaciones fiscales.<\/p>\n\n<h3 class=\"wp-block-heading\">Mayor control de la ocultaci\u00f3n de ingresos y del IVA<\/h3>\n\n<p>La <strong>Agencia Tributaria verificar\u00e1 que cada negocio<\/strong> declarado <strong>est\u00e1 correctamente inscrito y censado <\/strong>en el r\u00e9gimen correspondiente, mediante el cruce de datos, para comprobar que los vol\u00famenes de facturaci\u00f3n se encuentran dentro de ratios (bruto y neto) del sector en el que se ubica la actividad.<\/p>\n\n<p>Tambi\u00e9n <strong>se limitan los pagos en efectivo por parte de empresarios y profesionales<\/strong> a 1000 euros como m\u00e1ximo, y evitar as\u00ed comportamientos defraudatorios.<\/p>\n\n<h4 class=\"wp-block-heading\">Lucha contra el fraude en el IVA<\/h4>\n\n<p>Gracias a las nuevas medidas a nivel europeo de depuraci\u00f3n censal, se detectar\u00e1 el fraude en el IVA. Adem\u00e1s, <strong>Hacienda dispone de la mayor\u00eda de las facturas de aut\u00f3nomos emitidas y recibidas por empresas de proveedores<\/strong>, o clientes con los impuestos recaudatorios repercutidos en los ingresos y ventas, y en las correctas retenciones aplicables.<\/p>\n\n<h3 class=\"wp-block-heading\">Otras novedades sobre el plan fiscal que te interesan si eres aut\u00f3nomo<\/h3>\n\n<p>Otras novedades del plan fiscal para aut\u00f3nomos del Ejecutivo son <strong>la unificaci\u00f3n de los libros de IVA e IRPF mediante formato \u00fanico,<\/strong> y <strong>los nuevos justificantes de pago utilizando el sistema NRC online,<\/strong> como comprobante del seguimiento y registro para el control de la deuda, evitando as\u00ed posibles actuaciones sancionadoras.<\/p>\n\n<p>Si tienes dudas sobre c\u00f3mo afectar\u00e1 a tu caso particular, en tugesto <a href=\"https:\/\/tugesto.com\/plan-autonomo\/\" target=\"_blank\" rel=\"noopener\">nos ponemos a tu disposici\u00f3n<\/a>.<\/p>\n\n<figure class=\"wp-block-video\"><a href=\"https:\/\/tugesto.com\/alta-autonomo\/\" target=\"_blank\" rel=\"noopener\"><video style=\"aspect-ratio: 1440 \/ 1080;\" src=\"https:\/\/tugesto.com\/blog\/wp-content\/uploads\/2020\/01\/BANNER-autonomo_enero_2020.mp4\" autoplay=\"autoplay\" loop=\"loop\" muted=\"\" width=\"1440\" height=\"1080\"><\/video><\/a><\/figure>\n\t\t\t\t\t\t\t\t<\/div>\n\t\t\t\t<\/div>\n\t\t\t\t\t<\/div>\n\t\t<\/div>\n\t\t\t\t\t<\/div>\n\t\t<\/section>\n\t\t\t\t<\/div>\n\t\t","protected":false},"excerpt":{"rendered":"<p>El Gobierno en el Plan de Recuperaci\u00f3n, Transformaci\u00f3n y Resiliencia recoge un modelo de mayor control fiscal contra los aut\u00f3nomos. Un nuevo mazazo para la actividad empresarial que es el motor del tejido productivo espa\u00f1ol. En tugesto, te explicamos en qu\u00e9 consiste y cu\u00e1l es el alcance del nuevo plan fiscal a los aut\u00f3nomos. Objetivo [&hellip;]<\/p>\n","protected":false},"author":12,"featured_media":20301,"comment_status":"open","ping_status":"open","sticky":false,"template":"","format":"standard","meta":{"_eb_attr":"","content-type":"","footnotes":""},"categories":[14],"tags":[36,38],"ppma_author":[1498],"class_list":["post-18320","post","type-post","status-publish","format-standard","has-post-thumbnail","hentry","category-contabilidad-y-fiscal","tag-autonomos","tag-pymes"],"yoast_head":"<!-- This site is optimized with the Yoast SEO plugin v26.8 - https:\/\/yoast.com\/product\/yoast-seo-wordpress\/ -->\n<title>Plan fiscal para aut\u00f3nomos: Objetivos y novedades | tugesto<\/title>\n<meta name=\"description\" content=\"Todo sobre el plan de control fiscal aut\u00f3nomos. Descubre los objetivos, medidas y novedades que recoge, \u00a1toma nota!\" \/>\n<meta name=\"robots\" content=\"index, follow, max-snippet:-1, max-image-preview:large, max-video-preview:-1\" \/>\n<link rel=\"canonical\" href=\"https:\/\/tugesto.com\/blog\/plan-fiscal-autonomos\/\" \/>\n<meta property=\"og:locale\" content=\"es_ES\" \/>\n<meta property=\"og:type\" content=\"article\" \/>\n<meta property=\"og:title\" content=\"Plan fiscal para aut\u00f3nomos: Objetivos y novedades | tugesto\" \/>\n<meta property=\"og:description\" content=\"Todo sobre el plan de control fiscal aut\u00f3nomos. Descubre los objetivos, medidas y novedades que recoge, \u00a1toma nota!\" \/>\n<meta property=\"og:url\" content=\"https:\/\/tugesto.com\/blog\/plan-fiscal-autonomos\/\" \/>\n<meta property=\"og:site_name\" content=\"Blog: \u00a1Aprende a emprender! | tugesto\" \/>\n<meta property=\"article:publisher\" content=\"https:\/\/www.facebook.com\/tugesto\/\" \/>\n<meta property=\"article:published_time\" content=\"2021-07-01T08:00:00+00:00\" \/>\n<meta property=\"article:modified_time\" content=\"2025-01-09T12:33:36+00:00\" \/>\n<meta property=\"og:image\" content=\"https:\/\/tugesto.com\/blog\/wp-content\/uploads\/2021\/06\/plan-fiscal-autonomos.jpg\" \/>\n\t<meta property=\"og:image:width\" content=\"750\" \/>\n\t<meta property=\"og:image:height\" content=\"429\" \/>\n\t<meta property=\"og:image:type\" content=\"image\/jpeg\" \/>\n<meta name=\"author\" content=\"David Fern\u00e1ndez\" \/>\n<meta name=\"twitter:card\" content=\"summary_large_image\" \/>\n<meta name=\"twitter:label1\" content=\"Escrito por\" \/>\n\t<meta name=\"twitter:data1\" content=\"David Fern\u00e1ndez\" \/>\n\t<meta name=\"twitter:label2\" content=\"Tiempo de lectura\" \/>\n\t<meta name=\"twitter:data2\" content=\"5 minutos\" \/>\n<script type=\"application\/ld+json\" class=\"yoast-schema-graph\">{\"@context\":\"https:\/\/schema.org\",\"@graph\":[{\"@type\":\"Article\",\"@id\":\"https:\/\/tugesto.com\/blog\/plan-fiscal-autonomos\/#article\",\"isPartOf\":{\"@id\":\"https:\/\/tugesto.com\/blog\/plan-fiscal-autonomos\/\"},\"author\":{\"name\":\"David Fern\u00e1ndez\",\"@id\":\"https:\/\/tugesto.com\/blog\/#\/schema\/person\/737f4a72f2e3855c9e8df888851bfef9\"},\"headline\":\"Todo sobre el plan fiscal para aut\u00f3nomos\",\"datePublished\":\"2021-07-01T08:00:00+00:00\",\"dateModified\":\"2025-01-09T12:33:36+00:00\",\"mainEntityOfPage\":{\"@id\":\"https:\/\/tugesto.com\/blog\/plan-fiscal-autonomos\/\"},\"wordCount\":918,\"commentCount\":0,\"publisher\":{\"@id\":\"https:\/\/tugesto.com\/blog\/#organization\"},\"image\":{\"@id\":\"https:\/\/tugesto.com\/blog\/plan-fiscal-autonomos\/#primaryimage\"},\"thumbnailUrl\":\"https:\/\/tugesto.com\/blog\/wp-content\/uploads\/2021\/06\/plan-fiscal-autonomos.jpg\",\"keywords\":[\"aut\u00f3nomos\",\"pymes\"],\"articleSection\":[\"Contabilidad y Fiscal\"],\"inLanguage\":\"es\",\"potentialAction\":[{\"@type\":\"CommentAction\",\"name\":\"Comment\",\"target\":[\"https:\/\/tugesto.com\/blog\/plan-fiscal-autonomos\/#respond\"]}]},{\"@type\":\"WebPage\",\"@id\":\"https:\/\/tugesto.com\/blog\/plan-fiscal-autonomos\/\",\"url\":\"https:\/\/tugesto.com\/blog\/plan-fiscal-autonomos\/\",\"name\":\"Plan fiscal para aut\u00f3nomos: Objetivos y novedades | tugesto\",\"isPartOf\":{\"@id\":\"https:\/\/tugesto.com\/blog\/#website\"},\"primaryImageOfPage\":{\"@id\":\"https:\/\/tugesto.com\/blog\/plan-fiscal-autonomos\/#primaryimage\"},\"image\":{\"@id\":\"https:\/\/tugesto.com\/blog\/plan-fiscal-autonomos\/#primaryimage\"},\"thumbnailUrl\":\"https:\/\/tugesto.com\/blog\/wp-content\/uploads\/2021\/06\/plan-fiscal-autonomos.jpg\",\"datePublished\":\"2021-07-01T08:00:00+00:00\",\"dateModified\":\"2025-01-09T12:33:36+00:00\",\"description\":\"Todo sobre el plan de control fiscal aut\u00f3nomos. Descubre los objetivos, medidas y novedades que recoge, \u00a1toma nota!\",\"breadcrumb\":{\"@id\":\"https:\/\/tugesto.com\/blog\/plan-fiscal-autonomos\/#breadcrumb\"},\"inLanguage\":\"es\",\"potentialAction\":[{\"@type\":\"ReadAction\",\"target\":[\"https:\/\/tugesto.com\/blog\/plan-fiscal-autonomos\/\"]}]},{\"@type\":\"ImageObject\",\"inLanguage\":\"es\",\"@id\":\"https:\/\/tugesto.com\/blog\/plan-fiscal-autonomos\/#primaryimage\",\"url\":\"https:\/\/tugesto.com\/blog\/wp-content\/uploads\/2021\/06\/plan-fiscal-autonomos.jpg\",\"contentUrl\":\"https:\/\/tugesto.com\/blog\/wp-content\/uploads\/2021\/06\/plan-fiscal-autonomos.jpg\",\"width\":750,\"height\":429,\"caption\":\"Todo sobre el plan fiscal aut\u00f3nomos, \u00a1toma nota!\"},{\"@type\":\"BreadcrumbList\",\"@id\":\"https:\/\/tugesto.com\/blog\/plan-fiscal-autonomos\/#breadcrumb\",\"itemListElement\":[{\"@type\":\"ListItem\",\"position\":1,\"name\":\"Home\",\"item\":\"https:\/\/tugesto.com\/blog\/\"},{\"@type\":\"ListItem\",\"position\":2,\"name\":\"Contabilidad y Fiscal\",\"item\":\"https:\/\/tugesto.com\/blog\/category\/contabilidad-y-fiscal\/\"},{\"@type\":\"ListItem\",\"position\":3,\"name\":\"Todo sobre el plan fiscal para aut\u00f3nomos\"}]},{\"@type\":\"WebSite\",\"@id\":\"https:\/\/tugesto.com\/blog\/#website\",\"url\":\"https:\/\/tugesto.com\/blog\/\",\"name\":\"Blog tugesto\",\"description\":\"\ud83d\udcda Blog especializado para aut\u00f3nomos y pymes. Encuentra semanalmente nuevos posts, recursos y gu\u00edas. La ayuda que necesitas para tu negocio.\",\"publisher\":{\"@id\":\"https:\/\/tugesto.com\/blog\/#organization\"},\"potentialAction\":[{\"@type\":\"SearchAction\",\"target\":{\"@type\":\"EntryPoint\",\"urlTemplate\":\"https:\/\/tugesto.com\/blog\/?s={search_term_string}\"},\"query-input\":{\"@type\":\"PropertyValueSpecification\",\"valueRequired\":true,\"valueName\":\"search_term_string\"}}],\"inLanguage\":\"es\"},{\"@type\":\"Organization\",\"@id\":\"https:\/\/tugesto.com\/blog\/#organization\",\"name\":\"tugesto\",\"url\":\"https:\/\/tugesto.com\/blog\/\",\"logo\":{\"@type\":\"ImageObject\",\"inLanguage\":\"es\",\"@id\":\"https:\/\/tugesto.com\/blog\/#\/schema\/logo\/image\/\",\"url\":\"https:\/\/tugesto.com\/blog\/wp-content\/uploads\/2019\/06\/logo_tugesto.png\",\"contentUrl\":\"https:\/\/tugesto.com\/blog\/wp-content\/uploads\/2019\/06\/logo_tugesto.png\",\"width\":190,\"height\":63,\"caption\":\"tugesto\"},\"image\":{\"@id\":\"https:\/\/tugesto.com\/blog\/#\/schema\/logo\/image\/\"},\"sameAs\":[\"https:\/\/www.facebook.com\/tugesto\/\",\"https:\/\/www.instagram.com\/tugesto_online\/\"]},{\"@type\":\"Person\",\"@id\":\"https:\/\/tugesto.com\/blog\/#\/schema\/person\/737f4a72f2e3855c9e8df888851bfef9\",\"name\":\"David Fern\u00e1ndez\",\"image\":{\"@type\":\"ImageObject\",\"inLanguage\":\"es\",\"@id\":\"https:\/\/tugesto.com\/blog\/#\/schema\/person\/image\/2882f1d57e6812c9fc588cf346c4e7d0\",\"url\":\"https:\/\/tugesto.com\/blog\/wp-content\/uploads\/2024\/05\/david-fernandez.png\",\"contentUrl\":\"https:\/\/tugesto.com\/blog\/wp-content\/uploads\/2024\/05\/david-fernandez.png\",\"caption\":\"David Fern\u00e1ndez\"},\"description\":\"Asesor contable y fiscal\"}]}<\/script>\n<!-- \/ Yoast SEO plugin. -->","yoast_head_json":{"title":"Plan fiscal para aut\u00f3nomos: Objetivos y novedades | tugesto","description":"Todo sobre el plan de control fiscal aut\u00f3nomos. Descubre los objetivos, medidas y novedades que recoge, \u00a1toma nota!","robots":{"index":"index","follow":"follow","max-snippet":"max-snippet:-1","max-image-preview":"max-image-preview:large","max-video-preview":"max-video-preview:-1"},"canonical":"https:\/\/tugesto.com\/blog\/plan-fiscal-autonomos\/","og_locale":"es_ES","og_type":"article","og_title":"Plan fiscal para aut\u00f3nomos: Objetivos y novedades | tugesto","og_description":"Todo sobre el plan de control fiscal aut\u00f3nomos. Descubre los objetivos, medidas y novedades que recoge, \u00a1toma nota!","og_url":"https:\/\/tugesto.com\/blog\/plan-fiscal-autonomos\/","og_site_name":"Blog: \u00a1Aprende a emprender! | tugesto","article_publisher":"https:\/\/www.facebook.com\/tugesto\/","article_published_time":"2021-07-01T08:00:00+00:00","article_modified_time":"2025-01-09T12:33:36+00:00","og_image":[{"width":750,"height":429,"url":"https:\/\/tugesto.com\/blog\/wp-content\/uploads\/2021\/06\/plan-fiscal-autonomos.jpg","type":"image\/jpeg"}],"author":"David Fern\u00e1ndez","twitter_card":"summary_large_image","twitter_misc":{"Escrito por":"David Fern\u00e1ndez","Tiempo de lectura":"5 minutos"},"schema":{"@context":"https:\/\/schema.org","@graph":[{"@type":"Article","@id":"https:\/\/tugesto.com\/blog\/plan-fiscal-autonomos\/#article","isPartOf":{"@id":"https:\/\/tugesto.com\/blog\/plan-fiscal-autonomos\/"},"author":{"name":"David Fern\u00e1ndez","@id":"https:\/\/tugesto.com\/blog\/#\/schema\/person\/737f4a72f2e3855c9e8df888851bfef9"},"headline":"Todo sobre el plan fiscal para aut\u00f3nomos","datePublished":"2021-07-01T08:00:00+00:00","dateModified":"2025-01-09T12:33:36+00:00","mainEntityOfPage":{"@id":"https:\/\/tugesto.com\/blog\/plan-fiscal-autonomos\/"},"wordCount":918,"commentCount":0,"publisher":{"@id":"https:\/\/tugesto.com\/blog\/#organization"},"image":{"@id":"https:\/\/tugesto.com\/blog\/plan-fiscal-autonomos\/#primaryimage"},"thumbnailUrl":"https:\/\/tugesto.com\/blog\/wp-content\/uploads\/2021\/06\/plan-fiscal-autonomos.jpg","keywords":["aut\u00f3nomos","pymes"],"articleSection":["Contabilidad y Fiscal"],"inLanguage":"es","potentialAction":[{"@type":"CommentAction","name":"Comment","target":["https:\/\/tugesto.com\/blog\/plan-fiscal-autonomos\/#respond"]}]},{"@type":"WebPage","@id":"https:\/\/tugesto.com\/blog\/plan-fiscal-autonomos\/","url":"https:\/\/tugesto.com\/blog\/plan-fiscal-autonomos\/","name":"Plan fiscal para aut\u00f3nomos: Objetivos y novedades | tugesto","isPartOf":{"@id":"https:\/\/tugesto.com\/blog\/#website"},"primaryImageOfPage":{"@id":"https:\/\/tugesto.com\/blog\/plan-fiscal-autonomos\/#primaryimage"},"image":{"@id":"https:\/\/tugesto.com\/blog\/plan-fiscal-autonomos\/#primaryimage"},"thumbnailUrl":"https:\/\/tugesto.com\/blog\/wp-content\/uploads\/2021\/06\/plan-fiscal-autonomos.jpg","datePublished":"2021-07-01T08:00:00+00:00","dateModified":"2025-01-09T12:33:36+00:00","description":"Todo sobre el plan de control fiscal aut\u00f3nomos. Descubre los objetivos, medidas y novedades que recoge, \u00a1toma nota!","breadcrumb":{"@id":"https:\/\/tugesto.com\/blog\/plan-fiscal-autonomos\/#breadcrumb"},"inLanguage":"es","potentialAction":[{"@type":"ReadAction","target":["https:\/\/tugesto.com\/blog\/plan-fiscal-autonomos\/"]}]},{"@type":"ImageObject","inLanguage":"es","@id":"https:\/\/tugesto.com\/blog\/plan-fiscal-autonomos\/#primaryimage","url":"https:\/\/tugesto.com\/blog\/wp-content\/uploads\/2021\/06\/plan-fiscal-autonomos.jpg","contentUrl":"https:\/\/tugesto.com\/blog\/wp-content\/uploads\/2021\/06\/plan-fiscal-autonomos.jpg","width":750,"height":429,"caption":"Todo sobre el plan fiscal aut\u00f3nomos, \u00a1toma nota!"},{"@type":"BreadcrumbList","@id":"https:\/\/tugesto.com\/blog\/plan-fiscal-autonomos\/#breadcrumb","itemListElement":[{"@type":"ListItem","position":1,"name":"Home","item":"https:\/\/tugesto.com\/blog\/"},{"@type":"ListItem","position":2,"name":"Contabilidad y Fiscal","item":"https:\/\/tugesto.com\/blog\/category\/contabilidad-y-fiscal\/"},{"@type":"ListItem","position":3,"name":"Todo sobre el plan fiscal para aut\u00f3nomos"}]},{"@type":"WebSite","@id":"https:\/\/tugesto.com\/blog\/#website","url":"https:\/\/tugesto.com\/blog\/","name":"Blog tugesto","description":"\ud83d\udcda Blog especializado para aut\u00f3nomos y pymes. Encuentra semanalmente nuevos posts, recursos y gu\u00edas. La ayuda que necesitas para tu negocio.","publisher":{"@id":"https:\/\/tugesto.com\/blog\/#organization"},"potentialAction":[{"@type":"SearchAction","target":{"@type":"EntryPoint","urlTemplate":"https:\/\/tugesto.com\/blog\/?s={search_term_string}"},"query-input":{"@type":"PropertyValueSpecification","valueRequired":true,"valueName":"search_term_string"}}],"inLanguage":"es"},{"@type":"Organization","@id":"https:\/\/tugesto.com\/blog\/#organization","name":"tugesto","url":"https:\/\/tugesto.com\/blog\/","logo":{"@type":"ImageObject","inLanguage":"es","@id":"https:\/\/tugesto.com\/blog\/#\/schema\/logo\/image\/","url":"https:\/\/tugesto.com\/blog\/wp-content\/uploads\/2019\/06\/logo_tugesto.png","contentUrl":"https:\/\/tugesto.com\/blog\/wp-content\/uploads\/2019\/06\/logo_tugesto.png","width":190,"height":63,"caption":"tugesto"},"image":{"@id":"https:\/\/tugesto.com\/blog\/#\/schema\/logo\/image\/"},"sameAs":["https:\/\/www.facebook.com\/tugesto\/","https:\/\/www.instagram.com\/tugesto_online\/"]},{"@type":"Person","@id":"https:\/\/tugesto.com\/blog\/#\/schema\/person\/737f4a72f2e3855c9e8df888851bfef9","name":"David Fern\u00e1ndez","image":{"@type":"ImageObject","inLanguage":"es","@id":"https:\/\/tugesto.com\/blog\/#\/schema\/person\/image\/2882f1d57e6812c9fc588cf346c4e7d0","url":"https:\/\/tugesto.com\/blog\/wp-content\/uploads\/2024\/05\/david-fernandez.png","contentUrl":"https:\/\/tugesto.com\/blog\/wp-content\/uploads\/2024\/05\/david-fernandez.png","caption":"David Fern\u00e1ndez"},"description":"Asesor contable y fiscal"}]}},"authors":[{"term_id":1498,"user_id":12,"is_guest":0,"slug":"david-fernandez","display_name":"David Fern\u00e1ndez","avatar_url":{"url":"https:\/\/tugesto.com\/blog\/wp-content\/uploads\/2024\/05\/david-fernandez.png","url2x":"https:\/\/tugesto.com\/blog\/wp-content\/uploads\/2024\/05\/david-fernandez.png"},"0":null,"1":"","2":"","3":"","4":"","5":"","6":"","7":"","8":""}],"_links":{"self":[{"href":"https:\/\/tugesto.com\/blog\/wp-json\/wp\/v2\/posts\/18320","targetHints":{"allow":["GET"]}}],"collection":[{"href":"https:\/\/tugesto.com\/blog\/wp-json\/wp\/v2\/posts"}],"about":[{"href":"https:\/\/tugesto.com\/blog\/wp-json\/wp\/v2\/types\/post"}],"author":[{"embeddable":true,"href":"https:\/\/tugesto.com\/blog\/wp-json\/wp\/v2\/users\/12"}],"replies":[{"embeddable":true,"href":"https:\/\/tugesto.com\/blog\/wp-json\/wp\/v2\/comments?post=18320"}],"version-history":[{"count":20,"href":"https:\/\/tugesto.com\/blog\/wp-json\/wp\/v2\/posts\/18320\/revisions"}],"predecessor-version":[{"id":38258,"href":"https:\/\/tugesto.com\/blog\/wp-json\/wp\/v2\/posts\/18320\/revisions\/38258"}],"wp:featuredmedia":[{"embeddable":true,"href":"https:\/\/tugesto.com\/blog\/wp-json\/wp\/v2\/media\/20301"}],"wp:attachment":[{"href":"https:\/\/tugesto.com\/blog\/wp-json\/wp\/v2\/media?parent=18320"}],"wp:term":[{"taxonomy":"category","embeddable":true,"href":"https:\/\/tugesto.com\/blog\/wp-json\/wp\/v2\/categories?post=18320"},{"taxonomy":"post_tag","embeddable":true,"href":"https:\/\/tugesto.com\/blog\/wp-json\/wp\/v2\/tags?post=18320"},{"taxonomy":"author","embeddable":true,"href":"https:\/\/tugesto.com\/blog\/wp-json\/wp\/v2\/ppma_author?post=18320"}],"curies":[{"name":"wp","href":"https:\/\/api.w.org\/{rel}","templated":true}]}}