{"id":1673,"date":"2015-12-23T17:57:23","date_gmt":"2015-12-23T16:57:23","guid":{"rendered":"http:\/\/tugesto.com\/blog\/?p=1673"},"modified":"2024-05-21T12:07:56","modified_gmt":"2024-05-21T10:07:56","slug":"salario-convenio-colectivo","status":"publish","type":"post","link":"https:\/\/tugesto.com\/blog\/salario-convenio-colectivo\/","title":{"rendered":"C\u00f3mo saber mi salario seg\u00fan convenio colectivo"},"content":{"rendered":"\t\t<div data-elementor-type=\"wp-post\" data-elementor-id=\"1673\" class=\"elementor elementor-1673\" data-elementor-post-type=\"post\">\n\t\t\t\t\t\t<section class=\"elementor-section elementor-top-section elementor-element elementor-element-a043aaf elementor-section-boxed elementor-section-height-default elementor-section-height-default\" data-id=\"a043aaf\" data-element_type=\"section\" data-e-type=\"section\">\n\t\t\t\t\t\t<div class=\"elementor-container elementor-column-gap-default\">\n\t\t\t\t\t<div class=\"elementor-column elementor-col-100 elementor-top-column elementor-element elementor-element-d430047\" data-id=\"d430047\" data-element_type=\"column\" data-e-type=\"column\">\n\t\t\t<div class=\"elementor-widget-wrap elementor-element-populated\">\n\t\t\t\t\t\t<div class=\"elementor-element elementor-element-e37d8cd elementor-widget elementor-widget-text-editor\" data-id=\"e37d8cd\" data-element_type=\"widget\" data-e-type=\"widget\" data-widget_type=\"text-editor.default\">\n\t\t\t\t<div class=\"elementor-widget-container\">\n\t\t\t\t\t\t\t\t\t<p>Hace unos meses habl\u00e1bamos del <strong>convenio colectivo<\/strong>, explicando en qu\u00e9 consist\u00eda y c\u00f3mo interpretarlo seg\u00fan al \u00e1mbito sectorial al que pertenec\u00edas. En este post en concreto, y tras recibir numerosas consultas legales acerca del tema, hemos decidido resolver una cuesti\u00f3n que se hacen miles de personas en este pa\u00eds: \u00bf<strong>c\u00f3mo saber mi<\/strong> <strong>salario seg\u00fan convenio colectivo<\/strong>?<\/p>\t\t\t\t\t\t\t\t<\/div>\n\t\t\t\t<\/div>\n\t\t\t\t\t<\/div>\n\t\t<\/div>\n\t\t\t\t\t<\/div>\n\t\t<\/section>\n\t\t\t\t<section class=\"elementor-section elementor-top-section elementor-element elementor-element-6c155c2 elementor-section-boxed elementor-section-height-default elementor-section-height-default\" data-id=\"6c155c2\" data-element_type=\"section\" data-e-type=\"section\">\n\t\t\t\t\t\t<div class=\"elementor-container elementor-column-gap-default\">\n\t\t\t\t\t<div class=\"elementor-column elementor-col-100 elementor-top-column elementor-element elementor-element-ea7c943\" data-id=\"ea7c943\" data-element_type=\"column\" data-e-type=\"column\">\n\t\t\t<div class=\"elementor-widget-wrap elementor-element-populated\">\n\t\t\t\t\t\t<div class=\"elementor-element elementor-element-7e1fafc elementor-widget elementor-widget-video\" data-id=\"7e1fafc\" data-element_type=\"widget\" data-e-type=\"widget\" data-settings=\"{&quot;youtube_url&quot;:&quot;https:\\\/\\\/www.youtube.com\\\/watch?v=v7Xwopc6_VE&quot;,&quot;video_type&quot;:&quot;youtube&quot;,&quot;controls&quot;:&quot;yes&quot;}\" data-widget_type=\"video.default\">\n\t\t\t\t<div class=\"elementor-widget-container\">\n\t\t\t\t\t\t\t<div class=\"elementor-wrapper elementor-open-inline\">\n\t\t\t<div class=\"elementor-video\"><\/div>\t\t<\/div>\n\t\t\t\t\t\t<\/div>\n\t\t\t\t<\/div>\n\t\t\t\t\t<\/div>\n\t\t<\/div>\n\t\t\t\t\t<\/div>\n\t\t<\/section>\n\t\t\t\t<section class=\"elementor-section elementor-top-section elementor-element elementor-element-5ca8ec0b elementor-section-boxed elementor-section-height-default elementor-section-height-default\" data-id=\"5ca8ec0b\" data-element_type=\"section\" data-e-type=\"section\">\n\t\t\t\t\t\t<div class=\"elementor-container elementor-column-gap-default\">\n\t\t\t\t\t<div class=\"elementor-column elementor-col-100 elementor-top-column elementor-element elementor-element-7326e90d\" data-id=\"7326e90d\" data-element_type=\"column\" data-e-type=\"column\">\n\t\t\t<div class=\"elementor-widget-wrap elementor-element-populated\">\n\t\t\t\t\t\t<div class=\"elementor-element elementor-element-5342c98e elementor-widget elementor-widget-text-editor\" data-id=\"5342c98e\" data-element_type=\"widget\" data-e-type=\"widget\" data-widget_type=\"text-editor.default\">\n\t\t\t\t<div class=\"elementor-widget-container\">\n\t\t\t\t\t\t\t\t\t<h2 style=\"text-align: justify;\"><span style=\"color: inherit; font-family: inherit; font-size: 2rem;\">\u00bfEstoy obligado a cobrar seg\u00fan convenio colectivo?<\/span><\/h2>\n<p style=\"text-align: justify;\">Aunque parezca imposible, todav\u00eda existen muchos trabajadores que no saben que tienen unos <strong>derechos establecidos por el convenio colectivo<\/strong>. El convenio colectivo, lo que pretende regular, son las condiciones de trabajo de un empleado. En \u00e9l se recoge, por ejemplo, la <strong>jornada laboral o el salario m\u00ednimo<\/strong> que debe cobrar el trabajador.<\/p>\n<p style=\"text-align: justify;\">No obstante, muchos trabajadores todav\u00eda no saben que su salario m\u00ednimo est\u00e1 fijado por el convenio al que pertenece su empresa y es de obligado cumplimiento.<\/p>\n<p style=\"text-align: justify;\">Por otro lado, muchas empresas aprovechan esta circunstancia utilizando el truco de poner en el contrato alguno de los siguientes supuestos:<\/p>\n<h3>Se acogen al Estatuto de Trabajadores<\/h3>\n<p style=\"text-align: justify;\">En muchos casos, las empresas afirman que no tienen convenios sino que aplican el ET (Estatuto de Trabajadores).<\/p>\n<p><a href=\"http:\/\/tugesto.com\/asesoria-legal\" target=\"_blank\" rel=\"noopener\"><img fetchpriority=\"high\" decoding=\"async\" class=\"alignnone wp-image-14909 size-full\" src=\"https:\/\/tugesto.com\/blog\/wp-content\/uploads\/2020\/01\/asesoramiento-48h-consultas-legales-tugesto.jpg\" alt=\"En menos de 48 horas un abogado de tugesto estudiar\u00e1 tu caso\" width=\"1216\" height=\"367\" srcset=\"https:\/\/tugesto.com\/blog\/wp-content\/uploads\/2020\/01\/asesoramiento-48h-consultas-legales-tugesto.jpg 1216w, https:\/\/tugesto.com\/blog\/wp-content\/uploads\/2020\/01\/asesoramiento-48h-consultas-legales-tugesto-300x91.jpg 300w, https:\/\/tugesto.com\/blog\/wp-content\/uploads\/2020\/01\/asesoramiento-48h-consultas-legales-tugesto-1024x309.jpg 1024w, https:\/\/tugesto.com\/blog\/wp-content\/uploads\/2020\/01\/asesoramiento-48h-consultas-legales-tugesto-768x232.jpg 768w\" sizes=\"(max-width: 1216px) 100vw, 1216px\" \/><\/a><\/p>\n<p style=\"text-align: justify;\">De ese modo el trabajador puede estar cobrando el salario m\u00ednimo o poco m\u00e1s y trabajando una jornada completa de 40 horas semanales.<\/p>\n<h3>Escogen el convenio colectivo con los salarios m\u00e1s bajos<\/h3>\n<p style=\"text-align: justify;\">Se trata de otro de los trucos m\u00e1s utilizados por las empresas. Es habitual\u00a0aplicar el <strong>convenio de \u00aboficinas y despachos\u00bb<\/strong>.<\/p>\n<p style=\"text-align: justify;\">Este convenio suele tener los salarios m\u00e1s bajos y las jornadas m\u00e1s altas.<\/p>\n<p style=\"text-align: justify;\">No siempre es un error esta opci\u00f3n.<\/p>\n<p style=\"text-align: justify;\">Depender\u00e1 de cada caso en particular, de la actividad y de la provincia en la que se encuentre la empresa.<\/p>\n<h3>Aplican el convenio colectivo que corresponde, pero de otra provincia<\/h3>\n<p style=\"text-align: justify;\">Es otra de las opciones m\u00e1s comunes.<\/p>\n<p style=\"text-align: justify;\">Existen empresas que tienen una cadena de locales y comercios en diferentes provincias.<\/p>\n<p style=\"text-align: justify;\">Lo que suelen hacer normalmente es <strong>aplicar el convenio colectivo de aquella provincia <\/strong>que tenga los salarios m\u00e1s m\u00ednimos.<\/p>\n<p style=\"text-align: justify;\">Esta pr\u00e1ctica no es correcta. En realidad es de obligado cumplimiento aplicar el convenio colectivo dependiendo del lugar donde se desarrolle el trabajo. Puede existir excepciones en lo referente a los desplazamientos de los trabajadores si le est\u00e1n pagando dietas.<\/p>\n<h3>Cambian de convenio<\/h3>\n<p style=\"text-align: justify;\">Otra opci\u00f3n por la que optan las empresas es<strong> cambiar el convenio colectivo<\/strong>.<\/p>\n<p style=\"text-align: justify;\">Realmente esta pr\u00e1ctica es un tanto ambigua. No se puede escoger el convenio colectivo a su antojo.<\/p>\n<p style=\"text-align: justify;\">Por ley se debe escoger aquel al que pertenezca la actividad que se desarrolla y no modificarlo por pagar los salarios m\u00e1s bajos. No obstante, si la empresa quiere cambiarlo porque el que tiene no se corresponde al de su actividad, en ese caso si que se podr\u00eda modificar.<\/p>\n<p style=\"text-align: justify;\">Para ello deber\u00e1 establecer una negociaci\u00f3n con la Representaci\u00f3n Legal de los Trabajadores.<\/p>\n<p style=\"text-align: justify;\">Lo que queda claro es que las empresas <strong>no pueden escoger el convenio sectorial que m\u00e1s les beneficie<\/strong>, sino que tienen que aplicar obligatoriamente al que pertenecen.<\/p>\n<p style=\"text-align: justify;\">Seg\u00fan regula el art\u00edculo 82.3 del <a href=\"http:\/\/www.boe.es\/buscar\/act.php?id=BOE-A-1995-7730\" target=\"_blank\" rel=\"nofollow noopener noreferrer\">Estatuto de los Trabajadores<\/a>: \u00ab<em>los convenios colectivos regulados por esta Ley obligan a todos los empresarios y trabajadores incluidos dentro de su \u00e1mbito de aplicaci\u00f3n y durante todo el tiempo de su vigencia<\/em>.\u00bb<\/p>\n<p><a href=\"https:\/\/meetings-eu1.hubspot.com\/reuniones\/blog\" target=\"_blank\" rel=\"noopener\"><img decoding=\"async\" class=\"alignnone wp-image-36784 size-full\" src=\"https:\/\/tugesto.com\/blog\/wp-content\/uploads\/2024\/04\/conoce-plataforma-15-minutos.png\" alt=\"\" width=\"800\" height=\"241\" srcset=\"https:\/\/tugesto.com\/blog\/wp-content\/uploads\/2024\/04\/conoce-plataforma-15-minutos.png 800w, https:\/\/tugesto.com\/blog\/wp-content\/uploads\/2024\/04\/conoce-plataforma-15-minutos-300x90.png 300w, https:\/\/tugesto.com\/blog\/wp-content\/uploads\/2024\/04\/conoce-plataforma-15-minutos-768x231.png 768w\" sizes=\"(max-width: 800px) 100vw, 800px\" \/><\/a><\/p>\n<h2 style=\"text-align: justify;\">\u00bfC\u00f3mo puedo saber si es correcto mi salario seg\u00fan\u00a0convenio colectivo?<\/h2>\n<p style=\"text-align: justify;\">En cada convenio, en los primeros art\u00edculos, se indica cu\u00e1l es su \u00e1mbito de aplicaci\u00f3n.<\/p>\n<p style=\"text-align: justify;\">En \u00e9l se detallan todas las actividades que abarca dicho convenio. De este modo <strong>el trabajador puede saber a qu\u00e9 convenio pertenece<\/strong> y si est\u00e1 cobrando arreglo a convenio o no.<\/p>\n<p style=\"text-align: justify;\">Una vez sepas cual es el convenio al que perteneces, puedes saber si est\u00e1s cobrando correctamente lo que dicta tu convenio.<\/p>\n<p style=\"text-align: justify;\">Nosotros te indicamos los 5 pasos para saber si se cumple o no el salario que debes recibir:<\/p>\n<h3 style=\"text-align: justify;\">Atender a la categor\u00eda profesional<\/h3>\n<p style=\"text-align: justify;\">Esto es para saber si est\u00e1s\u00a0bien encuadrado en la <strong>categor\u00eda profesional<\/strong>. En el convenio siempre hay un art\u00edculo en el cual se detalla categor\u00eda a categor\u00eda las <strong>funciones y responsabilidades de cada puesto de trabajo<\/strong>, seg\u00fan \u00e9stas se te\u00a0incluye en una categor\u00eda o profesional.<\/p>\n<p style=\"text-align: justify;\">Por ejemplo para pertenecer al grupo 4 del convenio de la siderometal\u00fargica <em>son aquellos trabajadores que realizan trabajos de ejecuci\u00f3n aut\u00f3noma que exijan, habitualmente, iniciativa y razonamiento por parte de los trabajadores y trabajadoras encargados de su ejecuci\u00f3n, comportamiento, bajo supervisi\u00f3n, la responsabilidad de los mismos. Formaci\u00f3n: Bachillerato, BUP o equivalente o T\u00e9cnico especialista\u2026\u00a0 Ser\u00edan T\u00e9cnicos en general Jefe de Organizaci\u00f3n, Encargados y Profesional de Oficio Especial.<\/em><\/p>\n<h3 style=\"text-align: justify;\">Atender a las retribuciones<\/h3>\n<p style=\"text-align: justify;\">En este art\u00edculo nos informa de las <strong>retribuciones que debemos percibir<\/strong> y si son las que figuran en la tabla salarial. Sus conceptos son: Salario Base y Pluses.<\/p>\n<h3 style=\"text-align: justify;\">Atender a los pluses<\/h3>\n<p style=\"text-align: justify;\">Muchos convenios marcan <strong>pluses obligatorios<\/strong>, tales como \u201cplus convenio\u201d o\u00a0 \u201cplus transporte\u201d. Estos pluses est\u00e1n bien definidos en los art\u00edculos del convenio.<\/p>\n<p><a href=\"http:\/\/tugesto.com\/software-recursos-humanos\" target=\"_blank\" rel=\"noopener\"><img decoding=\"async\" class=\"alignnone wp-image-20315 size-full\" src=\"https:\/\/tugesto.com\/blog\/wp-content\/uploads\/2021\/07\/Altas_bajas_laboral.png\" alt=\"agiliza-contrataciones\" width=\"800\" height=\"241\" srcset=\"https:\/\/tugesto.com\/blog\/wp-content\/uploads\/2021\/07\/Altas_bajas_laboral.png 800w, https:\/\/tugesto.com\/blog\/wp-content\/uploads\/2021\/07\/Altas_bajas_laboral-300x90.png 300w, https:\/\/tugesto.com\/blog\/wp-content\/uploads\/2021\/07\/Altas_bajas_laboral-768x231.png 768w\" sizes=\"(max-width: 800px) 100vw, 800px\" \/><\/a><\/p>\n<h3 style=\"text-align: justify;\">Atender a la\u00a0antig\u00fcedad<\/h3>\n<p style=\"text-align: justify;\">La <strong>antig\u00fcedad<\/strong> est\u00e1 desapareciendo de muchos convenios, pero para los trabajadores que llevan a\u00f1os trabajando es un derecho adquirido y no se le\u00a0puede negar.<\/p>\n<h3 style=\"text-align: justify;\">Atender a las dietas<\/h3>\n<p style=\"text-align: justify;\">Los convenios marcan las <strong>dietas que tiene derecho a cobrar el trabajador<\/strong> por desplazamientos, este concepto puede pagarse en la n\u00f3mina o en gastos de desplazamiento.<\/p>\n<p style=\"text-align: justify;\">Pues bien, teniendo en cuenta los puntos anteriores, puedes comparar tu n\u00f3mina con el convenio al que perteneces.<\/p>\n<p style=\"text-align: justify;\">Tenemos que tener en cuenta que muchos convenios no se han renovado desde hace varios a\u00f1os por lo que deberemos fijarnos en el art\u00edculo <strong>Cl\u00e1usula de Revisi\u00f3n Salarial<\/strong>.<\/p>\n<p style=\"text-align: justify;\">En este art\u00edculo nos dice que <strong>los salarios ser\u00e1n revisados y a fecha 01 de enero de los a\u00f1os que marque<\/strong>, se incrementar\u00e1 el salario base y los pluses que mencione en un % m\u00e1s el IPC. Esto es muy importante, si la empresa no lo incrementa deber\u00e1 abonarnos las diferencias salariales.<\/p>\n<h2 style=\"text-align: justify;\">Infograf\u00eda: \u00bfCobro seg\u00fan mi convenio colectivo?<\/h2>\n<p><iframe style=\"border: 1px solid #CCC; border-width: 1px; margin-bottom: 5px; max-width: 100%;\" src=\"\/\/www.slideshare.net\/slideshow\/embed_code\/key\/8nLQAoBCJdoKar\" width=\"668\" height=\"714\" frameborder=\"0\" marginwidth=\"0\" marginheight=\"0\" scrolling=\"no\" allowfullscreen=\"allowfullscreen\"> <\/iframe><\/p>\n<p style=\"text-align: justify;\"><span style=\"color: #4c4f54;\">Como ves, es m\u00e1s sencillo de lo que parece.<\/span><\/p>\n<p style=\"text-align: justify;\"><span style=\"color: #4c4f54;\">Si tienes constancia de que no est\u00e1s cobrando con arreglo a tu convenio colectivo, puedes contactar con nosotros en:<\/span><\/p>\n<p style=\"text-align: justify;\"><span style=\"color: #4c4f54;\"><em>Esteban Escribano, asesor laboral de tugesto.<\/em><\/span><\/p>\n<p><\/p>\n<p><\/p>\t\t\t\t\t\t\t\t<\/div>\n\t\t\t\t<\/div>\n\t\t\t\t\t<\/div>\n\t\t<\/div>\n\t\t\t\t\t<\/div>\n\t\t<\/section>\n\t\t\t\t<\/div>\n\t\t","protected":false},"excerpt":{"rendered":"<p>Hace unos meses habl\u00e1bamos del convenio colectivo, explicando en qu\u00e9 consist\u00eda y c\u00f3mo interpretarlo seg\u00fan al \u00e1mbito sectorial al que pertenec\u00edas. En este post en concreto, y tras recibir numerosas consultas legales acerca del tema, hemos decidido resolver una cuesti\u00f3n que se hacen miles de personas en este pa\u00eds: \u00bfc\u00f3mo saber mi salario seg\u00fan convenio [&hellip;]<\/p>\n","protected":false},"author":9,"featured_media":1686,"comment_status":"closed","ping_status":"open","sticky":false,"template":"","format":"image","meta":{"_eb_attr":"","content-type":"","footnotes":""},"categories":[45,10],"tags":[36,38],"ppma_author":[1495],"class_list":["post-1673","post","type-post","status-publish","format-image","has-post-thumbnail","hentry","category-laboral","category-recursos","tag-autonomos","tag-pymes","post_format-post-format-image"],"yoast_head":"<!-- This site is optimized with the Yoast SEO plugin v27.5 - https:\/\/yoast.com\/product\/yoast-seo-wordpress\/ -->\n<title>C\u00f3mo saber mi salario seg\u00fan convenio colectivo | tugesto<\/title>\n<meta name=\"description\" content=\"\u00bfNo sabes si est\u00e1s cobrando en funci\u00f3n de tu convenio colectivo? Te indicamos c\u00f3mo saber el salario seg\u00fan convenio colectivo, toma nota\" \/>\n<meta name=\"robots\" content=\"index, follow, max-snippet:-1, max-image-preview:large, max-video-preview:-1\" \/>\n<link rel=\"canonical\" href=\"https:\/\/tugesto.com\/blog\/salario-convenio-colectivo\/\" \/>\n<meta property=\"og:locale\" content=\"es_ES\" \/>\n<meta property=\"og:type\" content=\"article\" \/>\n<meta property=\"og:title\" content=\"C\u00f3mo saber mi salario seg\u00fan convenio colectivo | tugesto\" \/>\n<meta property=\"og:description\" content=\"\u00bfNo sabes si est\u00e1s cobrando en funci\u00f3n de tu convenio colectivo? Te indicamos c\u00f3mo saber el salario seg\u00fan convenio colectivo, toma nota\" \/>\n<meta property=\"og:url\" content=\"https:\/\/tugesto.com\/blog\/salario-convenio-colectivo\/\" \/>\n<meta property=\"og:site_name\" content=\"Blog: \u00a1Aprende a emprender! | tugesto\" \/>\n<meta property=\"article:publisher\" content=\"https:\/\/www.facebook.com\/tugesto\/\" \/>\n<meta property=\"article:published_time\" content=\"2015-12-23T16:57:23+00:00\" \/>\n<meta property=\"article:modified_time\" content=\"2024-05-21T10:07:56+00:00\" \/>\n<meta property=\"og:image\" content=\"https:\/\/tugesto.com\/blog\/wp-content\/uploads\/2015\/12\/salario-convenio-colectivo.jpg\" \/>\n\t<meta property=\"og:image:width\" content=\"700\" \/>\n\t<meta property=\"og:image:height\" content=\"329\" \/>\n\t<meta property=\"og:image:type\" content=\"image\/jpeg\" \/>\n<meta name=\"author\" content=\"Amparo Carratala\" \/>\n<meta name=\"twitter:card\" content=\"summary_large_image\" \/>\n<meta name=\"twitter:label1\" content=\"Escrito por\" \/>\n\t<meta name=\"twitter:data1\" content=\"Amparo Carratala\" \/>\n\t<meta name=\"twitter:label2\" content=\"Tiempo de lectura\" \/>\n\t<meta name=\"twitter:data2\" content=\"6 minutos\" \/>\n<script type=\"application\/ld+json\" class=\"yoast-schema-graph\">{\"@context\":\"https:\\\/\\\/schema.org\",\"@graph\":[{\"@type\":\"Article\",\"@id\":\"https:\\\/\\\/tugesto.com\\\/blog\\\/salario-convenio-colectivo\\\/#article\",\"isPartOf\":{\"@id\":\"https:\\\/\\\/tugesto.com\\\/blog\\\/salario-convenio-colectivo\\\/\"},\"author\":{\"name\":\"Amparo Carratala\",\"@id\":\"https:\\\/\\\/tugesto.com\\\/blog\\\/#\\\/schema\\\/person\\\/2c70b34a36244511f4e51800f6121f80\"},\"headline\":\"C\u00f3mo saber mi salario seg\u00fan convenio colectivo\",\"datePublished\":\"2015-12-23T16:57:23+00:00\",\"dateModified\":\"2024-05-21T10:07:56+00:00\",\"mainEntityOfPage\":{\"@id\":\"https:\\\/\\\/tugesto.com\\\/blog\\\/salario-convenio-colectivo\\\/\"},\"wordCount\":1090,\"publisher\":{\"@id\":\"https:\\\/\\\/tugesto.com\\\/blog\\\/#organization\"},\"image\":{\"@id\":\"https:\\\/\\\/tugesto.com\\\/blog\\\/salario-convenio-colectivo\\\/#primaryimage\"},\"thumbnailUrl\":\"https:\\\/\\\/tugesto.com\\\/blog\\\/wp-content\\\/uploads\\\/2015\\\/12\\\/salario-convenio-colectivo.jpg\",\"keywords\":[\"aut\u00f3nomos\",\"pymes\"],\"articleSection\":[\"Laboral\",\"Recursos\"],\"inLanguage\":\"es\"},{\"@type\":\"WebPage\",\"@id\":\"https:\\\/\\\/tugesto.com\\\/blog\\\/salario-convenio-colectivo\\\/\",\"url\":\"https:\\\/\\\/tugesto.com\\\/blog\\\/salario-convenio-colectivo\\\/\",\"name\":\"C\u00f3mo saber mi salario seg\u00fan convenio colectivo | tugesto\",\"isPartOf\":{\"@id\":\"https:\\\/\\\/tugesto.com\\\/blog\\\/#website\"},\"primaryImageOfPage\":{\"@id\":\"https:\\\/\\\/tugesto.com\\\/blog\\\/salario-convenio-colectivo\\\/#primaryimage\"},\"image\":{\"@id\":\"https:\\\/\\\/tugesto.com\\\/blog\\\/salario-convenio-colectivo\\\/#primaryimage\"},\"thumbnailUrl\":\"https:\\\/\\\/tugesto.com\\\/blog\\\/wp-content\\\/uploads\\\/2015\\\/12\\\/salario-convenio-colectivo.jpg\",\"datePublished\":\"2015-12-23T16:57:23+00:00\",\"dateModified\":\"2024-05-21T10:07:56+00:00\",\"description\":\"\u00bfNo sabes si est\u00e1s cobrando en funci\u00f3n de tu convenio colectivo? Te indicamos c\u00f3mo saber el salario seg\u00fan convenio colectivo, toma nota\",\"breadcrumb\":{\"@id\":\"https:\\\/\\\/tugesto.com\\\/blog\\\/salario-convenio-colectivo\\\/#breadcrumb\"},\"inLanguage\":\"es\",\"potentialAction\":[{\"@type\":\"ReadAction\",\"target\":[\"https:\\\/\\\/tugesto.com\\\/blog\\\/salario-convenio-colectivo\\\/\"]}]},{\"@type\":\"ImageObject\",\"inLanguage\":\"es\",\"@id\":\"https:\\\/\\\/tugesto.com\\\/blog\\\/salario-convenio-colectivo\\\/#primaryimage\",\"url\":\"https:\\\/\\\/tugesto.com\\\/blog\\\/wp-content\\\/uploads\\\/2015\\\/12\\\/salario-convenio-colectivo.jpg\",\"contentUrl\":\"https:\\\/\\\/tugesto.com\\\/blog\\\/wp-content\\\/uploads\\\/2015\\\/12\\\/salario-convenio-colectivo.jpg\",\"width\":700,\"height\":329,\"caption\":\"Descubre si est\u00e1s cobrando seg\u00fan tu convenio colectivo, importante para estar al d\u00eda en todo lo relacionado con tu salario\"},{\"@type\":\"BreadcrumbList\",\"@id\":\"https:\\\/\\\/tugesto.com\\\/blog\\\/salario-convenio-colectivo\\\/#breadcrumb\",\"itemListElement\":[{\"@type\":\"ListItem\",\"position\":1,\"name\":\"Home\",\"item\":\"https:\\\/\\\/tugesto.com\\\/blog\\\/\"},{\"@type\":\"ListItem\",\"position\":2,\"name\":\"Laboral\",\"item\":\"https:\\\/\\\/tugesto.com\\\/blog\\\/category\\\/laboral\\\/\"},{\"@type\":\"ListItem\",\"position\":3,\"name\":\"C\u00f3mo saber mi salario seg\u00fan convenio colectivo\"}]},{\"@type\":\"WebSite\",\"@id\":\"https:\\\/\\\/tugesto.com\\\/blog\\\/#website\",\"url\":\"https:\\\/\\\/tugesto.com\\\/blog\\\/\",\"name\":\"Blog tugesto\",\"description\":\"\ud83d\udcda Blog especializado para aut\u00f3nomos y pymes. Encuentra semanalmente nuevos posts, recursos y gu\u00edas. La ayuda que necesitas para tu negocio.\",\"publisher\":{\"@id\":\"https:\\\/\\\/tugesto.com\\\/blog\\\/#organization\"},\"potentialAction\":[{\"@type\":\"SearchAction\",\"target\":{\"@type\":\"EntryPoint\",\"urlTemplate\":\"https:\\\/\\\/tugesto.com\\\/blog\\\/?s={search_term_string}\"},\"query-input\":{\"@type\":\"PropertyValueSpecification\",\"valueRequired\":true,\"valueName\":\"search_term_string\"}}],\"inLanguage\":\"es\"},{\"@type\":\"Organization\",\"@id\":\"https:\\\/\\\/tugesto.com\\\/blog\\\/#organization\",\"name\":\"tugesto\",\"url\":\"https:\\\/\\\/tugesto.com\\\/blog\\\/\",\"logo\":{\"@type\":\"ImageObject\",\"inLanguage\":\"es\",\"@id\":\"https:\\\/\\\/tugesto.com\\\/blog\\\/#\\\/schema\\\/logo\\\/image\\\/\",\"url\":\"https:\\\/\\\/tugesto.com\\\/blog\\\/wp-content\\\/uploads\\\/2019\\\/06\\\/logo_tugesto.png\",\"contentUrl\":\"https:\\\/\\\/tugesto.com\\\/blog\\\/wp-content\\\/uploads\\\/2019\\\/06\\\/logo_tugesto.png\",\"width\":190,\"height\":63,\"caption\":\"tugesto\"},\"image\":{\"@id\":\"https:\\\/\\\/tugesto.com\\\/blog\\\/#\\\/schema\\\/logo\\\/image\\\/\"},\"sameAs\":[\"https:\\\/\\\/www.facebook.com\\\/tugesto\\\/\",\"https:\\\/\\\/www.instagram.com\\\/tugesto_online\\\/\"]},{\"@type\":\"Person\",\"@id\":\"https:\\\/\\\/tugesto.com\\\/blog\\\/#\\\/schema\\\/person\\\/2c70b34a36244511f4e51800f6121f80\",\"name\":\"Amparo Carratala\",\"image\":{\"@type\":\"ImageObject\",\"inLanguage\":\"es\",\"@id\":\"https:\\\/\\\/tugesto.com\\\/blog\\\/wp-content\\\/uploads\\\/2024\\\/05\\\/amparo-carratala.pngb285d77d385f0087818132665d0ade46\",\"url\":\"https:\\\/\\\/tugesto.com\\\/blog\\\/wp-content\\\/uploads\\\/2024\\\/05\\\/amparo-carratala.png\",\"contentUrl\":\"https:\\\/\\\/tugesto.com\\\/blog\\\/wp-content\\\/uploads\\\/2024\\\/05\\\/amparo-carratala.png\",\"caption\":\"Amparo Carratala\"},\"description\":\"Gestora laboral, experta en n\u00f3minas\"}]}<\/script>\n<!-- \/ Yoast SEO plugin. -->","yoast_head_json":{"title":"C\u00f3mo saber mi salario seg\u00fan convenio colectivo | tugesto","description":"\u00bfNo sabes si est\u00e1s cobrando en funci\u00f3n de tu convenio colectivo? Te indicamos c\u00f3mo saber el salario seg\u00fan convenio colectivo, toma nota","robots":{"index":"index","follow":"follow","max-snippet":"max-snippet:-1","max-image-preview":"max-image-preview:large","max-video-preview":"max-video-preview:-1"},"canonical":"https:\/\/tugesto.com\/blog\/salario-convenio-colectivo\/","og_locale":"es_ES","og_type":"article","og_title":"C\u00f3mo saber mi salario seg\u00fan convenio colectivo | tugesto","og_description":"\u00bfNo sabes si est\u00e1s cobrando en funci\u00f3n de tu convenio colectivo? Te indicamos c\u00f3mo saber el salario seg\u00fan convenio colectivo, toma nota","og_url":"https:\/\/tugesto.com\/blog\/salario-convenio-colectivo\/","og_site_name":"Blog: \u00a1Aprende a emprender! | tugesto","article_publisher":"https:\/\/www.facebook.com\/tugesto\/","article_published_time":"2015-12-23T16:57:23+00:00","article_modified_time":"2024-05-21T10:07:56+00:00","og_image":[{"width":700,"height":329,"url":"https:\/\/tugesto.com\/blog\/wp-content\/uploads\/2015\/12\/salario-convenio-colectivo.jpg","type":"image\/jpeg"}],"author":"Amparo Carratala","twitter_card":"summary_large_image","twitter_misc":{"Escrito por":"Amparo Carratala","Tiempo de lectura":"6 minutos"},"schema":{"@context":"https:\/\/schema.org","@graph":[{"@type":"Article","@id":"https:\/\/tugesto.com\/blog\/salario-convenio-colectivo\/#article","isPartOf":{"@id":"https:\/\/tugesto.com\/blog\/salario-convenio-colectivo\/"},"author":{"name":"Amparo Carratala","@id":"https:\/\/tugesto.com\/blog\/#\/schema\/person\/2c70b34a36244511f4e51800f6121f80"},"headline":"C\u00f3mo saber mi salario seg\u00fan convenio colectivo","datePublished":"2015-12-23T16:57:23+00:00","dateModified":"2024-05-21T10:07:56+00:00","mainEntityOfPage":{"@id":"https:\/\/tugesto.com\/blog\/salario-convenio-colectivo\/"},"wordCount":1090,"publisher":{"@id":"https:\/\/tugesto.com\/blog\/#organization"},"image":{"@id":"https:\/\/tugesto.com\/blog\/salario-convenio-colectivo\/#primaryimage"},"thumbnailUrl":"https:\/\/tugesto.com\/blog\/wp-content\/uploads\/2015\/12\/salario-convenio-colectivo.jpg","keywords":["aut\u00f3nomos","pymes"],"articleSection":["Laboral","Recursos"],"inLanguage":"es"},{"@type":"WebPage","@id":"https:\/\/tugesto.com\/blog\/salario-convenio-colectivo\/","url":"https:\/\/tugesto.com\/blog\/salario-convenio-colectivo\/","name":"C\u00f3mo saber mi salario seg\u00fan convenio colectivo | tugesto","isPartOf":{"@id":"https:\/\/tugesto.com\/blog\/#website"},"primaryImageOfPage":{"@id":"https:\/\/tugesto.com\/blog\/salario-convenio-colectivo\/#primaryimage"},"image":{"@id":"https:\/\/tugesto.com\/blog\/salario-convenio-colectivo\/#primaryimage"},"thumbnailUrl":"https:\/\/tugesto.com\/blog\/wp-content\/uploads\/2015\/12\/salario-convenio-colectivo.jpg","datePublished":"2015-12-23T16:57:23+00:00","dateModified":"2024-05-21T10:07:56+00:00","description":"\u00bfNo sabes si est\u00e1s cobrando en funci\u00f3n de tu convenio colectivo? Te indicamos c\u00f3mo saber el salario seg\u00fan convenio colectivo, toma nota","breadcrumb":{"@id":"https:\/\/tugesto.com\/blog\/salario-convenio-colectivo\/#breadcrumb"},"inLanguage":"es","potentialAction":[{"@type":"ReadAction","target":["https:\/\/tugesto.com\/blog\/salario-convenio-colectivo\/"]}]},{"@type":"ImageObject","inLanguage":"es","@id":"https:\/\/tugesto.com\/blog\/salario-convenio-colectivo\/#primaryimage","url":"https:\/\/tugesto.com\/blog\/wp-content\/uploads\/2015\/12\/salario-convenio-colectivo.jpg","contentUrl":"https:\/\/tugesto.com\/blog\/wp-content\/uploads\/2015\/12\/salario-convenio-colectivo.jpg","width":700,"height":329,"caption":"Descubre si est\u00e1s cobrando seg\u00fan tu convenio colectivo, importante para estar al d\u00eda en todo lo relacionado con tu salario"},{"@type":"BreadcrumbList","@id":"https:\/\/tugesto.com\/blog\/salario-convenio-colectivo\/#breadcrumb","itemListElement":[{"@type":"ListItem","position":1,"name":"Home","item":"https:\/\/tugesto.com\/blog\/"},{"@type":"ListItem","position":2,"name":"Laboral","item":"https:\/\/tugesto.com\/blog\/category\/laboral\/"},{"@type":"ListItem","position":3,"name":"C\u00f3mo saber mi salario seg\u00fan convenio colectivo"}]},{"@type":"WebSite","@id":"https:\/\/tugesto.com\/blog\/#website","url":"https:\/\/tugesto.com\/blog\/","name":"Blog tugesto","description":"\ud83d\udcda Blog especializado para aut\u00f3nomos y pymes. Encuentra semanalmente nuevos posts, recursos y gu\u00edas. La ayuda que necesitas para tu negocio.","publisher":{"@id":"https:\/\/tugesto.com\/blog\/#organization"},"potentialAction":[{"@type":"SearchAction","target":{"@type":"EntryPoint","urlTemplate":"https:\/\/tugesto.com\/blog\/?s={search_term_string}"},"query-input":{"@type":"PropertyValueSpecification","valueRequired":true,"valueName":"search_term_string"}}],"inLanguage":"es"},{"@type":"Organization","@id":"https:\/\/tugesto.com\/blog\/#organization","name":"tugesto","url":"https:\/\/tugesto.com\/blog\/","logo":{"@type":"ImageObject","inLanguage":"es","@id":"https:\/\/tugesto.com\/blog\/#\/schema\/logo\/image\/","url":"https:\/\/tugesto.com\/blog\/wp-content\/uploads\/2019\/06\/logo_tugesto.png","contentUrl":"https:\/\/tugesto.com\/blog\/wp-content\/uploads\/2019\/06\/logo_tugesto.png","width":190,"height":63,"caption":"tugesto"},"image":{"@id":"https:\/\/tugesto.com\/blog\/#\/schema\/logo\/image\/"},"sameAs":["https:\/\/www.facebook.com\/tugesto\/","https:\/\/www.instagram.com\/tugesto_online\/"]},{"@type":"Person","@id":"https:\/\/tugesto.com\/blog\/#\/schema\/person\/2c70b34a36244511f4e51800f6121f80","name":"Amparo Carratala","image":{"@type":"ImageObject","inLanguage":"es","@id":"https:\/\/tugesto.com\/blog\/wp-content\/uploads\/2024\/05\/amparo-carratala.pngb285d77d385f0087818132665d0ade46","url":"https:\/\/tugesto.com\/blog\/wp-content\/uploads\/2024\/05\/amparo-carratala.png","contentUrl":"https:\/\/tugesto.com\/blog\/wp-content\/uploads\/2024\/05\/amparo-carratala.png","caption":"Amparo Carratala"},"description":"Gestora laboral, experta en n\u00f3minas"}]}},"authors":[{"term_id":1495,"user_id":9,"is_guest":0,"slug":"amparo-carratala","display_name":"Amparo Carratala","avatar_url":{"url":"https:\/\/tugesto.com\/blog\/wp-content\/uploads\/2024\/05\/amparo-carratala.png","url2x":"https:\/\/tugesto.com\/blog\/wp-content\/uploads\/2024\/05\/amparo-carratala.png"},"0":null,"1":"","2":"","3":"","4":"","5":"","6":"","7":"","8":""}],"_links":{"self":[{"href":"https:\/\/tugesto.com\/blog\/wp-json\/wp\/v2\/posts\/1673","targetHints":{"allow":["GET"]}}],"collection":[{"href":"https:\/\/tugesto.com\/blog\/wp-json\/wp\/v2\/posts"}],"about":[{"href":"https:\/\/tugesto.com\/blog\/wp-json\/wp\/v2\/types\/post"}],"author":[{"embeddable":true,"href":"https:\/\/tugesto.com\/blog\/wp-json\/wp\/v2\/users\/9"}],"replies":[{"embeddable":true,"href":"https:\/\/tugesto.com\/blog\/wp-json\/wp\/v2\/comments?post=1673"}],"version-history":[{"count":19,"href":"https:\/\/tugesto.com\/blog\/wp-json\/wp\/v2\/posts\/1673\/revisions"}],"predecessor-version":[{"id":36905,"href":"https:\/\/tugesto.com\/blog\/wp-json\/wp\/v2\/posts\/1673\/revisions\/36905"}],"wp:featuredmedia":[{"embeddable":true,"href":"https:\/\/tugesto.com\/blog\/wp-json\/wp\/v2\/media\/1686"}],"wp:attachment":[{"href":"https:\/\/tugesto.com\/blog\/wp-json\/wp\/v2\/media?parent=1673"}],"wp:term":[{"taxonomy":"category","embeddable":true,"href":"https:\/\/tugesto.com\/blog\/wp-json\/wp\/v2\/categories?post=1673"},{"taxonomy":"post_tag","embeddable":true,"href":"https:\/\/tugesto.com\/blog\/wp-json\/wp\/v2\/tags?post=1673"},{"taxonomy":"author","embeddable":true,"href":"https:\/\/tugesto.com\/blog\/wp-json\/wp\/v2\/ppma_author?post=1673"}],"curies":[{"name":"wp","href":"https:\/\/api.w.org\/{rel}","templated":true}]}}