{"id":16390,"date":"2020-05-11T10:45:24","date_gmt":"2020-05-11T09:45:24","guid":{"rendered":"https:\/\/tugesto.com\/blog\/?p=16390"},"modified":"2024-05-17T09:41:53","modified_gmt":"2024-05-17T07:41:53","slug":"como-puedo-ahorrar-en-las-facturas-de-luz-de-mi-empresa","status":"publish","type":"post","link":"https:\/\/tugesto.com\/blog\/como-puedo-ahorrar-en-las-facturas-de-luz-de-mi-empresa\/","title":{"rendered":"\u00bfC\u00f3mo ahorrar luz en mi negocio?"},"content":{"rendered":"\t\t<div data-elementor-type=\"wp-post\" data-elementor-id=\"16390\" class=\"elementor elementor-16390\" data-elementor-post-type=\"post\">\n\t\t\t\t\t\t<section class=\"elementor-section elementor-top-section elementor-element elementor-element-15b16fa0 elementor-section-boxed elementor-section-height-default elementor-section-height-default\" data-id=\"15b16fa0\" data-element_type=\"section\">\n\t\t\t\t\t\t<div class=\"elementor-container elementor-column-gap-default\">\n\t\t\t\t\t<div class=\"elementor-column elementor-col-100 elementor-top-column elementor-element elementor-element-31090608\" data-id=\"31090608\" data-element_type=\"column\">\n\t\t\t<div class=\"elementor-widget-wrap elementor-element-populated\">\n\t\t\t\t\t\t<div class=\"elementor-element elementor-element-45c1c3e1 elementor-widget elementor-widget-text-editor\" data-id=\"45c1c3e1\" data-element_type=\"widget\" data-widget_type=\"text-editor.default\">\n\t\t\t\t<div class=\"elementor-widget-container\">\n\t\t\t\t\t\t\t\t\t\n<p><span style=\"color: #4c4f54;\">La nueva tendencia dentro de los modelos empresariales m\u00e1s exitosos es reducir los costes operativos de la compa\u00f1\u00eda a trav\u00e9s de la optimizaci\u00f3n del consumo energ\u00e9tico de las empresas. En otras palabras, consiste en <strong>c\u00f3mo ahorrar luz en los negocios o cualquier otro gasto.<\/strong> Y en este post nos centramos, concretamente, en maneras de reducir el coste energ\u00e9tico.<\/span><\/p>\n<p><span style=\"color: #4c4f54;\"><\/span><\/p>\n<p><span style=\"color: #4c4f54;\">Ahora, \u00bfc\u00f3mo se podr\u00eda reducir el gasto energ\u00e9tico sin disminuir la capacidad de producci\u00f3n? Al bajar la potencia el\u00e9ctrica contratada y aplicar algunos trucos pr\u00e1cticos durante el proceso productivo, podr\u00edamos reducir los costes de la factura energ\u00e9tica sin afectar de ninguna forma la calidad de nuestros productos y servicios.<\/span><\/p>\n<p><span style=\"color: #4c4f54;\"><\/span><\/p>\n<p><span style=\"color: #4c4f54;\">Si te interesa saber m\u00e1s sobre las nuevas <strong>estrategias empresariales sobre c\u00f3mo ahorrar luz en tu negocio<\/strong>, principalmente a trav\u00e9s del ahorro energ\u00e9tico, no dejes de seguir leyendo a continuaci\u00f3n.<\/span><\/p>\n<p><a href=\"http:\/\/tugesto.com\" target=\"_blank\" rel=\"noopener\"><img fetchpriority=\"high\" decoding=\"async\" class=\"alignnone wp-image-14765 size-full\" src=\"https:\/\/tugesto.com\/blog\/wp-content\/uploads\/2020\/01\/asesoria_online_tugesto.jpg\" alt=\"Ahorra tiempo y dinero con nuestra gesti\u00f3n online\" width=\"800\" height=\"241\" srcset=\"https:\/\/tugesto.com\/blog\/wp-content\/uploads\/2020\/01\/asesoria_online_tugesto.jpg 800w, https:\/\/tugesto.com\/blog\/wp-content\/uploads\/2020\/01\/asesoria_online_tugesto-300x90.jpg 300w, https:\/\/tugesto.com\/blog\/wp-content\/uploads\/2020\/01\/asesoria_online_tugesto-768x231.jpg 768w\" sizes=\"(max-width: 800px) 100vw, 800px\" \/><\/a><\/p>\n\n<h2 class=\"wp-block-heading\"><span style=\"color: #4c4f54;\"><strong>\u00bfC\u00f3mo ahorramos dinero al bajar la potencia contratada?<\/strong><\/span><\/h2>\n<p><span style=\"color: #4c4f54;\"><\/span><\/p>\n<p><span style=\"color: #4c4f54;\">Cuando pagamos la factura de energ\u00eda, estamos cubriendo dos gastos diferentes que, sin embargo, se asumen en conjunto. Por un lado,<strong> pagamos una cuota fija <\/strong>por la posibilidad de tener el suministro energ\u00e9tico en las instalaciones de nuestra empresa. Por el otro, <strong>pagamos una cuota variable <\/strong>que va a depender de la cantidad de consumo efectivo que realicemos en nuestro proceso productivo.<\/span><\/p>\n<p><span style=\"color: #4c4f54;\"><\/span><\/p>\n<p><span style=\"color: #4c4f54;\">Como la cuota fija no depende del consumo, sino de la posibilidad de tener acceso al suministro, la \u00fanica forma de reducir el coste energ\u00e9tico de la misma es<\/span> <a href=\"https:\/\/www.companias-de-luz.com\/gas-natural-fenosa\/potencia-contratada\/reducir\/\" target=\"_blank\" rel=\"noopener\">bajar la potencia contratada con Gas Natural Fenosa<\/a>, <span style=\"color: #4c4f54;\">Holaluz, Podo o cualquiera que sea la compa\u00f1\u00eda que nos ofrezca sus servicios.<\/span><\/p>\n<p><span style=\"color: #4c4f54;\"><\/span><\/p>\n<p><span style=\"color: #4c4f54;\">En este aspecto,<strong> mientras menor sea la potencia contratada, menor ser\u00e1 el precio fijo<\/strong> que abonamos a nuestra factura energ\u00e9tica. Cabe mencionar que cambiar la potencia contratada no es gratuito, por lo que piensa bien cu\u00e1l es la potencia el\u00e9ctrica que quieres tener.<\/span><\/p>\n<p><span style=\"color: #4c4f54;\"><\/span><\/p>\n<h2 class=\"wp-block-heading\"><span style=\"color: #4c4f54;\">\u00bfCu\u00e1nto cuesta dar de alta el gas? \u00bfExiste alguna forma de pagar menos por este servicio?<\/span><\/h2>\n<p><span style=\"color: #4c4f54;\"><\/span><\/p>\n<p><span style=\"color: #4c4f54;\">\u00bfAcabas de abrir una nueva sucursal y te interesa saber<\/span> <a href=\"https:\/\/www.companias-de-luz.com\/dar-de-alta-el-gas\/cuanto-cuesta\/\" target=\"_blank\" rel=\"noopener\">cu\u00e1l es el precio por el alta del gas<\/a>?<span style=\"color: #4c4f54;\"> En ese caso, tienes que saber que el precio por dar de alta este suministro se encuentra regulado, es decir, sin importar cu\u00e1l sea la empresa distribuidora asignada a esa localidad o en qu\u00e9 localidad te encuentres, el precio siempre ser\u00e1 el mismo.<\/span><\/p>\n<p><span style=\"color: #4c4f54;\"><\/span><\/p>\n<p><span style=\"color: #4c4f54;\">Recuerda que el Estado es quien regula cu\u00e1nto cuesta dar de alta el gas, por lo que resulta el mismo precio hacerlo con cualquier compa\u00f1\u00eda. <strong>\u00danicamente cambiar\u00e1 la tarifa y el servicio que ofrezca cada empresa.<\/strong><\/span><\/p>\n<p><span style=\"color: #4c4f54;\"><\/span><\/p>\n<h2 class=\"wp-block-heading\"><span style=\"color: #4c4f54;\">\u00bfQu\u00e9 otras formas de ahorrar tengo para mi empresa?<\/span><\/h2>\n<p><span style=\"color: #4c4f54;\"><\/span><\/p>\n<p><span style=\"color: #4c4f54;\">Hasta aqu\u00ed, te hemos dado una serie de sugerencias para que puedas disminuir el coste fijo de tu factura energ\u00e9tica. No obstante, es momento de aplicar algunos trucos para que tambi\u00e9n puedas disminuir el coste variable.<\/span><\/p>\n<p><span style=\"color: #4c4f54;\"><\/span><\/p>\n<p><span style=\"color: #4c4f54;\">Para ello, hemos elaborado una peque\u00f1a lista con acciones pr\u00e1cticas para responder a la pregunta de c\u00f3mo ahorrar luz en mi negocio:<\/span><\/p>\n<p><span style=\"color: #4c4f54;\"><\/span><\/p>\n<ul class=\"wp-block-list\">\n<li><span style=\"color: #4c4f54;\">Renueva el sistema de iluminaci\u00f3n para trabajar con luces ahorradoras, como la iluminaci\u00f3n led<\/span><\/li>\n<li><span style=\"color: #4c4f54;\">Regula el termostato para que el aire acondicionado funcione siempre a una temperatura est\u00e1ndar en todas las \u00e1reas del edificio<\/span><\/li>\n<li><span style=\"color: #4c4f54;\">Crea incentivo para que los trabajadores adopten h\u00e1bitos energ\u00e9ticos sostenibles<\/span><\/li>\n<li><span style=\"color: #4c4f54;\">Adquiere nuevos equipos de oficina para trabajar con electrodom\u00e9sticos de alta eficiencia energ\u00e9tica<\/span><\/li>\n<li><span style=\"color: #4c4f54;\">Realiza una inversi\u00f3n inicial para mejorar el estado de la electricidad, iluminaci\u00f3n y\/o ventilaci\u00f3n en tu negocio, siempre en funci\u00f3n de las necesidades de tu empresa<\/span><\/li>\n<\/ul>\n<p><span style=\"color: #4c4f54;\"><\/span><\/p>\n<ul class=\"wp-block-list\"><\/ul>\n<p><span style=\"color: #4c4f54;\"><\/span><\/p>\n<ul class=\"wp-block-list\"><\/ul>\n<p><span style=\"color: #4c4f54;\"><\/span><\/p>\n<ul class=\"wp-block-list\"><\/ul>\n<p><span style=\"color: #4c4f54;\"><\/span><\/p>\n<p><span style=\"color: #4c4f54;\">Si est\u00e1s interesado en conocer m\u00e1s informaci\u00f3n sobre c\u00f3mo ahorrar energ\u00eda el\u00e9ctrica y la transformaci\u00f3n digital<\/span> <a href=\"https:\/\/www.ecointeligencia.com\/2013\/12\/7-consejos-ahorrar-energia-casa\/\" target=\"_blank\" rel=\"noreferrer noopener\">aqu\u00ed puedes encontrar m\u00e1s consejos<\/a> <span style=\"color: #4c4f54;\">o en nuestro <a style=\"color: #4c4f54;\" href=\"https:\/\/tugesto.com\/blog\" target=\"_blank\" rel=\"noreferrer noopener\">blog<\/a> donde encontrar\u00e1s m\u00e1s tips y curiosidades sobre los negocios.<\/span><\/p>\n<p><a href=\"http:\/\/tugesto.com\/programa-contabilidad\" target=\"_blank\" rel=\"noopener\"><img decoding=\"async\" class=\"alignnone wp-image-14762 size-full\" src=\"https:\/\/tugesto.com\/blog\/wp-content\/uploads\/2020\/01\/asesoria_contable_tugesto.jpg\" alt=\"Con tugesto las facturas se contabilizan autom\u00e1ticamente\" width=\"800\" height=\"241\" srcset=\"https:\/\/tugesto.com\/blog\/wp-content\/uploads\/2020\/01\/asesoria_contable_tugesto.jpg 800w, https:\/\/tugesto.com\/blog\/wp-content\/uploads\/2020\/01\/asesoria_contable_tugesto-300x90.jpg 300w, https:\/\/tugesto.com\/blog\/wp-content\/uploads\/2020\/01\/asesoria_contable_tugesto-768x231.jpg 768w\" sizes=\"(max-width: 800px) 100vw, 800px\" \/><\/a><\/p>\n\t\t\t\t\t\t\t\t<\/div>\n\t\t\t\t<\/div>\n\t\t\t\t\t<\/div>\n\t\t<\/div>\n\t\t\t\t\t<\/div>\n\t\t<\/section>\n\t\t\t\t<\/div>\n\t\t","protected":false},"excerpt":{"rendered":"<p>La nueva tendencia dentro de los modelos empresariales m\u00e1s exitosos es reducir los costes operativos de la compa\u00f1\u00eda a trav\u00e9s de la optimizaci\u00f3n del consumo energ\u00e9tico de las empresas. En otras palabras, consiste en c\u00f3mo ahorrar luz en los negocios o cualquier otro gasto. Y en este post nos centramos, concretamente, en maneras de reducir [&hellip;]<\/p>\n","protected":false},"author":7,"featured_media":16401,"comment_status":"open","ping_status":"open","sticky":false,"template":"","format":"standard","meta":{"_eb_attr":"","content-type":"","footnotes":""},"categories":[14],"tags":[36,38],"ppma_author":[1493],"class_list":["post-16390","post","type-post","status-publish","format-standard","has-post-thumbnail","hentry","category-contabilidad-y-fiscal","tag-autonomos","tag-pymes"],"yoast_head":"<!-- This site is optimized with the Yoast SEO plugin v26.8 - https:\/\/yoast.com\/product\/yoast-seo-wordpress\/ -->\n<title>\u00bfC\u00f3mo ahorrar luz en mi negocio? | tugesto<\/title>\n<meta name=\"description\" content=\"Cada vez m\u00e1s los aut\u00f3nomos y empresarios se preguntan c\u00f3mo ahorrar luz en mi negocio, y aqu\u00ed detallamos algunos tips\" \/>\n<meta name=\"robots\" content=\"index, follow, max-snippet:-1, max-image-preview:large, max-video-preview:-1\" \/>\n<link rel=\"canonical\" href=\"https:\/\/tugesto.com\/blog\/como-puedo-ahorrar-en-las-facturas-de-luz-de-mi-empresa\/\" \/>\n<meta property=\"og:locale\" content=\"es_ES\" \/>\n<meta property=\"og:type\" content=\"article\" \/>\n<meta property=\"og:title\" content=\"\u00bfC\u00f3mo ahorrar luz en mi negocio? | tugesto\" \/>\n<meta property=\"og:description\" content=\"Cada vez m\u00e1s los aut\u00f3nomos y empresarios se preguntan c\u00f3mo ahorrar luz en mi negocio, y aqu\u00ed detallamos algunos tips\" \/>\n<meta property=\"og:url\" content=\"https:\/\/tugesto.com\/blog\/como-puedo-ahorrar-en-las-facturas-de-luz-de-mi-empresa\/\" \/>\n<meta property=\"og:site_name\" content=\"Blog: \u00a1Aprende a emprender! | tugesto\" \/>\n<meta property=\"article:publisher\" content=\"https:\/\/www.facebook.com\/tugesto\/\" \/>\n<meta property=\"article:published_time\" content=\"2020-05-11T09:45:24+00:00\" \/>\n<meta property=\"article:modified_time\" content=\"2024-05-17T07:41:53+00:00\" \/>\n<meta property=\"og:image\" content=\"https:\/\/tugesto.com\/blog\/wp-content\/uploads\/2020\/05\/ahorrar-facturas-luz.jpg\" \/>\n\t<meta property=\"og:image:width\" content=\"750\" \/>\n\t<meta property=\"og:image:height\" content=\"429\" \/>\n\t<meta property=\"og:image:type\" content=\"image\/jpeg\" \/>\n<meta name=\"author\" content=\"\u00c1lvaro Benedito\" \/>\n<meta name=\"twitter:card\" content=\"summary_large_image\" \/>\n<meta name=\"twitter:label1\" content=\"Escrito por\" \/>\n\t<meta name=\"twitter:data1\" content=\"\u00c1lvaro Benedito\" \/>\n\t<meta name=\"twitter:label2\" content=\"Tiempo de lectura\" \/>\n\t<meta name=\"twitter:data2\" content=\"4 minutos\" \/>\n<script type=\"application\/ld+json\" class=\"yoast-schema-graph\">{\"@context\":\"https:\/\/schema.org\",\"@graph\":[{\"@type\":\"Article\",\"@id\":\"https:\/\/tugesto.com\/blog\/como-puedo-ahorrar-en-las-facturas-de-luz-de-mi-empresa\/#article\",\"isPartOf\":{\"@id\":\"https:\/\/tugesto.com\/blog\/como-puedo-ahorrar-en-las-facturas-de-luz-de-mi-empresa\/\"},\"author\":{\"name\":\"\u00c1lvaro Benedito\",\"@id\":\"https:\/\/tugesto.com\/blog\/#\/schema\/person\/2bee1753fa08e2406a0f35883a959ebf\"},\"headline\":\"\u00bfC\u00f3mo ahorrar luz en mi negocio?\",\"datePublished\":\"2020-05-11T09:45:24+00:00\",\"dateModified\":\"2024-05-17T07:41:53+00:00\",\"mainEntityOfPage\":{\"@id\":\"https:\/\/tugesto.com\/blog\/como-puedo-ahorrar-en-las-facturas-de-luz-de-mi-empresa\/\"},\"wordCount\":665,\"commentCount\":1,\"publisher\":{\"@id\":\"https:\/\/tugesto.com\/blog\/#organization\"},\"image\":{\"@id\":\"https:\/\/tugesto.com\/blog\/como-puedo-ahorrar-en-las-facturas-de-luz-de-mi-empresa\/#primaryimage\"},\"thumbnailUrl\":\"https:\/\/tugesto.com\/blog\/wp-content\/uploads\/2020\/05\/ahorrar-facturas-luz.jpg\",\"keywords\":[\"aut\u00f3nomos\",\"pymes\"],\"articleSection\":[\"Contabilidad y Fiscal\"],\"inLanguage\":\"es\",\"potentialAction\":[{\"@type\":\"CommentAction\",\"name\":\"Comment\",\"target\":[\"https:\/\/tugesto.com\/blog\/como-puedo-ahorrar-en-las-facturas-de-luz-de-mi-empresa\/#respond\"]}]},{\"@type\":\"WebPage\",\"@id\":\"https:\/\/tugesto.com\/blog\/como-puedo-ahorrar-en-las-facturas-de-luz-de-mi-empresa\/\",\"url\":\"https:\/\/tugesto.com\/blog\/como-puedo-ahorrar-en-las-facturas-de-luz-de-mi-empresa\/\",\"name\":\"\u00bfC\u00f3mo ahorrar luz en mi negocio? | tugesto\",\"isPartOf\":{\"@id\":\"https:\/\/tugesto.com\/blog\/#website\"},\"primaryImageOfPage\":{\"@id\":\"https:\/\/tugesto.com\/blog\/como-puedo-ahorrar-en-las-facturas-de-luz-de-mi-empresa\/#primaryimage\"},\"image\":{\"@id\":\"https:\/\/tugesto.com\/blog\/como-puedo-ahorrar-en-las-facturas-de-luz-de-mi-empresa\/#primaryimage\"},\"thumbnailUrl\":\"https:\/\/tugesto.com\/blog\/wp-content\/uploads\/2020\/05\/ahorrar-facturas-luz.jpg\",\"datePublished\":\"2020-05-11T09:45:24+00:00\",\"dateModified\":\"2024-05-17T07:41:53+00:00\",\"description\":\"Cada vez m\u00e1s los aut\u00f3nomos y empresarios se preguntan c\u00f3mo ahorrar luz en mi negocio, y aqu\u00ed detallamos algunos tips\",\"breadcrumb\":{\"@id\":\"https:\/\/tugesto.com\/blog\/como-puedo-ahorrar-en-las-facturas-de-luz-de-mi-empresa\/#breadcrumb\"},\"inLanguage\":\"es\",\"potentialAction\":[{\"@type\":\"ReadAction\",\"target\":[\"https:\/\/tugesto.com\/blog\/como-puedo-ahorrar-en-las-facturas-de-luz-de-mi-empresa\/\"]}]},{\"@type\":\"ImageObject\",\"inLanguage\":\"es\",\"@id\":\"https:\/\/tugesto.com\/blog\/como-puedo-ahorrar-en-las-facturas-de-luz-de-mi-empresa\/#primaryimage\",\"url\":\"https:\/\/tugesto.com\/blog\/wp-content\/uploads\/2020\/05\/ahorrar-facturas-luz.jpg\",\"contentUrl\":\"https:\/\/tugesto.com\/blog\/wp-content\/uploads\/2020\/05\/ahorrar-facturas-luz.jpg\",\"width\":750,\"height\":429,\"caption\":\"Consejos para ahorrar en las facturas de luz de tu empresa\"},{\"@type\":\"BreadcrumbList\",\"@id\":\"https:\/\/tugesto.com\/blog\/como-puedo-ahorrar-en-las-facturas-de-luz-de-mi-empresa\/#breadcrumb\",\"itemListElement\":[{\"@type\":\"ListItem\",\"position\":1,\"name\":\"Home\",\"item\":\"https:\/\/tugesto.com\/blog\/\"},{\"@type\":\"ListItem\",\"position\":2,\"name\":\"Contabilidad y Fiscal\",\"item\":\"https:\/\/tugesto.com\/blog\/category\/contabilidad-y-fiscal\/\"},{\"@type\":\"ListItem\",\"position\":3,\"name\":\"\u00bfC\u00f3mo ahorrar luz en mi negocio?\"}]},{\"@type\":\"WebSite\",\"@id\":\"https:\/\/tugesto.com\/blog\/#website\",\"url\":\"https:\/\/tugesto.com\/blog\/\",\"name\":\"Blog tugesto\",\"description\":\"\ud83d\udcda Blog especializado para aut\u00f3nomos y pymes. Encuentra semanalmente nuevos posts, recursos y gu\u00edas. La ayuda que necesitas para tu negocio.\",\"publisher\":{\"@id\":\"https:\/\/tugesto.com\/blog\/#organization\"},\"potentialAction\":[{\"@type\":\"SearchAction\",\"target\":{\"@type\":\"EntryPoint\",\"urlTemplate\":\"https:\/\/tugesto.com\/blog\/?s={search_term_string}\"},\"query-input\":{\"@type\":\"PropertyValueSpecification\",\"valueRequired\":true,\"valueName\":\"search_term_string\"}}],\"inLanguage\":\"es\"},{\"@type\":\"Organization\",\"@id\":\"https:\/\/tugesto.com\/blog\/#organization\",\"name\":\"tugesto\",\"url\":\"https:\/\/tugesto.com\/blog\/\",\"logo\":{\"@type\":\"ImageObject\",\"inLanguage\":\"es\",\"@id\":\"https:\/\/tugesto.com\/blog\/#\/schema\/logo\/image\/\",\"url\":\"https:\/\/tugesto.com\/blog\/wp-content\/uploads\/2019\/06\/logo_tugesto.png\",\"contentUrl\":\"https:\/\/tugesto.com\/blog\/wp-content\/uploads\/2019\/06\/logo_tugesto.png\",\"width\":190,\"height\":63,\"caption\":\"tugesto\"},\"image\":{\"@id\":\"https:\/\/tugesto.com\/blog\/#\/schema\/logo\/image\/\"},\"sameAs\":[\"https:\/\/www.facebook.com\/tugesto\/\",\"https:\/\/www.instagram.com\/tugesto_online\/\"]},{\"@type\":\"Person\",\"@id\":\"https:\/\/tugesto.com\/blog\/#\/schema\/person\/2bee1753fa08e2406a0f35883a959ebf\",\"name\":\"\u00c1lvaro Benedito\",\"image\":{\"@type\":\"ImageObject\",\"inLanguage\":\"es\",\"@id\":\"https:\/\/tugesto.com\/blog\/#\/schema\/person\/image\/30bcd1f50f6dfb47ccea137cd569bbbe\",\"url\":\"https:\/\/tugesto.com\/blog\/wp-content\/uploads\/2024\/05\/alvaro-benedito.jpg\",\"contentUrl\":\"https:\/\/tugesto.com\/blog\/wp-content\/uploads\/2024\/05\/alvaro-benedito.jpg\",\"caption\":\"\u00c1lvaro Benedito\"},\"description\":\"Responsable de redacci\u00f3n y Social Media\",\"sameAs\":[\"https:\/\/www.linkedin.com\/in\/%C3%A1lvaro-benedito-mart%C3%ADnez-b377119b\/\"]}]}<\/script>\n<!-- \/ Yoast SEO plugin. -->","yoast_head_json":{"title":"\u00bfC\u00f3mo ahorrar luz en mi negocio? | tugesto","description":"Cada vez m\u00e1s los aut\u00f3nomos y empresarios se preguntan c\u00f3mo ahorrar luz en mi negocio, y aqu\u00ed detallamos algunos tips","robots":{"index":"index","follow":"follow","max-snippet":"max-snippet:-1","max-image-preview":"max-image-preview:large","max-video-preview":"max-video-preview:-1"},"canonical":"https:\/\/tugesto.com\/blog\/como-puedo-ahorrar-en-las-facturas-de-luz-de-mi-empresa\/","og_locale":"es_ES","og_type":"article","og_title":"\u00bfC\u00f3mo ahorrar luz en mi negocio? | tugesto","og_description":"Cada vez m\u00e1s los aut\u00f3nomos y empresarios se preguntan c\u00f3mo ahorrar luz en mi negocio, y aqu\u00ed detallamos algunos tips","og_url":"https:\/\/tugesto.com\/blog\/como-puedo-ahorrar-en-las-facturas-de-luz-de-mi-empresa\/","og_site_name":"Blog: \u00a1Aprende a emprender! | tugesto","article_publisher":"https:\/\/www.facebook.com\/tugesto\/","article_published_time":"2020-05-11T09:45:24+00:00","article_modified_time":"2024-05-17T07:41:53+00:00","og_image":[{"width":750,"height":429,"url":"https:\/\/tugesto.com\/blog\/wp-content\/uploads\/2020\/05\/ahorrar-facturas-luz.jpg","type":"image\/jpeg"}],"author":"\u00c1lvaro Benedito","twitter_card":"summary_large_image","twitter_misc":{"Escrito por":"\u00c1lvaro Benedito","Tiempo de lectura":"4 minutos"},"schema":{"@context":"https:\/\/schema.org","@graph":[{"@type":"Article","@id":"https:\/\/tugesto.com\/blog\/como-puedo-ahorrar-en-las-facturas-de-luz-de-mi-empresa\/#article","isPartOf":{"@id":"https:\/\/tugesto.com\/blog\/como-puedo-ahorrar-en-las-facturas-de-luz-de-mi-empresa\/"},"author":{"name":"\u00c1lvaro Benedito","@id":"https:\/\/tugesto.com\/blog\/#\/schema\/person\/2bee1753fa08e2406a0f35883a959ebf"},"headline":"\u00bfC\u00f3mo ahorrar luz en mi negocio?","datePublished":"2020-05-11T09:45:24+00:00","dateModified":"2024-05-17T07:41:53+00:00","mainEntityOfPage":{"@id":"https:\/\/tugesto.com\/blog\/como-puedo-ahorrar-en-las-facturas-de-luz-de-mi-empresa\/"},"wordCount":665,"commentCount":1,"publisher":{"@id":"https:\/\/tugesto.com\/blog\/#organization"},"image":{"@id":"https:\/\/tugesto.com\/blog\/como-puedo-ahorrar-en-las-facturas-de-luz-de-mi-empresa\/#primaryimage"},"thumbnailUrl":"https:\/\/tugesto.com\/blog\/wp-content\/uploads\/2020\/05\/ahorrar-facturas-luz.jpg","keywords":["aut\u00f3nomos","pymes"],"articleSection":["Contabilidad y Fiscal"],"inLanguage":"es","potentialAction":[{"@type":"CommentAction","name":"Comment","target":["https:\/\/tugesto.com\/blog\/como-puedo-ahorrar-en-las-facturas-de-luz-de-mi-empresa\/#respond"]}]},{"@type":"WebPage","@id":"https:\/\/tugesto.com\/blog\/como-puedo-ahorrar-en-las-facturas-de-luz-de-mi-empresa\/","url":"https:\/\/tugesto.com\/blog\/como-puedo-ahorrar-en-las-facturas-de-luz-de-mi-empresa\/","name":"\u00bfC\u00f3mo ahorrar luz en mi negocio? | tugesto","isPartOf":{"@id":"https:\/\/tugesto.com\/blog\/#website"},"primaryImageOfPage":{"@id":"https:\/\/tugesto.com\/blog\/como-puedo-ahorrar-en-las-facturas-de-luz-de-mi-empresa\/#primaryimage"},"image":{"@id":"https:\/\/tugesto.com\/blog\/como-puedo-ahorrar-en-las-facturas-de-luz-de-mi-empresa\/#primaryimage"},"thumbnailUrl":"https:\/\/tugesto.com\/blog\/wp-content\/uploads\/2020\/05\/ahorrar-facturas-luz.jpg","datePublished":"2020-05-11T09:45:24+00:00","dateModified":"2024-05-17T07:41:53+00:00","description":"Cada vez m\u00e1s los aut\u00f3nomos y empresarios se preguntan c\u00f3mo ahorrar luz en mi negocio, y aqu\u00ed detallamos algunos tips","breadcrumb":{"@id":"https:\/\/tugesto.com\/blog\/como-puedo-ahorrar-en-las-facturas-de-luz-de-mi-empresa\/#breadcrumb"},"inLanguage":"es","potentialAction":[{"@type":"ReadAction","target":["https:\/\/tugesto.com\/blog\/como-puedo-ahorrar-en-las-facturas-de-luz-de-mi-empresa\/"]}]},{"@type":"ImageObject","inLanguage":"es","@id":"https:\/\/tugesto.com\/blog\/como-puedo-ahorrar-en-las-facturas-de-luz-de-mi-empresa\/#primaryimage","url":"https:\/\/tugesto.com\/blog\/wp-content\/uploads\/2020\/05\/ahorrar-facturas-luz.jpg","contentUrl":"https:\/\/tugesto.com\/blog\/wp-content\/uploads\/2020\/05\/ahorrar-facturas-luz.jpg","width":750,"height":429,"caption":"Consejos para ahorrar en las facturas de luz de tu empresa"},{"@type":"BreadcrumbList","@id":"https:\/\/tugesto.com\/blog\/como-puedo-ahorrar-en-las-facturas-de-luz-de-mi-empresa\/#breadcrumb","itemListElement":[{"@type":"ListItem","position":1,"name":"Home","item":"https:\/\/tugesto.com\/blog\/"},{"@type":"ListItem","position":2,"name":"Contabilidad y Fiscal","item":"https:\/\/tugesto.com\/blog\/category\/contabilidad-y-fiscal\/"},{"@type":"ListItem","position":3,"name":"\u00bfC\u00f3mo ahorrar luz en mi negocio?"}]},{"@type":"WebSite","@id":"https:\/\/tugesto.com\/blog\/#website","url":"https:\/\/tugesto.com\/blog\/","name":"Blog tugesto","description":"\ud83d\udcda Blog especializado para aut\u00f3nomos y pymes. Encuentra semanalmente nuevos posts, recursos y gu\u00edas. La ayuda que necesitas para tu negocio.","publisher":{"@id":"https:\/\/tugesto.com\/blog\/#organization"},"potentialAction":[{"@type":"SearchAction","target":{"@type":"EntryPoint","urlTemplate":"https:\/\/tugesto.com\/blog\/?s={search_term_string}"},"query-input":{"@type":"PropertyValueSpecification","valueRequired":true,"valueName":"search_term_string"}}],"inLanguage":"es"},{"@type":"Organization","@id":"https:\/\/tugesto.com\/blog\/#organization","name":"tugesto","url":"https:\/\/tugesto.com\/blog\/","logo":{"@type":"ImageObject","inLanguage":"es","@id":"https:\/\/tugesto.com\/blog\/#\/schema\/logo\/image\/","url":"https:\/\/tugesto.com\/blog\/wp-content\/uploads\/2019\/06\/logo_tugesto.png","contentUrl":"https:\/\/tugesto.com\/blog\/wp-content\/uploads\/2019\/06\/logo_tugesto.png","width":190,"height":63,"caption":"tugesto"},"image":{"@id":"https:\/\/tugesto.com\/blog\/#\/schema\/logo\/image\/"},"sameAs":["https:\/\/www.facebook.com\/tugesto\/","https:\/\/www.instagram.com\/tugesto_online\/"]},{"@type":"Person","@id":"https:\/\/tugesto.com\/blog\/#\/schema\/person\/2bee1753fa08e2406a0f35883a959ebf","name":"\u00c1lvaro Benedito","image":{"@type":"ImageObject","inLanguage":"es","@id":"https:\/\/tugesto.com\/blog\/#\/schema\/person\/image\/30bcd1f50f6dfb47ccea137cd569bbbe","url":"https:\/\/tugesto.com\/blog\/wp-content\/uploads\/2024\/05\/alvaro-benedito.jpg","contentUrl":"https:\/\/tugesto.com\/blog\/wp-content\/uploads\/2024\/05\/alvaro-benedito.jpg","caption":"\u00c1lvaro Benedito"},"description":"Responsable de redacci\u00f3n y Social Media","sameAs":["https:\/\/www.linkedin.com\/in\/%C3%A1lvaro-benedito-mart%C3%ADnez-b377119b\/"]}]}},"authors":[{"term_id":1493,"user_id":7,"is_guest":0,"slug":"alvaro-benedito","display_name":"\u00c1lvaro Benedito","avatar_url":{"url":"https:\/\/tugesto.com\/blog\/wp-content\/uploads\/2024\/05\/alvaro-benedito.jpg","url2x":"https:\/\/tugesto.com\/blog\/wp-content\/uploads\/2024\/05\/alvaro-benedito.jpg"},"0":null,"1":"","2":"","3":"","4":"","5":"","6":"","7":"","8":""}],"_links":{"self":[{"href":"https:\/\/tugesto.com\/blog\/wp-json\/wp\/v2\/posts\/16390","targetHints":{"allow":["GET"]}}],"collection":[{"href":"https:\/\/tugesto.com\/blog\/wp-json\/wp\/v2\/posts"}],"about":[{"href":"https:\/\/tugesto.com\/blog\/wp-json\/wp\/v2\/types\/post"}],"author":[{"embeddable":true,"href":"https:\/\/tugesto.com\/blog\/wp-json\/wp\/v2\/users\/7"}],"replies":[{"embeddable":true,"href":"https:\/\/tugesto.com\/blog\/wp-json\/wp\/v2\/comments?post=16390"}],"version-history":[{"count":10,"href":"https:\/\/tugesto.com\/blog\/wp-json\/wp\/v2\/posts\/16390\/revisions"}],"predecessor-version":[{"id":35402,"href":"https:\/\/tugesto.com\/blog\/wp-json\/wp\/v2\/posts\/16390\/revisions\/35402"}],"wp:featuredmedia":[{"embeddable":true,"href":"https:\/\/tugesto.com\/blog\/wp-json\/wp\/v2\/media\/16401"}],"wp:attachment":[{"href":"https:\/\/tugesto.com\/blog\/wp-json\/wp\/v2\/media?parent=16390"}],"wp:term":[{"taxonomy":"category","embeddable":true,"href":"https:\/\/tugesto.com\/blog\/wp-json\/wp\/v2\/categories?post=16390"},{"taxonomy":"post_tag","embeddable":true,"href":"https:\/\/tugesto.com\/blog\/wp-json\/wp\/v2\/tags?post=16390"},{"taxonomy":"author","embeddable":true,"href":"https:\/\/tugesto.com\/blog\/wp-json\/wp\/v2\/ppma_author?post=16390"}],"curies":[{"name":"wp","href":"https:\/\/api.w.org\/{rel}","templated":true}]}}