{"id":1535,"date":"2015-12-01T16:58:03","date_gmt":"2015-12-01T15:58:03","guid":{"rendered":"http:\/\/tugesto.com\/blog\/?p=1535"},"modified":"2024-05-21T12:13:49","modified_gmt":"2024-05-21T10:13:49","slug":"obligaciones-fiscales-diciembre-2015","status":"publish","type":"post","link":"https:\/\/tugesto.com\/blog\/obligaciones-fiscales-diciembre-2015\/","title":{"rendered":"Obligaciones fiscales diciembre 2015"},"content":{"rendered":"\t\t<div data-elementor-type=\"wp-post\" data-elementor-id=\"1535\" class=\"elementor elementor-1535\" data-elementor-post-type=\"post\">\n\t\t\t\t\t\t<section class=\"elementor-section elementor-top-section elementor-element elementor-element-18535bc0 elementor-section-boxed elementor-section-height-default elementor-section-height-default\" data-id=\"18535bc0\" data-element_type=\"section\">\n\t\t\t\t\t\t<div class=\"elementor-container elementor-column-gap-default\">\n\t\t\t\t\t<div class=\"elementor-column elementor-col-100 elementor-top-column elementor-element elementor-element-74b8bf0b\" data-id=\"74b8bf0b\" data-element_type=\"column\">\n\t\t\t<div class=\"elementor-widget-wrap elementor-element-populated\">\n\t\t\t\t\t\t<div class=\"elementor-element elementor-element-69719a77 elementor-widget elementor-widget-text-editor\" data-id=\"69719a77\" data-element_type=\"widget\" data-widget_type=\"text-editor.default\">\n\t\t\t\t<div class=\"elementor-widget-container\">\n\t\t\t\t\t\t\t\t\t<p><span style=\"color: #4c4f54;\">Estrenamos el \u00faltimo mes del a\u00f1o presentando\u00a0las <strong>obligaciones fiscales de diciembre 2015<\/strong>.<\/span><\/p><p><span style=\"color: #4c4f54;\">Toma nota de las fechas l\u00edmite para entregar los modelos fiscales a un mes de terminar el a\u00f1o fiscal.<\/span><\/p><p><span style=\"color: #4c4f54;\">Sigue nuestro<\/span> <a href=\"https:\/\/tugesto.com\/blog\/descargar-calendario-fiscal\/\" target=\"_blank\" rel=\"noopener\">Calendario General del Contribuyente<\/a> <span style=\"color: #4c4f54;\">para estar al tanto de la documentaci\u00f3n a presentar.<\/span><\/p><p><a href=\"http:\/\/tugesto.com\/software-fiscal\" target=\"_blank\" rel=\"noopener\"><img fetchpriority=\"high\" decoding=\"async\" class=\"alignnone wp-image-14766 size-full\" src=\"https:\/\/tugesto.com\/blog\/wp-content\/uploads\/2020\/01\/gestionar_fiscalidad_online.jpg\" alt=\"Gestiona tu fiscalidad online con respaldo de asesores expertos\" width=\"798\" height=\"241\" srcset=\"https:\/\/tugesto.com\/blog\/wp-content\/uploads\/2020\/01\/gestionar_fiscalidad_online.jpg 798w, https:\/\/tugesto.com\/blog\/wp-content\/uploads\/2020\/01\/gestionar_fiscalidad_online-300x91.jpg 300w, https:\/\/tugesto.com\/blog\/wp-content\/uploads\/2020\/01\/gestionar_fiscalidad_online-768x232.jpg 768w\" sizes=\"(max-width: 798px) 100vw, 798px\" \/><\/a><\/p><h2 style=\"text-align: justify;\"><span style=\"color: #4c4f54;\">Obligaciones fiscales: fecha l\u00edmite hasta el 21 de\u00a0diciembre<\/span><\/h2><h3 style=\"text-align: justify;\"><span style=\"color: #4c4f54;\">Renta y Sociedades<\/span><\/h3><p><span style=\"color: #4c4f54;\">Retenciones e ingresos a cuenta de rendimientos del trabajo, actividades econ\u00f3micas, premios y \u00a0determinadas ganancias patrimoniales e imputaciones de renta, ganancias derivadas de acciones y participaciones de las instituciones de inversi\u00f3n colectiva, rentas de arrendamiento de inmuebles urbanos, capital mobiliario, personas autorizadas y saldos en cuentas.<\/span><\/p><p><span style=\"color: #4c4f54;\">Presentaci\u00f3n de los<strong> modelos<\/strong>\u00a0<strong>111, 115, 117, 123, 124, 126, 128, 230\u00a0<\/strong>para grandes empresas. Noviembre 2015.<\/span><\/p><p><span style=\"color: #4c4f54;\">Adem\u00e1s tendr\u00e1n que realizar los pagos fraccionados sociedades y establecimientos permanentes de no residentes.<\/span><\/p><p><span style=\"color: #4c4f54;\">Ejercicio en curso:<\/span><br \/><span style=\"color: #4c4f54;\"><strong>Modelo 202<\/strong>: r\u00e9gimen general<\/span><br \/><span style=\"color: #4c4f54;\"><strong>Modelo 222<\/strong>: r\u00e9gimen de consolidaci\u00f3n scal (grupos scales).<\/span><\/p><h3 style=\"text-align: justify;\"><span style=\"color: #4c4f54;\">Impuesto sobre las primas de seguro<\/span><\/h3><p><span style=\"color: #4c4f54;\">Se presentar\u00e1 el Impuesto sobre las primas de seguro el <strong>modelo 430<\/strong>: noviembre 2015.<\/span><\/p><h3 style=\"text-align: justify;\"><span style=\"color: #4c4f54;\">IVA<\/span><\/h3><p><span style=\"color: #4c4f54;\">Se deber\u00e1n presentar los siguientes modelos antes del 21 de diciembre:<\/span><\/p><ul><li><span style=\"color: #4c4f54;\"><strong>Modelo 303: <\/strong>noviembre 2015. Autoliquidaci\u00f3n<\/span><\/li><li><span style=\"color: #4c4f54;\"><strong>Modelo 322:<\/strong> noviembre 2015. Grupo de entidades, modelo individual.<\/span><\/li><li><span style=\"color: #4c4f54;\"><strong><strong>Modelo 340: <\/strong><\/strong>noviembre 2015. Declaraci\u00f3n de operaciones incluidas en los libros registro del IVA\u00a0e IGIC y otras operaciones.<\/span><\/li><li><span style=\"color: #4c4f54;\"><strong><strong>Modelo 349:\u00a0<\/strong><\/strong>noviembre 2015. Declaraci\u00f3n recapitulativa de operaciones intracomunitarias.<\/span><\/li><li><span style=\"color: #4c4f54;\"><strong>Modelo 353: <\/strong>noviembre 2015. Grupo de entidades, modelo agregado.<\/span><\/li><li><span style=\"color: #4c4f54;\"><strong>Modelo 380:<\/strong> noviembre 2015. Operaciones asimiladas a las importaciones.<\/span><\/li><\/ul><h3 style=\"text-align: justify;\"><span style=\"color: #4c4f54;\">Impuestos especiales de fabricaci\u00f3n<\/span><\/h3><p><span style=\"color: #4c4f54;\">Los modelos que se deber\u00e1n presentar en lo referente a los impuestos especiales de fabricaci\u00f3n son los siguientes:<\/span><\/p><ul><li><span style=\"color: #4c4f54;\"><strong>Modelos 553, 554, 555, 556, 557, 558: <\/strong>septiembre 2015. Grandes empresas.<\/span><\/li><li><span style=\"color: #4c4f54;\"><strong>Modelos 561, 562, 563:\u00a0<\/strong>septiembre 2015. Grandes empresas.<\/span><\/li><li><span style=\"color: #4c4f54;\"><strong>Modelo 560: <\/strong>noviembre 2015. Grandes empresas.<\/span><\/li><li><span style=\"color: #4c4f54;\"><strong>Modelos 548, 566, 581:\u00a0<\/strong>noviembre 2015.<\/span><\/li><li><span style=\"color: #4c4f54;\"><strong>Modelo 570, 580:\u00a0<\/strong>noviembre 2015.<\/span><\/li><\/ul><h2 style=\"text-align: justify;\"><span style=\"color: #4c4f54;\">Obligaciones fiscales: fecha l\u00edmite hasta el 31 de\u00a0diciembre<\/span><\/h2><h3 style=\"text-align: justify;\"><span style=\"color: #4c4f54;\">Renta<\/span><\/h3><p><span style=\"color: #4c4f54;\">El contribuyente tiene de fecha l\u00edmite hasta el 21 de diciembre para presentar la renuncia o revocaci\u00f3n estimaci\u00f3n directa simplificada y estimaci\u00f3n objetiva para 2016. Presentaci\u00f3n de los <strong>modelos 036\/037<\/strong>.<\/span><\/p><h3 style=\"text-align: justify;\"><span style=\"color: #4c4f54;\">IVA<\/span><\/h3><p><span style=\"color: #4c4f54;\">Se deber\u00e1n presentar los siguientes modelos:<\/span><\/p><ul><li><span style=\"color: #4c4f54;\"><strong>Modelo 036\/037<\/strong>: renuncia o revocaci\u00f3n reg\u00edmenes simplificado y agricultura, ganader\u00eda y pesca para 2016 y sucesivos.<\/span><\/li><li><span style=\"color: #4c4f54;\"><strong>Modelo 036<\/strong>: opci\u00f3n o revocaci\u00f3n por la determinaci\u00f3n de la base imponible mediante el margen de beneficio global en el r\u00e9gimen especial de los bienes usados, objetos de arte, antig\u00fcedades y objetos de colecci\u00f3n para 2016 y sucesivos.<\/span><\/li><li><span style=\"color: #4c4f54;\"><strong>Modelo 036<\/strong>: opci\u00f3n o revocaci\u00f3n por la determinaci\u00f3n global de la base imponible en el r\u00e9gimen especial de las agencias de viajes para 2016 y sucesivos.<\/span><\/li><li><span style=\"color: #4c4f54;\"><strong>Modelo 036<\/strong>: opci\u00f3n tributaci\u00f3n en destino ventas a distancia a otros pa\u00edses de la Uni\u00f3n Europea para 2016 y 2017.<\/span><\/li><li><span style=\"color: #4c4f54;\"><strong>Sin modelo<\/strong>: renuncia r\u00e9gimen de deducci\u00f3n com\u00fan para sectores diferenciados para 2016.<\/span><\/li><li><span style=\"color: #4c4f54;\"><strong>Modelo 039: <\/strong>comunicaci\u00f3n de alta en el r\u00e9gimen especial del grupo de entidades.<\/span><\/li><li><span style=\"color: #4c4f54;\"><strong>Modelo 039: <\/strong>opci\u00f3n o renuncia por la modalidad avanzada del r\u00e9gimen especial del grupo de entidades.<\/span><\/li><li><span style=\"color: #4c4f54;\"><strong>Modelo 039:\u00a0<\/strong>comunicaci\u00f3n anual relativa al r\u00e9gimen especial del grupo de entidades.<\/span><\/li><\/ul><p><iframe style=\"border: 1px solid #CCC; border-width: 1px; margin-bottom: 5px; max-width: 100%;\" src=\"\/\/www.slideshare.net\/slideshow\/embed_code\/key\/eOu2kwVrwSuts8\" width=\"572\" height=\"612\" frameborder=\"0\" marginwidth=\"0\" marginheight=\"0\" scrolling=\"no\" allowfullscreen=\"allowfullscreen\"> <\/iframe><\/p><div style=\"margin-bottom: 5px;\"><strong> <a title=\"Calendario del contribuyente 2015\" href=\"\/\/www.slideshare.net\/tugesto\/calendario-contribuyente2015tugesto\" target=\"_blank\" rel=\"noopener\">Calendario del contribuyente 2015<\/a> <\/strong> <span style=\"color: #4c4f54;\">from<\/span> <strong><a href=\"\/\/www.slideshare.net\/tugesto\" target=\"_blank\" rel=\"noopener\">tugesto<\/a><\/strong><\/div>\t\t\t\t\t\t\t\t<\/div>\n\t\t\t\t<\/div>\n\t\t\t\t\t<\/div>\n\t\t<\/div>\n\t\t\t\t\t<\/div>\n\t\t<\/section>\n\t\t\t\t<\/div>\n\t\t","protected":false},"excerpt":{"rendered":"<p>Estrenamos el \u00faltimo mes del a\u00f1o presentando\u00a0las obligaciones fiscales de diciembre 2015. Toma nota de las fechas l\u00edmite para entregar los modelos fiscales a un mes de terminar el a\u00f1o fiscal. Sigue nuestro Calendario General del Contribuyente para estar al tanto de la documentaci\u00f3n a presentar. Obligaciones fiscales: fecha l\u00edmite hasta el 21 de\u00a0diciembre Renta [&hellip;]<\/p>\n","protected":false},"author":8,"featured_media":1542,"comment_status":"open","ping_status":"open","sticky":false,"template":"","format":"image","meta":{"_eb_attr":"","content-type":"","footnotes":""},"categories":[14,10],"tags":[36,38],"ppma_author":[1494],"class_list":["post-1535","post","type-post","status-publish","format-image","has-post-thumbnail","hentry","category-contabilidad-y-fiscal","category-recursos","tag-autonomos","tag-pymes","post_format-post-format-image"],"yoast_head":"<!-- This site is optimized with the Yoast SEO plugin v26.8 - https:\/\/yoast.com\/product\/yoast-seo-wordpress\/ -->\n<title>Obligaciones fiscales diciembre 2015 | tugesto<\/title>\n<meta name=\"description\" content=\"Estrenamos el \u00faltimo mes del a\u00f1o presentando\u00a0las\u00a0obligaciones fiscales de 2015. Toma nota de las fechas para los modelos fiscales\" \/>\n<meta name=\"robots\" content=\"index, follow, max-snippet:-1, max-image-preview:large, max-video-preview:-1\" \/>\n<link rel=\"canonical\" href=\"https:\/\/tugesto.com\/blog\/obligaciones-fiscales-diciembre-2015\/\" \/>\n<meta property=\"og:locale\" content=\"es_ES\" \/>\n<meta property=\"og:type\" content=\"article\" \/>\n<meta property=\"og:title\" content=\"Obligaciones fiscales diciembre 2015 | tugesto\" \/>\n<meta property=\"og:description\" content=\"Estrenamos el \u00faltimo mes del a\u00f1o presentando\u00a0las\u00a0obligaciones fiscales de 2015. Toma nota de las fechas para los modelos fiscales\" \/>\n<meta property=\"og:url\" content=\"https:\/\/tugesto.com\/blog\/obligaciones-fiscales-diciembre-2015\/\" \/>\n<meta property=\"og:site_name\" content=\"Blog: \u00a1Aprende a emprender! | tugesto\" \/>\n<meta property=\"article:publisher\" content=\"https:\/\/www.facebook.com\/tugesto\/\" \/>\n<meta property=\"article:published_time\" content=\"2015-12-01T15:58:03+00:00\" \/>\n<meta property=\"article:modified_time\" content=\"2024-05-21T10:13:49+00:00\" \/>\n<meta property=\"og:image\" content=\"https:\/\/tugesto.com\/blog\/wp-content\/uploads\/2015\/12\/Obligaciones-fiscales_diciembre.jpg\" \/>\n\t<meta property=\"og:image:width\" content=\"600\" \/>\n\t<meta property=\"og:image:height\" content=\"349\" \/>\n\t<meta property=\"og:image:type\" content=\"image\/jpeg\" \/>\n<meta name=\"author\" content=\"Esteban Escribano\" \/>\n<meta name=\"twitter:card\" content=\"summary_large_image\" \/>\n<meta name=\"twitter:label1\" content=\"Escrito por\" \/>\n\t<meta name=\"twitter:data1\" content=\"Esteban Escribano\" \/>\n\t<meta name=\"twitter:label2\" content=\"Tiempo de lectura\" \/>\n\t<meta name=\"twitter:data2\" content=\"3 minutos\" \/>\n<script type=\"application\/ld+json\" class=\"yoast-schema-graph\">{\"@context\":\"https:\/\/schema.org\",\"@graph\":[{\"@type\":\"Article\",\"@id\":\"https:\/\/tugesto.com\/blog\/obligaciones-fiscales-diciembre-2015\/#article\",\"isPartOf\":{\"@id\":\"https:\/\/tugesto.com\/blog\/obligaciones-fiscales-diciembre-2015\/\"},\"author\":{\"name\":\"Esteban Escribano\",\"@id\":\"https:\/\/tugesto.com\/blog\/#\/schema\/person\/f210b25a9ff7b95404fdcd6d6e7d21e6\"},\"headline\":\"Obligaciones fiscales diciembre 2015\",\"datePublished\":\"2015-12-01T15:58:03+00:00\",\"dateModified\":\"2024-05-21T10:13:49+00:00\",\"mainEntityOfPage\":{\"@id\":\"https:\/\/tugesto.com\/blog\/obligaciones-fiscales-diciembre-2015\/\"},\"wordCount\":497,\"commentCount\":0,\"publisher\":{\"@id\":\"https:\/\/tugesto.com\/blog\/#organization\"},\"image\":{\"@id\":\"https:\/\/tugesto.com\/blog\/obligaciones-fiscales-diciembre-2015\/#primaryimage\"},\"thumbnailUrl\":\"https:\/\/tugesto.com\/blog\/wp-content\/uploads\/2015\/12\/Obligaciones-fiscales_diciembre.jpg\",\"keywords\":[\"aut\u00f3nomos\",\"pymes\"],\"articleSection\":[\"Contabilidad y Fiscal\",\"Recursos\"],\"inLanguage\":\"es\",\"potentialAction\":[{\"@type\":\"CommentAction\",\"name\":\"Comment\",\"target\":[\"https:\/\/tugesto.com\/blog\/obligaciones-fiscales-diciembre-2015\/#respond\"]}]},{\"@type\":\"WebPage\",\"@id\":\"https:\/\/tugesto.com\/blog\/obligaciones-fiscales-diciembre-2015\/\",\"url\":\"https:\/\/tugesto.com\/blog\/obligaciones-fiscales-diciembre-2015\/\",\"name\":\"Obligaciones fiscales diciembre 2015 | tugesto\",\"isPartOf\":{\"@id\":\"https:\/\/tugesto.com\/blog\/#website\"},\"primaryImageOfPage\":{\"@id\":\"https:\/\/tugesto.com\/blog\/obligaciones-fiscales-diciembre-2015\/#primaryimage\"},\"image\":{\"@id\":\"https:\/\/tugesto.com\/blog\/obligaciones-fiscales-diciembre-2015\/#primaryimage\"},\"thumbnailUrl\":\"https:\/\/tugesto.com\/blog\/wp-content\/uploads\/2015\/12\/Obligaciones-fiscales_diciembre.jpg\",\"datePublished\":\"2015-12-01T15:58:03+00:00\",\"dateModified\":\"2024-05-21T10:13:49+00:00\",\"description\":\"Estrenamos el \u00faltimo mes del a\u00f1o presentando\u00a0las\u00a0obligaciones fiscales de 2015. Toma nota de las fechas para los modelos fiscales\",\"breadcrumb\":{\"@id\":\"https:\/\/tugesto.com\/blog\/obligaciones-fiscales-diciembre-2015\/#breadcrumb\"},\"inLanguage\":\"es\",\"potentialAction\":[{\"@type\":\"ReadAction\",\"target\":[\"https:\/\/tugesto.com\/blog\/obligaciones-fiscales-diciembre-2015\/\"]}]},{\"@type\":\"ImageObject\",\"inLanguage\":\"es\",\"@id\":\"https:\/\/tugesto.com\/blog\/obligaciones-fiscales-diciembre-2015\/#primaryimage\",\"url\":\"https:\/\/tugesto.com\/blog\/wp-content\/uploads\/2015\/12\/Obligaciones-fiscales_diciembre.jpg\",\"contentUrl\":\"https:\/\/tugesto.com\/blog\/wp-content\/uploads\/2015\/12\/Obligaciones-fiscales_diciembre.jpg\",\"width\":600,\"height\":349,\"caption\":\"Conoce las obligaciones fiscales de diciembre de 2015\"},{\"@type\":\"BreadcrumbList\",\"@id\":\"https:\/\/tugesto.com\/blog\/obligaciones-fiscales-diciembre-2015\/#breadcrumb\",\"itemListElement\":[{\"@type\":\"ListItem\",\"position\":1,\"name\":\"Home\",\"item\":\"https:\/\/tugesto.com\/blog\/\"},{\"@type\":\"ListItem\",\"position\":2,\"name\":\"Contabilidad y Fiscal\",\"item\":\"https:\/\/tugesto.com\/blog\/category\/contabilidad-y-fiscal\/\"},{\"@type\":\"ListItem\",\"position\":3,\"name\":\"Obligaciones fiscales diciembre 2015\"}]},{\"@type\":\"WebSite\",\"@id\":\"https:\/\/tugesto.com\/blog\/#website\",\"url\":\"https:\/\/tugesto.com\/blog\/\",\"name\":\"Blog tugesto\",\"description\":\"\ud83d\udcda Blog especializado para aut\u00f3nomos y pymes. Encuentra semanalmente nuevos posts, recursos y gu\u00edas. La ayuda que necesitas para tu negocio.\",\"publisher\":{\"@id\":\"https:\/\/tugesto.com\/blog\/#organization\"},\"potentialAction\":[{\"@type\":\"SearchAction\",\"target\":{\"@type\":\"EntryPoint\",\"urlTemplate\":\"https:\/\/tugesto.com\/blog\/?s={search_term_string}\"},\"query-input\":{\"@type\":\"PropertyValueSpecification\",\"valueRequired\":true,\"valueName\":\"search_term_string\"}}],\"inLanguage\":\"es\"},{\"@type\":\"Organization\",\"@id\":\"https:\/\/tugesto.com\/blog\/#organization\",\"name\":\"tugesto\",\"url\":\"https:\/\/tugesto.com\/blog\/\",\"logo\":{\"@type\":\"ImageObject\",\"inLanguage\":\"es\",\"@id\":\"https:\/\/tugesto.com\/blog\/#\/schema\/logo\/image\/\",\"url\":\"https:\/\/tugesto.com\/blog\/wp-content\/uploads\/2019\/06\/logo_tugesto.png\",\"contentUrl\":\"https:\/\/tugesto.com\/blog\/wp-content\/uploads\/2019\/06\/logo_tugesto.png\",\"width\":190,\"height\":63,\"caption\":\"tugesto\"},\"image\":{\"@id\":\"https:\/\/tugesto.com\/blog\/#\/schema\/logo\/image\/\"},\"sameAs\":[\"https:\/\/www.facebook.com\/tugesto\/\",\"https:\/\/www.instagram.com\/tugesto_online\/\"]},{\"@type\":\"Person\",\"@id\":\"https:\/\/tugesto.com\/blog\/#\/schema\/person\/f210b25a9ff7b95404fdcd6d6e7d21e6\",\"name\":\"Esteban Escribano\",\"image\":{\"@type\":\"ImageObject\",\"inLanguage\":\"es\",\"@id\":\"https:\/\/tugesto.com\/blog\/#\/schema\/person\/image\/85c872baa50e8ebdd3625a327ee22292\",\"url\":\"https:\/\/tugesto.com\/blog\/wp-content\/uploads\/2024\/05\/esteban-escribano.png\",\"contentUrl\":\"https:\/\/tugesto.com\/blog\/wp-content\/uploads\/2024\/05\/esteban-escribano.png\",\"caption\":\"Esteban Escribano\"},\"description\":\"Responsable del departamento laboral\"}]}<\/script>\n<!-- \/ Yoast SEO plugin. -->","yoast_head_json":{"title":"Obligaciones fiscales diciembre 2015 | tugesto","description":"Estrenamos el \u00faltimo mes del a\u00f1o presentando\u00a0las\u00a0obligaciones fiscales de 2015. Toma nota de las fechas para los modelos fiscales","robots":{"index":"index","follow":"follow","max-snippet":"max-snippet:-1","max-image-preview":"max-image-preview:large","max-video-preview":"max-video-preview:-1"},"canonical":"https:\/\/tugesto.com\/blog\/obligaciones-fiscales-diciembre-2015\/","og_locale":"es_ES","og_type":"article","og_title":"Obligaciones fiscales diciembre 2015 | tugesto","og_description":"Estrenamos el \u00faltimo mes del a\u00f1o presentando\u00a0las\u00a0obligaciones fiscales de 2015. Toma nota de las fechas para los modelos fiscales","og_url":"https:\/\/tugesto.com\/blog\/obligaciones-fiscales-diciembre-2015\/","og_site_name":"Blog: \u00a1Aprende a emprender! | tugesto","article_publisher":"https:\/\/www.facebook.com\/tugesto\/","article_published_time":"2015-12-01T15:58:03+00:00","article_modified_time":"2024-05-21T10:13:49+00:00","og_image":[{"width":600,"height":349,"url":"https:\/\/tugesto.com\/blog\/wp-content\/uploads\/2015\/12\/Obligaciones-fiscales_diciembre.jpg","type":"image\/jpeg"}],"author":"Esteban Escribano","twitter_card":"summary_large_image","twitter_misc":{"Escrito por":"Esteban Escribano","Tiempo de lectura":"3 minutos"},"schema":{"@context":"https:\/\/schema.org","@graph":[{"@type":"Article","@id":"https:\/\/tugesto.com\/blog\/obligaciones-fiscales-diciembre-2015\/#article","isPartOf":{"@id":"https:\/\/tugesto.com\/blog\/obligaciones-fiscales-diciembre-2015\/"},"author":{"name":"Esteban Escribano","@id":"https:\/\/tugesto.com\/blog\/#\/schema\/person\/f210b25a9ff7b95404fdcd6d6e7d21e6"},"headline":"Obligaciones fiscales diciembre 2015","datePublished":"2015-12-01T15:58:03+00:00","dateModified":"2024-05-21T10:13:49+00:00","mainEntityOfPage":{"@id":"https:\/\/tugesto.com\/blog\/obligaciones-fiscales-diciembre-2015\/"},"wordCount":497,"commentCount":0,"publisher":{"@id":"https:\/\/tugesto.com\/blog\/#organization"},"image":{"@id":"https:\/\/tugesto.com\/blog\/obligaciones-fiscales-diciembre-2015\/#primaryimage"},"thumbnailUrl":"https:\/\/tugesto.com\/blog\/wp-content\/uploads\/2015\/12\/Obligaciones-fiscales_diciembre.jpg","keywords":["aut\u00f3nomos","pymes"],"articleSection":["Contabilidad y Fiscal","Recursos"],"inLanguage":"es","potentialAction":[{"@type":"CommentAction","name":"Comment","target":["https:\/\/tugesto.com\/blog\/obligaciones-fiscales-diciembre-2015\/#respond"]}]},{"@type":"WebPage","@id":"https:\/\/tugesto.com\/blog\/obligaciones-fiscales-diciembre-2015\/","url":"https:\/\/tugesto.com\/blog\/obligaciones-fiscales-diciembre-2015\/","name":"Obligaciones fiscales diciembre 2015 | tugesto","isPartOf":{"@id":"https:\/\/tugesto.com\/blog\/#website"},"primaryImageOfPage":{"@id":"https:\/\/tugesto.com\/blog\/obligaciones-fiscales-diciembre-2015\/#primaryimage"},"image":{"@id":"https:\/\/tugesto.com\/blog\/obligaciones-fiscales-diciembre-2015\/#primaryimage"},"thumbnailUrl":"https:\/\/tugesto.com\/blog\/wp-content\/uploads\/2015\/12\/Obligaciones-fiscales_diciembre.jpg","datePublished":"2015-12-01T15:58:03+00:00","dateModified":"2024-05-21T10:13:49+00:00","description":"Estrenamos el \u00faltimo mes del a\u00f1o presentando\u00a0las\u00a0obligaciones fiscales de 2015. Toma nota de las fechas para los modelos fiscales","breadcrumb":{"@id":"https:\/\/tugesto.com\/blog\/obligaciones-fiscales-diciembre-2015\/#breadcrumb"},"inLanguage":"es","potentialAction":[{"@type":"ReadAction","target":["https:\/\/tugesto.com\/blog\/obligaciones-fiscales-diciembre-2015\/"]}]},{"@type":"ImageObject","inLanguage":"es","@id":"https:\/\/tugesto.com\/blog\/obligaciones-fiscales-diciembre-2015\/#primaryimage","url":"https:\/\/tugesto.com\/blog\/wp-content\/uploads\/2015\/12\/Obligaciones-fiscales_diciembre.jpg","contentUrl":"https:\/\/tugesto.com\/blog\/wp-content\/uploads\/2015\/12\/Obligaciones-fiscales_diciembre.jpg","width":600,"height":349,"caption":"Conoce las obligaciones fiscales de diciembre de 2015"},{"@type":"BreadcrumbList","@id":"https:\/\/tugesto.com\/blog\/obligaciones-fiscales-diciembre-2015\/#breadcrumb","itemListElement":[{"@type":"ListItem","position":1,"name":"Home","item":"https:\/\/tugesto.com\/blog\/"},{"@type":"ListItem","position":2,"name":"Contabilidad y Fiscal","item":"https:\/\/tugesto.com\/blog\/category\/contabilidad-y-fiscal\/"},{"@type":"ListItem","position":3,"name":"Obligaciones fiscales diciembre 2015"}]},{"@type":"WebSite","@id":"https:\/\/tugesto.com\/blog\/#website","url":"https:\/\/tugesto.com\/blog\/","name":"Blog tugesto","description":"\ud83d\udcda Blog especializado para aut\u00f3nomos y pymes. Encuentra semanalmente nuevos posts, recursos y gu\u00edas. La ayuda que necesitas para tu negocio.","publisher":{"@id":"https:\/\/tugesto.com\/blog\/#organization"},"potentialAction":[{"@type":"SearchAction","target":{"@type":"EntryPoint","urlTemplate":"https:\/\/tugesto.com\/blog\/?s={search_term_string}"},"query-input":{"@type":"PropertyValueSpecification","valueRequired":true,"valueName":"search_term_string"}}],"inLanguage":"es"},{"@type":"Organization","@id":"https:\/\/tugesto.com\/blog\/#organization","name":"tugesto","url":"https:\/\/tugesto.com\/blog\/","logo":{"@type":"ImageObject","inLanguage":"es","@id":"https:\/\/tugesto.com\/blog\/#\/schema\/logo\/image\/","url":"https:\/\/tugesto.com\/blog\/wp-content\/uploads\/2019\/06\/logo_tugesto.png","contentUrl":"https:\/\/tugesto.com\/blog\/wp-content\/uploads\/2019\/06\/logo_tugesto.png","width":190,"height":63,"caption":"tugesto"},"image":{"@id":"https:\/\/tugesto.com\/blog\/#\/schema\/logo\/image\/"},"sameAs":["https:\/\/www.facebook.com\/tugesto\/","https:\/\/www.instagram.com\/tugesto_online\/"]},{"@type":"Person","@id":"https:\/\/tugesto.com\/blog\/#\/schema\/person\/f210b25a9ff7b95404fdcd6d6e7d21e6","name":"Esteban Escribano","image":{"@type":"ImageObject","inLanguage":"es","@id":"https:\/\/tugesto.com\/blog\/#\/schema\/person\/image\/85c872baa50e8ebdd3625a327ee22292","url":"https:\/\/tugesto.com\/blog\/wp-content\/uploads\/2024\/05\/esteban-escribano.png","contentUrl":"https:\/\/tugesto.com\/blog\/wp-content\/uploads\/2024\/05\/esteban-escribano.png","caption":"Esteban Escribano"},"description":"Responsable del departamento laboral"}]}},"authors":[{"term_id":1494,"user_id":8,"is_guest":0,"slug":"esteban-escribano","display_name":"Esteban Escribano","avatar_url":{"url":"https:\/\/tugesto.com\/blog\/wp-content\/uploads\/2024\/05\/esteban-escribano.png","url2x":"https:\/\/tugesto.com\/blog\/wp-content\/uploads\/2024\/05\/esteban-escribano.png"},"0":null,"1":"","2":"","3":"","4":"","5":"","6":"","7":"","8":""}],"_links":{"self":[{"href":"https:\/\/tugesto.com\/blog\/wp-json\/wp\/v2\/posts\/1535","targetHints":{"allow":["GET"]}}],"collection":[{"href":"https:\/\/tugesto.com\/blog\/wp-json\/wp\/v2\/posts"}],"about":[{"href":"https:\/\/tugesto.com\/blog\/wp-json\/wp\/v2\/types\/post"}],"author":[{"embeddable":true,"href":"https:\/\/tugesto.com\/blog\/wp-json\/wp\/v2\/users\/8"}],"replies":[{"embeddable":true,"href":"https:\/\/tugesto.com\/blog\/wp-json\/wp\/v2\/comments?post=1535"}],"version-history":[{"count":12,"href":"https:\/\/tugesto.com\/blog\/wp-json\/wp\/v2\/posts\/1535\/revisions"}],"predecessor-version":[{"id":35867,"href":"https:\/\/tugesto.com\/blog\/wp-json\/wp\/v2\/posts\/1535\/revisions\/35867"}],"wp:featuredmedia":[{"embeddable":true,"href":"https:\/\/tugesto.com\/blog\/wp-json\/wp\/v2\/media\/1542"}],"wp:attachment":[{"href":"https:\/\/tugesto.com\/blog\/wp-json\/wp\/v2\/media?parent=1535"}],"wp:term":[{"taxonomy":"category","embeddable":true,"href":"https:\/\/tugesto.com\/blog\/wp-json\/wp\/v2\/categories?post=1535"},{"taxonomy":"post_tag","embeddable":true,"href":"https:\/\/tugesto.com\/blog\/wp-json\/wp\/v2\/tags?post=1535"},{"taxonomy":"author","embeddable":true,"href":"https:\/\/tugesto.com\/blog\/wp-json\/wp\/v2\/ppma_author?post=1535"}],"curies":[{"name":"wp","href":"https:\/\/api.w.org\/{rel}","templated":true}]}}